{"id":37600,"date":"2017-11-03T19:00:13","date_gmt":"2017-11-03T22:00:13","guid":{"rendered":"http:\/\/patagoniambiental.com.ar\/info\/?p=37600"},"modified":"2017-11-03T16:30:25","modified_gmt":"2017-11-03T19:30:25","slug":"playa-union-planifica-obras-para-la-proxima-temporada-de-verano","status":"publish","type":"post","link":"https:\/\/patagoniambiental.com.ar\/info\/playa-union-planifica-obras-para-la-proxima-temporada-de-verano\/","title":{"rendered":"Playa Uni\u00f3n planifica obras para la pr\u00f3xima temporada de verano"},"content":{"rendered":"<div class=\"np_titulo\">\n<div id=\"main_body\" class=\"central no-item central_interior rawson,regionales\">\n<p id=\"title\">Playa Union.-Artero adelant\u00f3 que se pondr\u00e1n en valor y se convertir\u00e1n en un paseo costero las canchas de p\u00e1del actualmente en desuso.<\/p>\n<p><!--more--><\/p>\n<p>Y de manera paralela se trabaja en acciones de concientizaci\u00f3n ambiental para la pr\u00f3xima temporada de verano.<\/p>\n<\/div>\n<\/div>\n<div id=\"main_body\" class=\"central no-item central_interior rawson,regionales\">\n<div id=\"notas\">\n<div class=\"tapa_contenedort_imagen\">\n<div class=\"tapa_imagen\">\n<div class=\"videoWrapper\"><a class=\"imagenLink\" href=\"http:\/\/www.elchubut.com.ar\/nota\/2017-11-2-17-31-24-playa-union-planifica-obras-para-la-proxima-temporada-de-verano\" data-gallery=\"\"><img fetchpriority=\"high\" decoding=\"async\" class=\"panel_imagen alignleft\" src=\"http:\/\/pxb.cdn.elchubut.com.ar\/chubut\/112017\/1509654652599.jpg\" alt=\"\" width=\"682\" height=\"416\" \/><\/a><\/div>\n<div class=\"epigrafe\"><\/div>\n<\/div>\n<\/div>\n<div id=\"notapage_texto\" class=\"notapage_cuerpo\">\n<p>La intendenta Rossana Artero destac\u00f3 el importante trabajo de planificaci\u00f3n con obras y acciones ambientales para la pr\u00f3xima temporada de verano en Playa Uni\u00f3n, balneario con creciente afluencia de visitantes locales y turistas.<\/p>\n<p>Entre ellas, ratific\u00f3 que pr\u00f3ximamente la Municipalidad de Rawson iniciar\u00e1 trabajos para refaccionar el sector de las viejas canchas de p\u00e1del, hoy en desuso, en Playa Uni\u00f3n.<\/p>\n<p><em><strong>\u201cVamos a comenzar con la refacci\u00f3n de las canchas de p\u00e1del para hacer un paseo en el que se vea en el mar, al estilo plaza, para cambiar un poco la imagen de ese lugar<\/strong><\/em>\u201d, indic\u00f3 Artero al referirse a las obras que se har\u00e1n en el lugar, contiguo al Centro de Interpretaci\u00f3n de Aquavida y a la Biblioteca Popular \u201cAsencio Abeij\u00f3n\u201d.<\/p>\n<p>Cabe destacar que el espacio, ubicado en un lugar preferencial frente al mar, se encuentra en desuso y su puesta en valor es en respuesta a una necesidad del balneario y de una solicitud concreta de los vecinos.<\/p>\n<p>Para ello, la Secretar\u00eda de Obras y Servicios P\u00fablicos de la Municipalidad de Rawson realiza un concurso de precios para refuncionalizar y embellecer el sector. Se trata de una obra que se llevar\u00e1 adelante con fondos del\u00a0<strong>bono de endeudamiento provincial.<\/strong><\/p>\n<p>Los trabajos que se iniciar\u00e1n, dijo Artero, son parte de la planificaci\u00f3n que se lleva delante de la pr\u00f3xima temporada de verano en la que se prev\u00e9n realizar importantes esfuerzos para preservar la higiene y el medio ambiente.<\/p>\n<p>Artero mencion\u00f3 reuniones en este sentido que se llevan adelante con la secretaria de Producci\u00f3n y Medio Ambiente, Ana Amato, con quien convers\u00f3 sobre la implementaci\u00f3n de personal \u201cque est\u00e9 de manera permanente manteniendo la costa, en turnos de ma\u00f1ana y tarde, para que est\u00e9 linda y ordenada\u201d.<\/p>\n<p><img decoding=\"async\" src=\"https:\/\/attachment.outlook.office.net\/owa\/fmelchubut90.1@hotmail.com\/service.svc\/s\/GetAttachmentThumbnail?id=AQMkADAwATY3ZmYAZS1jYwBmZC1mZDNmLTAwAi0wMAoARgAAA7qGbo8SXZRCspAK69VEUW0HAM8bCN87TS1AhJRhxWFI1qwAAAIBDAAAAM8bCN87TS1AhJRhxWFI1qwAAddvlLcAAAABEgAQAFlPi23CSkoAS7xYYP2KkMFF&amp;thumbnailType=2&amp;X-OWA-CANARY=ixsbyAJ7KkOUMmlBEPT0aHBHAo4wItUY_-1GIIC4lnGo4_coa_ZGqOz5Ew514h2sQeGDf4YRf_Y.&amp;token=eyJ0eXAiOiJKV1QiLCJhbGciOiJSUzI1NiIsIng1dCI6ImVuaDlCSnJWUFU1aWpWMXFqWmpWLWZMMmJjbyJ9.eyJ2ZXIiOiJFeGNoYW5nZS5DYWxsYmFjay5WMSIsImFwcGN0eHNlbmRlciI6Ik93YURvd25sb2FkQDg0ZGY5ZTdmLWU5ZjYtNDBhZi1iNDM1LWFhYWFhYWFhYWFhYSIsImFwcGN0eCI6IntcIm1zZXhjaHByb3RcIjpcIm93YVwiLFwicHJpbWFyeXNpZFwiOlwiUy0xLTI4MjctNDI1OTgyLTM0MzkxOTc1MDNcIixcInB1aWRcIjpcIjE4Mjk1ODIxOTc4ODIxNzVcIixcIm9pZFwiOlwiMDAwNjdmZmUtY2NmZC1mZDNmLTAwMDAtMDAwMDAwMDAwMDAwXCIsXCJzY29wZVwiOlwiT3dhRG93bmxvYWRcIn0iLCJpc3MiOiIwMDAwMDAwMi0wMDAwLTBmZjEtY2UwMC0wMDAwMDAwMDAwMDBAODRkZjllN2YtZTlmNi00MGFmLWI0MzUtYWFhYWFhYWFhYWFhIiwiYXVkIjoiMDAwMDAwMDItMDAwMC0wZmYxLWNlMDAtMDAwMDAwMDAwMDAwL2F0dGFjaG1lbnQub3V0bG9vay5vZmZpY2UubmV0QDg0ZGY5ZTdmLWU5ZjYtNDBhZi1iNDM1LWFhYWFhYWFhYWFhYSIsImV4cCI6MTUwOTY1NTA3MiwibmJmIjoxNTA5NjU0NDcyfQ.Efp_Dp-U5KDROvpeA9g68FIjO93NkRJdz4KuHnz_TGRiw35xEP8oVNU80mVR78EknAWAgCVxM49IWpN2o294t90mRCDEz7dKFComUHT9-I2KbmGRa_udLJC-z_igeoLVQc5cPw6TmvX4wgRmKU7YMQgP4OOzZUVEAAXbqbDDEa8RfvPfbwM-OMXpdH-fbalzkiGrTwOCjiWmbaJ-59xHvQOyW4xBDEGQNf-FgsYzZ2ffQb2MfENgZIS6pWr6RJH_yfGRJOGTm1Ko9WYcnbiyu0IJG6vz2HEgfE4e0knQ8Er70axK2ufU45InWT2iylTwcOsPlwrsK1CG07o6-Gbe7A&amp;owa=outlook.live.com&amp;isc=1\" \/><\/p>\n<p>En este aspecto adelant\u00f3 adem\u00e1s que se contar\u00e1 con m\u00e1s tarros basura, adquiridos a trav\u00e9s del consorcio GIRSU, \u201cpara que la gente tenga disponibles los cestos para que pueda tirar la basura\u201d.<\/p>\n<p>A estas medidas se les suma la disposici\u00f3n del equipamiento con tractor, tambi\u00e9n a trav\u00e9s del GIRSU, con el cual se realiza una limpieza de residuos en toda la zona costera. Se trata de un tractor con un rodillo de grandes dimensiones que recoge residuos, en su mayor\u00eda de peque\u00f1o tama\u00f1o, que quedan en la arena. Esta maquinaria comenz\u00f3 a operar, con pruebas piloto, a comienzos de octubre.<\/p>\n<p>Adem\u00e1s, indic\u00f3, \u201c<em><strong>estamos trabajando fuertemente con el tema de las mascotas, sobre todo los perros en la costa, para hacer cumplir la ordenanza que proh\u00edbe que se pueda bajar a la costa con los perros; y en concientizar en general a los vecinos de Playa Uni\u00f3n sobre el cuidado del medio ambiente\u201d.<\/strong><\/em><\/p>\n<p><strong><em>\u201cVamos a pintar, a cambiar la carteler\u00eda que est\u00e1 obsoleta. Con los recursos que tenemos vamos a trabajar para que est\u00e9 linda antes del inicio de la temporada\u201d,\u00a0<\/em><\/strong>enfatiz\u00f3.<\/p>\n<p><em><strong>\u201cPlaya Uni\u00f3n es un lugar al que viene mucha gente de todo el Valle, de Trelew, de Gaiman, de 28 de Julio. La temporada pasada nos encontr\u00f3 muy sobre la fecha porque tuvimos algunos conflictos. Pero en esta temporada ya estamos dejando todo organizado para que la playa est\u00e9 linda\u201d,\u00a0<\/strong><\/em>finaliz\u00f3<br \/>\n.<\/p>\n<\/div>\n<\/div>\n<\/div>\n","protected":false},"excerpt":{"rendered":"<p>Playa Union.-Artero adelant\u00f3 que se pondr\u00e1n en valor y se convertir\u00e1n en un paseo costero las canchas de p\u00e1del actualmente [&hellip;]<\/p>\n","protected":false},"author":2,"featured_media":37601,"comment_status":"open","ping_status":"open","sticky":false,"template":"","format":"standard","meta":{"site-sidebar-layout":"default","site-content-layout":"","ast-site-content-layout":"default","site-content-style":"default","site-sidebar-style":"default","ast-global-header-display":"","ast-banner-title-visibility":"","ast-main-header-display":"","ast-hfb-above-header-display":"","ast-hfb-below-header-display":"","ast-hfb-mobile-header-display":"","site-post-title":"","ast-breadcrumbs-content":"","ast-featured-img":"","footer-sml-layout":"","ast-disable-related-posts":"","theme-transparent-header-meta":"","adv-header-id-meta":"","stick-header-meta":"","header-above-stick-meta":"","header-main-stick-meta":"","header-below-stick-meta":"","astra-migrate-meta-layouts":"default","ast-page-background-enabled":"default","ast-page-background-meta":{"desktop":{"background-color":"var(--ast-global-color-5)","background-image":"","background-repeat":"repeat","background-position":"center center","background-size":"auto","background-attachment":"scroll","background-type":"","background-media":"","overlay-type":"","overlay-color":"","overlay-opacity":"","overlay-gradient":""},"tablet":{"background-color":"","background-image":"","background-repeat":"repeat","background-position":"center center","background-size":"auto","background-attachment":"scroll","background-type":"","background-media":"","overlay-type":"","overlay-color":"","overlay-opacity":"","overlay-gradient":""},"mobile":{"background-color":"","background-image":"","background-repeat":"repeat","background-position":"center center","background-size":"auto","background-attachment":"scroll","background-type":"","background-media":"","overlay-type":"","overlay-color":"","overlay-opacity":"","overlay-gradient":""}},"ast-content-background-meta":{"desktop":{"background-color":"var(--ast-global-color-4)","background-image":"","background-repeat":"repeat","background-position":"center center","background-size":"auto","background-attachment":"scroll","background-type":"","background-media":"","overlay-type":"","overlay-color":"","overlay-opacity":"","overlay-gradient":""},"tablet":{"background-color":"var(--ast-global-color-4)","background-image":"","background-repeat":"repeat","background-position":"center center","background-size":"auto","background-attachment":"scroll","background-type":"","background-media":"","overlay-type":"","overlay-color":"","overlay-opacity":"","overlay-gradient":""},"mobile":{"background-color":"var(--ast-global-color-4)","background-image":"","background-repeat":"repeat","background-position":"center center","background-size":"auto","background-attachment":"scroll","background-type":"","background-media":"","overlay-type":"","overlay-color":"","overlay-opacity":"","overlay-gradient":""}},"footnotes":""},"categories":[26,1,13],"tags":[],"class_list":["post-37600","post","type-post","status-publish","format-standard","has-post-thumbnail","hentry","category-chubut","category-noticias","category-provinciales"],"yoast_head":"<!-- This site is optimized with the Yoast SEO Premium plugin v23.0 (Yoast SEO v27.5) - https:\/\/yoast.com\/product\/yoast-seo-premium-wordpress\/ -->\n<title>Playa Uni\u00f3n planifica obras para la pr\u00f3xima temporada de verano<\/title>\n<meta name=\"robots\" content=\"index, follow, max-snippet:-1, max-image-preview:large, max-video-preview:-1\" \/>\n<link rel=\"canonical\" href=\"https:\/\/patagoniambiental.com.ar\/info\/playa-union-planifica-obras-para-la-proxima-temporada-de-verano\/\" \/>\n<meta property=\"og:locale\" content=\"es_ES\" \/>\n<meta property=\"og:type\" content=\"article\" \/>\n<meta property=\"og:title\" content=\"Playa Uni\u00f3n planifica obras para la pr\u00f3xima temporada de verano\" \/>\n<meta property=\"og:description\" content=\"Playa Union.-Artero adelant\u00f3 que se pondr\u00e1n en valor y se convertir\u00e1n en un paseo costero las canchas de p\u00e1del actualmente [&hellip;]\" \/>\n<meta property=\"og:url\" content=\"https:\/\/patagoniambiental.com.ar\/info\/playa-union-planifica-obras-para-la-proxima-temporada-de-verano\/\" \/>\n<meta property=\"og:site_name\" content=\"Patagonia Ambiental\" \/>\n<meta property=\"article:publisher\" content=\"https:\/\/www.facebook.com\/patagonia.ambiental\" \/>\n<meta property=\"article:author\" content=\"https:\/\/www.facebook.com\/share\/1C1V8Gv9BX\/?mibextid=qi2Omg\" \/>\n<meta property=\"article:published_time\" content=\"2017-11-03T22:00:13+00:00\" \/>\n<meta property=\"og:image\" content=\"https:\/\/patagoniambiental.com.ar\/info\/wp-content\/uploads\/2017\/11\/1509654652599.jpg\" \/>\n\t<meta property=\"og:image:width\" content=\"682\" \/>\n\t<meta property=\"og:image:height\" content=\"416\" \/>\n\t<meta property=\"og:image:type\" content=\"image\/jpeg\" \/>\n<meta name=\"author\" content=\"Patagonia Ambiental\" \/>\n<meta name=\"twitter:card\" content=\"summary_large_image\" \/>\n<meta name=\"twitter:creator\" content=\"@PatAmb\" \/>\n<meta name=\"twitter:site\" content=\"@PatAmb\" \/>\n<script type=\"application\/ld+json\" class=\"yoast-schema-graph\">{\"@context\":\"https:\\\/\\\/schema.org\",\"@graph\":[{\"@type\":\"Article\",\"@id\":\"https:\\\/\\\/patagoniambiental.com.ar\\\/info\\\/playa-union-planifica-obras-para-la-proxima-temporada-de-verano\\\/#article\",\"isPartOf\":{\"@id\":\"https:\\\/\\\/patagoniambiental.com.ar\\\/info\\\/playa-union-planifica-obras-para-la-proxima-temporada-de-verano\\\/\"},\"author\":{\"name\":\"Patagonia Ambiental\",\"@id\":\"https:\\\/\\\/patagoniambiental.com.ar\\\/info\\\/#\\\/schema\\\/person\\\/db12bff64bbcbf6a253710bf0ea37b5d\"},\"headline\":\"Playa Uni\u00f3n planifica obras para la pr\u00f3xima temporada de verano\",\"datePublished\":\"2017-11-03T22:00:13+00:00\",\"mainEntityOfPage\":{\"@id\":\"https:\\\/\\\/patagoniambiental.com.ar\\\/info\\\/playa-union-planifica-obras-para-la-proxima-temporada-de-verano\\\/\"},\"wordCount\":609,\"commentCount\":0,\"publisher\":{\"@id\":\"https:\\\/\\\/patagoniambiental.com.ar\\\/info\\\/#organization\"},\"image\":{\"@id\":\"https:\\\/\\\/patagoniambiental.com.ar\\\/info\\\/playa-union-planifica-obras-para-la-proxima-temporada-de-verano\\\/#primaryimage\"},\"thumbnailUrl\":\"https:\\\/\\\/patagoniambiental.com.ar\\\/info\\\/wp-content\\\/uploads\\\/2017\\\/11\\\/1509654652599.jpg\",\"articleSection\":[\"Chubut\",\"Noticias\",\"Provinciales\"],\"inLanguage\":\"es\",\"potentialAction\":[{\"@type\":\"CommentAction\",\"name\":\"Comment\",\"target\":[\"https:\\\/\\\/patagoniambiental.com.ar\\\/info\\\/playa-union-planifica-obras-para-la-proxima-temporada-de-verano\\\/#respond\"]}]},{\"@type\":\"WebPage\",\"@id\":\"https:\\\/\\\/patagoniambiental.com.ar\\\/info\\\/playa-union-planifica-obras-para-la-proxima-temporada-de-verano\\\/\",\"url\":\"https:\\\/\\\/patagoniambiental.com.ar\\\/info\\\/playa-union-planifica-obras-para-la-proxima-temporada-de-verano\\\/\",\"name\":\"Playa Uni\u00f3n planifica obras para la pr\u00f3xima temporada de verano\",\"isPartOf\":{\"@id\":\"https:\\\/\\\/patagoniambiental.com.ar\\\/info\\\/#website\"},\"primaryImageOfPage\":{\"@id\":\"https:\\\/\\\/patagoniambiental.com.ar\\\/info\\\/playa-union-planifica-obras-para-la-proxima-temporada-de-verano\\\/#primaryimage\"},\"image\":{\"@id\":\"https:\\\/\\\/patagoniambiental.com.ar\\\/info\\\/playa-union-planifica-obras-para-la-proxima-temporada-de-verano\\\/#primaryimage\"},\"thumbnailUrl\":\"https:\\\/\\\/patagoniambiental.com.ar\\\/info\\\/wp-content\\\/uploads\\\/2017\\\/11\\\/1509654652599.jpg\",\"datePublished\":\"2017-11-03T22:00:13+00:00\",\"breadcrumb\":{\"@id\":\"https:\\\/\\\/patagoniambiental.com.ar\\\/info\\\/playa-union-planifica-obras-para-la-proxima-temporada-de-verano\\\/#breadcrumb\"},\"inLanguage\":\"es\",\"potentialAction\":[{\"@type\":\"ReadAction\",\"target\":[\"https:\\\/\\\/patagoniambiental.com.ar\\\/info\\\/playa-union-planifica-obras-para-la-proxima-temporada-de-verano\\\/\"]}]},{\"@type\":\"ImageObject\",\"inLanguage\":\"es\",\"@id\":\"https:\\\/\\\/patagoniambiental.com.ar\\\/info\\\/playa-union-planifica-obras-para-la-proxima-temporada-de-verano\\\/#primaryimage\",\"url\":\"https:\\\/\\\/patagoniambiental.com.ar\\\/info\\\/wp-content\\\/uploads\\\/2017\\\/11\\\/1509654652599.jpg\",\"contentUrl\":\"https:\\\/\\\/patagoniambiental.com.ar\\\/info\\\/wp-content\\\/uploads\\\/2017\\\/11\\\/1509654652599.jpg\",\"width\":682,\"height\":416},{\"@type\":\"BreadcrumbList\",\"@id\":\"https:\\\/\\\/patagoniambiental.com.ar\\\/info\\\/playa-union-planifica-obras-para-la-proxima-temporada-de-verano\\\/#breadcrumb\",\"itemListElement\":[{\"@type\":\"ListItem\",\"position\":1,\"name\":\"Inicio\",\"item\":\"https:\\\/\\\/patagoniambiental.com.ar\\\/info\\\/\"},{\"@type\":\"ListItem\",\"position\":2,\"name\":\"Playa Uni\u00f3n planifica obras para la pr\u00f3xima temporada de verano\"}]},{\"@type\":\"WebSite\",\"@id\":\"https:\\\/\\\/patagoniambiental.com.ar\\\/info\\\/#website\",\"url\":\"https:\\\/\\\/patagoniambiental.com.ar\\\/info\\\/\",\"name\":\"Patagonia Ambiental\",\"description\":\"Monitoreo y an\u00e1lisis de la situaci\u00f3n geopol\u00edtica en el mundo y su implicancia en la Patagonia\",\"publisher\":{\"@id\":\"https:\\\/\\\/patagoniambiental.com.ar\\\/info\\\/#organization\"},\"potentialAction\":[{\"@type\":\"SearchAction\",\"target\":{\"@type\":\"EntryPoint\",\"urlTemplate\":\"https:\\\/\\\/patagoniambiental.com.ar\\\/info\\\/?s={search_term_string}\"},\"query-input\":{\"@type\":\"PropertyValueSpecification\",\"valueRequired\":true,\"valueName\":\"search_term_string\"}}],\"inLanguage\":\"es\"},{\"@type\":\"Organization\",\"@id\":\"https:\\\/\\\/patagoniambiental.com.ar\\\/info\\\/#organization\",\"name\":\"Patagonia Ambiental\",\"url\":\"https:\\\/\\\/patagoniambiental.com.ar\\\/info\\\/\",\"logo\":{\"@type\":\"ImageObject\",\"inLanguage\":\"es\",\"@id\":\"https:\\\/\\\/patagoniambiental.com.ar\\\/info\\\/#\\\/schema\\\/logo\\\/image\\\/\",\"url\":\"https:\\\/\\\/patagoniambiental.com.ar\\\/info\\\/wp-content\\\/uploads\\\/2025\\\/05\\\/LOGO-PATAGONIA-AMBIENTAL.png\",\"contentUrl\":\"https:\\\/\\\/patagoniambiental.com.ar\\\/info\\\/wp-content\\\/uploads\\\/2025\\\/05\\\/LOGO-PATAGONIA-AMBIENTAL.png\",\"width\":433,\"height\":250,\"caption\":\"Patagonia Ambiental\"},\"image\":{\"@id\":\"https:\\\/\\\/patagoniambiental.com.ar\\\/info\\\/#\\\/schema\\\/logo\\\/image\\\/\"},\"sameAs\":[\"https:\\\/\\\/www.facebook.com\\\/patagonia.ambiental\",\"https:\\\/\\\/x.com\\\/PatAmb\"]},{\"@type\":\"Person\",\"@id\":\"https:\\\/\\\/patagoniambiental.com.ar\\\/info\\\/#\\\/schema\\\/person\\\/db12bff64bbcbf6a253710bf0ea37b5d\",\"name\":\"Patagonia Ambiental\",\"description\":\"Andr\u00e9s Nievas T\u00e9cnico en manejo ambiental, consultor Ambiental y escritor para medios locales e internacionales sobre temas de geopolitica y medio ambiente.\",\"sameAs\":[\"http:\\\/\\\/www.patagoniambiental.com.ar\",\"https:\\\/\\\/www.facebook.com\\\/share\\\/1C1V8Gv9BX\\\/?mibextid=qi2Omg\",\"@patagoniambiental\",\"https:\\\/\\\/youtube.com\\\/@patagoniaambiental2023?si=BLt58t0wuXquxlYZ\"]}]}<\/script>\n<!-- \/ Yoast SEO Premium plugin. -->","yoast_head_json":{"title":"Playa Uni\u00f3n planifica obras para la pr\u00f3xima temporada de verano","robots":{"index":"index","follow":"follow","max-snippet":"max-snippet:-1","max-image-preview":"max-image-preview:large","max-video-preview":"max-video-preview:-1"},"canonical":"https:\/\/patagoniambiental.com.ar\/info\/playa-union-planifica-obras-para-la-proxima-temporada-de-verano\/","og_locale":"es_ES","og_type":"article","og_title":"Playa Uni\u00f3n planifica obras para la pr\u00f3xima temporada de verano","og_description":"Playa Union.-Artero adelant\u00f3 que se pondr\u00e1n en valor y se convertir\u00e1n en un paseo costero las canchas de p\u00e1del actualmente [&hellip;]","og_url":"https:\/\/patagoniambiental.com.ar\/info\/playa-union-planifica-obras-para-la-proxima-temporada-de-verano\/","og_site_name":"Patagonia Ambiental","article_publisher":"https:\/\/www.facebook.com\/patagonia.ambiental","article_author":"https:\/\/www.facebook.com\/share\/1C1V8Gv9BX\/?mibextid=qi2Omg","article_published_time":"2017-11-03T22:00:13+00:00","og_image":[{"width":682,"height":416,"url":"https:\/\/patagoniambiental.com.ar\/info\/wp-content\/uploads\/2017\/11\/1509654652599.jpg","type":"image\/jpeg"}],"author":"Patagonia Ambiental","twitter_card":"summary_large_image","twitter_creator":"@PatAmb","twitter_site":"@PatAmb","schema":{"@context":"https:\/\/schema.org","@graph":[{"@type":"Article","@id":"https:\/\/patagoniambiental.com.ar\/info\/playa-union-planifica-obras-para-la-proxima-temporada-de-verano\/#article","isPartOf":{"@id":"https:\/\/patagoniambiental.com.ar\/info\/playa-union-planifica-obras-para-la-proxima-temporada-de-verano\/"},"author":{"name":"Patagonia Ambiental","@id":"https:\/\/patagoniambiental.com.ar\/info\/#\/schema\/person\/db12bff64bbcbf6a253710bf0ea37b5d"},"headline":"Playa Uni\u00f3n planifica obras para la pr\u00f3xima temporada de verano","datePublished":"2017-11-03T22:00:13+00:00","mainEntityOfPage":{"@id":"https:\/\/patagoniambiental.com.ar\/info\/playa-union-planifica-obras-para-la-proxima-temporada-de-verano\/"},"wordCount":609,"commentCount":0,"publisher":{"@id":"https:\/\/patagoniambiental.com.ar\/info\/#organization"},"image":{"@id":"https:\/\/patagoniambiental.com.ar\/info\/playa-union-planifica-obras-para-la-proxima-temporada-de-verano\/#primaryimage"},"thumbnailUrl":"https:\/\/patagoniambiental.com.ar\/info\/wp-content\/uploads\/2017\/11\/1509654652599.jpg","articleSection":["Chubut","Noticias","Provinciales"],"inLanguage":"es","potentialAction":[{"@type":"CommentAction","name":"Comment","target":["https:\/\/patagoniambiental.com.ar\/info\/playa-union-planifica-obras-para-la-proxima-temporada-de-verano\/#respond"]}]},{"@type":"WebPage","@id":"https:\/\/patagoniambiental.com.ar\/info\/playa-union-planifica-obras-para-la-proxima-temporada-de-verano\/","url":"https:\/\/patagoniambiental.com.ar\/info\/playa-union-planifica-obras-para-la-proxima-temporada-de-verano\/","name":"Playa Uni\u00f3n planifica obras para la pr\u00f3xima temporada de verano","isPartOf":{"@id":"https:\/\/patagoniambiental.com.ar\/info\/#website"},"primaryImageOfPage":{"@id":"https:\/\/patagoniambiental.com.ar\/info\/playa-union-planifica-obras-para-la-proxima-temporada-de-verano\/#primaryimage"},"image":{"@id":"https:\/\/patagoniambiental.com.ar\/info\/playa-union-planifica-obras-para-la-proxima-temporada-de-verano\/#primaryimage"},"thumbnailUrl":"https:\/\/patagoniambiental.com.ar\/info\/wp-content\/uploads\/2017\/11\/1509654652599.jpg","datePublished":"2017-11-03T22:00:13+00:00","breadcrumb":{"@id":"https:\/\/patagoniambiental.com.ar\/info\/playa-union-planifica-obras-para-la-proxima-temporada-de-verano\/#breadcrumb"},"inLanguage":"es","potentialAction":[{"@type":"ReadAction","target":["https:\/\/patagoniambiental.com.ar\/info\/playa-union-planifica-obras-para-la-proxima-temporada-de-verano\/"]}]},{"@type":"ImageObject","inLanguage":"es","@id":"https:\/\/patagoniambiental.com.ar\/info\/playa-union-planifica-obras-para-la-proxima-temporada-de-verano\/#primaryimage","url":"https:\/\/patagoniambiental.com.ar\/info\/wp-content\/uploads\/2017\/11\/1509654652599.jpg","contentUrl":"https:\/\/patagoniambiental.com.ar\/info\/wp-content\/uploads\/2017\/11\/1509654652599.jpg","width":682,"height":416},{"@type":"BreadcrumbList","@id":"https:\/\/patagoniambiental.com.ar\/info\/playa-union-planifica-obras-para-la-proxima-temporada-de-verano\/#breadcrumb","itemListElement":[{"@type":"ListItem","position":1,"name":"Inicio","item":"https:\/\/patagoniambiental.com.ar\/info\/"},{"@type":"ListItem","position":2,"name":"Playa Uni\u00f3n planifica obras para la pr\u00f3xima temporada de verano"}]},{"@type":"WebSite","@id":"https:\/\/patagoniambiental.com.ar\/info\/#website","url":"https:\/\/patagoniambiental.com.ar\/info\/","name":"Patagonia Ambiental","description":"Monitoreo y an\u00e1lisis de la situaci\u00f3n geopol\u00edtica en el mundo y su implicancia en la Patagonia","publisher":{"@id":"https:\/\/patagoniambiental.com.ar\/info\/#organization"},"potentialAction":[{"@type":"SearchAction","target":{"@type":"EntryPoint","urlTemplate":"https:\/\/patagoniambiental.com.ar\/info\/?s={search_term_string}"},"query-input":{"@type":"PropertyValueSpecification","valueRequired":true,"valueName":"search_term_string"}}],"inLanguage":"es"},{"@type":"Organization","@id":"https:\/\/patagoniambiental.com.ar\/info\/#organization","name":"Patagonia Ambiental","url":"https:\/\/patagoniambiental.com.ar\/info\/","logo":{"@type":"ImageObject","inLanguage":"es","@id":"https:\/\/patagoniambiental.com.ar\/info\/#\/schema\/logo\/image\/","url":"https:\/\/patagoniambiental.com.ar\/info\/wp-content\/uploads\/2025\/05\/LOGO-PATAGONIA-AMBIENTAL.png","contentUrl":"https:\/\/patagoniambiental.com.ar\/info\/wp-content\/uploads\/2025\/05\/LOGO-PATAGONIA-AMBIENTAL.png","width":433,"height":250,"caption":"Patagonia Ambiental"},"image":{"@id":"https:\/\/patagoniambiental.com.ar\/info\/#\/schema\/logo\/image\/"},"sameAs":["https:\/\/www.facebook.com\/patagonia.ambiental","https:\/\/x.com\/PatAmb"]},{"@type":"Person","@id":"https:\/\/patagoniambiental.com.ar\/info\/#\/schema\/person\/db12bff64bbcbf6a253710bf0ea37b5d","name":"Patagonia Ambiental","description":"Andr\u00e9s Nievas T\u00e9cnico en manejo ambiental, consultor Ambiental y escritor para medios locales e internacionales sobre temas de geopolitica y medio ambiente.","sameAs":["http:\/\/www.patagoniambiental.com.ar","https:\/\/www.facebook.com\/share\/1C1V8Gv9BX\/?mibextid=qi2Omg","@patagoniambiental","https:\/\/youtube.com\/@patagoniaambiental2023?si=BLt58t0wuXquxlYZ"]}]}},"_links":{"self":[{"href":"https:\/\/patagoniambiental.com.ar\/info\/wp-json\/wp\/v2\/posts\/37600","targetHints":{"allow":["GET"]}}],"collection":[{"href":"https:\/\/patagoniambiental.com.ar\/info\/wp-json\/wp\/v2\/posts"}],"about":[{"href":"https:\/\/patagoniambiental.com.ar\/info\/wp-json\/wp\/v2\/types\/post"}],"author":[{"embeddable":true,"href":"https:\/\/patagoniambiental.com.ar\/info\/wp-json\/wp\/v2\/users\/2"}],"replies":[{"embeddable":true,"href":"https:\/\/patagoniambiental.com.ar\/info\/wp-json\/wp\/v2\/comments?post=37600"}],"version-history":[{"count":0,"href":"https:\/\/patagoniambiental.com.ar\/info\/wp-json\/wp\/v2\/posts\/37600\/revisions"}],"wp:featuredmedia":[{"embeddable":true,"href":"https:\/\/patagoniambiental.com.ar\/info\/wp-json\/wp\/v2\/media\/37601"}],"wp:attachment":[{"href":"https:\/\/patagoniambiental.com.ar\/info\/wp-json\/wp\/v2\/media?parent=37600"}],"wp:term":[{"taxonomy":"category","embeddable":true,"href":"https:\/\/patagoniambiental.com.ar\/info\/wp-json\/wp\/v2\/categories?post=37600"},{"taxonomy":"post_tag","embeddable":true,"href":"https:\/\/patagoniambiental.com.ar\/info\/wp-json\/wp\/v2\/tags?post=37600"}],"curies":[{"name":"wp","href":"https:\/\/api.w.org\/{rel}","templated":true}]}}