{"id":37609,"date":"2017-11-04T19:00:21","date_gmt":"2017-11-04T22:00:21","guid":{"rendered":"http:\/\/patagoniambiental.com.ar\/info\/?p=37609"},"modified":"2017-11-03T16:46:00","modified_gmt":"2017-11-03T19:46:00","slug":"el-gobernador-gutierrez-viaja-a-estados-unidos-para-atraer-inversiones","status":"publish","type":"post","link":"https:\/\/patagoniambiental.com.ar\/info\/el-gobernador-gutierrez-viaja-a-estados-unidos-para-atraer-inversiones\/","title":{"rendered":"El gobernador Guti\u00e9rrez viaja a Estados Unidos para atraer inversiones"},"content":{"rendered":"<p><em>Neuqu\u00e9n.-Se reunir\u00e1 con empresarios del sector financiero e hidrocarbur\u00edfero. Estar\u00e1 en Nueva York y Naples, Florida. Viajar\u00e1 acompa\u00f1ado por el presidente de GyP, Alberto Saggese.<\/em><\/p>\n<p><!--more--><\/p>\n<p>El gobernador Omar Guti\u00e9rrez iniciar\u00e1 una gira de trabajo en Estados Unidos, donde disertar\u00e1 ante el Consejo de las Am\u00e9ricas en Nueva York y se reunir\u00e1 con empresas hidrocarbur\u00edferas y del sector financiero, a las que se les ofrecer\u00e1 invertir en la provincia, en particular en los 52 bloques que posee la empresa Gas y Petr\u00f3leo del Neuqu\u00e9n (GyP). Compartir\u00e1 parte de la gira con el presidente Mauricio Macri.<\/p>\n<p>El mandatario estar\u00e1 la semana pr\u00f3xima en las ciudades de New York y Naples, en Florida. Viajar\u00e1 acompa\u00f1ado por el presidente de GyP, Alberto Saggese.<\/p>\n<p>El lunes 6 mantendr\u00e1 encuentros de trabajo en New York con fondos de inversi\u00f3n, mientras que el martes 7 disertar\u00e1 ante el Council of Americas (Consejo de las Am\u00e9ricas), un espacio \u201cque es utilizado por Argentina como puerta de ingreso para canalizar las inversiones que llegan al pa\u00eds\u201d, explic\u00f3 el mandatario.<\/p>\n<p>\u201cNeuqu\u00e9n es la provincia que m\u00e1s inversiones est\u00e1 recibiendo, fruto de la seguridad pol\u00edtica, econ\u00f3mica y jur\u00eddica, y de fortalecer lo que los neuquinos han defendido, que es un proyecto provincial que conduzca Neuqu\u00e9n\u201d, agreg\u00f3.<\/p>\n<p>La jornada del martes se abrir\u00e1 con la disertaci\u00f3n del presidente del Banco Central de la Rep\u00fablica Argentina, Federico Sturzenegger. Luego, en su disertaci\u00f3n, Guti\u00e9rrez presentar\u00e1 \u201ccomo hacemos habitualmente, el avance y las perspectivas que estamos en condiciones de ofrecer a los inversores\u201d, explic\u00f3.<\/p>\n<p>El presidente Macri se sumar\u00e1 el martes al almuerzo que la delegaci\u00f3n argentina compartir\u00e1 con los integrantes del Consejo.<\/p>\n<p>Por la tarde de esa misma jornada, el mandatario neuquino mantendr\u00e1 un encuentro con directivos de las empresas hidrocarbur\u00edferas Exxon Mobile y Pampa Energ\u00eda.<\/p>\n<p>El mi\u00e9rcoles Guti\u00e9rrez viajar\u00e1 hasta Naples, donde el jueves participar\u00e1 y expondr\u00e1 en el encuentro anual de la Independent Petroleum Association of America (IPAA).<\/p>\n<p>\u201cAl igual que el a\u00f1o pasado me volver\u00e1 a acompa\u00f1ar Alberto Saggese, para presentar los 52 bloques que GyP tiene para ofrecer a los inversores\u201d, indic\u00f3 el gobernador.<\/p>\n<p>Fuente: Neuqu\u00e9n Informa<\/p>\n","protected":false},"excerpt":{"rendered":"<p>Neuqu\u00e9n.-Se reunir\u00e1 con empresarios del sector financiero e hidrocarbur\u00edfero. Estar\u00e1 en Nueva York y Naples, Florida. Viajar\u00e1 acompa\u00f1ado por el [&hellip;]<\/p>\n","protected":false},"author":2,"featured_media":37610,"comment_status":"open","ping_status":"open","sticky":false,"template":"","format":"standard","meta":{"site-sidebar-layout":"default","site-content-layout":"","ast-site-content-layout":"default","site-content-style":"default","site-sidebar-style":"default","ast-global-header-display":"","ast-banner-title-visibility":"","ast-main-header-display":"","ast-hfb-above-header-display":"","ast-hfb-below-header-display":"","ast-hfb-mobile-header-display":"","site-post-title":"","ast-breadcrumbs-content":"","ast-featured-img":"","footer-sml-layout":"","ast-disable-related-posts":"","theme-transparent-header-meta":"","adv-header-id-meta":"","stick-header-meta":"","header-above-stick-meta":"","header-main-stick-meta":"","header-below-stick-meta":"","astra-migrate-meta-layouts":"default","ast-page-background-enabled":"default","ast-page-background-meta":{"desktop":{"background-color":"var(--ast-global-color-5)","background-image":"","background-repeat":"repeat","background-position":"center center","background-size":"auto","background-attachment":"scroll","background-type":"","background-media":"","overlay-type":"","overlay-color":"","overlay-opacity":"","overlay-gradient":""},"tablet":{"background-color":"","background-image":"","background-repeat":"repeat","background-position":"center center","background-size":"auto","background-attachment":"scroll","background-type":"","background-media":"","overlay-type":"","overlay-color":"","overlay-opacity":"","overlay-gradient":""},"mobile":{"background-color":"","background-image":"","background-repeat":"repeat","background-position":"center center","background-size":"auto","background-attachment":"scroll","background-type":"","background-media":"","overlay-type":"","overlay-color":"","overlay-opacity":"","overlay-gradient":""}},"ast-content-background-meta":{"desktop":{"background-color":"var(--ast-global-color-4)","background-image":"","background-repeat":"repeat","background-position":"center center","background-size":"auto","background-attachment":"scroll","background-type":"","background-media":"","overlay-type":"","overlay-color":"","overlay-opacity":"","overlay-gradient":""},"tablet":{"background-color":"var(--ast-global-color-4)","background-image":"","background-repeat":"repeat","background-position":"center center","background-size":"auto","background-attachment":"scroll","background-type":"","background-media":"","overlay-type":"","overlay-color":"","overlay-opacity":"","overlay-gradient":""},"mobile":{"background-color":"var(--ast-global-color-4)","background-image":"","background-repeat":"repeat","background-position":"center center","background-size":"auto","background-attachment":"scroll","background-type":"","background-media":"","overlay-type":"","overlay-color":"","overlay-opacity":"","overlay-gradient":""}},"footnotes":""},"categories":[23,1],"tags":[],"class_list":["post-37609","post","type-post","status-publish","format-standard","has-post-thumbnail","hentry","category-internacionales","category-noticias"],"yoast_head":"<!-- This site is optimized with the Yoast SEO Premium plugin v23.0 (Yoast SEO v27.4) - https:\/\/yoast.com\/product\/yoast-seo-premium-wordpress\/ -->\n<title>El gobernador Guti\u00e9rrez viaja a Estados Unidos para atraer inversiones<\/title>\n<meta name=\"robots\" content=\"index, follow, max-snippet:-1, max-image-preview:large, max-video-preview:-1\" \/>\n<link rel=\"canonical\" href=\"https:\/\/patagoniambiental.com.ar\/info\/el-gobernador-gutierrez-viaja-a-estados-unidos-para-atraer-inversiones\/\" \/>\n<meta property=\"og:locale\" content=\"es_ES\" \/>\n<meta property=\"og:type\" content=\"article\" \/>\n<meta property=\"og:title\" content=\"El gobernador Guti\u00e9rrez viaja a Estados Unidos para atraer inversiones\" \/>\n<meta property=\"og:description\" content=\"Neuqu\u00e9n.-Se reunir\u00e1 con empresarios del sector financiero e hidrocarbur\u00edfero. Estar\u00e1 en Nueva York y Naples, Florida. Viajar\u00e1 acompa\u00f1ado por el [&hellip;]\" \/>\n<meta property=\"og:url\" content=\"https:\/\/patagoniambiental.com.ar\/info\/el-gobernador-gutierrez-viaja-a-estados-unidos-para-atraer-inversiones\/\" \/>\n<meta property=\"og:site_name\" content=\"Patagonia Ambiental\" \/>\n<meta property=\"article:publisher\" content=\"https:\/\/www.facebook.com\/patagonia.ambiental\" \/>\n<meta property=\"article:author\" content=\"https:\/\/www.facebook.com\/share\/1C1V8Gv9BX\/?mibextid=qi2Omg\" \/>\n<meta property=\"article:published_time\" content=\"2017-11-04T22:00:21+00:00\" \/>\n<meta property=\"og:image\" content=\"https:\/\/patagoniambiental.com.ar\/info\/wp-content\/uploads\/2017\/11\/image002-1.jpg\" \/>\n\t<meta property=\"og:image:width\" content=\"1116\" \/>\n\t<meta property=\"og:image:height\" content=\"551\" \/>\n\t<meta property=\"og:image:type\" content=\"image\/jpeg\" \/>\n<meta name=\"author\" content=\"Patagonia Ambiental\" \/>\n<meta name=\"twitter:card\" content=\"summary_large_image\" \/>\n<meta name=\"twitter:creator\" content=\"@PatAmb\" \/>\n<meta name=\"twitter:site\" content=\"@PatAmb\" \/>\n<script type=\"application\/ld+json\" class=\"yoast-schema-graph\">{\"@context\":\"https:\\\/\\\/schema.org\",\"@graph\":[{\"@type\":\"Article\",\"@id\":\"https:\\\/\\\/patagoniambiental.com.ar\\\/info\\\/el-gobernador-gutierrez-viaja-a-estados-unidos-para-atraer-inversiones\\\/#article\",\"isPartOf\":{\"@id\":\"https:\\\/\\\/patagoniambiental.com.ar\\\/info\\\/el-gobernador-gutierrez-viaja-a-estados-unidos-para-atraer-inversiones\\\/\"},\"author\":{\"name\":\"Patagonia Ambiental\",\"@id\":\"https:\\\/\\\/patagoniambiental.com.ar\\\/info\\\/#\\\/schema\\\/person\\\/db12bff64bbcbf6a253710bf0ea37b5d\"},\"headline\":\"El gobernador Guti\u00e9rrez viaja a Estados Unidos para atraer inversiones\",\"datePublished\":\"2017-11-04T22:00:21+00:00\",\"mainEntityOfPage\":{\"@id\":\"https:\\\/\\\/patagoniambiental.com.ar\\\/info\\\/el-gobernador-gutierrez-viaja-a-estados-unidos-para-atraer-inversiones\\\/\"},\"wordCount\":386,\"commentCount\":0,\"publisher\":{\"@id\":\"https:\\\/\\\/patagoniambiental.com.ar\\\/info\\\/#organization\"},\"image\":{\"@id\":\"https:\\\/\\\/patagoniambiental.com.ar\\\/info\\\/el-gobernador-gutierrez-viaja-a-estados-unidos-para-atraer-inversiones\\\/#primaryimage\"},\"thumbnailUrl\":\"https:\\\/\\\/patagoniambiental.com.ar\\\/info\\\/wp-content\\\/uploads\\\/2017\\\/11\\\/image002-1.jpg\",\"articleSection\":[\"Internacionales\",\"Noticias\"],\"inLanguage\":\"es\",\"potentialAction\":[{\"@type\":\"CommentAction\",\"name\":\"Comment\",\"target\":[\"https:\\\/\\\/patagoniambiental.com.ar\\\/info\\\/el-gobernador-gutierrez-viaja-a-estados-unidos-para-atraer-inversiones\\\/#respond\"]}]},{\"@type\":\"WebPage\",\"@id\":\"https:\\\/\\\/patagoniambiental.com.ar\\\/info\\\/el-gobernador-gutierrez-viaja-a-estados-unidos-para-atraer-inversiones\\\/\",\"url\":\"https:\\\/\\\/patagoniambiental.com.ar\\\/info\\\/el-gobernador-gutierrez-viaja-a-estados-unidos-para-atraer-inversiones\\\/\",\"name\":\"El gobernador Guti\u00e9rrez viaja a Estados Unidos para atraer inversiones\",\"isPartOf\":{\"@id\":\"https:\\\/\\\/patagoniambiental.com.ar\\\/info\\\/#website\"},\"primaryImageOfPage\":{\"@id\":\"https:\\\/\\\/patagoniambiental.com.ar\\\/info\\\/el-gobernador-gutierrez-viaja-a-estados-unidos-para-atraer-inversiones\\\/#primaryimage\"},\"image\":{\"@id\":\"https:\\\/\\\/patagoniambiental.com.ar\\\/info\\\/el-gobernador-gutierrez-viaja-a-estados-unidos-para-atraer-inversiones\\\/#primaryimage\"},\"thumbnailUrl\":\"https:\\\/\\\/patagoniambiental.com.ar\\\/info\\\/wp-content\\\/uploads\\\/2017\\\/11\\\/image002-1.jpg\",\"datePublished\":\"2017-11-04T22:00:21+00:00\",\"breadcrumb\":{\"@id\":\"https:\\\/\\\/patagoniambiental.com.ar\\\/info\\\/el-gobernador-gutierrez-viaja-a-estados-unidos-para-atraer-inversiones\\\/#breadcrumb\"},\"inLanguage\":\"es\",\"potentialAction\":[{\"@type\":\"ReadAction\",\"target\":[\"https:\\\/\\\/patagoniambiental.com.ar\\\/info\\\/el-gobernador-gutierrez-viaja-a-estados-unidos-para-atraer-inversiones\\\/\"]}]},{\"@type\":\"ImageObject\",\"inLanguage\":\"es\",\"@id\":\"https:\\\/\\\/patagoniambiental.com.ar\\\/info\\\/el-gobernador-gutierrez-viaja-a-estados-unidos-para-atraer-inversiones\\\/#primaryimage\",\"url\":\"https:\\\/\\\/patagoniambiental.com.ar\\\/info\\\/wp-content\\\/uploads\\\/2017\\\/11\\\/image002-1.jpg\",\"contentUrl\":\"https:\\\/\\\/patagoniambiental.com.ar\\\/info\\\/wp-content\\\/uploads\\\/2017\\\/11\\\/image002-1.jpg\",\"width\":1116,\"height\":551},{\"@type\":\"BreadcrumbList\",\"@id\":\"https:\\\/\\\/patagoniambiental.com.ar\\\/info\\\/el-gobernador-gutierrez-viaja-a-estados-unidos-para-atraer-inversiones\\\/#breadcrumb\",\"itemListElement\":[{\"@type\":\"ListItem\",\"position\":1,\"name\":\"Inicio\",\"item\":\"https:\\\/\\\/patagoniambiental.com.ar\\\/info\\\/\"},{\"@type\":\"ListItem\",\"position\":2,\"name\":\"El gobernador Guti\u00e9rrez viaja a Estados Unidos para atraer inversiones\"}]},{\"@type\":\"WebSite\",\"@id\":\"https:\\\/\\\/patagoniambiental.com.ar\\\/info\\\/#website\",\"url\":\"https:\\\/\\\/patagoniambiental.com.ar\\\/info\\\/\",\"name\":\"Patagonia Ambiental\",\"description\":\"Monitoreo y an\u00e1lisis de la situaci\u00f3n geopol\u00edtica en el mundo y su implicancia en la Patagonia\",\"publisher\":{\"@id\":\"https:\\\/\\\/patagoniambiental.com.ar\\\/info\\\/#organization\"},\"potentialAction\":[{\"@type\":\"SearchAction\",\"target\":{\"@type\":\"EntryPoint\",\"urlTemplate\":\"https:\\\/\\\/patagoniambiental.com.ar\\\/info\\\/?s={search_term_string}\"},\"query-input\":{\"@type\":\"PropertyValueSpecification\",\"valueRequired\":true,\"valueName\":\"search_term_string\"}}],\"inLanguage\":\"es\"},{\"@type\":\"Organization\",\"@id\":\"https:\\\/\\\/patagoniambiental.com.ar\\\/info\\\/#organization\",\"name\":\"Patagonia Ambiental\",\"url\":\"https:\\\/\\\/patagoniambiental.com.ar\\\/info\\\/\",\"logo\":{\"@type\":\"ImageObject\",\"inLanguage\":\"es\",\"@id\":\"https:\\\/\\\/patagoniambiental.com.ar\\\/info\\\/#\\\/schema\\\/logo\\\/image\\\/\",\"url\":\"https:\\\/\\\/patagoniambiental.com.ar\\\/info\\\/wp-content\\\/uploads\\\/2025\\\/05\\\/LOGO-PATAGONIA-AMBIENTAL.png\",\"contentUrl\":\"https:\\\/\\\/patagoniambiental.com.ar\\\/info\\\/wp-content\\\/uploads\\\/2025\\\/05\\\/LOGO-PATAGONIA-AMBIENTAL.png\",\"width\":433,\"height\":250,\"caption\":\"Patagonia Ambiental\"},\"image\":{\"@id\":\"https:\\\/\\\/patagoniambiental.com.ar\\\/info\\\/#\\\/schema\\\/logo\\\/image\\\/\"},\"sameAs\":[\"https:\\\/\\\/www.facebook.com\\\/patagonia.ambiental\",\"https:\\\/\\\/x.com\\\/PatAmb\"]},{\"@type\":\"Person\",\"@id\":\"https:\\\/\\\/patagoniambiental.com.ar\\\/info\\\/#\\\/schema\\\/person\\\/db12bff64bbcbf6a253710bf0ea37b5d\",\"name\":\"Patagonia Ambiental\",\"description\":\"Andr\u00e9s Nievas T\u00e9cnico en manejo ambiental, consultor Ambiental y escritor para medios locales e internacionales sobre temas de geopolitica y medio ambiente.\",\"sameAs\":[\"http:\\\/\\\/www.patagoniambiental.com.ar\",\"https:\\\/\\\/www.facebook.com\\\/share\\\/1C1V8Gv9BX\\\/?mibextid=qi2Omg\",\"@patagoniambiental\",\"https:\\\/\\\/youtube.com\\\/@patagoniaambiental2023?si=BLt58t0wuXquxlYZ\"]}]}<\/script>\n<!-- \/ Yoast SEO Premium plugin. -->","yoast_head_json":{"title":"El gobernador Guti\u00e9rrez viaja a Estados Unidos para atraer inversiones","robots":{"index":"index","follow":"follow","max-snippet":"max-snippet:-1","max-image-preview":"max-image-preview:large","max-video-preview":"max-video-preview:-1"},"canonical":"https:\/\/patagoniambiental.com.ar\/info\/el-gobernador-gutierrez-viaja-a-estados-unidos-para-atraer-inversiones\/","og_locale":"es_ES","og_type":"article","og_title":"El gobernador Guti\u00e9rrez viaja a Estados Unidos para atraer inversiones","og_description":"Neuqu\u00e9n.-Se reunir\u00e1 con empresarios del sector financiero e hidrocarbur\u00edfero. Estar\u00e1 en Nueva York y Naples, Florida. Viajar\u00e1 acompa\u00f1ado por el [&hellip;]","og_url":"https:\/\/patagoniambiental.com.ar\/info\/el-gobernador-gutierrez-viaja-a-estados-unidos-para-atraer-inversiones\/","og_site_name":"Patagonia Ambiental","article_publisher":"https:\/\/www.facebook.com\/patagonia.ambiental","article_author":"https:\/\/www.facebook.com\/share\/1C1V8Gv9BX\/?mibextid=qi2Omg","article_published_time":"2017-11-04T22:00:21+00:00","og_image":[{"width":1116,"height":551,"url":"https:\/\/patagoniambiental.com.ar\/info\/wp-content\/uploads\/2017\/11\/image002-1.jpg","type":"image\/jpeg"}],"author":"Patagonia Ambiental","twitter_card":"summary_large_image","twitter_creator":"@PatAmb","twitter_site":"@PatAmb","schema":{"@context":"https:\/\/schema.org","@graph":[{"@type":"Article","@id":"https:\/\/patagoniambiental.com.ar\/info\/el-gobernador-gutierrez-viaja-a-estados-unidos-para-atraer-inversiones\/#article","isPartOf":{"@id":"https:\/\/patagoniambiental.com.ar\/info\/el-gobernador-gutierrez-viaja-a-estados-unidos-para-atraer-inversiones\/"},"author":{"name":"Patagonia Ambiental","@id":"https:\/\/patagoniambiental.com.ar\/info\/#\/schema\/person\/db12bff64bbcbf6a253710bf0ea37b5d"},"headline":"El gobernador Guti\u00e9rrez viaja a Estados Unidos para atraer inversiones","datePublished":"2017-11-04T22:00:21+00:00","mainEntityOfPage":{"@id":"https:\/\/patagoniambiental.com.ar\/info\/el-gobernador-gutierrez-viaja-a-estados-unidos-para-atraer-inversiones\/"},"wordCount":386,"commentCount":0,"publisher":{"@id":"https:\/\/patagoniambiental.com.ar\/info\/#organization"},"image":{"@id":"https:\/\/patagoniambiental.com.ar\/info\/el-gobernador-gutierrez-viaja-a-estados-unidos-para-atraer-inversiones\/#primaryimage"},"thumbnailUrl":"https:\/\/patagoniambiental.com.ar\/info\/wp-content\/uploads\/2017\/11\/image002-1.jpg","articleSection":["Internacionales","Noticias"],"inLanguage":"es","potentialAction":[{"@type":"CommentAction","name":"Comment","target":["https:\/\/patagoniambiental.com.ar\/info\/el-gobernador-gutierrez-viaja-a-estados-unidos-para-atraer-inversiones\/#respond"]}]},{"@type":"WebPage","@id":"https:\/\/patagoniambiental.com.ar\/info\/el-gobernador-gutierrez-viaja-a-estados-unidos-para-atraer-inversiones\/","url":"https:\/\/patagoniambiental.com.ar\/info\/el-gobernador-gutierrez-viaja-a-estados-unidos-para-atraer-inversiones\/","name":"El gobernador Guti\u00e9rrez viaja a Estados Unidos para atraer inversiones","isPartOf":{"@id":"https:\/\/patagoniambiental.com.ar\/info\/#website"},"primaryImageOfPage":{"@id":"https:\/\/patagoniambiental.com.ar\/info\/el-gobernador-gutierrez-viaja-a-estados-unidos-para-atraer-inversiones\/#primaryimage"},"image":{"@id":"https:\/\/patagoniambiental.com.ar\/info\/el-gobernador-gutierrez-viaja-a-estados-unidos-para-atraer-inversiones\/#primaryimage"},"thumbnailUrl":"https:\/\/patagoniambiental.com.ar\/info\/wp-content\/uploads\/2017\/11\/image002-1.jpg","datePublished":"2017-11-04T22:00:21+00:00","breadcrumb":{"@id":"https:\/\/patagoniambiental.com.ar\/info\/el-gobernador-gutierrez-viaja-a-estados-unidos-para-atraer-inversiones\/#breadcrumb"},"inLanguage":"es","potentialAction":[{"@type":"ReadAction","target":["https:\/\/patagoniambiental.com.ar\/info\/el-gobernador-gutierrez-viaja-a-estados-unidos-para-atraer-inversiones\/"]}]},{"@type":"ImageObject","inLanguage":"es","@id":"https:\/\/patagoniambiental.com.ar\/info\/el-gobernador-gutierrez-viaja-a-estados-unidos-para-atraer-inversiones\/#primaryimage","url":"https:\/\/patagoniambiental.com.ar\/info\/wp-content\/uploads\/2017\/11\/image002-1.jpg","contentUrl":"https:\/\/patagoniambiental.com.ar\/info\/wp-content\/uploads\/2017\/11\/image002-1.jpg","width":1116,"height":551},{"@type":"BreadcrumbList","@id":"https:\/\/patagoniambiental.com.ar\/info\/el-gobernador-gutierrez-viaja-a-estados-unidos-para-atraer-inversiones\/#breadcrumb","itemListElement":[{"@type":"ListItem","position":1,"name":"Inicio","item":"https:\/\/patagoniambiental.com.ar\/info\/"},{"@type":"ListItem","position":2,"name":"El gobernador Guti\u00e9rrez viaja a Estados Unidos para atraer inversiones"}]},{"@type":"WebSite","@id":"https:\/\/patagoniambiental.com.ar\/info\/#website","url":"https:\/\/patagoniambiental.com.ar\/info\/","name":"Patagonia Ambiental","description":"Monitoreo y an\u00e1lisis de la situaci\u00f3n geopol\u00edtica en el mundo y su implicancia en la Patagonia","publisher":{"@id":"https:\/\/patagoniambiental.com.ar\/info\/#organization"},"potentialAction":[{"@type":"SearchAction","target":{"@type":"EntryPoint","urlTemplate":"https:\/\/patagoniambiental.com.ar\/info\/?s={search_term_string}"},"query-input":{"@type":"PropertyValueSpecification","valueRequired":true,"valueName":"search_term_string"}}],"inLanguage":"es"},{"@type":"Organization","@id":"https:\/\/patagoniambiental.com.ar\/info\/#organization","name":"Patagonia Ambiental","url":"https:\/\/patagoniambiental.com.ar\/info\/","logo":{"@type":"ImageObject","inLanguage":"es","@id":"https:\/\/patagoniambiental.com.ar\/info\/#\/schema\/logo\/image\/","url":"https:\/\/patagoniambiental.com.ar\/info\/wp-content\/uploads\/2025\/05\/LOGO-PATAGONIA-AMBIENTAL.png","contentUrl":"https:\/\/patagoniambiental.com.ar\/info\/wp-content\/uploads\/2025\/05\/LOGO-PATAGONIA-AMBIENTAL.png","width":433,"height":250,"caption":"Patagonia Ambiental"},"image":{"@id":"https:\/\/patagoniambiental.com.ar\/info\/#\/schema\/logo\/image\/"},"sameAs":["https:\/\/www.facebook.com\/patagonia.ambiental","https:\/\/x.com\/PatAmb"]},{"@type":"Person","@id":"https:\/\/patagoniambiental.com.ar\/info\/#\/schema\/person\/db12bff64bbcbf6a253710bf0ea37b5d","name":"Patagonia Ambiental","description":"Andr\u00e9s Nievas T\u00e9cnico en manejo ambiental, consultor Ambiental y escritor para medios locales e internacionales sobre temas de geopolitica y medio ambiente.","sameAs":["http:\/\/www.patagoniambiental.com.ar","https:\/\/www.facebook.com\/share\/1C1V8Gv9BX\/?mibextid=qi2Omg","@patagoniambiental","https:\/\/youtube.com\/@patagoniaambiental2023?si=BLt58t0wuXquxlYZ"]}]}},"_links":{"self":[{"href":"https:\/\/patagoniambiental.com.ar\/info\/wp-json\/wp\/v2\/posts\/37609","targetHints":{"allow":["GET"]}}],"collection":[{"href":"https:\/\/patagoniambiental.com.ar\/info\/wp-json\/wp\/v2\/posts"}],"about":[{"href":"https:\/\/patagoniambiental.com.ar\/info\/wp-json\/wp\/v2\/types\/post"}],"author":[{"embeddable":true,"href":"https:\/\/patagoniambiental.com.ar\/info\/wp-json\/wp\/v2\/users\/2"}],"replies":[{"embeddable":true,"href":"https:\/\/patagoniambiental.com.ar\/info\/wp-json\/wp\/v2\/comments?post=37609"}],"version-history":[{"count":0,"href":"https:\/\/patagoniambiental.com.ar\/info\/wp-json\/wp\/v2\/posts\/37609\/revisions"}],"wp:featuredmedia":[{"embeddable":true,"href":"https:\/\/patagoniambiental.com.ar\/info\/wp-json\/wp\/v2\/media\/37610"}],"wp:attachment":[{"href":"https:\/\/patagoniambiental.com.ar\/info\/wp-json\/wp\/v2\/media?parent=37609"}],"wp:term":[{"taxonomy":"category","embeddable":true,"href":"https:\/\/patagoniambiental.com.ar\/info\/wp-json\/wp\/v2\/categories?post=37609"},{"taxonomy":"post_tag","embeddable":true,"href":"https:\/\/patagoniambiental.com.ar\/info\/wp-json\/wp\/v2\/tags?post=37609"}],"curies":[{"name":"wp","href":"https:\/\/api.w.org\/{rel}","templated":true}]}}