{"id":37631,"date":"2017-11-03T19:00:09","date_gmt":"2017-11-03T22:00:09","guid":{"rendered":"http:\/\/patagoniambiental.com.ar\/info\/?p=37631"},"modified":"2017-11-03T17:44:36","modified_gmt":"2017-11-03T20:44:36","slug":"en-una-carta-abierta-la-legisladora-elsa-inchassendague-le-expreso-al-vicegobernador-de-la-pampa-su-preocupacion-por-la-contaminacion-del-rio-colorado","status":"publish","type":"post","link":"https:\/\/patagoniambiental.com.ar\/info\/en-una-carta-abierta-la-legisladora-elsa-inchassendague-le-expreso-al-vicegobernador-de-la-pampa-su-preocupacion-por-la-contaminacion-del-rio-colorado\/","title":{"rendered":"En una Carta abierta la Legisladora Elsa Inchassendague le expreso al Vicegobernador de la Pampa su preocupaci\u00f3n por la contaminaci\u00f3n del r\u00edo Colorado"},"content":{"rendered":"<p>Viedma.-En una carta abierta la legisladora Elsa Inchassendague de la ciudad de Rio Colorado se dirigio al vicegobernador de la provincia de la Pampa por la contaminaci\u00f3n del rio Colorado expresandole su preocupaci\u00f3n y la de toda la comunidad.<!--more--><\/p>\n<p>Tal situaci\u00f3n es debida\u00a0 \u00a0a\u00a0 los efluentes vertidos de la planta de potabilizaci\u00f3n ubicada en el Paraje Pichi Mahuida lo\u00a0 que podr\u00eda generar un impacto ambiental negativo en la flora y fauna de dicho curso de agua.<\/p>\n<p>Una de los puntos mas importantes que se expresa en la carta es <em>\u201cla posibilidad de que los efluentes que se vierten al r\u00edo a trav\u00e9s de un ca\u00f1ad\u00f3n de descarga en inmediaciones de la planta potabilizadora operada por la empresa Aguas del Colorado SAPEM\u00a0\uf0beubicada sobre el lado pampeano frente al paraje Pichi Mahuida pudieran tener un impacto significativo en la calidad del recurso aguas abajo.\u201d<\/em><\/p>\n<p>En la carta se agrega tambi\u00e9n que <em>\u201cel 28 de julio del corriente a\u00f1o, se efectu\u00f3 un muestreo a cargo de personal t\u00e9cnico del Laboratorio CIATI A.C de la ciudad de Villa Regina siendo supervisado por t\u00e9cnicos del Departamento Provincial de Aguas (DPA), representantes t\u00e9cnicos del COIRCO y la Municipalidad de R\u00edo Colorado para realizar posteriores an\u00e1lisis con el objetivo de detectar en qu\u00e9 magnitud se encontraban presentes las sustancias residuales del tratamiento de potabilizaci\u00f3n\uf0beespec\u00edficamente, calcio, magnesio y aluminio\uf0been el cauce de nuestro r\u00edo.\u201d<\/em><\/p>\n<p>Adem\u00e1s existe un <em>\u201cinforme sobre el agua del r\u00edo Colorado, que fuera realizado por la provincia de R\u00edo Negro\u00a0a trav\u00e9s del Departamento Provincial de Aguas (DPA) y la Legislatura de R\u00edo Negro\uf0be\u00a0en virtud dicha investigaci\u00f3n. El mismo arroja resultados de sumo inter\u00e9s para los pueblos ribere\u00f1os pertenecientes tanto a la provincia de R\u00edo Negro como a las provincias de La Pampa y Buenos Aires, ya que en las localidades de La Adela (L. P.) y Pedro Luro (B. A.) tambi\u00e9n se utilizan las aguas de este r\u00edo, tanto para el consumo dom\u00e9stico (en Pedro Luro) como para irrigaci\u00f3n de plantaciones (en ambas localidades). Adem\u00e1s, debemos considerar que con el nuevo Acueducto Pedro Luro\u00a0\u2013\u00a0Bah\u00eda Blanca, proyectado por la provincia de Buenos Aires, las aguas del r\u00edo Colorado alimentar\u00e1n al Gran Bah\u00eda Blanca y a otras 11 localidades aleda\u00f1as de dicha provincia.\u201d<\/em><\/p>\n<p>Con respecto al informe se\u00f1ala que <em>\u201cadem\u00e1s de conocer todas las cuestiones t\u00e9cnicas relacionadas con la investigaci\u00f3n realizada, los participantes del muestreo y los laboratorios que efectuaron el an\u00e1lisis, podr\u00e1 encontrar que\u00a0se recomienda que los efluentes de la planta potabilizadora en cuesti\u00f3n sean reutilizados en el riego de especies forestales o reciban tratamiento para ser descargados al r\u00edo, con el objetivo de reducir el nivel de aluminio que ingresa al cuerpo h\u00eddrico. Esto se debe a que, como podr\u00e1 interiorizarse mediante la lectura del informe, en cercan\u00edas del \u00e1rea donde se produce el vertido, los resultados obtenidos de calcio, magnesio y aluminio se encuentran entre un 50\u00a0% y 60\u00a0% por sobre los niveles naturales que lleva el r\u00edo.\u201d<\/em><\/p>\n<p>Tambi\u00e9n se destaca que <em>\u201c\u2026el proyecto para el tratamiento de los efluentes encargado por la empresa Aguas del Colorado SAPEM a la Facultad de Ingenier\u00eda de la Universidad Nacional de La Plata ya fue presentado al COIRCO y aprobado por este. El proyecto fue presentado en el 3\u00b0 Congreso Pampeano del Agua llevado a cabo el 14 y 15 de septiembre de 2010 en la ciudad de Santa Rosa, La Pampa<strong>.\u201d<\/strong><\/em><\/p>\n<p>&nbsp;<\/p>\n<p>&nbsp;<\/p>\n<p>&nbsp;<\/p>\n<p>Leer Carta Completa<\/p>\n<p>R\u00edo Colorado, 30 de Octubre de 2017.-<\/p>\n<p>&nbsp;<\/p>\n<p>Al Se\u00f1or<\/p>\n<p>Presidente de la Legislatura de la<\/p>\n<p>La Pampa<\/p>\n<p>Dr. Mariano Alberto FERN\u00c1NDEZ<\/p>\n<p><u>SU DESPACHO\u00a0<\/u><\/p>\n<p>&nbsp;<\/p>\n<p>&nbsp;<\/p>\n<p>Me dirijo a Usted y,\u00a0por su intermedio a la Legislatura que preside, fin de informarle la situaci\u00f3n de las aguas del r\u00edo Colorado, r\u00edo que, m\u00e1s que separar a nuestras provincias, las une, cuyas bondades aprovechamos todos los que vivimos a su vera y que es una marca compartida en la cultura y la identidad de nuestros pueblos.<\/p>\n<p>&nbsp;<\/p>\n<p>&nbsp;<\/p>\n<p>Este a\u00f1o, el Estado comenz\u00f3 a saldar una deuda hist\u00f3rica con los pobladores de las ciudades a la vera del r\u00edo Colorado. Los riocoloradenses y adelenses, ya sea en forma particular o desde distintas organizaciones sin fines de lucro, como la Mesa del Agua, hab\u00edan venido reclamando durante a\u00f1os que se llevara adelante una investigaci\u00f3n exhaustiva sobre la calidad del agua. Una de las principales preocupaciones que se esgrim\u00edan era la posibilidad de que los efluentes que se vierten al r\u00edo a trav\u00e9s de un ca\u00f1ad\u00f3n de descarga en inmediaciones de la planta potabilizadora operada por la empresa Aguas del Colorado SAPEM\u00a0\uf0beubicada sobre el lado pampeano frente al paraje Pichi Mahuida\uf0bepudieran tener un impacto significativo en la calidad del recurso aguas abajo.<\/p>\n<p>&nbsp;<\/p>\n<p>En consecuencia, el 28 de julio del corriente a\u00f1o, se efectu\u00f3 un muestreo a cargo de personal t\u00e9cnico del Laboratorio CIATI A.C de la ciudad de Villa Regina siendo supervisado por t\u00e9cnicos del Departamento Provincial de Aguas (DPA), representantes t\u00e9cnicos del COIRCO y la Municipalidad de R\u00edo Colorado para realizar posteriores an\u00e1lisis con el objetivo de detectar en qu\u00e9 magnitud se encontraban presentes las sustancias residuales del tratamiento de potabilizaci\u00f3n\uf0beespec\u00edficamente, calcio, magnesio y aluminio\uf0been el cauce de nuestro r\u00edo.<\/p>\n<p>&nbsp;<\/p>\n<p>&nbsp;<\/p>\n<p>Adjunto a esta misiva el informe sobre el agua del r\u00edo Colorado que fuera realizado por la provincia de R\u00edo Negro\u00a0\uf0bea trav\u00e9s del Departamento Provincial de Aguas (DPA) y la Legislatura de R\u00edo Negro\uf0be\u00a0en virtud dicha investigaci\u00f3n. El mismo arroja resultados de sumo inter\u00e9s para los pueblos ribere\u00f1os pertenecientes tanto a la provincia de R\u00edo Negro como a las provincias de La Pampa y Buenos Aires, ya que en las localidades de La Adela (L. P.) y Pedro Luro (B. A.) tambi\u00e9n se utilizan las aguas de este r\u00edo, tanto para el consumo dom\u00e9stico (en Pedro Luro) como para irrigaci\u00f3n de plantaciones (en ambas localidades). Adem\u00e1s, debemos considerar que con el nuevo Acueducto Pedro Luro\u00a0\u2013\u00a0Bah\u00eda Blanca, proyectado por la provincia de Buenos Aires, las aguas del r\u00edo Colorado alimentar\u00e1n al Gran Bah\u00eda Blanca y a otras 11 localidades aleda\u00f1as de dicha provincia.<\/p>\n<p>&nbsp;<\/p>\n<p>En el informe, adem\u00e1s de conocer todas las cuestiones t\u00e9cnicas relacionadas con la investigaci\u00f3n realizada, los participantes del muestreo y los laboratorios que efectuaron el an\u00e1lisis, podr\u00e1 encontrar que\u00a0se recomienda que los efluentes de la planta potabilizadora en cuesti\u00f3n sean reutilizados en el riego de especies forestales o reciban tratamiento para ser descargados al r\u00edo, con el objetivo de reducir el nivel de aluminio que ingresa al cuerpo h\u00eddrico. Esto se debe a que, como podr\u00e1 interiorizarse mediante la lectura del informe, en cercan\u00edas del \u00e1rea donde se produce el vertido, los resultados obtenidos de calcio, magnesio y aluminio se encuentran entre un 50\u00a0% y 60\u00a0% por sobre los niveles naturales que lleva el r\u00edo.<\/p>\n<p>&nbsp;<\/p>\n<p>&nbsp;<\/p>\n<p>En este sentido, cabe aclarar que el proyecto para el tratamiento de los efluentes encargado por la empresa Aguas del Colorado SAPEM a la Facultad de Ingenier\u00eda de la Universidad Nacional de La Plata ya fue presentado al COIRCO y aprobado por este. El proyecto fue presentado en el 3\u00b0 Congreso Pampeano del Agua llevado a cabo el 14 y 15 de septiembre de 2010 en la ciudad de Santa Rosa, La Pampa<strong>.<\/strong><\/p>\n<p>&nbsp;<\/p>\n<p>&nbsp;<\/p>\n<p>Sr. Presidente, si bien los valores se normalizan a medida que los muestreos se alejan del ca\u00f1ad\u00f3n donde se descargan estas aguas residuales, no podemos saber a ciencia cierta las implicancias que esta pr\u00e1ctica puede tener en el futuro; no podemos conocer hasta qu\u00e9 punto se ver\u00e1 afectada la flora y la fauna que vive en nuestro r\u00edo o que depende de \u00e9l, ni podemos aventurar las dimensiones del impacto que la sedimentaci\u00f3n de estas sustancias qu\u00edmicas, ajenas al ecosistema natural, puede llegar a ocasionar. Todas estas consecuencias, y muchas otras, las sabr\u00e1n o padecer\u00e1n las generaciones por venir si nosotros no actuamos hoy.<\/p>\n<p>&nbsp;<\/p>\n<p>&nbsp;<\/p>\n<p>Veo con preocupaci\u00f3n que, adem\u00e1s, la provincia de La Pampa se encontrar\u00eda infringiendo el C\u00f3digo de Aguas de la provincia de R\u00edo Negro (Ley n.\u00b0\u00a02952), especialmente en sus art\u00edculos 7.\u00a0\u00b0, 162.\u00a0\u00b0\u00a0y 168.\u00a0\u00b0, que se ocupan de la injerencia en aguas interjurisdiccionales, del control de calidad y la protecci\u00f3n de los recursos h\u00eddricos receptores de residuos o efluentes y de los desag\u00fces que\u00a0se vuelcan en dichos recursos. Adem\u00e1s, le pido que considere especialmente el Principio precautorio que establece el art. 4\u00b0\u00a0de la Ley General del Ambiente (Ley Nacional n.\u00a0\u00b0\u00a025.675). En virtud de la planteado, esta pretensi\u00f3n de que agotemos instancias de di\u00e1logo y trabajo pol\u00edtico, sin perjuicio de que, de no arribar\u00a0 acuerdos, se inicie la acci\u00f3n legal pertinente.<\/p>\n<p>&nbsp;<\/p>\n<p>&nbsp;<\/p>\n<p>Me acerco a Usted hoy apelando a su comprensi\u00f3n y al inter\u00e9s y la preocupaci\u00f3n que, sin lugar a dudas, guarda por el pueblo pampeano y por todos los argentinos. Como provincias hermanadas por un r\u00edo, que tanto nos preocupa y ocupa, y en defensa del cual tanta veces levantamos la voz, lo exhorto a que contribuya a arbitrar los medios para revertir esta situaci\u00f3n, convencida de que, desde el di\u00e1logo y el trabajo compartido y comprometido, podremos arribar a una soluci\u00f3n que demuestre que sabemos c\u00f3mo disfrutar de una sana convivencia, y que preferimos siempre buscar acuerdos, acompa\u00f1arnos, y trabajar en conjunto.<\/p>\n<p>&nbsp;<\/p>\n<p>&nbsp;<\/p>\n<p>Recurro a Usted con la esperanza de que podamos seguir benefici\u00e1ndonos de este recurso, cuid\u00e1ndolo y respet\u00e1ndolo integralmente, porque gracias a su existencia, nuestros pueblos se fundaron y han logrado subsistir y crecer, convirti\u00e9ndose en lo que son hoy, convirti\u00e9ndonos en lo que somos hoy.<\/p>\n<p>&nbsp;<\/p>\n<p>Sin otro particular lo saludo a Usted muy atentamente.<\/p>\n<p>&nbsp;<\/p>\n<p>&nbsp;<\/p>\n<p>&nbsp;<\/p>\n<p>Patagonia Ambiental<\/p>\n<p>&nbsp;<\/p>\n<p>&nbsp;<\/p>\n<p>&nbsp;<\/p>\n<p>&nbsp;<\/p>\n<p>&nbsp;<\/p>\n<p>Legisladora Elsa Inchassendague<\/p>\n<p>Bloque Juntos Somos R\u00edo Negro<\/p>\n<p>Legislatura de la Provincia de R\u00edo Negro<\/p>\n<p>&nbsp;<\/p>\n<p>&nbsp;<\/p>\n<p>INFORME DE CALIDAD DEL AGUA<\/p>\n<p>&nbsp;<\/p>\n","protected":false},"excerpt":{"rendered":"<p>Viedma.-En una carta abierta la legisladora Elsa Inchassendague de la ciudad de Rio Colorado se dirigio al vicegobernador de la [&hellip;]<\/p>\n","protected":false},"author":2,"featured_media":37632,"comment_status":"open","ping_status":"open","sticky":false,"template":"","format":"standard","meta":{"site-sidebar-layout":"default","site-content-layout":"","ast-site-content-layout":"default","site-content-style":"default","site-sidebar-style":"default","ast-global-header-display":"","ast-banner-title-visibility":"","ast-main-header-display":"","ast-hfb-above-header-display":"","ast-hfb-below-header-display":"","ast-hfb-mobile-header-display":"","site-post-title":"","ast-breadcrumbs-content":"","ast-featured-img":"","footer-sml-layout":"","ast-disable-related-posts":"","theme-transparent-header-meta":"","adv-header-id-meta":"","stick-header-meta":"","header-above-stick-meta":"","header-main-stick-meta":"","header-below-stick-meta":"","astra-migrate-meta-layouts":"default","ast-page-background-enabled":"default","ast-page-background-meta":{"desktop":{"background-color":"var(--ast-global-color-5)","background-image":"","background-repeat":"repeat","background-position":"center center","background-size":"auto","background-attachment":"scroll","background-type":"","background-media":"","overlay-type":"","overlay-color":"","overlay-opacity":"","overlay-gradient":""},"tablet":{"background-color":"","background-image":"","background-repeat":"repeat","background-position":"center center","background-size":"auto","background-attachment":"scroll","background-type":"","background-media":"","overlay-type":"","overlay-color":"","overlay-opacity":"","overlay-gradient":""},"mobile":{"background-color":"","background-image":"","background-repeat":"repeat","background-position":"center center","background-size":"auto","background-attachment":"scroll","background-type":"","background-media":"","overlay-type":"","overlay-color":"","overlay-opacity":"","overlay-gradient":""}},"ast-content-background-meta":{"desktop":{"background-color":"var(--ast-global-color-4)","background-image":"","background-repeat":"repeat","background-position":"center center","background-size":"auto","background-attachment":"scroll","background-type":"","background-media":"","overlay-type":"","overlay-color":"","overlay-opacity":"","overlay-gradient":""},"tablet":{"background-color":"var(--ast-global-color-4)","background-image":"","background-repeat":"repeat","background-position":"center center","background-size":"auto","background-attachment":"scroll","background-type":"","background-media":"","overlay-type":"","overlay-color":"","overlay-opacity":"","overlay-gradient":""},"mobile":{"background-color":"var(--ast-global-color-4)","background-image":"","background-repeat":"repeat","background-position":"center center","background-size":"auto","background-attachment":"scroll","background-type":"","background-media":"","overlay-type":"","overlay-color":"","overlay-opacity":"","overlay-gradient":""}},"footnotes":""},"categories":[1,13,14],"tags":[],"class_list":["post-37631","post","type-post","status-publish","format-standard","has-post-thumbnail","hentry","category-noticias","category-provinciales","category-rio-negro"],"yoast_head":"<!-- This site is optimized with the Yoast SEO Premium plugin v23.0 (Yoast SEO v27.5) - https:\/\/yoast.com\/product\/yoast-seo-premium-wordpress\/ -->\n<title>En una Carta abierta la Legisladora Elsa Inchassendague le expreso al Vicegobernador de la Pampa su preocupaci\u00f3n por la contaminaci\u00f3n del r\u00edo Colorado<\/title>\n<meta name=\"robots\" content=\"index, follow, max-snippet:-1, max-image-preview:large, max-video-preview:-1\" \/>\n<link rel=\"canonical\" href=\"https:\/\/patagoniambiental.com.ar\/info\/en-una-carta-abierta-la-legisladora-elsa-inchassendague-le-expreso-al-vicegobernador-de-la-pampa-su-preocupacion-por-la-contaminacion-del-rio-colorado\/\" \/>\n<meta property=\"og:locale\" content=\"es_ES\" \/>\n<meta property=\"og:type\" content=\"article\" \/>\n<meta property=\"og:title\" content=\"En una Carta abierta la Legisladora Elsa Inchassendague le expreso al Vicegobernador de la Pampa su preocupaci\u00f3n por la contaminaci\u00f3n del r\u00edo Colorado\" \/>\n<meta property=\"og:description\" content=\"Viedma.-En una carta abierta la legisladora Elsa Inchassendague de la ciudad de Rio Colorado se dirigio al vicegobernador de la [&hellip;]\" \/>\n<meta property=\"og:url\" content=\"https:\/\/patagoniambiental.com.ar\/info\/en-una-carta-abierta-la-legisladora-elsa-inchassendague-le-expreso-al-vicegobernador-de-la-pampa-su-preocupacion-por-la-contaminacion-del-rio-colorado\/\" \/>\n<meta property=\"og:site_name\" content=\"Patagonia Ambiental\" \/>\n<meta property=\"article:publisher\" content=\"https:\/\/www.facebook.com\/patagonia.ambiental\" \/>\n<meta property=\"article:author\" content=\"https:\/\/www.facebook.com\/share\/1C1V8Gv9BX\/?mibextid=qi2Omg\" \/>\n<meta property=\"article:published_time\" content=\"2017-11-03T22:00:09+00:00\" \/>\n<meta property=\"og:image\" content=\"https:\/\/patagoniambiental.com.ar\/info\/wp-content\/uploads\/2017\/11\/P1390338-300x211.jpg\" \/>\n\t<meta property=\"og:image:width\" content=\"300\" \/>\n\t<meta property=\"og:image:height\" content=\"211\" \/>\n\t<meta property=\"og:image:type\" content=\"image\/jpeg\" \/>\n<meta name=\"author\" content=\"Patagonia Ambiental\" \/>\n<meta name=\"twitter:card\" content=\"summary_large_image\" \/>\n<meta name=\"twitter:creator\" content=\"@PatAmb\" \/>\n<meta name=\"twitter:site\" content=\"@PatAmb\" \/>\n<script type=\"application\/ld+json\" class=\"yoast-schema-graph\">{\"@context\":\"https:\\\/\\\/schema.org\",\"@graph\":[{\"@type\":\"Article\",\"@id\":\"https:\\\/\\\/patagoniambiental.com.ar\\\/info\\\/en-una-carta-abierta-la-legisladora-elsa-inchassendague-le-expreso-al-vicegobernador-de-la-pampa-su-preocupacion-por-la-contaminacion-del-rio-colorado\\\/#article\",\"isPartOf\":{\"@id\":\"https:\\\/\\\/patagoniambiental.com.ar\\\/info\\\/en-una-carta-abierta-la-legisladora-elsa-inchassendague-le-expreso-al-vicegobernador-de-la-pampa-su-preocupacion-por-la-contaminacion-del-rio-colorado\\\/\"},\"author\":{\"name\":\"Patagonia Ambiental\",\"@id\":\"https:\\\/\\\/patagoniambiental.com.ar\\\/info\\\/#\\\/schema\\\/person\\\/db12bff64bbcbf6a253710bf0ea37b5d\"},\"headline\":\"En una Carta abierta la Legisladora Elsa Inchassendague le expreso al Vicegobernador de la Pampa su preocupaci\u00f3n por la contaminaci\u00f3n del r\u00edo Colorado\",\"datePublished\":\"2017-11-03T22:00:09+00:00\",\"mainEntityOfPage\":{\"@id\":\"https:\\\/\\\/patagoniambiental.com.ar\\\/info\\\/en-una-carta-abierta-la-legisladora-elsa-inchassendague-le-expreso-al-vicegobernador-de-la-pampa-su-preocupacion-por-la-contaminacion-del-rio-colorado\\\/\"},\"wordCount\":1775,\"commentCount\":0,\"publisher\":{\"@id\":\"https:\\\/\\\/patagoniambiental.com.ar\\\/info\\\/#organization\"},\"image\":{\"@id\":\"https:\\\/\\\/patagoniambiental.com.ar\\\/info\\\/en-una-carta-abierta-la-legisladora-elsa-inchassendague-le-expreso-al-vicegobernador-de-la-pampa-su-preocupacion-por-la-contaminacion-del-rio-colorado\\\/#primaryimage\"},\"thumbnailUrl\":\"https:\\\/\\\/patagoniambiental.com.ar\\\/info\\\/wp-content\\\/uploads\\\/2017\\\/11\\\/P1390338-300x211.jpg\",\"articleSection\":[\"Noticias\",\"Provinciales\",\"R\u00edo Negro\"],\"inLanguage\":\"es\",\"potentialAction\":[{\"@type\":\"CommentAction\",\"name\":\"Comment\",\"target\":[\"https:\\\/\\\/patagoniambiental.com.ar\\\/info\\\/en-una-carta-abierta-la-legisladora-elsa-inchassendague-le-expreso-al-vicegobernador-de-la-pampa-su-preocupacion-por-la-contaminacion-del-rio-colorado\\\/#respond\"]}]},{\"@type\":\"WebPage\",\"@id\":\"https:\\\/\\\/patagoniambiental.com.ar\\\/info\\\/en-una-carta-abierta-la-legisladora-elsa-inchassendague-le-expreso-al-vicegobernador-de-la-pampa-su-preocupacion-por-la-contaminacion-del-rio-colorado\\\/\",\"url\":\"https:\\\/\\\/patagoniambiental.com.ar\\\/info\\\/en-una-carta-abierta-la-legisladora-elsa-inchassendague-le-expreso-al-vicegobernador-de-la-pampa-su-preocupacion-por-la-contaminacion-del-rio-colorado\\\/\",\"name\":\"En una Carta abierta la Legisladora Elsa Inchassendague le expreso al Vicegobernador de la Pampa su preocupaci\u00f3n por la contaminaci\u00f3n del r\u00edo Colorado\",\"isPartOf\":{\"@id\":\"https:\\\/\\\/patagoniambiental.com.ar\\\/info\\\/#website\"},\"primaryImageOfPage\":{\"@id\":\"https:\\\/\\\/patagoniambiental.com.ar\\\/info\\\/en-una-carta-abierta-la-legisladora-elsa-inchassendague-le-expreso-al-vicegobernador-de-la-pampa-su-preocupacion-por-la-contaminacion-del-rio-colorado\\\/#primaryimage\"},\"image\":{\"@id\":\"https:\\\/\\\/patagoniambiental.com.ar\\\/info\\\/en-una-carta-abierta-la-legisladora-elsa-inchassendague-le-expreso-al-vicegobernador-de-la-pampa-su-preocupacion-por-la-contaminacion-del-rio-colorado\\\/#primaryimage\"},\"thumbnailUrl\":\"https:\\\/\\\/patagoniambiental.com.ar\\\/info\\\/wp-content\\\/uploads\\\/2017\\\/11\\\/P1390338-300x211.jpg\",\"datePublished\":\"2017-11-03T22:00:09+00:00\",\"breadcrumb\":{\"@id\":\"https:\\\/\\\/patagoniambiental.com.ar\\\/info\\\/en-una-carta-abierta-la-legisladora-elsa-inchassendague-le-expreso-al-vicegobernador-de-la-pampa-su-preocupacion-por-la-contaminacion-del-rio-colorado\\\/#breadcrumb\"},\"inLanguage\":\"es\",\"potentialAction\":[{\"@type\":\"ReadAction\",\"target\":[\"https:\\\/\\\/patagoniambiental.com.ar\\\/info\\\/en-una-carta-abierta-la-legisladora-elsa-inchassendague-le-expreso-al-vicegobernador-de-la-pampa-su-preocupacion-por-la-contaminacion-del-rio-colorado\\\/\"]}]},{\"@type\":\"ImageObject\",\"inLanguage\":\"es\",\"@id\":\"https:\\\/\\\/patagoniambiental.com.ar\\\/info\\\/en-una-carta-abierta-la-legisladora-elsa-inchassendague-le-expreso-al-vicegobernador-de-la-pampa-su-preocupacion-por-la-contaminacion-del-rio-colorado\\\/#primaryimage\",\"url\":\"https:\\\/\\\/patagoniambiental.com.ar\\\/info\\\/wp-content\\\/uploads\\\/2017\\\/11\\\/P1390338-300x211.jpg\",\"contentUrl\":\"https:\\\/\\\/patagoniambiental.com.ar\\\/info\\\/wp-content\\\/uploads\\\/2017\\\/11\\\/P1390338-300x211.jpg\",\"width\":300,\"height\":211},{\"@type\":\"BreadcrumbList\",\"@id\":\"https:\\\/\\\/patagoniambiental.com.ar\\\/info\\\/en-una-carta-abierta-la-legisladora-elsa-inchassendague-le-expreso-al-vicegobernador-de-la-pampa-su-preocupacion-por-la-contaminacion-del-rio-colorado\\\/#breadcrumb\",\"itemListElement\":[{\"@type\":\"ListItem\",\"position\":1,\"name\":\"Inicio\",\"item\":\"https:\\\/\\\/patagoniambiental.com.ar\\\/info\\\/\"},{\"@type\":\"ListItem\",\"position\":2,\"name\":\"En una Carta abierta la Legisladora Elsa Inchassendague le expreso al Vicegobernador de la Pampa su preocupaci\u00f3n por la contaminaci\u00f3n del r\u00edo Colorado\"}]},{\"@type\":\"WebSite\",\"@id\":\"https:\\\/\\\/patagoniambiental.com.ar\\\/info\\\/#website\",\"url\":\"https:\\\/\\\/patagoniambiental.com.ar\\\/info\\\/\",\"name\":\"Patagonia Ambiental\",\"description\":\"Monitoreo y an\u00e1lisis de la situaci\u00f3n geopol\u00edtica en el mundo y su implicancia en la Patagonia\",\"publisher\":{\"@id\":\"https:\\\/\\\/patagoniambiental.com.ar\\\/info\\\/#organization\"},\"potentialAction\":[{\"@type\":\"SearchAction\",\"target\":{\"@type\":\"EntryPoint\",\"urlTemplate\":\"https:\\\/\\\/patagoniambiental.com.ar\\\/info\\\/?s={search_term_string}\"},\"query-input\":{\"@type\":\"PropertyValueSpecification\",\"valueRequired\":true,\"valueName\":\"search_term_string\"}}],\"inLanguage\":\"es\"},{\"@type\":\"Organization\",\"@id\":\"https:\\\/\\\/patagoniambiental.com.ar\\\/info\\\/#organization\",\"name\":\"Patagonia Ambiental\",\"url\":\"https:\\\/\\\/patagoniambiental.com.ar\\\/info\\\/\",\"logo\":{\"@type\":\"ImageObject\",\"inLanguage\":\"es\",\"@id\":\"https:\\\/\\\/patagoniambiental.com.ar\\\/info\\\/#\\\/schema\\\/logo\\\/image\\\/\",\"url\":\"https:\\\/\\\/patagoniambiental.com.ar\\\/info\\\/wp-content\\\/uploads\\\/2025\\\/05\\\/LOGO-PATAGONIA-AMBIENTAL.png\",\"contentUrl\":\"https:\\\/\\\/patagoniambiental.com.ar\\\/info\\\/wp-content\\\/uploads\\\/2025\\\/05\\\/LOGO-PATAGONIA-AMBIENTAL.png\",\"width\":433,\"height\":250,\"caption\":\"Patagonia Ambiental\"},\"image\":{\"@id\":\"https:\\\/\\\/patagoniambiental.com.ar\\\/info\\\/#\\\/schema\\\/logo\\\/image\\\/\"},\"sameAs\":[\"https:\\\/\\\/www.facebook.com\\\/patagonia.ambiental\",\"https:\\\/\\\/x.com\\\/PatAmb\"]},{\"@type\":\"Person\",\"@id\":\"https:\\\/\\\/patagoniambiental.com.ar\\\/info\\\/#\\\/schema\\\/person\\\/db12bff64bbcbf6a253710bf0ea37b5d\",\"name\":\"Patagonia Ambiental\",\"description\":\"Andr\u00e9s Nievas T\u00e9cnico en manejo ambiental, consultor Ambiental y escritor para medios locales e internacionales sobre temas de geopolitica y medio ambiente.\",\"sameAs\":[\"http:\\\/\\\/www.patagoniambiental.com.ar\",\"https:\\\/\\\/www.facebook.com\\\/share\\\/1C1V8Gv9BX\\\/?mibextid=qi2Omg\",\"@patagoniambiental\",\"https:\\\/\\\/youtube.com\\\/@patagoniaambiental2023?si=BLt58t0wuXquxlYZ\"]}]}<\/script>\n<!-- \/ Yoast SEO Premium plugin. -->","yoast_head_json":{"title":"En una Carta abierta la Legisladora Elsa Inchassendague le expreso al Vicegobernador de la Pampa su preocupaci\u00f3n por la contaminaci\u00f3n del r\u00edo Colorado","robots":{"index":"index","follow":"follow","max-snippet":"max-snippet:-1","max-image-preview":"max-image-preview:large","max-video-preview":"max-video-preview:-1"},"canonical":"https:\/\/patagoniambiental.com.ar\/info\/en-una-carta-abierta-la-legisladora-elsa-inchassendague-le-expreso-al-vicegobernador-de-la-pampa-su-preocupacion-por-la-contaminacion-del-rio-colorado\/","og_locale":"es_ES","og_type":"article","og_title":"En una Carta abierta la Legisladora Elsa Inchassendague le expreso al Vicegobernador de la Pampa su preocupaci\u00f3n por la contaminaci\u00f3n del r\u00edo Colorado","og_description":"Viedma.-En una carta abierta la legisladora Elsa Inchassendague de la ciudad de Rio Colorado se dirigio al vicegobernador de la [&hellip;]","og_url":"https:\/\/patagoniambiental.com.ar\/info\/en-una-carta-abierta-la-legisladora-elsa-inchassendague-le-expreso-al-vicegobernador-de-la-pampa-su-preocupacion-por-la-contaminacion-del-rio-colorado\/","og_site_name":"Patagonia Ambiental","article_publisher":"https:\/\/www.facebook.com\/patagonia.ambiental","article_author":"https:\/\/www.facebook.com\/share\/1C1V8Gv9BX\/?mibextid=qi2Omg","article_published_time":"2017-11-03T22:00:09+00:00","og_image":[{"width":300,"height":211,"url":"https:\/\/patagoniambiental.com.ar\/info\/wp-content\/uploads\/2017\/11\/P1390338-300x211.jpg","type":"image\/jpeg"}],"author":"Patagonia Ambiental","twitter_card":"summary_large_image","twitter_creator":"@PatAmb","twitter_site":"@PatAmb","schema":{"@context":"https:\/\/schema.org","@graph":[{"@type":"Article","@id":"https:\/\/patagoniambiental.com.ar\/info\/en-una-carta-abierta-la-legisladora-elsa-inchassendague-le-expreso-al-vicegobernador-de-la-pampa-su-preocupacion-por-la-contaminacion-del-rio-colorado\/#article","isPartOf":{"@id":"https:\/\/patagoniambiental.com.ar\/info\/en-una-carta-abierta-la-legisladora-elsa-inchassendague-le-expreso-al-vicegobernador-de-la-pampa-su-preocupacion-por-la-contaminacion-del-rio-colorado\/"},"author":{"name":"Patagonia Ambiental","@id":"https:\/\/patagoniambiental.com.ar\/info\/#\/schema\/person\/db12bff64bbcbf6a253710bf0ea37b5d"},"headline":"En una Carta abierta la Legisladora Elsa Inchassendague le expreso al Vicegobernador de la Pampa su preocupaci\u00f3n por la contaminaci\u00f3n del r\u00edo Colorado","datePublished":"2017-11-03T22:00:09+00:00","mainEntityOfPage":{"@id":"https:\/\/patagoniambiental.com.ar\/info\/en-una-carta-abierta-la-legisladora-elsa-inchassendague-le-expreso-al-vicegobernador-de-la-pampa-su-preocupacion-por-la-contaminacion-del-rio-colorado\/"},"wordCount":1775,"commentCount":0,"publisher":{"@id":"https:\/\/patagoniambiental.com.ar\/info\/#organization"},"image":{"@id":"https:\/\/patagoniambiental.com.ar\/info\/en-una-carta-abierta-la-legisladora-elsa-inchassendague-le-expreso-al-vicegobernador-de-la-pampa-su-preocupacion-por-la-contaminacion-del-rio-colorado\/#primaryimage"},"thumbnailUrl":"https:\/\/patagoniambiental.com.ar\/info\/wp-content\/uploads\/2017\/11\/P1390338-300x211.jpg","articleSection":["Noticias","Provinciales","R\u00edo Negro"],"inLanguage":"es","potentialAction":[{"@type":"CommentAction","name":"Comment","target":["https:\/\/patagoniambiental.com.ar\/info\/en-una-carta-abierta-la-legisladora-elsa-inchassendague-le-expreso-al-vicegobernador-de-la-pampa-su-preocupacion-por-la-contaminacion-del-rio-colorado\/#respond"]}]},{"@type":"WebPage","@id":"https:\/\/patagoniambiental.com.ar\/info\/en-una-carta-abierta-la-legisladora-elsa-inchassendague-le-expreso-al-vicegobernador-de-la-pampa-su-preocupacion-por-la-contaminacion-del-rio-colorado\/","url":"https:\/\/patagoniambiental.com.ar\/info\/en-una-carta-abierta-la-legisladora-elsa-inchassendague-le-expreso-al-vicegobernador-de-la-pampa-su-preocupacion-por-la-contaminacion-del-rio-colorado\/","name":"En una Carta abierta la Legisladora Elsa Inchassendague le expreso al Vicegobernador de la Pampa su preocupaci\u00f3n por la contaminaci\u00f3n del r\u00edo Colorado","isPartOf":{"@id":"https:\/\/patagoniambiental.com.ar\/info\/#website"},"primaryImageOfPage":{"@id":"https:\/\/patagoniambiental.com.ar\/info\/en-una-carta-abierta-la-legisladora-elsa-inchassendague-le-expreso-al-vicegobernador-de-la-pampa-su-preocupacion-por-la-contaminacion-del-rio-colorado\/#primaryimage"},"image":{"@id":"https:\/\/patagoniambiental.com.ar\/info\/en-una-carta-abierta-la-legisladora-elsa-inchassendague-le-expreso-al-vicegobernador-de-la-pampa-su-preocupacion-por-la-contaminacion-del-rio-colorado\/#primaryimage"},"thumbnailUrl":"https:\/\/patagoniambiental.com.ar\/info\/wp-content\/uploads\/2017\/11\/P1390338-300x211.jpg","datePublished":"2017-11-03T22:00:09+00:00","breadcrumb":{"@id":"https:\/\/patagoniambiental.com.ar\/info\/en-una-carta-abierta-la-legisladora-elsa-inchassendague-le-expreso-al-vicegobernador-de-la-pampa-su-preocupacion-por-la-contaminacion-del-rio-colorado\/#breadcrumb"},"inLanguage":"es","potentialAction":[{"@type":"ReadAction","target":["https:\/\/patagoniambiental.com.ar\/info\/en-una-carta-abierta-la-legisladora-elsa-inchassendague-le-expreso-al-vicegobernador-de-la-pampa-su-preocupacion-por-la-contaminacion-del-rio-colorado\/"]}]},{"@type":"ImageObject","inLanguage":"es","@id":"https:\/\/patagoniambiental.com.ar\/info\/en-una-carta-abierta-la-legisladora-elsa-inchassendague-le-expreso-al-vicegobernador-de-la-pampa-su-preocupacion-por-la-contaminacion-del-rio-colorado\/#primaryimage","url":"https:\/\/patagoniambiental.com.ar\/info\/wp-content\/uploads\/2017\/11\/P1390338-300x211.jpg","contentUrl":"https:\/\/patagoniambiental.com.ar\/info\/wp-content\/uploads\/2017\/11\/P1390338-300x211.jpg","width":300,"height":211},{"@type":"BreadcrumbList","@id":"https:\/\/patagoniambiental.com.ar\/info\/en-una-carta-abierta-la-legisladora-elsa-inchassendague-le-expreso-al-vicegobernador-de-la-pampa-su-preocupacion-por-la-contaminacion-del-rio-colorado\/#breadcrumb","itemListElement":[{"@type":"ListItem","position":1,"name":"Inicio","item":"https:\/\/patagoniambiental.com.ar\/info\/"},{"@type":"ListItem","position":2,"name":"En una Carta abierta la Legisladora Elsa Inchassendague le expreso al Vicegobernador de la Pampa su preocupaci\u00f3n por la contaminaci\u00f3n del r\u00edo Colorado"}]},{"@type":"WebSite","@id":"https:\/\/patagoniambiental.com.ar\/info\/#website","url":"https:\/\/patagoniambiental.com.ar\/info\/","name":"Patagonia Ambiental","description":"Monitoreo y an\u00e1lisis de la situaci\u00f3n geopol\u00edtica en el mundo y su implicancia en la Patagonia","publisher":{"@id":"https:\/\/patagoniambiental.com.ar\/info\/#organization"},"potentialAction":[{"@type":"SearchAction","target":{"@type":"EntryPoint","urlTemplate":"https:\/\/patagoniambiental.com.ar\/info\/?s={search_term_string}"},"query-input":{"@type":"PropertyValueSpecification","valueRequired":true,"valueName":"search_term_string"}}],"inLanguage":"es"},{"@type":"Organization","@id":"https:\/\/patagoniambiental.com.ar\/info\/#organization","name":"Patagonia Ambiental","url":"https:\/\/patagoniambiental.com.ar\/info\/","logo":{"@type":"ImageObject","inLanguage":"es","@id":"https:\/\/patagoniambiental.com.ar\/info\/#\/schema\/logo\/image\/","url":"https:\/\/patagoniambiental.com.ar\/info\/wp-content\/uploads\/2025\/05\/LOGO-PATAGONIA-AMBIENTAL.png","contentUrl":"https:\/\/patagoniambiental.com.ar\/info\/wp-content\/uploads\/2025\/05\/LOGO-PATAGONIA-AMBIENTAL.png","width":433,"height":250,"caption":"Patagonia Ambiental"},"image":{"@id":"https:\/\/patagoniambiental.com.ar\/info\/#\/schema\/logo\/image\/"},"sameAs":["https:\/\/www.facebook.com\/patagonia.ambiental","https:\/\/x.com\/PatAmb"]},{"@type":"Person","@id":"https:\/\/patagoniambiental.com.ar\/info\/#\/schema\/person\/db12bff64bbcbf6a253710bf0ea37b5d","name":"Patagonia Ambiental","description":"Andr\u00e9s Nievas T\u00e9cnico en manejo ambiental, consultor Ambiental y escritor para medios locales e internacionales sobre temas de geopolitica y medio ambiente.","sameAs":["http:\/\/www.patagoniambiental.com.ar","https:\/\/www.facebook.com\/share\/1C1V8Gv9BX\/?mibextid=qi2Omg","@patagoniambiental","https:\/\/youtube.com\/@patagoniaambiental2023?si=BLt58t0wuXquxlYZ"]}]}},"_links":{"self":[{"href":"https:\/\/patagoniambiental.com.ar\/info\/wp-json\/wp\/v2\/posts\/37631","targetHints":{"allow":["GET"]}}],"collection":[{"href":"https:\/\/patagoniambiental.com.ar\/info\/wp-json\/wp\/v2\/posts"}],"about":[{"href":"https:\/\/patagoniambiental.com.ar\/info\/wp-json\/wp\/v2\/types\/post"}],"author":[{"embeddable":true,"href":"https:\/\/patagoniambiental.com.ar\/info\/wp-json\/wp\/v2\/users\/2"}],"replies":[{"embeddable":true,"href":"https:\/\/patagoniambiental.com.ar\/info\/wp-json\/wp\/v2\/comments?post=37631"}],"version-history":[{"count":0,"href":"https:\/\/patagoniambiental.com.ar\/info\/wp-json\/wp\/v2\/posts\/37631\/revisions"}],"wp:featuredmedia":[{"embeddable":true,"href":"https:\/\/patagoniambiental.com.ar\/info\/wp-json\/wp\/v2\/media\/37632"}],"wp:attachment":[{"href":"https:\/\/patagoniambiental.com.ar\/info\/wp-json\/wp\/v2\/media?parent=37631"}],"wp:term":[{"taxonomy":"category","embeddable":true,"href":"https:\/\/patagoniambiental.com.ar\/info\/wp-json\/wp\/v2\/categories?post=37631"},{"taxonomy":"post_tag","embeddable":true,"href":"https:\/\/patagoniambiental.com.ar\/info\/wp-json\/wp\/v2\/tags?post=37631"}],"curies":[{"name":"wp","href":"https:\/\/api.w.org\/{rel}","templated":true}]}}