{"id":37643,"date":"2017-11-06T09:00:14","date_gmt":"2017-11-06T12:00:14","guid":{"rendered":"http:\/\/patagoniambiental.com.ar\/info\/?p=37643"},"modified":"2017-11-05T23:53:19","modified_gmt":"2017-11-06T02:53:19","slug":"uruguay-exporto-por-primera-vez-energia-renovable-y-lo-hizo-a-la-argentina","status":"publish","type":"post","link":"https:\/\/patagoniambiental.com.ar\/info\/uruguay-exporto-por-primera-vez-energia-renovable-y-lo-hizo-a-la-argentina\/","title":{"rendered":"Uruguay export\u00f3 por primera vez energ\u00eda renovable y lo hizo a la Argentina"},"content":{"rendered":"<p>URUGUAY.- Por primera vez en su historia, Uruguay exporta energ\u00eda e\u00f3lica a la Rep\u00fablica Argentina. Ventus marc\u00f3 un hito: es la primera empresa privada de capitales uruguayos que logra comercializar energ\u00eda renovable fuera de su territorio nacional.<\/p>\n<p>La empresa es un sue\u00f1o propio del siglo XXI gestado y parido por un grupo de estudiantes de ingenier\u00eda de la Universidad de Montevideo mientras cursaban una materia sobre energ\u00edas renovables. Actualmente se dedican a construir parques e\u00f3licos y solares listos para generar energ\u00eda. Tambi\u00e9n incluyen todos los servicios que conllevan estos proyectos; desde el desarrollo, la ingenier\u00eda, la construcci\u00f3n y operaci\u00f3n, as\u00ed como la comercializaci\u00f3n del producto. Ventus ofrece todas las opciones disponibles en el mercado: desde participar en un parque e\u00f3lico en forma total o parcial, comprar un contrato de energ\u00eda de largo plazo desde 1.000 megavatios hora (MWh) por a\u00f1o (que representan hasta un 20% por ciento del consumo total), o un proyecto e\u00f3lico o solar de autoconsumo en predio propio de una compa\u00f1\u00eda.<\/p>\n<p>Esta sociedad formada en 2010 por j\u00f3venes emprendedores hoy desembolsa cantidades significativas en t\u00e9rminos de inversi\u00f3n en su pa\u00eds: unos 150 millones de d\u00f3lares anuales. Ventus opera 72,9 MW de potencia e\u00f3lica en Uruguay y genera 250.000 MWh por a\u00f1o.<br \/>\nUruguay es un pa\u00eds que no cuenta con recursos convencionales. No tiene gas ni petr\u00f3leo bajo su suelo. Fue durante muchos a\u00f1os importador neto de energ\u00eda hasta que modific\u00f3 sustancialmente su matriz. Hoy el 98% de la generaci\u00f3n total viene de las renovables: hidr\u00e1ulica, solar, e\u00f3lica y biomasa. En el pa\u00eds vecino se radican decenas de f\u00e1bricas enteras, que van desde textiles a frigor\u00edficos, cuya alimentaci\u00f3n se produce exclusivamente bajo esta modalidad. Es as\u00ed como Uruguay integra el top 3 de los pa\u00edses del mundo que utilizan estos recursos en mayor proporci\u00f3n. Se trata de un pa\u00eds chico que precisa 1.300 megas para funcionar y que cuenta con 1.700 megas que aportan unicamente fuentes no tradicionales como el sol y los vientos.<\/p>\n<p>Ventus logra exportar energ\u00eda a la Argentina porque a Uruguay le sobra electricidad. \u201cEn Uruguay tenemos m\u00e1s energ\u00eda que la que el mercado demanda. Los parques est\u00e1n funcionando al 30% de su capacidad\u201d, explica Francis Raquet, director de Ventus.<\/p>\n<p>La Argentina se encamina al cambio de su martiz energ\u00e9tica a trav\u00e9s de la misma direcci\u00f3n, dado el nuevo escenario en la materia a partir de la implementaci\u00f3n de la ley 27.191, de 2015. En 2018 las empresas con una potencia contratada a partir de 300 (kilovatios) kW o ma\u0301s se vera\u0301n obligadas a saciar al menos un 8% de su demanda energe\u0301tica de fuentes renovables, cifra que va escalando hasta alcanzar un 20% en 2025. La reglamentacio\u0301n de la ley en 2016 estableci\u00f3 un precio fijo a 20 a\u00f1os y la inversio\u0301n en energi\u0301as renovables tiene beneficios fiscales: libre importacio\u0301n, devolucio\u0301n del IVA, adema\u0301s de una amortizacio\u0301n acelerada de su inversio\u0301n. La reglamentaci\u00f3n para la promoci\u00f3n de la inversi\u00f3n en energ\u00edas renovables as\u00ed como las caracter\u00edsticas demogr\u00e1ficas y geogr\u00e1ficas convierten a la Argentina en un pa\u00eds con un potencial \u00fanico para la inclusi\u00f3n de energ\u00edas provenientes de este tipo de fuentes no convencionales.<\/p>\n<p>La propuesta de Ventus para la Argentina es contundente: \u201cQue nuestros clientes bajen los costos de producci\u00f3n\u201d. A nivel local, la generaci\u00f3n cuesta 65 o 70 d\u00f3lares mientras que en el pa\u00eds vecino el costo baja notablemente hasta 25. Con energ\u00eda renovable, una industria podr\u00eda abatecerse con un precio que ronda los 50 d\u00f3lares. \u201cPor eso es un sector que no necesita ning\u00fan tipo de subsidio del Estado\u201d, opina Raquet.<\/p>\n<p><strong>Acuerdo<\/strong><\/p>\n<p>Ventus firm\u00f3 un contrato en la Argentina con p\u00fablico-privada Compa\u00f1\u00eda Administradora del Mercado El\u00e9ctrica Mayorista (Cammesa) por la venta de energ\u00eda. Se acordaron transacciones por paquetes semanales, de manera de poder exportar en el per\u00edodo de un a\u00f1o 250.000 MWh, lo correspondiente a la potencia instalada de 73 MW distribuidos en ocho parques. Esta energ\u00eda es suficiente para abastecer a una ciudad de unos 160.000 habitantes. Este convenio es interrumpible para casos en los que se necesite volcar la energ\u00eda a la red local uruguaya.<\/p>\n<p>Ventus pretende replicar en la Argentina la misma estructura desarrollada en Uruguay, donde se proponen dos tipos de fideicomisos distintos: de administraci\u00f3n o financieros. Entre los primeros se agrupan empresas donde cada una es due\u00f1a de un aerogenerador y Ventus se ocupa de ejecutar toda la obra. En cambio, en un fideicomiso financiero de oferta privada invierten desde corredores de bolsa hasta personas f\u00edsicas. Bajo esta modalidad Ventus realiz\u00f3 una emisi\u00f3n de 19,5 millones de d\u00f3lares, con lo que construy\u00f3 un parque e\u00f3lico de 10 MW en Uruguay en 2014. En fideicomisos de administraci\u00f3n, las empresas que inviertan pueden autoabastecerse y adem\u00e1s vender energ\u00eda; mientras que en los fideicomisos financieros, los clientes pueden invertir para vender energ\u00eda a empresas, independientemente de su tama\u00f1o.<\/p>\n<p>\u201cEs un orgullo y estamos muy satisfechos de poder concretar por primera vez una venta de energ\u00eda fuera del pa\u00eds. Este es un hito y un salto importante para nuestra industria de energ\u00edas renovables, para el pa\u00eds que est\u00e1 impulsando una fuerte apuesta en este \u00e1mbito y para nuestra empresa, que con gran esfuerzo ha logrado este hito\u201d, destaca Raquet. Por su parte, Juan Pablo Saltre, CEO de Ventus, pondera el clima proactivo del mercado argentino por la incorporaci\u00f3n de las energ\u00edas renovables: \u201cExiste un inter\u00e9s muy grande por parte de privados y p\u00fablicos por integrar las renovables a su matriz. Hemos brindado servicios por m\u00e1s de 2,5 GW e\u00f3licos y solares en Am\u00e9rica Latina, y confiamos en poder contribuir desde Ventus al desarrollo renovable de la Argentina\u201d.<\/p>\n<p>Ventus tiene presencia a nivel regional, con oficinas en la Argentina, Bolivia, Colombia, M\u00e9xico y Uruguay. Es proveedor de jugadores como Pampa, Aluar, Cargill, YPF, Central Puerto, Albanesi, Impsa (Pescarmona), Pan American Energy. Corporaci\u00f3n Am\u00e9rica (Eurnekian), Siemens Gamesa, Enel, AES e Isolux Cors\u00e1n.<\/p>\n<div>\u00a0Fuente:\u00a0http:\/\/noticias.perfil.com\/2017\/11\/04\/uruguay-exporto-por-primera-vez-energia-renovable-y-lo-hizo-a-la-argentina\/<\/div>\n","protected":false},"excerpt":{"rendered":"<p>URUGUAY.- Por primera vez en su historia, Uruguay exporta energ\u00eda e\u00f3lica a la Rep\u00fablica Argentina. Ventus marc\u00f3 un hito: es [&hellip;]<\/p>\n","protected":false},"author":2,"featured_media":37644,"comment_status":"open","ping_status":"open","sticky":false,"template":"","format":"standard","meta":{"site-sidebar-layout":"default","site-content-layout":"","ast-site-content-layout":"default","site-content-style":"default","site-sidebar-style":"default","ast-global-header-display":"","ast-banner-title-visibility":"","ast-main-header-display":"","ast-hfb-above-header-display":"","ast-hfb-below-header-display":"","ast-hfb-mobile-header-display":"","site-post-title":"","ast-breadcrumbs-content":"","ast-featured-img":"","footer-sml-layout":"","ast-disable-related-posts":"","theme-transparent-header-meta":"","adv-header-id-meta":"","stick-header-meta":"","header-above-stick-meta":"","header-main-stick-meta":"","header-below-stick-meta":"","astra-migrate-meta-layouts":"default","ast-page-background-enabled":"default","ast-page-background-meta":{"desktop":{"background-color":"var(--ast-global-color-5)","background-image":"","background-repeat":"repeat","background-position":"center center","background-size":"auto","background-attachment":"scroll","background-type":"","background-media":"","overlay-type":"","overlay-color":"","overlay-opacity":"","overlay-gradient":""},"tablet":{"background-color":"","background-image":"","background-repeat":"repeat","background-position":"center center","background-size":"auto","background-attachment":"scroll","background-type":"","background-media":"","overlay-type":"","overlay-color":"","overlay-opacity":"","overlay-gradient":""},"mobile":{"background-color":"","background-image":"","background-repeat":"repeat","background-position":"center center","background-size":"auto","background-attachment":"scroll","background-type":"","background-media":"","overlay-type":"","overlay-color":"","overlay-opacity":"","overlay-gradient":""}},"ast-content-background-meta":{"desktop":{"background-color":"var(--ast-global-color-4)","background-image":"","background-repeat":"repeat","background-position":"center center","background-size":"auto","background-attachment":"scroll","background-type":"","background-media":"","overlay-type":"","overlay-color":"","overlay-opacity":"","overlay-gradient":""},"tablet":{"background-color":"var(--ast-global-color-4)","background-image":"","background-repeat":"repeat","background-position":"center center","background-size":"auto","background-attachment":"scroll","background-type":"","background-media":"","overlay-type":"","overlay-color":"","overlay-opacity":"","overlay-gradient":""},"mobile":{"background-color":"var(--ast-global-color-4)","background-image":"","background-repeat":"repeat","background-position":"center center","background-size":"auto","background-attachment":"scroll","background-type":"","background-media":"","overlay-type":"","overlay-color":"","overlay-opacity":"","overlay-gradient":""}},"footnotes":""},"categories":[23,1],"tags":[],"class_list":["post-37643","post","type-post","status-publish","format-standard","has-post-thumbnail","hentry","category-internacionales","category-noticias"],"yoast_head":"<!-- This site is optimized with the Yoast SEO Premium plugin v23.0 (Yoast SEO v27.4) - https:\/\/yoast.com\/product\/yoast-seo-premium-wordpress\/ -->\n<title>Uruguay export\u00f3 por primera vez energ\u00eda renovable y lo hizo a la Argentina<\/title>\n<meta name=\"robots\" content=\"index, follow, max-snippet:-1, max-image-preview:large, max-video-preview:-1\" \/>\n<link rel=\"canonical\" href=\"https:\/\/patagoniambiental.com.ar\/info\/uruguay-exporto-por-primera-vez-energia-renovable-y-lo-hizo-a-la-argentina\/\" \/>\n<meta property=\"og:locale\" content=\"es_ES\" \/>\n<meta property=\"og:type\" content=\"article\" \/>\n<meta property=\"og:title\" content=\"Uruguay export\u00f3 por primera vez energ\u00eda renovable y lo hizo a la Argentina\" \/>\n<meta property=\"og:description\" content=\"URUGUAY.- Por primera vez en su historia, Uruguay exporta energ\u00eda e\u00f3lica a la Rep\u00fablica Argentina. Ventus marc\u00f3 un hito: es [&hellip;]\" \/>\n<meta property=\"og:url\" content=\"https:\/\/patagoniambiental.com.ar\/info\/uruguay-exporto-por-primera-vez-energia-renovable-y-lo-hizo-a-la-argentina\/\" \/>\n<meta property=\"og:site_name\" content=\"Patagonia Ambiental\" \/>\n<meta property=\"article:publisher\" content=\"https:\/\/www.facebook.com\/patagonia.ambiental\" \/>\n<meta property=\"article:author\" content=\"https:\/\/www.facebook.com\/share\/1C1V8Gv9BX\/?mibextid=qi2Omg\" \/>\n<meta property=\"article:published_time\" content=\"2017-11-06T12:00:14+00:00\" \/>\n<meta property=\"og:image\" content=\"https:\/\/patagoniambiental.com.ar\/info\/wp-content\/uploads\/2017\/11\/ventus.jpg\" \/>\n\t<meta property=\"og:image:width\" content=\"624\" \/>\n\t<meta property=\"og:image:height\" content=\"429\" \/>\n\t<meta property=\"og:image:type\" content=\"image\/jpeg\" \/>\n<meta name=\"author\" content=\"Patagonia Ambiental\" \/>\n<meta name=\"twitter:card\" content=\"summary_large_image\" \/>\n<meta name=\"twitter:creator\" content=\"@PatAmb\" \/>\n<meta name=\"twitter:site\" content=\"@PatAmb\" \/>\n<script type=\"application\/ld+json\" class=\"yoast-schema-graph\">{\"@context\":\"https:\\\/\\\/schema.org\",\"@graph\":[{\"@type\":\"Article\",\"@id\":\"https:\\\/\\\/patagoniambiental.com.ar\\\/info\\\/uruguay-exporto-por-primera-vez-energia-renovable-y-lo-hizo-a-la-argentina\\\/#article\",\"isPartOf\":{\"@id\":\"https:\\\/\\\/patagoniambiental.com.ar\\\/info\\\/uruguay-exporto-por-primera-vez-energia-renovable-y-lo-hizo-a-la-argentina\\\/\"},\"author\":{\"name\":\"Patagonia Ambiental\",\"@id\":\"https:\\\/\\\/patagoniambiental.com.ar\\\/info\\\/#\\\/schema\\\/person\\\/db12bff64bbcbf6a253710bf0ea37b5d\"},\"headline\":\"Uruguay export\u00f3 por primera vez energ\u00eda renovable y lo hizo a la Argentina\",\"datePublished\":\"2017-11-06T12:00:14+00:00\",\"mainEntityOfPage\":{\"@id\":\"https:\\\/\\\/patagoniambiental.com.ar\\\/info\\\/uruguay-exporto-por-primera-vez-energia-renovable-y-lo-hizo-a-la-argentina\\\/\"},\"wordCount\":1071,\"commentCount\":0,\"publisher\":{\"@id\":\"https:\\\/\\\/patagoniambiental.com.ar\\\/info\\\/#organization\"},\"image\":{\"@id\":\"https:\\\/\\\/patagoniambiental.com.ar\\\/info\\\/uruguay-exporto-por-primera-vez-energia-renovable-y-lo-hizo-a-la-argentina\\\/#primaryimage\"},\"thumbnailUrl\":\"https:\\\/\\\/patagoniambiental.com.ar\\\/info\\\/wp-content\\\/uploads\\\/2017\\\/11\\\/ventus.jpg\",\"articleSection\":[\"Internacionales\",\"Noticias\"],\"inLanguage\":\"es\",\"potentialAction\":[{\"@type\":\"CommentAction\",\"name\":\"Comment\",\"target\":[\"https:\\\/\\\/patagoniambiental.com.ar\\\/info\\\/uruguay-exporto-por-primera-vez-energia-renovable-y-lo-hizo-a-la-argentina\\\/#respond\"]}]},{\"@type\":\"WebPage\",\"@id\":\"https:\\\/\\\/patagoniambiental.com.ar\\\/info\\\/uruguay-exporto-por-primera-vez-energia-renovable-y-lo-hizo-a-la-argentina\\\/\",\"url\":\"https:\\\/\\\/patagoniambiental.com.ar\\\/info\\\/uruguay-exporto-por-primera-vez-energia-renovable-y-lo-hizo-a-la-argentina\\\/\",\"name\":\"Uruguay export\u00f3 por primera vez energ\u00eda renovable y lo hizo a la Argentina\",\"isPartOf\":{\"@id\":\"https:\\\/\\\/patagoniambiental.com.ar\\\/info\\\/#website\"},\"primaryImageOfPage\":{\"@id\":\"https:\\\/\\\/patagoniambiental.com.ar\\\/info\\\/uruguay-exporto-por-primera-vez-energia-renovable-y-lo-hizo-a-la-argentina\\\/#primaryimage\"},\"image\":{\"@id\":\"https:\\\/\\\/patagoniambiental.com.ar\\\/info\\\/uruguay-exporto-por-primera-vez-energia-renovable-y-lo-hizo-a-la-argentina\\\/#primaryimage\"},\"thumbnailUrl\":\"https:\\\/\\\/patagoniambiental.com.ar\\\/info\\\/wp-content\\\/uploads\\\/2017\\\/11\\\/ventus.jpg\",\"datePublished\":\"2017-11-06T12:00:14+00:00\",\"breadcrumb\":{\"@id\":\"https:\\\/\\\/patagoniambiental.com.ar\\\/info\\\/uruguay-exporto-por-primera-vez-energia-renovable-y-lo-hizo-a-la-argentina\\\/#breadcrumb\"},\"inLanguage\":\"es\",\"potentialAction\":[{\"@type\":\"ReadAction\",\"target\":[\"https:\\\/\\\/patagoniambiental.com.ar\\\/info\\\/uruguay-exporto-por-primera-vez-energia-renovable-y-lo-hizo-a-la-argentina\\\/\"]}]},{\"@type\":\"ImageObject\",\"inLanguage\":\"es\",\"@id\":\"https:\\\/\\\/patagoniambiental.com.ar\\\/info\\\/uruguay-exporto-por-primera-vez-energia-renovable-y-lo-hizo-a-la-argentina\\\/#primaryimage\",\"url\":\"https:\\\/\\\/patagoniambiental.com.ar\\\/info\\\/wp-content\\\/uploads\\\/2017\\\/11\\\/ventus.jpg\",\"contentUrl\":\"https:\\\/\\\/patagoniambiental.com.ar\\\/info\\\/wp-content\\\/uploads\\\/2017\\\/11\\\/ventus.jpg\",\"width\":624,\"height\":429},{\"@type\":\"BreadcrumbList\",\"@id\":\"https:\\\/\\\/patagoniambiental.com.ar\\\/info\\\/uruguay-exporto-por-primera-vez-energia-renovable-y-lo-hizo-a-la-argentina\\\/#breadcrumb\",\"itemListElement\":[{\"@type\":\"ListItem\",\"position\":1,\"name\":\"Inicio\",\"item\":\"https:\\\/\\\/patagoniambiental.com.ar\\\/info\\\/\"},{\"@type\":\"ListItem\",\"position\":2,\"name\":\"Uruguay export\u00f3 por primera vez energ\u00eda renovable y lo hizo a la Argentina\"}]},{\"@type\":\"WebSite\",\"@id\":\"https:\\\/\\\/patagoniambiental.com.ar\\\/info\\\/#website\",\"url\":\"https:\\\/\\\/patagoniambiental.com.ar\\\/info\\\/\",\"name\":\"Patagonia Ambiental\",\"description\":\"Monitoreo y an\u00e1lisis de la situaci\u00f3n geopol\u00edtica en el mundo y su implicancia en la Patagonia\",\"publisher\":{\"@id\":\"https:\\\/\\\/patagoniambiental.com.ar\\\/info\\\/#organization\"},\"potentialAction\":[{\"@type\":\"SearchAction\",\"target\":{\"@type\":\"EntryPoint\",\"urlTemplate\":\"https:\\\/\\\/patagoniambiental.com.ar\\\/info\\\/?s={search_term_string}\"},\"query-input\":{\"@type\":\"PropertyValueSpecification\",\"valueRequired\":true,\"valueName\":\"search_term_string\"}}],\"inLanguage\":\"es\"},{\"@type\":\"Organization\",\"@id\":\"https:\\\/\\\/patagoniambiental.com.ar\\\/info\\\/#organization\",\"name\":\"Patagonia Ambiental\",\"url\":\"https:\\\/\\\/patagoniambiental.com.ar\\\/info\\\/\",\"logo\":{\"@type\":\"ImageObject\",\"inLanguage\":\"es\",\"@id\":\"https:\\\/\\\/patagoniambiental.com.ar\\\/info\\\/#\\\/schema\\\/logo\\\/image\\\/\",\"url\":\"https:\\\/\\\/patagoniambiental.com.ar\\\/info\\\/wp-content\\\/uploads\\\/2025\\\/05\\\/LOGO-PATAGONIA-AMBIENTAL.png\",\"contentUrl\":\"https:\\\/\\\/patagoniambiental.com.ar\\\/info\\\/wp-content\\\/uploads\\\/2025\\\/05\\\/LOGO-PATAGONIA-AMBIENTAL.png\",\"width\":433,\"height\":250,\"caption\":\"Patagonia Ambiental\"},\"image\":{\"@id\":\"https:\\\/\\\/patagoniambiental.com.ar\\\/info\\\/#\\\/schema\\\/logo\\\/image\\\/\"},\"sameAs\":[\"https:\\\/\\\/www.facebook.com\\\/patagonia.ambiental\",\"https:\\\/\\\/x.com\\\/PatAmb\"]},{\"@type\":\"Person\",\"@id\":\"https:\\\/\\\/patagoniambiental.com.ar\\\/info\\\/#\\\/schema\\\/person\\\/db12bff64bbcbf6a253710bf0ea37b5d\",\"name\":\"Patagonia Ambiental\",\"description\":\"Andr\u00e9s Nievas T\u00e9cnico en manejo ambiental, consultor Ambiental y escritor para medios locales e internacionales sobre temas de geopolitica y medio ambiente.\",\"sameAs\":[\"http:\\\/\\\/www.patagoniambiental.com.ar\",\"https:\\\/\\\/www.facebook.com\\\/share\\\/1C1V8Gv9BX\\\/?mibextid=qi2Omg\",\"@patagoniambiental\",\"https:\\\/\\\/youtube.com\\\/@patagoniaambiental2023?si=BLt58t0wuXquxlYZ\"]}]}<\/script>\n<!-- \/ Yoast SEO Premium plugin. -->","yoast_head_json":{"title":"Uruguay export\u00f3 por primera vez energ\u00eda renovable y lo hizo a la Argentina","robots":{"index":"index","follow":"follow","max-snippet":"max-snippet:-1","max-image-preview":"max-image-preview:large","max-video-preview":"max-video-preview:-1"},"canonical":"https:\/\/patagoniambiental.com.ar\/info\/uruguay-exporto-por-primera-vez-energia-renovable-y-lo-hizo-a-la-argentina\/","og_locale":"es_ES","og_type":"article","og_title":"Uruguay export\u00f3 por primera vez energ\u00eda renovable y lo hizo a la Argentina","og_description":"URUGUAY.- Por primera vez en su historia, Uruguay exporta energ\u00eda e\u00f3lica a la Rep\u00fablica Argentina. Ventus marc\u00f3 un hito: es [&hellip;]","og_url":"https:\/\/patagoniambiental.com.ar\/info\/uruguay-exporto-por-primera-vez-energia-renovable-y-lo-hizo-a-la-argentina\/","og_site_name":"Patagonia Ambiental","article_publisher":"https:\/\/www.facebook.com\/patagonia.ambiental","article_author":"https:\/\/www.facebook.com\/share\/1C1V8Gv9BX\/?mibextid=qi2Omg","article_published_time":"2017-11-06T12:00:14+00:00","og_image":[{"width":624,"height":429,"url":"https:\/\/patagoniambiental.com.ar\/info\/wp-content\/uploads\/2017\/11\/ventus.jpg","type":"image\/jpeg"}],"author":"Patagonia Ambiental","twitter_card":"summary_large_image","twitter_creator":"@PatAmb","twitter_site":"@PatAmb","schema":{"@context":"https:\/\/schema.org","@graph":[{"@type":"Article","@id":"https:\/\/patagoniambiental.com.ar\/info\/uruguay-exporto-por-primera-vez-energia-renovable-y-lo-hizo-a-la-argentina\/#article","isPartOf":{"@id":"https:\/\/patagoniambiental.com.ar\/info\/uruguay-exporto-por-primera-vez-energia-renovable-y-lo-hizo-a-la-argentina\/"},"author":{"name":"Patagonia Ambiental","@id":"https:\/\/patagoniambiental.com.ar\/info\/#\/schema\/person\/db12bff64bbcbf6a253710bf0ea37b5d"},"headline":"Uruguay export\u00f3 por primera vez energ\u00eda renovable y lo hizo a la Argentina","datePublished":"2017-11-06T12:00:14+00:00","mainEntityOfPage":{"@id":"https:\/\/patagoniambiental.com.ar\/info\/uruguay-exporto-por-primera-vez-energia-renovable-y-lo-hizo-a-la-argentina\/"},"wordCount":1071,"commentCount":0,"publisher":{"@id":"https:\/\/patagoniambiental.com.ar\/info\/#organization"},"image":{"@id":"https:\/\/patagoniambiental.com.ar\/info\/uruguay-exporto-por-primera-vez-energia-renovable-y-lo-hizo-a-la-argentina\/#primaryimage"},"thumbnailUrl":"https:\/\/patagoniambiental.com.ar\/info\/wp-content\/uploads\/2017\/11\/ventus.jpg","articleSection":["Internacionales","Noticias"],"inLanguage":"es","potentialAction":[{"@type":"CommentAction","name":"Comment","target":["https:\/\/patagoniambiental.com.ar\/info\/uruguay-exporto-por-primera-vez-energia-renovable-y-lo-hizo-a-la-argentina\/#respond"]}]},{"@type":"WebPage","@id":"https:\/\/patagoniambiental.com.ar\/info\/uruguay-exporto-por-primera-vez-energia-renovable-y-lo-hizo-a-la-argentina\/","url":"https:\/\/patagoniambiental.com.ar\/info\/uruguay-exporto-por-primera-vez-energia-renovable-y-lo-hizo-a-la-argentina\/","name":"Uruguay export\u00f3 por primera vez energ\u00eda renovable y lo hizo a la Argentina","isPartOf":{"@id":"https:\/\/patagoniambiental.com.ar\/info\/#website"},"primaryImageOfPage":{"@id":"https:\/\/patagoniambiental.com.ar\/info\/uruguay-exporto-por-primera-vez-energia-renovable-y-lo-hizo-a-la-argentina\/#primaryimage"},"image":{"@id":"https:\/\/patagoniambiental.com.ar\/info\/uruguay-exporto-por-primera-vez-energia-renovable-y-lo-hizo-a-la-argentina\/#primaryimage"},"thumbnailUrl":"https:\/\/patagoniambiental.com.ar\/info\/wp-content\/uploads\/2017\/11\/ventus.jpg","datePublished":"2017-11-06T12:00:14+00:00","breadcrumb":{"@id":"https:\/\/patagoniambiental.com.ar\/info\/uruguay-exporto-por-primera-vez-energia-renovable-y-lo-hizo-a-la-argentina\/#breadcrumb"},"inLanguage":"es","potentialAction":[{"@type":"ReadAction","target":["https:\/\/patagoniambiental.com.ar\/info\/uruguay-exporto-por-primera-vez-energia-renovable-y-lo-hizo-a-la-argentina\/"]}]},{"@type":"ImageObject","inLanguage":"es","@id":"https:\/\/patagoniambiental.com.ar\/info\/uruguay-exporto-por-primera-vez-energia-renovable-y-lo-hizo-a-la-argentina\/#primaryimage","url":"https:\/\/patagoniambiental.com.ar\/info\/wp-content\/uploads\/2017\/11\/ventus.jpg","contentUrl":"https:\/\/patagoniambiental.com.ar\/info\/wp-content\/uploads\/2017\/11\/ventus.jpg","width":624,"height":429},{"@type":"BreadcrumbList","@id":"https:\/\/patagoniambiental.com.ar\/info\/uruguay-exporto-por-primera-vez-energia-renovable-y-lo-hizo-a-la-argentina\/#breadcrumb","itemListElement":[{"@type":"ListItem","position":1,"name":"Inicio","item":"https:\/\/patagoniambiental.com.ar\/info\/"},{"@type":"ListItem","position":2,"name":"Uruguay export\u00f3 por primera vez energ\u00eda renovable y lo hizo a la Argentina"}]},{"@type":"WebSite","@id":"https:\/\/patagoniambiental.com.ar\/info\/#website","url":"https:\/\/patagoniambiental.com.ar\/info\/","name":"Patagonia Ambiental","description":"Monitoreo y an\u00e1lisis de la situaci\u00f3n geopol\u00edtica en el mundo y su implicancia en la Patagonia","publisher":{"@id":"https:\/\/patagoniambiental.com.ar\/info\/#organization"},"potentialAction":[{"@type":"SearchAction","target":{"@type":"EntryPoint","urlTemplate":"https:\/\/patagoniambiental.com.ar\/info\/?s={search_term_string}"},"query-input":{"@type":"PropertyValueSpecification","valueRequired":true,"valueName":"search_term_string"}}],"inLanguage":"es"},{"@type":"Organization","@id":"https:\/\/patagoniambiental.com.ar\/info\/#organization","name":"Patagonia Ambiental","url":"https:\/\/patagoniambiental.com.ar\/info\/","logo":{"@type":"ImageObject","inLanguage":"es","@id":"https:\/\/patagoniambiental.com.ar\/info\/#\/schema\/logo\/image\/","url":"https:\/\/patagoniambiental.com.ar\/info\/wp-content\/uploads\/2025\/05\/LOGO-PATAGONIA-AMBIENTAL.png","contentUrl":"https:\/\/patagoniambiental.com.ar\/info\/wp-content\/uploads\/2025\/05\/LOGO-PATAGONIA-AMBIENTAL.png","width":433,"height":250,"caption":"Patagonia Ambiental"},"image":{"@id":"https:\/\/patagoniambiental.com.ar\/info\/#\/schema\/logo\/image\/"},"sameAs":["https:\/\/www.facebook.com\/patagonia.ambiental","https:\/\/x.com\/PatAmb"]},{"@type":"Person","@id":"https:\/\/patagoniambiental.com.ar\/info\/#\/schema\/person\/db12bff64bbcbf6a253710bf0ea37b5d","name":"Patagonia Ambiental","description":"Andr\u00e9s Nievas T\u00e9cnico en manejo ambiental, consultor Ambiental y escritor para medios locales e internacionales sobre temas de geopolitica y medio ambiente.","sameAs":["http:\/\/www.patagoniambiental.com.ar","https:\/\/www.facebook.com\/share\/1C1V8Gv9BX\/?mibextid=qi2Omg","@patagoniambiental","https:\/\/youtube.com\/@patagoniaambiental2023?si=BLt58t0wuXquxlYZ"]}]}},"_links":{"self":[{"href":"https:\/\/patagoniambiental.com.ar\/info\/wp-json\/wp\/v2\/posts\/37643","targetHints":{"allow":["GET"]}}],"collection":[{"href":"https:\/\/patagoniambiental.com.ar\/info\/wp-json\/wp\/v2\/posts"}],"about":[{"href":"https:\/\/patagoniambiental.com.ar\/info\/wp-json\/wp\/v2\/types\/post"}],"author":[{"embeddable":true,"href":"https:\/\/patagoniambiental.com.ar\/info\/wp-json\/wp\/v2\/users\/2"}],"replies":[{"embeddable":true,"href":"https:\/\/patagoniambiental.com.ar\/info\/wp-json\/wp\/v2\/comments?post=37643"}],"version-history":[{"count":0,"href":"https:\/\/patagoniambiental.com.ar\/info\/wp-json\/wp\/v2\/posts\/37643\/revisions"}],"wp:featuredmedia":[{"embeddable":true,"href":"https:\/\/patagoniambiental.com.ar\/info\/wp-json\/wp\/v2\/media\/37644"}],"wp:attachment":[{"href":"https:\/\/patagoniambiental.com.ar\/info\/wp-json\/wp\/v2\/media?parent=37643"}],"wp:term":[{"taxonomy":"category","embeddable":true,"href":"https:\/\/patagoniambiental.com.ar\/info\/wp-json\/wp\/v2\/categories?post=37643"},{"taxonomy":"post_tag","embeddable":true,"href":"https:\/\/patagoniambiental.com.ar\/info\/wp-json\/wp\/v2\/tags?post=37643"}],"curies":[{"name":"wp","href":"https:\/\/api.w.org\/{rel}","templated":true}]}}