{"id":37649,"date":"2017-11-06T09:00:18","date_gmt":"2017-11-06T12:00:18","guid":{"rendered":"http:\/\/patagoniambiental.com.ar\/info\/?p=37649"},"modified":"2017-11-06T00:01:43","modified_gmt":"2017-11-06T03:01:43","slug":"municipio-de-rawson-inicio-campana-de-fumigacion-en-via-publica-contra-moscas","status":"publish","type":"post","link":"https:\/\/patagoniambiental.com.ar\/info\/municipio-de-rawson-inicio-campana-de-fumigacion-en-via-publica-contra-moscas\/","title":{"rendered":"Municipio de Rawson inici\u00f3 campa\u00f1a de fumigaci\u00f3n en v\u00eda p\u00fablica contra moscas"},"content":{"rendered":"<div>\n<div id=\"notapage_texto\" class=\"notapage_cuerpo\">\n<p>RAWSON.- La Municipalidad de Rawson, por medio de la Direcci\u00f3n de Veterinaria, Saneamiento y Abasto, comenz\u00f3 con la campa\u00f1a anual de fumigaci\u00f3n en la v\u00eda p\u00fablica contra moscas en distintos sectores de la ciudad. En la temporada de verano la acci\u00f3n ser\u00e1 tambi\u00e9n contra mosquitos.<\/p>\n<p>El director de Veterinaria, Hugo Ib\u00e1\u00f1ez, indic\u00f3: \u201cComenzamos, con el inicio de las temperaturas un poco m\u00e1s altas, con la campa\u00f1a de fumigaci\u00f3n en v\u00eda p\u00fablica de moscas. Recorremos los distintos barrios, Playa Uni\u00f3n, Puerto, con un nebulizador con el que salimos todos los d\u00edas, siempre que las condiciones clim\u00e1ticas lo permitan\u201d.<\/p>\n<p>Ib\u00e1\u00f1ez dijo que \u201cse trata de un aerosol y el trabajo se hace tanto a la ma\u00f1ana como en horario vespertino, e incluso durante los fines de semana\u201d.<\/p>\n<p>Acerca del equipamiento disponible detall\u00f3: \u201cTenemos un equipo nebulizador que esparce un aerosol en gotitas muy finas que distribuyen insecticida\u201d.<\/p>\n<p>De manera complementaria, desde el \u00e1rea se realizan trabajos de control de plagas en este caso en predios suburbanos. \u201cEl control incluye moscas, mosquitos y otras plagas como garrapatas, chinches, cucarachas y roedores de todo tipo\u201d, dijo Ib\u00e1\u00f1ez.<\/p>\n<p>En el caso de las moscas y mosquitos, la fumigaci\u00f3n se extiende hasta febrero, es decir durante toda la temporada de verano.<\/p>\n<p>En relaci\u00f3n con las cuestiones que propician la presencia de moscas y su reproducci\u00f3n, Ib\u00e1\u00f1ez mencion\u00f3 a los minibasurales, basurales domiciliarios y veh\u00edculos de transporte de la pesca.<\/p>\n<p>\u201cNosotros hacemos un trabajo ambiental pero toda la comunidad tiene que colaborar y no criarlas\u201d, dijo en este sentido y agreg\u00f3, como recomendaciones a la poblaci\u00f3n, \u201cno acumular basura en los patios, retirar la basura en los horarios pr\u00f3ximos a la recolecci\u00f3n, recoger los excrementos de las mascotas del patio, as\u00ed como el c\u00e9sped cortado u otros elementos, ya que todo lo que est\u00e1 en putrefacci\u00f3n y en descomposici\u00f3n es muy atractivo para las moscas\u201d.<\/p>\n<p>Adem\u00e1s sugiri\u00f3 colocar telas mosquiteras en las ventanas. \u201cEs un elemento econ\u00f3mico, f\u00e1cil de instalar y muy \u00fatil\u201d, afirm\u00f3.<\/p>\n<\/div>\n<\/div>\n<div class=\"ppp ppp_P6 ppp_desktop\">\u00a0Fuente:\u00a0http:\/\/www.elchubut.com.ar\/nota\/2017-11-5-18-1-49-municipio-de-rawson-inicio-campana-de-fumigacion-en-via-publica-contra-moscas<\/div>\n","protected":false},"excerpt":{"rendered":"<p>RAWSON.- La Municipalidad de Rawson, por medio de la Direcci\u00f3n de Veterinaria, Saneamiento y Abasto, comenz\u00f3 con la campa\u00f1a anual [&hellip;]<\/p>\n","protected":false},"author":2,"featured_media":37650,"comment_status":"open","ping_status":"open","sticky":false,"template":"","format":"standard","meta":{"site-sidebar-layout":"default","site-content-layout":"","ast-site-content-layout":"default","site-content-style":"default","site-sidebar-style":"default","ast-global-header-display":"","ast-banner-title-visibility":"","ast-main-header-display":"","ast-hfb-above-header-display":"","ast-hfb-below-header-display":"","ast-hfb-mobile-header-display":"","site-post-title":"","ast-breadcrumbs-content":"","ast-featured-img":"","footer-sml-layout":"","ast-disable-related-posts":"","theme-transparent-header-meta":"","adv-header-id-meta":"","stick-header-meta":"","header-above-stick-meta":"","header-main-stick-meta":"","header-below-stick-meta":"","astra-migrate-meta-layouts":"default","ast-page-background-enabled":"default","ast-page-background-meta":{"desktop":{"background-color":"var(--ast-global-color-5)","background-image":"","background-repeat":"repeat","background-position":"center center","background-size":"auto","background-attachment":"scroll","background-type":"","background-media":"","overlay-type":"","overlay-color":"","overlay-opacity":"","overlay-gradient":""},"tablet":{"background-color":"","background-image":"","background-repeat":"repeat","background-position":"center center","background-size":"auto","background-attachment":"scroll","background-type":"","background-media":"","overlay-type":"","overlay-color":"","overlay-opacity":"","overlay-gradient":""},"mobile":{"background-color":"","background-image":"","background-repeat":"repeat","background-position":"center center","background-size":"auto","background-attachment":"scroll","background-type":"","background-media":"","overlay-type":"","overlay-color":"","overlay-opacity":"","overlay-gradient":""}},"ast-content-background-meta":{"desktop":{"background-color":"var(--ast-global-color-4)","background-image":"","background-repeat":"repeat","background-position":"center center","background-size":"auto","background-attachment":"scroll","background-type":"","background-media":"","overlay-type":"","overlay-color":"","overlay-opacity":"","overlay-gradient":""},"tablet":{"background-color":"var(--ast-global-color-4)","background-image":"","background-repeat":"repeat","background-position":"center center","background-size":"auto","background-attachment":"scroll","background-type":"","background-media":"","overlay-type":"","overlay-color":"","overlay-opacity":"","overlay-gradient":""},"mobile":{"background-color":"var(--ast-global-color-4)","background-image":"","background-repeat":"repeat","background-position":"center center","background-size":"auto","background-attachment":"scroll","background-type":"","background-media":"","overlay-type":"","overlay-color":"","overlay-opacity":"","overlay-gradient":""}},"footnotes":""},"categories":[1],"tags":[],"class_list":["post-37649","post","type-post","status-publish","format-standard","has-post-thumbnail","hentry","category-noticias"],"yoast_head":"<!-- This site is optimized with the Yoast SEO Premium plugin v23.0 (Yoast SEO v27.4) - https:\/\/yoast.com\/product\/yoast-seo-premium-wordpress\/ -->\n<title>Municipio de Rawson inici\u00f3 campa\u00f1a de fumigaci\u00f3n en v\u00eda p\u00fablica contra moscas<\/title>\n<meta name=\"robots\" content=\"index, follow, max-snippet:-1, max-image-preview:large, max-video-preview:-1\" \/>\n<link rel=\"canonical\" href=\"https:\/\/patagoniambiental.com.ar\/info\/municipio-de-rawson-inicio-campana-de-fumigacion-en-via-publica-contra-moscas\/\" \/>\n<meta property=\"og:locale\" content=\"es_ES\" \/>\n<meta property=\"og:type\" content=\"article\" \/>\n<meta property=\"og:title\" content=\"Municipio de Rawson inici\u00f3 campa\u00f1a de fumigaci\u00f3n en v\u00eda p\u00fablica contra moscas\" \/>\n<meta property=\"og:description\" content=\"RAWSON.- La Municipalidad de Rawson, por medio de la Direcci\u00f3n de Veterinaria, Saneamiento y Abasto, comenz\u00f3 con la campa\u00f1a anual [&hellip;]\" \/>\n<meta property=\"og:url\" content=\"https:\/\/patagoniambiental.com.ar\/info\/municipio-de-rawson-inicio-campana-de-fumigacion-en-via-publica-contra-moscas\/\" \/>\n<meta property=\"og:site_name\" content=\"Patagonia Ambiental\" \/>\n<meta property=\"article:publisher\" content=\"https:\/\/www.facebook.com\/patagonia.ambiental\" \/>\n<meta property=\"article:author\" content=\"https:\/\/www.facebook.com\/share\/1C1V8Gv9BX\/?mibextid=qi2Omg\" \/>\n<meta property=\"article:published_time\" content=\"2017-11-06T12:00:18+00:00\" \/>\n<meta property=\"og:image\" content=\"https:\/\/patagoniambiental.com.ar\/info\/wp-content\/uploads\/2017\/11\/fumigacion.jpg\" \/>\n\t<meta property=\"og:image:width\" content=\"1182\" \/>\n\t<meta property=\"og:image:height\" content=\"721\" \/>\n\t<meta property=\"og:image:type\" content=\"image\/jpeg\" \/>\n<meta name=\"author\" content=\"Patagonia Ambiental\" \/>\n<meta name=\"twitter:card\" content=\"summary_large_image\" \/>\n<meta name=\"twitter:creator\" content=\"@PatAmb\" \/>\n<meta name=\"twitter:site\" content=\"@PatAmb\" \/>\n<script type=\"application\/ld+json\" class=\"yoast-schema-graph\">{\"@context\":\"https:\\\/\\\/schema.org\",\"@graph\":[{\"@type\":\"Article\",\"@id\":\"https:\\\/\\\/patagoniambiental.com.ar\\\/info\\\/municipio-de-rawson-inicio-campana-de-fumigacion-en-via-publica-contra-moscas\\\/#article\",\"isPartOf\":{\"@id\":\"https:\\\/\\\/patagoniambiental.com.ar\\\/info\\\/municipio-de-rawson-inicio-campana-de-fumigacion-en-via-publica-contra-moscas\\\/\"},\"author\":{\"name\":\"Patagonia Ambiental\",\"@id\":\"https:\\\/\\\/patagoniambiental.com.ar\\\/info\\\/#\\\/schema\\\/person\\\/db12bff64bbcbf6a253710bf0ea37b5d\"},\"headline\":\"Municipio de Rawson inici\u00f3 campa\u00f1a de fumigaci\u00f3n en v\u00eda p\u00fablica contra moscas\",\"datePublished\":\"2017-11-06T12:00:18+00:00\",\"mainEntityOfPage\":{\"@id\":\"https:\\\/\\\/patagoniambiental.com.ar\\\/info\\\/municipio-de-rawson-inicio-campana-de-fumigacion-en-via-publica-contra-moscas\\\/\"},\"wordCount\":390,\"commentCount\":0,\"publisher\":{\"@id\":\"https:\\\/\\\/patagoniambiental.com.ar\\\/info\\\/#organization\"},\"image\":{\"@id\":\"https:\\\/\\\/patagoniambiental.com.ar\\\/info\\\/municipio-de-rawson-inicio-campana-de-fumigacion-en-via-publica-contra-moscas\\\/#primaryimage\"},\"thumbnailUrl\":\"https:\\\/\\\/patagoniambiental.com.ar\\\/info\\\/wp-content\\\/uploads\\\/2017\\\/11\\\/fumigacion.jpg\",\"articleSection\":[\"Noticias\"],\"inLanguage\":\"es\",\"potentialAction\":[{\"@type\":\"CommentAction\",\"name\":\"Comment\",\"target\":[\"https:\\\/\\\/patagoniambiental.com.ar\\\/info\\\/municipio-de-rawson-inicio-campana-de-fumigacion-en-via-publica-contra-moscas\\\/#respond\"]}]},{\"@type\":\"WebPage\",\"@id\":\"https:\\\/\\\/patagoniambiental.com.ar\\\/info\\\/municipio-de-rawson-inicio-campana-de-fumigacion-en-via-publica-contra-moscas\\\/\",\"url\":\"https:\\\/\\\/patagoniambiental.com.ar\\\/info\\\/municipio-de-rawson-inicio-campana-de-fumigacion-en-via-publica-contra-moscas\\\/\",\"name\":\"Municipio de Rawson inici\u00f3 campa\u00f1a de fumigaci\u00f3n en v\u00eda p\u00fablica contra moscas\",\"isPartOf\":{\"@id\":\"https:\\\/\\\/patagoniambiental.com.ar\\\/info\\\/#website\"},\"primaryImageOfPage\":{\"@id\":\"https:\\\/\\\/patagoniambiental.com.ar\\\/info\\\/municipio-de-rawson-inicio-campana-de-fumigacion-en-via-publica-contra-moscas\\\/#primaryimage\"},\"image\":{\"@id\":\"https:\\\/\\\/patagoniambiental.com.ar\\\/info\\\/municipio-de-rawson-inicio-campana-de-fumigacion-en-via-publica-contra-moscas\\\/#primaryimage\"},\"thumbnailUrl\":\"https:\\\/\\\/patagoniambiental.com.ar\\\/info\\\/wp-content\\\/uploads\\\/2017\\\/11\\\/fumigacion.jpg\",\"datePublished\":\"2017-11-06T12:00:18+00:00\",\"breadcrumb\":{\"@id\":\"https:\\\/\\\/patagoniambiental.com.ar\\\/info\\\/municipio-de-rawson-inicio-campana-de-fumigacion-en-via-publica-contra-moscas\\\/#breadcrumb\"},\"inLanguage\":\"es\",\"potentialAction\":[{\"@type\":\"ReadAction\",\"target\":[\"https:\\\/\\\/patagoniambiental.com.ar\\\/info\\\/municipio-de-rawson-inicio-campana-de-fumigacion-en-via-publica-contra-moscas\\\/\"]}]},{\"@type\":\"ImageObject\",\"inLanguage\":\"es\",\"@id\":\"https:\\\/\\\/patagoniambiental.com.ar\\\/info\\\/municipio-de-rawson-inicio-campana-de-fumigacion-en-via-publica-contra-moscas\\\/#primaryimage\",\"url\":\"https:\\\/\\\/patagoniambiental.com.ar\\\/info\\\/wp-content\\\/uploads\\\/2017\\\/11\\\/fumigacion.jpg\",\"contentUrl\":\"https:\\\/\\\/patagoniambiental.com.ar\\\/info\\\/wp-content\\\/uploads\\\/2017\\\/11\\\/fumigacion.jpg\",\"width\":984,\"height\":600},{\"@type\":\"BreadcrumbList\",\"@id\":\"https:\\\/\\\/patagoniambiental.com.ar\\\/info\\\/municipio-de-rawson-inicio-campana-de-fumigacion-en-via-publica-contra-moscas\\\/#breadcrumb\",\"itemListElement\":[{\"@type\":\"ListItem\",\"position\":1,\"name\":\"Inicio\",\"item\":\"https:\\\/\\\/patagoniambiental.com.ar\\\/info\\\/\"},{\"@type\":\"ListItem\",\"position\":2,\"name\":\"Municipio de Rawson inici\u00f3 campa\u00f1a de fumigaci\u00f3n en v\u00eda p\u00fablica contra moscas\"}]},{\"@type\":\"WebSite\",\"@id\":\"https:\\\/\\\/patagoniambiental.com.ar\\\/info\\\/#website\",\"url\":\"https:\\\/\\\/patagoniambiental.com.ar\\\/info\\\/\",\"name\":\"Patagonia Ambiental\",\"description\":\"Monitoreo y an\u00e1lisis de la situaci\u00f3n geopol\u00edtica en el mundo y su implicancia en la Patagonia\",\"publisher\":{\"@id\":\"https:\\\/\\\/patagoniambiental.com.ar\\\/info\\\/#organization\"},\"potentialAction\":[{\"@type\":\"SearchAction\",\"target\":{\"@type\":\"EntryPoint\",\"urlTemplate\":\"https:\\\/\\\/patagoniambiental.com.ar\\\/info\\\/?s={search_term_string}\"},\"query-input\":{\"@type\":\"PropertyValueSpecification\",\"valueRequired\":true,\"valueName\":\"search_term_string\"}}],\"inLanguage\":\"es\"},{\"@type\":\"Organization\",\"@id\":\"https:\\\/\\\/patagoniambiental.com.ar\\\/info\\\/#organization\",\"name\":\"Patagonia Ambiental\",\"url\":\"https:\\\/\\\/patagoniambiental.com.ar\\\/info\\\/\",\"logo\":{\"@type\":\"ImageObject\",\"inLanguage\":\"es\",\"@id\":\"https:\\\/\\\/patagoniambiental.com.ar\\\/info\\\/#\\\/schema\\\/logo\\\/image\\\/\",\"url\":\"https:\\\/\\\/patagoniambiental.com.ar\\\/info\\\/wp-content\\\/uploads\\\/2025\\\/05\\\/LOGO-PATAGONIA-AMBIENTAL.png\",\"contentUrl\":\"https:\\\/\\\/patagoniambiental.com.ar\\\/info\\\/wp-content\\\/uploads\\\/2025\\\/05\\\/LOGO-PATAGONIA-AMBIENTAL.png\",\"width\":433,\"height\":250,\"caption\":\"Patagonia Ambiental\"},\"image\":{\"@id\":\"https:\\\/\\\/patagoniambiental.com.ar\\\/info\\\/#\\\/schema\\\/logo\\\/image\\\/\"},\"sameAs\":[\"https:\\\/\\\/www.facebook.com\\\/patagonia.ambiental\",\"https:\\\/\\\/x.com\\\/PatAmb\"]},{\"@type\":\"Person\",\"@id\":\"https:\\\/\\\/patagoniambiental.com.ar\\\/info\\\/#\\\/schema\\\/person\\\/db12bff64bbcbf6a253710bf0ea37b5d\",\"name\":\"Patagonia Ambiental\",\"description\":\"Andr\u00e9s Nievas T\u00e9cnico en manejo ambiental, consultor Ambiental y escritor para medios locales e internacionales sobre temas de geopolitica y medio ambiente.\",\"sameAs\":[\"http:\\\/\\\/www.patagoniambiental.com.ar\",\"https:\\\/\\\/www.facebook.com\\\/share\\\/1C1V8Gv9BX\\\/?mibextid=qi2Omg\",\"@patagoniambiental\",\"https:\\\/\\\/youtube.com\\\/@patagoniaambiental2023?si=BLt58t0wuXquxlYZ\"]}]}<\/script>\n<!-- \/ Yoast SEO Premium plugin. -->","yoast_head_json":{"title":"Municipio de Rawson inici\u00f3 campa\u00f1a de fumigaci\u00f3n en v\u00eda p\u00fablica contra moscas","robots":{"index":"index","follow":"follow","max-snippet":"max-snippet:-1","max-image-preview":"max-image-preview:large","max-video-preview":"max-video-preview:-1"},"canonical":"https:\/\/patagoniambiental.com.ar\/info\/municipio-de-rawson-inicio-campana-de-fumigacion-en-via-publica-contra-moscas\/","og_locale":"es_ES","og_type":"article","og_title":"Municipio de Rawson inici\u00f3 campa\u00f1a de fumigaci\u00f3n en v\u00eda p\u00fablica contra moscas","og_description":"RAWSON.- La Municipalidad de Rawson, por medio de la Direcci\u00f3n de Veterinaria, Saneamiento y Abasto, comenz\u00f3 con la campa\u00f1a anual [&hellip;]","og_url":"https:\/\/patagoniambiental.com.ar\/info\/municipio-de-rawson-inicio-campana-de-fumigacion-en-via-publica-contra-moscas\/","og_site_name":"Patagonia Ambiental","article_publisher":"https:\/\/www.facebook.com\/patagonia.ambiental","article_author":"https:\/\/www.facebook.com\/share\/1C1V8Gv9BX\/?mibextid=qi2Omg","article_published_time":"2017-11-06T12:00:18+00:00","og_image":[{"width":1182,"height":721,"url":"https:\/\/patagoniambiental.com.ar\/info\/wp-content\/uploads\/2017\/11\/fumigacion.jpg","type":"image\/jpeg"}],"author":"Patagonia Ambiental","twitter_card":"summary_large_image","twitter_creator":"@PatAmb","twitter_site":"@PatAmb","schema":{"@context":"https:\/\/schema.org","@graph":[{"@type":"Article","@id":"https:\/\/patagoniambiental.com.ar\/info\/municipio-de-rawson-inicio-campana-de-fumigacion-en-via-publica-contra-moscas\/#article","isPartOf":{"@id":"https:\/\/patagoniambiental.com.ar\/info\/municipio-de-rawson-inicio-campana-de-fumigacion-en-via-publica-contra-moscas\/"},"author":{"name":"Patagonia Ambiental","@id":"https:\/\/patagoniambiental.com.ar\/info\/#\/schema\/person\/db12bff64bbcbf6a253710bf0ea37b5d"},"headline":"Municipio de Rawson inici\u00f3 campa\u00f1a de fumigaci\u00f3n en v\u00eda p\u00fablica contra moscas","datePublished":"2017-11-06T12:00:18+00:00","mainEntityOfPage":{"@id":"https:\/\/patagoniambiental.com.ar\/info\/municipio-de-rawson-inicio-campana-de-fumigacion-en-via-publica-contra-moscas\/"},"wordCount":390,"commentCount":0,"publisher":{"@id":"https:\/\/patagoniambiental.com.ar\/info\/#organization"},"image":{"@id":"https:\/\/patagoniambiental.com.ar\/info\/municipio-de-rawson-inicio-campana-de-fumigacion-en-via-publica-contra-moscas\/#primaryimage"},"thumbnailUrl":"https:\/\/patagoniambiental.com.ar\/info\/wp-content\/uploads\/2017\/11\/fumigacion.jpg","articleSection":["Noticias"],"inLanguage":"es","potentialAction":[{"@type":"CommentAction","name":"Comment","target":["https:\/\/patagoniambiental.com.ar\/info\/municipio-de-rawson-inicio-campana-de-fumigacion-en-via-publica-contra-moscas\/#respond"]}]},{"@type":"WebPage","@id":"https:\/\/patagoniambiental.com.ar\/info\/municipio-de-rawson-inicio-campana-de-fumigacion-en-via-publica-contra-moscas\/","url":"https:\/\/patagoniambiental.com.ar\/info\/municipio-de-rawson-inicio-campana-de-fumigacion-en-via-publica-contra-moscas\/","name":"Municipio de Rawson inici\u00f3 campa\u00f1a de fumigaci\u00f3n en v\u00eda p\u00fablica contra moscas","isPartOf":{"@id":"https:\/\/patagoniambiental.com.ar\/info\/#website"},"primaryImageOfPage":{"@id":"https:\/\/patagoniambiental.com.ar\/info\/municipio-de-rawson-inicio-campana-de-fumigacion-en-via-publica-contra-moscas\/#primaryimage"},"image":{"@id":"https:\/\/patagoniambiental.com.ar\/info\/municipio-de-rawson-inicio-campana-de-fumigacion-en-via-publica-contra-moscas\/#primaryimage"},"thumbnailUrl":"https:\/\/patagoniambiental.com.ar\/info\/wp-content\/uploads\/2017\/11\/fumigacion.jpg","datePublished":"2017-11-06T12:00:18+00:00","breadcrumb":{"@id":"https:\/\/patagoniambiental.com.ar\/info\/municipio-de-rawson-inicio-campana-de-fumigacion-en-via-publica-contra-moscas\/#breadcrumb"},"inLanguage":"es","potentialAction":[{"@type":"ReadAction","target":["https:\/\/patagoniambiental.com.ar\/info\/municipio-de-rawson-inicio-campana-de-fumigacion-en-via-publica-contra-moscas\/"]}]},{"@type":"ImageObject","inLanguage":"es","@id":"https:\/\/patagoniambiental.com.ar\/info\/municipio-de-rawson-inicio-campana-de-fumigacion-en-via-publica-contra-moscas\/#primaryimage","url":"https:\/\/patagoniambiental.com.ar\/info\/wp-content\/uploads\/2017\/11\/fumigacion.jpg","contentUrl":"https:\/\/patagoniambiental.com.ar\/info\/wp-content\/uploads\/2017\/11\/fumigacion.jpg","width":984,"height":600},{"@type":"BreadcrumbList","@id":"https:\/\/patagoniambiental.com.ar\/info\/municipio-de-rawson-inicio-campana-de-fumigacion-en-via-publica-contra-moscas\/#breadcrumb","itemListElement":[{"@type":"ListItem","position":1,"name":"Inicio","item":"https:\/\/patagoniambiental.com.ar\/info\/"},{"@type":"ListItem","position":2,"name":"Municipio de Rawson inici\u00f3 campa\u00f1a de fumigaci\u00f3n en v\u00eda p\u00fablica contra moscas"}]},{"@type":"WebSite","@id":"https:\/\/patagoniambiental.com.ar\/info\/#website","url":"https:\/\/patagoniambiental.com.ar\/info\/","name":"Patagonia Ambiental","description":"Monitoreo y an\u00e1lisis de la situaci\u00f3n geopol\u00edtica en el mundo y su implicancia en la Patagonia","publisher":{"@id":"https:\/\/patagoniambiental.com.ar\/info\/#organization"},"potentialAction":[{"@type":"SearchAction","target":{"@type":"EntryPoint","urlTemplate":"https:\/\/patagoniambiental.com.ar\/info\/?s={search_term_string}"},"query-input":{"@type":"PropertyValueSpecification","valueRequired":true,"valueName":"search_term_string"}}],"inLanguage":"es"},{"@type":"Organization","@id":"https:\/\/patagoniambiental.com.ar\/info\/#organization","name":"Patagonia Ambiental","url":"https:\/\/patagoniambiental.com.ar\/info\/","logo":{"@type":"ImageObject","inLanguage":"es","@id":"https:\/\/patagoniambiental.com.ar\/info\/#\/schema\/logo\/image\/","url":"https:\/\/patagoniambiental.com.ar\/info\/wp-content\/uploads\/2025\/05\/LOGO-PATAGONIA-AMBIENTAL.png","contentUrl":"https:\/\/patagoniambiental.com.ar\/info\/wp-content\/uploads\/2025\/05\/LOGO-PATAGONIA-AMBIENTAL.png","width":433,"height":250,"caption":"Patagonia Ambiental"},"image":{"@id":"https:\/\/patagoniambiental.com.ar\/info\/#\/schema\/logo\/image\/"},"sameAs":["https:\/\/www.facebook.com\/patagonia.ambiental","https:\/\/x.com\/PatAmb"]},{"@type":"Person","@id":"https:\/\/patagoniambiental.com.ar\/info\/#\/schema\/person\/db12bff64bbcbf6a253710bf0ea37b5d","name":"Patagonia Ambiental","description":"Andr\u00e9s Nievas T\u00e9cnico en manejo ambiental, consultor Ambiental y escritor para medios locales e internacionales sobre temas de geopolitica y medio ambiente.","sameAs":["http:\/\/www.patagoniambiental.com.ar","https:\/\/www.facebook.com\/share\/1C1V8Gv9BX\/?mibextid=qi2Omg","@patagoniambiental","https:\/\/youtube.com\/@patagoniaambiental2023?si=BLt58t0wuXquxlYZ"]}]}},"_links":{"self":[{"href":"https:\/\/patagoniambiental.com.ar\/info\/wp-json\/wp\/v2\/posts\/37649","targetHints":{"allow":["GET"]}}],"collection":[{"href":"https:\/\/patagoniambiental.com.ar\/info\/wp-json\/wp\/v2\/posts"}],"about":[{"href":"https:\/\/patagoniambiental.com.ar\/info\/wp-json\/wp\/v2\/types\/post"}],"author":[{"embeddable":true,"href":"https:\/\/patagoniambiental.com.ar\/info\/wp-json\/wp\/v2\/users\/2"}],"replies":[{"embeddable":true,"href":"https:\/\/patagoniambiental.com.ar\/info\/wp-json\/wp\/v2\/comments?post=37649"}],"version-history":[{"count":0,"href":"https:\/\/patagoniambiental.com.ar\/info\/wp-json\/wp\/v2\/posts\/37649\/revisions"}],"wp:featuredmedia":[{"embeddable":true,"href":"https:\/\/patagoniambiental.com.ar\/info\/wp-json\/wp\/v2\/media\/37650"}],"wp:attachment":[{"href":"https:\/\/patagoniambiental.com.ar\/info\/wp-json\/wp\/v2\/media?parent=37649"}],"wp:term":[{"taxonomy":"category","embeddable":true,"href":"https:\/\/patagoniambiental.com.ar\/info\/wp-json\/wp\/v2\/categories?post=37649"},{"taxonomy":"post_tag","embeddable":true,"href":"https:\/\/patagoniambiental.com.ar\/info\/wp-json\/wp\/v2\/tags?post=37649"}],"curies":[{"name":"wp","href":"https:\/\/api.w.org\/{rel}","templated":true}]}}