{"id":37655,"date":"2017-11-06T09:00:02","date_gmt":"2017-11-06T12:00:02","guid":{"rendered":"http:\/\/patagoniambiental.com.ar\/info\/?p=37655"},"modified":"2017-11-06T00:15:23","modified_gmt":"2017-11-06T03:15:23","slug":"proyectan-un-nuevo-parque-eolico-en-acha","status":"publish","type":"post","link":"https:\/\/patagoniambiental.com.ar\/info\/proyectan-un-nuevo-parque-eolico-en-acha\/","title":{"rendered":"Proyectan un nuevo parque e\u00f3lico en Acha"},"content":{"rendered":"<p><strong>La empresa espera la adjudicaci\u00f3n de un contrato con Naci\u00f3n.<\/strong>\u00a0El parque se levantar\u00eda en un predio ubicado 20 kil\u00f3metros al sur de la ciudad. Se trata de una millonaria inversi\u00f3n.<\/p>\n<p>Empresarios pampeanos proyectan un nuevo parque e\u00f3lico para General Acha con una inversi\u00f3n de 150 millones de d\u00f3lares y la generaci\u00f3n de 500 puestos de trabajo, directos e indirectos. La empresa se present\u00f3 a la licitaci\u00f3n de Energ\u00edas Renovables 2017 y, en caso de salir adjudicada, ya tiene un predio destinado al emprendimiento.<\/p>\n<p>La empresa PEGASA, sigla de Parque E\u00f3lico General Acha S.A., anunci\u00f3 ayer que se present\u00f3 en la licitaci\u00f3n de Energ\u00edas Renovables 2017, con una oferta de 63 MW de energ\u00eda. La propuesta la realiz\u00f3 el pasado 19 de octubre en el marco de subastas de energ\u00eda de fuentes renovables \u201cRenovar ronda 2.0\u201d, donde La Pampa tiene asignada un total de 73 MV.<\/p>\n<p>\u201cEste proyecto empez\u00f3 en 2011, con la realizaci\u00f3n de todos los estudios y no pudimos presentarnos en la anterior ronda. Este a\u00f1o presentamos una oferta muy importante y esperamos ser adjudicados\u201d, dijo a El Diario Ezequiel Melill\u00e1n, director de PEGASA.<\/p>\n<p>La licitaci\u00f3n era para distintos tipos de energ\u00edas renovables y se definir\u00e1 a fin de mes qui\u00e9nes ser\u00e1n las empresas que obtengan el contrato para la compra de energ\u00eda por 20 a\u00f1os con el Estado nacional.<\/p>\n<p>Melill\u00e1n indic\u00f3 que \u201csi se gana la licitaci\u00f3n se va a construir el parque en un predio de 1250 has. ubicado 20 km al sur de General Acha, con una inversi\u00f3n de 150 millones de d\u00f3lares\u201d. La obra demorar\u00e1 18 meses de ejecuci\u00f3n y se instalar\u00e1n 24 turbinas aerogeneradoras en dos etapas. El empresario estim\u00f3 que \u201cse generar\u00e1n aproximadamente 500 puestos de trabajo, entre directos e indirectos\u201d.<\/p>\n<p>De concretarse, ser\u00eda el segundo parque e\u00f3lico ubicado en General Acha ya que \u201cLa Banderita\u201d ya est\u00e1 trabajando en una zona cercana a la localidad. \u201cEs una oportunidad muy importante para General Acha y tambi\u00e9n para La Pampa porque el parque e\u00f3lico podr\u00e1 abastecer el consumo t\u00edpico de 60.000 familias\u201d, expres\u00f3 Melill\u00e1n, hijo de una familia oriunda de Guatrach\u00e9.<\/p>\n<p>En la subasta de energ\u00eda de fuentes renovables Renovar ronda 2.0, hubo una oferta ocho veces superior a lo previsto por el Gobierno Nacional en cuanto a distintos tipos de energ\u00edas renovables.<\/p>\n<p>De acuerdo a los datos oficiales, 58 ofertas de e\u00f3lica significaron 3.818 MW; 99 propuestas por 5.290 MW, corresponden a solar fotovoltaica; 188 MW por 20 ofertas de biomasa; 32 presentaciones para proyectos de biog\u00e1s por 60 MW y 4 ofertas de biog\u00e1s de rellenos sanitarios por 15 MW; de peque\u00f1os aprovechamientos hidroel\u00e9ctricos se presentaron 15 ofertas por 32 MW.<\/p>\n<p>El Gobierno Nacional busca contratar 1.200 MW de potencia limpia a trav\u00e9s de esta nueva subasta pero encontr\u00f3 que el inter\u00e9s de los privados fue de 9.403 MW, valor por encima de lo que fue la \u201cRonda 1\u201d en 2016, cuando result\u00f3 en 6.633 MW.<\/p>\n<p>Fuente:\u00a0http:\/\/www.eldiariodelapampa.com.ar\/index.php\/108-portada\/terciario\/36078-proyectan-un-nuevo-parque-eolico-en-acha<\/p>\n","protected":false},"excerpt":{"rendered":"<p>La empresa espera la adjudicaci\u00f3n de un contrato con Naci\u00f3n.\u00a0El parque se levantar\u00eda en un predio ubicado 20 kil\u00f3metros al [&hellip;]<\/p>\n","protected":false},"author":2,"featured_media":37656,"comment_status":"open","ping_status":"open","sticky":false,"template":"","format":"standard","meta":{"site-sidebar-layout":"default","site-content-layout":"","ast-site-content-layout":"default","site-content-style":"default","site-sidebar-style":"default","ast-global-header-display":"","ast-banner-title-visibility":"","ast-main-header-display":"","ast-hfb-above-header-display":"","ast-hfb-below-header-display":"","ast-hfb-mobile-header-display":"","site-post-title":"","ast-breadcrumbs-content":"","ast-featured-img":"","footer-sml-layout":"","ast-disable-related-posts":"","theme-transparent-header-meta":"","adv-header-id-meta":"","stick-header-meta":"","header-above-stick-meta":"","header-main-stick-meta":"","header-below-stick-meta":"","astra-migrate-meta-layouts":"default","ast-page-background-enabled":"default","ast-page-background-meta":{"desktop":{"background-color":"var(--ast-global-color-5)","background-image":"","background-repeat":"repeat","background-position":"center center","background-size":"auto","background-attachment":"scroll","background-type":"","background-media":"","overlay-type":"","overlay-color":"","overlay-opacity":"","overlay-gradient":""},"tablet":{"background-color":"","background-image":"","background-repeat":"repeat","background-position":"center center","background-size":"auto","background-attachment":"scroll","background-type":"","background-media":"","overlay-type":"","overlay-color":"","overlay-opacity":"","overlay-gradient":""},"mobile":{"background-color":"","background-image":"","background-repeat":"repeat","background-position":"center center","background-size":"auto","background-attachment":"scroll","background-type":"","background-media":"","overlay-type":"","overlay-color":"","overlay-opacity":"","overlay-gradient":""}},"ast-content-background-meta":{"desktop":{"background-color":"var(--ast-global-color-4)","background-image":"","background-repeat":"repeat","background-position":"center center","background-size":"auto","background-attachment":"scroll","background-type":"","background-media":"","overlay-type":"","overlay-color":"","overlay-opacity":"","overlay-gradient":""},"tablet":{"background-color":"var(--ast-global-color-4)","background-image":"","background-repeat":"repeat","background-position":"center center","background-size":"auto","background-attachment":"scroll","background-type":"","background-media":"","overlay-type":"","overlay-color":"","overlay-opacity":"","overlay-gradient":""},"mobile":{"background-color":"var(--ast-global-color-4)","background-image":"","background-repeat":"repeat","background-position":"center center","background-size":"auto","background-attachment":"scroll","background-type":"","background-media":"","overlay-type":"","overlay-color":"","overlay-opacity":"","overlay-gradient":""}},"footnotes":""},"categories":[59,1],"tags":[],"class_list":["post-37655","post","type-post","status-publish","format-standard","has-post-thumbnail","hentry","category-la-pampa","category-noticias"],"yoast_head":"<!-- This site is optimized with the Yoast SEO Premium plugin v23.0 (Yoast SEO v27.4) - https:\/\/yoast.com\/product\/yoast-seo-premium-wordpress\/ -->\n<title>Proyectan un nuevo parque e\u00f3lico en Acha<\/title>\n<meta name=\"robots\" content=\"index, follow, max-snippet:-1, max-image-preview:large, max-video-preview:-1\" \/>\n<link rel=\"canonical\" href=\"https:\/\/patagoniambiental.com.ar\/info\/proyectan-un-nuevo-parque-eolico-en-acha\/\" \/>\n<meta property=\"og:locale\" content=\"es_ES\" \/>\n<meta property=\"og:type\" content=\"article\" \/>\n<meta property=\"og:title\" content=\"Proyectan un nuevo parque e\u00f3lico en Acha\" \/>\n<meta property=\"og:description\" content=\"La empresa espera la adjudicaci\u00f3n de un contrato con Naci\u00f3n.\u00a0El parque se levantar\u00eda en un predio ubicado 20 kil\u00f3metros al [&hellip;]\" \/>\n<meta property=\"og:url\" content=\"https:\/\/patagoniambiental.com.ar\/info\/proyectan-un-nuevo-parque-eolico-en-acha\/\" \/>\n<meta property=\"og:site_name\" content=\"Patagonia Ambiental\" \/>\n<meta property=\"article:publisher\" content=\"https:\/\/www.facebook.com\/patagonia.ambiental\" \/>\n<meta property=\"article:author\" content=\"https:\/\/www.facebook.com\/share\/1C1V8Gv9BX\/?mibextid=qi2Omg\" \/>\n<meta property=\"article:published_time\" content=\"2017-11-06T12:00:02+00:00\" \/>\n<meta property=\"og:image\" content=\"https:\/\/patagoniambiental.com.ar\/info\/wp-content\/uploads\/2017\/11\/acha15a.jpg\" \/>\n\t<meta property=\"og:image:width\" content=\"650\" \/>\n\t<meta property=\"og:image:height\" content=\"366\" \/>\n\t<meta property=\"og:image:type\" content=\"image\/jpeg\" \/>\n<meta name=\"author\" content=\"Patagonia Ambiental\" \/>\n<meta name=\"twitter:card\" content=\"summary_large_image\" \/>\n<meta name=\"twitter:creator\" content=\"@PatAmb\" \/>\n<meta name=\"twitter:site\" content=\"@PatAmb\" \/>\n<script type=\"application\/ld+json\" class=\"yoast-schema-graph\">{\"@context\":\"https:\\\/\\\/schema.org\",\"@graph\":[{\"@type\":\"Article\",\"@id\":\"https:\\\/\\\/patagoniambiental.com.ar\\\/info\\\/proyectan-un-nuevo-parque-eolico-en-acha\\\/#article\",\"isPartOf\":{\"@id\":\"https:\\\/\\\/patagoniambiental.com.ar\\\/info\\\/proyectan-un-nuevo-parque-eolico-en-acha\\\/\"},\"author\":{\"name\":\"Patagonia Ambiental\",\"@id\":\"https:\\\/\\\/patagoniambiental.com.ar\\\/info\\\/#\\\/schema\\\/person\\\/db12bff64bbcbf6a253710bf0ea37b5d\"},\"headline\":\"Proyectan un nuevo parque e\u00f3lico en Acha\",\"datePublished\":\"2017-11-06T12:00:02+00:00\",\"mainEntityOfPage\":{\"@id\":\"https:\\\/\\\/patagoniambiental.com.ar\\\/info\\\/proyectan-un-nuevo-parque-eolico-en-acha\\\/\"},\"wordCount\":516,\"commentCount\":0,\"publisher\":{\"@id\":\"https:\\\/\\\/patagoniambiental.com.ar\\\/info\\\/#organization\"},\"image\":{\"@id\":\"https:\\\/\\\/patagoniambiental.com.ar\\\/info\\\/proyectan-un-nuevo-parque-eolico-en-acha\\\/#primaryimage\"},\"thumbnailUrl\":\"https:\\\/\\\/patagoniambiental.com.ar\\\/info\\\/wp-content\\\/uploads\\\/2017\\\/11\\\/acha15a.jpg\",\"articleSection\":[\"La Pampa\",\"Noticias\"],\"inLanguage\":\"es\",\"potentialAction\":[{\"@type\":\"CommentAction\",\"name\":\"Comment\",\"target\":[\"https:\\\/\\\/patagoniambiental.com.ar\\\/info\\\/proyectan-un-nuevo-parque-eolico-en-acha\\\/#respond\"]}]},{\"@type\":\"WebPage\",\"@id\":\"https:\\\/\\\/patagoniambiental.com.ar\\\/info\\\/proyectan-un-nuevo-parque-eolico-en-acha\\\/\",\"url\":\"https:\\\/\\\/patagoniambiental.com.ar\\\/info\\\/proyectan-un-nuevo-parque-eolico-en-acha\\\/\",\"name\":\"Proyectan un nuevo parque e\u00f3lico en Acha\",\"isPartOf\":{\"@id\":\"https:\\\/\\\/patagoniambiental.com.ar\\\/info\\\/#website\"},\"primaryImageOfPage\":{\"@id\":\"https:\\\/\\\/patagoniambiental.com.ar\\\/info\\\/proyectan-un-nuevo-parque-eolico-en-acha\\\/#primaryimage\"},\"image\":{\"@id\":\"https:\\\/\\\/patagoniambiental.com.ar\\\/info\\\/proyectan-un-nuevo-parque-eolico-en-acha\\\/#primaryimage\"},\"thumbnailUrl\":\"https:\\\/\\\/patagoniambiental.com.ar\\\/info\\\/wp-content\\\/uploads\\\/2017\\\/11\\\/acha15a.jpg\",\"datePublished\":\"2017-11-06T12:00:02+00:00\",\"breadcrumb\":{\"@id\":\"https:\\\/\\\/patagoniambiental.com.ar\\\/info\\\/proyectan-un-nuevo-parque-eolico-en-acha\\\/#breadcrumb\"},\"inLanguage\":\"es\",\"potentialAction\":[{\"@type\":\"ReadAction\",\"target\":[\"https:\\\/\\\/patagoniambiental.com.ar\\\/info\\\/proyectan-un-nuevo-parque-eolico-en-acha\\\/\"]}]},{\"@type\":\"ImageObject\",\"inLanguage\":\"es\",\"@id\":\"https:\\\/\\\/patagoniambiental.com.ar\\\/info\\\/proyectan-un-nuevo-parque-eolico-en-acha\\\/#primaryimage\",\"url\":\"https:\\\/\\\/patagoniambiental.com.ar\\\/info\\\/wp-content\\\/uploads\\\/2017\\\/11\\\/acha15a.jpg\",\"contentUrl\":\"https:\\\/\\\/patagoniambiental.com.ar\\\/info\\\/wp-content\\\/uploads\\\/2017\\\/11\\\/acha15a.jpg\",\"width\":650,\"height\":366},{\"@type\":\"BreadcrumbList\",\"@id\":\"https:\\\/\\\/patagoniambiental.com.ar\\\/info\\\/proyectan-un-nuevo-parque-eolico-en-acha\\\/#breadcrumb\",\"itemListElement\":[{\"@type\":\"ListItem\",\"position\":1,\"name\":\"Inicio\",\"item\":\"https:\\\/\\\/patagoniambiental.com.ar\\\/info\\\/\"},{\"@type\":\"ListItem\",\"position\":2,\"name\":\"Proyectan un nuevo parque e\u00f3lico en Acha\"}]},{\"@type\":\"WebSite\",\"@id\":\"https:\\\/\\\/patagoniambiental.com.ar\\\/info\\\/#website\",\"url\":\"https:\\\/\\\/patagoniambiental.com.ar\\\/info\\\/\",\"name\":\"Patagonia Ambiental\",\"description\":\"Monitoreo y an\u00e1lisis de la situaci\u00f3n geopol\u00edtica en el mundo y su implicancia en la Patagonia\",\"publisher\":{\"@id\":\"https:\\\/\\\/patagoniambiental.com.ar\\\/info\\\/#organization\"},\"potentialAction\":[{\"@type\":\"SearchAction\",\"target\":{\"@type\":\"EntryPoint\",\"urlTemplate\":\"https:\\\/\\\/patagoniambiental.com.ar\\\/info\\\/?s={search_term_string}\"},\"query-input\":{\"@type\":\"PropertyValueSpecification\",\"valueRequired\":true,\"valueName\":\"search_term_string\"}}],\"inLanguage\":\"es\"},{\"@type\":\"Organization\",\"@id\":\"https:\\\/\\\/patagoniambiental.com.ar\\\/info\\\/#organization\",\"name\":\"Patagonia Ambiental\",\"url\":\"https:\\\/\\\/patagoniambiental.com.ar\\\/info\\\/\",\"logo\":{\"@type\":\"ImageObject\",\"inLanguage\":\"es\",\"@id\":\"https:\\\/\\\/patagoniambiental.com.ar\\\/info\\\/#\\\/schema\\\/logo\\\/image\\\/\",\"url\":\"https:\\\/\\\/patagoniambiental.com.ar\\\/info\\\/wp-content\\\/uploads\\\/2025\\\/05\\\/LOGO-PATAGONIA-AMBIENTAL.png\",\"contentUrl\":\"https:\\\/\\\/patagoniambiental.com.ar\\\/info\\\/wp-content\\\/uploads\\\/2025\\\/05\\\/LOGO-PATAGONIA-AMBIENTAL.png\",\"width\":433,\"height\":250,\"caption\":\"Patagonia Ambiental\"},\"image\":{\"@id\":\"https:\\\/\\\/patagoniambiental.com.ar\\\/info\\\/#\\\/schema\\\/logo\\\/image\\\/\"},\"sameAs\":[\"https:\\\/\\\/www.facebook.com\\\/patagonia.ambiental\",\"https:\\\/\\\/x.com\\\/PatAmb\"]},{\"@type\":\"Person\",\"@id\":\"https:\\\/\\\/patagoniambiental.com.ar\\\/info\\\/#\\\/schema\\\/person\\\/db12bff64bbcbf6a253710bf0ea37b5d\",\"name\":\"Patagonia Ambiental\",\"description\":\"Andr\u00e9s Nievas T\u00e9cnico en manejo ambiental, consultor Ambiental y escritor para medios locales e internacionales sobre temas de geopolitica y medio ambiente.\",\"sameAs\":[\"http:\\\/\\\/www.patagoniambiental.com.ar\",\"https:\\\/\\\/www.facebook.com\\\/share\\\/1C1V8Gv9BX\\\/?mibextid=qi2Omg\",\"@patagoniambiental\",\"https:\\\/\\\/youtube.com\\\/@patagoniaambiental2023?si=BLt58t0wuXquxlYZ\"]}]}<\/script>\n<!-- \/ Yoast SEO Premium plugin. -->","yoast_head_json":{"title":"Proyectan un nuevo parque e\u00f3lico en Acha","robots":{"index":"index","follow":"follow","max-snippet":"max-snippet:-1","max-image-preview":"max-image-preview:large","max-video-preview":"max-video-preview:-1"},"canonical":"https:\/\/patagoniambiental.com.ar\/info\/proyectan-un-nuevo-parque-eolico-en-acha\/","og_locale":"es_ES","og_type":"article","og_title":"Proyectan un nuevo parque e\u00f3lico en Acha","og_description":"La empresa espera la adjudicaci\u00f3n de un contrato con Naci\u00f3n.\u00a0El parque se levantar\u00eda en un predio ubicado 20 kil\u00f3metros al [&hellip;]","og_url":"https:\/\/patagoniambiental.com.ar\/info\/proyectan-un-nuevo-parque-eolico-en-acha\/","og_site_name":"Patagonia Ambiental","article_publisher":"https:\/\/www.facebook.com\/patagonia.ambiental","article_author":"https:\/\/www.facebook.com\/share\/1C1V8Gv9BX\/?mibextid=qi2Omg","article_published_time":"2017-11-06T12:00:02+00:00","og_image":[{"width":650,"height":366,"url":"https:\/\/patagoniambiental.com.ar\/info\/wp-content\/uploads\/2017\/11\/acha15a.jpg","type":"image\/jpeg"}],"author":"Patagonia Ambiental","twitter_card":"summary_large_image","twitter_creator":"@PatAmb","twitter_site":"@PatAmb","schema":{"@context":"https:\/\/schema.org","@graph":[{"@type":"Article","@id":"https:\/\/patagoniambiental.com.ar\/info\/proyectan-un-nuevo-parque-eolico-en-acha\/#article","isPartOf":{"@id":"https:\/\/patagoniambiental.com.ar\/info\/proyectan-un-nuevo-parque-eolico-en-acha\/"},"author":{"name":"Patagonia Ambiental","@id":"https:\/\/patagoniambiental.com.ar\/info\/#\/schema\/person\/db12bff64bbcbf6a253710bf0ea37b5d"},"headline":"Proyectan un nuevo parque e\u00f3lico en Acha","datePublished":"2017-11-06T12:00:02+00:00","mainEntityOfPage":{"@id":"https:\/\/patagoniambiental.com.ar\/info\/proyectan-un-nuevo-parque-eolico-en-acha\/"},"wordCount":516,"commentCount":0,"publisher":{"@id":"https:\/\/patagoniambiental.com.ar\/info\/#organization"},"image":{"@id":"https:\/\/patagoniambiental.com.ar\/info\/proyectan-un-nuevo-parque-eolico-en-acha\/#primaryimage"},"thumbnailUrl":"https:\/\/patagoniambiental.com.ar\/info\/wp-content\/uploads\/2017\/11\/acha15a.jpg","articleSection":["La Pampa","Noticias"],"inLanguage":"es","potentialAction":[{"@type":"CommentAction","name":"Comment","target":["https:\/\/patagoniambiental.com.ar\/info\/proyectan-un-nuevo-parque-eolico-en-acha\/#respond"]}]},{"@type":"WebPage","@id":"https:\/\/patagoniambiental.com.ar\/info\/proyectan-un-nuevo-parque-eolico-en-acha\/","url":"https:\/\/patagoniambiental.com.ar\/info\/proyectan-un-nuevo-parque-eolico-en-acha\/","name":"Proyectan un nuevo parque e\u00f3lico en Acha","isPartOf":{"@id":"https:\/\/patagoniambiental.com.ar\/info\/#website"},"primaryImageOfPage":{"@id":"https:\/\/patagoniambiental.com.ar\/info\/proyectan-un-nuevo-parque-eolico-en-acha\/#primaryimage"},"image":{"@id":"https:\/\/patagoniambiental.com.ar\/info\/proyectan-un-nuevo-parque-eolico-en-acha\/#primaryimage"},"thumbnailUrl":"https:\/\/patagoniambiental.com.ar\/info\/wp-content\/uploads\/2017\/11\/acha15a.jpg","datePublished":"2017-11-06T12:00:02+00:00","breadcrumb":{"@id":"https:\/\/patagoniambiental.com.ar\/info\/proyectan-un-nuevo-parque-eolico-en-acha\/#breadcrumb"},"inLanguage":"es","potentialAction":[{"@type":"ReadAction","target":["https:\/\/patagoniambiental.com.ar\/info\/proyectan-un-nuevo-parque-eolico-en-acha\/"]}]},{"@type":"ImageObject","inLanguage":"es","@id":"https:\/\/patagoniambiental.com.ar\/info\/proyectan-un-nuevo-parque-eolico-en-acha\/#primaryimage","url":"https:\/\/patagoniambiental.com.ar\/info\/wp-content\/uploads\/2017\/11\/acha15a.jpg","contentUrl":"https:\/\/patagoniambiental.com.ar\/info\/wp-content\/uploads\/2017\/11\/acha15a.jpg","width":650,"height":366},{"@type":"BreadcrumbList","@id":"https:\/\/patagoniambiental.com.ar\/info\/proyectan-un-nuevo-parque-eolico-en-acha\/#breadcrumb","itemListElement":[{"@type":"ListItem","position":1,"name":"Inicio","item":"https:\/\/patagoniambiental.com.ar\/info\/"},{"@type":"ListItem","position":2,"name":"Proyectan un nuevo parque e\u00f3lico en Acha"}]},{"@type":"WebSite","@id":"https:\/\/patagoniambiental.com.ar\/info\/#website","url":"https:\/\/patagoniambiental.com.ar\/info\/","name":"Patagonia Ambiental","description":"Monitoreo y an\u00e1lisis de la situaci\u00f3n geopol\u00edtica en el mundo y su implicancia en la Patagonia","publisher":{"@id":"https:\/\/patagoniambiental.com.ar\/info\/#organization"},"potentialAction":[{"@type":"SearchAction","target":{"@type":"EntryPoint","urlTemplate":"https:\/\/patagoniambiental.com.ar\/info\/?s={search_term_string}"},"query-input":{"@type":"PropertyValueSpecification","valueRequired":true,"valueName":"search_term_string"}}],"inLanguage":"es"},{"@type":"Organization","@id":"https:\/\/patagoniambiental.com.ar\/info\/#organization","name":"Patagonia Ambiental","url":"https:\/\/patagoniambiental.com.ar\/info\/","logo":{"@type":"ImageObject","inLanguage":"es","@id":"https:\/\/patagoniambiental.com.ar\/info\/#\/schema\/logo\/image\/","url":"https:\/\/patagoniambiental.com.ar\/info\/wp-content\/uploads\/2025\/05\/LOGO-PATAGONIA-AMBIENTAL.png","contentUrl":"https:\/\/patagoniambiental.com.ar\/info\/wp-content\/uploads\/2025\/05\/LOGO-PATAGONIA-AMBIENTAL.png","width":433,"height":250,"caption":"Patagonia Ambiental"},"image":{"@id":"https:\/\/patagoniambiental.com.ar\/info\/#\/schema\/logo\/image\/"},"sameAs":["https:\/\/www.facebook.com\/patagonia.ambiental","https:\/\/x.com\/PatAmb"]},{"@type":"Person","@id":"https:\/\/patagoniambiental.com.ar\/info\/#\/schema\/person\/db12bff64bbcbf6a253710bf0ea37b5d","name":"Patagonia Ambiental","description":"Andr\u00e9s Nievas T\u00e9cnico en manejo ambiental, consultor Ambiental y escritor para medios locales e internacionales sobre temas de geopolitica y medio ambiente.","sameAs":["http:\/\/www.patagoniambiental.com.ar","https:\/\/www.facebook.com\/share\/1C1V8Gv9BX\/?mibextid=qi2Omg","@patagoniambiental","https:\/\/youtube.com\/@patagoniaambiental2023?si=BLt58t0wuXquxlYZ"]}]}},"_links":{"self":[{"href":"https:\/\/patagoniambiental.com.ar\/info\/wp-json\/wp\/v2\/posts\/37655","targetHints":{"allow":["GET"]}}],"collection":[{"href":"https:\/\/patagoniambiental.com.ar\/info\/wp-json\/wp\/v2\/posts"}],"about":[{"href":"https:\/\/patagoniambiental.com.ar\/info\/wp-json\/wp\/v2\/types\/post"}],"author":[{"embeddable":true,"href":"https:\/\/patagoniambiental.com.ar\/info\/wp-json\/wp\/v2\/users\/2"}],"replies":[{"embeddable":true,"href":"https:\/\/patagoniambiental.com.ar\/info\/wp-json\/wp\/v2\/comments?post=37655"}],"version-history":[{"count":0,"href":"https:\/\/patagoniambiental.com.ar\/info\/wp-json\/wp\/v2\/posts\/37655\/revisions"}],"wp:featuredmedia":[{"embeddable":true,"href":"https:\/\/patagoniambiental.com.ar\/info\/wp-json\/wp\/v2\/media\/37656"}],"wp:attachment":[{"href":"https:\/\/patagoniambiental.com.ar\/info\/wp-json\/wp\/v2\/media?parent=37655"}],"wp:term":[{"taxonomy":"category","embeddable":true,"href":"https:\/\/patagoniambiental.com.ar\/info\/wp-json\/wp\/v2\/categories?post=37655"},{"taxonomy":"post_tag","embeddable":true,"href":"https:\/\/patagoniambiental.com.ar\/info\/wp-json\/wp\/v2\/tags?post=37655"}],"curies":[{"name":"wp","href":"https:\/\/api.w.org\/{rel}","templated":true}]}}