{"id":37670,"date":"2017-11-06T09:00:19","date_gmt":"2017-11-06T12:00:19","guid":{"rendered":"http:\/\/patagoniambiental.com.ar\/info\/?p=37670"},"modified":"2017-11-06T09:57:20","modified_gmt":"2017-11-06T12:57:20","slug":"aclaraciones-sobre-el-rio-negro-no-se-puede-aseverar-irresponsablemente-que-cualquier-mancha-marron-en-el-rio-es-liquido-cloacal","status":"publish","type":"post","link":"https:\/\/patagoniambiental.com.ar\/info\/aclaraciones-sobre-el-rio-negro-no-se-puede-aseverar-irresponsablemente-que-cualquier-mancha-marron-en-el-rio-es-liquido-cloacal\/","title":{"rendered":"Aclaraciones sobre el r\u00edo Negro: \u201cno se puede aseverar irresponsablemente que cualquier mancha marr\u00f3n en el r\u00edo es l\u00edquido cloacal\u201d"},"content":{"rendered":"<p class=\"x_MsoNormal\"><span lang=\"ES-AR\">Patagones.-En relaci\u00f3n al video que se replic\u00f3 en las primeras horas de este s\u00e1bado, sobre el estado del r\u00edo Negro, en la zona del balneario El Malec\u00f3n de Carmen de Patagones, se informa a la comunidad que una vez conocida la situaci\u00f3n, el Intendente Jos\u00e9 Luis Zara, junto a funcionarios de la Secretar\u00eda de Obras P\u00fablicas,<\/span><span class=\"x_gmail-st\">\u00a0se hicieron presentes en el lugar.<\/span><!--more--><\/p>\n<p class=\"x_MsoNormal\"><span class=\"x_gmail-st\">\u00a0<\/span><\/p>\n<p class=\"x_MsoNormal\"><span class=\"x_gmail-st\">Al respecto, el Subsecretario de Planificaci\u00f3n y Patrimonio, Arq. Juan Carlos Ricca, indic\u00f3 que \u201cla mancha de color marr\u00f3n que se vio en el r\u00edo est\u00e1 precisamente en el punto donde descargan los desag\u00fces pluviales; para poder aseverar que eso es liquido cloacal se tiene que realizar un an\u00e1lisis del sector\u201d.<\/span><\/p>\n<p class=\"x_MsoNormal\"><span class=\"x_gmail-st\">\u00a0<\/span><\/p>\n<p class=\"x_MsoNormal\"><span class=\"x_gmail-st\">\u201cEl lugar es un punto donde hay un vuelco de pluviales, de agua de lluvia, que esta ma\u00f1ana se encontraba cerrado, es posible que se haya abierto en alg\u00fan momento e impulsado una cantidad de lodo que embarr\u00f3 el r\u00edo con una coloraci\u00f3n amorronada\u201d, explic\u00f3.<\/span><\/p>\n<p class=\"x_MsoNormal\"><span class=\"x_gmail-st\">\u00a0<\/span><\/p>\n<p class=\"x_MsoNormal\"><span class=\"x_gmail-st\">En el mismo sentido, Ricca remarc\u00f3 que \u201ces muy dif\u00edcil expresar, sin tener un an\u00e1lisis adecuado, que lo que se ve de color marr\u00f3n tiene que ver con l\u00edquidos cloacales\u201d.<\/span><\/p>\n<p class=\"x_MsoNormal\"><span class=\"x_gmail-st\">\u00a0<\/span><\/p>\n<p class=\"x_MsoNormal\"><span class=\"x_gmail-st\">Asimismo, para llevar mayor tranquilidad a la comunidad, se confirm\u00f3 que la comuna iniciar\u00e1 una serie de estudios sistem\u00e1ticos para garantizar la calidad del agua para uso recreativo.<\/span><\/p>\n<p class=\"x_MsoNormal\"><span class=\"x_gmail-st\">\u00a0<\/span><\/p>\n<p class=\"x_MsoNormal\"><span class=\"x_gmail-st\">De esta manera, se solicita a los vecinos que detecten situaciones similares\u00a0\u00a0que, antes de viralizar sus apreciaciones, reflexionen acerca del impacto que las mismas pueden generar en la comunidad y eviten realizar afirmaciones sin conocimiento y sin tener un an\u00e1lisis exhaustivo que sustente cualquier anormalidad en las aguas del r\u00edo Negro.<\/span><\/p>\n<p class=\"x_MsoNormal\"><span class=\"x_gmail-st\">\u00a0<\/span><\/p>\n<p class=\"x_MsoNormal\"><span class=\"x_gmail-st\">\u201cCualquier mancha marr\u00f3n que se ve flotando en el r\u00edo no responde a liquido cloacal, salvo que un estudio demuestre lo contrario y los par\u00e1metros estudiados indiquen que as\u00ed fuera\u201d, enfatiz\u00f3 el funcionario.\u00a0\u00a0\u00a0\u00a0\u00a0\u00a0\u00a0\u00a0\u00a0\u00a0\u00a0\u00a0\u00a0\u00a0\u00a0\u00a0\u00a0\u00a0\u00a0\u00a0\u00a0\u00a0\u00a0\u00a0\u00a0\u00a0\u00a0\u00a0\u00a0\u00a0\u00a0\u00a0\u00a0\u00a0\u00a0\u00a0\u00a0\u00a0\u00a0\u00a0\u00a0\u00a0\u00a0\u00a0\u00a0\u00a0\u00a0\u00a0\u00a0\u00a0\u00a0\u00a0\u00a0\u00a0\u00a0\u00a0\u00a0\u00a0\u00a0\u00a0\u00a0\u00a0\u00a0\u00a0\u00a0\u00a0\u00a0\u00a0\u00a0\u00a0\u00a0\u00a0\u00a0\u00a0\u00a0\u00a0\u00a0\u00a0\u00a0\u00a0\u00a0\u00a0\u00a0\u00a0\u00a0\u00a0\u00a0\u00a0\u00a0\u00a0\u00a0\u00a0\u00a0\u00a0\u00a0\u00a0\u00a0\u00a0\u00a0\u00a0\u00a0\u00a0\u00a0\u00a0\u00a0\u00a0\u00a0\u00a0\u00a0\u00a0\u00a0\u00a0\u00a0\u00a0\u00a0\u00a0\u00a0\u00a0\u00a0\u00a0\u00a0\u00a0\u00a0\u00a0\u00a0\u00a0\u00a0\u00a0\u00a0\u00a0\u00a0\u00a0\u00a0\u00a0\u00a0\u00a0\u00a0\u00a0\u00a0\u00a0\u00a0\u00a0\u00a0\u00a0\u00a0\u00a0\u00a0\u00a0\u00a0\u00a0\u00a0\u00a0\u00a0\u00a0\u00a0\u00a0\u00a0\u00a0\u00a0\u00a0\u00a0<\/span><\/p>\n<p class=\"x_MsoNormal\"><span class=\"x_gmail-st\">\u00a0<\/span><\/p>\n<p class=\"x_MsoNormal\"><span class=\"x_gmail-st\">\u00a0<\/span><\/p>\n<p class=\"x_MsoNormal\"><span class=\"x_gmail-st\">\u00a0<\/span><\/p>\n<p class=\"x_MsoNormal\">\n<p>Fuente:\u00a0<span style=\"font-size: small;\">Direcci\u00f3n de Comunicaci\u00f3n Institucional &#8211;\u00a0<\/span><b><span style=\"font-size: small;\">MUNICIPALIDAD DE PATAGONES<\/span><\/b><\/p>\n","protected":false},"excerpt":{"rendered":"<p>Patagones.-En relaci\u00f3n al video que se replic\u00f3 en las primeras horas de este s\u00e1bado, sobre el estado del r\u00edo Negro, [&hellip;]<\/p>\n","protected":false},"author":2,"featured_media":0,"comment_status":"open","ping_status":"open","sticky":false,"template":"","format":"standard","meta":{"site-sidebar-layout":"default","site-content-layout":"","ast-site-content-layout":"default","site-content-style":"default","site-sidebar-style":"default","ast-global-header-display":"","ast-banner-title-visibility":"","ast-main-header-display":"","ast-hfb-above-header-display":"","ast-hfb-below-header-display":"","ast-hfb-mobile-header-display":"","site-post-title":"","ast-breadcrumbs-content":"","ast-featured-img":"","footer-sml-layout":"","ast-disable-related-posts":"","theme-transparent-header-meta":"","adv-header-id-meta":"","stick-header-meta":"","header-above-stick-meta":"","header-main-stick-meta":"","header-below-stick-meta":"","astra-migrate-meta-layouts":"default","ast-page-background-enabled":"default","ast-page-background-meta":{"desktop":{"background-color":"var(--ast-global-color-5)","background-image":"","background-repeat":"repeat","background-position":"center center","background-size":"auto","background-attachment":"scroll","background-type":"","background-media":"","overlay-type":"","overlay-color":"","overlay-opacity":"","overlay-gradient":""},"tablet":{"background-color":"","background-image":"","background-repeat":"repeat","background-position":"center center","background-size":"auto","background-attachment":"scroll","background-type":"","background-media":"","overlay-type":"","overlay-color":"","overlay-opacity":"","overlay-gradient":""},"mobile":{"background-color":"","background-image":"","background-repeat":"repeat","background-position":"center center","background-size":"auto","background-attachment":"scroll","background-type":"","background-media":"","overlay-type":"","overlay-color":"","overlay-opacity":"","overlay-gradient":""}},"ast-content-background-meta":{"desktop":{"background-color":"var(--ast-global-color-4)","background-image":"","background-repeat":"repeat","background-position":"center center","background-size":"auto","background-attachment":"scroll","background-type":"","background-media":"","overlay-type":"","overlay-color":"","overlay-opacity":"","overlay-gradient":""},"tablet":{"background-color":"var(--ast-global-color-4)","background-image":"","background-repeat":"repeat","background-position":"center center","background-size":"auto","background-attachment":"scroll","background-type":"","background-media":"","overlay-type":"","overlay-color":"","overlay-opacity":"","overlay-gradient":""},"mobile":{"background-color":"var(--ast-global-color-4)","background-image":"","background-repeat":"repeat","background-position":"center center","background-size":"auto","background-attachment":"scroll","background-type":"","background-media":"","overlay-type":"","overlay-color":"","overlay-opacity":"","overlay-gradient":""}},"footnotes":""},"categories":[16,1],"tags":[],"class_list":["post-37670","post","type-post","status-publish","format-standard","hentry","category-municipales","category-noticias"],"yoast_head":"<!-- This site is optimized with the Yoast SEO Premium plugin v23.0 (Yoast SEO v27.4) - https:\/\/yoast.com\/product\/yoast-seo-premium-wordpress\/ -->\n<title>Aclaraciones sobre el r\u00edo Negro: \u201cno se puede aseverar irresponsablemente que cualquier mancha marr\u00f3n en el r\u00edo es l\u00edquido cloacal\u201d<\/title>\n<meta name=\"robots\" content=\"index, follow, max-snippet:-1, max-image-preview:large, max-video-preview:-1\" \/>\n<link rel=\"canonical\" href=\"https:\/\/patagoniambiental.com.ar\/info\/aclaraciones-sobre-el-rio-negro-no-se-puede-aseverar-irresponsablemente-que-cualquier-mancha-marron-en-el-rio-es-liquido-cloacal\/\" \/>\n<meta property=\"og:locale\" content=\"es_ES\" \/>\n<meta property=\"og:type\" content=\"article\" \/>\n<meta property=\"og:title\" content=\"Aclaraciones sobre el r\u00edo Negro: \u201cno se puede aseverar irresponsablemente que cualquier mancha marr\u00f3n en el r\u00edo es l\u00edquido cloacal\u201d\" \/>\n<meta property=\"og:description\" content=\"Patagones.-En relaci\u00f3n al video que se replic\u00f3 en las primeras horas de este s\u00e1bado, sobre el estado del r\u00edo Negro, [&hellip;]\" \/>\n<meta property=\"og:url\" content=\"https:\/\/patagoniambiental.com.ar\/info\/aclaraciones-sobre-el-rio-negro-no-se-puede-aseverar-irresponsablemente-que-cualquier-mancha-marron-en-el-rio-es-liquido-cloacal\/\" \/>\n<meta property=\"og:site_name\" content=\"Patagonia Ambiental\" \/>\n<meta property=\"article:publisher\" content=\"https:\/\/www.facebook.com\/patagonia.ambiental\" \/>\n<meta property=\"article:author\" content=\"https:\/\/www.facebook.com\/share\/1C1V8Gv9BX\/?mibextid=qi2Omg\" \/>\n<meta property=\"article:published_time\" content=\"2017-11-06T12:00:19+00:00\" \/>\n<meta property=\"article:modified_time\" content=\"2017-11-06T12:57:20+00:00\" \/>\n<meta name=\"author\" content=\"Patagonia Ambiental\" \/>\n<meta name=\"twitter:card\" content=\"summary_large_image\" \/>\n<meta name=\"twitter:creator\" content=\"@PatAmb\" \/>\n<meta name=\"twitter:site\" content=\"@PatAmb\" \/>\n<script type=\"application\/ld+json\" class=\"yoast-schema-graph\">{\"@context\":\"https:\\\/\\\/schema.org\",\"@graph\":[{\"@type\":\"Article\",\"@id\":\"https:\\\/\\\/patagoniambiental.com.ar\\\/info\\\/aclaraciones-sobre-el-rio-negro-no-se-puede-aseverar-irresponsablemente-que-cualquier-mancha-marron-en-el-rio-es-liquido-cloacal\\\/#article\",\"isPartOf\":{\"@id\":\"https:\\\/\\\/patagoniambiental.com.ar\\\/info\\\/aclaraciones-sobre-el-rio-negro-no-se-puede-aseverar-irresponsablemente-que-cualquier-mancha-marron-en-el-rio-es-liquido-cloacal\\\/\"},\"author\":{\"name\":\"Patagonia Ambiental\",\"@id\":\"https:\\\/\\\/patagoniambiental.com.ar\\\/info\\\/#\\\/schema\\\/person\\\/db12bff64bbcbf6a253710bf0ea37b5d\"},\"headline\":\"Aclaraciones sobre el r\u00edo Negro: \u201cno se puede aseverar irresponsablemente que cualquier mancha marr\u00f3n en el r\u00edo es l\u00edquido cloacal\u201d\",\"datePublished\":\"2017-11-06T12:00:19+00:00\",\"dateModified\":\"2017-11-06T12:57:20+00:00\",\"mainEntityOfPage\":{\"@id\":\"https:\\\/\\\/patagoniambiental.com.ar\\\/info\\\/aclaraciones-sobre-el-rio-negro-no-se-puede-aseverar-irresponsablemente-que-cualquier-mancha-marron-en-el-rio-es-liquido-cloacal\\\/\"},\"wordCount\":363,\"commentCount\":0,\"publisher\":{\"@id\":\"https:\\\/\\\/patagoniambiental.com.ar\\\/info\\\/#organization\"},\"articleSection\":[\"Municipales\",\"Noticias\"],\"inLanguage\":\"es\",\"potentialAction\":[{\"@type\":\"CommentAction\",\"name\":\"Comment\",\"target\":[\"https:\\\/\\\/patagoniambiental.com.ar\\\/info\\\/aclaraciones-sobre-el-rio-negro-no-se-puede-aseverar-irresponsablemente-que-cualquier-mancha-marron-en-el-rio-es-liquido-cloacal\\\/#respond\"]}]},{\"@type\":\"WebPage\",\"@id\":\"https:\\\/\\\/patagoniambiental.com.ar\\\/info\\\/aclaraciones-sobre-el-rio-negro-no-se-puede-aseverar-irresponsablemente-que-cualquier-mancha-marron-en-el-rio-es-liquido-cloacal\\\/\",\"url\":\"https:\\\/\\\/patagoniambiental.com.ar\\\/info\\\/aclaraciones-sobre-el-rio-negro-no-se-puede-aseverar-irresponsablemente-que-cualquier-mancha-marron-en-el-rio-es-liquido-cloacal\\\/\",\"name\":\"Aclaraciones sobre el r\u00edo Negro: \u201cno se puede aseverar irresponsablemente que cualquier mancha marr\u00f3n en el r\u00edo es l\u00edquido cloacal\u201d\",\"isPartOf\":{\"@id\":\"https:\\\/\\\/patagoniambiental.com.ar\\\/info\\\/#website\"},\"datePublished\":\"2017-11-06T12:00:19+00:00\",\"dateModified\":\"2017-11-06T12:57:20+00:00\",\"breadcrumb\":{\"@id\":\"https:\\\/\\\/patagoniambiental.com.ar\\\/info\\\/aclaraciones-sobre-el-rio-negro-no-se-puede-aseverar-irresponsablemente-que-cualquier-mancha-marron-en-el-rio-es-liquido-cloacal\\\/#breadcrumb\"},\"inLanguage\":\"es\",\"potentialAction\":[{\"@type\":\"ReadAction\",\"target\":[\"https:\\\/\\\/patagoniambiental.com.ar\\\/info\\\/aclaraciones-sobre-el-rio-negro-no-se-puede-aseverar-irresponsablemente-que-cualquier-mancha-marron-en-el-rio-es-liquido-cloacal\\\/\"]}]},{\"@type\":\"BreadcrumbList\",\"@id\":\"https:\\\/\\\/patagoniambiental.com.ar\\\/info\\\/aclaraciones-sobre-el-rio-negro-no-se-puede-aseverar-irresponsablemente-que-cualquier-mancha-marron-en-el-rio-es-liquido-cloacal\\\/#breadcrumb\",\"itemListElement\":[{\"@type\":\"ListItem\",\"position\":1,\"name\":\"Inicio\",\"item\":\"https:\\\/\\\/patagoniambiental.com.ar\\\/info\\\/\"},{\"@type\":\"ListItem\",\"position\":2,\"name\":\"Aclaraciones sobre el r\u00edo Negro: \u201cno se puede aseverar irresponsablemente que cualquier mancha marr\u00f3n en el r\u00edo es l\u00edquido cloacal\u201d\"}]},{\"@type\":\"WebSite\",\"@id\":\"https:\\\/\\\/patagoniambiental.com.ar\\\/info\\\/#website\",\"url\":\"https:\\\/\\\/patagoniambiental.com.ar\\\/info\\\/\",\"name\":\"Patagonia Ambiental\",\"description\":\"Monitoreo y an\u00e1lisis de la situaci\u00f3n geopol\u00edtica en el mundo y su implicancia en la Patagonia\",\"publisher\":{\"@id\":\"https:\\\/\\\/patagoniambiental.com.ar\\\/info\\\/#organization\"},\"potentialAction\":[{\"@type\":\"SearchAction\",\"target\":{\"@type\":\"EntryPoint\",\"urlTemplate\":\"https:\\\/\\\/patagoniambiental.com.ar\\\/info\\\/?s={search_term_string}\"},\"query-input\":{\"@type\":\"PropertyValueSpecification\",\"valueRequired\":true,\"valueName\":\"search_term_string\"}}],\"inLanguage\":\"es\"},{\"@type\":\"Organization\",\"@id\":\"https:\\\/\\\/patagoniambiental.com.ar\\\/info\\\/#organization\",\"name\":\"Patagonia Ambiental\",\"url\":\"https:\\\/\\\/patagoniambiental.com.ar\\\/info\\\/\",\"logo\":{\"@type\":\"ImageObject\",\"inLanguage\":\"es\",\"@id\":\"https:\\\/\\\/patagoniambiental.com.ar\\\/info\\\/#\\\/schema\\\/logo\\\/image\\\/\",\"url\":\"https:\\\/\\\/patagoniambiental.com.ar\\\/info\\\/wp-content\\\/uploads\\\/2025\\\/05\\\/LOGO-PATAGONIA-AMBIENTAL.png\",\"contentUrl\":\"https:\\\/\\\/patagoniambiental.com.ar\\\/info\\\/wp-content\\\/uploads\\\/2025\\\/05\\\/LOGO-PATAGONIA-AMBIENTAL.png\",\"width\":433,\"height\":250,\"caption\":\"Patagonia Ambiental\"},\"image\":{\"@id\":\"https:\\\/\\\/patagoniambiental.com.ar\\\/info\\\/#\\\/schema\\\/logo\\\/image\\\/\"},\"sameAs\":[\"https:\\\/\\\/www.facebook.com\\\/patagonia.ambiental\",\"https:\\\/\\\/x.com\\\/PatAmb\"]},{\"@type\":\"Person\",\"@id\":\"https:\\\/\\\/patagoniambiental.com.ar\\\/info\\\/#\\\/schema\\\/person\\\/db12bff64bbcbf6a253710bf0ea37b5d\",\"name\":\"Patagonia Ambiental\",\"description\":\"Andr\u00e9s Nievas T\u00e9cnico en manejo ambiental, consultor Ambiental y escritor para medios locales e internacionales sobre temas de geopolitica y medio ambiente.\",\"sameAs\":[\"http:\\\/\\\/www.patagoniambiental.com.ar\",\"https:\\\/\\\/www.facebook.com\\\/share\\\/1C1V8Gv9BX\\\/?mibextid=qi2Omg\",\"@patagoniambiental\",\"https:\\\/\\\/youtube.com\\\/@patagoniaambiental2023?si=BLt58t0wuXquxlYZ\"]}]}<\/script>\n<!-- \/ Yoast SEO Premium plugin. -->","yoast_head_json":{"title":"Aclaraciones sobre el r\u00edo Negro: \u201cno se puede aseverar irresponsablemente que cualquier mancha marr\u00f3n en el r\u00edo es l\u00edquido cloacal\u201d","robots":{"index":"index","follow":"follow","max-snippet":"max-snippet:-1","max-image-preview":"max-image-preview:large","max-video-preview":"max-video-preview:-1"},"canonical":"https:\/\/patagoniambiental.com.ar\/info\/aclaraciones-sobre-el-rio-negro-no-se-puede-aseverar-irresponsablemente-que-cualquier-mancha-marron-en-el-rio-es-liquido-cloacal\/","og_locale":"es_ES","og_type":"article","og_title":"Aclaraciones sobre el r\u00edo Negro: \u201cno se puede aseverar irresponsablemente que cualquier mancha marr\u00f3n en el r\u00edo es l\u00edquido cloacal\u201d","og_description":"Patagones.-En relaci\u00f3n al video que se replic\u00f3 en las primeras horas de este s\u00e1bado, sobre el estado del r\u00edo Negro, [&hellip;]","og_url":"https:\/\/patagoniambiental.com.ar\/info\/aclaraciones-sobre-el-rio-negro-no-se-puede-aseverar-irresponsablemente-que-cualquier-mancha-marron-en-el-rio-es-liquido-cloacal\/","og_site_name":"Patagonia Ambiental","article_publisher":"https:\/\/www.facebook.com\/patagonia.ambiental","article_author":"https:\/\/www.facebook.com\/share\/1C1V8Gv9BX\/?mibextid=qi2Omg","article_published_time":"2017-11-06T12:00:19+00:00","article_modified_time":"2017-11-06T12:57:20+00:00","author":"Patagonia Ambiental","twitter_card":"summary_large_image","twitter_creator":"@PatAmb","twitter_site":"@PatAmb","schema":{"@context":"https:\/\/schema.org","@graph":[{"@type":"Article","@id":"https:\/\/patagoniambiental.com.ar\/info\/aclaraciones-sobre-el-rio-negro-no-se-puede-aseverar-irresponsablemente-que-cualquier-mancha-marron-en-el-rio-es-liquido-cloacal\/#article","isPartOf":{"@id":"https:\/\/patagoniambiental.com.ar\/info\/aclaraciones-sobre-el-rio-negro-no-se-puede-aseverar-irresponsablemente-que-cualquier-mancha-marron-en-el-rio-es-liquido-cloacal\/"},"author":{"name":"Patagonia Ambiental","@id":"https:\/\/patagoniambiental.com.ar\/info\/#\/schema\/person\/db12bff64bbcbf6a253710bf0ea37b5d"},"headline":"Aclaraciones sobre el r\u00edo Negro: \u201cno se puede aseverar irresponsablemente que cualquier mancha marr\u00f3n en el r\u00edo es l\u00edquido cloacal\u201d","datePublished":"2017-11-06T12:00:19+00:00","dateModified":"2017-11-06T12:57:20+00:00","mainEntityOfPage":{"@id":"https:\/\/patagoniambiental.com.ar\/info\/aclaraciones-sobre-el-rio-negro-no-se-puede-aseverar-irresponsablemente-que-cualquier-mancha-marron-en-el-rio-es-liquido-cloacal\/"},"wordCount":363,"commentCount":0,"publisher":{"@id":"https:\/\/patagoniambiental.com.ar\/info\/#organization"},"articleSection":["Municipales","Noticias"],"inLanguage":"es","potentialAction":[{"@type":"CommentAction","name":"Comment","target":["https:\/\/patagoniambiental.com.ar\/info\/aclaraciones-sobre-el-rio-negro-no-se-puede-aseverar-irresponsablemente-que-cualquier-mancha-marron-en-el-rio-es-liquido-cloacal\/#respond"]}]},{"@type":"WebPage","@id":"https:\/\/patagoniambiental.com.ar\/info\/aclaraciones-sobre-el-rio-negro-no-se-puede-aseverar-irresponsablemente-que-cualquier-mancha-marron-en-el-rio-es-liquido-cloacal\/","url":"https:\/\/patagoniambiental.com.ar\/info\/aclaraciones-sobre-el-rio-negro-no-se-puede-aseverar-irresponsablemente-que-cualquier-mancha-marron-en-el-rio-es-liquido-cloacal\/","name":"Aclaraciones sobre el r\u00edo Negro: \u201cno se puede aseverar irresponsablemente que cualquier mancha marr\u00f3n en el r\u00edo es l\u00edquido cloacal\u201d","isPartOf":{"@id":"https:\/\/patagoniambiental.com.ar\/info\/#website"},"datePublished":"2017-11-06T12:00:19+00:00","dateModified":"2017-11-06T12:57:20+00:00","breadcrumb":{"@id":"https:\/\/patagoniambiental.com.ar\/info\/aclaraciones-sobre-el-rio-negro-no-se-puede-aseverar-irresponsablemente-que-cualquier-mancha-marron-en-el-rio-es-liquido-cloacal\/#breadcrumb"},"inLanguage":"es","potentialAction":[{"@type":"ReadAction","target":["https:\/\/patagoniambiental.com.ar\/info\/aclaraciones-sobre-el-rio-negro-no-se-puede-aseverar-irresponsablemente-que-cualquier-mancha-marron-en-el-rio-es-liquido-cloacal\/"]}]},{"@type":"BreadcrumbList","@id":"https:\/\/patagoniambiental.com.ar\/info\/aclaraciones-sobre-el-rio-negro-no-se-puede-aseverar-irresponsablemente-que-cualquier-mancha-marron-en-el-rio-es-liquido-cloacal\/#breadcrumb","itemListElement":[{"@type":"ListItem","position":1,"name":"Inicio","item":"https:\/\/patagoniambiental.com.ar\/info\/"},{"@type":"ListItem","position":2,"name":"Aclaraciones sobre el r\u00edo Negro: \u201cno se puede aseverar irresponsablemente que cualquier mancha marr\u00f3n en el r\u00edo es l\u00edquido cloacal\u201d"}]},{"@type":"WebSite","@id":"https:\/\/patagoniambiental.com.ar\/info\/#website","url":"https:\/\/patagoniambiental.com.ar\/info\/","name":"Patagonia Ambiental","description":"Monitoreo y an\u00e1lisis de la situaci\u00f3n geopol\u00edtica en el mundo y su implicancia en la Patagonia","publisher":{"@id":"https:\/\/patagoniambiental.com.ar\/info\/#organization"},"potentialAction":[{"@type":"SearchAction","target":{"@type":"EntryPoint","urlTemplate":"https:\/\/patagoniambiental.com.ar\/info\/?s={search_term_string}"},"query-input":{"@type":"PropertyValueSpecification","valueRequired":true,"valueName":"search_term_string"}}],"inLanguage":"es"},{"@type":"Organization","@id":"https:\/\/patagoniambiental.com.ar\/info\/#organization","name":"Patagonia Ambiental","url":"https:\/\/patagoniambiental.com.ar\/info\/","logo":{"@type":"ImageObject","inLanguage":"es","@id":"https:\/\/patagoniambiental.com.ar\/info\/#\/schema\/logo\/image\/","url":"https:\/\/patagoniambiental.com.ar\/info\/wp-content\/uploads\/2025\/05\/LOGO-PATAGONIA-AMBIENTAL.png","contentUrl":"https:\/\/patagoniambiental.com.ar\/info\/wp-content\/uploads\/2025\/05\/LOGO-PATAGONIA-AMBIENTAL.png","width":433,"height":250,"caption":"Patagonia Ambiental"},"image":{"@id":"https:\/\/patagoniambiental.com.ar\/info\/#\/schema\/logo\/image\/"},"sameAs":["https:\/\/www.facebook.com\/patagonia.ambiental","https:\/\/x.com\/PatAmb"]},{"@type":"Person","@id":"https:\/\/patagoniambiental.com.ar\/info\/#\/schema\/person\/db12bff64bbcbf6a253710bf0ea37b5d","name":"Patagonia Ambiental","description":"Andr\u00e9s Nievas T\u00e9cnico en manejo ambiental, consultor Ambiental y escritor para medios locales e internacionales sobre temas de geopolitica y medio ambiente.","sameAs":["http:\/\/www.patagoniambiental.com.ar","https:\/\/www.facebook.com\/share\/1C1V8Gv9BX\/?mibextid=qi2Omg","@patagoniambiental","https:\/\/youtube.com\/@patagoniaambiental2023?si=BLt58t0wuXquxlYZ"]}]}},"_links":{"self":[{"href":"https:\/\/patagoniambiental.com.ar\/info\/wp-json\/wp\/v2\/posts\/37670","targetHints":{"allow":["GET"]}}],"collection":[{"href":"https:\/\/patagoniambiental.com.ar\/info\/wp-json\/wp\/v2\/posts"}],"about":[{"href":"https:\/\/patagoniambiental.com.ar\/info\/wp-json\/wp\/v2\/types\/post"}],"author":[{"embeddable":true,"href":"https:\/\/patagoniambiental.com.ar\/info\/wp-json\/wp\/v2\/users\/2"}],"replies":[{"embeddable":true,"href":"https:\/\/patagoniambiental.com.ar\/info\/wp-json\/wp\/v2\/comments?post=37670"}],"version-history":[{"count":0,"href":"https:\/\/patagoniambiental.com.ar\/info\/wp-json\/wp\/v2\/posts\/37670\/revisions"}],"wp:attachment":[{"href":"https:\/\/patagoniambiental.com.ar\/info\/wp-json\/wp\/v2\/media?parent=37670"}],"wp:term":[{"taxonomy":"category","embeddable":true,"href":"https:\/\/patagoniambiental.com.ar\/info\/wp-json\/wp\/v2\/categories?post=37670"},{"taxonomy":"post_tag","embeddable":true,"href":"https:\/\/patagoniambiental.com.ar\/info\/wp-json\/wp\/v2\/tags?post=37670"}],"curies":[{"name":"wp","href":"https:\/\/api.w.org\/{rel}","templated":true}]}}