{"id":37703,"date":"2017-11-06T19:00:59","date_gmt":"2017-11-06T22:00:59","guid":{"rendered":"http:\/\/patagoniambiental.com.ar\/info\/?p=37703"},"modified":"2017-11-06T15:48:18","modified_gmt":"2017-11-06T18:48:18","slug":"gennuso-es-indisoluble-la-historia-de-bariloche-y-de-parques-nacionales","status":"publish","type":"post","link":"https:\/\/patagoniambiental.com.ar\/info\/gennuso-es-indisoluble-la-historia-de-bariloche-y-de-parques-nacionales\/","title":{"rendered":"Gennuso: \u201cEs indisoluble la historia de Bariloche y de Parques Nacionales\u201d"},"content":{"rendered":"<div dir=\"ltr\">\n<div dir=\"ltr\"><i>San Carlos de Bariloche.-El intendente Gustavo Gennuso presidi\u00f3 el acto que se realiz\u00f3 este lunes 06 de noviembre en la plaza Francisco P. Moreno, por el D\u00eda de Parques Nacionales. <\/i><\/div>\n<div dir=\"ltr\"><!--more--><\/div>\n<div dir=\"ltr\"><i>Hubo reconocimientos a trabajadores con m\u00e1s de 25 a\u00f1os, y en especial a los egresados de la 5ta promoci\u00f3n de guardaparques de 1972.<\/i><\/div>\n<div dir=\"ltr\"><\/div>\n<div dir=\"ltr\">El Jefe Comunal estuvo presente en representaci\u00f3n del Intendente del Parque Nacional Nahuel Huapi, Dami\u00e1n Mujica, quien se encontraba ausente de la ciudad. Estuvo acompa\u00f1ado por el Jefe de Guardaparques Ramiro Araoz, el senador nacional Sergio Wisky, la Ministra de Turismo, Cultura y Deportes de R\u00edo Negro, Arabela Carreras, el c\u00f3nsul de Chile en Bariloche, Diego Velasco Von Pilgrimm, y el presidente del Concejo Municipal, Diego Benitez.<\/div>\n<div dir=\"ltr\"><\/div>\n<div dir=\"ltr\">Adem\u00e1s, se encontraban presentes los concejales Claudia Contreras, Viviana Gelain, Julia Fernandez, y Daniel Gonzalez; el Jefe de Gabinete, Marcos Barberis, el Secretario de Turismo y Producci\u00f3n, Gast\u00f3n Burlon, la Subsecretaria de Protecci\u00f3n Civil, Patricia Diaz; la Subsecretaria de Cultura, Ana Geron, fuerzas de seguridad, alumnos de la escuela N\u00b016, agrupaciones de boy scout de la ciudad, Splif Bariloche, personal t\u00e9cnico, administrativo, personal del Cuerpo de Guardaparques, y personal retirado de la administraci\u00f3n.<\/div>\n<div dir=\"ltr\"><\/div>\n<div dir=\"ltr\">El intendente Gustavo Gennuso sostuvo que \u201ces indisoluble la historia de Bariloche y de Parques Nacionales. Es una de las pocas ciudades en el mundo con esta cantidad de habitantes inserto dentro de un parque nacional\u201d.<\/div>\n<div dir=\"ltr\"><\/div>\n<div dir=\"ltr\">Valor\u00f3 el gesto de Perito Francisco Moreno \u201cpara que el estado nacional cuide estos lugares para futuras generaciones. Fue uno de los primeros en latinoam\u00e9rica y del mundo en pensar la preservaci\u00f3n de esta manera\u201d.<\/div>\n<div dir=\"ltr\"><\/div>\n<div dir=\"ltr\">\u201cNo es un d\u00eda m\u00e1s para Bariloche, es muy importante porque la historia del parque y de Bariloche son una\u201d, afirm\u00f3 e inst\u00f3 a continuar trabajando juntos, \u201ccomo lo venimos haciendo, bien y c\u00f3modos, sabiendo que queremos lo mismo\u201d.<\/div>\n<div dir=\"ltr\"><\/div>\n<div dir=\"ltr\">Araoz puso en valor el gesto de Moreno, \u201cquien en 1903 tuvo una visi\u00f3n, que no creo que la haya dimensionado, y hoy contamos con 42 \u00e1reas protegidas en el sistema de Parques Nacionales\u201d.<\/div>\n<div dir=\"ltr\"><\/div>\n<div dir=\"ltr\">Agradeci\u00f3 a los trabajadores de Parques Nacionales, \u201cque d\u00eda a d\u00eda engrandecen esta instituci\u00f3n, y el acompa\u00f1amiento de la comunidad, e formar parte del \u00faltimo plan de gesti\u00f3n donde surgieron los objetivos de conservaci\u00f3n del parque, lo que implica una nueva gu\u00eda\u201d.<\/div>\n<div dir=\"ltr\"><\/div>\n<div dir=\"ltr\">Durante el acto se coloc\u00f3 una ofrenda floral al pi\u00e9 del monumento en homenaje al Perito Francisco Pascacio Moreno, seguido de un minuto de silencio. Seguidamente se reconoci\u00f3 a Alberto Huenchuyan por sus 40 a\u00f1os de servicio dentro de la instituci\u00f3n; a Ra\u00fal Romero por 30 a\u00f1os, y a Pedro Curuhual por sus 25 a\u00f1os.<\/div>\n<div dir=\"ltr\"><\/div>\n<div dir=\"ltr\">Adem\u00e1s, se entregaron distinciones a los egresados de la 5ta promoci\u00f3n de guardaparques del a\u00f1o 1972, que este a\u00f1o cumplieron sus 45 a\u00f1os. Ellos fueron: Miguel Aguero, Oscar \u00c1vila, Guillermo Blum, Andr\u00e9s Mar\u00eda Giai, Guillermo Izaguirre, y los reconocimientos de Jorge Luis Alonso, Jos\u00e9 Miguel Berazadi, Maite Berazadi, Julio Jakab, y Rodolfo Llabr\u00e9s fueron recibidos por sus familiares.<\/div>\n<div dir=\"ltr\">Nantlais Evans fue director en aquel momento de la escuela de guardaparques, quien fue distiguido tambi\u00e9n e invitado a compartir unas palabras, junto a Miguel Aguero.<\/div>\n<div dir=\"ltr\"><\/div>\n<div dir=\"ltr\">El acto fue acompa\u00f1ado por la Banda Militar de Monta\u00f1a, quien enton\u00f3 el himno nacional y el del Perito Moreno.<\/div>\n<div dir=\"ltr\"><\/div>\n<div dir=\"ltr\">El 06 de noviembre\u00a0 de 1903 fue el momento en que el Dr. Francisco P. Moreno redact\u00f3 una carta al entonces Ministro de Agricultura de la Naci\u00f3n con la intenci\u00f3n de donar 3 leguas cuadradas de tierras, las cuales le fueron cedidas por el Estado Nacional en m\u00e9rito a su trabajo como perito, con el destino a la creaci\u00f3n de un Parque P\u00fablico Natural, sentando el primer antecedente para el actual sistema de Parques Nacionales del pa\u00eds.<\/div>\n<div><\/div>\n<\/div>\n<p>Fuente: Municipalidad de Bariloche<\/p>\n<div dir=\"ltr\"><\/div>\n","protected":false},"excerpt":{"rendered":"<p>San Carlos de Bariloche.-El intendente Gustavo Gennuso presidi\u00f3 el acto que se realiz\u00f3 este lunes 06 de noviembre en la [&hellip;]<\/p>\n","protected":false},"author":2,"featured_media":37704,"comment_status":"open","ping_status":"open","sticky":false,"template":"","format":"standard","meta":{"site-sidebar-layout":"default","site-content-layout":"","ast-site-content-layout":"default","site-content-style":"default","site-sidebar-style":"default","ast-global-header-display":"","ast-banner-title-visibility":"","ast-main-header-display":"","ast-hfb-above-header-display":"","ast-hfb-below-header-display":"","ast-hfb-mobile-header-display":"","site-post-title":"","ast-breadcrumbs-content":"","ast-featured-img":"","footer-sml-layout":"","ast-disable-related-posts":"","theme-transparent-header-meta":"","adv-header-id-meta":"","stick-header-meta":"","header-above-stick-meta":"","header-main-stick-meta":"","header-below-stick-meta":"","astra-migrate-meta-layouts":"default","ast-page-background-enabled":"default","ast-page-background-meta":{"desktop":{"background-color":"var(--ast-global-color-5)","background-image":"","background-repeat":"repeat","background-position":"center center","background-size":"auto","background-attachment":"scroll","background-type":"","background-media":"","overlay-type":"","overlay-color":"","overlay-opacity":"","overlay-gradient":""},"tablet":{"background-color":"","background-image":"","background-repeat":"repeat","background-position":"center center","background-size":"auto","background-attachment":"scroll","background-type":"","background-media":"","overlay-type":"","overlay-color":"","overlay-opacity":"","overlay-gradient":""},"mobile":{"background-color":"","background-image":"","background-repeat":"repeat","background-position":"center center","background-size":"auto","background-attachment":"scroll","background-type":"","background-media":"","overlay-type":"","overlay-color":"","overlay-opacity":"","overlay-gradient":""}},"ast-content-background-meta":{"desktop":{"background-color":"var(--ast-global-color-4)","background-image":"","background-repeat":"repeat","background-position":"center center","background-size":"auto","background-attachment":"scroll","background-type":"","background-media":"","overlay-type":"","overlay-color":"","overlay-opacity":"","overlay-gradient":""},"tablet":{"background-color":"var(--ast-global-color-4)","background-image":"","background-repeat":"repeat","background-position":"center center","background-size":"auto","background-attachment":"scroll","background-type":"","background-media":"","overlay-type":"","overlay-color":"","overlay-opacity":"","overlay-gradient":""},"mobile":{"background-color":"var(--ast-global-color-4)","background-image":"","background-repeat":"repeat","background-position":"center center","background-size":"auto","background-attachment":"scroll","background-type":"","background-media":"","overlay-type":"","overlay-color":"","overlay-opacity":"","overlay-gradient":""}},"footnotes":""},"categories":[16,1],"tags":[],"class_list":["post-37703","post","type-post","status-publish","format-standard","has-post-thumbnail","hentry","category-municipales","category-noticias"],"yoast_head":"<!-- This site is optimized with the Yoast SEO Premium plugin v23.0 (Yoast SEO v27.4) - https:\/\/yoast.com\/product\/yoast-seo-premium-wordpress\/ -->\n<title>Gennuso: \u201cEs indisoluble la historia de Bariloche y de Parques Nacionales\u201d<\/title>\n<meta name=\"robots\" content=\"index, follow, max-snippet:-1, max-image-preview:large, max-video-preview:-1\" \/>\n<link rel=\"canonical\" href=\"https:\/\/patagoniambiental.com.ar\/info\/gennuso-es-indisoluble-la-historia-de-bariloche-y-de-parques-nacionales\/\" \/>\n<meta property=\"og:locale\" content=\"es_ES\" \/>\n<meta property=\"og:type\" content=\"article\" \/>\n<meta property=\"og:title\" content=\"Gennuso: \u201cEs indisoluble la historia de Bariloche y de Parques Nacionales\u201d\" \/>\n<meta property=\"og:description\" content=\"San Carlos de Bariloche.-El intendente Gustavo Gennuso presidi\u00f3 el acto que se realiz\u00f3 este lunes 06 de noviembre en la [&hellip;]\" \/>\n<meta property=\"og:url\" content=\"https:\/\/patagoniambiental.com.ar\/info\/gennuso-es-indisoluble-la-historia-de-bariloche-y-de-parques-nacionales\/\" \/>\n<meta property=\"og:site_name\" content=\"Patagonia Ambiental\" \/>\n<meta property=\"article:publisher\" content=\"https:\/\/www.facebook.com\/patagonia.ambiental\" \/>\n<meta property=\"article:author\" content=\"https:\/\/www.facebook.com\/share\/1C1V8Gv9BX\/?mibextid=qi2Omg\" \/>\n<meta property=\"article:published_time\" content=\"2017-11-06T22:00:59+00:00\" \/>\n<meta property=\"og:image\" content=\"https:\/\/patagoniambiental.com.ar\/info\/wp-content\/uploads\/2017\/11\/thumbnail_parques5.jpg\" \/>\n\t<meta property=\"og:image:width\" content=\"1024\" \/>\n\t<meta property=\"og:image:height\" content=\"683\" \/>\n\t<meta property=\"og:image:type\" content=\"image\/jpeg\" \/>\n<meta name=\"author\" content=\"Patagonia Ambiental\" \/>\n<meta name=\"twitter:card\" content=\"summary_large_image\" \/>\n<meta name=\"twitter:creator\" content=\"@PatAmb\" \/>\n<meta name=\"twitter:site\" content=\"@PatAmb\" \/>\n<script type=\"application\/ld+json\" class=\"yoast-schema-graph\">{\"@context\":\"https:\\\/\\\/schema.org\",\"@graph\":[{\"@type\":\"Article\",\"@id\":\"https:\\\/\\\/patagoniambiental.com.ar\\\/info\\\/gennuso-es-indisoluble-la-historia-de-bariloche-y-de-parques-nacionales\\\/#article\",\"isPartOf\":{\"@id\":\"https:\\\/\\\/patagoniambiental.com.ar\\\/info\\\/gennuso-es-indisoluble-la-historia-de-bariloche-y-de-parques-nacionales\\\/\"},\"author\":{\"name\":\"Patagonia Ambiental\",\"@id\":\"https:\\\/\\\/patagoniambiental.com.ar\\\/info\\\/#\\\/schema\\\/person\\\/db12bff64bbcbf6a253710bf0ea37b5d\"},\"headline\":\"Gennuso: \u201cEs indisoluble la historia de Bariloche y de Parques Nacionales\u201d\",\"datePublished\":\"2017-11-06T22:00:59+00:00\",\"mainEntityOfPage\":{\"@id\":\"https:\\\/\\\/patagoniambiental.com.ar\\\/info\\\/gennuso-es-indisoluble-la-historia-de-bariloche-y-de-parques-nacionales\\\/\"},\"wordCount\":668,\"commentCount\":0,\"publisher\":{\"@id\":\"https:\\\/\\\/patagoniambiental.com.ar\\\/info\\\/#organization\"},\"image\":{\"@id\":\"https:\\\/\\\/patagoniambiental.com.ar\\\/info\\\/gennuso-es-indisoluble-la-historia-de-bariloche-y-de-parques-nacionales\\\/#primaryimage\"},\"thumbnailUrl\":\"https:\\\/\\\/patagoniambiental.com.ar\\\/info\\\/wp-content\\\/uploads\\\/2017\\\/11\\\/thumbnail_parques5.jpg\",\"articleSection\":[\"Municipales\",\"Noticias\"],\"inLanguage\":\"es\",\"potentialAction\":[{\"@type\":\"CommentAction\",\"name\":\"Comment\",\"target\":[\"https:\\\/\\\/patagoniambiental.com.ar\\\/info\\\/gennuso-es-indisoluble-la-historia-de-bariloche-y-de-parques-nacionales\\\/#respond\"]}]},{\"@type\":\"WebPage\",\"@id\":\"https:\\\/\\\/patagoniambiental.com.ar\\\/info\\\/gennuso-es-indisoluble-la-historia-de-bariloche-y-de-parques-nacionales\\\/\",\"url\":\"https:\\\/\\\/patagoniambiental.com.ar\\\/info\\\/gennuso-es-indisoluble-la-historia-de-bariloche-y-de-parques-nacionales\\\/\",\"name\":\"Gennuso: \u201cEs indisoluble la historia de Bariloche y de Parques Nacionales\u201d\",\"isPartOf\":{\"@id\":\"https:\\\/\\\/patagoniambiental.com.ar\\\/info\\\/#website\"},\"primaryImageOfPage\":{\"@id\":\"https:\\\/\\\/patagoniambiental.com.ar\\\/info\\\/gennuso-es-indisoluble-la-historia-de-bariloche-y-de-parques-nacionales\\\/#primaryimage\"},\"image\":{\"@id\":\"https:\\\/\\\/patagoniambiental.com.ar\\\/info\\\/gennuso-es-indisoluble-la-historia-de-bariloche-y-de-parques-nacionales\\\/#primaryimage\"},\"thumbnailUrl\":\"https:\\\/\\\/patagoniambiental.com.ar\\\/info\\\/wp-content\\\/uploads\\\/2017\\\/11\\\/thumbnail_parques5.jpg\",\"datePublished\":\"2017-11-06T22:00:59+00:00\",\"breadcrumb\":{\"@id\":\"https:\\\/\\\/patagoniambiental.com.ar\\\/info\\\/gennuso-es-indisoluble-la-historia-de-bariloche-y-de-parques-nacionales\\\/#breadcrumb\"},\"inLanguage\":\"es\",\"potentialAction\":[{\"@type\":\"ReadAction\",\"target\":[\"https:\\\/\\\/patagoniambiental.com.ar\\\/info\\\/gennuso-es-indisoluble-la-historia-de-bariloche-y-de-parques-nacionales\\\/\"]}]},{\"@type\":\"ImageObject\",\"inLanguage\":\"es\",\"@id\":\"https:\\\/\\\/patagoniambiental.com.ar\\\/info\\\/gennuso-es-indisoluble-la-historia-de-bariloche-y-de-parques-nacionales\\\/#primaryimage\",\"url\":\"https:\\\/\\\/patagoniambiental.com.ar\\\/info\\\/wp-content\\\/uploads\\\/2017\\\/11\\\/thumbnail_parques5.jpg\",\"contentUrl\":\"https:\\\/\\\/patagoniambiental.com.ar\\\/info\\\/wp-content\\\/uploads\\\/2017\\\/11\\\/thumbnail_parques5.jpg\",\"width\":900,\"height\":600},{\"@type\":\"BreadcrumbList\",\"@id\":\"https:\\\/\\\/patagoniambiental.com.ar\\\/info\\\/gennuso-es-indisoluble-la-historia-de-bariloche-y-de-parques-nacionales\\\/#breadcrumb\",\"itemListElement\":[{\"@type\":\"ListItem\",\"position\":1,\"name\":\"Inicio\",\"item\":\"https:\\\/\\\/patagoniambiental.com.ar\\\/info\\\/\"},{\"@type\":\"ListItem\",\"position\":2,\"name\":\"Gennuso: \u201cEs indisoluble la historia de Bariloche y de Parques Nacionales\u201d\"}]},{\"@type\":\"WebSite\",\"@id\":\"https:\\\/\\\/patagoniambiental.com.ar\\\/info\\\/#website\",\"url\":\"https:\\\/\\\/patagoniambiental.com.ar\\\/info\\\/\",\"name\":\"Patagonia Ambiental\",\"description\":\"Monitoreo y an\u00e1lisis de la situaci\u00f3n geopol\u00edtica en el mundo y su implicancia en la Patagonia\",\"publisher\":{\"@id\":\"https:\\\/\\\/patagoniambiental.com.ar\\\/info\\\/#organization\"},\"potentialAction\":[{\"@type\":\"SearchAction\",\"target\":{\"@type\":\"EntryPoint\",\"urlTemplate\":\"https:\\\/\\\/patagoniambiental.com.ar\\\/info\\\/?s={search_term_string}\"},\"query-input\":{\"@type\":\"PropertyValueSpecification\",\"valueRequired\":true,\"valueName\":\"search_term_string\"}}],\"inLanguage\":\"es\"},{\"@type\":\"Organization\",\"@id\":\"https:\\\/\\\/patagoniambiental.com.ar\\\/info\\\/#organization\",\"name\":\"Patagonia Ambiental\",\"url\":\"https:\\\/\\\/patagoniambiental.com.ar\\\/info\\\/\",\"logo\":{\"@type\":\"ImageObject\",\"inLanguage\":\"es\",\"@id\":\"https:\\\/\\\/patagoniambiental.com.ar\\\/info\\\/#\\\/schema\\\/logo\\\/image\\\/\",\"url\":\"https:\\\/\\\/patagoniambiental.com.ar\\\/info\\\/wp-content\\\/uploads\\\/2025\\\/05\\\/LOGO-PATAGONIA-AMBIENTAL.png\",\"contentUrl\":\"https:\\\/\\\/patagoniambiental.com.ar\\\/info\\\/wp-content\\\/uploads\\\/2025\\\/05\\\/LOGO-PATAGONIA-AMBIENTAL.png\",\"width\":433,\"height\":250,\"caption\":\"Patagonia Ambiental\"},\"image\":{\"@id\":\"https:\\\/\\\/patagoniambiental.com.ar\\\/info\\\/#\\\/schema\\\/logo\\\/image\\\/\"},\"sameAs\":[\"https:\\\/\\\/www.facebook.com\\\/patagonia.ambiental\",\"https:\\\/\\\/x.com\\\/PatAmb\"]},{\"@type\":\"Person\",\"@id\":\"https:\\\/\\\/patagoniambiental.com.ar\\\/info\\\/#\\\/schema\\\/person\\\/db12bff64bbcbf6a253710bf0ea37b5d\",\"name\":\"Patagonia Ambiental\",\"description\":\"Andr\u00e9s Nievas T\u00e9cnico en manejo ambiental, consultor Ambiental y escritor para medios locales e internacionales sobre temas de geopolitica y medio ambiente.\",\"sameAs\":[\"http:\\\/\\\/www.patagoniambiental.com.ar\",\"https:\\\/\\\/www.facebook.com\\\/share\\\/1C1V8Gv9BX\\\/?mibextid=qi2Omg\",\"@patagoniambiental\",\"https:\\\/\\\/youtube.com\\\/@patagoniaambiental2023?si=BLt58t0wuXquxlYZ\"]}]}<\/script>\n<!-- \/ Yoast SEO Premium plugin. -->","yoast_head_json":{"title":"Gennuso: \u201cEs indisoluble la historia de Bariloche y de Parques Nacionales\u201d","robots":{"index":"index","follow":"follow","max-snippet":"max-snippet:-1","max-image-preview":"max-image-preview:large","max-video-preview":"max-video-preview:-1"},"canonical":"https:\/\/patagoniambiental.com.ar\/info\/gennuso-es-indisoluble-la-historia-de-bariloche-y-de-parques-nacionales\/","og_locale":"es_ES","og_type":"article","og_title":"Gennuso: \u201cEs indisoluble la historia de Bariloche y de Parques Nacionales\u201d","og_description":"San Carlos de Bariloche.-El intendente Gustavo Gennuso presidi\u00f3 el acto que se realiz\u00f3 este lunes 06 de noviembre en la [&hellip;]","og_url":"https:\/\/patagoniambiental.com.ar\/info\/gennuso-es-indisoluble-la-historia-de-bariloche-y-de-parques-nacionales\/","og_site_name":"Patagonia Ambiental","article_publisher":"https:\/\/www.facebook.com\/patagonia.ambiental","article_author":"https:\/\/www.facebook.com\/share\/1C1V8Gv9BX\/?mibextid=qi2Omg","article_published_time":"2017-11-06T22:00:59+00:00","og_image":[{"width":1024,"height":683,"url":"https:\/\/patagoniambiental.com.ar\/info\/wp-content\/uploads\/2017\/11\/thumbnail_parques5.jpg","type":"image\/jpeg"}],"author":"Patagonia Ambiental","twitter_card":"summary_large_image","twitter_creator":"@PatAmb","twitter_site":"@PatAmb","schema":{"@context":"https:\/\/schema.org","@graph":[{"@type":"Article","@id":"https:\/\/patagoniambiental.com.ar\/info\/gennuso-es-indisoluble-la-historia-de-bariloche-y-de-parques-nacionales\/#article","isPartOf":{"@id":"https:\/\/patagoniambiental.com.ar\/info\/gennuso-es-indisoluble-la-historia-de-bariloche-y-de-parques-nacionales\/"},"author":{"name":"Patagonia Ambiental","@id":"https:\/\/patagoniambiental.com.ar\/info\/#\/schema\/person\/db12bff64bbcbf6a253710bf0ea37b5d"},"headline":"Gennuso: \u201cEs indisoluble la historia de Bariloche y de Parques Nacionales\u201d","datePublished":"2017-11-06T22:00:59+00:00","mainEntityOfPage":{"@id":"https:\/\/patagoniambiental.com.ar\/info\/gennuso-es-indisoluble-la-historia-de-bariloche-y-de-parques-nacionales\/"},"wordCount":668,"commentCount":0,"publisher":{"@id":"https:\/\/patagoniambiental.com.ar\/info\/#organization"},"image":{"@id":"https:\/\/patagoniambiental.com.ar\/info\/gennuso-es-indisoluble-la-historia-de-bariloche-y-de-parques-nacionales\/#primaryimage"},"thumbnailUrl":"https:\/\/patagoniambiental.com.ar\/info\/wp-content\/uploads\/2017\/11\/thumbnail_parques5.jpg","articleSection":["Municipales","Noticias"],"inLanguage":"es","potentialAction":[{"@type":"CommentAction","name":"Comment","target":["https:\/\/patagoniambiental.com.ar\/info\/gennuso-es-indisoluble-la-historia-de-bariloche-y-de-parques-nacionales\/#respond"]}]},{"@type":"WebPage","@id":"https:\/\/patagoniambiental.com.ar\/info\/gennuso-es-indisoluble-la-historia-de-bariloche-y-de-parques-nacionales\/","url":"https:\/\/patagoniambiental.com.ar\/info\/gennuso-es-indisoluble-la-historia-de-bariloche-y-de-parques-nacionales\/","name":"Gennuso: \u201cEs indisoluble la historia de Bariloche y de Parques Nacionales\u201d","isPartOf":{"@id":"https:\/\/patagoniambiental.com.ar\/info\/#website"},"primaryImageOfPage":{"@id":"https:\/\/patagoniambiental.com.ar\/info\/gennuso-es-indisoluble-la-historia-de-bariloche-y-de-parques-nacionales\/#primaryimage"},"image":{"@id":"https:\/\/patagoniambiental.com.ar\/info\/gennuso-es-indisoluble-la-historia-de-bariloche-y-de-parques-nacionales\/#primaryimage"},"thumbnailUrl":"https:\/\/patagoniambiental.com.ar\/info\/wp-content\/uploads\/2017\/11\/thumbnail_parques5.jpg","datePublished":"2017-11-06T22:00:59+00:00","breadcrumb":{"@id":"https:\/\/patagoniambiental.com.ar\/info\/gennuso-es-indisoluble-la-historia-de-bariloche-y-de-parques-nacionales\/#breadcrumb"},"inLanguage":"es","potentialAction":[{"@type":"ReadAction","target":["https:\/\/patagoniambiental.com.ar\/info\/gennuso-es-indisoluble-la-historia-de-bariloche-y-de-parques-nacionales\/"]}]},{"@type":"ImageObject","inLanguage":"es","@id":"https:\/\/patagoniambiental.com.ar\/info\/gennuso-es-indisoluble-la-historia-de-bariloche-y-de-parques-nacionales\/#primaryimage","url":"https:\/\/patagoniambiental.com.ar\/info\/wp-content\/uploads\/2017\/11\/thumbnail_parques5.jpg","contentUrl":"https:\/\/patagoniambiental.com.ar\/info\/wp-content\/uploads\/2017\/11\/thumbnail_parques5.jpg","width":900,"height":600},{"@type":"BreadcrumbList","@id":"https:\/\/patagoniambiental.com.ar\/info\/gennuso-es-indisoluble-la-historia-de-bariloche-y-de-parques-nacionales\/#breadcrumb","itemListElement":[{"@type":"ListItem","position":1,"name":"Inicio","item":"https:\/\/patagoniambiental.com.ar\/info\/"},{"@type":"ListItem","position":2,"name":"Gennuso: \u201cEs indisoluble la historia de Bariloche y de Parques Nacionales\u201d"}]},{"@type":"WebSite","@id":"https:\/\/patagoniambiental.com.ar\/info\/#website","url":"https:\/\/patagoniambiental.com.ar\/info\/","name":"Patagonia Ambiental","description":"Monitoreo y an\u00e1lisis de la situaci\u00f3n geopol\u00edtica en el mundo y su implicancia en la Patagonia","publisher":{"@id":"https:\/\/patagoniambiental.com.ar\/info\/#organization"},"potentialAction":[{"@type":"SearchAction","target":{"@type":"EntryPoint","urlTemplate":"https:\/\/patagoniambiental.com.ar\/info\/?s={search_term_string}"},"query-input":{"@type":"PropertyValueSpecification","valueRequired":true,"valueName":"search_term_string"}}],"inLanguage":"es"},{"@type":"Organization","@id":"https:\/\/patagoniambiental.com.ar\/info\/#organization","name":"Patagonia Ambiental","url":"https:\/\/patagoniambiental.com.ar\/info\/","logo":{"@type":"ImageObject","inLanguage":"es","@id":"https:\/\/patagoniambiental.com.ar\/info\/#\/schema\/logo\/image\/","url":"https:\/\/patagoniambiental.com.ar\/info\/wp-content\/uploads\/2025\/05\/LOGO-PATAGONIA-AMBIENTAL.png","contentUrl":"https:\/\/patagoniambiental.com.ar\/info\/wp-content\/uploads\/2025\/05\/LOGO-PATAGONIA-AMBIENTAL.png","width":433,"height":250,"caption":"Patagonia Ambiental"},"image":{"@id":"https:\/\/patagoniambiental.com.ar\/info\/#\/schema\/logo\/image\/"},"sameAs":["https:\/\/www.facebook.com\/patagonia.ambiental","https:\/\/x.com\/PatAmb"]},{"@type":"Person","@id":"https:\/\/patagoniambiental.com.ar\/info\/#\/schema\/person\/db12bff64bbcbf6a253710bf0ea37b5d","name":"Patagonia Ambiental","description":"Andr\u00e9s Nievas T\u00e9cnico en manejo ambiental, consultor Ambiental y escritor para medios locales e internacionales sobre temas de geopolitica y medio ambiente.","sameAs":["http:\/\/www.patagoniambiental.com.ar","https:\/\/www.facebook.com\/share\/1C1V8Gv9BX\/?mibextid=qi2Omg","@patagoniambiental","https:\/\/youtube.com\/@patagoniaambiental2023?si=BLt58t0wuXquxlYZ"]}]}},"_links":{"self":[{"href":"https:\/\/patagoniambiental.com.ar\/info\/wp-json\/wp\/v2\/posts\/37703","targetHints":{"allow":["GET"]}}],"collection":[{"href":"https:\/\/patagoniambiental.com.ar\/info\/wp-json\/wp\/v2\/posts"}],"about":[{"href":"https:\/\/patagoniambiental.com.ar\/info\/wp-json\/wp\/v2\/types\/post"}],"author":[{"embeddable":true,"href":"https:\/\/patagoniambiental.com.ar\/info\/wp-json\/wp\/v2\/users\/2"}],"replies":[{"embeddable":true,"href":"https:\/\/patagoniambiental.com.ar\/info\/wp-json\/wp\/v2\/comments?post=37703"}],"version-history":[{"count":0,"href":"https:\/\/patagoniambiental.com.ar\/info\/wp-json\/wp\/v2\/posts\/37703\/revisions"}],"wp:featuredmedia":[{"embeddable":true,"href":"https:\/\/patagoniambiental.com.ar\/info\/wp-json\/wp\/v2\/media\/37704"}],"wp:attachment":[{"href":"https:\/\/patagoniambiental.com.ar\/info\/wp-json\/wp\/v2\/media?parent=37703"}],"wp:term":[{"taxonomy":"category","embeddable":true,"href":"https:\/\/patagoniambiental.com.ar\/info\/wp-json\/wp\/v2\/categories?post=37703"},{"taxonomy":"post_tag","embeddable":true,"href":"https:\/\/patagoniambiental.com.ar\/info\/wp-json\/wp\/v2\/tags?post=37703"}],"curies":[{"name":"wp","href":"https:\/\/api.w.org\/{rel}","templated":true}]}}