{"id":37739,"date":"2017-11-07T19:00:29","date_gmt":"2017-11-07T22:00:29","guid":{"rendered":"http:\/\/patagoniambiental.com.ar\/info\/?p=37739"},"modified":"2017-11-07T08:41:33","modified_gmt":"2017-11-07T11:41:33","slug":"proponen-instalar-en-toay-la-planta-de-residuos-patologicos","status":"publish","type":"post","link":"https:\/\/patagoniambiental.com.ar\/info\/proponen-instalar-en-toay-la-planta-de-residuos-patologicos\/","title":{"rendered":"Proponen instalar en Toay la planta de residuos patol\u00f3gicos"},"content":{"rendered":"<div class=\"td-post-header\">\n<header class=\"td-post-title\">\n<p class=\"td-post-sub-title\">Toay.-CONVOCARON A UNA AUDIENCIA PUBLICA PARA ESCUCHAR LAS OPINIONES DE LOS VECINOS<\/p>\n<\/header>\n<\/div>\n<div class=\"td-post-content\">\n<div class=\"td-post-featured-image\"><!--more--><a class=\"td-modal-image\" href=\"https:\/\/i0.wp.com\/www.laarena.com.ar\/__uP_Load_\/2017\/11\/patologicosb912a470.jpg?fit=700%2C470\" data-caption=\"\"><img fetchpriority=\"high\" decoding=\"async\" class=\"entry-thumb\" title=\"patologicos\" src=\"https:\/\/i0.wp.com\/www.laarena.com.ar\/__uP_Load_\/2017\/11\/patologicosb912a470.jpg?resize=696%2C467\" sizes=\"(max-width: 696px) 100vw, 696px\" srcset=\"https:\/\/i0.wp.com\/www.laarena.com.ar\/__uP_Load_\/2017\/11\/patologicosb912a470.jpg?w=700 700w, https:\/\/i0.wp.com\/www.laarena.com.ar\/__uP_Load_\/2017\/11\/patologicosb912a470.jpg?resize=250%2C168 250w, https:\/\/i0.wp.com\/www.laarena.com.ar\/__uP_Load_\/2017\/11\/patologicosb912a470.jpg?resize=356%2C239 356w, https:\/\/i0.wp.com\/www.laarena.com.ar\/__uP_Load_\/2017\/11\/patologicosb912a470.jpg?resize=696%2C467 696w\" alt=\"\" width=\"696\" height=\"467\" \/><\/a><\/div>\n<div class=\"td-post-featured-image\"><strong>Despu\u00e9s de una pol\u00e9mica con el municipio, la provincia tratar\u00e1 los residuos en una planta que se crear\u00e1 en Toay. La pir\u00f3lisis en un horno de termodestrucci\u00f3n controlada y la esterilizaci\u00f3n por calor h\u00famedo a presi\u00f3n son los mecanismos propuestos.<\/strong><br \/>\nLa Casa de Gobierno parece encaminada a darle soluci\u00f3n al problema de los residuos patol\u00f3gicos pampeanos que desde principio de a\u00f1o viene generando pol\u00e9mica entre la provincia y el municipio. Como se recordar\u00e1, ante el colapso del espacio del relleno sanitario de Santa Rosa destinado a patol\u00f3gicos, el intendente Leandro Altolaguire se neg\u00f3 a que la ciudad siga recibiendo los residuos de toda a provincia. La negativa de termin\u00f3 en una declaraci\u00f3n de emergencia por parte del gobernador Verna.<br \/>\nAyer, mediante un edicto, la Subsecretar\u00eda de Ambiente convoc\u00f3 a una audiencia p\u00fablica para el pr\u00f3ximo 21 de noviembre para tratar la puesta en funcionamiento del sistema de recolecci\u00f3n y transporte de residuos biopatog\u00e9nicos y farmac\u00e9uticos generados en la provincia y la instalaci\u00f3n y operaci\u00f3n de la planta de tratamiento y disposici\u00f3n final de dichos residuos a ubicarse en jurisdicci\u00f3n de Toay.<br \/>\nA priori, los procedimientos propuestos por el gobierno provincial para el tratamiento de los residuos (previo a su disposici\u00f3n final en celdas de seguridad) son la pir\u00f3lisis mediante un horno de termodestrucci\u00f3n controlada y la esterilizaci\u00f3n por calor h\u00famedo a presi\u00f3n (autoclave).<\/div>\n<div class=\"td-g-rec td-g-rec-id-content_inline \"><\/div>\n<p><strong>En emergencia.<\/strong><br \/>\nEl 16 de agosto pasado, el gobierno provincial culp\u00f3 a la Municipalidad de Santa Rosa por su \u201cdecisi\u00f3n unilateral\u201d de dejar de recolectar y tratar los residuos patol\u00f3gicos de la ciudad, y anticip\u00f3 que reclamar\u00e1 una indemnizaci\u00f3n econ\u00f3mica por tener que hacerse cargo de este servicio en forma intempestiva.<br \/>\nLa queja estaba contenida en el proyecto de ley que el gobernador Carlos Verna envi\u00f3 a la C\u00e1mara de Diputados para declarar \u201cla emergencia en el manejo de los residuos patol\u00f3gicos en la provincia de La Pampa\u201d, en lo relativo a manipulaci\u00f3n, transporte, tratamiento y disposici\u00f3n final.<br \/>\nEl proyecto, aprobado el 25 de agosto, facult\u00f3 al Poder Ejecutivo Provincial a adecuar, sea reducir o ampliar, los plazos y las modalidades de los procedimientos para obtener la Declaraci\u00f3n de Impacto Ambiental (DIA) en general, y en especial en el desarrollo de las audiencias p\u00fablicas que correspondieran. La emergencia declarada tendr\u00e1 vigencia hasta el 31 de diciembre de 2018.<\/p>\n<p><strong>Antecedentes.<\/strong><br \/>\nEnmarcado en la Ley provincial 1586, que regula las normas de tratamiento de los residuos patol\u00f3gicos, el 16 de septiembre de 1996 la Provincia de La Pampa y la Municipalidad de Santa Rosa firmaron un convenio por el cual el Municipio se comprometi\u00f3 a prestar en forma gratuita el servicio de recolecci\u00f3n, transporte, incineraci\u00f3n y disposici\u00f3n final de los residuos patog\u00e9nicos de las dependencias de la Subsecretar\u00eda de Salud Provincial, como tambi\u00e9n, aquellos correspondientes a la Zona Sanitaria I. El compromiso se asumi\u00f3 sin plazo de vencimiento, y sin cl\u00e1usula que prevea su rescisi\u00f3n.<br \/>\nEn el a\u00f1o 2006 la Municipalidad y el Ministerio de Bienestar Social acordaron ampliar el objeto del convenio de 1996, y entre otras estipulaciones, la primera asumi\u00f3 la prestaci\u00f3n del servicios de incineraci\u00f3n y disposici\u00f3n final de los residuos patog\u00e9nicos generados en los establecimientos asistenciales \u201cPadre Angel Buodo\u201d de General Acha, y \u201cLuisa P. Pistarini\u201d de Victorica, cuyo traslado a la ciudad de Santa Rosa se puso a cargo del Ministerio.<br \/>\nDichas convenciones se encontraban plenamente vigentes hasta que la Municipalidad de Santa Rosa, mediante Ordenanza Municipal sancionada con fecha 3 de agosto de este a\u00f1o, dispuso en forma unilateral e inconsulta limitar a 90 d\u00edas corridos, prorrogables \u201cpor \u00fanica vez\u201d, la recepci\u00f3n de los residuos patol\u00f3gicos de Santa Rosa y de la Zona Sanitaria I, \u201cen las condiciones actuales\u201d. Con ello, la comuna derog\u00f3 la Ordenanza Municipal por la que se aprob\u00f3 el convenio de 1996.<\/p>\n<\/div>\n<p>Fuente: Diario La Arena<\/p>\n","protected":false},"excerpt":{"rendered":"<p>Toay.-CONVOCARON A UNA AUDIENCIA PUBLICA PARA ESCUCHAR LAS OPINIONES DE LOS VECINOS<\/p>\n","protected":false},"author":2,"featured_media":37740,"comment_status":"open","ping_status":"open","sticky":false,"template":"","format":"standard","meta":{"site-sidebar-layout":"default","site-content-layout":"","ast-site-content-layout":"default","site-content-style":"default","site-sidebar-style":"default","ast-global-header-display":"","ast-banner-title-visibility":"","ast-main-header-display":"","ast-hfb-above-header-display":"","ast-hfb-below-header-display":"","ast-hfb-mobile-header-display":"","site-post-title":"","ast-breadcrumbs-content":"","ast-featured-img":"","footer-sml-layout":"","ast-disable-related-posts":"","theme-transparent-header-meta":"","adv-header-id-meta":"","stick-header-meta":"","header-above-stick-meta":"","header-main-stick-meta":"","header-below-stick-meta":"","astra-migrate-meta-layouts":"default","ast-page-background-enabled":"default","ast-page-background-meta":{"desktop":{"background-color":"var(--ast-global-color-5)","background-image":"","background-repeat":"repeat","background-position":"center center","background-size":"auto","background-attachment":"scroll","background-type":"","background-media":"","overlay-type":"","overlay-color":"","overlay-opacity":"","overlay-gradient":""},"tablet":{"background-color":"","background-image":"","background-repeat":"repeat","background-position":"center center","background-size":"auto","background-attachment":"scroll","background-type":"","background-media":"","overlay-type":"","overlay-color":"","overlay-opacity":"","overlay-gradient":""},"mobile":{"background-color":"","background-image":"","background-repeat":"repeat","background-position":"center center","background-size":"auto","background-attachment":"scroll","background-type":"","background-media":"","overlay-type":"","overlay-color":"","overlay-opacity":"","overlay-gradient":""}},"ast-content-background-meta":{"desktop":{"background-color":"var(--ast-global-color-4)","background-image":"","background-repeat":"repeat","background-position":"center center","background-size":"auto","background-attachment":"scroll","background-type":"","background-media":"","overlay-type":"","overlay-color":"","overlay-opacity":"","overlay-gradient":""},"tablet":{"background-color":"var(--ast-global-color-4)","background-image":"","background-repeat":"repeat","background-position":"center center","background-size":"auto","background-attachment":"scroll","background-type":"","background-media":"","overlay-type":"","overlay-color":"","overlay-opacity":"","overlay-gradient":""},"mobile":{"background-color":"var(--ast-global-color-4)","background-image":"","background-repeat":"repeat","background-position":"center center","background-size":"auto","background-attachment":"scroll","background-type":"","background-media":"","overlay-type":"","overlay-color":"","overlay-opacity":"","overlay-gradient":""}},"footnotes":""},"categories":[59,1,13],"tags":[],"class_list":["post-37739","post","type-post","status-publish","format-standard","has-post-thumbnail","hentry","category-la-pampa","category-noticias","category-provinciales"],"yoast_head":"<!-- This site is optimized with the Yoast SEO Premium plugin v23.0 (Yoast SEO v27.4) - https:\/\/yoast.com\/product\/yoast-seo-premium-wordpress\/ -->\n<title>Proponen instalar en Toay la planta de residuos patol\u00f3gicos<\/title>\n<meta name=\"robots\" content=\"index, follow, max-snippet:-1, max-image-preview:large, max-video-preview:-1\" \/>\n<link rel=\"canonical\" href=\"https:\/\/patagoniambiental.com.ar\/info\/proponen-instalar-en-toay-la-planta-de-residuos-patologicos\/\" \/>\n<meta property=\"og:locale\" content=\"es_ES\" \/>\n<meta property=\"og:type\" content=\"article\" \/>\n<meta property=\"og:title\" content=\"Proponen instalar en Toay la planta de residuos patol\u00f3gicos\" \/>\n<meta property=\"og:description\" content=\"Toay.-CONVOCARON A UNA AUDIENCIA PUBLICA PARA ESCUCHAR LAS OPINIONES DE LOS VECINOS\" \/>\n<meta property=\"og:url\" content=\"https:\/\/patagoniambiental.com.ar\/info\/proponen-instalar-en-toay-la-planta-de-residuos-patologicos\/\" \/>\n<meta property=\"og:site_name\" content=\"Patagonia Ambiental\" \/>\n<meta property=\"article:publisher\" content=\"https:\/\/www.facebook.com\/patagonia.ambiental\" \/>\n<meta property=\"article:author\" content=\"https:\/\/www.facebook.com\/share\/1C1V8Gv9BX\/?mibextid=qi2Omg\" \/>\n<meta property=\"article:published_time\" content=\"2017-11-07T22:00:29+00:00\" \/>\n<meta property=\"og:image\" content=\"https:\/\/patagoniambiental.com.ar\/info\/wp-content\/uploads\/2017\/11\/patologicosb912a470.jpg\" \/>\n\t<meta property=\"og:image:width\" content=\"696\" \/>\n\t<meta property=\"og:image:height\" content=\"467\" \/>\n\t<meta property=\"og:image:type\" content=\"image\/jpeg\" \/>\n<meta name=\"author\" content=\"Patagonia Ambiental\" \/>\n<meta name=\"twitter:card\" content=\"summary_large_image\" \/>\n<meta name=\"twitter:creator\" content=\"@PatAmb\" \/>\n<meta name=\"twitter:site\" content=\"@PatAmb\" \/>\n<script type=\"application\/ld+json\" class=\"yoast-schema-graph\">{\"@context\":\"https:\\\/\\\/schema.org\",\"@graph\":[{\"@type\":\"Article\",\"@id\":\"https:\\\/\\\/patagoniambiental.com.ar\\\/info\\\/proponen-instalar-en-toay-la-planta-de-residuos-patologicos\\\/#article\",\"isPartOf\":{\"@id\":\"https:\\\/\\\/patagoniambiental.com.ar\\\/info\\\/proponen-instalar-en-toay-la-planta-de-residuos-patologicos\\\/\"},\"author\":{\"name\":\"Patagonia Ambiental\",\"@id\":\"https:\\\/\\\/patagoniambiental.com.ar\\\/info\\\/#\\\/schema\\\/person\\\/db12bff64bbcbf6a253710bf0ea37b5d\"},\"headline\":\"Proponen instalar en Toay la planta de residuos patol\u00f3gicos\",\"datePublished\":\"2017-11-07T22:00:29+00:00\",\"mainEntityOfPage\":{\"@id\":\"https:\\\/\\\/patagoniambiental.com.ar\\\/info\\\/proponen-instalar-en-toay-la-planta-de-residuos-patologicos\\\/\"},\"wordCount\":694,\"commentCount\":0,\"publisher\":{\"@id\":\"https:\\\/\\\/patagoniambiental.com.ar\\\/info\\\/#organization\"},\"image\":{\"@id\":\"https:\\\/\\\/patagoniambiental.com.ar\\\/info\\\/proponen-instalar-en-toay-la-planta-de-residuos-patologicos\\\/#primaryimage\"},\"thumbnailUrl\":\"https:\\\/\\\/patagoniambiental.com.ar\\\/info\\\/wp-content\\\/uploads\\\/2017\\\/11\\\/patologicosb912a470.jpg\",\"articleSection\":[\"La Pampa\",\"Noticias\",\"Provinciales\"],\"inLanguage\":\"es\",\"potentialAction\":[{\"@type\":\"CommentAction\",\"name\":\"Comment\",\"target\":[\"https:\\\/\\\/patagoniambiental.com.ar\\\/info\\\/proponen-instalar-en-toay-la-planta-de-residuos-patologicos\\\/#respond\"]}]},{\"@type\":\"WebPage\",\"@id\":\"https:\\\/\\\/patagoniambiental.com.ar\\\/info\\\/proponen-instalar-en-toay-la-planta-de-residuos-patologicos\\\/\",\"url\":\"https:\\\/\\\/patagoniambiental.com.ar\\\/info\\\/proponen-instalar-en-toay-la-planta-de-residuos-patologicos\\\/\",\"name\":\"Proponen instalar en Toay la planta de residuos patol\u00f3gicos\",\"isPartOf\":{\"@id\":\"https:\\\/\\\/patagoniambiental.com.ar\\\/info\\\/#website\"},\"primaryImageOfPage\":{\"@id\":\"https:\\\/\\\/patagoniambiental.com.ar\\\/info\\\/proponen-instalar-en-toay-la-planta-de-residuos-patologicos\\\/#primaryimage\"},\"image\":{\"@id\":\"https:\\\/\\\/patagoniambiental.com.ar\\\/info\\\/proponen-instalar-en-toay-la-planta-de-residuos-patologicos\\\/#primaryimage\"},\"thumbnailUrl\":\"https:\\\/\\\/patagoniambiental.com.ar\\\/info\\\/wp-content\\\/uploads\\\/2017\\\/11\\\/patologicosb912a470.jpg\",\"datePublished\":\"2017-11-07T22:00:29+00:00\",\"breadcrumb\":{\"@id\":\"https:\\\/\\\/patagoniambiental.com.ar\\\/info\\\/proponen-instalar-en-toay-la-planta-de-residuos-patologicos\\\/#breadcrumb\"},\"inLanguage\":\"es\",\"potentialAction\":[{\"@type\":\"ReadAction\",\"target\":[\"https:\\\/\\\/patagoniambiental.com.ar\\\/info\\\/proponen-instalar-en-toay-la-planta-de-residuos-patologicos\\\/\"]}]},{\"@type\":\"ImageObject\",\"inLanguage\":\"es\",\"@id\":\"https:\\\/\\\/patagoniambiental.com.ar\\\/info\\\/proponen-instalar-en-toay-la-planta-de-residuos-patologicos\\\/#primaryimage\",\"url\":\"https:\\\/\\\/patagoniambiental.com.ar\\\/info\\\/wp-content\\\/uploads\\\/2017\\\/11\\\/patologicosb912a470.jpg\",\"contentUrl\":\"https:\\\/\\\/patagoniambiental.com.ar\\\/info\\\/wp-content\\\/uploads\\\/2017\\\/11\\\/patologicosb912a470.jpg\",\"width\":696,\"height\":467},{\"@type\":\"BreadcrumbList\",\"@id\":\"https:\\\/\\\/patagoniambiental.com.ar\\\/info\\\/proponen-instalar-en-toay-la-planta-de-residuos-patologicos\\\/#breadcrumb\",\"itemListElement\":[{\"@type\":\"ListItem\",\"position\":1,\"name\":\"Inicio\",\"item\":\"https:\\\/\\\/patagoniambiental.com.ar\\\/info\\\/\"},{\"@type\":\"ListItem\",\"position\":2,\"name\":\"Proponen instalar en Toay la planta de residuos patol\u00f3gicos\"}]},{\"@type\":\"WebSite\",\"@id\":\"https:\\\/\\\/patagoniambiental.com.ar\\\/info\\\/#website\",\"url\":\"https:\\\/\\\/patagoniambiental.com.ar\\\/info\\\/\",\"name\":\"Patagonia Ambiental\",\"description\":\"Monitoreo y an\u00e1lisis de la situaci\u00f3n geopol\u00edtica en el mundo y su implicancia en la Patagonia\",\"publisher\":{\"@id\":\"https:\\\/\\\/patagoniambiental.com.ar\\\/info\\\/#organization\"},\"potentialAction\":[{\"@type\":\"SearchAction\",\"target\":{\"@type\":\"EntryPoint\",\"urlTemplate\":\"https:\\\/\\\/patagoniambiental.com.ar\\\/info\\\/?s={search_term_string}\"},\"query-input\":{\"@type\":\"PropertyValueSpecification\",\"valueRequired\":true,\"valueName\":\"search_term_string\"}}],\"inLanguage\":\"es\"},{\"@type\":\"Organization\",\"@id\":\"https:\\\/\\\/patagoniambiental.com.ar\\\/info\\\/#organization\",\"name\":\"Patagonia Ambiental\",\"url\":\"https:\\\/\\\/patagoniambiental.com.ar\\\/info\\\/\",\"logo\":{\"@type\":\"ImageObject\",\"inLanguage\":\"es\",\"@id\":\"https:\\\/\\\/patagoniambiental.com.ar\\\/info\\\/#\\\/schema\\\/logo\\\/image\\\/\",\"url\":\"https:\\\/\\\/patagoniambiental.com.ar\\\/info\\\/wp-content\\\/uploads\\\/2025\\\/05\\\/LOGO-PATAGONIA-AMBIENTAL.png\",\"contentUrl\":\"https:\\\/\\\/patagoniambiental.com.ar\\\/info\\\/wp-content\\\/uploads\\\/2025\\\/05\\\/LOGO-PATAGONIA-AMBIENTAL.png\",\"width\":433,\"height\":250,\"caption\":\"Patagonia Ambiental\"},\"image\":{\"@id\":\"https:\\\/\\\/patagoniambiental.com.ar\\\/info\\\/#\\\/schema\\\/logo\\\/image\\\/\"},\"sameAs\":[\"https:\\\/\\\/www.facebook.com\\\/patagonia.ambiental\",\"https:\\\/\\\/x.com\\\/PatAmb\"]},{\"@type\":\"Person\",\"@id\":\"https:\\\/\\\/patagoniambiental.com.ar\\\/info\\\/#\\\/schema\\\/person\\\/db12bff64bbcbf6a253710bf0ea37b5d\",\"name\":\"Patagonia Ambiental\",\"description\":\"Andr\u00e9s Nievas T\u00e9cnico en manejo ambiental, consultor Ambiental y escritor para medios locales e internacionales sobre temas de geopolitica y medio ambiente.\",\"sameAs\":[\"http:\\\/\\\/www.patagoniambiental.com.ar\",\"https:\\\/\\\/www.facebook.com\\\/share\\\/1C1V8Gv9BX\\\/?mibextid=qi2Omg\",\"@patagoniambiental\",\"https:\\\/\\\/youtube.com\\\/@patagoniaambiental2023?si=BLt58t0wuXquxlYZ\"]}]}<\/script>\n<!-- \/ Yoast SEO Premium plugin. -->","yoast_head_json":{"title":"Proponen instalar en Toay la planta de residuos patol\u00f3gicos","robots":{"index":"index","follow":"follow","max-snippet":"max-snippet:-1","max-image-preview":"max-image-preview:large","max-video-preview":"max-video-preview:-1"},"canonical":"https:\/\/patagoniambiental.com.ar\/info\/proponen-instalar-en-toay-la-planta-de-residuos-patologicos\/","og_locale":"es_ES","og_type":"article","og_title":"Proponen instalar en Toay la planta de residuos patol\u00f3gicos","og_description":"Toay.-CONVOCARON A UNA AUDIENCIA PUBLICA PARA ESCUCHAR LAS OPINIONES DE LOS VECINOS","og_url":"https:\/\/patagoniambiental.com.ar\/info\/proponen-instalar-en-toay-la-planta-de-residuos-patologicos\/","og_site_name":"Patagonia Ambiental","article_publisher":"https:\/\/www.facebook.com\/patagonia.ambiental","article_author":"https:\/\/www.facebook.com\/share\/1C1V8Gv9BX\/?mibextid=qi2Omg","article_published_time":"2017-11-07T22:00:29+00:00","og_image":[{"width":696,"height":467,"url":"https:\/\/patagoniambiental.com.ar\/info\/wp-content\/uploads\/2017\/11\/patologicosb912a470.jpg","type":"image\/jpeg"}],"author":"Patagonia Ambiental","twitter_card":"summary_large_image","twitter_creator":"@PatAmb","twitter_site":"@PatAmb","schema":{"@context":"https:\/\/schema.org","@graph":[{"@type":"Article","@id":"https:\/\/patagoniambiental.com.ar\/info\/proponen-instalar-en-toay-la-planta-de-residuos-patologicos\/#article","isPartOf":{"@id":"https:\/\/patagoniambiental.com.ar\/info\/proponen-instalar-en-toay-la-planta-de-residuos-patologicos\/"},"author":{"name":"Patagonia Ambiental","@id":"https:\/\/patagoniambiental.com.ar\/info\/#\/schema\/person\/db12bff64bbcbf6a253710bf0ea37b5d"},"headline":"Proponen instalar en Toay la planta de residuos patol\u00f3gicos","datePublished":"2017-11-07T22:00:29+00:00","mainEntityOfPage":{"@id":"https:\/\/patagoniambiental.com.ar\/info\/proponen-instalar-en-toay-la-planta-de-residuos-patologicos\/"},"wordCount":694,"commentCount":0,"publisher":{"@id":"https:\/\/patagoniambiental.com.ar\/info\/#organization"},"image":{"@id":"https:\/\/patagoniambiental.com.ar\/info\/proponen-instalar-en-toay-la-planta-de-residuos-patologicos\/#primaryimage"},"thumbnailUrl":"https:\/\/patagoniambiental.com.ar\/info\/wp-content\/uploads\/2017\/11\/patologicosb912a470.jpg","articleSection":["La Pampa","Noticias","Provinciales"],"inLanguage":"es","potentialAction":[{"@type":"CommentAction","name":"Comment","target":["https:\/\/patagoniambiental.com.ar\/info\/proponen-instalar-en-toay-la-planta-de-residuos-patologicos\/#respond"]}]},{"@type":"WebPage","@id":"https:\/\/patagoniambiental.com.ar\/info\/proponen-instalar-en-toay-la-planta-de-residuos-patologicos\/","url":"https:\/\/patagoniambiental.com.ar\/info\/proponen-instalar-en-toay-la-planta-de-residuos-patologicos\/","name":"Proponen instalar en Toay la planta de residuos patol\u00f3gicos","isPartOf":{"@id":"https:\/\/patagoniambiental.com.ar\/info\/#website"},"primaryImageOfPage":{"@id":"https:\/\/patagoniambiental.com.ar\/info\/proponen-instalar-en-toay-la-planta-de-residuos-patologicos\/#primaryimage"},"image":{"@id":"https:\/\/patagoniambiental.com.ar\/info\/proponen-instalar-en-toay-la-planta-de-residuos-patologicos\/#primaryimage"},"thumbnailUrl":"https:\/\/patagoniambiental.com.ar\/info\/wp-content\/uploads\/2017\/11\/patologicosb912a470.jpg","datePublished":"2017-11-07T22:00:29+00:00","breadcrumb":{"@id":"https:\/\/patagoniambiental.com.ar\/info\/proponen-instalar-en-toay-la-planta-de-residuos-patologicos\/#breadcrumb"},"inLanguage":"es","potentialAction":[{"@type":"ReadAction","target":["https:\/\/patagoniambiental.com.ar\/info\/proponen-instalar-en-toay-la-planta-de-residuos-patologicos\/"]}]},{"@type":"ImageObject","inLanguage":"es","@id":"https:\/\/patagoniambiental.com.ar\/info\/proponen-instalar-en-toay-la-planta-de-residuos-patologicos\/#primaryimage","url":"https:\/\/patagoniambiental.com.ar\/info\/wp-content\/uploads\/2017\/11\/patologicosb912a470.jpg","contentUrl":"https:\/\/patagoniambiental.com.ar\/info\/wp-content\/uploads\/2017\/11\/patologicosb912a470.jpg","width":696,"height":467},{"@type":"BreadcrumbList","@id":"https:\/\/patagoniambiental.com.ar\/info\/proponen-instalar-en-toay-la-planta-de-residuos-patologicos\/#breadcrumb","itemListElement":[{"@type":"ListItem","position":1,"name":"Inicio","item":"https:\/\/patagoniambiental.com.ar\/info\/"},{"@type":"ListItem","position":2,"name":"Proponen instalar en Toay la planta de residuos patol\u00f3gicos"}]},{"@type":"WebSite","@id":"https:\/\/patagoniambiental.com.ar\/info\/#website","url":"https:\/\/patagoniambiental.com.ar\/info\/","name":"Patagonia Ambiental","description":"Monitoreo y an\u00e1lisis de la situaci\u00f3n geopol\u00edtica en el mundo y su implicancia en la Patagonia","publisher":{"@id":"https:\/\/patagoniambiental.com.ar\/info\/#organization"},"potentialAction":[{"@type":"SearchAction","target":{"@type":"EntryPoint","urlTemplate":"https:\/\/patagoniambiental.com.ar\/info\/?s={search_term_string}"},"query-input":{"@type":"PropertyValueSpecification","valueRequired":true,"valueName":"search_term_string"}}],"inLanguage":"es"},{"@type":"Organization","@id":"https:\/\/patagoniambiental.com.ar\/info\/#organization","name":"Patagonia Ambiental","url":"https:\/\/patagoniambiental.com.ar\/info\/","logo":{"@type":"ImageObject","inLanguage":"es","@id":"https:\/\/patagoniambiental.com.ar\/info\/#\/schema\/logo\/image\/","url":"https:\/\/patagoniambiental.com.ar\/info\/wp-content\/uploads\/2025\/05\/LOGO-PATAGONIA-AMBIENTAL.png","contentUrl":"https:\/\/patagoniambiental.com.ar\/info\/wp-content\/uploads\/2025\/05\/LOGO-PATAGONIA-AMBIENTAL.png","width":433,"height":250,"caption":"Patagonia Ambiental"},"image":{"@id":"https:\/\/patagoniambiental.com.ar\/info\/#\/schema\/logo\/image\/"},"sameAs":["https:\/\/www.facebook.com\/patagonia.ambiental","https:\/\/x.com\/PatAmb"]},{"@type":"Person","@id":"https:\/\/patagoniambiental.com.ar\/info\/#\/schema\/person\/db12bff64bbcbf6a253710bf0ea37b5d","name":"Patagonia Ambiental","description":"Andr\u00e9s Nievas T\u00e9cnico en manejo ambiental, consultor Ambiental y escritor para medios locales e internacionales sobre temas de geopolitica y medio ambiente.","sameAs":["http:\/\/www.patagoniambiental.com.ar","https:\/\/www.facebook.com\/share\/1C1V8Gv9BX\/?mibextid=qi2Omg","@patagoniambiental","https:\/\/youtube.com\/@patagoniaambiental2023?si=BLt58t0wuXquxlYZ"]}]}},"_links":{"self":[{"href":"https:\/\/patagoniambiental.com.ar\/info\/wp-json\/wp\/v2\/posts\/37739","targetHints":{"allow":["GET"]}}],"collection":[{"href":"https:\/\/patagoniambiental.com.ar\/info\/wp-json\/wp\/v2\/posts"}],"about":[{"href":"https:\/\/patagoniambiental.com.ar\/info\/wp-json\/wp\/v2\/types\/post"}],"author":[{"embeddable":true,"href":"https:\/\/patagoniambiental.com.ar\/info\/wp-json\/wp\/v2\/users\/2"}],"replies":[{"embeddable":true,"href":"https:\/\/patagoniambiental.com.ar\/info\/wp-json\/wp\/v2\/comments?post=37739"}],"version-history":[{"count":0,"href":"https:\/\/patagoniambiental.com.ar\/info\/wp-json\/wp\/v2\/posts\/37739\/revisions"}],"wp:featuredmedia":[{"embeddable":true,"href":"https:\/\/patagoniambiental.com.ar\/info\/wp-json\/wp\/v2\/media\/37740"}],"wp:attachment":[{"href":"https:\/\/patagoniambiental.com.ar\/info\/wp-json\/wp\/v2\/media?parent=37739"}],"wp:term":[{"taxonomy":"category","embeddable":true,"href":"https:\/\/patagoniambiental.com.ar\/info\/wp-json\/wp\/v2\/categories?post=37739"},{"taxonomy":"post_tag","embeddable":true,"href":"https:\/\/patagoniambiental.com.ar\/info\/wp-json\/wp\/v2\/tags?post=37739"}],"curies":[{"name":"wp","href":"https:\/\/api.w.org\/{rel}","templated":true}]}}