{"id":37742,"date":"2017-11-07T19:00:18","date_gmt":"2017-11-07T22:00:18","guid":{"rendered":"http:\/\/patagoniambiental.com.ar\/info\/?p=37742"},"modified":"2017-11-07T08:45:09","modified_gmt":"2017-11-07T11:45:09","slug":"nueva-zelanda-se-prepara-para-acoger-a-refugiados-por-el-cambio-climatico","status":"publish","type":"post","link":"https:\/\/patagoniambiental.com.ar\/info\/nueva-zelanda-se-prepara-para-acoger-a-refugiados-por-el-cambio-climatico\/","title":{"rendered":"Nueva Zelanda se prepara para acoger a refugiados por el cambio clim\u00e1tico"},"content":{"rendered":"<header id=\"articulo-encabezado\" class=\"articulo-encabezado \">\n<div id=\"articulo-titulares\" class=\"articulo-titulares\">\n<div class=\"articulo-subtitulos\">\n<p class=\"articulo-subtitulo\">Nueva Zelanda.-El gobierno de Jacinda Ardern considera crear una nueva categor\u00eda de visado para las personas forzadas a abandonar sus pa\u00edses por cat\u00e1strofes naturales.<\/p>\n<\/div>\n<\/div>\n<aside id=\"compartir_superior\" class=\"compartir compartir--fijo\">\n<div class=\"compartir__interior\"><\/div>\n<\/aside>\n<\/header>\n<p><!--more--><\/p>\n<div class=\"articulo-apertura \"><\/div>\n<div id=\"articulo_contenedor\" class=\"articulo__contenedor\">\n<figure class=\"foto centro foto_w980\"><img fetchpriority=\"high\" decoding=\"async\" src=\"https:\/\/ep01.epimg.net\/internacional\/imagenes\/2017\/11\/03\/mundo_global\/1509731587_310851_1509982064_noticia_normal.jpg\" srcset=\"\/\/ep01.epimg.net\/internacional\/imagenes\/2017\/11\/03\/mundo_global\/1509731587_310851_1509982064_noticia_normal_recorte1.jpg 1960w, \/\/ep01.epimg.net\/internacional\/imagenes\/2017\/11\/03\/mundo_global\/1509731587_310851_1509982064_noticia_normal_recorte2.jpg 720w, \/\/ep01.epimg.net\/internacional\/imagenes\/2017\/11\/03\/mundo_global\/1509731587_310851_1509982064_noticia_normal.jpg 980w\" alt=\"Un ni\u00f1o juega sobre las ruinas de su hogar tras el paso del cicl\u00f3n Pam en Port Vila, Vanuatu.\" width=\"980\" height=\"653\" \/><figcaption class=\"foto-pie\"><span class=\"foto-texto\">Un ni\u00f1o juega sobre las ruinas de su hogar tras el paso del cicl\u00f3n Pam en Port Vila, Vanuatu.<\/span>\u00a0<span class=\"foto-firma\"><span class=\"foto-autor\">DAVE HUNT-POOL<\/span>\u00a0<span class=\"foto-agencia\">GETTY IMAGES<\/span><\/span><\/figcaption><\/figure>\n<div id=\"cuerpo_noticia\" class=\"articulo-cuerpo\">\n<p dir=\"ltr\">El continente asi\u00e1tico se encuentra en el ojo del hurac\u00e1n. Tan solo el a\u00f1o pasado hubo 20 millones de desplazamientos asociados a cat\u00e1strofes naturales.\u00a0Tifones cada vez m\u00e1s potentes y el aumento del nivel del mar son realidades que obligan a poblaciones a abandonar sus pa\u00edses en este continente. Para hacer frente a ello, la primera ministra de Nueva Zelanda, Jacinda Ardern, anunci\u00f3 la semana pasada en una\u00a0<a href=\"http:\/\/edition.cnn.com\/2017\/10\/31\/world\/new-zealand-jacinda-ardern-amanpour\/index.html\">entrevista para CNN<\/a>\u00a0que su pa\u00eds debe estar preparado para acoger a refugiados\u00a0de las islas aleda\u00f1as\u00a0por el cambio clim\u00e1tico.<\/p>\n<div id=\"elpais_gpt-INTEXT\" data-google-query-id=\"CITj2_SvrNcCFYsMkQodPIAHqQ\">\n<div id=\"google_ads_iframe_\/7811748\/elpais_web\/internacional\/intext_0__container__\"><iframe id=\"google_ads_iframe_\/7811748\/elpais_web\/internacional\/intext_0\" title=\"3rd party ad content\" name=\"google_ads_iframe_\/7811748\/elpais_web\/internacional\/intext_0\" width=\"1\" height=\"1\" frameborder=\"0\" marginwidth=\"0\" marginheight=\"0\" scrolling=\"no\" data-mce-fragment=\"1\"><\/iframe><\/div>\n<\/div>\n<p>Pese a las buenas intenciones del Gobierno de Ardern, la categor\u00eda de refugiados clim\u00e1ticos es todav\u00eda inexistente. La\u00a0<a href=\"http:\/\/www.acnur.org\/fileadmin\/scripts\/doc.php?file=fileadmin\/Documentos\/BDL\/2001\/0005\" target=\"_blank\" rel=\"noopener\">Convenci\u00f3n de Ginebra sobre el Estatuto de los Refugiados<\/a>\u00a0no reconoce las causas clim\u00e1ticas como un motivo para conceder el estatuto. Para evitar equ\u00edvocos, la Organizaci\u00f3n Internacional para la Migraci\u00f3n (OIM) prefiere hablar de \u00abmigrantes ambientales\u00bb que define como aquellas personas que, por razones de cambios repentinos o progresivos en el medio ambiente, que afectan negativamente a sus vidas, se ven obligados a abandonar sus hogares habituales, ya sea temporal o permanentemente, y que se desplazan ya sea dentro o fuera de su pa\u00eds. Pa\u00edses como Suecia o Finlandia son algunos de los que s\u00ed dan protecci\u00f3n a estos migrantes ambientales.<\/p>\n<p>Pero el Gobierno de la laborista no se rinde. El ministro de Cambio Clim\u00e1tico, James Shaw, dijo la semana pasada en una entrevista para una emisora de radio local que el Ejecutivo est\u00e1 considerando crear una \u201ccategor\u00eda experimental de visa humanitaria\u201d para la gente del Pac\u00edfico que sea desplazada por el creciente nivel del mar provocado por el cambio clim\u00e1tico. Eso pese a la coalici\u00f3n que el Gobierno de Ardern ha hecho con el conservador y antiinmigrante Partido Nueva Zelanda Primero para poder gobernar.<\/p>\n<p>Con 20 millones de desplazamientos asociados a desastres en 2016, la regi\u00f3n de\u00a0Asia y el Pac\u00edfico se ha convertido en la m\u00e1s vulnerable del planeta,\u00a0de acuerdo con el Centro para el Monitoreo del Desplazamiento Interno (IDMC por sus siglas en ingl\u00e9s). Ocho de los 10 pa\u00edses con el mayor volumen de desplazados el a\u00f1o pasado se encuentran en esta zona: China, Filipinas, India, Indonesia, Jap\u00f3n, Banglad\u00e9s,\u00a0Myanmar y Sri Lanka. Las\u00a0inundaciones, los ciclones tropicales y los tsunamis\u00a0provocaron el traslado de 12,9 millones de personas en la regi\u00f3n. En caso de un dr\u00e1stico aumento del nivel del mar, los peque\u00f1os Estados insulares en desarrollo (SIDS por sus siglas en ingl\u00e9s) ser\u00edan los m\u00e1s afectados. Dentro de Estos se encuentran las Maldivas, Fiyi, Kiribati, Pap\u00faa Nueva Guinea, Las Islas Salom\u00f3n, Tonga, Tuvalu y Vanuatu.<\/p>\n<p>Sin embargo, Nueva Zelanda mantiene todav\u00eda una pol\u00edtica de puertas cerradas. El tribunal neozeland\u00e9s de Inmigraci\u00f3n y Protecci\u00f3n ha denegado hasta ahora varias demandas de petici\u00f3n de asilo por situaciones ambientales derivadas del cambio clim\u00e1tico. Recientemente rechaz\u00f3 la solicitud de dos familias de la isla Tuvalu, objetando que no cumpl\u00edan los requisitos de la convenci\u00f3n de refugiados ya que no corr\u00edan el riesgo de ser perseguidos bajo ninguna de los cincos par\u00e1metros establecidos (raza, religi\u00f3n, nacionalidad, pertenencia a un determinado grupo social u opiniones pol\u00edticas). Las familias tem\u00edan que sus vidas se vieran afectadas por no tener acceso a agua potable. En 2014, Nueva Zelanda tambi\u00e9n deneg\u00f3 la petici\u00f3n de asilo a Ioane Teitiota, un habitante de Kiribati, un archipi\u00e9lago del Pac\u00edfico que apenas supera los dos metros sobre el nivel del mar.<\/p>\n<p>Muchos tuvaluanos han abandonado su pa\u00eds por motivos medioambientales. En 2007, se calculaban 3.000 en Auckland, la capital de Nueva Zelanda. Tuvalu, a medio camino entre Haw\u00e1i y Australia, es una isla de 26 kil\u00f3metros cuadrados que cuenta con 11.810 habitantes. Es el cuarto pa\u00eds m\u00e1s peque\u00f1o del mundo, despu\u00e9s de la Ciudad del Vaticano, de M\u00f3naco y de la Rep\u00fablica de Nauru. Su poca elevaci\u00f3n \u2014cinco metros sobre el nivel del mar\u2014 lo hace ser extremadamente vulnerable al aumento del nivel del mar. De acuerdo con el Grupo Intergubernamental de Expertos sobre el Cambio Clim\u00e1tico (IPCC) en pocas d\u00e9cadas, la isla habr\u00e1 desaparecido y sus habitantes deber\u00e1n ser desplazados a otras zonas.<\/p>\n<p>Fuente:\u00a0https:\/\/elpais.com\/internacional\/2017\/11\/03\/mundo_global\/1509731587_310851.html<\/p>\n<\/div>\n<\/div>\n","protected":false},"excerpt":{"rendered":"<p>Nueva Zelanda.-El gobierno de Jacinda Ardern considera crear una nueva categor\u00eda de visado para las personas forzadas a abandonar sus [&hellip;]<\/p>\n","protected":false},"author":2,"featured_media":37743,"comment_status":"open","ping_status":"open","sticky":false,"template":"","format":"standard","meta":{"site-sidebar-layout":"default","site-content-layout":"","ast-site-content-layout":"default","site-content-style":"default","site-sidebar-style":"default","ast-global-header-display":"","ast-banner-title-visibility":"","ast-main-header-display":"","ast-hfb-above-header-display":"","ast-hfb-below-header-display":"","ast-hfb-mobile-header-display":"","site-post-title":"","ast-breadcrumbs-content":"","ast-featured-img":"","footer-sml-layout":"","ast-disable-related-posts":"","theme-transparent-header-meta":"","adv-header-id-meta":"","stick-header-meta":"","header-above-stick-meta":"","header-main-stick-meta":"","header-below-stick-meta":"","astra-migrate-meta-layouts":"default","ast-page-background-enabled":"default","ast-page-background-meta":{"desktop":{"background-color":"var(--ast-global-color-5)","background-image":"","background-repeat":"repeat","background-position":"center center","background-size":"auto","background-attachment":"scroll","background-type":"","background-media":"","overlay-type":"","overlay-color":"","overlay-opacity":"","overlay-gradient":""},"tablet":{"background-color":"","background-image":"","background-repeat":"repeat","background-position":"center center","background-size":"auto","background-attachment":"scroll","background-type":"","background-media":"","overlay-type":"","overlay-color":"","overlay-opacity":"","overlay-gradient":""},"mobile":{"background-color":"","background-image":"","background-repeat":"repeat","background-position":"center center","background-size":"auto","background-attachment":"scroll","background-type":"","background-media":"","overlay-type":"","overlay-color":"","overlay-opacity":"","overlay-gradient":""}},"ast-content-background-meta":{"desktop":{"background-color":"var(--ast-global-color-4)","background-image":"","background-repeat":"repeat","background-position":"center center","background-size":"auto","background-attachment":"scroll","background-type":"","background-media":"","overlay-type":"","overlay-color":"","overlay-opacity":"","overlay-gradient":""},"tablet":{"background-color":"var(--ast-global-color-4)","background-image":"","background-repeat":"repeat","background-position":"center center","background-size":"auto","background-attachment":"scroll","background-type":"","background-media":"","overlay-type":"","overlay-color":"","overlay-opacity":"","overlay-gradient":""},"mobile":{"background-color":"var(--ast-global-color-4)","background-image":"","background-repeat":"repeat","background-position":"center center","background-size":"auto","background-attachment":"scroll","background-type":"","background-media":"","overlay-type":"","overlay-color":"","overlay-opacity":"","overlay-gradient":""}},"footnotes":""},"categories":[23,1],"tags":[],"class_list":["post-37742","post","type-post","status-publish","format-standard","has-post-thumbnail","hentry","category-internacionales","category-noticias"],"yoast_head":"<!-- This site is optimized with the Yoast SEO Premium plugin v23.0 (Yoast SEO v27.4) - https:\/\/yoast.com\/product\/yoast-seo-premium-wordpress\/ -->\n<title>Nueva Zelanda se prepara para acoger a refugiados por el cambio clim\u00e1tico<\/title>\n<meta name=\"robots\" content=\"index, follow, max-snippet:-1, max-image-preview:large, max-video-preview:-1\" \/>\n<link rel=\"canonical\" href=\"https:\/\/patagoniambiental.com.ar\/info\/nueva-zelanda-se-prepara-para-acoger-a-refugiados-por-el-cambio-climatico\/\" \/>\n<meta property=\"og:locale\" content=\"es_ES\" \/>\n<meta property=\"og:type\" content=\"article\" \/>\n<meta property=\"og:title\" content=\"Nueva Zelanda se prepara para acoger a refugiados por el cambio clim\u00e1tico\" \/>\n<meta property=\"og:description\" content=\"Nueva Zelanda.-El gobierno de Jacinda Ardern considera crear una nueva categor\u00eda de visado para las personas forzadas a abandonar sus [&hellip;]\" \/>\n<meta property=\"og:url\" content=\"https:\/\/patagoniambiental.com.ar\/info\/nueva-zelanda-se-prepara-para-acoger-a-refugiados-por-el-cambio-climatico\/\" \/>\n<meta property=\"og:site_name\" content=\"Patagonia Ambiental\" \/>\n<meta property=\"article:publisher\" content=\"https:\/\/www.facebook.com\/patagonia.ambiental\" \/>\n<meta property=\"article:author\" content=\"https:\/\/www.facebook.com\/share\/1C1V8Gv9BX\/?mibextid=qi2Omg\" \/>\n<meta property=\"article:published_time\" content=\"2017-11-07T22:00:18+00:00\" \/>\n<meta property=\"og:image\" content=\"https:\/\/patagoniambiental.com.ar\/info\/wp-content\/uploads\/2017\/11\/1509731587_310851_1509982064_noticia_normal.jpg\" \/>\n\t<meta property=\"og:image:width\" content=\"980\" \/>\n\t<meta property=\"og:image:height\" content=\"653\" \/>\n\t<meta property=\"og:image:type\" content=\"image\/jpeg\" \/>\n<meta name=\"author\" content=\"Patagonia Ambiental\" \/>\n<meta name=\"twitter:card\" content=\"summary_large_image\" \/>\n<meta name=\"twitter:creator\" content=\"@PatAmb\" \/>\n<meta name=\"twitter:site\" content=\"@PatAmb\" \/>\n<script type=\"application\/ld+json\" class=\"yoast-schema-graph\">{\"@context\":\"https:\\\/\\\/schema.org\",\"@graph\":[{\"@type\":\"Article\",\"@id\":\"https:\\\/\\\/patagoniambiental.com.ar\\\/info\\\/nueva-zelanda-se-prepara-para-acoger-a-refugiados-por-el-cambio-climatico\\\/#article\",\"isPartOf\":{\"@id\":\"https:\\\/\\\/patagoniambiental.com.ar\\\/info\\\/nueva-zelanda-se-prepara-para-acoger-a-refugiados-por-el-cambio-climatico\\\/\"},\"author\":{\"name\":\"Patagonia Ambiental\",\"@id\":\"https:\\\/\\\/patagoniambiental.com.ar\\\/info\\\/#\\\/schema\\\/person\\\/db12bff64bbcbf6a253710bf0ea37b5d\"},\"headline\":\"Nueva Zelanda se prepara para acoger a refugiados por el cambio clim\u00e1tico\",\"datePublished\":\"2017-11-07T22:00:18+00:00\",\"mainEntityOfPage\":{\"@id\":\"https:\\\/\\\/patagoniambiental.com.ar\\\/info\\\/nueva-zelanda-se-prepara-para-acoger-a-refugiados-por-el-cambio-climatico\\\/\"},\"wordCount\":810,\"commentCount\":0,\"publisher\":{\"@id\":\"https:\\\/\\\/patagoniambiental.com.ar\\\/info\\\/#organization\"},\"image\":{\"@id\":\"https:\\\/\\\/patagoniambiental.com.ar\\\/info\\\/nueva-zelanda-se-prepara-para-acoger-a-refugiados-por-el-cambio-climatico\\\/#primaryimage\"},\"thumbnailUrl\":\"https:\\\/\\\/patagoniambiental.com.ar\\\/info\\\/wp-content\\\/uploads\\\/2017\\\/11\\\/1509731587_310851_1509982064_noticia_normal.jpg\",\"articleSection\":[\"Internacionales\",\"Noticias\"],\"inLanguage\":\"es\",\"potentialAction\":[{\"@type\":\"CommentAction\",\"name\":\"Comment\",\"target\":[\"https:\\\/\\\/patagoniambiental.com.ar\\\/info\\\/nueva-zelanda-se-prepara-para-acoger-a-refugiados-por-el-cambio-climatico\\\/#respond\"]}]},{\"@type\":\"WebPage\",\"@id\":\"https:\\\/\\\/patagoniambiental.com.ar\\\/info\\\/nueva-zelanda-se-prepara-para-acoger-a-refugiados-por-el-cambio-climatico\\\/\",\"url\":\"https:\\\/\\\/patagoniambiental.com.ar\\\/info\\\/nueva-zelanda-se-prepara-para-acoger-a-refugiados-por-el-cambio-climatico\\\/\",\"name\":\"Nueva Zelanda se prepara para acoger a refugiados por el cambio clim\u00e1tico\",\"isPartOf\":{\"@id\":\"https:\\\/\\\/patagoniambiental.com.ar\\\/info\\\/#website\"},\"primaryImageOfPage\":{\"@id\":\"https:\\\/\\\/patagoniambiental.com.ar\\\/info\\\/nueva-zelanda-se-prepara-para-acoger-a-refugiados-por-el-cambio-climatico\\\/#primaryimage\"},\"image\":{\"@id\":\"https:\\\/\\\/patagoniambiental.com.ar\\\/info\\\/nueva-zelanda-se-prepara-para-acoger-a-refugiados-por-el-cambio-climatico\\\/#primaryimage\"},\"thumbnailUrl\":\"https:\\\/\\\/patagoniambiental.com.ar\\\/info\\\/wp-content\\\/uploads\\\/2017\\\/11\\\/1509731587_310851_1509982064_noticia_normal.jpg\",\"datePublished\":\"2017-11-07T22:00:18+00:00\",\"breadcrumb\":{\"@id\":\"https:\\\/\\\/patagoniambiental.com.ar\\\/info\\\/nueva-zelanda-se-prepara-para-acoger-a-refugiados-por-el-cambio-climatico\\\/#breadcrumb\"},\"inLanguage\":\"es\",\"potentialAction\":[{\"@type\":\"ReadAction\",\"target\":[\"https:\\\/\\\/patagoniambiental.com.ar\\\/info\\\/nueva-zelanda-se-prepara-para-acoger-a-refugiados-por-el-cambio-climatico\\\/\"]}]},{\"@type\":\"ImageObject\",\"inLanguage\":\"es\",\"@id\":\"https:\\\/\\\/patagoniambiental.com.ar\\\/info\\\/nueva-zelanda-se-prepara-para-acoger-a-refugiados-por-el-cambio-climatico\\\/#primaryimage\",\"url\":\"https:\\\/\\\/patagoniambiental.com.ar\\\/info\\\/wp-content\\\/uploads\\\/2017\\\/11\\\/1509731587_310851_1509982064_noticia_normal.jpg\",\"contentUrl\":\"https:\\\/\\\/patagoniambiental.com.ar\\\/info\\\/wp-content\\\/uploads\\\/2017\\\/11\\\/1509731587_310851_1509982064_noticia_normal.jpg\",\"width\":900,\"height\":600},{\"@type\":\"BreadcrumbList\",\"@id\":\"https:\\\/\\\/patagoniambiental.com.ar\\\/info\\\/nueva-zelanda-se-prepara-para-acoger-a-refugiados-por-el-cambio-climatico\\\/#breadcrumb\",\"itemListElement\":[{\"@type\":\"ListItem\",\"position\":1,\"name\":\"Inicio\",\"item\":\"https:\\\/\\\/patagoniambiental.com.ar\\\/info\\\/\"},{\"@type\":\"ListItem\",\"position\":2,\"name\":\"Nueva Zelanda se prepara para acoger a refugiados por el cambio clim\u00e1tico\"}]},{\"@type\":\"WebSite\",\"@id\":\"https:\\\/\\\/patagoniambiental.com.ar\\\/info\\\/#website\",\"url\":\"https:\\\/\\\/patagoniambiental.com.ar\\\/info\\\/\",\"name\":\"Patagonia Ambiental\",\"description\":\"Monitoreo y an\u00e1lisis de la situaci\u00f3n geopol\u00edtica en el mundo y su implicancia en la Patagonia\",\"publisher\":{\"@id\":\"https:\\\/\\\/patagoniambiental.com.ar\\\/info\\\/#organization\"},\"potentialAction\":[{\"@type\":\"SearchAction\",\"target\":{\"@type\":\"EntryPoint\",\"urlTemplate\":\"https:\\\/\\\/patagoniambiental.com.ar\\\/info\\\/?s={search_term_string}\"},\"query-input\":{\"@type\":\"PropertyValueSpecification\",\"valueRequired\":true,\"valueName\":\"search_term_string\"}}],\"inLanguage\":\"es\"},{\"@type\":\"Organization\",\"@id\":\"https:\\\/\\\/patagoniambiental.com.ar\\\/info\\\/#organization\",\"name\":\"Patagonia Ambiental\",\"url\":\"https:\\\/\\\/patagoniambiental.com.ar\\\/info\\\/\",\"logo\":{\"@type\":\"ImageObject\",\"inLanguage\":\"es\",\"@id\":\"https:\\\/\\\/patagoniambiental.com.ar\\\/info\\\/#\\\/schema\\\/logo\\\/image\\\/\",\"url\":\"https:\\\/\\\/patagoniambiental.com.ar\\\/info\\\/wp-content\\\/uploads\\\/2025\\\/05\\\/LOGO-PATAGONIA-AMBIENTAL.png\",\"contentUrl\":\"https:\\\/\\\/patagoniambiental.com.ar\\\/info\\\/wp-content\\\/uploads\\\/2025\\\/05\\\/LOGO-PATAGONIA-AMBIENTAL.png\",\"width\":433,\"height\":250,\"caption\":\"Patagonia Ambiental\"},\"image\":{\"@id\":\"https:\\\/\\\/patagoniambiental.com.ar\\\/info\\\/#\\\/schema\\\/logo\\\/image\\\/\"},\"sameAs\":[\"https:\\\/\\\/www.facebook.com\\\/patagonia.ambiental\",\"https:\\\/\\\/x.com\\\/PatAmb\"]},{\"@type\":\"Person\",\"@id\":\"https:\\\/\\\/patagoniambiental.com.ar\\\/info\\\/#\\\/schema\\\/person\\\/db12bff64bbcbf6a253710bf0ea37b5d\",\"name\":\"Patagonia Ambiental\",\"description\":\"Andr\u00e9s Nievas T\u00e9cnico en manejo ambiental, consultor Ambiental y escritor para medios locales e internacionales sobre temas de geopolitica y medio ambiente.\",\"sameAs\":[\"http:\\\/\\\/www.patagoniambiental.com.ar\",\"https:\\\/\\\/www.facebook.com\\\/share\\\/1C1V8Gv9BX\\\/?mibextid=qi2Omg\",\"@patagoniambiental\",\"https:\\\/\\\/youtube.com\\\/@patagoniaambiental2023?si=BLt58t0wuXquxlYZ\"]}]}<\/script>\n<!-- \/ Yoast SEO Premium plugin. -->","yoast_head_json":{"title":"Nueva Zelanda se prepara para acoger a refugiados por el cambio clim\u00e1tico","robots":{"index":"index","follow":"follow","max-snippet":"max-snippet:-1","max-image-preview":"max-image-preview:large","max-video-preview":"max-video-preview:-1"},"canonical":"https:\/\/patagoniambiental.com.ar\/info\/nueva-zelanda-se-prepara-para-acoger-a-refugiados-por-el-cambio-climatico\/","og_locale":"es_ES","og_type":"article","og_title":"Nueva Zelanda se prepara para acoger a refugiados por el cambio clim\u00e1tico","og_description":"Nueva Zelanda.-El gobierno de Jacinda Ardern considera crear una nueva categor\u00eda de visado para las personas forzadas a abandonar sus [&hellip;]","og_url":"https:\/\/patagoniambiental.com.ar\/info\/nueva-zelanda-se-prepara-para-acoger-a-refugiados-por-el-cambio-climatico\/","og_site_name":"Patagonia Ambiental","article_publisher":"https:\/\/www.facebook.com\/patagonia.ambiental","article_author":"https:\/\/www.facebook.com\/share\/1C1V8Gv9BX\/?mibextid=qi2Omg","article_published_time":"2017-11-07T22:00:18+00:00","og_image":[{"width":980,"height":653,"url":"https:\/\/patagoniambiental.com.ar\/info\/wp-content\/uploads\/2017\/11\/1509731587_310851_1509982064_noticia_normal.jpg","type":"image\/jpeg"}],"author":"Patagonia Ambiental","twitter_card":"summary_large_image","twitter_creator":"@PatAmb","twitter_site":"@PatAmb","schema":{"@context":"https:\/\/schema.org","@graph":[{"@type":"Article","@id":"https:\/\/patagoniambiental.com.ar\/info\/nueva-zelanda-se-prepara-para-acoger-a-refugiados-por-el-cambio-climatico\/#article","isPartOf":{"@id":"https:\/\/patagoniambiental.com.ar\/info\/nueva-zelanda-se-prepara-para-acoger-a-refugiados-por-el-cambio-climatico\/"},"author":{"name":"Patagonia Ambiental","@id":"https:\/\/patagoniambiental.com.ar\/info\/#\/schema\/person\/db12bff64bbcbf6a253710bf0ea37b5d"},"headline":"Nueva Zelanda se prepara para acoger a refugiados por el cambio clim\u00e1tico","datePublished":"2017-11-07T22:00:18+00:00","mainEntityOfPage":{"@id":"https:\/\/patagoniambiental.com.ar\/info\/nueva-zelanda-se-prepara-para-acoger-a-refugiados-por-el-cambio-climatico\/"},"wordCount":810,"commentCount":0,"publisher":{"@id":"https:\/\/patagoniambiental.com.ar\/info\/#organization"},"image":{"@id":"https:\/\/patagoniambiental.com.ar\/info\/nueva-zelanda-se-prepara-para-acoger-a-refugiados-por-el-cambio-climatico\/#primaryimage"},"thumbnailUrl":"https:\/\/patagoniambiental.com.ar\/info\/wp-content\/uploads\/2017\/11\/1509731587_310851_1509982064_noticia_normal.jpg","articleSection":["Internacionales","Noticias"],"inLanguage":"es","potentialAction":[{"@type":"CommentAction","name":"Comment","target":["https:\/\/patagoniambiental.com.ar\/info\/nueva-zelanda-se-prepara-para-acoger-a-refugiados-por-el-cambio-climatico\/#respond"]}]},{"@type":"WebPage","@id":"https:\/\/patagoniambiental.com.ar\/info\/nueva-zelanda-se-prepara-para-acoger-a-refugiados-por-el-cambio-climatico\/","url":"https:\/\/patagoniambiental.com.ar\/info\/nueva-zelanda-se-prepara-para-acoger-a-refugiados-por-el-cambio-climatico\/","name":"Nueva Zelanda se prepara para acoger a refugiados por el cambio clim\u00e1tico","isPartOf":{"@id":"https:\/\/patagoniambiental.com.ar\/info\/#website"},"primaryImageOfPage":{"@id":"https:\/\/patagoniambiental.com.ar\/info\/nueva-zelanda-se-prepara-para-acoger-a-refugiados-por-el-cambio-climatico\/#primaryimage"},"image":{"@id":"https:\/\/patagoniambiental.com.ar\/info\/nueva-zelanda-se-prepara-para-acoger-a-refugiados-por-el-cambio-climatico\/#primaryimage"},"thumbnailUrl":"https:\/\/patagoniambiental.com.ar\/info\/wp-content\/uploads\/2017\/11\/1509731587_310851_1509982064_noticia_normal.jpg","datePublished":"2017-11-07T22:00:18+00:00","breadcrumb":{"@id":"https:\/\/patagoniambiental.com.ar\/info\/nueva-zelanda-se-prepara-para-acoger-a-refugiados-por-el-cambio-climatico\/#breadcrumb"},"inLanguage":"es","potentialAction":[{"@type":"ReadAction","target":["https:\/\/patagoniambiental.com.ar\/info\/nueva-zelanda-se-prepara-para-acoger-a-refugiados-por-el-cambio-climatico\/"]}]},{"@type":"ImageObject","inLanguage":"es","@id":"https:\/\/patagoniambiental.com.ar\/info\/nueva-zelanda-se-prepara-para-acoger-a-refugiados-por-el-cambio-climatico\/#primaryimage","url":"https:\/\/patagoniambiental.com.ar\/info\/wp-content\/uploads\/2017\/11\/1509731587_310851_1509982064_noticia_normal.jpg","contentUrl":"https:\/\/patagoniambiental.com.ar\/info\/wp-content\/uploads\/2017\/11\/1509731587_310851_1509982064_noticia_normal.jpg","width":900,"height":600},{"@type":"BreadcrumbList","@id":"https:\/\/patagoniambiental.com.ar\/info\/nueva-zelanda-se-prepara-para-acoger-a-refugiados-por-el-cambio-climatico\/#breadcrumb","itemListElement":[{"@type":"ListItem","position":1,"name":"Inicio","item":"https:\/\/patagoniambiental.com.ar\/info\/"},{"@type":"ListItem","position":2,"name":"Nueva Zelanda se prepara para acoger a refugiados por el cambio clim\u00e1tico"}]},{"@type":"WebSite","@id":"https:\/\/patagoniambiental.com.ar\/info\/#website","url":"https:\/\/patagoniambiental.com.ar\/info\/","name":"Patagonia Ambiental","description":"Monitoreo y an\u00e1lisis de la situaci\u00f3n geopol\u00edtica en el mundo y su implicancia en la Patagonia","publisher":{"@id":"https:\/\/patagoniambiental.com.ar\/info\/#organization"},"potentialAction":[{"@type":"SearchAction","target":{"@type":"EntryPoint","urlTemplate":"https:\/\/patagoniambiental.com.ar\/info\/?s={search_term_string}"},"query-input":{"@type":"PropertyValueSpecification","valueRequired":true,"valueName":"search_term_string"}}],"inLanguage":"es"},{"@type":"Organization","@id":"https:\/\/patagoniambiental.com.ar\/info\/#organization","name":"Patagonia Ambiental","url":"https:\/\/patagoniambiental.com.ar\/info\/","logo":{"@type":"ImageObject","inLanguage":"es","@id":"https:\/\/patagoniambiental.com.ar\/info\/#\/schema\/logo\/image\/","url":"https:\/\/patagoniambiental.com.ar\/info\/wp-content\/uploads\/2025\/05\/LOGO-PATAGONIA-AMBIENTAL.png","contentUrl":"https:\/\/patagoniambiental.com.ar\/info\/wp-content\/uploads\/2025\/05\/LOGO-PATAGONIA-AMBIENTAL.png","width":433,"height":250,"caption":"Patagonia Ambiental"},"image":{"@id":"https:\/\/patagoniambiental.com.ar\/info\/#\/schema\/logo\/image\/"},"sameAs":["https:\/\/www.facebook.com\/patagonia.ambiental","https:\/\/x.com\/PatAmb"]},{"@type":"Person","@id":"https:\/\/patagoniambiental.com.ar\/info\/#\/schema\/person\/db12bff64bbcbf6a253710bf0ea37b5d","name":"Patagonia Ambiental","description":"Andr\u00e9s Nievas T\u00e9cnico en manejo ambiental, consultor Ambiental y escritor para medios locales e internacionales sobre temas de geopolitica y medio ambiente.","sameAs":["http:\/\/www.patagoniambiental.com.ar","https:\/\/www.facebook.com\/share\/1C1V8Gv9BX\/?mibextid=qi2Omg","@patagoniambiental","https:\/\/youtube.com\/@patagoniaambiental2023?si=BLt58t0wuXquxlYZ"]}]}},"_links":{"self":[{"href":"https:\/\/patagoniambiental.com.ar\/info\/wp-json\/wp\/v2\/posts\/37742","targetHints":{"allow":["GET"]}}],"collection":[{"href":"https:\/\/patagoniambiental.com.ar\/info\/wp-json\/wp\/v2\/posts"}],"about":[{"href":"https:\/\/patagoniambiental.com.ar\/info\/wp-json\/wp\/v2\/types\/post"}],"author":[{"embeddable":true,"href":"https:\/\/patagoniambiental.com.ar\/info\/wp-json\/wp\/v2\/users\/2"}],"replies":[{"embeddable":true,"href":"https:\/\/patagoniambiental.com.ar\/info\/wp-json\/wp\/v2\/comments?post=37742"}],"version-history":[{"count":0,"href":"https:\/\/patagoniambiental.com.ar\/info\/wp-json\/wp\/v2\/posts\/37742\/revisions"}],"wp:featuredmedia":[{"embeddable":true,"href":"https:\/\/patagoniambiental.com.ar\/info\/wp-json\/wp\/v2\/media\/37743"}],"wp:attachment":[{"href":"https:\/\/patagoniambiental.com.ar\/info\/wp-json\/wp\/v2\/media?parent=37742"}],"wp:term":[{"taxonomy":"category","embeddable":true,"href":"https:\/\/patagoniambiental.com.ar\/info\/wp-json\/wp\/v2\/categories?post=37742"},{"taxonomy":"post_tag","embeddable":true,"href":"https:\/\/patagoniambiental.com.ar\/info\/wp-json\/wp\/v2\/tags?post=37742"}],"curies":[{"name":"wp","href":"https:\/\/api.w.org\/{rel}","templated":true}]}}