{"id":37764,"date":"2017-11-07T19:00:18","date_gmt":"2017-11-07T22:00:18","guid":{"rendered":"http:\/\/patagoniambiental.com.ar\/info\/?p=37764"},"modified":"2017-11-07T16:16:14","modified_gmt":"2017-11-07T19:16:14","slug":"aniversario-de-villa-regina-estudiantes-adultos-y-en-contexto-de-encierro-recibieron-netbooks-recicladas","status":"publish","type":"post","link":"https:\/\/patagoniambiental.com.ar\/info\/aniversario-de-villa-regina-estudiantes-adultos-y-en-contexto-de-encierro-recibieron-netbooks-recicladas\/","title":{"rendered":"Aniversario de Villa Regina  Estudiantes adultos y en contexto de encierro recibieron netbooks recicladas"},"content":{"rendered":"<p class=\"x_MsoNormal\"><i>Villa Regina.-La solidaridad de las escuelas de la ciudad fue fundamental para liberar las computadoras que estaban sin uso. Educaci\u00f3n las rearm\u00f3 y el gobernador, Alberto Weretilneck, las entreg\u00f3 hoy.<\/i><\/p>\n<p class=\"x_MsoNormal\"><!--more--><\/p>\n<p class=\"x_MsoNormal\">En el marco de las actividades del 93\u00b0 aniversario de Villa Regina, el Gobernador entreg\u00f3 equipos inform\u00e1ticos para uso administrativo a cinco bibliotecas barriales de la ciudad y 120 netbooks destinadas a estudiantes de escuelas de Educaci\u00f3n B\u00e1sica de Adultos, Centros de Educaci\u00f3n Media de J\u00f3venes y Adultos, y otros en contexto de encierro de esa zona del Alto Valle.<\/p>\n<p class=\"x_MsoNormal\">Las computadoras entregadas por el Mandatario conforman un lote de equipos inform\u00e1ticos completos, restaurados por el personal t\u00e9cnico del Consejo Escolar Alto Valle Este II.<\/p>\n<p class=\"x_MsoNormal\">El equipamiento fue recibido por los responsables de las bibliotecas que funcionan en los barrios Progreso, Nuevo, Sauce, San Mart\u00edn y Matadero. En el mismo acto, la directora del Jard\u00edn 24 de General Enrique Godoy recibi\u00f3 un equipo de escritorio para el establecimiento.<\/p>\n<p class=\"x_MsoNormal\">Las 120 netbooks pertenecen al programa Conectar Igualdad y est\u00e1n destinadas paras las ciudades de Villa Regina, Chichinales y General Enrique Godoy.<\/p>\n<p class=\"x_MsoNormal\">De esta manera, el Gobierno Provincial atendi\u00f3 las solicitudes de supervisoras y comunidades educativas, gestionadas a trav\u00e9s del Consejo Escolar local.<\/p>\n<p class=\"x_MsoNormal\">El equipamiento fue entregado a los CEM 142, 83 y 49, de Chichinales, Villa Regina y General Enrique Godoy, respectivamente. Tambi\u00e9n recibieron la Escuela de J\u00f3venes y Adultos 1 de Villa Regina, y las sedes y anexos de las escuelas de Educaci\u00f3n B\u00e1sica de Adultos 4, 14, 12 y 38, de la misma ciudad.<\/p>\n<p class=\"x_MsoNormal\">En la ocasi\u00f3n, el vocal gubernamental del Consejo Escolar, Pablo N\u00fa\u00f1ez manifest\u00f3 la importancia de poder entregar los equipos por primera vez a la modalidad educativa en cuesti\u00f3n.<\/p>\n<p class=\"x_MsoNormal\">\u201cEsta iniciativa permitir\u00e1 tener mejores clases, con m\u00e1s contenido pr\u00e1ctico y mayor dinamismo\u201d, asever\u00f3.<\/p>\n<p class=\"x_MsoNormal\">\u201cPoder llegar a cada uno de los establecimientos de esta modalidad nos pone muy feliz\u201d, sostuvo y destac\u00f3 la labor del personal que trabaj\u00f3 para mejorar y actualizar los equipos.<\/p>\n<p><b><span lang=\"ES-AR\">GOBIERNO DE R\u00cdO NEGRO<\/span><\/b><span lang=\"ES-AR\"><br \/>\nSecretar\u00eda de Medios<\/span><\/p>\n","protected":false},"excerpt":{"rendered":"<p>Villa Regina.-La solidaridad de las escuelas de la ciudad fue fundamental para liberar las computadoras que estaban sin uso. Educaci\u00f3n [&hellip;]<\/p>\n","protected":false},"author":2,"featured_media":37765,"comment_status":"open","ping_status":"open","sticky":false,"template":"","format":"standard","meta":{"site-sidebar-layout":"default","site-content-layout":"","ast-site-content-layout":"default","site-content-style":"default","site-sidebar-style":"default","ast-global-header-display":"","ast-banner-title-visibility":"","ast-main-header-display":"","ast-hfb-above-header-display":"","ast-hfb-below-header-display":"","ast-hfb-mobile-header-display":"","site-post-title":"","ast-breadcrumbs-content":"","ast-featured-img":"","footer-sml-layout":"","ast-disable-related-posts":"","theme-transparent-header-meta":"","adv-header-id-meta":"","stick-header-meta":"","header-above-stick-meta":"","header-main-stick-meta":"","header-below-stick-meta":"","astra-migrate-meta-layouts":"default","ast-page-background-enabled":"default","ast-page-background-meta":{"desktop":{"background-color":"var(--ast-global-color-5)","background-image":"","background-repeat":"repeat","background-position":"center center","background-size":"auto","background-attachment":"scroll","background-type":"","background-media":"","overlay-type":"","overlay-color":"","overlay-opacity":"","overlay-gradient":""},"tablet":{"background-color":"","background-image":"","background-repeat":"repeat","background-position":"center center","background-size":"auto","background-attachment":"scroll","background-type":"","background-media":"","overlay-type":"","overlay-color":"","overlay-opacity":"","overlay-gradient":""},"mobile":{"background-color":"","background-image":"","background-repeat":"repeat","background-position":"center center","background-size":"auto","background-attachment":"scroll","background-type":"","background-media":"","overlay-type":"","overlay-color":"","overlay-opacity":"","overlay-gradient":""}},"ast-content-background-meta":{"desktop":{"background-color":"var(--ast-global-color-4)","background-image":"","background-repeat":"repeat","background-position":"center center","background-size":"auto","background-attachment":"scroll","background-type":"","background-media":"","overlay-type":"","overlay-color":"","overlay-opacity":"","overlay-gradient":""},"tablet":{"background-color":"var(--ast-global-color-4)","background-image":"","background-repeat":"repeat","background-position":"center center","background-size":"auto","background-attachment":"scroll","background-type":"","background-media":"","overlay-type":"","overlay-color":"","overlay-opacity":"","overlay-gradient":""},"mobile":{"background-color":"var(--ast-global-color-4)","background-image":"","background-repeat":"repeat","background-position":"center center","background-size":"auto","background-attachment":"scroll","background-type":"","background-media":"","overlay-type":"","overlay-color":"","overlay-opacity":"","overlay-gradient":""}},"footnotes":""},"categories":[1,13,14],"tags":[],"class_list":["post-37764","post","type-post","status-publish","format-standard","has-post-thumbnail","hentry","category-noticias","category-provinciales","category-rio-negro"],"yoast_head":"<!-- This site is optimized with the Yoast SEO Premium plugin v23.0 (Yoast SEO v27.4) - https:\/\/yoast.com\/product\/yoast-seo-premium-wordpress\/ -->\n<title>Aniversario de Villa Regina Estudiantes adultos y en contexto de encierro recibieron netbooks recicladas<\/title>\n<meta name=\"robots\" content=\"index, follow, max-snippet:-1, max-image-preview:large, max-video-preview:-1\" \/>\n<link rel=\"canonical\" href=\"https:\/\/patagoniambiental.com.ar\/info\/aniversario-de-villa-regina-estudiantes-adultos-y-en-contexto-de-encierro-recibieron-netbooks-recicladas\/\" \/>\n<meta property=\"og:locale\" content=\"es_ES\" \/>\n<meta property=\"og:type\" content=\"article\" \/>\n<meta property=\"og:title\" content=\"Aniversario de Villa Regina Estudiantes adultos y en contexto de encierro recibieron netbooks recicladas\" \/>\n<meta property=\"og:description\" content=\"Villa Regina.-La solidaridad de las escuelas de la ciudad fue fundamental para liberar las computadoras que estaban sin uso. Educaci\u00f3n [&hellip;]\" \/>\n<meta property=\"og:url\" content=\"https:\/\/patagoniambiental.com.ar\/info\/aniversario-de-villa-regina-estudiantes-adultos-y-en-contexto-de-encierro-recibieron-netbooks-recicladas\/\" \/>\n<meta property=\"og:site_name\" content=\"Patagonia Ambiental\" \/>\n<meta property=\"article:publisher\" content=\"https:\/\/www.facebook.com\/patagonia.ambiental\" \/>\n<meta property=\"article:author\" content=\"https:\/\/www.facebook.com\/share\/1C1V8Gv9BX\/?mibextid=qi2Omg\" \/>\n<meta property=\"article:published_time\" content=\"2017-11-07T22:00:18+00:00\" \/>\n<meta property=\"og:image\" content=\"https:\/\/patagoniambiental.com.ar\/info\/wp-content\/uploads\/2017\/11\/00031655.jpg\" \/>\n\t<meta property=\"og:image:width\" content=\"924\" \/>\n\t<meta property=\"og:image:height\" content=\"616\" \/>\n\t<meta property=\"og:image:type\" content=\"image\/jpeg\" \/>\n<meta name=\"author\" content=\"Patagonia Ambiental\" \/>\n<meta name=\"twitter:card\" content=\"summary_large_image\" \/>\n<meta name=\"twitter:creator\" content=\"@PatAmb\" \/>\n<meta name=\"twitter:site\" content=\"@PatAmb\" \/>\n<script type=\"application\/ld+json\" class=\"yoast-schema-graph\">{\"@context\":\"https:\\\/\\\/schema.org\",\"@graph\":[{\"@type\":\"Article\",\"@id\":\"https:\\\/\\\/patagoniambiental.com.ar\\\/info\\\/aniversario-de-villa-regina-estudiantes-adultos-y-en-contexto-de-encierro-recibieron-netbooks-recicladas\\\/#article\",\"isPartOf\":{\"@id\":\"https:\\\/\\\/patagoniambiental.com.ar\\\/info\\\/aniversario-de-villa-regina-estudiantes-adultos-y-en-contexto-de-encierro-recibieron-netbooks-recicladas\\\/\"},\"author\":{\"name\":\"Patagonia Ambiental\",\"@id\":\"https:\\\/\\\/patagoniambiental.com.ar\\\/info\\\/#\\\/schema\\\/person\\\/db12bff64bbcbf6a253710bf0ea37b5d\"},\"headline\":\"Aniversario de Villa Regina Estudiantes adultos y en contexto de encierro recibieron netbooks recicladas\",\"datePublished\":\"2017-11-07T22:00:18+00:00\",\"mainEntityOfPage\":{\"@id\":\"https:\\\/\\\/patagoniambiental.com.ar\\\/info\\\/aniversario-de-villa-regina-estudiantes-adultos-y-en-contexto-de-encierro-recibieron-netbooks-recicladas\\\/\"},\"wordCount\":360,\"commentCount\":0,\"publisher\":{\"@id\":\"https:\\\/\\\/patagoniambiental.com.ar\\\/info\\\/#organization\"},\"image\":{\"@id\":\"https:\\\/\\\/patagoniambiental.com.ar\\\/info\\\/aniversario-de-villa-regina-estudiantes-adultos-y-en-contexto-de-encierro-recibieron-netbooks-recicladas\\\/#primaryimage\"},\"thumbnailUrl\":\"https:\\\/\\\/patagoniambiental.com.ar\\\/info\\\/wp-content\\\/uploads\\\/2017\\\/11\\\/00031655.jpg\",\"articleSection\":[\"Noticias\",\"Provinciales\",\"R\u00edo Negro\"],\"inLanguage\":\"es\",\"potentialAction\":[{\"@type\":\"CommentAction\",\"name\":\"Comment\",\"target\":[\"https:\\\/\\\/patagoniambiental.com.ar\\\/info\\\/aniversario-de-villa-regina-estudiantes-adultos-y-en-contexto-de-encierro-recibieron-netbooks-recicladas\\\/#respond\"]}]},{\"@type\":\"WebPage\",\"@id\":\"https:\\\/\\\/patagoniambiental.com.ar\\\/info\\\/aniversario-de-villa-regina-estudiantes-adultos-y-en-contexto-de-encierro-recibieron-netbooks-recicladas\\\/\",\"url\":\"https:\\\/\\\/patagoniambiental.com.ar\\\/info\\\/aniversario-de-villa-regina-estudiantes-adultos-y-en-contexto-de-encierro-recibieron-netbooks-recicladas\\\/\",\"name\":\"Aniversario de Villa Regina Estudiantes adultos y en contexto de encierro recibieron netbooks recicladas\",\"isPartOf\":{\"@id\":\"https:\\\/\\\/patagoniambiental.com.ar\\\/info\\\/#website\"},\"primaryImageOfPage\":{\"@id\":\"https:\\\/\\\/patagoniambiental.com.ar\\\/info\\\/aniversario-de-villa-regina-estudiantes-adultos-y-en-contexto-de-encierro-recibieron-netbooks-recicladas\\\/#primaryimage\"},\"image\":{\"@id\":\"https:\\\/\\\/patagoniambiental.com.ar\\\/info\\\/aniversario-de-villa-regina-estudiantes-adultos-y-en-contexto-de-encierro-recibieron-netbooks-recicladas\\\/#primaryimage\"},\"thumbnailUrl\":\"https:\\\/\\\/patagoniambiental.com.ar\\\/info\\\/wp-content\\\/uploads\\\/2017\\\/11\\\/00031655.jpg\",\"datePublished\":\"2017-11-07T22:00:18+00:00\",\"breadcrumb\":{\"@id\":\"https:\\\/\\\/patagoniambiental.com.ar\\\/info\\\/aniversario-de-villa-regina-estudiantes-adultos-y-en-contexto-de-encierro-recibieron-netbooks-recicladas\\\/#breadcrumb\"},\"inLanguage\":\"es\",\"potentialAction\":[{\"@type\":\"ReadAction\",\"target\":[\"https:\\\/\\\/patagoniambiental.com.ar\\\/info\\\/aniversario-de-villa-regina-estudiantes-adultos-y-en-contexto-de-encierro-recibieron-netbooks-recicladas\\\/\"]}]},{\"@type\":\"ImageObject\",\"inLanguage\":\"es\",\"@id\":\"https:\\\/\\\/patagoniambiental.com.ar\\\/info\\\/aniversario-de-villa-regina-estudiantes-adultos-y-en-contexto-de-encierro-recibieron-netbooks-recicladas\\\/#primaryimage\",\"url\":\"https:\\\/\\\/patagoniambiental.com.ar\\\/info\\\/wp-content\\\/uploads\\\/2017\\\/11\\\/00031655.jpg\",\"contentUrl\":\"https:\\\/\\\/patagoniambiental.com.ar\\\/info\\\/wp-content\\\/uploads\\\/2017\\\/11\\\/00031655.jpg\",\"width\":900,\"height\":600},{\"@type\":\"BreadcrumbList\",\"@id\":\"https:\\\/\\\/patagoniambiental.com.ar\\\/info\\\/aniversario-de-villa-regina-estudiantes-adultos-y-en-contexto-de-encierro-recibieron-netbooks-recicladas\\\/#breadcrumb\",\"itemListElement\":[{\"@type\":\"ListItem\",\"position\":1,\"name\":\"Inicio\",\"item\":\"https:\\\/\\\/patagoniambiental.com.ar\\\/info\\\/\"},{\"@type\":\"ListItem\",\"position\":2,\"name\":\"Aniversario de Villa Regina Estudiantes adultos y en contexto de encierro recibieron netbooks recicladas\"}]},{\"@type\":\"WebSite\",\"@id\":\"https:\\\/\\\/patagoniambiental.com.ar\\\/info\\\/#website\",\"url\":\"https:\\\/\\\/patagoniambiental.com.ar\\\/info\\\/\",\"name\":\"Patagonia Ambiental\",\"description\":\"Monitoreo y an\u00e1lisis de la situaci\u00f3n geopol\u00edtica en el mundo y su implicancia en la Patagonia\",\"publisher\":{\"@id\":\"https:\\\/\\\/patagoniambiental.com.ar\\\/info\\\/#organization\"},\"potentialAction\":[{\"@type\":\"SearchAction\",\"target\":{\"@type\":\"EntryPoint\",\"urlTemplate\":\"https:\\\/\\\/patagoniambiental.com.ar\\\/info\\\/?s={search_term_string}\"},\"query-input\":{\"@type\":\"PropertyValueSpecification\",\"valueRequired\":true,\"valueName\":\"search_term_string\"}}],\"inLanguage\":\"es\"},{\"@type\":\"Organization\",\"@id\":\"https:\\\/\\\/patagoniambiental.com.ar\\\/info\\\/#organization\",\"name\":\"Patagonia Ambiental\",\"url\":\"https:\\\/\\\/patagoniambiental.com.ar\\\/info\\\/\",\"logo\":{\"@type\":\"ImageObject\",\"inLanguage\":\"es\",\"@id\":\"https:\\\/\\\/patagoniambiental.com.ar\\\/info\\\/#\\\/schema\\\/logo\\\/image\\\/\",\"url\":\"https:\\\/\\\/patagoniambiental.com.ar\\\/info\\\/wp-content\\\/uploads\\\/2025\\\/05\\\/LOGO-PATAGONIA-AMBIENTAL.png\",\"contentUrl\":\"https:\\\/\\\/patagoniambiental.com.ar\\\/info\\\/wp-content\\\/uploads\\\/2025\\\/05\\\/LOGO-PATAGONIA-AMBIENTAL.png\",\"width\":433,\"height\":250,\"caption\":\"Patagonia Ambiental\"},\"image\":{\"@id\":\"https:\\\/\\\/patagoniambiental.com.ar\\\/info\\\/#\\\/schema\\\/logo\\\/image\\\/\"},\"sameAs\":[\"https:\\\/\\\/www.facebook.com\\\/patagonia.ambiental\",\"https:\\\/\\\/x.com\\\/PatAmb\"]},{\"@type\":\"Person\",\"@id\":\"https:\\\/\\\/patagoniambiental.com.ar\\\/info\\\/#\\\/schema\\\/person\\\/db12bff64bbcbf6a253710bf0ea37b5d\",\"name\":\"Patagonia Ambiental\",\"description\":\"Andr\u00e9s Nievas T\u00e9cnico en manejo ambiental, consultor Ambiental y escritor para medios locales e internacionales sobre temas de geopolitica y medio ambiente.\",\"sameAs\":[\"http:\\\/\\\/www.patagoniambiental.com.ar\",\"https:\\\/\\\/www.facebook.com\\\/share\\\/1C1V8Gv9BX\\\/?mibextid=qi2Omg\",\"@patagoniambiental\",\"https:\\\/\\\/youtube.com\\\/@patagoniaambiental2023?si=BLt58t0wuXquxlYZ\"]}]}<\/script>\n<!-- \/ Yoast SEO Premium plugin. -->","yoast_head_json":{"title":"Aniversario de Villa Regina Estudiantes adultos y en contexto de encierro recibieron netbooks recicladas","robots":{"index":"index","follow":"follow","max-snippet":"max-snippet:-1","max-image-preview":"max-image-preview:large","max-video-preview":"max-video-preview:-1"},"canonical":"https:\/\/patagoniambiental.com.ar\/info\/aniversario-de-villa-regina-estudiantes-adultos-y-en-contexto-de-encierro-recibieron-netbooks-recicladas\/","og_locale":"es_ES","og_type":"article","og_title":"Aniversario de Villa Regina Estudiantes adultos y en contexto de encierro recibieron netbooks recicladas","og_description":"Villa Regina.-La solidaridad de las escuelas de la ciudad fue fundamental para liberar las computadoras que estaban sin uso. Educaci\u00f3n [&hellip;]","og_url":"https:\/\/patagoniambiental.com.ar\/info\/aniversario-de-villa-regina-estudiantes-adultos-y-en-contexto-de-encierro-recibieron-netbooks-recicladas\/","og_site_name":"Patagonia Ambiental","article_publisher":"https:\/\/www.facebook.com\/patagonia.ambiental","article_author":"https:\/\/www.facebook.com\/share\/1C1V8Gv9BX\/?mibextid=qi2Omg","article_published_time":"2017-11-07T22:00:18+00:00","og_image":[{"width":924,"height":616,"url":"https:\/\/patagoniambiental.com.ar\/info\/wp-content\/uploads\/2017\/11\/00031655.jpg","type":"image\/jpeg"}],"author":"Patagonia Ambiental","twitter_card":"summary_large_image","twitter_creator":"@PatAmb","twitter_site":"@PatAmb","schema":{"@context":"https:\/\/schema.org","@graph":[{"@type":"Article","@id":"https:\/\/patagoniambiental.com.ar\/info\/aniversario-de-villa-regina-estudiantes-adultos-y-en-contexto-de-encierro-recibieron-netbooks-recicladas\/#article","isPartOf":{"@id":"https:\/\/patagoniambiental.com.ar\/info\/aniversario-de-villa-regina-estudiantes-adultos-y-en-contexto-de-encierro-recibieron-netbooks-recicladas\/"},"author":{"name":"Patagonia Ambiental","@id":"https:\/\/patagoniambiental.com.ar\/info\/#\/schema\/person\/db12bff64bbcbf6a253710bf0ea37b5d"},"headline":"Aniversario de Villa Regina Estudiantes adultos y en contexto de encierro recibieron netbooks recicladas","datePublished":"2017-11-07T22:00:18+00:00","mainEntityOfPage":{"@id":"https:\/\/patagoniambiental.com.ar\/info\/aniversario-de-villa-regina-estudiantes-adultos-y-en-contexto-de-encierro-recibieron-netbooks-recicladas\/"},"wordCount":360,"commentCount":0,"publisher":{"@id":"https:\/\/patagoniambiental.com.ar\/info\/#organization"},"image":{"@id":"https:\/\/patagoniambiental.com.ar\/info\/aniversario-de-villa-regina-estudiantes-adultos-y-en-contexto-de-encierro-recibieron-netbooks-recicladas\/#primaryimage"},"thumbnailUrl":"https:\/\/patagoniambiental.com.ar\/info\/wp-content\/uploads\/2017\/11\/00031655.jpg","articleSection":["Noticias","Provinciales","R\u00edo Negro"],"inLanguage":"es","potentialAction":[{"@type":"CommentAction","name":"Comment","target":["https:\/\/patagoniambiental.com.ar\/info\/aniversario-de-villa-regina-estudiantes-adultos-y-en-contexto-de-encierro-recibieron-netbooks-recicladas\/#respond"]}]},{"@type":"WebPage","@id":"https:\/\/patagoniambiental.com.ar\/info\/aniversario-de-villa-regina-estudiantes-adultos-y-en-contexto-de-encierro-recibieron-netbooks-recicladas\/","url":"https:\/\/patagoniambiental.com.ar\/info\/aniversario-de-villa-regina-estudiantes-adultos-y-en-contexto-de-encierro-recibieron-netbooks-recicladas\/","name":"Aniversario de Villa Regina Estudiantes adultos y en contexto de encierro recibieron netbooks recicladas","isPartOf":{"@id":"https:\/\/patagoniambiental.com.ar\/info\/#website"},"primaryImageOfPage":{"@id":"https:\/\/patagoniambiental.com.ar\/info\/aniversario-de-villa-regina-estudiantes-adultos-y-en-contexto-de-encierro-recibieron-netbooks-recicladas\/#primaryimage"},"image":{"@id":"https:\/\/patagoniambiental.com.ar\/info\/aniversario-de-villa-regina-estudiantes-adultos-y-en-contexto-de-encierro-recibieron-netbooks-recicladas\/#primaryimage"},"thumbnailUrl":"https:\/\/patagoniambiental.com.ar\/info\/wp-content\/uploads\/2017\/11\/00031655.jpg","datePublished":"2017-11-07T22:00:18+00:00","breadcrumb":{"@id":"https:\/\/patagoniambiental.com.ar\/info\/aniversario-de-villa-regina-estudiantes-adultos-y-en-contexto-de-encierro-recibieron-netbooks-recicladas\/#breadcrumb"},"inLanguage":"es","potentialAction":[{"@type":"ReadAction","target":["https:\/\/patagoniambiental.com.ar\/info\/aniversario-de-villa-regina-estudiantes-adultos-y-en-contexto-de-encierro-recibieron-netbooks-recicladas\/"]}]},{"@type":"ImageObject","inLanguage":"es","@id":"https:\/\/patagoniambiental.com.ar\/info\/aniversario-de-villa-regina-estudiantes-adultos-y-en-contexto-de-encierro-recibieron-netbooks-recicladas\/#primaryimage","url":"https:\/\/patagoniambiental.com.ar\/info\/wp-content\/uploads\/2017\/11\/00031655.jpg","contentUrl":"https:\/\/patagoniambiental.com.ar\/info\/wp-content\/uploads\/2017\/11\/00031655.jpg","width":900,"height":600},{"@type":"BreadcrumbList","@id":"https:\/\/patagoniambiental.com.ar\/info\/aniversario-de-villa-regina-estudiantes-adultos-y-en-contexto-de-encierro-recibieron-netbooks-recicladas\/#breadcrumb","itemListElement":[{"@type":"ListItem","position":1,"name":"Inicio","item":"https:\/\/patagoniambiental.com.ar\/info\/"},{"@type":"ListItem","position":2,"name":"Aniversario de Villa Regina Estudiantes adultos y en contexto de encierro recibieron netbooks recicladas"}]},{"@type":"WebSite","@id":"https:\/\/patagoniambiental.com.ar\/info\/#website","url":"https:\/\/patagoniambiental.com.ar\/info\/","name":"Patagonia Ambiental","description":"Monitoreo y an\u00e1lisis de la situaci\u00f3n geopol\u00edtica en el mundo y su implicancia en la Patagonia","publisher":{"@id":"https:\/\/patagoniambiental.com.ar\/info\/#organization"},"potentialAction":[{"@type":"SearchAction","target":{"@type":"EntryPoint","urlTemplate":"https:\/\/patagoniambiental.com.ar\/info\/?s={search_term_string}"},"query-input":{"@type":"PropertyValueSpecification","valueRequired":true,"valueName":"search_term_string"}}],"inLanguage":"es"},{"@type":"Organization","@id":"https:\/\/patagoniambiental.com.ar\/info\/#organization","name":"Patagonia Ambiental","url":"https:\/\/patagoniambiental.com.ar\/info\/","logo":{"@type":"ImageObject","inLanguage":"es","@id":"https:\/\/patagoniambiental.com.ar\/info\/#\/schema\/logo\/image\/","url":"https:\/\/patagoniambiental.com.ar\/info\/wp-content\/uploads\/2025\/05\/LOGO-PATAGONIA-AMBIENTAL.png","contentUrl":"https:\/\/patagoniambiental.com.ar\/info\/wp-content\/uploads\/2025\/05\/LOGO-PATAGONIA-AMBIENTAL.png","width":433,"height":250,"caption":"Patagonia Ambiental"},"image":{"@id":"https:\/\/patagoniambiental.com.ar\/info\/#\/schema\/logo\/image\/"},"sameAs":["https:\/\/www.facebook.com\/patagonia.ambiental","https:\/\/x.com\/PatAmb"]},{"@type":"Person","@id":"https:\/\/patagoniambiental.com.ar\/info\/#\/schema\/person\/db12bff64bbcbf6a253710bf0ea37b5d","name":"Patagonia Ambiental","description":"Andr\u00e9s Nievas T\u00e9cnico en manejo ambiental, consultor Ambiental y escritor para medios locales e internacionales sobre temas de geopolitica y medio ambiente.","sameAs":["http:\/\/www.patagoniambiental.com.ar","https:\/\/www.facebook.com\/share\/1C1V8Gv9BX\/?mibextid=qi2Omg","@patagoniambiental","https:\/\/youtube.com\/@patagoniaambiental2023?si=BLt58t0wuXquxlYZ"]}]}},"_links":{"self":[{"href":"https:\/\/patagoniambiental.com.ar\/info\/wp-json\/wp\/v2\/posts\/37764","targetHints":{"allow":["GET"]}}],"collection":[{"href":"https:\/\/patagoniambiental.com.ar\/info\/wp-json\/wp\/v2\/posts"}],"about":[{"href":"https:\/\/patagoniambiental.com.ar\/info\/wp-json\/wp\/v2\/types\/post"}],"author":[{"embeddable":true,"href":"https:\/\/patagoniambiental.com.ar\/info\/wp-json\/wp\/v2\/users\/2"}],"replies":[{"embeddable":true,"href":"https:\/\/patagoniambiental.com.ar\/info\/wp-json\/wp\/v2\/comments?post=37764"}],"version-history":[{"count":0,"href":"https:\/\/patagoniambiental.com.ar\/info\/wp-json\/wp\/v2\/posts\/37764\/revisions"}],"wp:featuredmedia":[{"embeddable":true,"href":"https:\/\/patagoniambiental.com.ar\/info\/wp-json\/wp\/v2\/media\/37765"}],"wp:attachment":[{"href":"https:\/\/patagoniambiental.com.ar\/info\/wp-json\/wp\/v2\/media?parent=37764"}],"wp:term":[{"taxonomy":"category","embeddable":true,"href":"https:\/\/patagoniambiental.com.ar\/info\/wp-json\/wp\/v2\/categories?post=37764"},{"taxonomy":"post_tag","embeddable":true,"href":"https:\/\/patagoniambiental.com.ar\/info\/wp-json\/wp\/v2\/tags?post=37764"}],"curies":[{"name":"wp","href":"https:\/\/api.w.org\/{rel}","templated":true}]}}