{"id":37770,"date":"2017-11-07T19:00:31","date_gmt":"2017-11-07T22:00:31","guid":{"rendered":"http:\/\/patagoniambiental.com.ar\/info\/?p=37770"},"modified":"2017-11-07T17:59:11","modified_gmt":"2017-11-07T20:59:11","slug":"una-comitiva-viaja-a-chile-para-requerir-que-se-anule-el-pedido-de-extradicion-de-jones-huala","status":"publish","type":"post","link":"https:\/\/patagoniambiental.com.ar\/info\/una-comitiva-viaja-a-chile-para-requerir-que-se-anule-el-pedido-de-extradicion-de-jones-huala\/","title":{"rendered":"Una comitiva viaja a Chile para requerir que se anule el pedido de extradici\u00f3n de Jones Huala"},"content":{"rendered":"<header>\n<div class=\"row\">\n<div class=\"col-xs-12\">\n<p class=\"title\">Chubut.-El grupo estar\u00e1 encabezado por Soraya Maico\u00f1o, vocera de la comunidad mapuche Resistencia Cushamen.<\/p>\n<p><!--more--><\/p>\n<p class=\"title\">Tambi\u00e9n viajar\u00e1 el presidente de la Asamblea Permanente por los Derechos Humanos de La Matanza, Pablo Pimentel. Llevar\u00e1n cartas para la presidenta chilena, Michelle Bachelet, escritas por el premio Nobel de la Paz, Adolfo P\u00e9rez Esquivel, y por la presidenta de Madres de Plaza de Mayo L\u00ednea Fundadora, Nora Corti\u00f1as para interceder por el lonco que est\u00e1 detenido en Esquel, a la espera de un nuevo juicio de extradici\u00f3n que se realizar\u00e1 en Bariloche.<\/p>\n<\/div>\n<\/div>\n<\/header>\n<p>&nbsp;<\/p>\n<div class=\"head-image thumb-wrap relative\">\n<div id=\"content-gallery\">\n<div id=\"fotogaleria-Object_6748_4842\" class=\"gallery\">\n<div class=\"col2\">\n<div class=\"image itemGallery classid2682083\"><a title=\"Facundo Jones Huala permanece detenido en la Unidad Penitenciaria de Esquel.\" href=\"https:\/\/media.elpatagonico.com\/adjuntos\/193\/imagenes\/028\/647\/0028647237.jpg\"><img fetchpriority=\"high\" decoding=\"async\" title=\"Facundo Jones Huala permanece detenido en la Unidad Penitenciaria de Esquel.\" src=\"https:\/\/media.elpatagonico.com\/adjuntos\/193\/imagenes\/028\/647\/0028647237.jpg\" alt=\"Facundo Jones Huala permanece detenido en la Unidad Penitenciaria de Esquel.\" width=\"770\" height=\"433\" \/><\/a><\/p>\n<div class=\"gallery-header\"><\/div>\n<div class=\"pieFoto\"><span class=\"epiinterior\">Facundo Jones Huala permanece detenido en la Unidad Penitenciaria de Esquel.<\/span><\/div>\n<\/div>\n<\/div>\n<div class=\"clearfix\"><\/div>\n<\/div>\n<\/div>\n<\/div>\n<div class=\"cuerpo clearfix\">\n<p>Una comitiva de mapuches y dirigentes de derechos humanos argentinos viajar\u00e1 hoy a Santiago de Chile para pedir a las autoridades de ese pa\u00eds que anulen el pedido de extradici\u00f3n de Facundo Jones Huala por considerar que est\u00e1 \u201cdetenido ilegalmente\u201d en Esquel.<\/p>\n<p>El grupo estar\u00e1 encabezado por Soraya Maico\u00f1o, vocera de la comunidad mapuche Resistencia en Cushamen, cercana a la ciudad de Esquel, de la que Jones Huala es el lonko (m\u00e1xima autoridad).<\/p>\n<p>Tambi\u00e9n viajar\u00e1 el presidente de la Asamblea Permanente por los Derechos Humanos (APDH) de La Matanza, Pablo Pimentel, y ambos llevar\u00e1n cartas para la presidenta chilena, Michelle Bachelet, escritas por el premio Nobel de la Paz, Adolfo P\u00e9rez Esquivel, y por la presidenta de Madres de Plaza de Mayo L\u00ednea Fundadora, Nora Corti\u00f1as.<\/p>\n<p>Maico\u00f1o asegur\u00f3 a T\u00e9lam que el martes la comitiva ser\u00e1 recibida en el Palacio de la Moneda, sede del gobierno de Chile, por la jefa de Gabinete Nacional, Anal\u00eda Uriarte, y la subsecretaria de Derechos Humanos, Lorena Far\u00edas.<\/p>\n<p>Dijo que expresar\u00e1n a las autoridades chilenas su \u201crepudio al pedido extradici\u00f3n\u201d de Jones Huala, lo que gener\u00f3 su \u201cdetenci\u00f3n ilegal\u201d en Esquel y que se enfrentar\u00e1 a \u201cun segundo juicio de extradici\u00f3n\u201d en Bariloche.<\/p>\n<p>La Justicia chilena pidi\u00f3 la extradici\u00f3n de Jones Huala por considerarlo responsable de incendios de estancias y campos en ese pa\u00eds, entre otros delitos.<\/p>\n<p>Mientras, Pimentel se\u00f1al\u00f3 que la comitiva tratar\u00e1 de entrevistarse tambi\u00e9n con la presidenta chilena, Michelle Bachelet, para \u201centregarle en mano\u201d las cartas de P\u00e9rez Esquivel y de Corti\u00f1as, adem\u00e1s de insistir en reclamar por \u201cla injusta e ilegal detenci\u00f3n de Jones Huala\u201d quien ya hab\u00eda sido sobrese\u00eddo en un primer juicio de extradici\u00f3n.<\/p>\n<p>\u201cQueremos que retire el pedido de extradici\u00f3n, lo que descomprimir\u00e1 una situaci\u00f3n que provoc\u00f3 la desaparici\u00f3n forzada de persona seguida de muerte\u201d, puntualiz\u00f3 en referencia al caso del joven Santiago Maldonado, cuyo cad\u00e1ver fue hallado el 17 de octubre en el r\u00edo Chubut en territorio de la comunidad Resistencia en Cushamen.<\/p>\n<p>Maldonado hab\u00eda sido declarado desaparecido el 1 de agosto, luego de que la Gendarmer\u00eda reprimiera un corte de la Ruta 40 e ingresara en la comunidad Resistencia en Cushamen, en el noroeste de la provincia, lo que dio lugar a una causa por \u201cdesaparici\u00f3n forzada\u201d de persona.<\/p>\n<p>Pimentel se\u00f1al\u00f3 que el grupo de mapuches y dirigentes humanitarios se reuni\u00f3 el viernes con el embajador de Chile en Argentina, Jos\u00e9 Antonio Viera Gallo, a quien le anticip\u00f3 los motivos del viaje, y las gestiones previas con el gobierno de ese pa\u00eds.<\/p>\n<p>Adelant\u00f3 que en Chile tambi\u00e9n expresar\u00e1n apoyo a mapuches que fueron \u201cbrutalmente detenidos y luego excarcelados por la Corte Suprema chilena, por falta de m\u00e9ritos y de pruebas\u201d en la causa judicial por la que se pidi\u00f3 la captura y extradici\u00f3n de Jones Huala.<\/p>\n<p>Fuente: El Patagonico<\/p>\n<\/div>\n","protected":false},"excerpt":{"rendered":"<p>Chubut.-El grupo estar\u00e1 encabezado por Soraya Maico\u00f1o, vocera de la comunidad mapuche Resistencia Cushamen.<\/p>\n","protected":false},"author":2,"featured_media":37771,"comment_status":"open","ping_status":"open","sticky":false,"template":"","format":"standard","meta":{"site-sidebar-layout":"default","site-content-layout":"","ast-site-content-layout":"default","site-content-style":"default","site-sidebar-style":"default","ast-global-header-display":"","ast-banner-title-visibility":"","ast-main-header-display":"","ast-hfb-above-header-display":"","ast-hfb-below-header-display":"","ast-hfb-mobile-header-display":"","site-post-title":"","ast-breadcrumbs-content":"","ast-featured-img":"","footer-sml-layout":"","ast-disable-related-posts":"","theme-transparent-header-meta":"","adv-header-id-meta":"","stick-header-meta":"","header-above-stick-meta":"","header-main-stick-meta":"","header-below-stick-meta":"","astra-migrate-meta-layouts":"default","ast-page-background-enabled":"default","ast-page-background-meta":{"desktop":{"background-color":"var(--ast-global-color-5)","background-image":"","background-repeat":"repeat","background-position":"center center","background-size":"auto","background-attachment":"scroll","background-type":"","background-media":"","overlay-type":"","overlay-color":"","overlay-opacity":"","overlay-gradient":""},"tablet":{"background-color":"","background-image":"","background-repeat":"repeat","background-position":"center center","background-size":"auto","background-attachment":"scroll","background-type":"","background-media":"","overlay-type":"","overlay-color":"","overlay-opacity":"","overlay-gradient":""},"mobile":{"background-color":"","background-image":"","background-repeat":"repeat","background-position":"center center","background-size":"auto","background-attachment":"scroll","background-type":"","background-media":"","overlay-type":"","overlay-color":"","overlay-opacity":"","overlay-gradient":""}},"ast-content-background-meta":{"desktop":{"background-color":"var(--ast-global-color-4)","background-image":"","background-repeat":"repeat","background-position":"center center","background-size":"auto","background-attachment":"scroll","background-type":"","background-media":"","overlay-type":"","overlay-color":"","overlay-opacity":"","overlay-gradient":""},"tablet":{"background-color":"var(--ast-global-color-4)","background-image":"","background-repeat":"repeat","background-position":"center center","background-size":"auto","background-attachment":"scroll","background-type":"","background-media":"","overlay-type":"","overlay-color":"","overlay-opacity":"","overlay-gradient":""},"mobile":{"background-color":"var(--ast-global-color-4)","background-image":"","background-repeat":"repeat","background-position":"center center","background-size":"auto","background-attachment":"scroll","background-type":"","background-media":"","overlay-type":"","overlay-color":"","overlay-opacity":"","overlay-gradient":""}},"footnotes":""},"categories":[23,1],"tags":[],"class_list":["post-37770","post","type-post","status-publish","format-standard","has-post-thumbnail","hentry","category-internacionales","category-noticias"],"yoast_head":"<!-- This site is optimized with the Yoast SEO Premium plugin v23.0 (Yoast SEO v27.4) - https:\/\/yoast.com\/product\/yoast-seo-premium-wordpress\/ -->\n<title>Una comitiva viaja a Chile para requerir que se anule el pedido de extradici\u00f3n de Jones Huala<\/title>\n<meta name=\"robots\" content=\"index, follow, max-snippet:-1, max-image-preview:large, max-video-preview:-1\" \/>\n<link rel=\"canonical\" href=\"https:\/\/patagoniambiental.com.ar\/info\/una-comitiva-viaja-a-chile-para-requerir-que-se-anule-el-pedido-de-extradicion-de-jones-huala\/\" \/>\n<meta property=\"og:locale\" content=\"es_ES\" \/>\n<meta property=\"og:type\" content=\"article\" \/>\n<meta property=\"og:title\" content=\"Una comitiva viaja a Chile para requerir que se anule el pedido de extradici\u00f3n de Jones Huala\" \/>\n<meta property=\"og:description\" content=\"Chubut.-El grupo estar\u00e1 encabezado por Soraya Maico\u00f1o, vocera de la comunidad mapuche Resistencia Cushamen.\" \/>\n<meta property=\"og:url\" content=\"https:\/\/patagoniambiental.com.ar\/info\/una-comitiva-viaja-a-chile-para-requerir-que-se-anule-el-pedido-de-extradicion-de-jones-huala\/\" \/>\n<meta property=\"og:site_name\" content=\"Patagonia Ambiental\" \/>\n<meta property=\"article:publisher\" content=\"https:\/\/www.facebook.com\/patagonia.ambiental\" \/>\n<meta property=\"article:author\" content=\"https:\/\/www.facebook.com\/share\/1C1V8Gv9BX\/?mibextid=qi2Omg\" \/>\n<meta property=\"article:published_time\" content=\"2017-11-07T22:00:31+00:00\" \/>\n<meta property=\"og:image\" content=\"https:\/\/patagoniambiental.com.ar\/info\/wp-content\/uploads\/2017\/11\/0028647237.jpg\" \/>\n\t<meta property=\"og:image:width\" content=\"790\" \/>\n\t<meta property=\"og:image:height\" content=\"444\" \/>\n\t<meta property=\"og:image:type\" content=\"image\/jpeg\" \/>\n<meta name=\"author\" content=\"Patagonia Ambiental\" \/>\n<meta name=\"twitter:card\" content=\"summary_large_image\" \/>\n<meta name=\"twitter:creator\" content=\"@PatAmb\" \/>\n<meta name=\"twitter:site\" content=\"@PatAmb\" \/>\n<script type=\"application\/ld+json\" class=\"yoast-schema-graph\">{\"@context\":\"https:\\\/\\\/schema.org\",\"@graph\":[{\"@type\":\"Article\",\"@id\":\"https:\\\/\\\/patagoniambiental.com.ar\\\/info\\\/una-comitiva-viaja-a-chile-para-requerir-que-se-anule-el-pedido-de-extradicion-de-jones-huala\\\/#article\",\"isPartOf\":{\"@id\":\"https:\\\/\\\/patagoniambiental.com.ar\\\/info\\\/una-comitiva-viaja-a-chile-para-requerir-que-se-anule-el-pedido-de-extradicion-de-jones-huala\\\/\"},\"author\":{\"name\":\"Patagonia Ambiental\",\"@id\":\"https:\\\/\\\/patagoniambiental.com.ar\\\/info\\\/#\\\/schema\\\/person\\\/db12bff64bbcbf6a253710bf0ea37b5d\"},\"headline\":\"Una comitiva viaja a Chile para requerir que se anule el pedido de extradici\u00f3n de Jones Huala\",\"datePublished\":\"2017-11-07T22:00:31+00:00\",\"mainEntityOfPage\":{\"@id\":\"https:\\\/\\\/patagoniambiental.com.ar\\\/info\\\/una-comitiva-viaja-a-chile-para-requerir-que-se-anule-el-pedido-de-extradicion-de-jones-huala\\\/\"},\"wordCount\":629,\"commentCount\":0,\"publisher\":{\"@id\":\"https:\\\/\\\/patagoniambiental.com.ar\\\/info\\\/#organization\"},\"image\":{\"@id\":\"https:\\\/\\\/patagoniambiental.com.ar\\\/info\\\/una-comitiva-viaja-a-chile-para-requerir-que-se-anule-el-pedido-de-extradicion-de-jones-huala\\\/#primaryimage\"},\"thumbnailUrl\":\"https:\\\/\\\/patagoniambiental.com.ar\\\/info\\\/wp-content\\\/uploads\\\/2017\\\/11\\\/0028647237.jpg\",\"articleSection\":[\"Internacionales\",\"Noticias\"],\"inLanguage\":\"es\",\"potentialAction\":[{\"@type\":\"CommentAction\",\"name\":\"Comment\",\"target\":[\"https:\\\/\\\/patagoniambiental.com.ar\\\/info\\\/una-comitiva-viaja-a-chile-para-requerir-que-se-anule-el-pedido-de-extradicion-de-jones-huala\\\/#respond\"]}]},{\"@type\":\"WebPage\",\"@id\":\"https:\\\/\\\/patagoniambiental.com.ar\\\/info\\\/una-comitiva-viaja-a-chile-para-requerir-que-se-anule-el-pedido-de-extradicion-de-jones-huala\\\/\",\"url\":\"https:\\\/\\\/patagoniambiental.com.ar\\\/info\\\/una-comitiva-viaja-a-chile-para-requerir-que-se-anule-el-pedido-de-extradicion-de-jones-huala\\\/\",\"name\":\"Una comitiva viaja a Chile para requerir que se anule el pedido de extradici\u00f3n de Jones Huala\",\"isPartOf\":{\"@id\":\"https:\\\/\\\/patagoniambiental.com.ar\\\/info\\\/#website\"},\"primaryImageOfPage\":{\"@id\":\"https:\\\/\\\/patagoniambiental.com.ar\\\/info\\\/una-comitiva-viaja-a-chile-para-requerir-que-se-anule-el-pedido-de-extradicion-de-jones-huala\\\/#primaryimage\"},\"image\":{\"@id\":\"https:\\\/\\\/patagoniambiental.com.ar\\\/info\\\/una-comitiva-viaja-a-chile-para-requerir-que-se-anule-el-pedido-de-extradicion-de-jones-huala\\\/#primaryimage\"},\"thumbnailUrl\":\"https:\\\/\\\/patagoniambiental.com.ar\\\/info\\\/wp-content\\\/uploads\\\/2017\\\/11\\\/0028647237.jpg\",\"datePublished\":\"2017-11-07T22:00:31+00:00\",\"breadcrumb\":{\"@id\":\"https:\\\/\\\/patagoniambiental.com.ar\\\/info\\\/una-comitiva-viaja-a-chile-para-requerir-que-se-anule-el-pedido-de-extradicion-de-jones-huala\\\/#breadcrumb\"},\"inLanguage\":\"es\",\"potentialAction\":[{\"@type\":\"ReadAction\",\"target\":[\"https:\\\/\\\/patagoniambiental.com.ar\\\/info\\\/una-comitiva-viaja-a-chile-para-requerir-que-se-anule-el-pedido-de-extradicion-de-jones-huala\\\/\"]}]},{\"@type\":\"ImageObject\",\"inLanguage\":\"es\",\"@id\":\"https:\\\/\\\/patagoniambiental.com.ar\\\/info\\\/una-comitiva-viaja-a-chile-para-requerir-que-se-anule-el-pedido-de-extradicion-de-jones-huala\\\/#primaryimage\",\"url\":\"https:\\\/\\\/patagoniambiental.com.ar\\\/info\\\/wp-content\\\/uploads\\\/2017\\\/11\\\/0028647237.jpg\",\"contentUrl\":\"https:\\\/\\\/patagoniambiental.com.ar\\\/info\\\/wp-content\\\/uploads\\\/2017\\\/11\\\/0028647237.jpg\",\"width\":790,\"height\":444},{\"@type\":\"BreadcrumbList\",\"@id\":\"https:\\\/\\\/patagoniambiental.com.ar\\\/info\\\/una-comitiva-viaja-a-chile-para-requerir-que-se-anule-el-pedido-de-extradicion-de-jones-huala\\\/#breadcrumb\",\"itemListElement\":[{\"@type\":\"ListItem\",\"position\":1,\"name\":\"Inicio\",\"item\":\"https:\\\/\\\/patagoniambiental.com.ar\\\/info\\\/\"},{\"@type\":\"ListItem\",\"position\":2,\"name\":\"Una comitiva viaja a Chile para requerir que se anule el pedido de extradici\u00f3n de Jones Huala\"}]},{\"@type\":\"WebSite\",\"@id\":\"https:\\\/\\\/patagoniambiental.com.ar\\\/info\\\/#website\",\"url\":\"https:\\\/\\\/patagoniambiental.com.ar\\\/info\\\/\",\"name\":\"Patagonia Ambiental\",\"description\":\"Monitoreo y an\u00e1lisis de la situaci\u00f3n geopol\u00edtica en el mundo y su implicancia en la Patagonia\",\"publisher\":{\"@id\":\"https:\\\/\\\/patagoniambiental.com.ar\\\/info\\\/#organization\"},\"potentialAction\":[{\"@type\":\"SearchAction\",\"target\":{\"@type\":\"EntryPoint\",\"urlTemplate\":\"https:\\\/\\\/patagoniambiental.com.ar\\\/info\\\/?s={search_term_string}\"},\"query-input\":{\"@type\":\"PropertyValueSpecification\",\"valueRequired\":true,\"valueName\":\"search_term_string\"}}],\"inLanguage\":\"es\"},{\"@type\":\"Organization\",\"@id\":\"https:\\\/\\\/patagoniambiental.com.ar\\\/info\\\/#organization\",\"name\":\"Patagonia Ambiental\",\"url\":\"https:\\\/\\\/patagoniambiental.com.ar\\\/info\\\/\",\"logo\":{\"@type\":\"ImageObject\",\"inLanguage\":\"es\",\"@id\":\"https:\\\/\\\/patagoniambiental.com.ar\\\/info\\\/#\\\/schema\\\/logo\\\/image\\\/\",\"url\":\"https:\\\/\\\/patagoniambiental.com.ar\\\/info\\\/wp-content\\\/uploads\\\/2025\\\/05\\\/LOGO-PATAGONIA-AMBIENTAL.png\",\"contentUrl\":\"https:\\\/\\\/patagoniambiental.com.ar\\\/info\\\/wp-content\\\/uploads\\\/2025\\\/05\\\/LOGO-PATAGONIA-AMBIENTAL.png\",\"width\":433,\"height\":250,\"caption\":\"Patagonia Ambiental\"},\"image\":{\"@id\":\"https:\\\/\\\/patagoniambiental.com.ar\\\/info\\\/#\\\/schema\\\/logo\\\/image\\\/\"},\"sameAs\":[\"https:\\\/\\\/www.facebook.com\\\/patagonia.ambiental\",\"https:\\\/\\\/x.com\\\/PatAmb\"]},{\"@type\":\"Person\",\"@id\":\"https:\\\/\\\/patagoniambiental.com.ar\\\/info\\\/#\\\/schema\\\/person\\\/db12bff64bbcbf6a253710bf0ea37b5d\",\"name\":\"Patagonia Ambiental\",\"description\":\"Andr\u00e9s Nievas T\u00e9cnico en manejo ambiental, consultor Ambiental y escritor para medios locales e internacionales sobre temas de geopolitica y medio ambiente.\",\"sameAs\":[\"http:\\\/\\\/www.patagoniambiental.com.ar\",\"https:\\\/\\\/www.facebook.com\\\/share\\\/1C1V8Gv9BX\\\/?mibextid=qi2Omg\",\"@patagoniambiental\",\"https:\\\/\\\/youtube.com\\\/@patagoniaambiental2023?si=BLt58t0wuXquxlYZ\"]}]}<\/script>\n<!-- \/ Yoast SEO Premium plugin. -->","yoast_head_json":{"title":"Una comitiva viaja a Chile para requerir que se anule el pedido de extradici\u00f3n de Jones Huala","robots":{"index":"index","follow":"follow","max-snippet":"max-snippet:-1","max-image-preview":"max-image-preview:large","max-video-preview":"max-video-preview:-1"},"canonical":"https:\/\/patagoniambiental.com.ar\/info\/una-comitiva-viaja-a-chile-para-requerir-que-se-anule-el-pedido-de-extradicion-de-jones-huala\/","og_locale":"es_ES","og_type":"article","og_title":"Una comitiva viaja a Chile para requerir que se anule el pedido de extradici\u00f3n de Jones Huala","og_description":"Chubut.-El grupo estar\u00e1 encabezado por Soraya Maico\u00f1o, vocera de la comunidad mapuche Resistencia Cushamen.","og_url":"https:\/\/patagoniambiental.com.ar\/info\/una-comitiva-viaja-a-chile-para-requerir-que-se-anule-el-pedido-de-extradicion-de-jones-huala\/","og_site_name":"Patagonia Ambiental","article_publisher":"https:\/\/www.facebook.com\/patagonia.ambiental","article_author":"https:\/\/www.facebook.com\/share\/1C1V8Gv9BX\/?mibextid=qi2Omg","article_published_time":"2017-11-07T22:00:31+00:00","og_image":[{"width":790,"height":444,"url":"https:\/\/patagoniambiental.com.ar\/info\/wp-content\/uploads\/2017\/11\/0028647237.jpg","type":"image\/jpeg"}],"author":"Patagonia Ambiental","twitter_card":"summary_large_image","twitter_creator":"@PatAmb","twitter_site":"@PatAmb","schema":{"@context":"https:\/\/schema.org","@graph":[{"@type":"Article","@id":"https:\/\/patagoniambiental.com.ar\/info\/una-comitiva-viaja-a-chile-para-requerir-que-se-anule-el-pedido-de-extradicion-de-jones-huala\/#article","isPartOf":{"@id":"https:\/\/patagoniambiental.com.ar\/info\/una-comitiva-viaja-a-chile-para-requerir-que-se-anule-el-pedido-de-extradicion-de-jones-huala\/"},"author":{"name":"Patagonia Ambiental","@id":"https:\/\/patagoniambiental.com.ar\/info\/#\/schema\/person\/db12bff64bbcbf6a253710bf0ea37b5d"},"headline":"Una comitiva viaja a Chile para requerir que se anule el pedido de extradici\u00f3n de Jones Huala","datePublished":"2017-11-07T22:00:31+00:00","mainEntityOfPage":{"@id":"https:\/\/patagoniambiental.com.ar\/info\/una-comitiva-viaja-a-chile-para-requerir-que-se-anule-el-pedido-de-extradicion-de-jones-huala\/"},"wordCount":629,"commentCount":0,"publisher":{"@id":"https:\/\/patagoniambiental.com.ar\/info\/#organization"},"image":{"@id":"https:\/\/patagoniambiental.com.ar\/info\/una-comitiva-viaja-a-chile-para-requerir-que-se-anule-el-pedido-de-extradicion-de-jones-huala\/#primaryimage"},"thumbnailUrl":"https:\/\/patagoniambiental.com.ar\/info\/wp-content\/uploads\/2017\/11\/0028647237.jpg","articleSection":["Internacionales","Noticias"],"inLanguage":"es","potentialAction":[{"@type":"CommentAction","name":"Comment","target":["https:\/\/patagoniambiental.com.ar\/info\/una-comitiva-viaja-a-chile-para-requerir-que-se-anule-el-pedido-de-extradicion-de-jones-huala\/#respond"]}]},{"@type":"WebPage","@id":"https:\/\/patagoniambiental.com.ar\/info\/una-comitiva-viaja-a-chile-para-requerir-que-se-anule-el-pedido-de-extradicion-de-jones-huala\/","url":"https:\/\/patagoniambiental.com.ar\/info\/una-comitiva-viaja-a-chile-para-requerir-que-se-anule-el-pedido-de-extradicion-de-jones-huala\/","name":"Una comitiva viaja a Chile para requerir que se anule el pedido de extradici\u00f3n de Jones Huala","isPartOf":{"@id":"https:\/\/patagoniambiental.com.ar\/info\/#website"},"primaryImageOfPage":{"@id":"https:\/\/patagoniambiental.com.ar\/info\/una-comitiva-viaja-a-chile-para-requerir-que-se-anule-el-pedido-de-extradicion-de-jones-huala\/#primaryimage"},"image":{"@id":"https:\/\/patagoniambiental.com.ar\/info\/una-comitiva-viaja-a-chile-para-requerir-que-se-anule-el-pedido-de-extradicion-de-jones-huala\/#primaryimage"},"thumbnailUrl":"https:\/\/patagoniambiental.com.ar\/info\/wp-content\/uploads\/2017\/11\/0028647237.jpg","datePublished":"2017-11-07T22:00:31+00:00","breadcrumb":{"@id":"https:\/\/patagoniambiental.com.ar\/info\/una-comitiva-viaja-a-chile-para-requerir-que-se-anule-el-pedido-de-extradicion-de-jones-huala\/#breadcrumb"},"inLanguage":"es","potentialAction":[{"@type":"ReadAction","target":["https:\/\/patagoniambiental.com.ar\/info\/una-comitiva-viaja-a-chile-para-requerir-que-se-anule-el-pedido-de-extradicion-de-jones-huala\/"]}]},{"@type":"ImageObject","inLanguage":"es","@id":"https:\/\/patagoniambiental.com.ar\/info\/una-comitiva-viaja-a-chile-para-requerir-que-se-anule-el-pedido-de-extradicion-de-jones-huala\/#primaryimage","url":"https:\/\/patagoniambiental.com.ar\/info\/wp-content\/uploads\/2017\/11\/0028647237.jpg","contentUrl":"https:\/\/patagoniambiental.com.ar\/info\/wp-content\/uploads\/2017\/11\/0028647237.jpg","width":790,"height":444},{"@type":"BreadcrumbList","@id":"https:\/\/patagoniambiental.com.ar\/info\/una-comitiva-viaja-a-chile-para-requerir-que-se-anule-el-pedido-de-extradicion-de-jones-huala\/#breadcrumb","itemListElement":[{"@type":"ListItem","position":1,"name":"Inicio","item":"https:\/\/patagoniambiental.com.ar\/info\/"},{"@type":"ListItem","position":2,"name":"Una comitiva viaja a Chile para requerir que se anule el pedido de extradici\u00f3n de Jones Huala"}]},{"@type":"WebSite","@id":"https:\/\/patagoniambiental.com.ar\/info\/#website","url":"https:\/\/patagoniambiental.com.ar\/info\/","name":"Patagonia Ambiental","description":"Monitoreo y an\u00e1lisis de la situaci\u00f3n geopol\u00edtica en el mundo y su implicancia en la Patagonia","publisher":{"@id":"https:\/\/patagoniambiental.com.ar\/info\/#organization"},"potentialAction":[{"@type":"SearchAction","target":{"@type":"EntryPoint","urlTemplate":"https:\/\/patagoniambiental.com.ar\/info\/?s={search_term_string}"},"query-input":{"@type":"PropertyValueSpecification","valueRequired":true,"valueName":"search_term_string"}}],"inLanguage":"es"},{"@type":"Organization","@id":"https:\/\/patagoniambiental.com.ar\/info\/#organization","name":"Patagonia Ambiental","url":"https:\/\/patagoniambiental.com.ar\/info\/","logo":{"@type":"ImageObject","inLanguage":"es","@id":"https:\/\/patagoniambiental.com.ar\/info\/#\/schema\/logo\/image\/","url":"https:\/\/patagoniambiental.com.ar\/info\/wp-content\/uploads\/2025\/05\/LOGO-PATAGONIA-AMBIENTAL.png","contentUrl":"https:\/\/patagoniambiental.com.ar\/info\/wp-content\/uploads\/2025\/05\/LOGO-PATAGONIA-AMBIENTAL.png","width":433,"height":250,"caption":"Patagonia Ambiental"},"image":{"@id":"https:\/\/patagoniambiental.com.ar\/info\/#\/schema\/logo\/image\/"},"sameAs":["https:\/\/www.facebook.com\/patagonia.ambiental","https:\/\/x.com\/PatAmb"]},{"@type":"Person","@id":"https:\/\/patagoniambiental.com.ar\/info\/#\/schema\/person\/db12bff64bbcbf6a253710bf0ea37b5d","name":"Patagonia Ambiental","description":"Andr\u00e9s Nievas T\u00e9cnico en manejo ambiental, consultor Ambiental y escritor para medios locales e internacionales sobre temas de geopolitica y medio ambiente.","sameAs":["http:\/\/www.patagoniambiental.com.ar","https:\/\/www.facebook.com\/share\/1C1V8Gv9BX\/?mibextid=qi2Omg","@patagoniambiental","https:\/\/youtube.com\/@patagoniaambiental2023?si=BLt58t0wuXquxlYZ"]}]}},"_links":{"self":[{"href":"https:\/\/patagoniambiental.com.ar\/info\/wp-json\/wp\/v2\/posts\/37770","targetHints":{"allow":["GET"]}}],"collection":[{"href":"https:\/\/patagoniambiental.com.ar\/info\/wp-json\/wp\/v2\/posts"}],"about":[{"href":"https:\/\/patagoniambiental.com.ar\/info\/wp-json\/wp\/v2\/types\/post"}],"author":[{"embeddable":true,"href":"https:\/\/patagoniambiental.com.ar\/info\/wp-json\/wp\/v2\/users\/2"}],"replies":[{"embeddable":true,"href":"https:\/\/patagoniambiental.com.ar\/info\/wp-json\/wp\/v2\/comments?post=37770"}],"version-history":[{"count":0,"href":"https:\/\/patagoniambiental.com.ar\/info\/wp-json\/wp\/v2\/posts\/37770\/revisions"}],"wp:featuredmedia":[{"embeddable":true,"href":"https:\/\/patagoniambiental.com.ar\/info\/wp-json\/wp\/v2\/media\/37771"}],"wp:attachment":[{"href":"https:\/\/patagoniambiental.com.ar\/info\/wp-json\/wp\/v2\/media?parent=37770"}],"wp:term":[{"taxonomy":"category","embeddable":true,"href":"https:\/\/patagoniambiental.com.ar\/info\/wp-json\/wp\/v2\/categories?post=37770"},{"taxonomy":"post_tag","embeddable":true,"href":"https:\/\/patagoniambiental.com.ar\/info\/wp-json\/wp\/v2\/tags?post=37770"}],"curies":[{"name":"wp","href":"https:\/\/api.w.org\/{rel}","templated":true}]}}