{"id":37773,"date":"2017-11-08T09:00:10","date_gmt":"2017-11-08T12:00:10","guid":{"rendered":"http:\/\/patagoniambiental.com.ar\/info\/?p=37773"},"modified":"2017-11-08T07:37:32","modified_gmt":"2017-11-08T10:37:32","slug":"santa-fe-es-la-primera-provincia-en-comprometerse-en-reducir-gases-de-efecto-invernadero","status":"publish","type":"post","link":"https:\/\/patagoniambiental.com.ar\/info\/santa-fe-es-la-primera-provincia-en-comprometerse-en-reducir-gases-de-efecto-invernadero\/","title":{"rendered":"Santa Fe es la primera provincia en comprometerse en reducir gases de efecto invernadero"},"content":{"rendered":"<header class=\"detail-header \">\n<p class=\"news-header-sub-title\">A trav\u00e9s de la Secretar\u00eda de Estado de la Energ\u00eda, se firm\u00f3 en California, Estados Unidos, el Acuerdo de Colaboraci\u00f3n Mundial ante el cambio clim\u00e1tico \u00abUnder2 MOU\u00bb. La acci\u00f3n se realiz\u00f3 en el marco de la Misi\u00f3n Comercial y de Energ\u00edas Renovables que funcionarios del gobierno provincial concretan en ese estado.<\/p>\n<\/header>\n<div class=\"social-bar-detail clearfix\">\u00a0Con la firma del Memor\u00e1ndum de Entendimiento (MOU), Santa Fe se convierte en la primera provincia de Argentina en comprometerse con los objetivos propuestos por la organizaci\u00f3n mundial Under2 MOU: la reducci\u00f3n de emisiones de gases de efecto invernadero (GEI) para 2050, que permitir\u00e1 limitar el calentamiento global a menos de 2 grados cent\u00edgrados.<\/p>\n<div class=\"detail-body news-content \">\n<div class=\"news-body\">\n<div class=\"news-paragraph cuerpo\">\n<div><\/div>\n<div class=\"teads-inread\">\n<div id=\"teads0\" class=\"teads-player\">Adem\u00e1s, este acuerdo establece que \u00abpara lograr las metas en materia de emisiones de GEI, los participantes se abocar\u00e1n a mejoras importantes en su eficiencia energ\u00e9tica y un desarrollo integral de energ\u00edas renovables\u00bb, camino que ya comenz\u00f3 a transitar la provincia de Santa Fe con las acciones que se concretan desde la Secretar\u00eda de Estado de la Energ\u00eda.<\/div>\n<\/div>\n<div><\/div>\n<div>Al respecto, Geese explic\u00f3 que \u00abcada participante propone sus estrategias para la implementaci\u00f3n y el logro de sus metas\u00bb y record\u00f3 que \u00abdesde la provincia ya concretamos la Convocatoria a Inversiones en Proyecto de Energ\u00edas Renovables para acompa\u00f1ar a las industrias, empresas y productores interesados en utilizar sus residuos y efluentes que contaminan el ambiente para generar energ\u00eda. Tambi\u00e9n asesoramos a quienes quieran invertir en proyectos para aprovechar la energ\u00eda solar y e\u00f3lica\u00bb.<\/div>\n<div><\/div>\n<div>La secretaria de Estado remarc\u00f3 tambi\u00e9n que \u00abestas pol\u00edticas son fundamentales para mejorar la calidad de vida y la salud de los santafesinos reduciendo las emisiones de gases contaminantes al ambiente. Tratando los residuos para generar energ\u00eda evitamos el contacto con agentes t\u00f3xicos que nos enferman a todos y tienen un alto costo para la salud p\u00fablica\u00bb.<\/div>\n<div><\/div>\n<div>En tanto, el subsecretario de Energ\u00edas Renovables, Maximiliano Neri, anticip\u00f3 que en los pr\u00f3ximos d\u00edas se presentar\u00e1n \u00ablos detalles del Inventario de Gases de Efecto Invernadero que se realizar\u00e1 en la provincia junto con el Ministerio de Medio Ambiente\u00bb.<\/div>\n<div><\/div>\n<div>Adem\u00e1s, se\u00f1al\u00f3 que junto al Ministerio de Trabajo se est\u00e1n \u00abrealizando capacitaciones para generar la mano de obra necesaria en el desarrollo Bioenerg\u00edas y Econom\u00edas Verdes, que nos permitan completar el Ecosistema de las energ\u00edas renovables agregando valor a las producciones primarias\u00bb.<\/div>\n<div><\/div>\n<div>Neri resalt\u00f3 que Santa Fe \u00abva por buen camino, ya que implementamos programas pioneros en energ\u00edas renovables en el pa\u00eds, entre ellos, Prosumidores, Educaci\u00f3n Energ\u00e9tica y Producci\u00f3n + Energ\u00e9tica, que son tomados como ejemplo por otras provincias\u00bb.<\/div>\n<div><\/div>\n<div><b>Los presentes<\/b><\/div>\n<div><\/div>\n<div>En el acto de r\u00fabrica del Memor\u00e1ndum, que se realiz\u00f3 en la Agencia de Protecci\u00f3n Ambiental de California (CalEPA), tambi\u00e9n estuvieron presentes el director de la oficina del gobernador en Planeamiento e Investigaci\u00f3n y Asesor en Pol\u00edticas P\u00fablicas del gobernador de California, Ken Alex; la coordinadora de Proyecto de la Coalici\u00f3n Under2, Taryn Akiyama; y la encargada de Relaciones Intergubernamentales de la CalEPA, Heather Hickerson.<\/div>\n<div><\/div>\n<div><b>\u00bfQu\u00e9 es el \u00abUnder2 MOU\u00bb?<\/b><\/div>\n<div><\/div>\n<div>El Acuerdo de Colaboraci\u00f3n (ADC) en Materia de Liderazgo Mundial ante el cambio clim\u00e1tico, llamado en ingl\u00e9s \u00abUnder2 MOU\u00bb, es una iniciativa por la que gobiernos subnacionales se comprometen a adoptar metas de reducci\u00f3n de emisiones acordes con la mejor ciencia disponible y, de esta manera, contribuir a aumentar el nivel de ambici\u00f3n internacional en la Conferencia de Par\u00eds sobre Cambio Clim\u00e1tico (COP21).<\/div>\n<div><\/div>\n<div>Cada miembro del ADC se compromete a reducir las emisiones entre un 80 y un 95 por ciento para 2050, por debajo de los niveles de 1990; o bien a hacer que las emisiones per c\u00e1pita est\u00e9n por debajo de las dos toneladas m\u00e9tricas. Este es el nivel de reducci\u00f3n de emisiones que se considera necesario para limitar el aumento de la temperatura media a menos de 2\u00b0C para finales de este siglo.<\/div>\n<div><\/div>\n<div><b>Qui\u00e9nes ya firmaron el acuerdo en Latinoam\u00e9rica<\/b><\/div>\n<div><\/div>\n<div>\n<ul>\n<li><b>Argentina:<\/b>\u00a0provincia de Santa Fe<\/li>\n<li><b>Brasil:<\/b>\u00a0Acre, Amazonas, Mato Grosso, Pernambuco, Rond\u00f4nia, S\u00e3o Paulo City, S\u00e3o Paulo State y Tocantins<\/li>\n<li><b>Chile:<\/b>\u00a0Santiago de Chile<\/li>\n<li><b>Per\u00fa:<\/b>\u00a0Loreto, San Mart\u00edn y Ucayali<\/li>\n<li><b>Colombia:<\/b>\u00a0Guain\u00eda y Guaviare<\/li>\n<li><b>M\u00e9xico:\u00a0<\/b>Aguascalientes, Baja California, Chiapas, Hidalgo, Jalisco, ciudad de M\u00e9xico, estado de M\u00e9xico, Michoac\u00e1n, Quintana Roo, Tabasco y Yucat\u00e1n<\/li>\n<\/ul>\n<\/div>\n<\/div>\n<\/div>\n<\/div>\n<div class=\"banner\">\u00a0Fuente:\u00a0https:\/\/www.unosantafe.com.ar\/santa-fe\/santa-fe-es-la-primera-provincia-comprometerse-reducir-gases-efecto-invernadero-n1501972.html<\/div>\n<\/div>\n","protected":false},"excerpt":{"rendered":"<p>A trav\u00e9s de la Secretar\u00eda de Estado de la Energ\u00eda, se firm\u00f3 en California, Estados Unidos, el Acuerdo de Colaboraci\u00f3n [&hellip;]<\/p>\n","protected":false},"author":2,"featured_media":37774,"comment_status":"open","ping_status":"open","sticky":false,"template":"","format":"standard","meta":{"site-sidebar-layout":"default","site-content-layout":"","ast-site-content-layout":"default","site-content-style":"default","site-sidebar-style":"default","ast-global-header-display":"","ast-banner-title-visibility":"","ast-main-header-display":"","ast-hfb-above-header-display":"","ast-hfb-below-header-display":"","ast-hfb-mobile-header-display":"","site-post-title":"","ast-breadcrumbs-content":"","ast-featured-img":"","footer-sml-layout":"","ast-disable-related-posts":"","theme-transparent-header-meta":"","adv-header-id-meta":"","stick-header-meta":"","header-above-stick-meta":"","header-main-stick-meta":"","header-below-stick-meta":"","astra-migrate-meta-layouts":"default","ast-page-background-enabled":"default","ast-page-background-meta":{"desktop":{"background-color":"var(--ast-global-color-5)","background-image":"","background-repeat":"repeat","background-position":"center center","background-size":"auto","background-attachment":"scroll","background-type":"","background-media":"","overlay-type":"","overlay-color":"","overlay-opacity":"","overlay-gradient":""},"tablet":{"background-color":"","background-image":"","background-repeat":"repeat","background-position":"center center","background-size":"auto","background-attachment":"scroll","background-type":"","background-media":"","overlay-type":"","overlay-color":"","overlay-opacity":"","overlay-gradient":""},"mobile":{"background-color":"","background-image":"","background-repeat":"repeat","background-position":"center center","background-size":"auto","background-attachment":"scroll","background-type":"","background-media":"","overlay-type":"","overlay-color":"","overlay-opacity":"","overlay-gradient":""}},"ast-content-background-meta":{"desktop":{"background-color":"var(--ast-global-color-4)","background-image":"","background-repeat":"repeat","background-position":"center center","background-size":"auto","background-attachment":"scroll","background-type":"","background-media":"","overlay-type":"","overlay-color":"","overlay-opacity":"","overlay-gradient":""},"tablet":{"background-color":"var(--ast-global-color-4)","background-image":"","background-repeat":"repeat","background-position":"center center","background-size":"auto","background-attachment":"scroll","background-type":"","background-media":"","overlay-type":"","overlay-color":"","overlay-opacity":"","overlay-gradient":""},"mobile":{"background-color":"var(--ast-global-color-4)","background-image":"","background-repeat":"repeat","background-position":"center center","background-size":"auto","background-attachment":"scroll","background-type":"","background-media":"","overlay-type":"","overlay-color":"","overlay-opacity":"","overlay-gradient":""}},"footnotes":""},"categories":[1],"tags":[],"class_list":["post-37773","post","type-post","status-publish","format-standard","has-post-thumbnail","hentry","category-noticias"],"yoast_head":"<!-- This site is optimized with the Yoast SEO Premium plugin v23.0 (Yoast SEO v27.4) - https:\/\/yoast.com\/product\/yoast-seo-premium-wordpress\/ -->\n<title>Santa Fe es la primera provincia en comprometerse en reducir gases de efecto invernadero<\/title>\n<meta name=\"robots\" content=\"index, follow, max-snippet:-1, max-image-preview:large, max-video-preview:-1\" \/>\n<link rel=\"canonical\" href=\"https:\/\/patagoniambiental.com.ar\/info\/santa-fe-es-la-primera-provincia-en-comprometerse-en-reducir-gases-de-efecto-invernadero\/\" \/>\n<meta property=\"og:locale\" content=\"es_ES\" \/>\n<meta property=\"og:type\" content=\"article\" \/>\n<meta property=\"og:title\" content=\"Santa Fe es la primera provincia en comprometerse en reducir gases de efecto invernadero\" \/>\n<meta property=\"og:description\" content=\"A trav\u00e9s de la Secretar\u00eda de Estado de la Energ\u00eda, se firm\u00f3 en California, Estados Unidos, el Acuerdo de Colaboraci\u00f3n [&hellip;]\" \/>\n<meta property=\"og:url\" content=\"https:\/\/patagoniambiental.com.ar\/info\/santa-fe-es-la-primera-provincia-en-comprometerse-en-reducir-gases-de-efecto-invernadero\/\" \/>\n<meta property=\"og:site_name\" content=\"Patagonia Ambiental\" \/>\n<meta property=\"article:publisher\" content=\"https:\/\/www.facebook.com\/patagonia.ambiental\" \/>\n<meta property=\"article:author\" content=\"https:\/\/www.facebook.com\/share\/1C1V8Gv9BX\/?mibextid=qi2Omg\" \/>\n<meta property=\"article:published_time\" content=\"2017-11-08T12:00:10+00:00\" \/>\n<meta property=\"og:image\" content=\"https:\/\/patagoniambiental.com.ar\/info\/wp-content\/uploads\/2017\/11\/santa-fe.jpg\" \/>\n\t<meta property=\"og:image:width\" content=\"642\" \/>\n\t<meta property=\"og:image:height\" content=\"361\" \/>\n\t<meta property=\"og:image:type\" content=\"image\/jpeg\" \/>\n<meta name=\"author\" content=\"Patagonia Ambiental\" \/>\n<meta name=\"twitter:card\" content=\"summary_large_image\" \/>\n<meta name=\"twitter:creator\" content=\"@PatAmb\" \/>\n<meta name=\"twitter:site\" content=\"@PatAmb\" \/>\n<script type=\"application\/ld+json\" class=\"yoast-schema-graph\">{\"@context\":\"https:\\\/\\\/schema.org\",\"@graph\":[{\"@type\":\"Article\",\"@id\":\"https:\\\/\\\/patagoniambiental.com.ar\\\/info\\\/santa-fe-es-la-primera-provincia-en-comprometerse-en-reducir-gases-de-efecto-invernadero\\\/#article\",\"isPartOf\":{\"@id\":\"https:\\\/\\\/patagoniambiental.com.ar\\\/info\\\/santa-fe-es-la-primera-provincia-en-comprometerse-en-reducir-gases-de-efecto-invernadero\\\/\"},\"author\":{\"name\":\"Patagonia Ambiental\",\"@id\":\"https:\\\/\\\/patagoniambiental.com.ar\\\/info\\\/#\\\/schema\\\/person\\\/db12bff64bbcbf6a253710bf0ea37b5d\"},\"headline\":\"Santa Fe es la primera provincia en comprometerse en reducir gases de efecto invernadero\",\"datePublished\":\"2017-11-08T12:00:10+00:00\",\"mainEntityOfPage\":{\"@id\":\"https:\\\/\\\/patagoniambiental.com.ar\\\/info\\\/santa-fe-es-la-primera-provincia-en-comprometerse-en-reducir-gases-de-efecto-invernadero\\\/\"},\"wordCount\":772,\"commentCount\":0,\"publisher\":{\"@id\":\"https:\\\/\\\/patagoniambiental.com.ar\\\/info\\\/#organization\"},\"image\":{\"@id\":\"https:\\\/\\\/patagoniambiental.com.ar\\\/info\\\/santa-fe-es-la-primera-provincia-en-comprometerse-en-reducir-gases-de-efecto-invernadero\\\/#primaryimage\"},\"thumbnailUrl\":\"https:\\\/\\\/patagoniambiental.com.ar\\\/info\\\/wp-content\\\/uploads\\\/2017\\\/11\\\/santa-fe.jpg\",\"articleSection\":[\"Noticias\"],\"inLanguage\":\"es\",\"potentialAction\":[{\"@type\":\"CommentAction\",\"name\":\"Comment\",\"target\":[\"https:\\\/\\\/patagoniambiental.com.ar\\\/info\\\/santa-fe-es-la-primera-provincia-en-comprometerse-en-reducir-gases-de-efecto-invernadero\\\/#respond\"]}]},{\"@type\":\"WebPage\",\"@id\":\"https:\\\/\\\/patagoniambiental.com.ar\\\/info\\\/santa-fe-es-la-primera-provincia-en-comprometerse-en-reducir-gases-de-efecto-invernadero\\\/\",\"url\":\"https:\\\/\\\/patagoniambiental.com.ar\\\/info\\\/santa-fe-es-la-primera-provincia-en-comprometerse-en-reducir-gases-de-efecto-invernadero\\\/\",\"name\":\"Santa Fe es la primera provincia en comprometerse en reducir gases de efecto invernadero\",\"isPartOf\":{\"@id\":\"https:\\\/\\\/patagoniambiental.com.ar\\\/info\\\/#website\"},\"primaryImageOfPage\":{\"@id\":\"https:\\\/\\\/patagoniambiental.com.ar\\\/info\\\/santa-fe-es-la-primera-provincia-en-comprometerse-en-reducir-gases-de-efecto-invernadero\\\/#primaryimage\"},\"image\":{\"@id\":\"https:\\\/\\\/patagoniambiental.com.ar\\\/info\\\/santa-fe-es-la-primera-provincia-en-comprometerse-en-reducir-gases-de-efecto-invernadero\\\/#primaryimage\"},\"thumbnailUrl\":\"https:\\\/\\\/patagoniambiental.com.ar\\\/info\\\/wp-content\\\/uploads\\\/2017\\\/11\\\/santa-fe.jpg\",\"datePublished\":\"2017-11-08T12:00:10+00:00\",\"breadcrumb\":{\"@id\":\"https:\\\/\\\/patagoniambiental.com.ar\\\/info\\\/santa-fe-es-la-primera-provincia-en-comprometerse-en-reducir-gases-de-efecto-invernadero\\\/#breadcrumb\"},\"inLanguage\":\"es\",\"potentialAction\":[{\"@type\":\"ReadAction\",\"target\":[\"https:\\\/\\\/patagoniambiental.com.ar\\\/info\\\/santa-fe-es-la-primera-provincia-en-comprometerse-en-reducir-gases-de-efecto-invernadero\\\/\"]}]},{\"@type\":\"ImageObject\",\"inLanguage\":\"es\",\"@id\":\"https:\\\/\\\/patagoniambiental.com.ar\\\/info\\\/santa-fe-es-la-primera-provincia-en-comprometerse-en-reducir-gases-de-efecto-invernadero\\\/#primaryimage\",\"url\":\"https:\\\/\\\/patagoniambiental.com.ar\\\/info\\\/wp-content\\\/uploads\\\/2017\\\/11\\\/santa-fe.jpg\",\"contentUrl\":\"https:\\\/\\\/patagoniambiental.com.ar\\\/info\\\/wp-content\\\/uploads\\\/2017\\\/11\\\/santa-fe.jpg\",\"width\":642,\"height\":361},{\"@type\":\"BreadcrumbList\",\"@id\":\"https:\\\/\\\/patagoniambiental.com.ar\\\/info\\\/santa-fe-es-la-primera-provincia-en-comprometerse-en-reducir-gases-de-efecto-invernadero\\\/#breadcrumb\",\"itemListElement\":[{\"@type\":\"ListItem\",\"position\":1,\"name\":\"Inicio\",\"item\":\"https:\\\/\\\/patagoniambiental.com.ar\\\/info\\\/\"},{\"@type\":\"ListItem\",\"position\":2,\"name\":\"Santa Fe es la primera provincia en comprometerse en reducir gases de efecto invernadero\"}]},{\"@type\":\"WebSite\",\"@id\":\"https:\\\/\\\/patagoniambiental.com.ar\\\/info\\\/#website\",\"url\":\"https:\\\/\\\/patagoniambiental.com.ar\\\/info\\\/\",\"name\":\"Patagonia Ambiental\",\"description\":\"Monitoreo y an\u00e1lisis de la situaci\u00f3n geopol\u00edtica en el mundo y su implicancia en la Patagonia\",\"publisher\":{\"@id\":\"https:\\\/\\\/patagoniambiental.com.ar\\\/info\\\/#organization\"},\"potentialAction\":[{\"@type\":\"SearchAction\",\"target\":{\"@type\":\"EntryPoint\",\"urlTemplate\":\"https:\\\/\\\/patagoniambiental.com.ar\\\/info\\\/?s={search_term_string}\"},\"query-input\":{\"@type\":\"PropertyValueSpecification\",\"valueRequired\":true,\"valueName\":\"search_term_string\"}}],\"inLanguage\":\"es\"},{\"@type\":\"Organization\",\"@id\":\"https:\\\/\\\/patagoniambiental.com.ar\\\/info\\\/#organization\",\"name\":\"Patagonia Ambiental\",\"url\":\"https:\\\/\\\/patagoniambiental.com.ar\\\/info\\\/\",\"logo\":{\"@type\":\"ImageObject\",\"inLanguage\":\"es\",\"@id\":\"https:\\\/\\\/patagoniambiental.com.ar\\\/info\\\/#\\\/schema\\\/logo\\\/image\\\/\",\"url\":\"https:\\\/\\\/patagoniambiental.com.ar\\\/info\\\/wp-content\\\/uploads\\\/2025\\\/05\\\/LOGO-PATAGONIA-AMBIENTAL.png\",\"contentUrl\":\"https:\\\/\\\/patagoniambiental.com.ar\\\/info\\\/wp-content\\\/uploads\\\/2025\\\/05\\\/LOGO-PATAGONIA-AMBIENTAL.png\",\"width\":433,\"height\":250,\"caption\":\"Patagonia Ambiental\"},\"image\":{\"@id\":\"https:\\\/\\\/patagoniambiental.com.ar\\\/info\\\/#\\\/schema\\\/logo\\\/image\\\/\"},\"sameAs\":[\"https:\\\/\\\/www.facebook.com\\\/patagonia.ambiental\",\"https:\\\/\\\/x.com\\\/PatAmb\"]},{\"@type\":\"Person\",\"@id\":\"https:\\\/\\\/patagoniambiental.com.ar\\\/info\\\/#\\\/schema\\\/person\\\/db12bff64bbcbf6a253710bf0ea37b5d\",\"name\":\"Patagonia Ambiental\",\"description\":\"Andr\u00e9s Nievas T\u00e9cnico en manejo ambiental, consultor Ambiental y escritor para medios locales e internacionales sobre temas de geopolitica y medio ambiente.\",\"sameAs\":[\"http:\\\/\\\/www.patagoniambiental.com.ar\",\"https:\\\/\\\/www.facebook.com\\\/share\\\/1C1V8Gv9BX\\\/?mibextid=qi2Omg\",\"@patagoniambiental\",\"https:\\\/\\\/youtube.com\\\/@patagoniaambiental2023?si=BLt58t0wuXquxlYZ\"]}]}<\/script>\n<!-- \/ Yoast SEO Premium plugin. -->","yoast_head_json":{"title":"Santa Fe es la primera provincia en comprometerse en reducir gases de efecto invernadero","robots":{"index":"index","follow":"follow","max-snippet":"max-snippet:-1","max-image-preview":"max-image-preview:large","max-video-preview":"max-video-preview:-1"},"canonical":"https:\/\/patagoniambiental.com.ar\/info\/santa-fe-es-la-primera-provincia-en-comprometerse-en-reducir-gases-de-efecto-invernadero\/","og_locale":"es_ES","og_type":"article","og_title":"Santa Fe es la primera provincia en comprometerse en reducir gases de efecto invernadero","og_description":"A trav\u00e9s de la Secretar\u00eda de Estado de la Energ\u00eda, se firm\u00f3 en California, Estados Unidos, el Acuerdo de Colaboraci\u00f3n [&hellip;]","og_url":"https:\/\/patagoniambiental.com.ar\/info\/santa-fe-es-la-primera-provincia-en-comprometerse-en-reducir-gases-de-efecto-invernadero\/","og_site_name":"Patagonia Ambiental","article_publisher":"https:\/\/www.facebook.com\/patagonia.ambiental","article_author":"https:\/\/www.facebook.com\/share\/1C1V8Gv9BX\/?mibextid=qi2Omg","article_published_time":"2017-11-08T12:00:10+00:00","og_image":[{"width":642,"height":361,"url":"https:\/\/patagoniambiental.com.ar\/info\/wp-content\/uploads\/2017\/11\/santa-fe.jpg","type":"image\/jpeg"}],"author":"Patagonia Ambiental","twitter_card":"summary_large_image","twitter_creator":"@PatAmb","twitter_site":"@PatAmb","schema":{"@context":"https:\/\/schema.org","@graph":[{"@type":"Article","@id":"https:\/\/patagoniambiental.com.ar\/info\/santa-fe-es-la-primera-provincia-en-comprometerse-en-reducir-gases-de-efecto-invernadero\/#article","isPartOf":{"@id":"https:\/\/patagoniambiental.com.ar\/info\/santa-fe-es-la-primera-provincia-en-comprometerse-en-reducir-gases-de-efecto-invernadero\/"},"author":{"name":"Patagonia Ambiental","@id":"https:\/\/patagoniambiental.com.ar\/info\/#\/schema\/person\/db12bff64bbcbf6a253710bf0ea37b5d"},"headline":"Santa Fe es la primera provincia en comprometerse en reducir gases de efecto invernadero","datePublished":"2017-11-08T12:00:10+00:00","mainEntityOfPage":{"@id":"https:\/\/patagoniambiental.com.ar\/info\/santa-fe-es-la-primera-provincia-en-comprometerse-en-reducir-gases-de-efecto-invernadero\/"},"wordCount":772,"commentCount":0,"publisher":{"@id":"https:\/\/patagoniambiental.com.ar\/info\/#organization"},"image":{"@id":"https:\/\/patagoniambiental.com.ar\/info\/santa-fe-es-la-primera-provincia-en-comprometerse-en-reducir-gases-de-efecto-invernadero\/#primaryimage"},"thumbnailUrl":"https:\/\/patagoniambiental.com.ar\/info\/wp-content\/uploads\/2017\/11\/santa-fe.jpg","articleSection":["Noticias"],"inLanguage":"es","potentialAction":[{"@type":"CommentAction","name":"Comment","target":["https:\/\/patagoniambiental.com.ar\/info\/santa-fe-es-la-primera-provincia-en-comprometerse-en-reducir-gases-de-efecto-invernadero\/#respond"]}]},{"@type":"WebPage","@id":"https:\/\/patagoniambiental.com.ar\/info\/santa-fe-es-la-primera-provincia-en-comprometerse-en-reducir-gases-de-efecto-invernadero\/","url":"https:\/\/patagoniambiental.com.ar\/info\/santa-fe-es-la-primera-provincia-en-comprometerse-en-reducir-gases-de-efecto-invernadero\/","name":"Santa Fe es la primera provincia en comprometerse en reducir gases de efecto invernadero","isPartOf":{"@id":"https:\/\/patagoniambiental.com.ar\/info\/#website"},"primaryImageOfPage":{"@id":"https:\/\/patagoniambiental.com.ar\/info\/santa-fe-es-la-primera-provincia-en-comprometerse-en-reducir-gases-de-efecto-invernadero\/#primaryimage"},"image":{"@id":"https:\/\/patagoniambiental.com.ar\/info\/santa-fe-es-la-primera-provincia-en-comprometerse-en-reducir-gases-de-efecto-invernadero\/#primaryimage"},"thumbnailUrl":"https:\/\/patagoniambiental.com.ar\/info\/wp-content\/uploads\/2017\/11\/santa-fe.jpg","datePublished":"2017-11-08T12:00:10+00:00","breadcrumb":{"@id":"https:\/\/patagoniambiental.com.ar\/info\/santa-fe-es-la-primera-provincia-en-comprometerse-en-reducir-gases-de-efecto-invernadero\/#breadcrumb"},"inLanguage":"es","potentialAction":[{"@type":"ReadAction","target":["https:\/\/patagoniambiental.com.ar\/info\/santa-fe-es-la-primera-provincia-en-comprometerse-en-reducir-gases-de-efecto-invernadero\/"]}]},{"@type":"ImageObject","inLanguage":"es","@id":"https:\/\/patagoniambiental.com.ar\/info\/santa-fe-es-la-primera-provincia-en-comprometerse-en-reducir-gases-de-efecto-invernadero\/#primaryimage","url":"https:\/\/patagoniambiental.com.ar\/info\/wp-content\/uploads\/2017\/11\/santa-fe.jpg","contentUrl":"https:\/\/patagoniambiental.com.ar\/info\/wp-content\/uploads\/2017\/11\/santa-fe.jpg","width":642,"height":361},{"@type":"BreadcrumbList","@id":"https:\/\/patagoniambiental.com.ar\/info\/santa-fe-es-la-primera-provincia-en-comprometerse-en-reducir-gases-de-efecto-invernadero\/#breadcrumb","itemListElement":[{"@type":"ListItem","position":1,"name":"Inicio","item":"https:\/\/patagoniambiental.com.ar\/info\/"},{"@type":"ListItem","position":2,"name":"Santa Fe es la primera provincia en comprometerse en reducir gases de efecto invernadero"}]},{"@type":"WebSite","@id":"https:\/\/patagoniambiental.com.ar\/info\/#website","url":"https:\/\/patagoniambiental.com.ar\/info\/","name":"Patagonia Ambiental","description":"Monitoreo y an\u00e1lisis de la situaci\u00f3n geopol\u00edtica en el mundo y su implicancia en la Patagonia","publisher":{"@id":"https:\/\/patagoniambiental.com.ar\/info\/#organization"},"potentialAction":[{"@type":"SearchAction","target":{"@type":"EntryPoint","urlTemplate":"https:\/\/patagoniambiental.com.ar\/info\/?s={search_term_string}"},"query-input":{"@type":"PropertyValueSpecification","valueRequired":true,"valueName":"search_term_string"}}],"inLanguage":"es"},{"@type":"Organization","@id":"https:\/\/patagoniambiental.com.ar\/info\/#organization","name":"Patagonia Ambiental","url":"https:\/\/patagoniambiental.com.ar\/info\/","logo":{"@type":"ImageObject","inLanguage":"es","@id":"https:\/\/patagoniambiental.com.ar\/info\/#\/schema\/logo\/image\/","url":"https:\/\/patagoniambiental.com.ar\/info\/wp-content\/uploads\/2025\/05\/LOGO-PATAGONIA-AMBIENTAL.png","contentUrl":"https:\/\/patagoniambiental.com.ar\/info\/wp-content\/uploads\/2025\/05\/LOGO-PATAGONIA-AMBIENTAL.png","width":433,"height":250,"caption":"Patagonia Ambiental"},"image":{"@id":"https:\/\/patagoniambiental.com.ar\/info\/#\/schema\/logo\/image\/"},"sameAs":["https:\/\/www.facebook.com\/patagonia.ambiental","https:\/\/x.com\/PatAmb"]},{"@type":"Person","@id":"https:\/\/patagoniambiental.com.ar\/info\/#\/schema\/person\/db12bff64bbcbf6a253710bf0ea37b5d","name":"Patagonia Ambiental","description":"Andr\u00e9s Nievas T\u00e9cnico en manejo ambiental, consultor Ambiental y escritor para medios locales e internacionales sobre temas de geopolitica y medio ambiente.","sameAs":["http:\/\/www.patagoniambiental.com.ar","https:\/\/www.facebook.com\/share\/1C1V8Gv9BX\/?mibextid=qi2Omg","@patagoniambiental","https:\/\/youtube.com\/@patagoniaambiental2023?si=BLt58t0wuXquxlYZ"]}]}},"_links":{"self":[{"href":"https:\/\/patagoniambiental.com.ar\/info\/wp-json\/wp\/v2\/posts\/37773","targetHints":{"allow":["GET"]}}],"collection":[{"href":"https:\/\/patagoniambiental.com.ar\/info\/wp-json\/wp\/v2\/posts"}],"about":[{"href":"https:\/\/patagoniambiental.com.ar\/info\/wp-json\/wp\/v2\/types\/post"}],"author":[{"embeddable":true,"href":"https:\/\/patagoniambiental.com.ar\/info\/wp-json\/wp\/v2\/users\/2"}],"replies":[{"embeddable":true,"href":"https:\/\/patagoniambiental.com.ar\/info\/wp-json\/wp\/v2\/comments?post=37773"}],"version-history":[{"count":0,"href":"https:\/\/patagoniambiental.com.ar\/info\/wp-json\/wp\/v2\/posts\/37773\/revisions"}],"wp:featuredmedia":[{"embeddable":true,"href":"https:\/\/patagoniambiental.com.ar\/info\/wp-json\/wp\/v2\/media\/37774"}],"wp:attachment":[{"href":"https:\/\/patagoniambiental.com.ar\/info\/wp-json\/wp\/v2\/media?parent=37773"}],"wp:term":[{"taxonomy":"category","embeddable":true,"href":"https:\/\/patagoniambiental.com.ar\/info\/wp-json\/wp\/v2\/categories?post=37773"},{"taxonomy":"post_tag","embeddable":true,"href":"https:\/\/patagoniambiental.com.ar\/info\/wp-json\/wp\/v2\/tags?post=37773"}],"curies":[{"name":"wp","href":"https:\/\/api.w.org\/{rel}","templated":true}]}}