{"id":37816,"date":"2017-11-09T09:00:37","date_gmt":"2017-11-09T12:00:37","guid":{"rendered":"http:\/\/patagoniambiental.com.ar\/info\/?p=37816"},"modified":"2017-11-08T19:46:36","modified_gmt":"2017-11-08T22:46:36","slug":"tierra-del-fuego-se-instalo-en-rio-grande-el-primer-iglu-de-reciclado-en-ingles","status":"publish","type":"post","link":"https:\/\/patagoniambiental.com.ar\/info\/tierra-del-fuego-se-instalo-en-rio-grande-el-primer-iglu-de-reciclado-en-ingles\/","title":{"rendered":"Tierra del Fuego: Se instal\u00f3 en R\u00edo Grande el primer igl\u00fa de reciclado en ingl\u00e9s"},"content":{"rendered":"<div class=\"wrapper_contenidos\">\n<p>R\u00cdO\u00a0GRANDE.- En el marco de los programas que se realizan en la casa de j\u00f3venes, dependiente de la direcci\u00f3n de prevenci\u00f3n y asistencia psicosocial en adicciones, se concret\u00f3 el proyecto \u201cReciclamos in English\u201d con los j\u00f3venes que asisten a las clases de apoyo en ingl\u00e9s.<\/p>\n<p>El proyecto apunt\u00f3 a brindar un espacio donde los j\u00f3venes puedan no solo aprender a reciclar en ingl\u00e9s sino tambi\u00e9n sobre la importancia de preservar y cuidar el medio ambiente. Se implementaron distintas estrategias para incrementar y desarrollar la creatividad e innovaci\u00f3n de los participantes con respeto a reciclar.<br \/>\nComo trabajo final se realiz\u00f3 un igl\u00fa de reciclado de pl\u00e1sticos, vidrio, metal y papel, con el vocabulario aprendido durante las clases de ingl\u00e9s. El igl\u00fa fue proporcionado por el \u00e1rea de Ecolog\u00eda y Medio Ambiente del Municipio y se encuentra ubicado afuera de la Casa de J\u00f3venes.<br \/>\nAsimismo, el principal objetivo de las clases de apoyo es que los j\u00f3venes le pierdan el miedo a la lengua inglesa y puedan, por medio de distintas actividades, reconocer y desarrollar el vocabulario y su entendimiento.<br \/>\nLas clases de ingl\u00e9s se dictan los d\u00edas lunes y mi\u00e9rcoles de 10 a 12:00hs y de 14 a 16:00hs en la Casa de J\u00f3venes, Isla de los Estados 1195.<\/p><\/div>\n<div><\/div>\n<div>Fuente:\u00a0http:\/\/www.noticiasfueguinas.com\/noticias\/leer\/6956-tierra-del-fuego-instal-grande-primer-igl-reciclado-ingl.html<\/div>\n","protected":false},"excerpt":{"rendered":"<p>R\u00cdO\u00a0GRANDE.- En el marco de los programas que se realizan en la casa de j\u00f3venes, dependiente de la direcci\u00f3n de [&hellip;]<\/p>\n","protected":false},"author":2,"featured_media":37817,"comment_status":"open","ping_status":"open","sticky":false,"template":"","format":"standard","meta":{"site-sidebar-layout":"default","site-content-layout":"","ast-site-content-layout":"default","site-content-style":"default","site-sidebar-style":"default","ast-global-header-display":"","ast-banner-title-visibility":"","ast-main-header-display":"","ast-hfb-above-header-display":"","ast-hfb-below-header-display":"","ast-hfb-mobile-header-display":"","site-post-title":"","ast-breadcrumbs-content":"","ast-featured-img":"","footer-sml-layout":"","ast-disable-related-posts":"","theme-transparent-header-meta":"","adv-header-id-meta":"","stick-header-meta":"","header-above-stick-meta":"","header-main-stick-meta":"","header-below-stick-meta":"","astra-migrate-meta-layouts":"default","ast-page-background-enabled":"default","ast-page-background-meta":{"desktop":{"background-color":"var(--ast-global-color-5)","background-image":"","background-repeat":"repeat","background-position":"center center","background-size":"auto","background-attachment":"scroll","background-type":"","background-media":"","overlay-type":"","overlay-color":"","overlay-opacity":"","overlay-gradient":""},"tablet":{"background-color":"","background-image":"","background-repeat":"repeat","background-position":"center center","background-size":"auto","background-attachment":"scroll","background-type":"","background-media":"","overlay-type":"","overlay-color":"","overlay-opacity":"","overlay-gradient":""},"mobile":{"background-color":"","background-image":"","background-repeat":"repeat","background-position":"center center","background-size":"auto","background-attachment":"scroll","background-type":"","background-media":"","overlay-type":"","overlay-color":"","overlay-opacity":"","overlay-gradient":""}},"ast-content-background-meta":{"desktop":{"background-color":"var(--ast-global-color-4)","background-image":"","background-repeat":"repeat","background-position":"center center","background-size":"auto","background-attachment":"scroll","background-type":"","background-media":"","overlay-type":"","overlay-color":"","overlay-opacity":"","overlay-gradient":""},"tablet":{"background-color":"var(--ast-global-color-4)","background-image":"","background-repeat":"repeat","background-position":"center center","background-size":"auto","background-attachment":"scroll","background-type":"","background-media":"","overlay-type":"","overlay-color":"","overlay-opacity":"","overlay-gradient":""},"mobile":{"background-color":"var(--ast-global-color-4)","background-image":"","background-repeat":"repeat","background-position":"center center","background-size":"auto","background-attachment":"scroll","background-type":"","background-media":"","overlay-type":"","overlay-color":"","overlay-opacity":"","overlay-gradient":""}},"footnotes":""},"categories":[1,25],"tags":[],"class_list":["post-37816","post","type-post","status-publish","format-standard","has-post-thumbnail","hentry","category-noticias","category-tierra-del-fuego"],"yoast_head":"<!-- This site is optimized with the Yoast SEO Premium plugin v23.0 (Yoast SEO v27.4) - https:\/\/yoast.com\/product\/yoast-seo-premium-wordpress\/ -->\n<title>Tierra del Fuego: Se instal\u00f3 en R\u00edo Grande el primer igl\u00fa de reciclado en ingl\u00e9s<\/title>\n<meta name=\"robots\" content=\"index, follow, max-snippet:-1, max-image-preview:large, max-video-preview:-1\" \/>\n<link rel=\"canonical\" href=\"https:\/\/patagoniambiental.com.ar\/info\/tierra-del-fuego-se-instalo-en-rio-grande-el-primer-iglu-de-reciclado-en-ingles\/\" \/>\n<meta property=\"og:locale\" content=\"es_ES\" \/>\n<meta property=\"og:type\" content=\"article\" \/>\n<meta property=\"og:title\" content=\"Tierra del Fuego: Se instal\u00f3 en R\u00edo Grande el primer igl\u00fa de reciclado en ingl\u00e9s\" \/>\n<meta property=\"og:description\" content=\"R\u00cdO\u00a0GRANDE.- En el marco de los programas que se realizan en la casa de j\u00f3venes, dependiente de la direcci\u00f3n de [&hellip;]\" \/>\n<meta property=\"og:url\" content=\"https:\/\/patagoniambiental.com.ar\/info\/tierra-del-fuego-se-instalo-en-rio-grande-el-primer-iglu-de-reciclado-en-ingles\/\" \/>\n<meta property=\"og:site_name\" content=\"Patagonia Ambiental\" \/>\n<meta property=\"article:publisher\" content=\"https:\/\/www.facebook.com\/patagonia.ambiental\" \/>\n<meta property=\"article:author\" content=\"https:\/\/www.facebook.com\/share\/1C1V8Gv9BX\/?mibextid=qi2Omg\" \/>\n<meta property=\"article:published_time\" content=\"2017-11-09T12:00:37+00:00\" \/>\n<meta property=\"og:image\" content=\"https:\/\/patagoniambiental.com.ar\/info\/wp-content\/uploads\/2017\/11\/tierra-del-fuego-instal-grande-primer-igl-reciclado-ingl_6956.jpg\" \/>\n\t<meta property=\"og:image:width\" content=\"795\" \/>\n\t<meta property=\"og:image:height\" content=\"596\" \/>\n\t<meta property=\"og:image:type\" content=\"image\/jpeg\" \/>\n<meta name=\"author\" content=\"Patagonia Ambiental\" \/>\n<meta name=\"twitter:card\" content=\"summary_large_image\" \/>\n<meta name=\"twitter:creator\" content=\"@PatAmb\" \/>\n<meta name=\"twitter:site\" content=\"@PatAmb\" \/>\n<script type=\"application\/ld+json\" class=\"yoast-schema-graph\">{\"@context\":\"https:\\\/\\\/schema.org\",\"@graph\":[{\"@type\":\"Article\",\"@id\":\"https:\\\/\\\/patagoniambiental.com.ar\\\/info\\\/tierra-del-fuego-se-instalo-en-rio-grande-el-primer-iglu-de-reciclado-en-ingles\\\/#article\",\"isPartOf\":{\"@id\":\"https:\\\/\\\/patagoniambiental.com.ar\\\/info\\\/tierra-del-fuego-se-instalo-en-rio-grande-el-primer-iglu-de-reciclado-en-ingles\\\/\"},\"author\":{\"name\":\"Patagonia Ambiental\",\"@id\":\"https:\\\/\\\/patagoniambiental.com.ar\\\/info\\\/#\\\/schema\\\/person\\\/db12bff64bbcbf6a253710bf0ea37b5d\"},\"headline\":\"Tierra del Fuego: Se instal\u00f3 en R\u00edo Grande el primer igl\u00fa de reciclado en ingl\u00e9s\",\"datePublished\":\"2017-11-09T12:00:37+00:00\",\"mainEntityOfPage\":{\"@id\":\"https:\\\/\\\/patagoniambiental.com.ar\\\/info\\\/tierra-del-fuego-se-instalo-en-rio-grande-el-primer-iglu-de-reciclado-en-ingles\\\/\"},\"wordCount\":252,\"commentCount\":0,\"publisher\":{\"@id\":\"https:\\\/\\\/patagoniambiental.com.ar\\\/info\\\/#organization\"},\"image\":{\"@id\":\"https:\\\/\\\/patagoniambiental.com.ar\\\/info\\\/tierra-del-fuego-se-instalo-en-rio-grande-el-primer-iglu-de-reciclado-en-ingles\\\/#primaryimage\"},\"thumbnailUrl\":\"https:\\\/\\\/patagoniambiental.com.ar\\\/info\\\/wp-content\\\/uploads\\\/2017\\\/11\\\/tierra-del-fuego-instal-grande-primer-igl-reciclado-ingl_6956.jpg\",\"articleSection\":[\"Noticias\",\"Tierra del Fuego\"],\"inLanguage\":\"es\",\"potentialAction\":[{\"@type\":\"CommentAction\",\"name\":\"Comment\",\"target\":[\"https:\\\/\\\/patagoniambiental.com.ar\\\/info\\\/tierra-del-fuego-se-instalo-en-rio-grande-el-primer-iglu-de-reciclado-en-ingles\\\/#respond\"]}]},{\"@type\":\"WebPage\",\"@id\":\"https:\\\/\\\/patagoniambiental.com.ar\\\/info\\\/tierra-del-fuego-se-instalo-en-rio-grande-el-primer-iglu-de-reciclado-en-ingles\\\/\",\"url\":\"https:\\\/\\\/patagoniambiental.com.ar\\\/info\\\/tierra-del-fuego-se-instalo-en-rio-grande-el-primer-iglu-de-reciclado-en-ingles\\\/\",\"name\":\"Tierra del Fuego: Se instal\u00f3 en R\u00edo Grande el primer igl\u00fa de reciclado en ingl\u00e9s\",\"isPartOf\":{\"@id\":\"https:\\\/\\\/patagoniambiental.com.ar\\\/info\\\/#website\"},\"primaryImageOfPage\":{\"@id\":\"https:\\\/\\\/patagoniambiental.com.ar\\\/info\\\/tierra-del-fuego-se-instalo-en-rio-grande-el-primer-iglu-de-reciclado-en-ingles\\\/#primaryimage\"},\"image\":{\"@id\":\"https:\\\/\\\/patagoniambiental.com.ar\\\/info\\\/tierra-del-fuego-se-instalo-en-rio-grande-el-primer-iglu-de-reciclado-en-ingles\\\/#primaryimage\"},\"thumbnailUrl\":\"https:\\\/\\\/patagoniambiental.com.ar\\\/info\\\/wp-content\\\/uploads\\\/2017\\\/11\\\/tierra-del-fuego-instal-grande-primer-igl-reciclado-ingl_6956.jpg\",\"datePublished\":\"2017-11-09T12:00:37+00:00\",\"breadcrumb\":{\"@id\":\"https:\\\/\\\/patagoniambiental.com.ar\\\/info\\\/tierra-del-fuego-se-instalo-en-rio-grande-el-primer-iglu-de-reciclado-en-ingles\\\/#breadcrumb\"},\"inLanguage\":\"es\",\"potentialAction\":[{\"@type\":\"ReadAction\",\"target\":[\"https:\\\/\\\/patagoniambiental.com.ar\\\/info\\\/tierra-del-fuego-se-instalo-en-rio-grande-el-primer-iglu-de-reciclado-en-ingles\\\/\"]}]},{\"@type\":\"ImageObject\",\"inLanguage\":\"es\",\"@id\":\"https:\\\/\\\/patagoniambiental.com.ar\\\/info\\\/tierra-del-fuego-se-instalo-en-rio-grande-el-primer-iglu-de-reciclado-en-ingles\\\/#primaryimage\",\"url\":\"https:\\\/\\\/patagoniambiental.com.ar\\\/info\\\/wp-content\\\/uploads\\\/2017\\\/11\\\/tierra-del-fuego-instal-grande-primer-igl-reciclado-ingl_6956.jpg\",\"contentUrl\":\"https:\\\/\\\/patagoniambiental.com.ar\\\/info\\\/wp-content\\\/uploads\\\/2017\\\/11\\\/tierra-del-fuego-instal-grande-primer-igl-reciclado-ingl_6956.jpg\",\"width\":795,\"height\":596},{\"@type\":\"BreadcrumbList\",\"@id\":\"https:\\\/\\\/patagoniambiental.com.ar\\\/info\\\/tierra-del-fuego-se-instalo-en-rio-grande-el-primer-iglu-de-reciclado-en-ingles\\\/#breadcrumb\",\"itemListElement\":[{\"@type\":\"ListItem\",\"position\":1,\"name\":\"Inicio\",\"item\":\"https:\\\/\\\/patagoniambiental.com.ar\\\/info\\\/\"},{\"@type\":\"ListItem\",\"position\":2,\"name\":\"Tierra del Fuego: Se instal\u00f3 en R\u00edo Grande el primer igl\u00fa de reciclado en ingl\u00e9s\"}]},{\"@type\":\"WebSite\",\"@id\":\"https:\\\/\\\/patagoniambiental.com.ar\\\/info\\\/#website\",\"url\":\"https:\\\/\\\/patagoniambiental.com.ar\\\/info\\\/\",\"name\":\"Patagonia Ambiental\",\"description\":\"Monitoreo y an\u00e1lisis de la situaci\u00f3n geopol\u00edtica en el mundo y su implicancia en la Patagonia\",\"publisher\":{\"@id\":\"https:\\\/\\\/patagoniambiental.com.ar\\\/info\\\/#organization\"},\"potentialAction\":[{\"@type\":\"SearchAction\",\"target\":{\"@type\":\"EntryPoint\",\"urlTemplate\":\"https:\\\/\\\/patagoniambiental.com.ar\\\/info\\\/?s={search_term_string}\"},\"query-input\":{\"@type\":\"PropertyValueSpecification\",\"valueRequired\":true,\"valueName\":\"search_term_string\"}}],\"inLanguage\":\"es\"},{\"@type\":\"Organization\",\"@id\":\"https:\\\/\\\/patagoniambiental.com.ar\\\/info\\\/#organization\",\"name\":\"Patagonia Ambiental\",\"url\":\"https:\\\/\\\/patagoniambiental.com.ar\\\/info\\\/\",\"logo\":{\"@type\":\"ImageObject\",\"inLanguage\":\"es\",\"@id\":\"https:\\\/\\\/patagoniambiental.com.ar\\\/info\\\/#\\\/schema\\\/logo\\\/image\\\/\",\"url\":\"https:\\\/\\\/patagoniambiental.com.ar\\\/info\\\/wp-content\\\/uploads\\\/2025\\\/05\\\/LOGO-PATAGONIA-AMBIENTAL.png\",\"contentUrl\":\"https:\\\/\\\/patagoniambiental.com.ar\\\/info\\\/wp-content\\\/uploads\\\/2025\\\/05\\\/LOGO-PATAGONIA-AMBIENTAL.png\",\"width\":433,\"height\":250,\"caption\":\"Patagonia Ambiental\"},\"image\":{\"@id\":\"https:\\\/\\\/patagoniambiental.com.ar\\\/info\\\/#\\\/schema\\\/logo\\\/image\\\/\"},\"sameAs\":[\"https:\\\/\\\/www.facebook.com\\\/patagonia.ambiental\",\"https:\\\/\\\/x.com\\\/PatAmb\"]},{\"@type\":\"Person\",\"@id\":\"https:\\\/\\\/patagoniambiental.com.ar\\\/info\\\/#\\\/schema\\\/person\\\/db12bff64bbcbf6a253710bf0ea37b5d\",\"name\":\"Patagonia Ambiental\",\"description\":\"Andr\u00e9s Nievas T\u00e9cnico en manejo ambiental, consultor Ambiental y escritor para medios locales e internacionales sobre temas de geopolitica y medio ambiente.\",\"sameAs\":[\"http:\\\/\\\/www.patagoniambiental.com.ar\",\"https:\\\/\\\/www.facebook.com\\\/share\\\/1C1V8Gv9BX\\\/?mibextid=qi2Omg\",\"@patagoniambiental\",\"https:\\\/\\\/youtube.com\\\/@patagoniaambiental2023?si=BLt58t0wuXquxlYZ\"]}]}<\/script>\n<!-- \/ Yoast SEO Premium plugin. -->","yoast_head_json":{"title":"Tierra del Fuego: Se instal\u00f3 en R\u00edo Grande el primer igl\u00fa de reciclado en ingl\u00e9s","robots":{"index":"index","follow":"follow","max-snippet":"max-snippet:-1","max-image-preview":"max-image-preview:large","max-video-preview":"max-video-preview:-1"},"canonical":"https:\/\/patagoniambiental.com.ar\/info\/tierra-del-fuego-se-instalo-en-rio-grande-el-primer-iglu-de-reciclado-en-ingles\/","og_locale":"es_ES","og_type":"article","og_title":"Tierra del Fuego: Se instal\u00f3 en R\u00edo Grande el primer igl\u00fa de reciclado en ingl\u00e9s","og_description":"R\u00cdO\u00a0GRANDE.- En el marco de los programas que se realizan en la casa de j\u00f3venes, dependiente de la direcci\u00f3n de [&hellip;]","og_url":"https:\/\/patagoniambiental.com.ar\/info\/tierra-del-fuego-se-instalo-en-rio-grande-el-primer-iglu-de-reciclado-en-ingles\/","og_site_name":"Patagonia Ambiental","article_publisher":"https:\/\/www.facebook.com\/patagonia.ambiental","article_author":"https:\/\/www.facebook.com\/share\/1C1V8Gv9BX\/?mibextid=qi2Omg","article_published_time":"2017-11-09T12:00:37+00:00","og_image":[{"width":795,"height":596,"url":"https:\/\/patagoniambiental.com.ar\/info\/wp-content\/uploads\/2017\/11\/tierra-del-fuego-instal-grande-primer-igl-reciclado-ingl_6956.jpg","type":"image\/jpeg"}],"author":"Patagonia Ambiental","twitter_card":"summary_large_image","twitter_creator":"@PatAmb","twitter_site":"@PatAmb","schema":{"@context":"https:\/\/schema.org","@graph":[{"@type":"Article","@id":"https:\/\/patagoniambiental.com.ar\/info\/tierra-del-fuego-se-instalo-en-rio-grande-el-primer-iglu-de-reciclado-en-ingles\/#article","isPartOf":{"@id":"https:\/\/patagoniambiental.com.ar\/info\/tierra-del-fuego-se-instalo-en-rio-grande-el-primer-iglu-de-reciclado-en-ingles\/"},"author":{"name":"Patagonia Ambiental","@id":"https:\/\/patagoniambiental.com.ar\/info\/#\/schema\/person\/db12bff64bbcbf6a253710bf0ea37b5d"},"headline":"Tierra del Fuego: Se instal\u00f3 en R\u00edo Grande el primer igl\u00fa de reciclado en ingl\u00e9s","datePublished":"2017-11-09T12:00:37+00:00","mainEntityOfPage":{"@id":"https:\/\/patagoniambiental.com.ar\/info\/tierra-del-fuego-se-instalo-en-rio-grande-el-primer-iglu-de-reciclado-en-ingles\/"},"wordCount":252,"commentCount":0,"publisher":{"@id":"https:\/\/patagoniambiental.com.ar\/info\/#organization"},"image":{"@id":"https:\/\/patagoniambiental.com.ar\/info\/tierra-del-fuego-se-instalo-en-rio-grande-el-primer-iglu-de-reciclado-en-ingles\/#primaryimage"},"thumbnailUrl":"https:\/\/patagoniambiental.com.ar\/info\/wp-content\/uploads\/2017\/11\/tierra-del-fuego-instal-grande-primer-igl-reciclado-ingl_6956.jpg","articleSection":["Noticias","Tierra del Fuego"],"inLanguage":"es","potentialAction":[{"@type":"CommentAction","name":"Comment","target":["https:\/\/patagoniambiental.com.ar\/info\/tierra-del-fuego-se-instalo-en-rio-grande-el-primer-iglu-de-reciclado-en-ingles\/#respond"]}]},{"@type":"WebPage","@id":"https:\/\/patagoniambiental.com.ar\/info\/tierra-del-fuego-se-instalo-en-rio-grande-el-primer-iglu-de-reciclado-en-ingles\/","url":"https:\/\/patagoniambiental.com.ar\/info\/tierra-del-fuego-se-instalo-en-rio-grande-el-primer-iglu-de-reciclado-en-ingles\/","name":"Tierra del Fuego: Se instal\u00f3 en R\u00edo Grande el primer igl\u00fa de reciclado en ingl\u00e9s","isPartOf":{"@id":"https:\/\/patagoniambiental.com.ar\/info\/#website"},"primaryImageOfPage":{"@id":"https:\/\/patagoniambiental.com.ar\/info\/tierra-del-fuego-se-instalo-en-rio-grande-el-primer-iglu-de-reciclado-en-ingles\/#primaryimage"},"image":{"@id":"https:\/\/patagoniambiental.com.ar\/info\/tierra-del-fuego-se-instalo-en-rio-grande-el-primer-iglu-de-reciclado-en-ingles\/#primaryimage"},"thumbnailUrl":"https:\/\/patagoniambiental.com.ar\/info\/wp-content\/uploads\/2017\/11\/tierra-del-fuego-instal-grande-primer-igl-reciclado-ingl_6956.jpg","datePublished":"2017-11-09T12:00:37+00:00","breadcrumb":{"@id":"https:\/\/patagoniambiental.com.ar\/info\/tierra-del-fuego-se-instalo-en-rio-grande-el-primer-iglu-de-reciclado-en-ingles\/#breadcrumb"},"inLanguage":"es","potentialAction":[{"@type":"ReadAction","target":["https:\/\/patagoniambiental.com.ar\/info\/tierra-del-fuego-se-instalo-en-rio-grande-el-primer-iglu-de-reciclado-en-ingles\/"]}]},{"@type":"ImageObject","inLanguage":"es","@id":"https:\/\/patagoniambiental.com.ar\/info\/tierra-del-fuego-se-instalo-en-rio-grande-el-primer-iglu-de-reciclado-en-ingles\/#primaryimage","url":"https:\/\/patagoniambiental.com.ar\/info\/wp-content\/uploads\/2017\/11\/tierra-del-fuego-instal-grande-primer-igl-reciclado-ingl_6956.jpg","contentUrl":"https:\/\/patagoniambiental.com.ar\/info\/wp-content\/uploads\/2017\/11\/tierra-del-fuego-instal-grande-primer-igl-reciclado-ingl_6956.jpg","width":795,"height":596},{"@type":"BreadcrumbList","@id":"https:\/\/patagoniambiental.com.ar\/info\/tierra-del-fuego-se-instalo-en-rio-grande-el-primer-iglu-de-reciclado-en-ingles\/#breadcrumb","itemListElement":[{"@type":"ListItem","position":1,"name":"Inicio","item":"https:\/\/patagoniambiental.com.ar\/info\/"},{"@type":"ListItem","position":2,"name":"Tierra del Fuego: Se instal\u00f3 en R\u00edo Grande el primer igl\u00fa de reciclado en ingl\u00e9s"}]},{"@type":"WebSite","@id":"https:\/\/patagoniambiental.com.ar\/info\/#website","url":"https:\/\/patagoniambiental.com.ar\/info\/","name":"Patagonia Ambiental","description":"Monitoreo y an\u00e1lisis de la situaci\u00f3n geopol\u00edtica en el mundo y su implicancia en la Patagonia","publisher":{"@id":"https:\/\/patagoniambiental.com.ar\/info\/#organization"},"potentialAction":[{"@type":"SearchAction","target":{"@type":"EntryPoint","urlTemplate":"https:\/\/patagoniambiental.com.ar\/info\/?s={search_term_string}"},"query-input":{"@type":"PropertyValueSpecification","valueRequired":true,"valueName":"search_term_string"}}],"inLanguage":"es"},{"@type":"Organization","@id":"https:\/\/patagoniambiental.com.ar\/info\/#organization","name":"Patagonia Ambiental","url":"https:\/\/patagoniambiental.com.ar\/info\/","logo":{"@type":"ImageObject","inLanguage":"es","@id":"https:\/\/patagoniambiental.com.ar\/info\/#\/schema\/logo\/image\/","url":"https:\/\/patagoniambiental.com.ar\/info\/wp-content\/uploads\/2025\/05\/LOGO-PATAGONIA-AMBIENTAL.png","contentUrl":"https:\/\/patagoniambiental.com.ar\/info\/wp-content\/uploads\/2025\/05\/LOGO-PATAGONIA-AMBIENTAL.png","width":433,"height":250,"caption":"Patagonia Ambiental"},"image":{"@id":"https:\/\/patagoniambiental.com.ar\/info\/#\/schema\/logo\/image\/"},"sameAs":["https:\/\/www.facebook.com\/patagonia.ambiental","https:\/\/x.com\/PatAmb"]},{"@type":"Person","@id":"https:\/\/patagoniambiental.com.ar\/info\/#\/schema\/person\/db12bff64bbcbf6a253710bf0ea37b5d","name":"Patagonia Ambiental","description":"Andr\u00e9s Nievas T\u00e9cnico en manejo ambiental, consultor Ambiental y escritor para medios locales e internacionales sobre temas de geopolitica y medio ambiente.","sameAs":["http:\/\/www.patagoniambiental.com.ar","https:\/\/www.facebook.com\/share\/1C1V8Gv9BX\/?mibextid=qi2Omg","@patagoniambiental","https:\/\/youtube.com\/@patagoniaambiental2023?si=BLt58t0wuXquxlYZ"]}]}},"_links":{"self":[{"href":"https:\/\/patagoniambiental.com.ar\/info\/wp-json\/wp\/v2\/posts\/37816","targetHints":{"allow":["GET"]}}],"collection":[{"href":"https:\/\/patagoniambiental.com.ar\/info\/wp-json\/wp\/v2\/posts"}],"about":[{"href":"https:\/\/patagoniambiental.com.ar\/info\/wp-json\/wp\/v2\/types\/post"}],"author":[{"embeddable":true,"href":"https:\/\/patagoniambiental.com.ar\/info\/wp-json\/wp\/v2\/users\/2"}],"replies":[{"embeddable":true,"href":"https:\/\/patagoniambiental.com.ar\/info\/wp-json\/wp\/v2\/comments?post=37816"}],"version-history":[{"count":0,"href":"https:\/\/patagoniambiental.com.ar\/info\/wp-json\/wp\/v2\/posts\/37816\/revisions"}],"wp:featuredmedia":[{"embeddable":true,"href":"https:\/\/patagoniambiental.com.ar\/info\/wp-json\/wp\/v2\/media\/37817"}],"wp:attachment":[{"href":"https:\/\/patagoniambiental.com.ar\/info\/wp-json\/wp\/v2\/media?parent=37816"}],"wp:term":[{"taxonomy":"category","embeddable":true,"href":"https:\/\/patagoniambiental.com.ar\/info\/wp-json\/wp\/v2\/categories?post=37816"},{"taxonomy":"post_tag","embeddable":true,"href":"https:\/\/patagoniambiental.com.ar\/info\/wp-json\/wp\/v2\/tags?post=37816"}],"curies":[{"name":"wp","href":"https:\/\/api.w.org\/{rel}","templated":true}]}}