{"id":37831,"date":"2017-11-09T09:00:44","date_gmt":"2017-11-09T12:00:44","guid":{"rendered":"http:\/\/patagoniambiental.com.ar\/info\/?p=37831"},"modified":"2017-11-08T20:03:14","modified_gmt":"2017-11-08T23:03:14","slug":"se-comienza-a-palpitar-destino-madryn-la-carrera-de-aventura-que-se-viene","status":"publish","type":"post","link":"https:\/\/patagoniambiental.com.ar\/info\/se-comienza-a-palpitar-destino-madryn-la-carrera-de-aventura-que-se-viene\/","title":{"rendered":"Se comienza a palpitar \u00abDestino Madryn\u00bb, la carrera de aventura que se viene"},"content":{"rendered":"<div id=\"notas\">\n<div>\n<div id=\"notapage_texto\" class=\"notapage_cuerpo\">\n<p>Entre los d\u00edas s\u00e1bado 14 y domingo 15 de abril de 2018, en dos etapas con participaci\u00f3n individual y con clasificaci\u00f3n por suma de tiempos en ambas etapas cronometradas con sistema de chip se realizar\u00e1 la prueba de Aventura, la cual es una carrera de trail y a campo traviesa en Puerto Madryn con la organizaci\u00f3n de Destino Madryn.<\/p>\n<p>La misma se llevar\u00e1 a cabo por senderos, cerros, acantilados, playas rocosas, ca\u00f1adones y circuitos naturales -no urbanos- entre Cerro Paran\u00e1 y Cerro Avanzado. La largada y llegada ser\u00e1 en la estancia San Guillermo, a 15 km de la ciudad del Golfo.<\/p>\n<p><u><strong>PALABRA DE LOS ORGANIZADORES<\/strong><\/u><br \/>\n<em><strong>\u00abYa desde nuestra primera edici\u00f3n buscamos que los corredores elite y amateur provenientes de todo el pa\u00eds y de los pa\u00edses lim\u00edtrofes se sientan protagonistas de una gran aventura, disfrutando de los paisajes y las vistas m\u00e1s impactantes del Golfo Nuevo y de la fauna aut\u00f3ctona de la regi\u00f3n\u00bb.\u00a0<\/strong><\/em><\/p>\n<p><em><strong>\u00abEstamos armando un desaf\u00edo que presentar\u00e1 desniveles en los recorridos, opciones de distancias para todos los gustos y los colores propios del oto\u00f1o madrynense. Contaremos con una log\u00edstica \u00fanica para el traslado de corredores desde la ciudad hasta la estancia, y buscaremos brindarle a cada participante calidad y atenci\u00f3n en cada detalle de su experiencia runner\u00bb.<\/strong><\/em><\/p>\n<p><strong><u>DISTANCIAS<\/u><\/strong><br \/>\nLas distancias a correrse ser\u00e1n: 50km (2 etapas de 25km), 26km (2 etapas de 13km), 13km, 5km, 1km (running kids).<br \/>\nLa primera etapa de la carrera ser\u00e1 el s\u00e1bado por la tarde, y la segunda el domingo por la ma\u00f1ana. En cada etapa el participante correr\u00e1 25km o 13km, y la suma de las 2 etapas ser\u00e1 de 50km o 26 km. Las modalidades de 13km, 5km y 1km se correr\u00e1n el d\u00eda domingo 15 de abril por la ma\u00f1ana.<br \/>\nYa est\u00e1n abiertas las inscripciones para Destino Madryn &#8211; Carrera de Aventura!<br \/>\nHabr\u00e1 descuentos especiales para residentes de Chubut hasta el 15\/11\/17 y para running teams a partir de 6 corredores. Los cupos son limitados.<\/p>\n<p><u><strong>MODALIDAD<\/strong><\/u><br \/>\nLas distancias de 50km y de 26km se realizar\u00e1n en dos etapas, s\u00e1bado y domingo. La participaci\u00f3n ser\u00e1 individual y la clasificaci\u00f3n se har\u00e1 por suma de tiempos en ambas etapas cronometradas con sistema de chip. La primera etapa de la carrera ser\u00e1 el d\u00eda s\u00e1bado por la tarde, y la segunda el domingo por la ma\u00f1ana. En cada etapa el participante correr\u00e1 25km o 13km y la suma de las 2 etapas ser\u00e1 de 50km o 26 km.<\/p>\n<p><u><strong>CATEGORIAS<\/strong><\/u><br \/>\n<strong>50 Kil\u00f3metros (2 etapas)<\/strong><br \/>\nMasculina 18 A 29 a\u00f1os &#8211; Femenina 18 A 29 a\u00f1os<br \/>\nMasculina 30 A 39 a\u00f1os &#8211; Femenina 30 A 39 a\u00f1os<br \/>\nMasculina 40 A 49 a\u00f1os &#8211; Femenina 40 A 49 a\u00f1os<br \/>\nMasculina 50 A 59 a\u00f1os &#8211; Femenina 50 a\u00f1os A 59 a\u00f1os<br \/>\nMasculina 60 a\u00f1os y m\u00e1s \u2014 Femenina 60 a\u00f1os y m\u00e1s<\/p>\n<p><strong>26 Kil\u00f3metros (2 etapas)<\/strong><br \/>\nMasculina 18 A 29 a\u00f1os &#8211; Femenina 18 A 29 a\u00f1os<br \/>\nMasculina 30 A 39 a\u00f1os &#8211; Femenina 30 A 39 a\u00f1os<br \/>\nMasculina 40 A 49 a\u00f1os &#8211; Femenina 40 A 49 a\u00f1os<br \/>\nMasculina 50 A 59 a\u00f1os &#8211; Femenina 50 a\u00f1os A 59 a\u00f1os<br \/>\nMasculina 60 a\u00f1os y m\u00e1s &#8211; Femenina 60 a\u00f1os y m\u00e1s<\/p>\n<p><strong>3 Kil\u00f3metros<\/strong><br \/>\nJuvenil Masculina 16 A 19 a\u00f1os &#8211; Juvenil Femenina 16 A 19 a\u00f1os<br \/>\nMasculina 20 A 29 a\u00f1os &#8211; Femenina 20 A 29 a\u00f1os<br \/>\nMasculina 30 A 39 a\u00f1os &#8211; Femenina 30 A 39 a\u00f1os<br \/>\nMasculina 40 A 49 a\u00f1os &#8211; Femenina 40 A 49 a\u00f1os<br \/>\nMasculina 50 A 59 a\u00f1os &#8211; Femenina 50 a\u00f1os A 59 a\u00f1os<br \/>\nMasculina 60 a\u00f1os y m\u00e1s &#8211; Femenina 60 a\u00f1os y m\u00e1s<\/p>\n<p><strong>5 Kil\u00f3metros<\/strong><br \/>\nJuvenil Masculina 14 a 19 a\u00f1os &#8211; Juvenil Femenina 14 A 19 a\u00f1os<br \/>\nMasculina 20 A 29 a\u00f1os &#8211; Femenina 20 A 29 a\u00f1os<br \/>\nMasculina 30 A 39 a\u00f1os &#8211; Femenina 30 A 39 a\u00f1os<br \/>\nMasculina 40 A 49 a\u00f1os &#8211; Femenina 40 A 49 a\u00f1os<br \/>\nMasculina 50 A 59 a\u00f1os &#8211; Femenina 50 a\u00f1os A 59 a\u00f1os<br \/>\nMasculina 60 a\u00f1os y m\u00e1s &#8211; Femenina 60 a\u00f1os y m\u00e1s<\/p>\n<p><strong><u>COSTO DE PARTICIPACION<\/u><\/strong><br \/>\n1\/11 de 2017 al 14\/2 de 2018: 3er Per\u00edodo.<br \/>\n15\/2 al 14\/3 de 2018\u00a0\u00a0 \u00a04to Per\u00edodo.<br \/>\n15\/3 al 31\/3 de 2018\u00a0\u00a0 \u00a05to per\u00edodo.<br \/>\n50km &#8211; (2 etapas) $1.580\u00a0\u00a0 \u00a0$1.730\u00a0\u00a0 \u00a0$1.950<br \/>\n26km &#8211; (2 etapas) $1.280\u00a0\u00a0 \u00a0$1.410\u00a0\u00a0 \u00a0$1.560<br \/>\n13km $680\u00a0\u00a0 \u00a0$770\u00a0\u00a0 \u00a0$835<br \/>\n5km\u00a0\u00a0 \u00a0$520\u00a0\u00a0 \u00a0$590\u00a0\u00a0 \u00a0$660<\/p>\n<p><em><strong>Atenci\u00f3n: al momento de realizar el pago estar\u00e1 abonando el 70% de su inscripci\u00f3n m\u00e1s el uso de la plataforma. En la acreditaci\u00f3n de la carrera se abonar\u00e1 el saldo restante.<\/strong><\/em><\/p>\n<p><strong><u>INSCRIPCIONES\u00a0<\/u><\/strong><br \/>\n50 km- 26 km- 13 km- 5 km-<br \/>\nDescuentos Especiales.<br \/>\nDescuento no acumulable con otras promociones.<br \/>\nResidente de Puerto Madryn (s\u00f3lo hasta el 15\/11)<br \/>\nResidente de Chubut (s\u00f3lo hasta el 15\/11)<\/p>\n<p><u><strong>ACREDITACIONES\u00a0<\/strong><\/u><br \/>\nLas acreditaciones y entrega de Kits se realizar\u00e1 el jueves 12 y viernes 13 de abril de 2018.<br \/>\nLa largada y llegada ser\u00e1 en la Estancia San Guillermo<\/p>\n<p><strong><u>HORARIOS<\/u><\/strong><br \/>\nS\u00e1bado 14 de abril<br \/>\n50km y 26km (1ra etapa): 14:30 hs<\/p>\n<p>Domingo 15 de abril:<br \/>\n50km (2da etapa): 8:30 hs<br \/>\n26km (2da etapa): 9 hs<br \/>\nRunning kids (1km): 10 hs<br \/>\n13km: 9 hs<br \/>\n5km: 9:30 hs<\/p>\n<p><u><strong>IMPORTANTE<\/strong><\/u><br \/>\nAquellos corredores menores de 18 a\u00f1os a la fecha del evento deber\u00e1n presentar en el momento de la acreditaci\u00f3n para participar del evento, el deslinde de responsabilidad firmado por el padre, madre o responsable, junto con el chequeo m\u00e9dico correspondiente.<\/p>\n<p><strong><u>PREMIACIONES<\/u><\/strong><br \/>\nDistancias 50K<br \/>\nTrofeos del 1\u00ba al 3\u00ba lugar general femenina y masculina.<br \/>\nEfectivo del 1\u00ba al 3\u00ba lugar general femenina y masculina.<br \/>\nMedallones del 1\u00ba al 3\u00ba lugar de cada categor\u00eda femenina y masculina.<br \/>\n26, 13 y 5 Kil\u00f3metros<br \/>\nTrofeos del 1\u00ba al 3\u00ba lugar general femenina y masculina.<br \/>\nMedallones del 1\u00ba al 3\u00ba lugar de cada categor\u00eda femenina y masculina.<\/p>\n<p><u><strong>AGRADECIMIENTOS<\/strong><\/u><br \/>\nA Diario EL CHUBUT, Armando Costanza Propiedades, Buff, Northland, Galilea, Farmacia Central, JL Cotill\u00f3n, Ford &#8211; Pedro Corradi, Dazzler Hotel, Cactus, Vald\u00e9s Viajes y Turismo, I loveRun, Grisino Puerto Madryn, Fiambrer\u00eda Mamma M\u00eda, Ente Mixto de Turismo, Municipalidad de Puerto Madryn, Asociaci\u00f3n de Agencias de Turismo.<\/p>\n<\/div>\n<p>Fuente:\u00a0http:\/\/www.elchubut.com.ar\/nota\/2017-11-7-22-51-19&#8211;comenzamos-a-palpitar-el-atletismo-aventura-en-puerto-madryn<\/p>\n<\/div>\n<\/div>\n<div class=\"columna3\"><\/div>\n","protected":false},"excerpt":{"rendered":"<p>Entre los d\u00edas s\u00e1bado 14 y domingo 15 de abril de 2018, en dos etapas con participaci\u00f3n individual y con [&hellip;]<\/p>\n","protected":false},"author":2,"featured_media":37832,"comment_status":"open","ping_status":"open","sticky":false,"template":"","format":"standard","meta":{"site-sidebar-layout":"default","site-content-layout":"","ast-site-content-layout":"default","site-content-style":"default","site-sidebar-style":"default","ast-global-header-display":"","ast-banner-title-visibility":"","ast-main-header-display":"","ast-hfb-above-header-display":"","ast-hfb-below-header-display":"","ast-hfb-mobile-header-display":"","site-post-title":"","ast-breadcrumbs-content":"","ast-featured-img":"","footer-sml-layout":"","ast-disable-related-posts":"","theme-transparent-header-meta":"","adv-header-id-meta":"","stick-header-meta":"","header-above-stick-meta":"","header-main-stick-meta":"","header-below-stick-meta":"","astra-migrate-meta-layouts":"default","ast-page-background-enabled":"default","ast-page-background-meta":{"desktop":{"background-color":"var(--ast-global-color-5)","background-image":"","background-repeat":"repeat","background-position":"center center","background-size":"auto","background-attachment":"scroll","background-type":"","background-media":"","overlay-type":"","overlay-color":"","overlay-opacity":"","overlay-gradient":""},"tablet":{"background-color":"","background-image":"","background-repeat":"repeat","background-position":"center center","background-size":"auto","background-attachment":"scroll","background-type":"","background-media":"","overlay-type":"","overlay-color":"","overlay-opacity":"","overlay-gradient":""},"mobile":{"background-color":"","background-image":"","background-repeat":"repeat","background-position":"center center","background-size":"auto","background-attachment":"scroll","background-type":"","background-media":"","overlay-type":"","overlay-color":"","overlay-opacity":"","overlay-gradient":""}},"ast-content-background-meta":{"desktop":{"background-color":"var(--ast-global-color-4)","background-image":"","background-repeat":"repeat","background-position":"center center","background-size":"auto","background-attachment":"scroll","background-type":"","background-media":"","overlay-type":"","overlay-color":"","overlay-opacity":"","overlay-gradient":""},"tablet":{"background-color":"var(--ast-global-color-4)","background-image":"","background-repeat":"repeat","background-position":"center center","background-size":"auto","background-attachment":"scroll","background-type":"","background-media":"","overlay-type":"","overlay-color":"","overlay-opacity":"","overlay-gradient":""},"mobile":{"background-color":"var(--ast-global-color-4)","background-image":"","background-repeat":"repeat","background-position":"center center","background-size":"auto","background-attachment":"scroll","background-type":"","background-media":"","overlay-type":"","overlay-color":"","overlay-opacity":"","overlay-gradient":""}},"footnotes":""},"categories":[46,1],"tags":[],"class_list":["post-37831","post","type-post","status-publish","format-standard","has-post-thumbnail","hentry","category-municipios","category-noticias"],"yoast_head":"<!-- This site is optimized with the Yoast SEO Premium plugin v23.0 (Yoast SEO v27.4) - https:\/\/yoast.com\/product\/yoast-seo-premium-wordpress\/ -->\n<title>Se comienza a palpitar &quot;Destino Madryn&quot;, la carrera de aventura que se viene<\/title>\n<meta name=\"robots\" content=\"index, follow, max-snippet:-1, max-image-preview:large, max-video-preview:-1\" \/>\n<link rel=\"canonical\" href=\"https:\/\/patagoniambiental.com.ar\/info\/se-comienza-a-palpitar-destino-madryn-la-carrera-de-aventura-que-se-viene\/\" \/>\n<meta property=\"og:locale\" content=\"es_ES\" \/>\n<meta property=\"og:type\" content=\"article\" \/>\n<meta property=\"og:title\" content=\"Se comienza a palpitar &quot;Destino Madryn&quot;, la carrera de aventura que se viene\" \/>\n<meta property=\"og:description\" content=\"Entre los d\u00edas s\u00e1bado 14 y domingo 15 de abril de 2018, en dos etapas con participaci\u00f3n individual y con [&hellip;]\" \/>\n<meta property=\"og:url\" content=\"https:\/\/patagoniambiental.com.ar\/info\/se-comienza-a-palpitar-destino-madryn-la-carrera-de-aventura-que-se-viene\/\" \/>\n<meta property=\"og:site_name\" content=\"Patagonia Ambiental\" \/>\n<meta property=\"article:publisher\" content=\"https:\/\/www.facebook.com\/patagonia.ambiental\" \/>\n<meta property=\"article:author\" content=\"https:\/\/www.facebook.com\/share\/1C1V8Gv9BX\/?mibextid=qi2Omg\" \/>\n<meta property=\"article:published_time\" content=\"2017-11-09T12:00:44+00:00\" \/>\n<meta property=\"og:image\" content=\"https:\/\/patagoniambiental.com.ar\/info\/wp-content\/uploads\/2017\/11\/carrera-madryn.jpg\" \/>\n\t<meta property=\"og:image:width\" content=\"1200\" \/>\n\t<meta property=\"og:image:height\" content=\"731\" \/>\n\t<meta property=\"og:image:type\" content=\"image\/jpeg\" \/>\n<meta name=\"author\" content=\"Patagonia Ambiental\" \/>\n<meta name=\"twitter:card\" content=\"summary_large_image\" \/>\n<meta name=\"twitter:creator\" content=\"@PatAmb\" \/>\n<meta name=\"twitter:site\" content=\"@PatAmb\" \/>\n<script type=\"application\/ld+json\" class=\"yoast-schema-graph\">{\"@context\":\"https:\\\/\\\/schema.org\",\"@graph\":[{\"@type\":\"Article\",\"@id\":\"https:\\\/\\\/patagoniambiental.com.ar\\\/info\\\/se-comienza-a-palpitar-destino-madryn-la-carrera-de-aventura-que-se-viene\\\/#article\",\"isPartOf\":{\"@id\":\"https:\\\/\\\/patagoniambiental.com.ar\\\/info\\\/se-comienza-a-palpitar-destino-madryn-la-carrera-de-aventura-que-se-viene\\\/\"},\"author\":{\"name\":\"Patagonia Ambiental\",\"@id\":\"https:\\\/\\\/patagoniambiental.com.ar\\\/info\\\/#\\\/schema\\\/person\\\/db12bff64bbcbf6a253710bf0ea37b5d\"},\"headline\":\"Se comienza a palpitar \u00abDestino Madryn\u00bb, la carrera de aventura que se viene\",\"datePublished\":\"2017-11-09T12:00:44+00:00\",\"mainEntityOfPage\":{\"@id\":\"https:\\\/\\\/patagoniambiental.com.ar\\\/info\\\/se-comienza-a-palpitar-destino-madryn-la-carrera-de-aventura-que-se-viene\\\/\"},\"wordCount\":979,\"commentCount\":0,\"publisher\":{\"@id\":\"https:\\\/\\\/patagoniambiental.com.ar\\\/info\\\/#organization\"},\"image\":{\"@id\":\"https:\\\/\\\/patagoniambiental.com.ar\\\/info\\\/se-comienza-a-palpitar-destino-madryn-la-carrera-de-aventura-que-se-viene\\\/#primaryimage\"},\"thumbnailUrl\":\"https:\\\/\\\/patagoniambiental.com.ar\\\/info\\\/wp-content\\\/uploads\\\/2017\\\/11\\\/carrera-madryn.jpg\",\"articleSection\":[\"Municipios\",\"Noticias\"],\"inLanguage\":\"es\",\"potentialAction\":[{\"@type\":\"CommentAction\",\"name\":\"Comment\",\"target\":[\"https:\\\/\\\/patagoniambiental.com.ar\\\/info\\\/se-comienza-a-palpitar-destino-madryn-la-carrera-de-aventura-que-se-viene\\\/#respond\"]}]},{\"@type\":\"WebPage\",\"@id\":\"https:\\\/\\\/patagoniambiental.com.ar\\\/info\\\/se-comienza-a-palpitar-destino-madryn-la-carrera-de-aventura-que-se-viene\\\/\",\"url\":\"https:\\\/\\\/patagoniambiental.com.ar\\\/info\\\/se-comienza-a-palpitar-destino-madryn-la-carrera-de-aventura-que-se-viene\\\/\",\"name\":\"Se comienza a palpitar \\\"Destino Madryn\\\", la carrera de aventura que se viene\",\"isPartOf\":{\"@id\":\"https:\\\/\\\/patagoniambiental.com.ar\\\/info\\\/#website\"},\"primaryImageOfPage\":{\"@id\":\"https:\\\/\\\/patagoniambiental.com.ar\\\/info\\\/se-comienza-a-palpitar-destino-madryn-la-carrera-de-aventura-que-se-viene\\\/#primaryimage\"},\"image\":{\"@id\":\"https:\\\/\\\/patagoniambiental.com.ar\\\/info\\\/se-comienza-a-palpitar-destino-madryn-la-carrera-de-aventura-que-se-viene\\\/#primaryimage\"},\"thumbnailUrl\":\"https:\\\/\\\/patagoniambiental.com.ar\\\/info\\\/wp-content\\\/uploads\\\/2017\\\/11\\\/carrera-madryn.jpg\",\"datePublished\":\"2017-11-09T12:00:44+00:00\",\"breadcrumb\":{\"@id\":\"https:\\\/\\\/patagoniambiental.com.ar\\\/info\\\/se-comienza-a-palpitar-destino-madryn-la-carrera-de-aventura-que-se-viene\\\/#breadcrumb\"},\"inLanguage\":\"es\",\"potentialAction\":[{\"@type\":\"ReadAction\",\"target\":[\"https:\\\/\\\/patagoniambiental.com.ar\\\/info\\\/se-comienza-a-palpitar-destino-madryn-la-carrera-de-aventura-que-se-viene\\\/\"]}]},{\"@type\":\"ImageObject\",\"inLanguage\":\"es\",\"@id\":\"https:\\\/\\\/patagoniambiental.com.ar\\\/info\\\/se-comienza-a-palpitar-destino-madryn-la-carrera-de-aventura-que-se-viene\\\/#primaryimage\",\"url\":\"https:\\\/\\\/patagoniambiental.com.ar\\\/info\\\/wp-content\\\/uploads\\\/2017\\\/11\\\/carrera-madryn.jpg\",\"contentUrl\":\"https:\\\/\\\/patagoniambiental.com.ar\\\/info\\\/wp-content\\\/uploads\\\/2017\\\/11\\\/carrera-madryn.jpg\",\"width\":985,\"height\":600},{\"@type\":\"BreadcrumbList\",\"@id\":\"https:\\\/\\\/patagoniambiental.com.ar\\\/info\\\/se-comienza-a-palpitar-destino-madryn-la-carrera-de-aventura-que-se-viene\\\/#breadcrumb\",\"itemListElement\":[{\"@type\":\"ListItem\",\"position\":1,\"name\":\"Inicio\",\"item\":\"https:\\\/\\\/patagoniambiental.com.ar\\\/info\\\/\"},{\"@type\":\"ListItem\",\"position\":2,\"name\":\"Se comienza a palpitar \u00abDestino Madryn\u00bb, la carrera de aventura que se viene\"}]},{\"@type\":\"WebSite\",\"@id\":\"https:\\\/\\\/patagoniambiental.com.ar\\\/info\\\/#website\",\"url\":\"https:\\\/\\\/patagoniambiental.com.ar\\\/info\\\/\",\"name\":\"Patagonia Ambiental\",\"description\":\"Monitoreo y an\u00e1lisis de la situaci\u00f3n geopol\u00edtica en el mundo y su implicancia en la Patagonia\",\"publisher\":{\"@id\":\"https:\\\/\\\/patagoniambiental.com.ar\\\/info\\\/#organization\"},\"potentialAction\":[{\"@type\":\"SearchAction\",\"target\":{\"@type\":\"EntryPoint\",\"urlTemplate\":\"https:\\\/\\\/patagoniambiental.com.ar\\\/info\\\/?s={search_term_string}\"},\"query-input\":{\"@type\":\"PropertyValueSpecification\",\"valueRequired\":true,\"valueName\":\"search_term_string\"}}],\"inLanguage\":\"es\"},{\"@type\":\"Organization\",\"@id\":\"https:\\\/\\\/patagoniambiental.com.ar\\\/info\\\/#organization\",\"name\":\"Patagonia Ambiental\",\"url\":\"https:\\\/\\\/patagoniambiental.com.ar\\\/info\\\/\",\"logo\":{\"@type\":\"ImageObject\",\"inLanguage\":\"es\",\"@id\":\"https:\\\/\\\/patagoniambiental.com.ar\\\/info\\\/#\\\/schema\\\/logo\\\/image\\\/\",\"url\":\"https:\\\/\\\/patagoniambiental.com.ar\\\/info\\\/wp-content\\\/uploads\\\/2025\\\/05\\\/LOGO-PATAGONIA-AMBIENTAL.png\",\"contentUrl\":\"https:\\\/\\\/patagoniambiental.com.ar\\\/info\\\/wp-content\\\/uploads\\\/2025\\\/05\\\/LOGO-PATAGONIA-AMBIENTAL.png\",\"width\":433,\"height\":250,\"caption\":\"Patagonia Ambiental\"},\"image\":{\"@id\":\"https:\\\/\\\/patagoniambiental.com.ar\\\/info\\\/#\\\/schema\\\/logo\\\/image\\\/\"},\"sameAs\":[\"https:\\\/\\\/www.facebook.com\\\/patagonia.ambiental\",\"https:\\\/\\\/x.com\\\/PatAmb\"]},{\"@type\":\"Person\",\"@id\":\"https:\\\/\\\/patagoniambiental.com.ar\\\/info\\\/#\\\/schema\\\/person\\\/db12bff64bbcbf6a253710bf0ea37b5d\",\"name\":\"Patagonia Ambiental\",\"description\":\"Andr\u00e9s Nievas T\u00e9cnico en manejo ambiental, consultor Ambiental y escritor para medios locales e internacionales sobre temas de geopolitica y medio ambiente.\",\"sameAs\":[\"http:\\\/\\\/www.patagoniambiental.com.ar\",\"https:\\\/\\\/www.facebook.com\\\/share\\\/1C1V8Gv9BX\\\/?mibextid=qi2Omg\",\"@patagoniambiental\",\"https:\\\/\\\/youtube.com\\\/@patagoniaambiental2023?si=BLt58t0wuXquxlYZ\"]}]}<\/script>\n<!-- \/ Yoast SEO Premium plugin. -->","yoast_head_json":{"title":"Se comienza a palpitar \"Destino Madryn\", la carrera de aventura que se viene","robots":{"index":"index","follow":"follow","max-snippet":"max-snippet:-1","max-image-preview":"max-image-preview:large","max-video-preview":"max-video-preview:-1"},"canonical":"https:\/\/patagoniambiental.com.ar\/info\/se-comienza-a-palpitar-destino-madryn-la-carrera-de-aventura-que-se-viene\/","og_locale":"es_ES","og_type":"article","og_title":"Se comienza a palpitar \"Destino Madryn\", la carrera de aventura que se viene","og_description":"Entre los d\u00edas s\u00e1bado 14 y domingo 15 de abril de 2018, en dos etapas con participaci\u00f3n individual y con [&hellip;]","og_url":"https:\/\/patagoniambiental.com.ar\/info\/se-comienza-a-palpitar-destino-madryn-la-carrera-de-aventura-que-se-viene\/","og_site_name":"Patagonia Ambiental","article_publisher":"https:\/\/www.facebook.com\/patagonia.ambiental","article_author":"https:\/\/www.facebook.com\/share\/1C1V8Gv9BX\/?mibextid=qi2Omg","article_published_time":"2017-11-09T12:00:44+00:00","og_image":[{"width":1200,"height":731,"url":"https:\/\/patagoniambiental.com.ar\/info\/wp-content\/uploads\/2017\/11\/carrera-madryn.jpg","type":"image\/jpeg"}],"author":"Patagonia Ambiental","twitter_card":"summary_large_image","twitter_creator":"@PatAmb","twitter_site":"@PatAmb","schema":{"@context":"https:\/\/schema.org","@graph":[{"@type":"Article","@id":"https:\/\/patagoniambiental.com.ar\/info\/se-comienza-a-palpitar-destino-madryn-la-carrera-de-aventura-que-se-viene\/#article","isPartOf":{"@id":"https:\/\/patagoniambiental.com.ar\/info\/se-comienza-a-palpitar-destino-madryn-la-carrera-de-aventura-que-se-viene\/"},"author":{"name":"Patagonia Ambiental","@id":"https:\/\/patagoniambiental.com.ar\/info\/#\/schema\/person\/db12bff64bbcbf6a253710bf0ea37b5d"},"headline":"Se comienza a palpitar \u00abDestino Madryn\u00bb, la carrera de aventura que se viene","datePublished":"2017-11-09T12:00:44+00:00","mainEntityOfPage":{"@id":"https:\/\/patagoniambiental.com.ar\/info\/se-comienza-a-palpitar-destino-madryn-la-carrera-de-aventura-que-se-viene\/"},"wordCount":979,"commentCount":0,"publisher":{"@id":"https:\/\/patagoniambiental.com.ar\/info\/#organization"},"image":{"@id":"https:\/\/patagoniambiental.com.ar\/info\/se-comienza-a-palpitar-destino-madryn-la-carrera-de-aventura-que-se-viene\/#primaryimage"},"thumbnailUrl":"https:\/\/patagoniambiental.com.ar\/info\/wp-content\/uploads\/2017\/11\/carrera-madryn.jpg","articleSection":["Municipios","Noticias"],"inLanguage":"es","potentialAction":[{"@type":"CommentAction","name":"Comment","target":["https:\/\/patagoniambiental.com.ar\/info\/se-comienza-a-palpitar-destino-madryn-la-carrera-de-aventura-que-se-viene\/#respond"]}]},{"@type":"WebPage","@id":"https:\/\/patagoniambiental.com.ar\/info\/se-comienza-a-palpitar-destino-madryn-la-carrera-de-aventura-que-se-viene\/","url":"https:\/\/patagoniambiental.com.ar\/info\/se-comienza-a-palpitar-destino-madryn-la-carrera-de-aventura-que-se-viene\/","name":"Se comienza a palpitar \"Destino Madryn\", la carrera de aventura que se viene","isPartOf":{"@id":"https:\/\/patagoniambiental.com.ar\/info\/#website"},"primaryImageOfPage":{"@id":"https:\/\/patagoniambiental.com.ar\/info\/se-comienza-a-palpitar-destino-madryn-la-carrera-de-aventura-que-se-viene\/#primaryimage"},"image":{"@id":"https:\/\/patagoniambiental.com.ar\/info\/se-comienza-a-palpitar-destino-madryn-la-carrera-de-aventura-que-se-viene\/#primaryimage"},"thumbnailUrl":"https:\/\/patagoniambiental.com.ar\/info\/wp-content\/uploads\/2017\/11\/carrera-madryn.jpg","datePublished":"2017-11-09T12:00:44+00:00","breadcrumb":{"@id":"https:\/\/patagoniambiental.com.ar\/info\/se-comienza-a-palpitar-destino-madryn-la-carrera-de-aventura-que-se-viene\/#breadcrumb"},"inLanguage":"es","potentialAction":[{"@type":"ReadAction","target":["https:\/\/patagoniambiental.com.ar\/info\/se-comienza-a-palpitar-destino-madryn-la-carrera-de-aventura-que-se-viene\/"]}]},{"@type":"ImageObject","inLanguage":"es","@id":"https:\/\/patagoniambiental.com.ar\/info\/se-comienza-a-palpitar-destino-madryn-la-carrera-de-aventura-que-se-viene\/#primaryimage","url":"https:\/\/patagoniambiental.com.ar\/info\/wp-content\/uploads\/2017\/11\/carrera-madryn.jpg","contentUrl":"https:\/\/patagoniambiental.com.ar\/info\/wp-content\/uploads\/2017\/11\/carrera-madryn.jpg","width":985,"height":600},{"@type":"BreadcrumbList","@id":"https:\/\/patagoniambiental.com.ar\/info\/se-comienza-a-palpitar-destino-madryn-la-carrera-de-aventura-que-se-viene\/#breadcrumb","itemListElement":[{"@type":"ListItem","position":1,"name":"Inicio","item":"https:\/\/patagoniambiental.com.ar\/info\/"},{"@type":"ListItem","position":2,"name":"Se comienza a palpitar \u00abDestino Madryn\u00bb, la carrera de aventura que se viene"}]},{"@type":"WebSite","@id":"https:\/\/patagoniambiental.com.ar\/info\/#website","url":"https:\/\/patagoniambiental.com.ar\/info\/","name":"Patagonia Ambiental","description":"Monitoreo y an\u00e1lisis de la situaci\u00f3n geopol\u00edtica en el mundo y su implicancia en la Patagonia","publisher":{"@id":"https:\/\/patagoniambiental.com.ar\/info\/#organization"},"potentialAction":[{"@type":"SearchAction","target":{"@type":"EntryPoint","urlTemplate":"https:\/\/patagoniambiental.com.ar\/info\/?s={search_term_string}"},"query-input":{"@type":"PropertyValueSpecification","valueRequired":true,"valueName":"search_term_string"}}],"inLanguage":"es"},{"@type":"Organization","@id":"https:\/\/patagoniambiental.com.ar\/info\/#organization","name":"Patagonia Ambiental","url":"https:\/\/patagoniambiental.com.ar\/info\/","logo":{"@type":"ImageObject","inLanguage":"es","@id":"https:\/\/patagoniambiental.com.ar\/info\/#\/schema\/logo\/image\/","url":"https:\/\/patagoniambiental.com.ar\/info\/wp-content\/uploads\/2025\/05\/LOGO-PATAGONIA-AMBIENTAL.png","contentUrl":"https:\/\/patagoniambiental.com.ar\/info\/wp-content\/uploads\/2025\/05\/LOGO-PATAGONIA-AMBIENTAL.png","width":433,"height":250,"caption":"Patagonia Ambiental"},"image":{"@id":"https:\/\/patagoniambiental.com.ar\/info\/#\/schema\/logo\/image\/"},"sameAs":["https:\/\/www.facebook.com\/patagonia.ambiental","https:\/\/x.com\/PatAmb"]},{"@type":"Person","@id":"https:\/\/patagoniambiental.com.ar\/info\/#\/schema\/person\/db12bff64bbcbf6a253710bf0ea37b5d","name":"Patagonia Ambiental","description":"Andr\u00e9s Nievas T\u00e9cnico en manejo ambiental, consultor Ambiental y escritor para medios locales e internacionales sobre temas de geopolitica y medio ambiente.","sameAs":["http:\/\/www.patagoniambiental.com.ar","https:\/\/www.facebook.com\/share\/1C1V8Gv9BX\/?mibextid=qi2Omg","@patagoniambiental","https:\/\/youtube.com\/@patagoniaambiental2023?si=BLt58t0wuXquxlYZ"]}]}},"_links":{"self":[{"href":"https:\/\/patagoniambiental.com.ar\/info\/wp-json\/wp\/v2\/posts\/37831","targetHints":{"allow":["GET"]}}],"collection":[{"href":"https:\/\/patagoniambiental.com.ar\/info\/wp-json\/wp\/v2\/posts"}],"about":[{"href":"https:\/\/patagoniambiental.com.ar\/info\/wp-json\/wp\/v2\/types\/post"}],"author":[{"embeddable":true,"href":"https:\/\/patagoniambiental.com.ar\/info\/wp-json\/wp\/v2\/users\/2"}],"replies":[{"embeddable":true,"href":"https:\/\/patagoniambiental.com.ar\/info\/wp-json\/wp\/v2\/comments?post=37831"}],"version-history":[{"count":0,"href":"https:\/\/patagoniambiental.com.ar\/info\/wp-json\/wp\/v2\/posts\/37831\/revisions"}],"wp:featuredmedia":[{"embeddable":true,"href":"https:\/\/patagoniambiental.com.ar\/info\/wp-json\/wp\/v2\/media\/37832"}],"wp:attachment":[{"href":"https:\/\/patagoniambiental.com.ar\/info\/wp-json\/wp\/v2\/media?parent=37831"}],"wp:term":[{"taxonomy":"category","embeddable":true,"href":"https:\/\/patagoniambiental.com.ar\/info\/wp-json\/wp\/v2\/categories?post=37831"},{"taxonomy":"post_tag","embeddable":true,"href":"https:\/\/patagoniambiental.com.ar\/info\/wp-json\/wp\/v2\/tags?post=37831"}],"curies":[{"name":"wp","href":"https:\/\/api.w.org\/{rel}","templated":true}]}}