{"id":37834,"date":"2017-11-09T09:00:27","date_gmt":"2017-11-09T12:00:27","guid":{"rendered":"http:\/\/patagoniambiental.com.ar\/info\/?p=37834"},"modified":"2017-11-08T20:06:01","modified_gmt":"2017-11-08T23:06:01","slug":"especialistas-debatiran-en-madryn-sobre-planificacion-y-expansion-territorial","status":"publish","type":"post","link":"https:\/\/patagoniambiental.com.ar\/info\/especialistas-debatiran-en-madryn-sobre-planificacion-y-expansion-territorial\/","title":{"rendered":"Especialistas debatir\u00e1n en Madryn sobre planificaci\u00f3n y expansi\u00f3n territorial"},"content":{"rendered":"<p>PUERTO MADRYN.- Las jornadas enmarcadas en el Congreso Hacia la Equidad Territorial (CHET) se realizar\u00e1n el 9, 10 y 11 de noviembre en las instalaciones del CCT Conicet-Cenpat y contar\u00e1n con una importante concurrencia de expertos, especialistas e investigadores en materia de planificaci\u00f3n territorial y expansi\u00f3n, donde, a trav\u00e9s de distintas ponencias, se discutir\u00e1n aspectos relativos al crecimiento de las ciudades y la optimizaci\u00f3n de las distintas variables que el mismo suele acarrear.<br \/>\nEn este contexto, tanto desde el Instituto Patag\u00f3nico de Ciencias Sociales y Humanas (IPCSH), representado por el doctor en Sociolog\u00eda Sergio Kaminker, como as\u00ed tambi\u00e9n, desde el Colegio de Arquitectos del Chubut, con el arquitecto Carlos Sanabra como presidente, describieron algunos de los principales ejes de debate que tendr\u00e1n lugar a lo largo de los tres d\u00edas de duraci\u00f3n del evento, que incluir\u00e1n, tambi\u00e9n, la presencia de reconocidos especialistas, adem\u00e1s de funcionarios del orden nacional, entre ellos, el subsecretario de Planificaci\u00f3n Territorial de Naci\u00f3n , Fernando \u00c1lvarez de Celis.<br \/>\nLa convocatoria se enmarca en la celebraci\u00f3n del D\u00eda Internacional del Urbanismo, establecida el 8 de noviembre de 1949, gracias a la iniciativa del ingeniero argentino Carlos Mar\u00eda Della Paolera y por pedido del Instituto Superior de Urbanismo de la Ciudad de Buenos Aires; el prop\u00f3sito de la fecha es fortalecer la conciencia acerca de la importancia de vivir y desarrollarse en ambientes sanos, agradables y con abundancia de espacios verdes, un desaf\u00edo concreto para las ciudades en pleno siglo XXI.<\/p>\n<p><strong>Disertar\u00e1 el titular de FADEA<\/strong><\/p>\n<p>Al respecto, el titular del Colegio de Arquitectos del Chubut, Carlos Sanabra, anticip\u00f3 que este mi\u00e9rcoles \u201ces el D\u00eda Internacional del Urbanismo y tenemos previsto, a las siete de la tarde, en el Ecocentro, un acto de conmemoraci\u00f3n\u201d, al tiempo que destac\u00f3 que \u201ccontaremos con la presencia del presidente de la Federaci\u00f3n Argentina de Entidades de Arquitectos (FADEA), que ha comprometido una disertaci\u00f3n al respecto\u201d.<br \/>\nAdem\u00e1s, sostuvo que \u201cprobablemente, tengamos tambi\u00e9n al Subsecretario de Planificaci\u00f3n Territorial de la Naci\u00f3n, Fernando \u00c1lvarez de Celis; no sabemos si estar\u00e1 llegando para este evento, pero s\u00ed lo tendremos, a partir del d\u00eda jueves, en el Congreso hacia la Equidad Territorial (CHET), que desarrollaremos en las instalaciones del Cenpat, los d\u00edas jueves, viernes y s\u00e1bado\u201d.<\/p>\n<p><strong>M\u00e1s de 40 conferencias<\/strong><\/p>\n<p>Para el evento en cuesti\u00f3n, \u201chabr\u00e1 alrededor de 40 ponencias y cinco charlas centrales; hay comprometida la presencia de una gran cantidad de colegas arquitectos, as\u00ed como tambi\u00e9n, de ge\u00f3grafos e investigadores del Cenpat\u201d, mencion\u00f3 el arquitecto, a\u00f1adiendo que \u201cestamos muy complacidos de poder hacer este evento en conjunto con los investigadores del Instituto de Ciencias Sociales y Humanas del Cenpat, y tambi\u00e9n, con la colaboraci\u00f3n de otros colegas que desarrollan sus tareas en la Universidad Nacional de la Patagonia\u201d.<br \/>\nDurante la convocatoria, tambi\u00e9n estar\u00e1n presentes \u201cinvestigadores de otros lugares del pa\u00eds, entre ellos Buenos Aires, Mendoza y Santa Fe; uno de los disertantes viene de M\u00e9xico, es un argentino que hace much\u00edsimos a\u00f1os est\u00e1 all\u00ed, trabajando en investigaci\u00f3n sobre planificaci\u00f3n del territorio, y esperamos, en estos d\u00edas de presentaci\u00f3n de ponencias y de debate, poder llegar a algunas conclusiones que nos permitan ver, con m\u00e1s claridad, c\u00f3mo podemos ir ordenando el territorio de nuestra Patagonia y del pa\u00eds en general\u201d, se\u00f1al\u00f3 Sanabra.<\/p>\n<p><strong>Conflictos socioambientales<\/strong><\/p>\n<p>En cuanto a los principales ejes de debate de las jornadas, el investigador y docente del CCT Conicet-Cenpat, Sergio Kaminker, detall\u00f3 que \u201cen primer lugar, parte de lo interesante de estos d\u00edas es que, m\u00e1s all\u00e1 de que habr\u00e1 gente de distintos lugares del pa\u00eds, buena parte de las conversaciones se desarrollar\u00e1n con personas de la regi\u00f3n; tenemos muchos colegas de Comodoro Rivadavia, Trelew, Puerto Madryn y la Cordillera, y eso nos va a dar parte de la riqueza de la discusi\u00f3n que muchas veces nos falta, que es poner en debate qu\u00e9 sucede en la provincia\u201d.<br \/>\nA su vez, enumer\u00f3 que \u201ctendremos distintos ejes de trabajo, tanto en las conferencias como en varias de las charlas, sobre cuestiones ambientales en relaci\u00f3n a la planificaci\u00f3n, sobre planificaci\u00f3n y desarrollo, conflictos socioambientales, planificaci\u00f3n y gesti\u00f3n, y creo que buena parte de los an\u00e1lisis ir\u00e1n en torno a distintos ejes asociados a la planificaci\u00f3n urbana en general, y a las pol\u00edticas p\u00fablicas territoriales\u201d.<\/p>\n<p><strong>C\u00f3mo dise\u00f1ar pol\u00edticas p\u00fablicas efectivas<\/strong><\/p>\n<p>Tambi\u00e9n, el investigador resalt\u00f3 que \u201ctenemos colegas de distintas disciplinas que aportar\u00e1n su conocimiento y parte del trabajo que vienen haciendo, y parte de lo interesante es que, si bien tenemos trabajos acad\u00e9micos de investigaci\u00f3n, tenemos mucho de intervenci\u00f3n y discusi\u00f3n acerca de la pol\u00edtica p\u00fablica, que creo es parte de las reflexiones que m\u00e1s nos debemos a la hora de trabajar en lo cotidiano en las ciudades\u201d.<br \/>\nEn esta l\u00ednea, plante\u00f3 que \u201cdiscutir la equidad territorial tiene que ver con tener en consideraci\u00f3n todas las dimensiones que hacen a la vida cotidiana, cuando pensamos espec\u00edficamente en qu\u00e9 significa la planificaci\u00f3n de un territorio\u201d y aclar\u00f3 que \u201cno es solamente pensar la actividad econ\u00f3mica y la vivienda, sino pensar todas estas dimensiones que hacen a nuestra vida cotidiana en forma integrada, y es parte de la gran ausencia que muchas veces tenemos en nuestras ciudades\u201d.<\/p>\n<p><strong>\u201cHay necesidad de grandes correcciones\u201d<\/strong><\/p>\n<p>Sobre esto \u00faltimo, explic\u00f3 que \u201cse piensa mucho en forma segmentada; en la vivienda, en la educaci\u00f3n, en la industria, pero, muchas veces, cuesta entender que tenemos que pensar todo esto de manera asociada y en forma integral, para poder tener una vida cotidiana mucho m\u00e1s llevadera y digna\u201d.<br \/>\nConsultado sobre si existen, actualmente, las condiciones para poder desarrollar una planificaci\u00f3n conjunta entre todas esas variables, Kaminker opin\u00f3 que \u201cen todas nuestras ciudades, m\u00e1s all\u00e1 de la historia que tienen, tenemos buenas experiencias en torno a esto, tanto en Madryn y Trelew, como tambi\u00e9n, incluso, alguna experiencia en la Cordillera; est\u00e1 claro que parte de lo que viene sucediendo en los \u00faltimos a\u00f1os nos muestra que tenemos necesidad de grandes correcciones\u201d.<\/p>\n<p><strong>Analizar\u00e1n el caso de Comodoro<\/strong><\/p>\n<p>En este contexto, record\u00f3 que \u201cel desastre que sucedi\u00f3 en Comodoro Rivadavia y lo que vemos nosotros, cada vez que tenemos una lluvia fuerte, nos da cuenta de que no le prestamos atenci\u00f3n a muchas cosas que no eran tan complejas a la hora de pensar, y s\u00ed creemos, todos los que estamos en esto, que tenemos una dosis de optimismo; sino, no nos dedicar\u00edamos a esto\u201d.<br \/>\nRespecto del crecimiento demogr\u00e1fico que Puerto Madryn ha tenido en las \u00faltimas d\u00e9cadas y la necesidad de plantear el debate, tambi\u00e9n, en t\u00e9rminos locales, el investigador y docente plante\u00f3 que \u201csi vemos la historia de la ciudad, lo que vemos bien claro es que no es tanto pensar el crecimiento poblacional, sino el crecimiento de la expansi\u00f3n urbana\u201d.<br \/>\nA ello, sum\u00f3 que \u201csi vemos las \u00faltimas cuatro d\u00e9cadas, que fueron las de mayor expansi\u00f3n de la ciudad, muchas de las cosas que se hab\u00edan pensado antes funcionaron bien hasta un momento determinado\u201d, aunque se\u00f1al\u00f3 que \u201cel tema es \u2018c\u00f3mo\u2019 pensar, hacia d\u00f3nde crecemos, de qu\u00e9 manera y pensarlo en forma integral; despu\u00e9s, el crecimiento poblacional depender\u00e1 de otras variables, sobre todo, de la cuesti\u00f3n laboral, entre otras cosas\u201d.<\/p>\n<p><strong>Ejemplos a tener en cuenta<\/strong><\/p>\n<p>\u201cEn la medida en la que la ciudad tenga cierta expansi\u00f3n laboral, tendr\u00e1 crecimiento poblacional, m\u00e1s all\u00e1 del demogr\u00e1fico y lo asociado a la migraci\u00f3n; en los 70, se pens\u00f3 parte de esa expansi\u00f3n, por eso la misma no fue tan problem\u00e1tica\u201d, record\u00f3 Kaminker, a\u00f1adiendo que \u201cen las d\u00e9cadas siguientes, hubo una dosis mayor de improvisaci\u00f3n o de pensar otras variables, y no tanto de forma integral c\u00f3mo se viv\u00eda, y con las consecuencias que tenemos al d\u00eda de hoy\u201d.<br \/>\nEn referencia a si existe una necesidad de actualizar las pol\u00edticas p\u00fablicas, de acuerdo a la configuraci\u00f3n actual del mapa de expansi\u00f3n de Puerto Madryn, el investigador mencion\u00f3 que \u201chemos tenido en la ciudad distintas actualizaciones, por lo menos de lo que solemos llamar el \u2018C\u00f3digo de Planificaci\u00f3n\u2019, que es, en realidad, el C\u00f3digo de Edificaci\u00f3n y Usos del Suelo, y lo que vemos es que, pensar solamente qu\u00e9 se puede construir y donde, o qu\u00e9 usos tiene la ciudad, no es suficiente para pensar una ciudad en forma integral; necesitamos determinar qu\u00e9 queremos, c\u00f3mo, con qu\u00e9 instrumentos de gesti\u00f3n se puede pensar la ciudad y con qu\u00e9 pol\u00edticas hacerlo de manera m\u00e1s integral\u201d.<br \/>\nEn esta l\u00ednea, puso en relieve que \u201cparte de lo interesante es que, en muchas de las conferencias y debates que vamos a tener ac\u00e1, est\u00e1 esa discusi\u00f3n de fondo, y vamos a ver experiencias de otros lugares del pa\u00eds, algo que nos va a permitir abrir la cabeza y pensar qu\u00e9 estamos haciendo ac\u00e1\u201d.<\/p>\n<p><strong>Desarrollo y mercado de oportunidades<\/strong><\/p>\n<p>Por otra parte, el arquitecto Sanabra sostuvo que el evento en cuesti\u00f3n \u201cest\u00e1 pensado en forma amplia, es decir, vamos a tener ponencias que refieren a c\u00f3mo se organiza el territorio en t\u00e9rminos generales y regionales, as\u00ed como tambi\u00e9n, tendremos ponencias relativas a cuestiones urbanas espec\u00edficas\u201d y agreg\u00f3 que \u201clo enriquecedor de este encuentro es que los debates nos van a permitir asociar estas dos visiones, de estas dos escalas que, en realidad, son parte de la misma cosa; hay muchas cosas que suceden en el territorio lejano de las ciudades, que tienen que ver en cuanto a las oportunidades o complicaciones para el desarrollo de cada ciudad, y esto tambi\u00e9n se ver\u00e1 reflejado en el debate de estos d\u00edas\u201d.<\/p>\n<div class=\"sharedaddy sd-sharing-enabled\"><\/div>\n","protected":false},"excerpt":{"rendered":"<p>PUERTO MADRYN.- Las jornadas enmarcadas en el Congreso Hacia la Equidad Territorial (CHET) se realizar\u00e1n el 9, 10 y 11 [&hellip;]<\/p>\n","protected":false},"author":2,"featured_media":37835,"comment_status":"open","ping_status":"open","sticky":false,"template":"","format":"standard","meta":{"site-sidebar-layout":"default","site-content-layout":"","ast-site-content-layout":"default","site-content-style":"default","site-sidebar-style":"default","ast-global-header-display":"","ast-banner-title-visibility":"","ast-main-header-display":"","ast-hfb-above-header-display":"","ast-hfb-below-header-display":"","ast-hfb-mobile-header-display":"","site-post-title":"","ast-breadcrumbs-content":"","ast-featured-img":"","footer-sml-layout":"","ast-disable-related-posts":"","theme-transparent-header-meta":"","adv-header-id-meta":"","stick-header-meta":"","header-above-stick-meta":"","header-main-stick-meta":"","header-below-stick-meta":"","astra-migrate-meta-layouts":"default","ast-page-background-enabled":"default","ast-page-background-meta":{"desktop":{"background-color":"var(--ast-global-color-5)","background-image":"","background-repeat":"repeat","background-position":"center center","background-size":"auto","background-attachment":"scroll","background-type":"","background-media":"","overlay-type":"","overlay-color":"","overlay-opacity":"","overlay-gradient":""},"tablet":{"background-color":"","background-image":"","background-repeat":"repeat","background-position":"center center","background-size":"auto","background-attachment":"scroll","background-type":"","background-media":"","overlay-type":"","overlay-color":"","overlay-opacity":"","overlay-gradient":""},"mobile":{"background-color":"","background-image":"","background-repeat":"repeat","background-position":"center center","background-size":"auto","background-attachment":"scroll","background-type":"","background-media":"","overlay-type":"","overlay-color":"","overlay-opacity":"","overlay-gradient":""}},"ast-content-background-meta":{"desktop":{"background-color":"var(--ast-global-color-4)","background-image":"","background-repeat":"repeat","background-position":"center center","background-size":"auto","background-attachment":"scroll","background-type":"","background-media":"","overlay-type":"","overlay-color":"","overlay-opacity":"","overlay-gradient":""},"tablet":{"background-color":"var(--ast-global-color-4)","background-image":"","background-repeat":"repeat","background-position":"center center","background-size":"auto","background-attachment":"scroll","background-type":"","background-media":"","overlay-type":"","overlay-color":"","overlay-opacity":"","overlay-gradient":""},"mobile":{"background-color":"var(--ast-global-color-4)","background-image":"","background-repeat":"repeat","background-position":"center center","background-size":"auto","background-attachment":"scroll","background-type":"","background-media":"","overlay-type":"","overlay-color":"","overlay-opacity":"","overlay-gradient":""}},"footnotes":""},"categories":[16,1],"tags":[],"class_list":["post-37834","post","type-post","status-publish","format-standard","has-post-thumbnail","hentry","category-municipales","category-noticias"],"yoast_head":"<!-- This site is optimized with the Yoast SEO Premium plugin v23.0 (Yoast SEO v27.4) - https:\/\/yoast.com\/product\/yoast-seo-premium-wordpress\/ -->\n<title>Especialistas debatir\u00e1n en Madryn sobre planificaci\u00f3n y expansi\u00f3n territorial<\/title>\n<meta name=\"robots\" content=\"index, follow, max-snippet:-1, max-image-preview:large, max-video-preview:-1\" \/>\n<link rel=\"canonical\" href=\"https:\/\/patagoniambiental.com.ar\/info\/especialistas-debatiran-en-madryn-sobre-planificacion-y-expansion-territorial\/\" \/>\n<meta property=\"og:locale\" content=\"es_ES\" \/>\n<meta property=\"og:type\" content=\"article\" \/>\n<meta property=\"og:title\" content=\"Especialistas debatir\u00e1n en Madryn sobre planificaci\u00f3n y expansi\u00f3n territorial\" \/>\n<meta property=\"og:description\" content=\"PUERTO MADRYN.- Las jornadas enmarcadas en el Congreso Hacia la Equidad Territorial (CHET) se realizar\u00e1n el 9, 10 y 11 [&hellip;]\" \/>\n<meta property=\"og:url\" content=\"https:\/\/patagoniambiental.com.ar\/info\/especialistas-debatiran-en-madryn-sobre-planificacion-y-expansion-territorial\/\" \/>\n<meta property=\"og:site_name\" content=\"Patagonia Ambiental\" \/>\n<meta property=\"article:publisher\" content=\"https:\/\/www.facebook.com\/patagonia.ambiental\" \/>\n<meta property=\"article:author\" content=\"https:\/\/www.facebook.com\/share\/1C1V8Gv9BX\/?mibextid=qi2Omg\" \/>\n<meta property=\"article:published_time\" content=\"2017-11-09T12:00:27+00:00\" \/>\n<meta property=\"og:image\" content=\"https:\/\/patagoniambiental.com.ar\/info\/wp-content\/uploads\/2017\/11\/conicet-cempat.jpg\" \/>\n\t<meta property=\"og:image:width\" content=\"400\" \/>\n\t<meta property=\"og:image:height\" content=\"225\" \/>\n\t<meta property=\"og:image:type\" content=\"image\/jpeg\" \/>\n<meta name=\"author\" content=\"Patagonia Ambiental\" \/>\n<meta name=\"twitter:card\" content=\"summary_large_image\" \/>\n<meta name=\"twitter:creator\" content=\"@PatAmb\" \/>\n<meta name=\"twitter:site\" content=\"@PatAmb\" \/>\n<script type=\"application\/ld+json\" class=\"yoast-schema-graph\">{\"@context\":\"https:\\\/\\\/schema.org\",\"@graph\":[{\"@type\":\"Article\",\"@id\":\"https:\\\/\\\/patagoniambiental.com.ar\\\/info\\\/especialistas-debatiran-en-madryn-sobre-planificacion-y-expansion-territorial\\\/#article\",\"isPartOf\":{\"@id\":\"https:\\\/\\\/patagoniambiental.com.ar\\\/info\\\/especialistas-debatiran-en-madryn-sobre-planificacion-y-expansion-territorial\\\/\"},\"author\":{\"name\":\"Patagonia Ambiental\",\"@id\":\"https:\\\/\\\/patagoniambiental.com.ar\\\/info\\\/#\\\/schema\\\/person\\\/db12bff64bbcbf6a253710bf0ea37b5d\"},\"headline\":\"Especialistas debatir\u00e1n en Madryn sobre planificaci\u00f3n y expansi\u00f3n territorial\",\"datePublished\":\"2017-11-09T12:00:27+00:00\",\"mainEntityOfPage\":{\"@id\":\"https:\\\/\\\/patagoniambiental.com.ar\\\/info\\\/especialistas-debatiran-en-madryn-sobre-planificacion-y-expansion-territorial\\\/\"},\"wordCount\":1704,\"commentCount\":0,\"publisher\":{\"@id\":\"https:\\\/\\\/patagoniambiental.com.ar\\\/info\\\/#organization\"},\"image\":{\"@id\":\"https:\\\/\\\/patagoniambiental.com.ar\\\/info\\\/especialistas-debatiran-en-madryn-sobre-planificacion-y-expansion-territorial\\\/#primaryimage\"},\"thumbnailUrl\":\"https:\\\/\\\/patagoniambiental.com.ar\\\/info\\\/wp-content\\\/uploads\\\/2017\\\/11\\\/conicet-cempat.jpg\",\"articleSection\":[\"Municipales\",\"Noticias\"],\"inLanguage\":\"es\",\"potentialAction\":[{\"@type\":\"CommentAction\",\"name\":\"Comment\",\"target\":[\"https:\\\/\\\/patagoniambiental.com.ar\\\/info\\\/especialistas-debatiran-en-madryn-sobre-planificacion-y-expansion-territorial\\\/#respond\"]}]},{\"@type\":\"WebPage\",\"@id\":\"https:\\\/\\\/patagoniambiental.com.ar\\\/info\\\/especialistas-debatiran-en-madryn-sobre-planificacion-y-expansion-territorial\\\/\",\"url\":\"https:\\\/\\\/patagoniambiental.com.ar\\\/info\\\/especialistas-debatiran-en-madryn-sobre-planificacion-y-expansion-territorial\\\/\",\"name\":\"Especialistas debatir\u00e1n en Madryn sobre planificaci\u00f3n y expansi\u00f3n territorial\",\"isPartOf\":{\"@id\":\"https:\\\/\\\/patagoniambiental.com.ar\\\/info\\\/#website\"},\"primaryImageOfPage\":{\"@id\":\"https:\\\/\\\/patagoniambiental.com.ar\\\/info\\\/especialistas-debatiran-en-madryn-sobre-planificacion-y-expansion-territorial\\\/#primaryimage\"},\"image\":{\"@id\":\"https:\\\/\\\/patagoniambiental.com.ar\\\/info\\\/especialistas-debatiran-en-madryn-sobre-planificacion-y-expansion-territorial\\\/#primaryimage\"},\"thumbnailUrl\":\"https:\\\/\\\/patagoniambiental.com.ar\\\/info\\\/wp-content\\\/uploads\\\/2017\\\/11\\\/conicet-cempat.jpg\",\"datePublished\":\"2017-11-09T12:00:27+00:00\",\"breadcrumb\":{\"@id\":\"https:\\\/\\\/patagoniambiental.com.ar\\\/info\\\/especialistas-debatiran-en-madryn-sobre-planificacion-y-expansion-territorial\\\/#breadcrumb\"},\"inLanguage\":\"es\",\"potentialAction\":[{\"@type\":\"ReadAction\",\"target\":[\"https:\\\/\\\/patagoniambiental.com.ar\\\/info\\\/especialistas-debatiran-en-madryn-sobre-planificacion-y-expansion-territorial\\\/\"]}]},{\"@type\":\"ImageObject\",\"inLanguage\":\"es\",\"@id\":\"https:\\\/\\\/patagoniambiental.com.ar\\\/info\\\/especialistas-debatiran-en-madryn-sobre-planificacion-y-expansion-territorial\\\/#primaryimage\",\"url\":\"https:\\\/\\\/patagoniambiental.com.ar\\\/info\\\/wp-content\\\/uploads\\\/2017\\\/11\\\/conicet-cempat.jpg\",\"contentUrl\":\"https:\\\/\\\/patagoniambiental.com.ar\\\/info\\\/wp-content\\\/uploads\\\/2017\\\/11\\\/conicet-cempat.jpg\",\"width\":400,\"height\":225},{\"@type\":\"BreadcrumbList\",\"@id\":\"https:\\\/\\\/patagoniambiental.com.ar\\\/info\\\/especialistas-debatiran-en-madryn-sobre-planificacion-y-expansion-territorial\\\/#breadcrumb\",\"itemListElement\":[{\"@type\":\"ListItem\",\"position\":1,\"name\":\"Inicio\",\"item\":\"https:\\\/\\\/patagoniambiental.com.ar\\\/info\\\/\"},{\"@type\":\"ListItem\",\"position\":2,\"name\":\"Especialistas debatir\u00e1n en Madryn sobre planificaci\u00f3n y expansi\u00f3n territorial\"}]},{\"@type\":\"WebSite\",\"@id\":\"https:\\\/\\\/patagoniambiental.com.ar\\\/info\\\/#website\",\"url\":\"https:\\\/\\\/patagoniambiental.com.ar\\\/info\\\/\",\"name\":\"Patagonia Ambiental\",\"description\":\"Monitoreo y an\u00e1lisis de la situaci\u00f3n geopol\u00edtica en el mundo y su implicancia en la Patagonia\",\"publisher\":{\"@id\":\"https:\\\/\\\/patagoniambiental.com.ar\\\/info\\\/#organization\"},\"potentialAction\":[{\"@type\":\"SearchAction\",\"target\":{\"@type\":\"EntryPoint\",\"urlTemplate\":\"https:\\\/\\\/patagoniambiental.com.ar\\\/info\\\/?s={search_term_string}\"},\"query-input\":{\"@type\":\"PropertyValueSpecification\",\"valueRequired\":true,\"valueName\":\"search_term_string\"}}],\"inLanguage\":\"es\"},{\"@type\":\"Organization\",\"@id\":\"https:\\\/\\\/patagoniambiental.com.ar\\\/info\\\/#organization\",\"name\":\"Patagonia Ambiental\",\"url\":\"https:\\\/\\\/patagoniambiental.com.ar\\\/info\\\/\",\"logo\":{\"@type\":\"ImageObject\",\"inLanguage\":\"es\",\"@id\":\"https:\\\/\\\/patagoniambiental.com.ar\\\/info\\\/#\\\/schema\\\/logo\\\/image\\\/\",\"url\":\"https:\\\/\\\/patagoniambiental.com.ar\\\/info\\\/wp-content\\\/uploads\\\/2025\\\/05\\\/LOGO-PATAGONIA-AMBIENTAL.png\",\"contentUrl\":\"https:\\\/\\\/patagoniambiental.com.ar\\\/info\\\/wp-content\\\/uploads\\\/2025\\\/05\\\/LOGO-PATAGONIA-AMBIENTAL.png\",\"width\":433,\"height\":250,\"caption\":\"Patagonia Ambiental\"},\"image\":{\"@id\":\"https:\\\/\\\/patagoniambiental.com.ar\\\/info\\\/#\\\/schema\\\/logo\\\/image\\\/\"},\"sameAs\":[\"https:\\\/\\\/www.facebook.com\\\/patagonia.ambiental\",\"https:\\\/\\\/x.com\\\/PatAmb\"]},{\"@type\":\"Person\",\"@id\":\"https:\\\/\\\/patagoniambiental.com.ar\\\/info\\\/#\\\/schema\\\/person\\\/db12bff64bbcbf6a253710bf0ea37b5d\",\"name\":\"Patagonia Ambiental\",\"description\":\"Andr\u00e9s Nievas T\u00e9cnico en manejo ambiental, consultor Ambiental y escritor para medios locales e internacionales sobre temas de geopolitica y medio ambiente.\",\"sameAs\":[\"http:\\\/\\\/www.patagoniambiental.com.ar\",\"https:\\\/\\\/www.facebook.com\\\/share\\\/1C1V8Gv9BX\\\/?mibextid=qi2Omg\",\"@patagoniambiental\",\"https:\\\/\\\/youtube.com\\\/@patagoniaambiental2023?si=BLt58t0wuXquxlYZ\"]}]}<\/script>\n<!-- \/ Yoast SEO Premium plugin. -->","yoast_head_json":{"title":"Especialistas debatir\u00e1n en Madryn sobre planificaci\u00f3n y expansi\u00f3n territorial","robots":{"index":"index","follow":"follow","max-snippet":"max-snippet:-1","max-image-preview":"max-image-preview:large","max-video-preview":"max-video-preview:-1"},"canonical":"https:\/\/patagoniambiental.com.ar\/info\/especialistas-debatiran-en-madryn-sobre-planificacion-y-expansion-territorial\/","og_locale":"es_ES","og_type":"article","og_title":"Especialistas debatir\u00e1n en Madryn sobre planificaci\u00f3n y expansi\u00f3n territorial","og_description":"PUERTO MADRYN.- Las jornadas enmarcadas en el Congreso Hacia la Equidad Territorial (CHET) se realizar\u00e1n el 9, 10 y 11 [&hellip;]","og_url":"https:\/\/patagoniambiental.com.ar\/info\/especialistas-debatiran-en-madryn-sobre-planificacion-y-expansion-territorial\/","og_site_name":"Patagonia Ambiental","article_publisher":"https:\/\/www.facebook.com\/patagonia.ambiental","article_author":"https:\/\/www.facebook.com\/share\/1C1V8Gv9BX\/?mibextid=qi2Omg","article_published_time":"2017-11-09T12:00:27+00:00","og_image":[{"width":400,"height":225,"url":"https:\/\/patagoniambiental.com.ar\/info\/wp-content\/uploads\/2017\/11\/conicet-cempat.jpg","type":"image\/jpeg"}],"author":"Patagonia Ambiental","twitter_card":"summary_large_image","twitter_creator":"@PatAmb","twitter_site":"@PatAmb","schema":{"@context":"https:\/\/schema.org","@graph":[{"@type":"Article","@id":"https:\/\/patagoniambiental.com.ar\/info\/especialistas-debatiran-en-madryn-sobre-planificacion-y-expansion-territorial\/#article","isPartOf":{"@id":"https:\/\/patagoniambiental.com.ar\/info\/especialistas-debatiran-en-madryn-sobre-planificacion-y-expansion-territorial\/"},"author":{"name":"Patagonia Ambiental","@id":"https:\/\/patagoniambiental.com.ar\/info\/#\/schema\/person\/db12bff64bbcbf6a253710bf0ea37b5d"},"headline":"Especialistas debatir\u00e1n en Madryn sobre planificaci\u00f3n y expansi\u00f3n territorial","datePublished":"2017-11-09T12:00:27+00:00","mainEntityOfPage":{"@id":"https:\/\/patagoniambiental.com.ar\/info\/especialistas-debatiran-en-madryn-sobre-planificacion-y-expansion-territorial\/"},"wordCount":1704,"commentCount":0,"publisher":{"@id":"https:\/\/patagoniambiental.com.ar\/info\/#organization"},"image":{"@id":"https:\/\/patagoniambiental.com.ar\/info\/especialistas-debatiran-en-madryn-sobre-planificacion-y-expansion-territorial\/#primaryimage"},"thumbnailUrl":"https:\/\/patagoniambiental.com.ar\/info\/wp-content\/uploads\/2017\/11\/conicet-cempat.jpg","articleSection":["Municipales","Noticias"],"inLanguage":"es","potentialAction":[{"@type":"CommentAction","name":"Comment","target":["https:\/\/patagoniambiental.com.ar\/info\/especialistas-debatiran-en-madryn-sobre-planificacion-y-expansion-territorial\/#respond"]}]},{"@type":"WebPage","@id":"https:\/\/patagoniambiental.com.ar\/info\/especialistas-debatiran-en-madryn-sobre-planificacion-y-expansion-territorial\/","url":"https:\/\/patagoniambiental.com.ar\/info\/especialistas-debatiran-en-madryn-sobre-planificacion-y-expansion-territorial\/","name":"Especialistas debatir\u00e1n en Madryn sobre planificaci\u00f3n y expansi\u00f3n territorial","isPartOf":{"@id":"https:\/\/patagoniambiental.com.ar\/info\/#website"},"primaryImageOfPage":{"@id":"https:\/\/patagoniambiental.com.ar\/info\/especialistas-debatiran-en-madryn-sobre-planificacion-y-expansion-territorial\/#primaryimage"},"image":{"@id":"https:\/\/patagoniambiental.com.ar\/info\/especialistas-debatiran-en-madryn-sobre-planificacion-y-expansion-territorial\/#primaryimage"},"thumbnailUrl":"https:\/\/patagoniambiental.com.ar\/info\/wp-content\/uploads\/2017\/11\/conicet-cempat.jpg","datePublished":"2017-11-09T12:00:27+00:00","breadcrumb":{"@id":"https:\/\/patagoniambiental.com.ar\/info\/especialistas-debatiran-en-madryn-sobre-planificacion-y-expansion-territorial\/#breadcrumb"},"inLanguage":"es","potentialAction":[{"@type":"ReadAction","target":["https:\/\/patagoniambiental.com.ar\/info\/especialistas-debatiran-en-madryn-sobre-planificacion-y-expansion-territorial\/"]}]},{"@type":"ImageObject","inLanguage":"es","@id":"https:\/\/patagoniambiental.com.ar\/info\/especialistas-debatiran-en-madryn-sobre-planificacion-y-expansion-territorial\/#primaryimage","url":"https:\/\/patagoniambiental.com.ar\/info\/wp-content\/uploads\/2017\/11\/conicet-cempat.jpg","contentUrl":"https:\/\/patagoniambiental.com.ar\/info\/wp-content\/uploads\/2017\/11\/conicet-cempat.jpg","width":400,"height":225},{"@type":"BreadcrumbList","@id":"https:\/\/patagoniambiental.com.ar\/info\/especialistas-debatiran-en-madryn-sobre-planificacion-y-expansion-territorial\/#breadcrumb","itemListElement":[{"@type":"ListItem","position":1,"name":"Inicio","item":"https:\/\/patagoniambiental.com.ar\/info\/"},{"@type":"ListItem","position":2,"name":"Especialistas debatir\u00e1n en Madryn sobre planificaci\u00f3n y expansi\u00f3n territorial"}]},{"@type":"WebSite","@id":"https:\/\/patagoniambiental.com.ar\/info\/#website","url":"https:\/\/patagoniambiental.com.ar\/info\/","name":"Patagonia Ambiental","description":"Monitoreo y an\u00e1lisis de la situaci\u00f3n geopol\u00edtica en el mundo y su implicancia en la Patagonia","publisher":{"@id":"https:\/\/patagoniambiental.com.ar\/info\/#organization"},"potentialAction":[{"@type":"SearchAction","target":{"@type":"EntryPoint","urlTemplate":"https:\/\/patagoniambiental.com.ar\/info\/?s={search_term_string}"},"query-input":{"@type":"PropertyValueSpecification","valueRequired":true,"valueName":"search_term_string"}}],"inLanguage":"es"},{"@type":"Organization","@id":"https:\/\/patagoniambiental.com.ar\/info\/#organization","name":"Patagonia Ambiental","url":"https:\/\/patagoniambiental.com.ar\/info\/","logo":{"@type":"ImageObject","inLanguage":"es","@id":"https:\/\/patagoniambiental.com.ar\/info\/#\/schema\/logo\/image\/","url":"https:\/\/patagoniambiental.com.ar\/info\/wp-content\/uploads\/2025\/05\/LOGO-PATAGONIA-AMBIENTAL.png","contentUrl":"https:\/\/patagoniambiental.com.ar\/info\/wp-content\/uploads\/2025\/05\/LOGO-PATAGONIA-AMBIENTAL.png","width":433,"height":250,"caption":"Patagonia Ambiental"},"image":{"@id":"https:\/\/patagoniambiental.com.ar\/info\/#\/schema\/logo\/image\/"},"sameAs":["https:\/\/www.facebook.com\/patagonia.ambiental","https:\/\/x.com\/PatAmb"]},{"@type":"Person","@id":"https:\/\/patagoniambiental.com.ar\/info\/#\/schema\/person\/db12bff64bbcbf6a253710bf0ea37b5d","name":"Patagonia Ambiental","description":"Andr\u00e9s Nievas T\u00e9cnico en manejo ambiental, consultor Ambiental y escritor para medios locales e internacionales sobre temas de geopolitica y medio ambiente.","sameAs":["http:\/\/www.patagoniambiental.com.ar","https:\/\/www.facebook.com\/share\/1C1V8Gv9BX\/?mibextid=qi2Omg","@patagoniambiental","https:\/\/youtube.com\/@patagoniaambiental2023?si=BLt58t0wuXquxlYZ"]}]}},"_links":{"self":[{"href":"https:\/\/patagoniambiental.com.ar\/info\/wp-json\/wp\/v2\/posts\/37834","targetHints":{"allow":["GET"]}}],"collection":[{"href":"https:\/\/patagoniambiental.com.ar\/info\/wp-json\/wp\/v2\/posts"}],"about":[{"href":"https:\/\/patagoniambiental.com.ar\/info\/wp-json\/wp\/v2\/types\/post"}],"author":[{"embeddable":true,"href":"https:\/\/patagoniambiental.com.ar\/info\/wp-json\/wp\/v2\/users\/2"}],"replies":[{"embeddable":true,"href":"https:\/\/patagoniambiental.com.ar\/info\/wp-json\/wp\/v2\/comments?post=37834"}],"version-history":[{"count":0,"href":"https:\/\/patagoniambiental.com.ar\/info\/wp-json\/wp\/v2\/posts\/37834\/revisions"}],"wp:featuredmedia":[{"embeddable":true,"href":"https:\/\/patagoniambiental.com.ar\/info\/wp-json\/wp\/v2\/media\/37835"}],"wp:attachment":[{"href":"https:\/\/patagoniambiental.com.ar\/info\/wp-json\/wp\/v2\/media?parent=37834"}],"wp:term":[{"taxonomy":"category","embeddable":true,"href":"https:\/\/patagoniambiental.com.ar\/info\/wp-json\/wp\/v2\/categories?post=37834"},{"taxonomy":"post_tag","embeddable":true,"href":"https:\/\/patagoniambiental.com.ar\/info\/wp-json\/wp\/v2\/tags?post=37834"}],"curies":[{"name":"wp","href":"https:\/\/api.w.org\/{rel}","templated":true}]}}