{"id":37837,"date":"2017-11-09T09:00:10","date_gmt":"2017-11-09T12:00:10","guid":{"rendered":"http:\/\/patagoniambiental.com.ar\/info\/?p=37837"},"modified":"2017-11-08T20:07:38","modified_gmt":"2017-11-08T23:07:38","slug":"intercambio-de-experiencias-turisticas-con-el-calafate","status":"publish","type":"post","link":"https:\/\/patagoniambiental.com.ar\/info\/intercambio-de-experiencias-turisticas-con-el-calafate\/","title":{"rendered":"Intercambio de experiencias tur\u00edsticas con El Calafate"},"content":{"rendered":"<p>EL CALAFATE.- Este fin de semana, parte del equipo de la Secretar\u00eda de Turismo de la Municipalidad de Puerto Madryn viaj\u00f3 a El Calafate con el fin de intercambiar trabajos y experiencias con sus pares de dicha localidad. All\u00ed se capacitaron y ampliaron informaci\u00f3n sobre los atractivos de la zona y el funcionamiento de cada secretar\u00eda.<br \/>\nDesde la secretar\u00eda aseguraron que el encuentro adem\u00e1s permiti\u00f3 resaltar todos los trabajos en calidad alcanzados por nuestra trayectoria en el SACT. Tambi\u00e9n compartieron informaci\u00f3n sobre las tareas que se llevan adelante en nuestra ciudad en cada una de las \u00e1reas desde lo que es la planificaci\u00f3n, la estad\u00edstica, la atenci\u00f3n al visitante, los eventos y conservaci\u00f3n entre otros temas.<\/p>\n<p><strong>Patagonia Fant\u00e1stica<\/strong><\/p>\n<p>Por otra parte, desde la Sectur destacaron \u201cla importancia de realizar estos intercambios en pos de potenciar a los tres destinos que conforman el Corredor Patagonia Fant\u00e1stica (Ushuaia \u2013 El Calafate y Puerto Madryn). En este sentido se busca la promoci\u00f3n de dicho producto en Centros de Informes, la capacitaci\u00f3n y el conocimiento sobre la oferta en cada ciudad que lo integra y la fortaleza del corredor tur\u00edstico\u201d.<br \/>\nSi bien las principales acciones de \u201cPatagonia Fant\u00e1stica\u201d se enfocan en la captaci\u00f3n de nuevos mercados, tambi\u00e9n el objetivo es ofrecer o mantener lo m\u00e1s unificado posible las modalidades de trabajo, alineados en varios aspectos, aprovechando la actual conectividad a\u00e9rea que se logr\u00f3 en el \u00faltimo tiempo y que es una herramienta fundamental para el corredor.<\/p>\n<div class=\"sharedaddy sd-sharing-enabled\">\u00a0Fuente:\u00a0http:\/\/www.eldiariodemadryn.com\/2017\/11\/intercambio-de-experiencias-con-el-calafate\/<\/div>\n","protected":false},"excerpt":{"rendered":"<p>EL CALAFATE.- Este fin de semana, parte del equipo de la Secretar\u00eda de Turismo de la Municipalidad de Puerto Madryn [&hellip;]<\/p>\n","protected":false},"author":2,"featured_media":37838,"comment_status":"open","ping_status":"open","sticky":false,"template":"","format":"standard","meta":{"site-sidebar-layout":"default","site-content-layout":"","ast-site-content-layout":"default","site-content-style":"default","site-sidebar-style":"default","ast-global-header-display":"","ast-banner-title-visibility":"","ast-main-header-display":"","ast-hfb-above-header-display":"","ast-hfb-below-header-display":"","ast-hfb-mobile-header-display":"","site-post-title":"","ast-breadcrumbs-content":"","ast-featured-img":"","footer-sml-layout":"","ast-disable-related-posts":"","theme-transparent-header-meta":"","adv-header-id-meta":"","stick-header-meta":"","header-above-stick-meta":"","header-main-stick-meta":"","header-below-stick-meta":"","astra-migrate-meta-layouts":"default","ast-page-background-enabled":"default","ast-page-background-meta":{"desktop":{"background-color":"var(--ast-global-color-5)","background-image":"","background-repeat":"repeat","background-position":"center center","background-size":"auto","background-attachment":"scroll","background-type":"","background-media":"","overlay-type":"","overlay-color":"","overlay-opacity":"","overlay-gradient":""},"tablet":{"background-color":"","background-image":"","background-repeat":"repeat","background-position":"center center","background-size":"auto","background-attachment":"scroll","background-type":"","background-media":"","overlay-type":"","overlay-color":"","overlay-opacity":"","overlay-gradient":""},"mobile":{"background-color":"","background-image":"","background-repeat":"repeat","background-position":"center center","background-size":"auto","background-attachment":"scroll","background-type":"","background-media":"","overlay-type":"","overlay-color":"","overlay-opacity":"","overlay-gradient":""}},"ast-content-background-meta":{"desktop":{"background-color":"var(--ast-global-color-4)","background-image":"","background-repeat":"repeat","background-position":"center center","background-size":"auto","background-attachment":"scroll","background-type":"","background-media":"","overlay-type":"","overlay-color":"","overlay-opacity":"","overlay-gradient":""},"tablet":{"background-color":"var(--ast-global-color-4)","background-image":"","background-repeat":"repeat","background-position":"center center","background-size":"auto","background-attachment":"scroll","background-type":"","background-media":"","overlay-type":"","overlay-color":"","overlay-opacity":"","overlay-gradient":""},"mobile":{"background-color":"var(--ast-global-color-4)","background-image":"","background-repeat":"repeat","background-position":"center center","background-size":"auto","background-attachment":"scroll","background-type":"","background-media":"","overlay-type":"","overlay-color":"","overlay-opacity":"","overlay-gradient":""}},"footnotes":""},"categories":[46,1],"tags":[],"class_list":["post-37837","post","type-post","status-publish","format-standard","has-post-thumbnail","hentry","category-municipios","category-noticias"],"yoast_head":"<!-- This site is optimized with the Yoast SEO Premium plugin v23.0 (Yoast SEO v27.4) - https:\/\/yoast.com\/product\/yoast-seo-premium-wordpress\/ -->\n<title>Intercambio de experiencias tur\u00edsticas con El Calafate<\/title>\n<meta name=\"robots\" content=\"index, follow, max-snippet:-1, max-image-preview:large, max-video-preview:-1\" \/>\n<link rel=\"canonical\" href=\"https:\/\/patagoniambiental.com.ar\/info\/intercambio-de-experiencias-turisticas-con-el-calafate\/\" \/>\n<meta property=\"og:locale\" content=\"es_ES\" \/>\n<meta property=\"og:type\" content=\"article\" \/>\n<meta property=\"og:title\" content=\"Intercambio de experiencias tur\u00edsticas con El Calafate\" \/>\n<meta property=\"og:description\" content=\"EL CALAFATE.- Este fin de semana, parte del equipo de la Secretar\u00eda de Turismo de la Municipalidad de Puerto Madryn [&hellip;]\" \/>\n<meta property=\"og:url\" content=\"https:\/\/patagoniambiental.com.ar\/info\/intercambio-de-experiencias-turisticas-con-el-calafate\/\" \/>\n<meta property=\"og:site_name\" content=\"Patagonia Ambiental\" \/>\n<meta property=\"article:publisher\" content=\"https:\/\/www.facebook.com\/patagonia.ambiental\" \/>\n<meta property=\"article:author\" content=\"https:\/\/www.facebook.com\/share\/1C1V8Gv9BX\/?mibextid=qi2Omg\" \/>\n<meta property=\"article:published_time\" content=\"2017-11-09T12:00:10+00:00\" \/>\n<meta property=\"og:image\" content=\"https:\/\/patagoniambiental.com.ar\/info\/wp-content\/uploads\/2017\/11\/el-calafate.jpg\" \/>\n\t<meta property=\"og:image:width\" content=\"400\" \/>\n\t<meta property=\"og:image:height\" content=\"225\" \/>\n\t<meta property=\"og:image:type\" content=\"image\/jpeg\" \/>\n<meta name=\"author\" content=\"Patagonia Ambiental\" \/>\n<meta name=\"twitter:card\" content=\"summary_large_image\" \/>\n<meta name=\"twitter:creator\" content=\"@PatAmb\" \/>\n<meta name=\"twitter:site\" content=\"@PatAmb\" \/>\n<script type=\"application\/ld+json\" class=\"yoast-schema-graph\">{\"@context\":\"https:\\\/\\\/schema.org\",\"@graph\":[{\"@type\":\"Article\",\"@id\":\"https:\\\/\\\/patagoniambiental.com.ar\\\/info\\\/intercambio-de-experiencias-turisticas-con-el-calafate\\\/#article\",\"isPartOf\":{\"@id\":\"https:\\\/\\\/patagoniambiental.com.ar\\\/info\\\/intercambio-de-experiencias-turisticas-con-el-calafate\\\/\"},\"author\":{\"name\":\"Patagonia Ambiental\",\"@id\":\"https:\\\/\\\/patagoniambiental.com.ar\\\/info\\\/#\\\/schema\\\/person\\\/db12bff64bbcbf6a253710bf0ea37b5d\"},\"headline\":\"Intercambio de experiencias tur\u00edsticas con El Calafate\",\"datePublished\":\"2017-11-09T12:00:10+00:00\",\"mainEntityOfPage\":{\"@id\":\"https:\\\/\\\/patagoniambiental.com.ar\\\/info\\\/intercambio-de-experiencias-turisticas-con-el-calafate\\\/\"},\"wordCount\":277,\"commentCount\":0,\"publisher\":{\"@id\":\"https:\\\/\\\/patagoniambiental.com.ar\\\/info\\\/#organization\"},\"image\":{\"@id\":\"https:\\\/\\\/patagoniambiental.com.ar\\\/info\\\/intercambio-de-experiencias-turisticas-con-el-calafate\\\/#primaryimage\"},\"thumbnailUrl\":\"https:\\\/\\\/patagoniambiental.com.ar\\\/info\\\/wp-content\\\/uploads\\\/2017\\\/11\\\/el-calafate.jpg\",\"articleSection\":[\"Municipios\",\"Noticias\"],\"inLanguage\":\"es\",\"potentialAction\":[{\"@type\":\"CommentAction\",\"name\":\"Comment\",\"target\":[\"https:\\\/\\\/patagoniambiental.com.ar\\\/info\\\/intercambio-de-experiencias-turisticas-con-el-calafate\\\/#respond\"]}]},{\"@type\":\"WebPage\",\"@id\":\"https:\\\/\\\/patagoniambiental.com.ar\\\/info\\\/intercambio-de-experiencias-turisticas-con-el-calafate\\\/\",\"url\":\"https:\\\/\\\/patagoniambiental.com.ar\\\/info\\\/intercambio-de-experiencias-turisticas-con-el-calafate\\\/\",\"name\":\"Intercambio de experiencias tur\u00edsticas con El Calafate\",\"isPartOf\":{\"@id\":\"https:\\\/\\\/patagoniambiental.com.ar\\\/info\\\/#website\"},\"primaryImageOfPage\":{\"@id\":\"https:\\\/\\\/patagoniambiental.com.ar\\\/info\\\/intercambio-de-experiencias-turisticas-con-el-calafate\\\/#primaryimage\"},\"image\":{\"@id\":\"https:\\\/\\\/patagoniambiental.com.ar\\\/info\\\/intercambio-de-experiencias-turisticas-con-el-calafate\\\/#primaryimage\"},\"thumbnailUrl\":\"https:\\\/\\\/patagoniambiental.com.ar\\\/info\\\/wp-content\\\/uploads\\\/2017\\\/11\\\/el-calafate.jpg\",\"datePublished\":\"2017-11-09T12:00:10+00:00\",\"breadcrumb\":{\"@id\":\"https:\\\/\\\/patagoniambiental.com.ar\\\/info\\\/intercambio-de-experiencias-turisticas-con-el-calafate\\\/#breadcrumb\"},\"inLanguage\":\"es\",\"potentialAction\":[{\"@type\":\"ReadAction\",\"target\":[\"https:\\\/\\\/patagoniambiental.com.ar\\\/info\\\/intercambio-de-experiencias-turisticas-con-el-calafate\\\/\"]}]},{\"@type\":\"ImageObject\",\"inLanguage\":\"es\",\"@id\":\"https:\\\/\\\/patagoniambiental.com.ar\\\/info\\\/intercambio-de-experiencias-turisticas-con-el-calafate\\\/#primaryimage\",\"url\":\"https:\\\/\\\/patagoniambiental.com.ar\\\/info\\\/wp-content\\\/uploads\\\/2017\\\/11\\\/el-calafate.jpg\",\"contentUrl\":\"https:\\\/\\\/patagoniambiental.com.ar\\\/info\\\/wp-content\\\/uploads\\\/2017\\\/11\\\/el-calafate.jpg\",\"width\":400,\"height\":225},{\"@type\":\"BreadcrumbList\",\"@id\":\"https:\\\/\\\/patagoniambiental.com.ar\\\/info\\\/intercambio-de-experiencias-turisticas-con-el-calafate\\\/#breadcrumb\",\"itemListElement\":[{\"@type\":\"ListItem\",\"position\":1,\"name\":\"Inicio\",\"item\":\"https:\\\/\\\/patagoniambiental.com.ar\\\/info\\\/\"},{\"@type\":\"ListItem\",\"position\":2,\"name\":\"Intercambio de experiencias tur\u00edsticas con El Calafate\"}]},{\"@type\":\"WebSite\",\"@id\":\"https:\\\/\\\/patagoniambiental.com.ar\\\/info\\\/#website\",\"url\":\"https:\\\/\\\/patagoniambiental.com.ar\\\/info\\\/\",\"name\":\"Patagonia Ambiental\",\"description\":\"Monitoreo y an\u00e1lisis de la situaci\u00f3n geopol\u00edtica en el mundo y su implicancia en la Patagonia\",\"publisher\":{\"@id\":\"https:\\\/\\\/patagoniambiental.com.ar\\\/info\\\/#organization\"},\"potentialAction\":[{\"@type\":\"SearchAction\",\"target\":{\"@type\":\"EntryPoint\",\"urlTemplate\":\"https:\\\/\\\/patagoniambiental.com.ar\\\/info\\\/?s={search_term_string}\"},\"query-input\":{\"@type\":\"PropertyValueSpecification\",\"valueRequired\":true,\"valueName\":\"search_term_string\"}}],\"inLanguage\":\"es\"},{\"@type\":\"Organization\",\"@id\":\"https:\\\/\\\/patagoniambiental.com.ar\\\/info\\\/#organization\",\"name\":\"Patagonia Ambiental\",\"url\":\"https:\\\/\\\/patagoniambiental.com.ar\\\/info\\\/\",\"logo\":{\"@type\":\"ImageObject\",\"inLanguage\":\"es\",\"@id\":\"https:\\\/\\\/patagoniambiental.com.ar\\\/info\\\/#\\\/schema\\\/logo\\\/image\\\/\",\"url\":\"https:\\\/\\\/patagoniambiental.com.ar\\\/info\\\/wp-content\\\/uploads\\\/2025\\\/05\\\/LOGO-PATAGONIA-AMBIENTAL.png\",\"contentUrl\":\"https:\\\/\\\/patagoniambiental.com.ar\\\/info\\\/wp-content\\\/uploads\\\/2025\\\/05\\\/LOGO-PATAGONIA-AMBIENTAL.png\",\"width\":433,\"height\":250,\"caption\":\"Patagonia Ambiental\"},\"image\":{\"@id\":\"https:\\\/\\\/patagoniambiental.com.ar\\\/info\\\/#\\\/schema\\\/logo\\\/image\\\/\"},\"sameAs\":[\"https:\\\/\\\/www.facebook.com\\\/patagonia.ambiental\",\"https:\\\/\\\/x.com\\\/PatAmb\"]},{\"@type\":\"Person\",\"@id\":\"https:\\\/\\\/patagoniambiental.com.ar\\\/info\\\/#\\\/schema\\\/person\\\/db12bff64bbcbf6a253710bf0ea37b5d\",\"name\":\"Patagonia Ambiental\",\"description\":\"Andr\u00e9s Nievas T\u00e9cnico en manejo ambiental, consultor Ambiental y escritor para medios locales e internacionales sobre temas de geopolitica y medio ambiente.\",\"sameAs\":[\"http:\\\/\\\/www.patagoniambiental.com.ar\",\"https:\\\/\\\/www.facebook.com\\\/share\\\/1C1V8Gv9BX\\\/?mibextid=qi2Omg\",\"@patagoniambiental\",\"https:\\\/\\\/youtube.com\\\/@patagoniaambiental2023?si=BLt58t0wuXquxlYZ\"]}]}<\/script>\n<!-- \/ Yoast SEO Premium plugin. -->","yoast_head_json":{"title":"Intercambio de experiencias tur\u00edsticas con El Calafate","robots":{"index":"index","follow":"follow","max-snippet":"max-snippet:-1","max-image-preview":"max-image-preview:large","max-video-preview":"max-video-preview:-1"},"canonical":"https:\/\/patagoniambiental.com.ar\/info\/intercambio-de-experiencias-turisticas-con-el-calafate\/","og_locale":"es_ES","og_type":"article","og_title":"Intercambio de experiencias tur\u00edsticas con El Calafate","og_description":"EL CALAFATE.- Este fin de semana, parte del equipo de la Secretar\u00eda de Turismo de la Municipalidad de Puerto Madryn [&hellip;]","og_url":"https:\/\/patagoniambiental.com.ar\/info\/intercambio-de-experiencias-turisticas-con-el-calafate\/","og_site_name":"Patagonia Ambiental","article_publisher":"https:\/\/www.facebook.com\/patagonia.ambiental","article_author":"https:\/\/www.facebook.com\/share\/1C1V8Gv9BX\/?mibextid=qi2Omg","article_published_time":"2017-11-09T12:00:10+00:00","og_image":[{"width":400,"height":225,"url":"https:\/\/patagoniambiental.com.ar\/info\/wp-content\/uploads\/2017\/11\/el-calafate.jpg","type":"image\/jpeg"}],"author":"Patagonia Ambiental","twitter_card":"summary_large_image","twitter_creator":"@PatAmb","twitter_site":"@PatAmb","schema":{"@context":"https:\/\/schema.org","@graph":[{"@type":"Article","@id":"https:\/\/patagoniambiental.com.ar\/info\/intercambio-de-experiencias-turisticas-con-el-calafate\/#article","isPartOf":{"@id":"https:\/\/patagoniambiental.com.ar\/info\/intercambio-de-experiencias-turisticas-con-el-calafate\/"},"author":{"name":"Patagonia Ambiental","@id":"https:\/\/patagoniambiental.com.ar\/info\/#\/schema\/person\/db12bff64bbcbf6a253710bf0ea37b5d"},"headline":"Intercambio de experiencias tur\u00edsticas con El Calafate","datePublished":"2017-11-09T12:00:10+00:00","mainEntityOfPage":{"@id":"https:\/\/patagoniambiental.com.ar\/info\/intercambio-de-experiencias-turisticas-con-el-calafate\/"},"wordCount":277,"commentCount":0,"publisher":{"@id":"https:\/\/patagoniambiental.com.ar\/info\/#organization"},"image":{"@id":"https:\/\/patagoniambiental.com.ar\/info\/intercambio-de-experiencias-turisticas-con-el-calafate\/#primaryimage"},"thumbnailUrl":"https:\/\/patagoniambiental.com.ar\/info\/wp-content\/uploads\/2017\/11\/el-calafate.jpg","articleSection":["Municipios","Noticias"],"inLanguage":"es","potentialAction":[{"@type":"CommentAction","name":"Comment","target":["https:\/\/patagoniambiental.com.ar\/info\/intercambio-de-experiencias-turisticas-con-el-calafate\/#respond"]}]},{"@type":"WebPage","@id":"https:\/\/patagoniambiental.com.ar\/info\/intercambio-de-experiencias-turisticas-con-el-calafate\/","url":"https:\/\/patagoniambiental.com.ar\/info\/intercambio-de-experiencias-turisticas-con-el-calafate\/","name":"Intercambio de experiencias tur\u00edsticas con El Calafate","isPartOf":{"@id":"https:\/\/patagoniambiental.com.ar\/info\/#website"},"primaryImageOfPage":{"@id":"https:\/\/patagoniambiental.com.ar\/info\/intercambio-de-experiencias-turisticas-con-el-calafate\/#primaryimage"},"image":{"@id":"https:\/\/patagoniambiental.com.ar\/info\/intercambio-de-experiencias-turisticas-con-el-calafate\/#primaryimage"},"thumbnailUrl":"https:\/\/patagoniambiental.com.ar\/info\/wp-content\/uploads\/2017\/11\/el-calafate.jpg","datePublished":"2017-11-09T12:00:10+00:00","breadcrumb":{"@id":"https:\/\/patagoniambiental.com.ar\/info\/intercambio-de-experiencias-turisticas-con-el-calafate\/#breadcrumb"},"inLanguage":"es","potentialAction":[{"@type":"ReadAction","target":["https:\/\/patagoniambiental.com.ar\/info\/intercambio-de-experiencias-turisticas-con-el-calafate\/"]}]},{"@type":"ImageObject","inLanguage":"es","@id":"https:\/\/patagoniambiental.com.ar\/info\/intercambio-de-experiencias-turisticas-con-el-calafate\/#primaryimage","url":"https:\/\/patagoniambiental.com.ar\/info\/wp-content\/uploads\/2017\/11\/el-calafate.jpg","contentUrl":"https:\/\/patagoniambiental.com.ar\/info\/wp-content\/uploads\/2017\/11\/el-calafate.jpg","width":400,"height":225},{"@type":"BreadcrumbList","@id":"https:\/\/patagoniambiental.com.ar\/info\/intercambio-de-experiencias-turisticas-con-el-calafate\/#breadcrumb","itemListElement":[{"@type":"ListItem","position":1,"name":"Inicio","item":"https:\/\/patagoniambiental.com.ar\/info\/"},{"@type":"ListItem","position":2,"name":"Intercambio de experiencias tur\u00edsticas con El Calafate"}]},{"@type":"WebSite","@id":"https:\/\/patagoniambiental.com.ar\/info\/#website","url":"https:\/\/patagoniambiental.com.ar\/info\/","name":"Patagonia Ambiental","description":"Monitoreo y an\u00e1lisis de la situaci\u00f3n geopol\u00edtica en el mundo y su implicancia en la Patagonia","publisher":{"@id":"https:\/\/patagoniambiental.com.ar\/info\/#organization"},"potentialAction":[{"@type":"SearchAction","target":{"@type":"EntryPoint","urlTemplate":"https:\/\/patagoniambiental.com.ar\/info\/?s={search_term_string}"},"query-input":{"@type":"PropertyValueSpecification","valueRequired":true,"valueName":"search_term_string"}}],"inLanguage":"es"},{"@type":"Organization","@id":"https:\/\/patagoniambiental.com.ar\/info\/#organization","name":"Patagonia Ambiental","url":"https:\/\/patagoniambiental.com.ar\/info\/","logo":{"@type":"ImageObject","inLanguage":"es","@id":"https:\/\/patagoniambiental.com.ar\/info\/#\/schema\/logo\/image\/","url":"https:\/\/patagoniambiental.com.ar\/info\/wp-content\/uploads\/2025\/05\/LOGO-PATAGONIA-AMBIENTAL.png","contentUrl":"https:\/\/patagoniambiental.com.ar\/info\/wp-content\/uploads\/2025\/05\/LOGO-PATAGONIA-AMBIENTAL.png","width":433,"height":250,"caption":"Patagonia Ambiental"},"image":{"@id":"https:\/\/patagoniambiental.com.ar\/info\/#\/schema\/logo\/image\/"},"sameAs":["https:\/\/www.facebook.com\/patagonia.ambiental","https:\/\/x.com\/PatAmb"]},{"@type":"Person","@id":"https:\/\/patagoniambiental.com.ar\/info\/#\/schema\/person\/db12bff64bbcbf6a253710bf0ea37b5d","name":"Patagonia Ambiental","description":"Andr\u00e9s Nievas T\u00e9cnico en manejo ambiental, consultor Ambiental y escritor para medios locales e internacionales sobre temas de geopolitica y medio ambiente.","sameAs":["http:\/\/www.patagoniambiental.com.ar","https:\/\/www.facebook.com\/share\/1C1V8Gv9BX\/?mibextid=qi2Omg","@patagoniambiental","https:\/\/youtube.com\/@patagoniaambiental2023?si=BLt58t0wuXquxlYZ"]}]}},"_links":{"self":[{"href":"https:\/\/patagoniambiental.com.ar\/info\/wp-json\/wp\/v2\/posts\/37837","targetHints":{"allow":["GET"]}}],"collection":[{"href":"https:\/\/patagoniambiental.com.ar\/info\/wp-json\/wp\/v2\/posts"}],"about":[{"href":"https:\/\/patagoniambiental.com.ar\/info\/wp-json\/wp\/v2\/types\/post"}],"author":[{"embeddable":true,"href":"https:\/\/patagoniambiental.com.ar\/info\/wp-json\/wp\/v2\/users\/2"}],"replies":[{"embeddable":true,"href":"https:\/\/patagoniambiental.com.ar\/info\/wp-json\/wp\/v2\/comments?post=37837"}],"version-history":[{"count":0,"href":"https:\/\/patagoniambiental.com.ar\/info\/wp-json\/wp\/v2\/posts\/37837\/revisions"}],"wp:featuredmedia":[{"embeddable":true,"href":"https:\/\/patagoniambiental.com.ar\/info\/wp-json\/wp\/v2\/media\/37838"}],"wp:attachment":[{"href":"https:\/\/patagoniambiental.com.ar\/info\/wp-json\/wp\/v2\/media?parent=37837"}],"wp:term":[{"taxonomy":"category","embeddable":true,"href":"https:\/\/patagoniambiental.com.ar\/info\/wp-json\/wp\/v2\/categories?post=37837"},{"taxonomy":"post_tag","embeddable":true,"href":"https:\/\/patagoniambiental.com.ar\/info\/wp-json\/wp\/v2\/tags?post=37837"}],"curies":[{"name":"wp","href":"https:\/\/api.w.org\/{rel}","templated":true}]}}