{"id":37847,"date":"2017-11-09T10:00:58","date_gmt":"2017-11-09T13:00:58","guid":{"rendered":"http:\/\/patagoniambiental.com.ar\/info\/?p=37847"},"modified":"2017-11-09T10:00:58","modified_gmt":"2017-11-09T13:00:58","slug":"luego-de-un-mes-sin-ataques-derriban-antena-utilizada-por-carabineros-en-la-araucania","status":"publish","type":"post","link":"https:\/\/patagoniambiental.com.ar\/info\/luego-de-un-mes-sin-ataques-derriban-antena-utilizada-por-carabineros-en-la-araucania\/","title":{"rendered":"Luego de un mes sin ataques  derriban antena utilizada por Carabineros en La Araucania"},"content":{"rendered":"<p><span style=\"font-family: Arial, Helvetica, sans-serif; font-size: small;\"><b>La Araucania.-En Ercilla se encontraron panfletos en apoyo a presos mapuches. Luego, una patrulla de la polic\u00eda fue emboscada.<\/b>\u00a0<\/span><\/p>\n<p><!--more--><\/p>\n<p><span style=\"font-family: Verdana, Arial, Helvetica, sans-serif; font-size: small;\"><b>R. Godoy y V. Vega<\/b><\/span><br \/>\n<span style=\"font-family: Verdana, Arial, Helvetica, sans-serif; font-size: small;\"><b>Nacional<\/b><\/span><br \/>\n<span style=\"font-family: Verdana, Arial, Helvetica, sans-serif; font-size: small;\"><b>El Mercurio<\/b><\/span><\/p>\n<p><span class=\"arial12\">Tras un mes sin ataques en la regi\u00f3n, la madrugada de ayer desconocidos derribaron una antena de telecomunicaciones utilizada por Carabineros del sector, en la comuna de Ercilla.<\/span><\/p>\n<p><span class=\"arial12\">En el lugar se encontr\u00f3 un panfleto con consignas de presos mapuches que est\u00e1 siendo investigado por la PDI. Seg\u00fan los primeros antecedentes, los individuos habr\u00edan retirado los pernos de la base, con lo que la torre se habr\u00eda desplomado.<\/span><\/p>\n<p><span class=\"arial12\">En una visita a Concepci\u00f3n, el subsecretario del Interior, Mahmud Aleuy, manifest\u00f3 estar a la espera de que \u00abla fiscal\u00eda informe detalles para establecer el tipo de querella que vamos a presentar\u00bb.<\/span><\/p>\n<p><span class=\"arial12\">Luego, en la misma Ercilla, en un procedimiento efectuado por personal del GOPE en la comunidad Cu\u00f1imil Curileo, donde se buscaba una camioneta robada el 23 de octubre a una empresa de la zona, Carabineros inform\u00f3 de una emboscada a una patrulla. Desde casas y bosques cercanos se les habr\u00eda disparado a los polic\u00edas, lo que provoc\u00f3 la suspensi\u00f3n de la diligencia.<\/span><\/p>\n<p><span class=\"arial12\">No hubo carabineros lesionados, aunque la camioneta en que viajaban recibi\u00f3 nueve impactos de bala.<\/span><\/p>\n<p><span class=\"arial12\">La polic\u00eda se\u00f1al\u00f3, adem\u00e1s, que una persona se present\u00f3 en la subcomisar\u00eda de Ercilla afirmando que su domicilio hab\u00eda sido da\u00f1ado por los disparos.<\/span><\/p>\n<p>Fuente:http:\/\/www.economiaynegocios.cl\/noticias\/noticias.asp?id=415124<\/p>\n","protected":false},"excerpt":{"rendered":"<p>La Araucania.-En Ercilla se encontraron panfletos en apoyo a presos mapuches. Luego, una patrulla de la polic\u00eda fue emboscada.\u00a0<\/p>\n","protected":false},"author":2,"featured_media":37848,"comment_status":"open","ping_status":"open","sticky":false,"template":"","format":"standard","meta":{"site-sidebar-layout":"default","site-content-layout":"","ast-site-content-layout":"default","site-content-style":"default","site-sidebar-style":"default","ast-global-header-display":"","ast-banner-title-visibility":"","ast-main-header-display":"","ast-hfb-above-header-display":"","ast-hfb-below-header-display":"","ast-hfb-mobile-header-display":"","site-post-title":"","ast-breadcrumbs-content":"","ast-featured-img":"","footer-sml-layout":"","ast-disable-related-posts":"","theme-transparent-header-meta":"","adv-header-id-meta":"","stick-header-meta":"","header-above-stick-meta":"","header-main-stick-meta":"","header-below-stick-meta":"","astra-migrate-meta-layouts":"default","ast-page-background-enabled":"default","ast-page-background-meta":{"desktop":{"background-color":"var(--ast-global-color-5)","background-image":"","background-repeat":"repeat","background-position":"center center","background-size":"auto","background-attachment":"scroll","background-type":"","background-media":"","overlay-type":"","overlay-color":"","overlay-opacity":"","overlay-gradient":""},"tablet":{"background-color":"","background-image":"","background-repeat":"repeat","background-position":"center center","background-size":"auto","background-attachment":"scroll","background-type":"","background-media":"","overlay-type":"","overlay-color":"","overlay-opacity":"","overlay-gradient":""},"mobile":{"background-color":"","background-image":"","background-repeat":"repeat","background-position":"center center","background-size":"auto","background-attachment":"scroll","background-type":"","background-media":"","overlay-type":"","overlay-color":"","overlay-opacity":"","overlay-gradient":""}},"ast-content-background-meta":{"desktop":{"background-color":"var(--ast-global-color-4)","background-image":"","background-repeat":"repeat","background-position":"center center","background-size":"auto","background-attachment":"scroll","background-type":"","background-media":"","overlay-type":"","overlay-color":"","overlay-opacity":"","overlay-gradient":""},"tablet":{"background-color":"var(--ast-global-color-4)","background-image":"","background-repeat":"repeat","background-position":"center center","background-size":"auto","background-attachment":"scroll","background-type":"","background-media":"","overlay-type":"","overlay-color":"","overlay-opacity":"","overlay-gradient":""},"mobile":{"background-color":"var(--ast-global-color-4)","background-image":"","background-repeat":"repeat","background-position":"center center","background-size":"auto","background-attachment":"scroll","background-type":"","background-media":"","overlay-type":"","overlay-color":"","overlay-opacity":"","overlay-gradient":""}},"footnotes":""},"categories":[23,1],"tags":[],"class_list":["post-37847","post","type-post","status-publish","format-standard","has-post-thumbnail","hentry","category-internacionales","category-noticias"],"yoast_head":"<!-- This site is optimized with the Yoast SEO Premium plugin v23.0 (Yoast SEO v27.4) - https:\/\/yoast.com\/product\/yoast-seo-premium-wordpress\/ -->\n<title>Luego de un mes sin ataques derriban antena utilizada por Carabineros en La Araucania<\/title>\n<meta name=\"robots\" content=\"index, follow, max-snippet:-1, max-image-preview:large, max-video-preview:-1\" \/>\n<link rel=\"canonical\" href=\"https:\/\/patagoniambiental.com.ar\/info\/luego-de-un-mes-sin-ataques-derriban-antena-utilizada-por-carabineros-en-la-araucania\/\" \/>\n<meta property=\"og:locale\" content=\"es_ES\" \/>\n<meta property=\"og:type\" content=\"article\" \/>\n<meta property=\"og:title\" content=\"Luego de un mes sin ataques derriban antena utilizada por Carabineros en La Araucania\" \/>\n<meta property=\"og:description\" content=\"La Araucania.-En Ercilla se encontraron panfletos en apoyo a presos mapuches. Luego, una patrulla de la polic\u00eda fue emboscada.\u00a0\" \/>\n<meta property=\"og:url\" content=\"https:\/\/patagoniambiental.com.ar\/info\/luego-de-un-mes-sin-ataques-derriban-antena-utilizada-por-carabineros-en-la-araucania\/\" \/>\n<meta property=\"og:site_name\" content=\"Patagonia Ambiental\" \/>\n<meta property=\"article:publisher\" content=\"https:\/\/www.facebook.com\/patagonia.ambiental\" \/>\n<meta property=\"article:author\" content=\"https:\/\/www.facebook.com\/share\/1C1V8Gv9BX\/?mibextid=qi2Omg\" \/>\n<meta property=\"article:published_time\" content=\"2017-11-09T13:00:58+00:00\" \/>\n<meta property=\"og:image\" content=\"https:\/\/patagoniambiental.com.ar\/info\/wp-content\/uploads\/2017\/11\/file_20171107105921.jpg\" \/>\n\t<meta property=\"og:image:width\" content=\"820\" \/>\n\t<meta property=\"og:image:height\" content=\"569\" \/>\n\t<meta property=\"og:image:type\" content=\"image\/jpeg\" \/>\n<meta name=\"author\" content=\"Patagonia Ambiental\" \/>\n<meta name=\"twitter:card\" content=\"summary_large_image\" \/>\n<meta name=\"twitter:creator\" content=\"@PatAmb\" \/>\n<meta name=\"twitter:site\" content=\"@PatAmb\" \/>\n<script type=\"application\/ld+json\" class=\"yoast-schema-graph\">{\"@context\":\"https:\\\/\\\/schema.org\",\"@graph\":[{\"@type\":\"Article\",\"@id\":\"https:\\\/\\\/patagoniambiental.com.ar\\\/info\\\/luego-de-un-mes-sin-ataques-derriban-antena-utilizada-por-carabineros-en-la-araucania\\\/#article\",\"isPartOf\":{\"@id\":\"https:\\\/\\\/patagoniambiental.com.ar\\\/info\\\/luego-de-un-mes-sin-ataques-derriban-antena-utilizada-por-carabineros-en-la-araucania\\\/\"},\"author\":{\"name\":\"Patagonia Ambiental\",\"@id\":\"https:\\\/\\\/patagoniambiental.com.ar\\\/info\\\/#\\\/schema\\\/person\\\/db12bff64bbcbf6a253710bf0ea37b5d\"},\"headline\":\"Luego de un mes sin ataques derriban antena utilizada por Carabineros en La Araucania\",\"datePublished\":\"2017-11-09T13:00:58+00:00\",\"mainEntityOfPage\":{\"@id\":\"https:\\\/\\\/patagoniambiental.com.ar\\\/info\\\/luego-de-un-mes-sin-ataques-derriban-antena-utilizada-por-carabineros-en-la-araucania\\\/\"},\"wordCount\":268,\"commentCount\":0,\"publisher\":{\"@id\":\"https:\\\/\\\/patagoniambiental.com.ar\\\/info\\\/#organization\"},\"image\":{\"@id\":\"https:\\\/\\\/patagoniambiental.com.ar\\\/info\\\/luego-de-un-mes-sin-ataques-derriban-antena-utilizada-por-carabineros-en-la-araucania\\\/#primaryimage\"},\"thumbnailUrl\":\"https:\\\/\\\/patagoniambiental.com.ar\\\/info\\\/wp-content\\\/uploads\\\/2017\\\/11\\\/file_20171107105921.jpg\",\"articleSection\":[\"Internacionales\",\"Noticias\"],\"inLanguage\":\"es\",\"potentialAction\":[{\"@type\":\"CommentAction\",\"name\":\"Comment\",\"target\":[\"https:\\\/\\\/patagoniambiental.com.ar\\\/info\\\/luego-de-un-mes-sin-ataques-derriban-antena-utilizada-por-carabineros-en-la-araucania\\\/#respond\"]}]},{\"@type\":\"WebPage\",\"@id\":\"https:\\\/\\\/patagoniambiental.com.ar\\\/info\\\/luego-de-un-mes-sin-ataques-derriban-antena-utilizada-por-carabineros-en-la-araucania\\\/\",\"url\":\"https:\\\/\\\/patagoniambiental.com.ar\\\/info\\\/luego-de-un-mes-sin-ataques-derriban-antena-utilizada-por-carabineros-en-la-araucania\\\/\",\"name\":\"Luego de un mes sin ataques derriban antena utilizada por Carabineros en La Araucania\",\"isPartOf\":{\"@id\":\"https:\\\/\\\/patagoniambiental.com.ar\\\/info\\\/#website\"},\"primaryImageOfPage\":{\"@id\":\"https:\\\/\\\/patagoniambiental.com.ar\\\/info\\\/luego-de-un-mes-sin-ataques-derriban-antena-utilizada-por-carabineros-en-la-araucania\\\/#primaryimage\"},\"image\":{\"@id\":\"https:\\\/\\\/patagoniambiental.com.ar\\\/info\\\/luego-de-un-mes-sin-ataques-derriban-antena-utilizada-por-carabineros-en-la-araucania\\\/#primaryimage\"},\"thumbnailUrl\":\"https:\\\/\\\/patagoniambiental.com.ar\\\/info\\\/wp-content\\\/uploads\\\/2017\\\/11\\\/file_20171107105921.jpg\",\"datePublished\":\"2017-11-09T13:00:58+00:00\",\"breadcrumb\":{\"@id\":\"https:\\\/\\\/patagoniambiental.com.ar\\\/info\\\/luego-de-un-mes-sin-ataques-derriban-antena-utilizada-por-carabineros-en-la-araucania\\\/#breadcrumb\"},\"inLanguage\":\"es\",\"potentialAction\":[{\"@type\":\"ReadAction\",\"target\":[\"https:\\\/\\\/patagoniambiental.com.ar\\\/info\\\/luego-de-un-mes-sin-ataques-derriban-antena-utilizada-por-carabineros-en-la-araucania\\\/\"]}]},{\"@type\":\"ImageObject\",\"inLanguage\":\"es\",\"@id\":\"https:\\\/\\\/patagoniambiental.com.ar\\\/info\\\/luego-de-un-mes-sin-ataques-derriban-antena-utilizada-por-carabineros-en-la-araucania\\\/#primaryimage\",\"url\":\"https:\\\/\\\/patagoniambiental.com.ar\\\/info\\\/wp-content\\\/uploads\\\/2017\\\/11\\\/file_20171107105921.jpg\",\"contentUrl\":\"https:\\\/\\\/patagoniambiental.com.ar\\\/info\\\/wp-content\\\/uploads\\\/2017\\\/11\\\/file_20171107105921.jpg\",\"width\":820,\"height\":569,\"caption\":\"http:\\\/\\\/www.soychile.cl\\\/Temuco\\\/Policial\\\/2017\\\/11\\\/07\\\/497383\\\/Derribaron-antena-de-telecomunicaciones-en-Ercilla-se-encontro-lienzo-de-causa-mapuche.aspx\"},{\"@type\":\"BreadcrumbList\",\"@id\":\"https:\\\/\\\/patagoniambiental.com.ar\\\/info\\\/luego-de-un-mes-sin-ataques-derriban-antena-utilizada-por-carabineros-en-la-araucania\\\/#breadcrumb\",\"itemListElement\":[{\"@type\":\"ListItem\",\"position\":1,\"name\":\"Inicio\",\"item\":\"https:\\\/\\\/patagoniambiental.com.ar\\\/info\\\/\"},{\"@type\":\"ListItem\",\"position\":2,\"name\":\"Luego de un mes sin ataques derriban antena utilizada por Carabineros en La Araucania\"}]},{\"@type\":\"WebSite\",\"@id\":\"https:\\\/\\\/patagoniambiental.com.ar\\\/info\\\/#website\",\"url\":\"https:\\\/\\\/patagoniambiental.com.ar\\\/info\\\/\",\"name\":\"Patagonia Ambiental\",\"description\":\"Monitoreo y an\u00e1lisis de la situaci\u00f3n geopol\u00edtica en el mundo y su implicancia en la Patagonia\",\"publisher\":{\"@id\":\"https:\\\/\\\/patagoniambiental.com.ar\\\/info\\\/#organization\"},\"potentialAction\":[{\"@type\":\"SearchAction\",\"target\":{\"@type\":\"EntryPoint\",\"urlTemplate\":\"https:\\\/\\\/patagoniambiental.com.ar\\\/info\\\/?s={search_term_string}\"},\"query-input\":{\"@type\":\"PropertyValueSpecification\",\"valueRequired\":true,\"valueName\":\"search_term_string\"}}],\"inLanguage\":\"es\"},{\"@type\":\"Organization\",\"@id\":\"https:\\\/\\\/patagoniambiental.com.ar\\\/info\\\/#organization\",\"name\":\"Patagonia Ambiental\",\"url\":\"https:\\\/\\\/patagoniambiental.com.ar\\\/info\\\/\",\"logo\":{\"@type\":\"ImageObject\",\"inLanguage\":\"es\",\"@id\":\"https:\\\/\\\/patagoniambiental.com.ar\\\/info\\\/#\\\/schema\\\/logo\\\/image\\\/\",\"url\":\"https:\\\/\\\/patagoniambiental.com.ar\\\/info\\\/wp-content\\\/uploads\\\/2025\\\/05\\\/LOGO-PATAGONIA-AMBIENTAL.png\",\"contentUrl\":\"https:\\\/\\\/patagoniambiental.com.ar\\\/info\\\/wp-content\\\/uploads\\\/2025\\\/05\\\/LOGO-PATAGONIA-AMBIENTAL.png\",\"width\":433,\"height\":250,\"caption\":\"Patagonia Ambiental\"},\"image\":{\"@id\":\"https:\\\/\\\/patagoniambiental.com.ar\\\/info\\\/#\\\/schema\\\/logo\\\/image\\\/\"},\"sameAs\":[\"https:\\\/\\\/www.facebook.com\\\/patagonia.ambiental\",\"https:\\\/\\\/x.com\\\/PatAmb\"]},{\"@type\":\"Person\",\"@id\":\"https:\\\/\\\/patagoniambiental.com.ar\\\/info\\\/#\\\/schema\\\/person\\\/db12bff64bbcbf6a253710bf0ea37b5d\",\"name\":\"Patagonia Ambiental\",\"description\":\"Andr\u00e9s Nievas T\u00e9cnico en manejo ambiental, consultor Ambiental y escritor para medios locales e internacionales sobre temas de geopolitica y medio ambiente.\",\"sameAs\":[\"http:\\\/\\\/www.patagoniambiental.com.ar\",\"https:\\\/\\\/www.facebook.com\\\/share\\\/1C1V8Gv9BX\\\/?mibextid=qi2Omg\",\"@patagoniambiental\",\"https:\\\/\\\/youtube.com\\\/@patagoniaambiental2023?si=BLt58t0wuXquxlYZ\"]}]}<\/script>\n<!-- \/ Yoast SEO Premium plugin. -->","yoast_head_json":{"title":"Luego de un mes sin ataques derriban antena utilizada por Carabineros en La Araucania","robots":{"index":"index","follow":"follow","max-snippet":"max-snippet:-1","max-image-preview":"max-image-preview:large","max-video-preview":"max-video-preview:-1"},"canonical":"https:\/\/patagoniambiental.com.ar\/info\/luego-de-un-mes-sin-ataques-derriban-antena-utilizada-por-carabineros-en-la-araucania\/","og_locale":"es_ES","og_type":"article","og_title":"Luego de un mes sin ataques derriban antena utilizada por Carabineros en La Araucania","og_description":"La Araucania.-En Ercilla se encontraron panfletos en apoyo a presos mapuches. Luego, una patrulla de la polic\u00eda fue emboscada.\u00a0","og_url":"https:\/\/patagoniambiental.com.ar\/info\/luego-de-un-mes-sin-ataques-derriban-antena-utilizada-por-carabineros-en-la-araucania\/","og_site_name":"Patagonia Ambiental","article_publisher":"https:\/\/www.facebook.com\/patagonia.ambiental","article_author":"https:\/\/www.facebook.com\/share\/1C1V8Gv9BX\/?mibextid=qi2Omg","article_published_time":"2017-11-09T13:00:58+00:00","og_image":[{"width":820,"height":569,"url":"https:\/\/patagoniambiental.com.ar\/info\/wp-content\/uploads\/2017\/11\/file_20171107105921.jpg","type":"image\/jpeg"}],"author":"Patagonia Ambiental","twitter_card":"summary_large_image","twitter_creator":"@PatAmb","twitter_site":"@PatAmb","schema":{"@context":"https:\/\/schema.org","@graph":[{"@type":"Article","@id":"https:\/\/patagoniambiental.com.ar\/info\/luego-de-un-mes-sin-ataques-derriban-antena-utilizada-por-carabineros-en-la-araucania\/#article","isPartOf":{"@id":"https:\/\/patagoniambiental.com.ar\/info\/luego-de-un-mes-sin-ataques-derriban-antena-utilizada-por-carabineros-en-la-araucania\/"},"author":{"name":"Patagonia Ambiental","@id":"https:\/\/patagoniambiental.com.ar\/info\/#\/schema\/person\/db12bff64bbcbf6a253710bf0ea37b5d"},"headline":"Luego de un mes sin ataques derriban antena utilizada por Carabineros en La Araucania","datePublished":"2017-11-09T13:00:58+00:00","mainEntityOfPage":{"@id":"https:\/\/patagoniambiental.com.ar\/info\/luego-de-un-mes-sin-ataques-derriban-antena-utilizada-por-carabineros-en-la-araucania\/"},"wordCount":268,"commentCount":0,"publisher":{"@id":"https:\/\/patagoniambiental.com.ar\/info\/#organization"},"image":{"@id":"https:\/\/patagoniambiental.com.ar\/info\/luego-de-un-mes-sin-ataques-derriban-antena-utilizada-por-carabineros-en-la-araucania\/#primaryimage"},"thumbnailUrl":"https:\/\/patagoniambiental.com.ar\/info\/wp-content\/uploads\/2017\/11\/file_20171107105921.jpg","articleSection":["Internacionales","Noticias"],"inLanguage":"es","potentialAction":[{"@type":"CommentAction","name":"Comment","target":["https:\/\/patagoniambiental.com.ar\/info\/luego-de-un-mes-sin-ataques-derriban-antena-utilizada-por-carabineros-en-la-araucania\/#respond"]}]},{"@type":"WebPage","@id":"https:\/\/patagoniambiental.com.ar\/info\/luego-de-un-mes-sin-ataques-derriban-antena-utilizada-por-carabineros-en-la-araucania\/","url":"https:\/\/patagoniambiental.com.ar\/info\/luego-de-un-mes-sin-ataques-derriban-antena-utilizada-por-carabineros-en-la-araucania\/","name":"Luego de un mes sin ataques derriban antena utilizada por Carabineros en La Araucania","isPartOf":{"@id":"https:\/\/patagoniambiental.com.ar\/info\/#website"},"primaryImageOfPage":{"@id":"https:\/\/patagoniambiental.com.ar\/info\/luego-de-un-mes-sin-ataques-derriban-antena-utilizada-por-carabineros-en-la-araucania\/#primaryimage"},"image":{"@id":"https:\/\/patagoniambiental.com.ar\/info\/luego-de-un-mes-sin-ataques-derriban-antena-utilizada-por-carabineros-en-la-araucania\/#primaryimage"},"thumbnailUrl":"https:\/\/patagoniambiental.com.ar\/info\/wp-content\/uploads\/2017\/11\/file_20171107105921.jpg","datePublished":"2017-11-09T13:00:58+00:00","breadcrumb":{"@id":"https:\/\/patagoniambiental.com.ar\/info\/luego-de-un-mes-sin-ataques-derriban-antena-utilizada-por-carabineros-en-la-araucania\/#breadcrumb"},"inLanguage":"es","potentialAction":[{"@type":"ReadAction","target":["https:\/\/patagoniambiental.com.ar\/info\/luego-de-un-mes-sin-ataques-derriban-antena-utilizada-por-carabineros-en-la-araucania\/"]}]},{"@type":"ImageObject","inLanguage":"es","@id":"https:\/\/patagoniambiental.com.ar\/info\/luego-de-un-mes-sin-ataques-derriban-antena-utilizada-por-carabineros-en-la-araucania\/#primaryimage","url":"https:\/\/patagoniambiental.com.ar\/info\/wp-content\/uploads\/2017\/11\/file_20171107105921.jpg","contentUrl":"https:\/\/patagoniambiental.com.ar\/info\/wp-content\/uploads\/2017\/11\/file_20171107105921.jpg","width":820,"height":569,"caption":"http:\/\/www.soychile.cl\/Temuco\/Policial\/2017\/11\/07\/497383\/Derribaron-antena-de-telecomunicaciones-en-Ercilla-se-encontro-lienzo-de-causa-mapuche.aspx"},{"@type":"BreadcrumbList","@id":"https:\/\/patagoniambiental.com.ar\/info\/luego-de-un-mes-sin-ataques-derriban-antena-utilizada-por-carabineros-en-la-araucania\/#breadcrumb","itemListElement":[{"@type":"ListItem","position":1,"name":"Inicio","item":"https:\/\/patagoniambiental.com.ar\/info\/"},{"@type":"ListItem","position":2,"name":"Luego de un mes sin ataques derriban antena utilizada por Carabineros en La Araucania"}]},{"@type":"WebSite","@id":"https:\/\/patagoniambiental.com.ar\/info\/#website","url":"https:\/\/patagoniambiental.com.ar\/info\/","name":"Patagonia Ambiental","description":"Monitoreo y an\u00e1lisis de la situaci\u00f3n geopol\u00edtica en el mundo y su implicancia en la Patagonia","publisher":{"@id":"https:\/\/patagoniambiental.com.ar\/info\/#organization"},"potentialAction":[{"@type":"SearchAction","target":{"@type":"EntryPoint","urlTemplate":"https:\/\/patagoniambiental.com.ar\/info\/?s={search_term_string}"},"query-input":{"@type":"PropertyValueSpecification","valueRequired":true,"valueName":"search_term_string"}}],"inLanguage":"es"},{"@type":"Organization","@id":"https:\/\/patagoniambiental.com.ar\/info\/#organization","name":"Patagonia Ambiental","url":"https:\/\/patagoniambiental.com.ar\/info\/","logo":{"@type":"ImageObject","inLanguage":"es","@id":"https:\/\/patagoniambiental.com.ar\/info\/#\/schema\/logo\/image\/","url":"https:\/\/patagoniambiental.com.ar\/info\/wp-content\/uploads\/2025\/05\/LOGO-PATAGONIA-AMBIENTAL.png","contentUrl":"https:\/\/patagoniambiental.com.ar\/info\/wp-content\/uploads\/2025\/05\/LOGO-PATAGONIA-AMBIENTAL.png","width":433,"height":250,"caption":"Patagonia Ambiental"},"image":{"@id":"https:\/\/patagoniambiental.com.ar\/info\/#\/schema\/logo\/image\/"},"sameAs":["https:\/\/www.facebook.com\/patagonia.ambiental","https:\/\/x.com\/PatAmb"]},{"@type":"Person","@id":"https:\/\/patagoniambiental.com.ar\/info\/#\/schema\/person\/db12bff64bbcbf6a253710bf0ea37b5d","name":"Patagonia Ambiental","description":"Andr\u00e9s Nievas T\u00e9cnico en manejo ambiental, consultor Ambiental y escritor para medios locales e internacionales sobre temas de geopolitica y medio ambiente.","sameAs":["http:\/\/www.patagoniambiental.com.ar","https:\/\/www.facebook.com\/share\/1C1V8Gv9BX\/?mibextid=qi2Omg","@patagoniambiental","https:\/\/youtube.com\/@patagoniaambiental2023?si=BLt58t0wuXquxlYZ"]}]}},"_links":{"self":[{"href":"https:\/\/patagoniambiental.com.ar\/info\/wp-json\/wp\/v2\/posts\/37847","targetHints":{"allow":["GET"]}}],"collection":[{"href":"https:\/\/patagoniambiental.com.ar\/info\/wp-json\/wp\/v2\/posts"}],"about":[{"href":"https:\/\/patagoniambiental.com.ar\/info\/wp-json\/wp\/v2\/types\/post"}],"author":[{"embeddable":true,"href":"https:\/\/patagoniambiental.com.ar\/info\/wp-json\/wp\/v2\/users\/2"}],"replies":[{"embeddable":true,"href":"https:\/\/patagoniambiental.com.ar\/info\/wp-json\/wp\/v2\/comments?post=37847"}],"version-history":[{"count":0,"href":"https:\/\/patagoniambiental.com.ar\/info\/wp-json\/wp\/v2\/posts\/37847\/revisions"}],"wp:featuredmedia":[{"embeddable":true,"href":"https:\/\/patagoniambiental.com.ar\/info\/wp-json\/wp\/v2\/media\/37848"}],"wp:attachment":[{"href":"https:\/\/patagoniambiental.com.ar\/info\/wp-json\/wp\/v2\/media?parent=37847"}],"wp:term":[{"taxonomy":"category","embeddable":true,"href":"https:\/\/patagoniambiental.com.ar\/info\/wp-json\/wp\/v2\/categories?post=37847"},{"taxonomy":"post_tag","embeddable":true,"href":"https:\/\/patagoniambiental.com.ar\/info\/wp-json\/wp\/v2\/tags?post=37847"}],"curies":[{"name":"wp","href":"https:\/\/api.w.org\/{rel}","templated":true}]}}