{"id":37863,"date":"2017-11-09T19:00:25","date_gmt":"2017-11-09T22:00:25","guid":{"rendered":"http:\/\/patagoniambiental.com.ar\/info\/?p=37863"},"modified":"2017-11-09T10:33:12","modified_gmt":"2017-11-09T13:33:12","slug":"evaluaran-el-impacto-del-derrame-en-el-nahuel-huapi","status":"publish","type":"post","link":"https:\/\/patagoniambiental.com.ar\/info\/evaluaran-el-impacto-del-derrame-en-el-nahuel-huapi\/","title":{"rendered":"Evaluar\u00e1n el impacto del derrame en el Nahuel Huapi"},"content":{"rendered":"<div id=\"p_p_id_contentviewerportlet_WAR_newsportlet_INSTANCE_29055c2a92a14c40bdf49d1d958f3aab_\" class=\"portlet-boundary portlet-boundary_contentviewerportlet_WAR_newsportlet_  portlet-static portlet-static-end content-viewer-portlet \">\n<div class=\"td-portlet\">\n<section id=\"portlet_contentviewerportlet_WAR_newsportlet_INSTANCE_29055c2a92a14c40bdf49d1d958f3aab\" class=\"portlet\">\n<div class=\"portlet-content\">\n<div class=\" portlet-content-container\">\n<div class=\"portlet-body\">\n<div class=\"last td-viewer full-access\">\n<div class=\"template-90\">\n<div class=\"left-block\">\n<p class=\"location font-2-ebold fs16\"><a href=\"http:\/\/www.rionegro.com.ar\/tag\/-\/meta\/bariloche\">BARILOCHE.-<\/a>Las mediciones se har\u00e1n la pr\u00f3xima semana. Autoridades del DPA entienden que no tiene sentido hacerlas ahora. Bariloche siente la necesidad de la nueva planta depuradora para la ciudad.<\/p>\n<p><!--more--><\/p>\n<div class=\"separator\"><\/div>\n<\/div>\n<\/div>\n<\/div>\n<\/div>\n<\/div>\n<\/div>\n<\/section>\n<\/div>\n<\/div>\n<div id=\"p_p_id_contentviewerportlet_WAR_newsportlet_INSTANCE_d9a5adf1cebf4e53b04df3984d746cf6_\" class=\"portlet-boundary portlet-boundary_contentviewerportlet_WAR_newsportlet_  portlet-static portlet-static-end content-viewer-portlet \"><a id=\"p_contentviewerportlet_WAR_newsportlet_INSTANCE_d9a5adf1cebf4e53b04df3984d746cf6\"><\/a><\/p>\n<div class=\"td-portlet\">\n<section id=\"portlet_contentviewerportlet_WAR_newsportlet_INSTANCE_d9a5adf1cebf4e53b04df3984d746cf6\" class=\"portlet\">\n<div class=\"portlet-content\">\n<div class=\" portlet-content-container\">\n<div class=\"portlet-body\">\n<div class=\"last td-viewer full-access\">\n<div class=\"template-92\">\n<div class=\"left-block\">\n<div class=\"bx-wrapper\">\n<div class=\"bx-viewport\">\n<div class=\"multimediaMacroWrapper bxMultimedia3882275\">\n<div class=\"contentMedia art-gallery\">\n<figure class=\"cutlineShow\">\n<div><img decoding=\"async\" class=\" lazyloaded\" title=\"La planta de tratamiento tiene serias dificultades. No es la primera vez que se arroja al lago. - DeBariloche - Diario Rio Negro - rionegro.com.ar\" src=\"data:;base64,<svg xmlns='http:\/\/www.w3.org\/2000\/svg' viewBox='0 0 660 370'\/>\u00bb srcset=\u00bb\/\/www.rionegro.com.ar\/documents\/1\/0\/660&#215;437\/0c34\/660d370\/none\/12350\/KULM\/image_content_9043208_20171108221146.jpg 660w\u00bb alt=\u00bbLa planta de tratamiento tiene serias dificultades. No es la primera vez que se arroja al lago. &#8211; DeBariloche &#8211; Diario Rio Negro &#8211; rionegro.com.ar\u00bb width=\u00bb660&#8243; height=\u00bb370&#8243; data-srcset=\u00bb\/\/www.rionegro.com.ar\/documents\/1\/0\/660&#215;437\/0c34\/660d370\/none\/12350\/KULM\/image_content_9043208_20171108221146.jpg 660w\u00bb \/><\/div>\n<\/figure>\n<div class=\"cutline\">La planta de tratamiento tiene serias dificultades. No es la primera vez que se arroja al lago.\u00a0<span class=\"byline-image\">(Foto: Alfredo Leiva)<\/span><\/div>\n<\/div>\n<\/div>\n<\/div>\n<div class=\"bx-controls bx-has-controls-direction\"><\/div>\n<\/div>\n<div class=\"separator\"><\/div>\n<\/div>\n<div class=\"cl\">\u00a0El Departamento Provincial de Aguas (DPA)\u00a0<b>realizar\u00e1 muestreos en el lago Nahuel Huapi en los pr\u00f3ximos d\u00edas<\/b>\u00a0para evaluar el impacto del vuelco de l\u00edquidos cloacales crudos durante 12 horas debido a una falla que dej\u00f3 fuera de servicio a la planta depuradora.<\/div>\n<\/div>\n<\/div>\n<\/div>\n<\/div>\n<\/div>\n<\/section>\n<\/div>\n<\/div>\n<div id=\"p_p_id_contentviewerportlet_WAR_newsportlet_INSTANCE_f87d2b37f7854b2a9fd05731840d7a2a_\" class=\"portlet-boundary portlet-boundary_contentviewerportlet_WAR_newsportlet_  portlet-static portlet-static-end content-viewer-portlet \">\n<div class=\"td-portlet\">\n<section id=\"portlet_contentviewerportlet_WAR_newsportlet_INSTANCE_f87d2b37f7854b2a9fd05731840d7a2a\" class=\"portlet\">\n<div class=\"portlet-content\">\n<div class=\" portlet-content-container\">\n<div class=\"portlet-body\">\n<div class=\"last td-viewer full-access\">\n<div class=\"template-94\">\n<div class=\"left-block\">\n<div class=\"text font-2 fs16 resizable\">\n<div class=\"paragraph\">\n<p>El titular del organismo, Fernando Curetti, asegur\u00f3 que tambi\u00e9n habr\u00e1 que determinar si la rotura corresponde \u201ca la antig\u00fcedad de la estructura, como se estima que ocurri\u00f3, o a un manejo indebido\u201d.<\/p>\n<p>\u201cDe todos modos, no hablamos de una afectaci\u00f3n permanente. Las bacterias tienen poca permanencia de vida en un medio acu\u00e1tico. Tampoco hablamos de metales pesados.\u00a0<b>Si hoy hacemos un monitoreo al lado del ca\u00f1o, ya sabemos cu\u00e1l ser\u00e1 el resultado.<\/b>\u00a0Hay que esperar algunos d\u00edas y hacer los monitoreos para evaluar la situaci\u00f3n aguas abajo\u201d, indic\u00f3 Curetti.<\/p>\n<p>El funcionario provincial\u00a0<b>calific\u00f3 como \u201cinevitable\u201d la falla<\/b>\u00a0que afect\u00f3 a la planta depuradora \u201cpor las condiciones en el que funciona el sistema actualmente\u201d.<\/p>\n<p>En diciembre del a\u00f1o pasado, los monitoreos en el lago ratificaron la posibilidad de abrir al p\u00fablico las playas p\u00fablicas aunque el sector del lago desde el colegio industrial, en el barrio \u00d1ireco, hasta la planta depuradora gener\u00f3 alarma. A partir de esos resultados,\u00a0<b>el parque nacional Nahuel Huapi defini\u00f3 esa franja como \u201czona de exclusi\u00f3n\u201d\u00a0<\/b>y se dispuso el cierre al p\u00fablico para cualquier actividad o deporte acu\u00e1tico.<\/p>\n<p>Esa decisi\u00f3n, advirtieron, es posible que persista hasta tanto est\u00e9 finalizada la obra que se inici\u00f3 a comienzos de septiembre y que permitir\u00e1 duplicar la capacidad de procesamiento de efluentes en la planta depuradora, evitando nuevos vuelcos de l\u00edquidos crudos al lago.<\/p>\n<p>\u201cFue una decisi\u00f3n pol\u00e9mica pero tiende a resguardar a las personas. Por m\u00e1s que hoy, los muestreos en la zona de exclusi\u00f3n nos den bien, no garantizan que en cualquier momento, haya una descarga al lago por exceso de caudal\u201d, se\u00f1al\u00f3 Curetti.<\/p>\n<p>Los primeros muestreos del lago vinculados a la zona de exclusi\u00f3n ya se realizaron pero aun no se cuenta con los resultados. La norma establece 5 muestreos en 30 d\u00edas.<\/p>\n<p>\u201cT<b>erminar con la zona de exclusi\u00f3n ser\u00eda una irresponsabilidad<\/b>; de modo que la tendremos hasta que se garantice el funcionamiento de la obra por los pr\u00f3ximos 20 a\u00f1os\u201d, subray\u00f3 el funcionario.<\/p>\n<p>Por lo pronto, el vuelco dur\u00f3 12 horas, bastante menos de los tres d\u00edas que preve\u00edan originalmente.<\/p>\n<\/div>\n<div class=\"paragraph\">\n<p>M\u00e1s informaci\u00f3n:\u00a0<a href=\"http:\/\/www.rionegro.com.ar\/bariloche\/la-rotura-de-un-cano-deriva-las-cloacas-sin-tratar-al-lago-nahuel-huapi-DL3872137\" target=\"_blank\" rel=\"follow noopener\">La rotura de un ca\u00f1o oblig\u00f3 a derivar cloacas sin tratar al lago Nahuel Huapi<\/a><\/p>\n<\/div>\n<div class=\"agency font-2-bold\">Fuente: Diario Rio Negro &#8211; Bariloche<\/div>\n<\/div>\n<\/div>\n<div class=\"cl\"><\/div>\n<\/div>\n<\/div>\n<\/div>\n<\/div>\n<\/div>\n<\/section>\n<\/div>\n<\/div>\n<div id=\"p_p_id_articletopicsportlet_WAR_newsportlet_INSTANCE_e9af9ddef7a64a2990d4b2d4cad5c0ba_\" class=\"portlet-boundary portlet-boundary_articletopicsportlet_WAR_newsportlet_  portlet-static portlet-static-end article-topics-portlet advanced-99\"><\/div>\n","protected":false},"excerpt":{"rendered":"<p>BARILOCHE.-Las mediciones se har\u00e1n la pr\u00f3xima semana. Autoridades del DPA entienden que no tiene sentido hacerlas ahora. Bariloche siente la [&hellip;]<\/p>\n","protected":false},"author":2,"featured_media":37864,"comment_status":"open","ping_status":"open","sticky":false,"template":"","format":"standard","meta":{"site-sidebar-layout":"default","site-content-layout":"","ast-site-content-layout":"default","site-content-style":"default","site-sidebar-style":"default","ast-global-header-display":"","ast-banner-title-visibility":"","ast-main-header-display":"","ast-hfb-above-header-display":"","ast-hfb-below-header-display":"","ast-hfb-mobile-header-display":"","site-post-title":"","ast-breadcrumbs-content":"","ast-featured-img":"","footer-sml-layout":"","ast-disable-related-posts":"","theme-transparent-header-meta":"","adv-header-id-meta":"","stick-header-meta":"","header-above-stick-meta":"","header-main-stick-meta":"","header-below-stick-meta":"","astra-migrate-meta-layouts":"default","ast-page-background-enabled":"default","ast-page-background-meta":{"desktop":{"background-color":"var(--ast-global-color-5)","background-image":"","background-repeat":"repeat","background-position":"center center","background-size":"auto","background-attachment":"scroll","background-type":"","background-media":"","overlay-type":"","overlay-color":"","overlay-opacity":"","overlay-gradient":""},"tablet":{"background-color":"","background-image":"","background-repeat":"repeat","background-position":"center center","background-size":"auto","background-attachment":"scroll","background-type":"","background-media":"","overlay-type":"","overlay-color":"","overlay-opacity":"","overlay-gradient":""},"mobile":{"background-color":"","background-image":"","background-repeat":"repeat","background-position":"center center","background-size":"auto","background-attachment":"scroll","background-type":"","background-media":"","overlay-type":"","overlay-color":"","overlay-opacity":"","overlay-gradient":""}},"ast-content-background-meta":{"desktop":{"background-color":"var(--ast-global-color-4)","background-image":"","background-repeat":"repeat","background-position":"center center","background-size":"auto","background-attachment":"scroll","background-type":"","background-media":"","overlay-type":"","overlay-color":"","overlay-opacity":"","overlay-gradient":""},"tablet":{"background-color":"var(--ast-global-color-4)","background-image":"","background-repeat":"repeat","background-position":"center center","background-size":"auto","background-attachment":"scroll","background-type":"","background-media":"","overlay-type":"","overlay-color":"","overlay-opacity":"","overlay-gradient":""},"mobile":{"background-color":"var(--ast-global-color-4)","background-image":"","background-repeat":"repeat","background-position":"center center","background-size":"auto","background-attachment":"scroll","background-type":"","background-media":"","overlay-type":"","overlay-color":"","overlay-opacity":"","overlay-gradient":""}},"footnotes":""},"categories":[1,13,14],"tags":[],"class_list":["post-37863","post","type-post","status-publish","format-standard","has-post-thumbnail","hentry","category-noticias","category-provinciales","category-rio-negro"],"yoast_head":"<!-- This site is optimized with the Yoast SEO Premium plugin v23.0 (Yoast SEO v27.4) - https:\/\/yoast.com\/product\/yoast-seo-premium-wordpress\/ -->\n<title>Evaluar\u00e1n el impacto del derrame en el Nahuel Huapi<\/title>\n<meta name=\"robots\" content=\"index, follow, max-snippet:-1, max-image-preview:large, max-video-preview:-1\" \/>\n<link rel=\"canonical\" href=\"https:\/\/patagoniambiental.com.ar\/info\/evaluaran-el-impacto-del-derrame-en-el-nahuel-huapi\/\" \/>\n<meta property=\"og:locale\" content=\"es_ES\" \/>\n<meta property=\"og:type\" content=\"article\" \/>\n<meta property=\"og:title\" content=\"Evaluar\u00e1n el impacto del derrame en el Nahuel Huapi\" \/>\n<meta property=\"og:description\" content=\"BARILOCHE.-Las mediciones se har\u00e1n la pr\u00f3xima semana. Autoridades del DPA entienden que no tiene sentido hacerlas ahora. Bariloche siente la [&hellip;]\" \/>\n<meta property=\"og:url\" content=\"https:\/\/patagoniambiental.com.ar\/info\/evaluaran-el-impacto-del-derrame-en-el-nahuel-huapi\/\" \/>\n<meta property=\"og:site_name\" content=\"Patagonia Ambiental\" \/>\n<meta property=\"article:publisher\" content=\"https:\/\/www.facebook.com\/patagonia.ambiental\" \/>\n<meta property=\"article:author\" content=\"https:\/\/www.facebook.com\/share\/1C1V8Gv9BX\/?mibextid=qi2Omg\" \/>\n<meta property=\"article:published_time\" content=\"2017-11-09T22:00:25+00:00\" \/>\n<meta property=\"og:image\" content=\"https:\/\/patagoniambiental.com.ar\/info\/wp-content\/uploads\/2017\/11\/image_content_9043208_20171108221146.jpg\" \/>\n\t<meta property=\"og:image:width\" content=\"660\" \/>\n\t<meta property=\"og:image:height\" content=\"370\" \/>\n\t<meta property=\"og:image:type\" content=\"image\/jpeg\" \/>\n<meta name=\"author\" content=\"Patagonia Ambiental\" \/>\n<meta name=\"twitter:card\" content=\"summary_large_image\" \/>\n<meta name=\"twitter:creator\" content=\"@PatAmb\" \/>\n<meta name=\"twitter:site\" content=\"@PatAmb\" \/>\n<script type=\"application\/ld+json\" class=\"yoast-schema-graph\">{\"@context\":\"https:\\\/\\\/schema.org\",\"@graph\":[{\"@type\":\"Article\",\"@id\":\"https:\\\/\\\/patagoniambiental.com.ar\\\/info\\\/evaluaran-el-impacto-del-derrame-en-el-nahuel-huapi\\\/#article\",\"isPartOf\":{\"@id\":\"https:\\\/\\\/patagoniambiental.com.ar\\\/info\\\/evaluaran-el-impacto-del-derrame-en-el-nahuel-huapi\\\/\"},\"author\":{\"name\":\"Patagonia Ambiental\",\"@id\":\"https:\\\/\\\/patagoniambiental.com.ar\\\/info\\\/#\\\/schema\\\/person\\\/db12bff64bbcbf6a253710bf0ea37b5d\"},\"headline\":\"Evaluar\u00e1n el impacto del derrame en el Nahuel Huapi\",\"datePublished\":\"2017-11-09T22:00:25+00:00\",\"mainEntityOfPage\":{\"@id\":\"https:\\\/\\\/patagoniambiental.com.ar\\\/info\\\/evaluaran-el-impacto-del-derrame-en-el-nahuel-huapi\\\/\"},\"wordCount\":502,\"commentCount\":0,\"publisher\":{\"@id\":\"https:\\\/\\\/patagoniambiental.com.ar\\\/info\\\/#organization\"},\"image\":{\"@id\":\"https:\\\/\\\/patagoniambiental.com.ar\\\/info\\\/evaluaran-el-impacto-del-derrame-en-el-nahuel-huapi\\\/#primaryimage\"},\"thumbnailUrl\":\"https:\\\/\\\/patagoniambiental.com.ar\\\/info\\\/wp-content\\\/uploads\\\/2017\\\/11\\\/image_content_9043208_20171108221146.jpg\",\"articleSection\":[\"Noticias\",\"Provinciales\",\"R\u00edo Negro\"],\"inLanguage\":\"es\",\"potentialAction\":[{\"@type\":\"CommentAction\",\"name\":\"Comment\",\"target\":[\"https:\\\/\\\/patagoniambiental.com.ar\\\/info\\\/evaluaran-el-impacto-del-derrame-en-el-nahuel-huapi\\\/#respond\"]}]},{\"@type\":\"WebPage\",\"@id\":\"https:\\\/\\\/patagoniambiental.com.ar\\\/info\\\/evaluaran-el-impacto-del-derrame-en-el-nahuel-huapi\\\/\",\"url\":\"https:\\\/\\\/patagoniambiental.com.ar\\\/info\\\/evaluaran-el-impacto-del-derrame-en-el-nahuel-huapi\\\/\",\"name\":\"Evaluar\u00e1n el impacto del derrame en el Nahuel Huapi\",\"isPartOf\":{\"@id\":\"https:\\\/\\\/patagoniambiental.com.ar\\\/info\\\/#website\"},\"primaryImageOfPage\":{\"@id\":\"https:\\\/\\\/patagoniambiental.com.ar\\\/info\\\/evaluaran-el-impacto-del-derrame-en-el-nahuel-huapi\\\/#primaryimage\"},\"image\":{\"@id\":\"https:\\\/\\\/patagoniambiental.com.ar\\\/info\\\/evaluaran-el-impacto-del-derrame-en-el-nahuel-huapi\\\/#primaryimage\"},\"thumbnailUrl\":\"https:\\\/\\\/patagoniambiental.com.ar\\\/info\\\/wp-content\\\/uploads\\\/2017\\\/11\\\/image_content_9043208_20171108221146.jpg\",\"datePublished\":\"2017-11-09T22:00:25+00:00\",\"breadcrumb\":{\"@id\":\"https:\\\/\\\/patagoniambiental.com.ar\\\/info\\\/evaluaran-el-impacto-del-derrame-en-el-nahuel-huapi\\\/#breadcrumb\"},\"inLanguage\":\"es\",\"potentialAction\":[{\"@type\":\"ReadAction\",\"target\":[\"https:\\\/\\\/patagoniambiental.com.ar\\\/info\\\/evaluaran-el-impacto-del-derrame-en-el-nahuel-huapi\\\/\"]}]},{\"@type\":\"ImageObject\",\"inLanguage\":\"es\",\"@id\":\"https:\\\/\\\/patagoniambiental.com.ar\\\/info\\\/evaluaran-el-impacto-del-derrame-en-el-nahuel-huapi\\\/#primaryimage\",\"url\":\"https:\\\/\\\/patagoniambiental.com.ar\\\/info\\\/wp-content\\\/uploads\\\/2017\\\/11\\\/image_content_9043208_20171108221146.jpg\",\"contentUrl\":\"https:\\\/\\\/patagoniambiental.com.ar\\\/info\\\/wp-content\\\/uploads\\\/2017\\\/11\\\/image_content_9043208_20171108221146.jpg\",\"width\":660,\"height\":370},{\"@type\":\"BreadcrumbList\",\"@id\":\"https:\\\/\\\/patagoniambiental.com.ar\\\/info\\\/evaluaran-el-impacto-del-derrame-en-el-nahuel-huapi\\\/#breadcrumb\",\"itemListElement\":[{\"@type\":\"ListItem\",\"position\":1,\"name\":\"Inicio\",\"item\":\"https:\\\/\\\/patagoniambiental.com.ar\\\/info\\\/\"},{\"@type\":\"ListItem\",\"position\":2,\"name\":\"Evaluar\u00e1n el impacto del derrame en el Nahuel Huapi\"}]},{\"@type\":\"WebSite\",\"@id\":\"https:\\\/\\\/patagoniambiental.com.ar\\\/info\\\/#website\",\"url\":\"https:\\\/\\\/patagoniambiental.com.ar\\\/info\\\/\",\"name\":\"Patagonia Ambiental\",\"description\":\"Monitoreo y an\u00e1lisis de la situaci\u00f3n geopol\u00edtica en el mundo y su implicancia en la Patagonia\",\"publisher\":{\"@id\":\"https:\\\/\\\/patagoniambiental.com.ar\\\/info\\\/#organization\"},\"potentialAction\":[{\"@type\":\"SearchAction\",\"target\":{\"@type\":\"EntryPoint\",\"urlTemplate\":\"https:\\\/\\\/patagoniambiental.com.ar\\\/info\\\/?s={search_term_string}\"},\"query-input\":{\"@type\":\"PropertyValueSpecification\",\"valueRequired\":true,\"valueName\":\"search_term_string\"}}],\"inLanguage\":\"es\"},{\"@type\":\"Organization\",\"@id\":\"https:\\\/\\\/patagoniambiental.com.ar\\\/info\\\/#organization\",\"name\":\"Patagonia Ambiental\",\"url\":\"https:\\\/\\\/patagoniambiental.com.ar\\\/info\\\/\",\"logo\":{\"@type\":\"ImageObject\",\"inLanguage\":\"es\",\"@id\":\"https:\\\/\\\/patagoniambiental.com.ar\\\/info\\\/#\\\/schema\\\/logo\\\/image\\\/\",\"url\":\"https:\\\/\\\/patagoniambiental.com.ar\\\/info\\\/wp-content\\\/uploads\\\/2025\\\/05\\\/LOGO-PATAGONIA-AMBIENTAL.png\",\"contentUrl\":\"https:\\\/\\\/patagoniambiental.com.ar\\\/info\\\/wp-content\\\/uploads\\\/2025\\\/05\\\/LOGO-PATAGONIA-AMBIENTAL.png\",\"width\":433,\"height\":250,\"caption\":\"Patagonia Ambiental\"},\"image\":{\"@id\":\"https:\\\/\\\/patagoniambiental.com.ar\\\/info\\\/#\\\/schema\\\/logo\\\/image\\\/\"},\"sameAs\":[\"https:\\\/\\\/www.facebook.com\\\/patagonia.ambiental\",\"https:\\\/\\\/x.com\\\/PatAmb\"]},{\"@type\":\"Person\",\"@id\":\"https:\\\/\\\/patagoniambiental.com.ar\\\/info\\\/#\\\/schema\\\/person\\\/db12bff64bbcbf6a253710bf0ea37b5d\",\"name\":\"Patagonia Ambiental\",\"description\":\"Andr\u00e9s Nievas T\u00e9cnico en manejo ambiental, consultor Ambiental y escritor para medios locales e internacionales sobre temas de geopolitica y medio ambiente.\",\"sameAs\":[\"http:\\\/\\\/www.patagoniambiental.com.ar\",\"https:\\\/\\\/www.facebook.com\\\/share\\\/1C1V8Gv9BX\\\/?mibextid=qi2Omg\",\"@patagoniambiental\",\"https:\\\/\\\/youtube.com\\\/@patagoniaambiental2023?si=BLt58t0wuXquxlYZ\"]}]}<\/script>\n<!-- \/ Yoast SEO Premium plugin. -->","yoast_head_json":{"title":"Evaluar\u00e1n el impacto del derrame en el Nahuel Huapi","robots":{"index":"index","follow":"follow","max-snippet":"max-snippet:-1","max-image-preview":"max-image-preview:large","max-video-preview":"max-video-preview:-1"},"canonical":"https:\/\/patagoniambiental.com.ar\/info\/evaluaran-el-impacto-del-derrame-en-el-nahuel-huapi\/","og_locale":"es_ES","og_type":"article","og_title":"Evaluar\u00e1n el impacto del derrame en el Nahuel Huapi","og_description":"BARILOCHE.-Las mediciones se har\u00e1n la pr\u00f3xima semana. Autoridades del DPA entienden que no tiene sentido hacerlas ahora. Bariloche siente la [&hellip;]","og_url":"https:\/\/patagoniambiental.com.ar\/info\/evaluaran-el-impacto-del-derrame-en-el-nahuel-huapi\/","og_site_name":"Patagonia Ambiental","article_publisher":"https:\/\/www.facebook.com\/patagonia.ambiental","article_author":"https:\/\/www.facebook.com\/share\/1C1V8Gv9BX\/?mibextid=qi2Omg","article_published_time":"2017-11-09T22:00:25+00:00","og_image":[{"width":660,"height":370,"url":"https:\/\/patagoniambiental.com.ar\/info\/wp-content\/uploads\/2017\/11\/image_content_9043208_20171108221146.jpg","type":"image\/jpeg"}],"author":"Patagonia Ambiental","twitter_card":"summary_large_image","twitter_creator":"@PatAmb","twitter_site":"@PatAmb","schema":{"@context":"https:\/\/schema.org","@graph":[{"@type":"Article","@id":"https:\/\/patagoniambiental.com.ar\/info\/evaluaran-el-impacto-del-derrame-en-el-nahuel-huapi\/#article","isPartOf":{"@id":"https:\/\/patagoniambiental.com.ar\/info\/evaluaran-el-impacto-del-derrame-en-el-nahuel-huapi\/"},"author":{"name":"Patagonia Ambiental","@id":"https:\/\/patagoniambiental.com.ar\/info\/#\/schema\/person\/db12bff64bbcbf6a253710bf0ea37b5d"},"headline":"Evaluar\u00e1n el impacto del derrame en el Nahuel Huapi","datePublished":"2017-11-09T22:00:25+00:00","mainEntityOfPage":{"@id":"https:\/\/patagoniambiental.com.ar\/info\/evaluaran-el-impacto-del-derrame-en-el-nahuel-huapi\/"},"wordCount":502,"commentCount":0,"publisher":{"@id":"https:\/\/patagoniambiental.com.ar\/info\/#organization"},"image":{"@id":"https:\/\/patagoniambiental.com.ar\/info\/evaluaran-el-impacto-del-derrame-en-el-nahuel-huapi\/#primaryimage"},"thumbnailUrl":"https:\/\/patagoniambiental.com.ar\/info\/wp-content\/uploads\/2017\/11\/image_content_9043208_20171108221146.jpg","articleSection":["Noticias","Provinciales","R\u00edo Negro"],"inLanguage":"es","potentialAction":[{"@type":"CommentAction","name":"Comment","target":["https:\/\/patagoniambiental.com.ar\/info\/evaluaran-el-impacto-del-derrame-en-el-nahuel-huapi\/#respond"]}]},{"@type":"WebPage","@id":"https:\/\/patagoniambiental.com.ar\/info\/evaluaran-el-impacto-del-derrame-en-el-nahuel-huapi\/","url":"https:\/\/patagoniambiental.com.ar\/info\/evaluaran-el-impacto-del-derrame-en-el-nahuel-huapi\/","name":"Evaluar\u00e1n el impacto del derrame en el Nahuel Huapi","isPartOf":{"@id":"https:\/\/patagoniambiental.com.ar\/info\/#website"},"primaryImageOfPage":{"@id":"https:\/\/patagoniambiental.com.ar\/info\/evaluaran-el-impacto-del-derrame-en-el-nahuel-huapi\/#primaryimage"},"image":{"@id":"https:\/\/patagoniambiental.com.ar\/info\/evaluaran-el-impacto-del-derrame-en-el-nahuel-huapi\/#primaryimage"},"thumbnailUrl":"https:\/\/patagoniambiental.com.ar\/info\/wp-content\/uploads\/2017\/11\/image_content_9043208_20171108221146.jpg","datePublished":"2017-11-09T22:00:25+00:00","breadcrumb":{"@id":"https:\/\/patagoniambiental.com.ar\/info\/evaluaran-el-impacto-del-derrame-en-el-nahuel-huapi\/#breadcrumb"},"inLanguage":"es","potentialAction":[{"@type":"ReadAction","target":["https:\/\/patagoniambiental.com.ar\/info\/evaluaran-el-impacto-del-derrame-en-el-nahuel-huapi\/"]}]},{"@type":"ImageObject","inLanguage":"es","@id":"https:\/\/patagoniambiental.com.ar\/info\/evaluaran-el-impacto-del-derrame-en-el-nahuel-huapi\/#primaryimage","url":"https:\/\/patagoniambiental.com.ar\/info\/wp-content\/uploads\/2017\/11\/image_content_9043208_20171108221146.jpg","contentUrl":"https:\/\/patagoniambiental.com.ar\/info\/wp-content\/uploads\/2017\/11\/image_content_9043208_20171108221146.jpg","width":660,"height":370},{"@type":"BreadcrumbList","@id":"https:\/\/patagoniambiental.com.ar\/info\/evaluaran-el-impacto-del-derrame-en-el-nahuel-huapi\/#breadcrumb","itemListElement":[{"@type":"ListItem","position":1,"name":"Inicio","item":"https:\/\/patagoniambiental.com.ar\/info\/"},{"@type":"ListItem","position":2,"name":"Evaluar\u00e1n el impacto del derrame en el Nahuel Huapi"}]},{"@type":"WebSite","@id":"https:\/\/patagoniambiental.com.ar\/info\/#website","url":"https:\/\/patagoniambiental.com.ar\/info\/","name":"Patagonia Ambiental","description":"Monitoreo y an\u00e1lisis de la situaci\u00f3n geopol\u00edtica en el mundo y su implicancia en la Patagonia","publisher":{"@id":"https:\/\/patagoniambiental.com.ar\/info\/#organization"},"potentialAction":[{"@type":"SearchAction","target":{"@type":"EntryPoint","urlTemplate":"https:\/\/patagoniambiental.com.ar\/info\/?s={search_term_string}"},"query-input":{"@type":"PropertyValueSpecification","valueRequired":true,"valueName":"search_term_string"}}],"inLanguage":"es"},{"@type":"Organization","@id":"https:\/\/patagoniambiental.com.ar\/info\/#organization","name":"Patagonia Ambiental","url":"https:\/\/patagoniambiental.com.ar\/info\/","logo":{"@type":"ImageObject","inLanguage":"es","@id":"https:\/\/patagoniambiental.com.ar\/info\/#\/schema\/logo\/image\/","url":"https:\/\/patagoniambiental.com.ar\/info\/wp-content\/uploads\/2025\/05\/LOGO-PATAGONIA-AMBIENTAL.png","contentUrl":"https:\/\/patagoniambiental.com.ar\/info\/wp-content\/uploads\/2025\/05\/LOGO-PATAGONIA-AMBIENTAL.png","width":433,"height":250,"caption":"Patagonia Ambiental"},"image":{"@id":"https:\/\/patagoniambiental.com.ar\/info\/#\/schema\/logo\/image\/"},"sameAs":["https:\/\/www.facebook.com\/patagonia.ambiental","https:\/\/x.com\/PatAmb"]},{"@type":"Person","@id":"https:\/\/patagoniambiental.com.ar\/info\/#\/schema\/person\/db12bff64bbcbf6a253710bf0ea37b5d","name":"Patagonia Ambiental","description":"Andr\u00e9s Nievas T\u00e9cnico en manejo ambiental, consultor Ambiental y escritor para medios locales e internacionales sobre temas de geopolitica y medio ambiente.","sameAs":["http:\/\/www.patagoniambiental.com.ar","https:\/\/www.facebook.com\/share\/1C1V8Gv9BX\/?mibextid=qi2Omg","@patagoniambiental","https:\/\/youtube.com\/@patagoniaambiental2023?si=BLt58t0wuXquxlYZ"]}]}},"_links":{"self":[{"href":"https:\/\/patagoniambiental.com.ar\/info\/wp-json\/wp\/v2\/posts\/37863","targetHints":{"allow":["GET"]}}],"collection":[{"href":"https:\/\/patagoniambiental.com.ar\/info\/wp-json\/wp\/v2\/posts"}],"about":[{"href":"https:\/\/patagoniambiental.com.ar\/info\/wp-json\/wp\/v2\/types\/post"}],"author":[{"embeddable":true,"href":"https:\/\/patagoniambiental.com.ar\/info\/wp-json\/wp\/v2\/users\/2"}],"replies":[{"embeddable":true,"href":"https:\/\/patagoniambiental.com.ar\/info\/wp-json\/wp\/v2\/comments?post=37863"}],"version-history":[{"count":0,"href":"https:\/\/patagoniambiental.com.ar\/info\/wp-json\/wp\/v2\/posts\/37863\/revisions"}],"wp:featuredmedia":[{"embeddable":true,"href":"https:\/\/patagoniambiental.com.ar\/info\/wp-json\/wp\/v2\/media\/37864"}],"wp:attachment":[{"href":"https:\/\/patagoniambiental.com.ar\/info\/wp-json\/wp\/v2\/media?parent=37863"}],"wp:term":[{"taxonomy":"category","embeddable":true,"href":"https:\/\/patagoniambiental.com.ar\/info\/wp-json\/wp\/v2\/categories?post=37863"},{"taxonomy":"post_tag","embeddable":true,"href":"https:\/\/patagoniambiental.com.ar\/info\/wp-json\/wp\/v2\/tags?post=37863"}],"curies":[{"name":"wp","href":"https:\/\/api.w.org\/{rel}","templated":true}]}}