{"id":37872,"date":"2017-11-09T19:00:26","date_gmt":"2017-11-09T22:00:26","guid":{"rendered":"http:\/\/patagoniambiental.com.ar\/info\/?p=37872"},"modified":"2017-11-09T10:45:05","modified_gmt":"2017-11-09T13:45:05","slug":"pampa-energia-se-queda-con-una-de-las-areas-de-gyp-en-neuquen","status":"publish","type":"post","link":"https:\/\/patagoniambiental.com.ar\/info\/pampa-energia-se-queda-con-una-de-las-areas-de-gyp-en-neuquen\/","title":{"rendered":"Pampa Energ\u00eda se queda con una de las \u00e1reas de GyP en Neuqu\u00e9n"},"content":{"rendered":"<article id=\"article-post\" class=\"cat-rojo\">\n<header>\n<div class=\"row\">\n<div class=\"col-xs-12\">\n<p class=\"title\">Estados Unidos.-Puso u$s 207 millones por Las Tacanas Norte. Guti\u00e9rrez lo confirm\u00f3 en EE.UU.\u2002<!--more--><\/p>\n<\/div>\n<\/div>\n<\/header>\n<div class=\"head-image thumb-wrap relative\">\n<div id=\"content-gallery\">\n<div id=\"fotogaleria-Object_3184_1797\" class=\"gallery\">\n<div class=\"col2\">\n<div class=\"image itemGallery classid498065\"><a title=\"Alberto Saggese (GyP), Marcelo Mindlin (Pampa Energ\u00eda) y Omar Guti\u00e9rrez.\" href=\"https:\/\/media.lmneuquen.com\/adjuntos\/195\/imagenes\/002\/783\/0002783806.jpg\"><img fetchpriority=\"high\" decoding=\"async\" title=\"Alberto Saggese (GyP)\" src=\"https:\/\/media.lmneuquen.com\/adjuntos\/195\/imagenes\/002\/783\/0002783806.jpg\" alt=\"Alberto Saggese (GyP)\" width=\"770\" height=\"433\" \/><\/a><\/p>\n<div class=\"gallery-header\"><\/div>\n<div class=\"pieFoto\"><span class=\"epiinterior\">Alberto Saggese (GyP), Marcelo Mindlin (Pampa Energ\u00eda) y Omar Guti\u00e9rrez.<\/span><\/div>\n<\/div>\n<\/div>\n<div class=\"clearfix\"><\/div>\n<\/div>\n<\/div>\n<\/div>\n<div class=\"cuerpo\">\n<p>El gobernador Omar Guti\u00e9rrez notific\u00f3 ayer en Estados Unidos al presidente de Pampa Energ\u00eda, Marcelo Mindlin, que Gas y Petr\u00f3leo del Neuqu\u00e9n (GyP) adjudic\u00f3 a esa empresa el \u00e1rea Las Tacanas Norte, en el marco del<strong>\u00a0concurso p\u00fablico 1\/2017 Quinta Ronda<\/strong>\u00a0para la selecci\u00f3n de firmas interesadas en la exploraci\u00f3n, desarrollo y eventual explotaci\u00f3n de \u00e1reas ubicadas en territorio neuquino.<\/p>\n<\/div>\n<\/article>\n<div class=\"ad02-obj banner\">La oferta por el \u00e1rea\u00a0<strong>Las Tacanas Norte<\/strong>, que asciende a 207 millones de d\u00f3lares. Se trata de\u00a0<strong>una superficie de 120 kil\u00f3metros cuadrados, lindante al \u00e1rea El Mangrullo<\/strong>\u00a0que actualmente opera Pampa Energ\u00eda. La propuesta consiste en la perforaci\u00f3n de ocho pozos con objetivo Vaca Muerta y otros estudios.\u00a0<strong>El plazo de ejecuci\u00f3n de la actividad es de cuatro a\u00f1os (2018-2021).<\/strong><\/div>\n<article id=\"article-post\" class=\"cat-rojo\">\n<div class=\"cuerpo\">\n<p>Pampa Energ\u00eda hab\u00eda participado de la ronda licitatoria cuyos sobres se abrieron el 17 de octubre pasado. En esa ocasi\u00f3n, las ofertas correspondieron a las \u00e1reas Bajo del Toro Este, Parva Negra Oeste y Las Tacanas Norte y fueron presentadas por Statoil, Retama Argentina y Pampa Energ\u00eda, respectivamente. En total, las tres empresas se comprometieron a invertir en exploraci\u00f3n 303.634.000 d\u00f3lares.<\/p>\n<div id=\"embed14_wrap\" class=\"embed_cont type_freetext\">\n<div id=\"embed14_content\" class=\"embed_content\">\n<div id=\"embed14_embed\">\n<blockquote class=\"twitter-tweet twitter-tweet-error\" data-lang=\"es\" data-twitter-extracted-i1510232834459264027=\"true\">\n<p dir=\"ltr\" lang=\"es\"><a href=\"https:\/\/twitter.com\/hashtag\/EEUU?src=hash&amp;ref_src=twsrc%5Etfw\">#EEUU<\/a>\u00a0Entregamos convenio de adjudicaci\u00f3n a Pampa Energ\u00eda por el \u00c1rea Las Tacanas Norte en\u00a0<a href=\"https:\/\/twitter.com\/hashtag\/VacaMuerta?src=hash&amp;ref_src=twsrc%5Etfw\">#VacaMuerta<\/a>. M\u00e1s inversi\u00f3n, m\u00e1s trabajo!\u00a0<a href=\"https:\/\/t.co\/kgMIC6xnkH\">pic.twitter.com\/kgMIC6xnkH<\/a><\/p>\n<p>\u2014 Omar Gutierrez (@OmarGutierrezOk)\u00a0<a href=\"https:\/\/twitter.com\/OmarGutierrezOk\/status\/928358104789594113?ref_src=twsrc%5Etfw\">8 de noviembre de 2017<\/a><\/p><\/blockquote>\n<\/div>\n<\/div>\n<\/div>\n<p>El presidente de GyP,\u00a0<strong>Alberto Saggese,<\/strong>\u00a0calific\u00f3 de \u201cmuy positiva\u201d a la gira por Estados Unidos en la que se encuentra acompa\u00f1ando al gobernador Guti\u00e9rrez para exponer las oportunidades de negocios a potenciales inversores en el sector hidrocarbur\u00edfero. \u201cEl inter\u00e9s de las empresas por Neuqu\u00e9n es muy importante\u201d, asegur\u00f3.<\/p>\n<p>El funcionario record\u00f3 que ya mantuvieron reuniones con directivos de fondos de inversi\u00f3n y luego con empresarios del sector durante el encuentro del Consejo de las Am\u00e9ricas, y que hoy estar\u00e1n en un seminario donde participar\u00e1n \u201ccerca de mil peque\u00f1as y medianas empresas independientes\u201d, que se realizar\u00e1 en Naples, Florida.<\/p>\n<p><strong>Saggese destac\u00f3 que GyP dispone de 52 \u00e1reas<\/strong>\u00a0que trimestralmente se ofrecen a cualquier empresa que quiera presentar una oferta y record\u00f3 que en octubre se adjudic\u00f3 una de ellas a la empresa Chevron.<\/p>\n<p><strong>Recursos<\/strong><\/p>\n<p><em><strong>Tercera en el orden mundial<\/strong><\/em><\/p>\n<p>Alberto Saggese record\u00f3 ayer que \u201cdespu\u00e9s de Estados Unidos y Canad\u00e1, Argentina es el tercer pa\u00eds del mundo que se encuentra explotando recursos no convencionales\u201d. Por este motivo, consider\u00f3 que \u201cVaca Muerta necesita tener costos acordes para poder competir con esas cuencas\u201d de Norteam\u00e9rica.<\/p>\n<p>Fuente: La Ma\u00f1ana Neuqu\u00e9n<\/p>\n<\/div>\n<\/article>\n","protected":false},"excerpt":{"rendered":"<p>Estados Unidos.-Puso u$s 207 millones por Las Tacanas Norte. Guti\u00e9rrez lo confirm\u00f3 en EE.UU.\u2002<\/p>\n","protected":false},"author":2,"featured_media":37873,"comment_status":"open","ping_status":"open","sticky":false,"template":"","format":"standard","meta":{"site-sidebar-layout":"default","site-content-layout":"","ast-site-content-layout":"default","site-content-style":"default","site-sidebar-style":"default","ast-global-header-display":"","ast-banner-title-visibility":"","ast-main-header-display":"","ast-hfb-above-header-display":"","ast-hfb-below-header-display":"","ast-hfb-mobile-header-display":"","site-post-title":"","ast-breadcrumbs-content":"","ast-featured-img":"","footer-sml-layout":"","ast-disable-related-posts":"","theme-transparent-header-meta":"","adv-header-id-meta":"","stick-header-meta":"","header-above-stick-meta":"","header-main-stick-meta":"","header-below-stick-meta":"","astra-migrate-meta-layouts":"default","ast-page-background-enabled":"default","ast-page-background-meta":{"desktop":{"background-color":"var(--ast-global-color-5)","background-image":"","background-repeat":"repeat","background-position":"center center","background-size":"auto","background-attachment":"scroll","background-type":"","background-media":"","overlay-type":"","overlay-color":"","overlay-opacity":"","overlay-gradient":""},"tablet":{"background-color":"","background-image":"","background-repeat":"repeat","background-position":"center center","background-size":"auto","background-attachment":"scroll","background-type":"","background-media":"","overlay-type":"","overlay-color":"","overlay-opacity":"","overlay-gradient":""},"mobile":{"background-color":"","background-image":"","background-repeat":"repeat","background-position":"center center","background-size":"auto","background-attachment":"scroll","background-type":"","background-media":"","overlay-type":"","overlay-color":"","overlay-opacity":"","overlay-gradient":""}},"ast-content-background-meta":{"desktop":{"background-color":"var(--ast-global-color-4)","background-image":"","background-repeat":"repeat","background-position":"center center","background-size":"auto","background-attachment":"scroll","background-type":"","background-media":"","overlay-type":"","overlay-color":"","overlay-opacity":"","overlay-gradient":""},"tablet":{"background-color":"var(--ast-global-color-4)","background-image":"","background-repeat":"repeat","background-position":"center center","background-size":"auto","background-attachment":"scroll","background-type":"","background-media":"","overlay-type":"","overlay-color":"","overlay-opacity":"","overlay-gradient":""},"mobile":{"background-color":"var(--ast-global-color-4)","background-image":"","background-repeat":"repeat","background-position":"center center","background-size":"auto","background-attachment":"scroll","background-type":"","background-media":"","overlay-type":"","overlay-color":"","overlay-opacity":"","overlay-gradient":""}},"footnotes":""},"categories":[23,1],"tags":[],"class_list":["post-37872","post","type-post","status-publish","format-standard","has-post-thumbnail","hentry","category-internacionales","category-noticias"],"yoast_head":"<!-- This site is optimized with the Yoast SEO Premium plugin v23.0 (Yoast SEO v27.4) - https:\/\/yoast.com\/product\/yoast-seo-premium-wordpress\/ -->\n<title>Pampa Energ\u00eda se queda con una de las \u00e1reas de GyP en Neuqu\u00e9n<\/title>\n<meta name=\"robots\" content=\"index, follow, max-snippet:-1, max-image-preview:large, max-video-preview:-1\" \/>\n<link rel=\"canonical\" href=\"https:\/\/patagoniambiental.com.ar\/info\/pampa-energia-se-queda-con-una-de-las-areas-de-gyp-en-neuquen\/\" \/>\n<meta property=\"og:locale\" content=\"es_ES\" \/>\n<meta property=\"og:type\" content=\"article\" \/>\n<meta property=\"og:title\" content=\"Pampa Energ\u00eda se queda con una de las \u00e1reas de GyP en Neuqu\u00e9n\" \/>\n<meta property=\"og:description\" content=\"Estados Unidos.-Puso u$s 207 millones por Las Tacanas Norte. Guti\u00e9rrez lo confirm\u00f3 en EE.UU.\u2002\" \/>\n<meta property=\"og:url\" content=\"https:\/\/patagoniambiental.com.ar\/info\/pampa-energia-se-queda-con-una-de-las-areas-de-gyp-en-neuquen\/\" \/>\n<meta property=\"og:site_name\" content=\"Patagonia Ambiental\" \/>\n<meta property=\"article:publisher\" content=\"https:\/\/www.facebook.com\/patagonia.ambiental\" \/>\n<meta property=\"article:author\" content=\"https:\/\/www.facebook.com\/share\/1C1V8Gv9BX\/?mibextid=qi2Omg\" \/>\n<meta property=\"article:published_time\" content=\"2017-11-09T22:00:26+00:00\" \/>\n<meta property=\"og:image\" content=\"https:\/\/patagoniambiental.com.ar\/info\/wp-content\/uploads\/2017\/11\/0002783806.jpg\" \/>\n\t<meta property=\"og:image:width\" content=\"770\" \/>\n\t<meta property=\"og:image:height\" content=\"433\" \/>\n\t<meta property=\"og:image:type\" content=\"image\/jpeg\" \/>\n<meta name=\"author\" content=\"Patagonia Ambiental\" \/>\n<meta name=\"twitter:card\" content=\"summary_large_image\" \/>\n<meta name=\"twitter:creator\" content=\"@PatAmb\" \/>\n<meta name=\"twitter:site\" content=\"@PatAmb\" \/>\n<script type=\"application\/ld+json\" class=\"yoast-schema-graph\">{\"@context\":\"https:\\\/\\\/schema.org\",\"@graph\":[{\"@type\":\"Article\",\"@id\":\"https:\\\/\\\/patagoniambiental.com.ar\\\/info\\\/pampa-energia-se-queda-con-una-de-las-areas-de-gyp-en-neuquen\\\/#article\",\"isPartOf\":{\"@id\":\"https:\\\/\\\/patagoniambiental.com.ar\\\/info\\\/pampa-energia-se-queda-con-una-de-las-areas-de-gyp-en-neuquen\\\/\"},\"author\":{\"name\":\"Patagonia Ambiental\",\"@id\":\"https:\\\/\\\/patagoniambiental.com.ar\\\/info\\\/#\\\/schema\\\/person\\\/db12bff64bbcbf6a253710bf0ea37b5d\"},\"headline\":\"Pampa Energ\u00eda se queda con una de las \u00e1reas de GyP en Neuqu\u00e9n\",\"datePublished\":\"2017-11-09T22:00:26+00:00\",\"mainEntityOfPage\":{\"@id\":\"https:\\\/\\\/patagoniambiental.com.ar\\\/info\\\/pampa-energia-se-queda-con-una-de-las-areas-de-gyp-en-neuquen\\\/\"},\"wordCount\":479,\"commentCount\":0,\"publisher\":{\"@id\":\"https:\\\/\\\/patagoniambiental.com.ar\\\/info\\\/#organization\"},\"image\":{\"@id\":\"https:\\\/\\\/patagoniambiental.com.ar\\\/info\\\/pampa-energia-se-queda-con-una-de-las-areas-de-gyp-en-neuquen\\\/#primaryimage\"},\"thumbnailUrl\":\"https:\\\/\\\/patagoniambiental.com.ar\\\/info\\\/wp-content\\\/uploads\\\/2017\\\/11\\\/0002783806.jpg\",\"articleSection\":[\"Internacionales\",\"Noticias\"],\"inLanguage\":\"es\",\"potentialAction\":[{\"@type\":\"CommentAction\",\"name\":\"Comment\",\"target\":[\"https:\\\/\\\/patagoniambiental.com.ar\\\/info\\\/pampa-energia-se-queda-con-una-de-las-areas-de-gyp-en-neuquen\\\/#respond\"]}]},{\"@type\":\"WebPage\",\"@id\":\"https:\\\/\\\/patagoniambiental.com.ar\\\/info\\\/pampa-energia-se-queda-con-una-de-las-areas-de-gyp-en-neuquen\\\/\",\"url\":\"https:\\\/\\\/patagoniambiental.com.ar\\\/info\\\/pampa-energia-se-queda-con-una-de-las-areas-de-gyp-en-neuquen\\\/\",\"name\":\"Pampa Energ\u00eda se queda con una de las \u00e1reas de GyP en Neuqu\u00e9n\",\"isPartOf\":{\"@id\":\"https:\\\/\\\/patagoniambiental.com.ar\\\/info\\\/#website\"},\"primaryImageOfPage\":{\"@id\":\"https:\\\/\\\/patagoniambiental.com.ar\\\/info\\\/pampa-energia-se-queda-con-una-de-las-areas-de-gyp-en-neuquen\\\/#primaryimage\"},\"image\":{\"@id\":\"https:\\\/\\\/patagoniambiental.com.ar\\\/info\\\/pampa-energia-se-queda-con-una-de-las-areas-de-gyp-en-neuquen\\\/#primaryimage\"},\"thumbnailUrl\":\"https:\\\/\\\/patagoniambiental.com.ar\\\/info\\\/wp-content\\\/uploads\\\/2017\\\/11\\\/0002783806.jpg\",\"datePublished\":\"2017-11-09T22:00:26+00:00\",\"breadcrumb\":{\"@id\":\"https:\\\/\\\/patagoniambiental.com.ar\\\/info\\\/pampa-energia-se-queda-con-una-de-las-areas-de-gyp-en-neuquen\\\/#breadcrumb\"},\"inLanguage\":\"es\",\"potentialAction\":[{\"@type\":\"ReadAction\",\"target\":[\"https:\\\/\\\/patagoniambiental.com.ar\\\/info\\\/pampa-energia-se-queda-con-una-de-las-areas-de-gyp-en-neuquen\\\/\"]}]},{\"@type\":\"ImageObject\",\"inLanguage\":\"es\",\"@id\":\"https:\\\/\\\/patagoniambiental.com.ar\\\/info\\\/pampa-energia-se-queda-con-una-de-las-areas-de-gyp-en-neuquen\\\/#primaryimage\",\"url\":\"https:\\\/\\\/patagoniambiental.com.ar\\\/info\\\/wp-content\\\/uploads\\\/2017\\\/11\\\/0002783806.jpg\",\"contentUrl\":\"https:\\\/\\\/patagoniambiental.com.ar\\\/info\\\/wp-content\\\/uploads\\\/2017\\\/11\\\/0002783806.jpg\",\"width\":770,\"height\":433},{\"@type\":\"BreadcrumbList\",\"@id\":\"https:\\\/\\\/patagoniambiental.com.ar\\\/info\\\/pampa-energia-se-queda-con-una-de-las-areas-de-gyp-en-neuquen\\\/#breadcrumb\",\"itemListElement\":[{\"@type\":\"ListItem\",\"position\":1,\"name\":\"Inicio\",\"item\":\"https:\\\/\\\/patagoniambiental.com.ar\\\/info\\\/\"},{\"@type\":\"ListItem\",\"position\":2,\"name\":\"Pampa Energ\u00eda se queda con una de las \u00e1reas de GyP en Neuqu\u00e9n\"}]},{\"@type\":\"WebSite\",\"@id\":\"https:\\\/\\\/patagoniambiental.com.ar\\\/info\\\/#website\",\"url\":\"https:\\\/\\\/patagoniambiental.com.ar\\\/info\\\/\",\"name\":\"Patagonia Ambiental\",\"description\":\"Monitoreo y an\u00e1lisis de la situaci\u00f3n geopol\u00edtica en el mundo y su implicancia en la Patagonia\",\"publisher\":{\"@id\":\"https:\\\/\\\/patagoniambiental.com.ar\\\/info\\\/#organization\"},\"potentialAction\":[{\"@type\":\"SearchAction\",\"target\":{\"@type\":\"EntryPoint\",\"urlTemplate\":\"https:\\\/\\\/patagoniambiental.com.ar\\\/info\\\/?s={search_term_string}\"},\"query-input\":{\"@type\":\"PropertyValueSpecification\",\"valueRequired\":true,\"valueName\":\"search_term_string\"}}],\"inLanguage\":\"es\"},{\"@type\":\"Organization\",\"@id\":\"https:\\\/\\\/patagoniambiental.com.ar\\\/info\\\/#organization\",\"name\":\"Patagonia Ambiental\",\"url\":\"https:\\\/\\\/patagoniambiental.com.ar\\\/info\\\/\",\"logo\":{\"@type\":\"ImageObject\",\"inLanguage\":\"es\",\"@id\":\"https:\\\/\\\/patagoniambiental.com.ar\\\/info\\\/#\\\/schema\\\/logo\\\/image\\\/\",\"url\":\"https:\\\/\\\/patagoniambiental.com.ar\\\/info\\\/wp-content\\\/uploads\\\/2025\\\/05\\\/LOGO-PATAGONIA-AMBIENTAL.png\",\"contentUrl\":\"https:\\\/\\\/patagoniambiental.com.ar\\\/info\\\/wp-content\\\/uploads\\\/2025\\\/05\\\/LOGO-PATAGONIA-AMBIENTAL.png\",\"width\":433,\"height\":250,\"caption\":\"Patagonia Ambiental\"},\"image\":{\"@id\":\"https:\\\/\\\/patagoniambiental.com.ar\\\/info\\\/#\\\/schema\\\/logo\\\/image\\\/\"},\"sameAs\":[\"https:\\\/\\\/www.facebook.com\\\/patagonia.ambiental\",\"https:\\\/\\\/x.com\\\/PatAmb\"]},{\"@type\":\"Person\",\"@id\":\"https:\\\/\\\/patagoniambiental.com.ar\\\/info\\\/#\\\/schema\\\/person\\\/db12bff64bbcbf6a253710bf0ea37b5d\",\"name\":\"Patagonia Ambiental\",\"description\":\"Andr\u00e9s Nievas T\u00e9cnico en manejo ambiental, consultor Ambiental y escritor para medios locales e internacionales sobre temas de geopolitica y medio ambiente.\",\"sameAs\":[\"http:\\\/\\\/www.patagoniambiental.com.ar\",\"https:\\\/\\\/www.facebook.com\\\/share\\\/1C1V8Gv9BX\\\/?mibextid=qi2Omg\",\"@patagoniambiental\",\"https:\\\/\\\/youtube.com\\\/@patagoniaambiental2023?si=BLt58t0wuXquxlYZ\"]}]}<\/script>\n<!-- \/ Yoast SEO Premium plugin. -->","yoast_head_json":{"title":"Pampa Energ\u00eda se queda con una de las \u00e1reas de GyP en Neuqu\u00e9n","robots":{"index":"index","follow":"follow","max-snippet":"max-snippet:-1","max-image-preview":"max-image-preview:large","max-video-preview":"max-video-preview:-1"},"canonical":"https:\/\/patagoniambiental.com.ar\/info\/pampa-energia-se-queda-con-una-de-las-areas-de-gyp-en-neuquen\/","og_locale":"es_ES","og_type":"article","og_title":"Pampa Energ\u00eda se queda con una de las \u00e1reas de GyP en Neuqu\u00e9n","og_description":"Estados Unidos.-Puso u$s 207 millones por Las Tacanas Norte. Guti\u00e9rrez lo confirm\u00f3 en EE.UU.\u2002","og_url":"https:\/\/patagoniambiental.com.ar\/info\/pampa-energia-se-queda-con-una-de-las-areas-de-gyp-en-neuquen\/","og_site_name":"Patagonia Ambiental","article_publisher":"https:\/\/www.facebook.com\/patagonia.ambiental","article_author":"https:\/\/www.facebook.com\/share\/1C1V8Gv9BX\/?mibextid=qi2Omg","article_published_time":"2017-11-09T22:00:26+00:00","og_image":[{"width":770,"height":433,"url":"https:\/\/patagoniambiental.com.ar\/info\/wp-content\/uploads\/2017\/11\/0002783806.jpg","type":"image\/jpeg"}],"author":"Patagonia Ambiental","twitter_card":"summary_large_image","twitter_creator":"@PatAmb","twitter_site":"@PatAmb","schema":{"@context":"https:\/\/schema.org","@graph":[{"@type":"Article","@id":"https:\/\/patagoniambiental.com.ar\/info\/pampa-energia-se-queda-con-una-de-las-areas-de-gyp-en-neuquen\/#article","isPartOf":{"@id":"https:\/\/patagoniambiental.com.ar\/info\/pampa-energia-se-queda-con-una-de-las-areas-de-gyp-en-neuquen\/"},"author":{"name":"Patagonia Ambiental","@id":"https:\/\/patagoniambiental.com.ar\/info\/#\/schema\/person\/db12bff64bbcbf6a253710bf0ea37b5d"},"headline":"Pampa Energ\u00eda se queda con una de las \u00e1reas de GyP en Neuqu\u00e9n","datePublished":"2017-11-09T22:00:26+00:00","mainEntityOfPage":{"@id":"https:\/\/patagoniambiental.com.ar\/info\/pampa-energia-se-queda-con-una-de-las-areas-de-gyp-en-neuquen\/"},"wordCount":479,"commentCount":0,"publisher":{"@id":"https:\/\/patagoniambiental.com.ar\/info\/#organization"},"image":{"@id":"https:\/\/patagoniambiental.com.ar\/info\/pampa-energia-se-queda-con-una-de-las-areas-de-gyp-en-neuquen\/#primaryimage"},"thumbnailUrl":"https:\/\/patagoniambiental.com.ar\/info\/wp-content\/uploads\/2017\/11\/0002783806.jpg","articleSection":["Internacionales","Noticias"],"inLanguage":"es","potentialAction":[{"@type":"CommentAction","name":"Comment","target":["https:\/\/patagoniambiental.com.ar\/info\/pampa-energia-se-queda-con-una-de-las-areas-de-gyp-en-neuquen\/#respond"]}]},{"@type":"WebPage","@id":"https:\/\/patagoniambiental.com.ar\/info\/pampa-energia-se-queda-con-una-de-las-areas-de-gyp-en-neuquen\/","url":"https:\/\/patagoniambiental.com.ar\/info\/pampa-energia-se-queda-con-una-de-las-areas-de-gyp-en-neuquen\/","name":"Pampa Energ\u00eda se queda con una de las \u00e1reas de GyP en Neuqu\u00e9n","isPartOf":{"@id":"https:\/\/patagoniambiental.com.ar\/info\/#website"},"primaryImageOfPage":{"@id":"https:\/\/patagoniambiental.com.ar\/info\/pampa-energia-se-queda-con-una-de-las-areas-de-gyp-en-neuquen\/#primaryimage"},"image":{"@id":"https:\/\/patagoniambiental.com.ar\/info\/pampa-energia-se-queda-con-una-de-las-areas-de-gyp-en-neuquen\/#primaryimage"},"thumbnailUrl":"https:\/\/patagoniambiental.com.ar\/info\/wp-content\/uploads\/2017\/11\/0002783806.jpg","datePublished":"2017-11-09T22:00:26+00:00","breadcrumb":{"@id":"https:\/\/patagoniambiental.com.ar\/info\/pampa-energia-se-queda-con-una-de-las-areas-de-gyp-en-neuquen\/#breadcrumb"},"inLanguage":"es","potentialAction":[{"@type":"ReadAction","target":["https:\/\/patagoniambiental.com.ar\/info\/pampa-energia-se-queda-con-una-de-las-areas-de-gyp-en-neuquen\/"]}]},{"@type":"ImageObject","inLanguage":"es","@id":"https:\/\/patagoniambiental.com.ar\/info\/pampa-energia-se-queda-con-una-de-las-areas-de-gyp-en-neuquen\/#primaryimage","url":"https:\/\/patagoniambiental.com.ar\/info\/wp-content\/uploads\/2017\/11\/0002783806.jpg","contentUrl":"https:\/\/patagoniambiental.com.ar\/info\/wp-content\/uploads\/2017\/11\/0002783806.jpg","width":770,"height":433},{"@type":"BreadcrumbList","@id":"https:\/\/patagoniambiental.com.ar\/info\/pampa-energia-se-queda-con-una-de-las-areas-de-gyp-en-neuquen\/#breadcrumb","itemListElement":[{"@type":"ListItem","position":1,"name":"Inicio","item":"https:\/\/patagoniambiental.com.ar\/info\/"},{"@type":"ListItem","position":2,"name":"Pampa Energ\u00eda se queda con una de las \u00e1reas de GyP en Neuqu\u00e9n"}]},{"@type":"WebSite","@id":"https:\/\/patagoniambiental.com.ar\/info\/#website","url":"https:\/\/patagoniambiental.com.ar\/info\/","name":"Patagonia Ambiental","description":"Monitoreo y an\u00e1lisis de la situaci\u00f3n geopol\u00edtica en el mundo y su implicancia en la Patagonia","publisher":{"@id":"https:\/\/patagoniambiental.com.ar\/info\/#organization"},"potentialAction":[{"@type":"SearchAction","target":{"@type":"EntryPoint","urlTemplate":"https:\/\/patagoniambiental.com.ar\/info\/?s={search_term_string}"},"query-input":{"@type":"PropertyValueSpecification","valueRequired":true,"valueName":"search_term_string"}}],"inLanguage":"es"},{"@type":"Organization","@id":"https:\/\/patagoniambiental.com.ar\/info\/#organization","name":"Patagonia Ambiental","url":"https:\/\/patagoniambiental.com.ar\/info\/","logo":{"@type":"ImageObject","inLanguage":"es","@id":"https:\/\/patagoniambiental.com.ar\/info\/#\/schema\/logo\/image\/","url":"https:\/\/patagoniambiental.com.ar\/info\/wp-content\/uploads\/2025\/05\/LOGO-PATAGONIA-AMBIENTAL.png","contentUrl":"https:\/\/patagoniambiental.com.ar\/info\/wp-content\/uploads\/2025\/05\/LOGO-PATAGONIA-AMBIENTAL.png","width":433,"height":250,"caption":"Patagonia Ambiental"},"image":{"@id":"https:\/\/patagoniambiental.com.ar\/info\/#\/schema\/logo\/image\/"},"sameAs":["https:\/\/www.facebook.com\/patagonia.ambiental","https:\/\/x.com\/PatAmb"]},{"@type":"Person","@id":"https:\/\/patagoniambiental.com.ar\/info\/#\/schema\/person\/db12bff64bbcbf6a253710bf0ea37b5d","name":"Patagonia Ambiental","description":"Andr\u00e9s Nievas T\u00e9cnico en manejo ambiental, consultor Ambiental y escritor para medios locales e internacionales sobre temas de geopolitica y medio ambiente.","sameAs":["http:\/\/www.patagoniambiental.com.ar","https:\/\/www.facebook.com\/share\/1C1V8Gv9BX\/?mibextid=qi2Omg","@patagoniambiental","https:\/\/youtube.com\/@patagoniaambiental2023?si=BLt58t0wuXquxlYZ"]}]}},"_links":{"self":[{"href":"https:\/\/patagoniambiental.com.ar\/info\/wp-json\/wp\/v2\/posts\/37872","targetHints":{"allow":["GET"]}}],"collection":[{"href":"https:\/\/patagoniambiental.com.ar\/info\/wp-json\/wp\/v2\/posts"}],"about":[{"href":"https:\/\/patagoniambiental.com.ar\/info\/wp-json\/wp\/v2\/types\/post"}],"author":[{"embeddable":true,"href":"https:\/\/patagoniambiental.com.ar\/info\/wp-json\/wp\/v2\/users\/2"}],"replies":[{"embeddable":true,"href":"https:\/\/patagoniambiental.com.ar\/info\/wp-json\/wp\/v2\/comments?post=37872"}],"version-history":[{"count":0,"href":"https:\/\/patagoniambiental.com.ar\/info\/wp-json\/wp\/v2\/posts\/37872\/revisions"}],"wp:featuredmedia":[{"embeddable":true,"href":"https:\/\/patagoniambiental.com.ar\/info\/wp-json\/wp\/v2\/media\/37873"}],"wp:attachment":[{"href":"https:\/\/patagoniambiental.com.ar\/info\/wp-json\/wp\/v2\/media?parent=37872"}],"wp:term":[{"taxonomy":"category","embeddable":true,"href":"https:\/\/patagoniambiental.com.ar\/info\/wp-json\/wp\/v2\/categories?post=37872"},{"taxonomy":"post_tag","embeddable":true,"href":"https:\/\/patagoniambiental.com.ar\/info\/wp-json\/wp\/v2\/tags?post=37872"}],"curies":[{"name":"wp","href":"https:\/\/api.w.org\/{rel}","templated":true}]}}