{"id":37882,"date":"2017-11-09T19:00:19","date_gmt":"2017-11-09T22:00:19","guid":{"rendered":"http:\/\/patagoniambiental.com.ar\/info\/?p=37882"},"modified":"2017-11-09T11:10:32","modified_gmt":"2017-11-09T14:10:32","slug":"conflicto-mapuche-y-realidad-inmigrantes-ejes-de-la-visita-del-papa-a-chile","status":"publish","type":"post","link":"https:\/\/patagoniambiental.com.ar\/info\/conflicto-mapuche-y-realidad-inmigrantes-ejes-de-la-visita-del-papa-a-chile\/","title":{"rendered":"Conflicto mapuche y realidad inmigrantes, ejes de la visita del papa a Chile"},"content":{"rendered":"<div class=\"encabezado opinion\">\n<div class=\"hgroup\">\n<p>Santiago de Chile, 8 nov (EFE).-El conflicto entre los mapuches y el Estado y los problemas de los inmigrantes ser\u00e1n los ejes de la visita en enero pr\u00f3ximo del papa Francisco a Chile, en la que el sumo pont\u00edfice entregar\u00e1 un mensaje de paz a una sociedad tensionada por el debate pol\u00edtico y las diferencias sociales.<\/p>\n<\/div>\n<\/div>\n<p><!--more--><\/p>\n<div class=\"columna_texto\">\n<div class=\"firma_comentarios estirar\">\n<div id=\"zona_top1\">\u00a0El conflicto entre los mapuches y el Estado y los problemas de los inmigrantes ser\u00e1n los ejes de la visita en enero pr\u00f3ximo del papa Francisco a Chile, en la que el sumo pont\u00edfice entregar\u00e1 un mensaje de paz a una sociedad tensionada por el debate pol\u00edtico y las diferencias sociales.<\/div>\n<\/div>\n<div class=\"cuerpo_noticia estirar\">\n<div class=\"efe-fuente\">\n<p>\u00abEsperamos que la visita sea un aporte al di\u00e1logo, la paz y el respeto a la diversidad\u00bb, manifest\u00f3 hoy el director ejecutivo de la Comisi\u00f3n Nacional para la Visita del papa Francisco, Javier Peralta, en un encuentro con la prensa internacional.<\/p>\n<p>Adem\u00e1s de misas masivas a las que asistir\u00e1n 1,2 millones de fieles, la gira papal en Chile, que durar\u00e1 del 15 y 18 de enero e incluir\u00e1 Santiago, Temuco (sur) e Iquique (norte), incluir\u00e1 actividades como un encuentro masivo con j\u00f3venes y una in\u00e9dita visita a una c\u00e1rcel de mujeres.<\/p>\n<p>Que el lema de la gira sea \u00abMi paz os doy\u00bb es un exponente de la cultura del encuentro que el papa impulsa desde que comenz\u00f3 su pontificado, en marzo de 2013, enfatiz\u00f3 el representante de la Iglesia cat\u00f3lica, .<\/p>\n<p>\u00abEste mensaje le puede venir muy bien a Chile en estos momentos\u00bb, toda vez que la confrontaci\u00f3n pol\u00edtica de las elecciones del pr\u00f3ximo 19 de noviembre tensa el ambiente social y refuerza los mensajes de discordia, agreg\u00f3.<\/p>\n<p>\u00abEs bueno que el papa saque a relucir ciertas situaciones dolorosas y desaf\u00edos que tenemos que superar como pa\u00eds\u00bb, subray\u00f3 el director ejecutivo para la visita.<\/p>\n<p>Peralta puso como ejemplo de esta realidad el contacto con los inmigrantes durante la jornada en Iquique Chile, donde convive una veintena de colonias de extranjeros.<\/p>\n<p>A este mismo planteamiento responde la visita del pont\u00edfice a la ciudad de Temuco, capital de la Araucan\u00eda, donde se concentra la poblaci\u00f3n mapuche.<\/p>\n<p>\u00abViaja all\u00ed porque es la regi\u00f3n m\u00e1s pobre del pa\u00eds y tambi\u00e9n por el conflicto con los pueblos originarios, que es un tema muy presente en la agenda del papa\u00bb, explic\u00f3 Peralta.<\/p>\n<p>El presupuesto de la gira por Chile de Jorge Mario Bergoglio asciende a 18 millones de d\u00f3lares, de los cuales, 6,5 millones los financia la Iglesia y el resto, el Estado.<\/p>\n<p>La recaudaci\u00f3n de fondos, explic\u00f3 el director ejecutivo para la visita, tiene tres fuentes de financiaci\u00f3n: las instituciones de la Iglesia cat\u00f3lica; las colectas organizadas por parroquias y colegios, y las donaciones efectuadas por personas jur\u00eddicas que se acogen a una ley de financiamiento parobada \u00abad hoc\u00bb por el Senado.<\/p>\n<p>\u00c9sta \u00faltima ha resultado muy pol\u00e9mica, por cuanto establece deducciones fiscales que redundan en una merma de la recaudaci\u00f3n tributaria.<\/p>\n<p>Al respecto, Javier Peralta consider\u00f3 \u00abtremendamente positivo\u00bb la discusi\u00f3n sobre los recursos para costear la visita y el hecho de que se pidan explicaciones.<\/p>\n<p>\u00abEl monto (del presupuesto) es alto y est\u00e1 muy asociado con el movimiento de personas\u00bb, dijeron los organizadores, que prev\u00e9n tambi\u00e9n la llegada masiva de ciudadanos argentinos para ver y escuchar a su compatriota.<\/p>\n<p>Para el desarrollo de las actividades del papa se emplear\u00e1n 2.000 metros cuadrados de pantallas LED, 600.000 hostias, 3.000.000 de litros de agua, 4.500 metros cuadrados de altar y un recorrido de 3.060 kil\u00f3metros para los tres papam\u00f3viles que se usar\u00e1n en los desplazamientos del pont\u00edfice.<\/p>\n<p>\u00abEstamos hablando de diez veces m\u00e1s que un partido de f\u00fatbol o un concierto masivo\u00bb, compar\u00f3 Peralta.<\/p>\n<p>\u00abNo existe infraestructura para acoger esta visita, hay que construir accesos, preparar el terreno, poner vallas, construir caminos para el papam\u00f3vil, instalar ba\u00f1os p\u00fablicos y servicios de luz y agua\u00bb, a\u00f1adi\u00f3.<\/p>\n<p>El representante de la Iglesia cat\u00f3lica subray\u00f3 que la gira de Bergoglio -que continuar\u00e1 despu\u00e9s en Per\u00fa- dejar\u00e1 una derrama econ\u00f3mica importante en Chile, como ha sucedido en otros pa\u00edses que ha visitado.<\/p>\n<p>Los organizadores de la visita evitaron pronunciarse sobre las declaraciones del embajador chileno ante la Santa Sede, Mariano Fern\u00e1ndez, quien este martes se\u00f1al\u00f3 que el Gobierno de su pa\u00eds espera que el papa Francisco \u00abse abstenga de opinar\u00bb sobre el tema de la demanda mar\u00edtima de Bolivia, una declaraci\u00f3n que ayer mismo replic\u00f3 el presidente de ese pa\u00eds, Evo Morales, quien la consider\u00f3 fruto del \u00abmiedo\u00bb.<\/p>\n<p>\u00abEl papa tiene fuentes de informaci\u00f3n de lo que est\u00e1 sucediendo (&#8230;), la decisi\u00f3n que \u00e9l tome ser\u00e1 fundada en lo que sabe\u00bb, se\u00f1al\u00f3 Peralta.<\/p>\n<p>Respecto a la demanda de los fieles de la di\u00f3cesis sure\u00f1a de Osorno de relevar a su obispo, Juan Barros, a quien acusan de ocultar casos de abuso sexual, los representantes de la Iglesia cat\u00f3lica puntualizaron que la agenda del pont\u00edfice \u00abno contempla audiencias privadas\u00bb.<\/p>\n<p>Esta visita del papa a Chile ser\u00e1 muy diferente a la de Juan Pablo II en 1987, cuando el pa\u00eds viv\u00eda bajo la dictadura y los cat\u00f3licos representaban el 80 % de la poblaci\u00f3n, frente al 57 % actual. EFE<\/p>\n<p>Fuente:\u00a0http:\/\/www.wradio.com.co\/noticias\/internacional\/conflicto-mapuche-y-realidad-inmigrantes-ejes-de-la-visita-del-papa-a-chile\/20171108\/nota\/3631792.aspx<\/p>\n<\/div>\n<\/div>\n<\/div>\n","protected":false},"excerpt":{"rendered":"<p>Santiago de Chile, 8 nov (EFE).-El conflicto entre los mapuches y el Estado y los problemas de los inmigrantes ser\u00e1n [&hellip;]<\/p>\n","protected":false},"author":2,"featured_media":0,"comment_status":"open","ping_status":"open","sticky":false,"template":"","format":"standard","meta":{"site-sidebar-layout":"default","site-content-layout":"","ast-site-content-layout":"default","site-content-style":"default","site-sidebar-style":"default","ast-global-header-display":"","ast-banner-title-visibility":"","ast-main-header-display":"","ast-hfb-above-header-display":"","ast-hfb-below-header-display":"","ast-hfb-mobile-header-display":"","site-post-title":"","ast-breadcrumbs-content":"","ast-featured-img":"","footer-sml-layout":"","ast-disable-related-posts":"","theme-transparent-header-meta":"","adv-header-id-meta":"","stick-header-meta":"","header-above-stick-meta":"","header-main-stick-meta":"","header-below-stick-meta":"","astra-migrate-meta-layouts":"default","ast-page-background-enabled":"default","ast-page-background-meta":{"desktop":{"background-color":"var(--ast-global-color-5)","background-image":"","background-repeat":"repeat","background-position":"center center","background-size":"auto","background-attachment":"scroll","background-type":"","background-media":"","overlay-type":"","overlay-color":"","overlay-opacity":"","overlay-gradient":""},"tablet":{"background-color":"","background-image":"","background-repeat":"repeat","background-position":"center center","background-size":"auto","background-attachment":"scroll","background-type":"","background-media":"","overlay-type":"","overlay-color":"","overlay-opacity":"","overlay-gradient":""},"mobile":{"background-color":"","background-image":"","background-repeat":"repeat","background-position":"center center","background-size":"auto","background-attachment":"scroll","background-type":"","background-media":"","overlay-type":"","overlay-color":"","overlay-opacity":"","overlay-gradient":""}},"ast-content-background-meta":{"desktop":{"background-color":"var(--ast-global-color-4)","background-image":"","background-repeat":"repeat","background-position":"center center","background-size":"auto","background-attachment":"scroll","background-type":"","background-media":"","overlay-type":"","overlay-color":"","overlay-opacity":"","overlay-gradient":""},"tablet":{"background-color":"var(--ast-global-color-4)","background-image":"","background-repeat":"repeat","background-position":"center center","background-size":"auto","background-attachment":"scroll","background-type":"","background-media":"","overlay-type":"","overlay-color":"","overlay-opacity":"","overlay-gradient":""},"mobile":{"background-color":"var(--ast-global-color-4)","background-image":"","background-repeat":"repeat","background-position":"center center","background-size":"auto","background-attachment":"scroll","background-type":"","background-media":"","overlay-type":"","overlay-color":"","overlay-opacity":"","overlay-gradient":""}},"footnotes":""},"categories":[23,1],"tags":[],"class_list":["post-37882","post","type-post","status-publish","format-standard","hentry","category-internacionales","category-noticias"],"yoast_head":"<!-- This site is optimized with the Yoast SEO Premium plugin v23.0 (Yoast SEO v27.4) - https:\/\/yoast.com\/product\/yoast-seo-premium-wordpress\/ -->\n<title>Conflicto mapuche y realidad inmigrantes, ejes de la visita del papa a Chile<\/title>\n<meta name=\"robots\" content=\"index, follow, max-snippet:-1, max-image-preview:large, max-video-preview:-1\" \/>\n<link rel=\"canonical\" href=\"https:\/\/patagoniambiental.com.ar\/info\/conflicto-mapuche-y-realidad-inmigrantes-ejes-de-la-visita-del-papa-a-chile\/\" \/>\n<meta property=\"og:locale\" content=\"es_ES\" \/>\n<meta property=\"og:type\" content=\"article\" \/>\n<meta property=\"og:title\" content=\"Conflicto mapuche y realidad inmigrantes, ejes de la visita del papa a Chile\" \/>\n<meta property=\"og:description\" content=\"Santiago de Chile, 8 nov (EFE).-El conflicto entre los mapuches y el Estado y los problemas de los inmigrantes ser\u00e1n [&hellip;]\" \/>\n<meta property=\"og:url\" content=\"https:\/\/patagoniambiental.com.ar\/info\/conflicto-mapuche-y-realidad-inmigrantes-ejes-de-la-visita-del-papa-a-chile\/\" \/>\n<meta property=\"og:site_name\" content=\"Patagonia Ambiental\" \/>\n<meta property=\"article:publisher\" content=\"https:\/\/www.facebook.com\/patagonia.ambiental\" \/>\n<meta property=\"article:author\" content=\"https:\/\/www.facebook.com\/share\/1C1V8Gv9BX\/?mibextid=qi2Omg\" \/>\n<meta property=\"article:published_time\" content=\"2017-11-09T22:00:19+00:00\" \/>\n<meta name=\"author\" content=\"Patagonia Ambiental\" \/>\n<meta name=\"twitter:card\" content=\"summary_large_image\" \/>\n<meta name=\"twitter:creator\" content=\"@PatAmb\" \/>\n<meta name=\"twitter:site\" content=\"@PatAmb\" \/>\n<script type=\"application\/ld+json\" class=\"yoast-schema-graph\">{\"@context\":\"https:\\\/\\\/schema.org\",\"@graph\":[{\"@type\":\"Article\",\"@id\":\"https:\\\/\\\/patagoniambiental.com.ar\\\/info\\\/conflicto-mapuche-y-realidad-inmigrantes-ejes-de-la-visita-del-papa-a-chile\\\/#article\",\"isPartOf\":{\"@id\":\"https:\\\/\\\/patagoniambiental.com.ar\\\/info\\\/conflicto-mapuche-y-realidad-inmigrantes-ejes-de-la-visita-del-papa-a-chile\\\/\"},\"author\":{\"name\":\"Patagonia Ambiental\",\"@id\":\"https:\\\/\\\/patagoniambiental.com.ar\\\/info\\\/#\\\/schema\\\/person\\\/db12bff64bbcbf6a253710bf0ea37b5d\"},\"headline\":\"Conflicto mapuche y realidad inmigrantes, ejes de la visita del papa a Chile\",\"datePublished\":\"2017-11-09T22:00:19+00:00\",\"mainEntityOfPage\":{\"@id\":\"https:\\\/\\\/patagoniambiental.com.ar\\\/info\\\/conflicto-mapuche-y-realidad-inmigrantes-ejes-de-la-visita-del-papa-a-chile\\\/\"},\"wordCount\":921,\"commentCount\":0,\"publisher\":{\"@id\":\"https:\\\/\\\/patagoniambiental.com.ar\\\/info\\\/#organization\"},\"articleSection\":[\"Internacionales\",\"Noticias\"],\"inLanguage\":\"es\",\"potentialAction\":[{\"@type\":\"CommentAction\",\"name\":\"Comment\",\"target\":[\"https:\\\/\\\/patagoniambiental.com.ar\\\/info\\\/conflicto-mapuche-y-realidad-inmigrantes-ejes-de-la-visita-del-papa-a-chile\\\/#respond\"]}]},{\"@type\":\"WebPage\",\"@id\":\"https:\\\/\\\/patagoniambiental.com.ar\\\/info\\\/conflicto-mapuche-y-realidad-inmigrantes-ejes-de-la-visita-del-papa-a-chile\\\/\",\"url\":\"https:\\\/\\\/patagoniambiental.com.ar\\\/info\\\/conflicto-mapuche-y-realidad-inmigrantes-ejes-de-la-visita-del-papa-a-chile\\\/\",\"name\":\"Conflicto mapuche y realidad inmigrantes, ejes de la visita del papa a Chile\",\"isPartOf\":{\"@id\":\"https:\\\/\\\/patagoniambiental.com.ar\\\/info\\\/#website\"},\"datePublished\":\"2017-11-09T22:00:19+00:00\",\"breadcrumb\":{\"@id\":\"https:\\\/\\\/patagoniambiental.com.ar\\\/info\\\/conflicto-mapuche-y-realidad-inmigrantes-ejes-de-la-visita-del-papa-a-chile\\\/#breadcrumb\"},\"inLanguage\":\"es\",\"potentialAction\":[{\"@type\":\"ReadAction\",\"target\":[\"https:\\\/\\\/patagoniambiental.com.ar\\\/info\\\/conflicto-mapuche-y-realidad-inmigrantes-ejes-de-la-visita-del-papa-a-chile\\\/\"]}]},{\"@type\":\"BreadcrumbList\",\"@id\":\"https:\\\/\\\/patagoniambiental.com.ar\\\/info\\\/conflicto-mapuche-y-realidad-inmigrantes-ejes-de-la-visita-del-papa-a-chile\\\/#breadcrumb\",\"itemListElement\":[{\"@type\":\"ListItem\",\"position\":1,\"name\":\"Inicio\",\"item\":\"https:\\\/\\\/patagoniambiental.com.ar\\\/info\\\/\"},{\"@type\":\"ListItem\",\"position\":2,\"name\":\"Conflicto mapuche y realidad inmigrantes, ejes de la visita del papa a Chile\"}]},{\"@type\":\"WebSite\",\"@id\":\"https:\\\/\\\/patagoniambiental.com.ar\\\/info\\\/#website\",\"url\":\"https:\\\/\\\/patagoniambiental.com.ar\\\/info\\\/\",\"name\":\"Patagonia Ambiental\",\"description\":\"Monitoreo y an\u00e1lisis de la situaci\u00f3n geopol\u00edtica en el mundo y su implicancia en la Patagonia\",\"publisher\":{\"@id\":\"https:\\\/\\\/patagoniambiental.com.ar\\\/info\\\/#organization\"},\"potentialAction\":[{\"@type\":\"SearchAction\",\"target\":{\"@type\":\"EntryPoint\",\"urlTemplate\":\"https:\\\/\\\/patagoniambiental.com.ar\\\/info\\\/?s={search_term_string}\"},\"query-input\":{\"@type\":\"PropertyValueSpecification\",\"valueRequired\":true,\"valueName\":\"search_term_string\"}}],\"inLanguage\":\"es\"},{\"@type\":\"Organization\",\"@id\":\"https:\\\/\\\/patagoniambiental.com.ar\\\/info\\\/#organization\",\"name\":\"Patagonia Ambiental\",\"url\":\"https:\\\/\\\/patagoniambiental.com.ar\\\/info\\\/\",\"logo\":{\"@type\":\"ImageObject\",\"inLanguage\":\"es\",\"@id\":\"https:\\\/\\\/patagoniambiental.com.ar\\\/info\\\/#\\\/schema\\\/logo\\\/image\\\/\",\"url\":\"https:\\\/\\\/patagoniambiental.com.ar\\\/info\\\/wp-content\\\/uploads\\\/2025\\\/05\\\/LOGO-PATAGONIA-AMBIENTAL.png\",\"contentUrl\":\"https:\\\/\\\/patagoniambiental.com.ar\\\/info\\\/wp-content\\\/uploads\\\/2025\\\/05\\\/LOGO-PATAGONIA-AMBIENTAL.png\",\"width\":433,\"height\":250,\"caption\":\"Patagonia Ambiental\"},\"image\":{\"@id\":\"https:\\\/\\\/patagoniambiental.com.ar\\\/info\\\/#\\\/schema\\\/logo\\\/image\\\/\"},\"sameAs\":[\"https:\\\/\\\/www.facebook.com\\\/patagonia.ambiental\",\"https:\\\/\\\/x.com\\\/PatAmb\"]},{\"@type\":\"Person\",\"@id\":\"https:\\\/\\\/patagoniambiental.com.ar\\\/info\\\/#\\\/schema\\\/person\\\/db12bff64bbcbf6a253710bf0ea37b5d\",\"name\":\"Patagonia Ambiental\",\"description\":\"Andr\u00e9s Nievas T\u00e9cnico en manejo ambiental, consultor Ambiental y escritor para medios locales e internacionales sobre temas de geopolitica y medio ambiente.\",\"sameAs\":[\"http:\\\/\\\/www.patagoniambiental.com.ar\",\"https:\\\/\\\/www.facebook.com\\\/share\\\/1C1V8Gv9BX\\\/?mibextid=qi2Omg\",\"@patagoniambiental\",\"https:\\\/\\\/youtube.com\\\/@patagoniaambiental2023?si=BLt58t0wuXquxlYZ\"]}]}<\/script>\n<!-- \/ Yoast SEO Premium plugin. -->","yoast_head_json":{"title":"Conflicto mapuche y realidad inmigrantes, ejes de la visita del papa a Chile","robots":{"index":"index","follow":"follow","max-snippet":"max-snippet:-1","max-image-preview":"max-image-preview:large","max-video-preview":"max-video-preview:-1"},"canonical":"https:\/\/patagoniambiental.com.ar\/info\/conflicto-mapuche-y-realidad-inmigrantes-ejes-de-la-visita-del-papa-a-chile\/","og_locale":"es_ES","og_type":"article","og_title":"Conflicto mapuche y realidad inmigrantes, ejes de la visita del papa a Chile","og_description":"Santiago de Chile, 8 nov (EFE).-El conflicto entre los mapuches y el Estado y los problemas de los inmigrantes ser\u00e1n [&hellip;]","og_url":"https:\/\/patagoniambiental.com.ar\/info\/conflicto-mapuche-y-realidad-inmigrantes-ejes-de-la-visita-del-papa-a-chile\/","og_site_name":"Patagonia Ambiental","article_publisher":"https:\/\/www.facebook.com\/patagonia.ambiental","article_author":"https:\/\/www.facebook.com\/share\/1C1V8Gv9BX\/?mibextid=qi2Omg","article_published_time":"2017-11-09T22:00:19+00:00","author":"Patagonia Ambiental","twitter_card":"summary_large_image","twitter_creator":"@PatAmb","twitter_site":"@PatAmb","schema":{"@context":"https:\/\/schema.org","@graph":[{"@type":"Article","@id":"https:\/\/patagoniambiental.com.ar\/info\/conflicto-mapuche-y-realidad-inmigrantes-ejes-de-la-visita-del-papa-a-chile\/#article","isPartOf":{"@id":"https:\/\/patagoniambiental.com.ar\/info\/conflicto-mapuche-y-realidad-inmigrantes-ejes-de-la-visita-del-papa-a-chile\/"},"author":{"name":"Patagonia Ambiental","@id":"https:\/\/patagoniambiental.com.ar\/info\/#\/schema\/person\/db12bff64bbcbf6a253710bf0ea37b5d"},"headline":"Conflicto mapuche y realidad inmigrantes, ejes de la visita del papa a Chile","datePublished":"2017-11-09T22:00:19+00:00","mainEntityOfPage":{"@id":"https:\/\/patagoniambiental.com.ar\/info\/conflicto-mapuche-y-realidad-inmigrantes-ejes-de-la-visita-del-papa-a-chile\/"},"wordCount":921,"commentCount":0,"publisher":{"@id":"https:\/\/patagoniambiental.com.ar\/info\/#organization"},"articleSection":["Internacionales","Noticias"],"inLanguage":"es","potentialAction":[{"@type":"CommentAction","name":"Comment","target":["https:\/\/patagoniambiental.com.ar\/info\/conflicto-mapuche-y-realidad-inmigrantes-ejes-de-la-visita-del-papa-a-chile\/#respond"]}]},{"@type":"WebPage","@id":"https:\/\/patagoniambiental.com.ar\/info\/conflicto-mapuche-y-realidad-inmigrantes-ejes-de-la-visita-del-papa-a-chile\/","url":"https:\/\/patagoniambiental.com.ar\/info\/conflicto-mapuche-y-realidad-inmigrantes-ejes-de-la-visita-del-papa-a-chile\/","name":"Conflicto mapuche y realidad inmigrantes, ejes de la visita del papa a Chile","isPartOf":{"@id":"https:\/\/patagoniambiental.com.ar\/info\/#website"},"datePublished":"2017-11-09T22:00:19+00:00","breadcrumb":{"@id":"https:\/\/patagoniambiental.com.ar\/info\/conflicto-mapuche-y-realidad-inmigrantes-ejes-de-la-visita-del-papa-a-chile\/#breadcrumb"},"inLanguage":"es","potentialAction":[{"@type":"ReadAction","target":["https:\/\/patagoniambiental.com.ar\/info\/conflicto-mapuche-y-realidad-inmigrantes-ejes-de-la-visita-del-papa-a-chile\/"]}]},{"@type":"BreadcrumbList","@id":"https:\/\/patagoniambiental.com.ar\/info\/conflicto-mapuche-y-realidad-inmigrantes-ejes-de-la-visita-del-papa-a-chile\/#breadcrumb","itemListElement":[{"@type":"ListItem","position":1,"name":"Inicio","item":"https:\/\/patagoniambiental.com.ar\/info\/"},{"@type":"ListItem","position":2,"name":"Conflicto mapuche y realidad inmigrantes, ejes de la visita del papa a Chile"}]},{"@type":"WebSite","@id":"https:\/\/patagoniambiental.com.ar\/info\/#website","url":"https:\/\/patagoniambiental.com.ar\/info\/","name":"Patagonia Ambiental","description":"Monitoreo y an\u00e1lisis de la situaci\u00f3n geopol\u00edtica en el mundo y su implicancia en la Patagonia","publisher":{"@id":"https:\/\/patagoniambiental.com.ar\/info\/#organization"},"potentialAction":[{"@type":"SearchAction","target":{"@type":"EntryPoint","urlTemplate":"https:\/\/patagoniambiental.com.ar\/info\/?s={search_term_string}"},"query-input":{"@type":"PropertyValueSpecification","valueRequired":true,"valueName":"search_term_string"}}],"inLanguage":"es"},{"@type":"Organization","@id":"https:\/\/patagoniambiental.com.ar\/info\/#organization","name":"Patagonia Ambiental","url":"https:\/\/patagoniambiental.com.ar\/info\/","logo":{"@type":"ImageObject","inLanguage":"es","@id":"https:\/\/patagoniambiental.com.ar\/info\/#\/schema\/logo\/image\/","url":"https:\/\/patagoniambiental.com.ar\/info\/wp-content\/uploads\/2025\/05\/LOGO-PATAGONIA-AMBIENTAL.png","contentUrl":"https:\/\/patagoniambiental.com.ar\/info\/wp-content\/uploads\/2025\/05\/LOGO-PATAGONIA-AMBIENTAL.png","width":433,"height":250,"caption":"Patagonia Ambiental"},"image":{"@id":"https:\/\/patagoniambiental.com.ar\/info\/#\/schema\/logo\/image\/"},"sameAs":["https:\/\/www.facebook.com\/patagonia.ambiental","https:\/\/x.com\/PatAmb"]},{"@type":"Person","@id":"https:\/\/patagoniambiental.com.ar\/info\/#\/schema\/person\/db12bff64bbcbf6a253710bf0ea37b5d","name":"Patagonia Ambiental","description":"Andr\u00e9s Nievas T\u00e9cnico en manejo ambiental, consultor Ambiental y escritor para medios locales e internacionales sobre temas de geopolitica y medio ambiente.","sameAs":["http:\/\/www.patagoniambiental.com.ar","https:\/\/www.facebook.com\/share\/1C1V8Gv9BX\/?mibextid=qi2Omg","@patagoniambiental","https:\/\/youtube.com\/@patagoniaambiental2023?si=BLt58t0wuXquxlYZ"]}]}},"_links":{"self":[{"href":"https:\/\/patagoniambiental.com.ar\/info\/wp-json\/wp\/v2\/posts\/37882","targetHints":{"allow":["GET"]}}],"collection":[{"href":"https:\/\/patagoniambiental.com.ar\/info\/wp-json\/wp\/v2\/posts"}],"about":[{"href":"https:\/\/patagoniambiental.com.ar\/info\/wp-json\/wp\/v2\/types\/post"}],"author":[{"embeddable":true,"href":"https:\/\/patagoniambiental.com.ar\/info\/wp-json\/wp\/v2\/users\/2"}],"replies":[{"embeddable":true,"href":"https:\/\/patagoniambiental.com.ar\/info\/wp-json\/wp\/v2\/comments?post=37882"}],"version-history":[{"count":0,"href":"https:\/\/patagoniambiental.com.ar\/info\/wp-json\/wp\/v2\/posts\/37882\/revisions"}],"wp:attachment":[{"href":"https:\/\/patagoniambiental.com.ar\/info\/wp-json\/wp\/v2\/media?parent=37882"}],"wp:term":[{"taxonomy":"category","embeddable":true,"href":"https:\/\/patagoniambiental.com.ar\/info\/wp-json\/wp\/v2\/categories?post=37882"},{"taxonomy":"post_tag","embeddable":true,"href":"https:\/\/patagoniambiental.com.ar\/info\/wp-json\/wp\/v2\/tags?post=37882"}],"curies":[{"name":"wp","href":"https:\/\/api.w.org\/{rel}","templated":true}]}}