{"id":37903,"date":"2017-11-09T19:00:30","date_gmt":"2017-11-09T22:00:30","guid":{"rendered":"http:\/\/patagoniambiental.com.ar\/info\/?p=37903"},"modified":"2017-11-09T16:24:16","modified_gmt":"2017-11-09T19:24:16","slug":"en-zona-cordillerana-y-comarca-andina-reunion-interinstitucional-para-la-prevencion-y-combate-de-incendios-forestales","status":"publish","type":"post","link":"https:\/\/patagoniambiental.com.ar\/info\/en-zona-cordillerana-y-comarca-andina-reunion-interinstitucional-para-la-prevencion-y-combate-de-incendios-forestales\/","title":{"rendered":"En zona Cordillerana y Comarca Andina  Reuni\u00f3n interinstitucional para la prevenci\u00f3n y combate de incendios forestales"},"content":{"rendered":"<p class=\"x_MsoNormal\"><i>El Bols\u00f3n.-La Direcci\u00f3n de Defensa Civil de R\u00edo Negro convoc\u00f3 a una reuni\u00f3n interinstitucional en El Bols\u00f3n a fin de aunar criterios y establecer nuevos sistemas de enlace y de alarma para la zona Cordillerana y Comarca Andina del Paralelo 42\u00b0.<\/i><\/p>\n<p class=\"x_MsoNormal\"><!--more--><\/p>\n<p class=\"x_MsoNormal\">El encuentro estuvo encabezado por el director provincial de Defensa Civil, Adri\u00e1n Iribarren.<\/p>\n<p class=\"x_MsoNormal\">El objetivo es tomar conocimiento actual de los protocolos de acci\u00f3n que tiene cada instituci\u00f3n de la zona Cordillerana y Comarca Andina del Paralelo 42\u00b0. El mismo est\u00e1 relacionado a la prevenci\u00f3n para la presente temporada de incendios forestales y de interface.<\/p>\n<p class=\"x_MsoNormal\">Asimismo, se tiende a realizar un an\u00e1lisis de fortalezas y debilidades, medios disponibles y verificar los planes de coordinaci\u00f3n interinstitucional existentes. Como as\u00ed tambi\u00e9n, estudiar la situaci\u00f3n planteada para este verano por las condiciones clim\u00e1ticas, el estado de disponibilidad de los combustibles despu\u00e9s de la nevada y por los factores sociales que pueden agravar el \u00edndice de riesgo.<\/p>\n<p class=\"x_MsoNormal\">Iribarren aclar\u00f3 que \u201cel objetivo primordial es tener una planificaci\u00f3n de respuesta eficaz de acciones tendientes a la prevenci\u00f3n y combate de incendios forestales\u201d.<\/p>\n<p class=\"x_MsoNormal\">El director de la cartera, dependiente del Ministerio de Seguridad y Justicia, estuvo acompa\u00f1ado por autoridades provinciales del Servicio de Manejo de Fuego y Vialidad; representantes de Defensa Civil Municipal de El Bols\u00f3n, Lago Puelo y El Hoyo, Jefes SPLIF El Bols\u00f3n y Bariloche, Protecci\u00f3n Civil de Bariloche, Gendarmer\u00eda Nacional, autoridades de Administraci\u00f3n de Parques Nacionales y por la provincia de Chubut la Delegaci\u00f3n Defensa Civil y Jefe Incendio Forestales Zona Noroeste.<\/p>\n<p><b><span lang=\"ES-AR\">Fuente: GOBIERNO DE R\u00cdO NEGRO<\/span><\/b><\/p>\n","protected":false},"excerpt":{"rendered":"<p>El Bols\u00f3n.-La Direcci\u00f3n de Defensa Civil de R\u00edo Negro convoc\u00f3 a una reuni\u00f3n interinstitucional en El Bols\u00f3n a fin de [&hellip;]<\/p>\n","protected":false},"author":2,"featured_media":37904,"comment_status":"open","ping_status":"open","sticky":false,"template":"","format":"standard","meta":{"site-sidebar-layout":"default","site-content-layout":"","ast-site-content-layout":"default","site-content-style":"default","site-sidebar-style":"default","ast-global-header-display":"","ast-banner-title-visibility":"","ast-main-header-display":"","ast-hfb-above-header-display":"","ast-hfb-below-header-display":"","ast-hfb-mobile-header-display":"","site-post-title":"","ast-breadcrumbs-content":"","ast-featured-img":"","footer-sml-layout":"","ast-disable-related-posts":"","theme-transparent-header-meta":"","adv-header-id-meta":"","stick-header-meta":"","header-above-stick-meta":"","header-main-stick-meta":"","header-below-stick-meta":"","astra-migrate-meta-layouts":"default","ast-page-background-enabled":"default","ast-page-background-meta":{"desktop":{"background-color":"var(--ast-global-color-5)","background-image":"","background-repeat":"repeat","background-position":"center center","background-size":"auto","background-attachment":"scroll","background-type":"","background-media":"","overlay-type":"","overlay-color":"","overlay-opacity":"","overlay-gradient":""},"tablet":{"background-color":"","background-image":"","background-repeat":"repeat","background-position":"center center","background-size":"auto","background-attachment":"scroll","background-type":"","background-media":"","overlay-type":"","overlay-color":"","overlay-opacity":"","overlay-gradient":""},"mobile":{"background-color":"","background-image":"","background-repeat":"repeat","background-position":"center center","background-size":"auto","background-attachment":"scroll","background-type":"","background-media":"","overlay-type":"","overlay-color":"","overlay-opacity":"","overlay-gradient":""}},"ast-content-background-meta":{"desktop":{"background-color":"var(--ast-global-color-4)","background-image":"","background-repeat":"repeat","background-position":"center center","background-size":"auto","background-attachment":"scroll","background-type":"","background-media":"","overlay-type":"","overlay-color":"","overlay-opacity":"","overlay-gradient":""},"tablet":{"background-color":"var(--ast-global-color-4)","background-image":"","background-repeat":"repeat","background-position":"center center","background-size":"auto","background-attachment":"scroll","background-type":"","background-media":"","overlay-type":"","overlay-color":"","overlay-opacity":"","overlay-gradient":""},"mobile":{"background-color":"var(--ast-global-color-4)","background-image":"","background-repeat":"repeat","background-position":"center center","background-size":"auto","background-attachment":"scroll","background-type":"","background-media":"","overlay-type":"","overlay-color":"","overlay-opacity":"","overlay-gradient":""}},"footnotes":""},"categories":[1,13,14],"tags":[],"class_list":["post-37903","post","type-post","status-publish","format-standard","has-post-thumbnail","hentry","category-noticias","category-provinciales","category-rio-negro"],"yoast_head":"<!-- This site is optimized with the Yoast SEO Premium plugin v23.0 (Yoast SEO v27.4) - https:\/\/yoast.com\/product\/yoast-seo-premium-wordpress\/ -->\n<title>En zona Cordillerana y Comarca Andina Reuni\u00f3n interinstitucional para la prevenci\u00f3n y combate de incendios forestales<\/title>\n<meta name=\"robots\" content=\"index, follow, max-snippet:-1, max-image-preview:large, max-video-preview:-1\" \/>\n<link rel=\"canonical\" href=\"https:\/\/patagoniambiental.com.ar\/info\/en-zona-cordillerana-y-comarca-andina-reunion-interinstitucional-para-la-prevencion-y-combate-de-incendios-forestales\/\" \/>\n<meta property=\"og:locale\" content=\"es_ES\" \/>\n<meta property=\"og:type\" content=\"article\" \/>\n<meta property=\"og:title\" content=\"En zona Cordillerana y Comarca Andina Reuni\u00f3n interinstitucional para la prevenci\u00f3n y combate de incendios forestales\" \/>\n<meta property=\"og:description\" content=\"El Bols\u00f3n.-La Direcci\u00f3n de Defensa Civil de R\u00edo Negro convoc\u00f3 a una reuni\u00f3n interinstitucional en El Bols\u00f3n a fin de [&hellip;]\" \/>\n<meta property=\"og:url\" content=\"https:\/\/patagoniambiental.com.ar\/info\/en-zona-cordillerana-y-comarca-andina-reunion-interinstitucional-para-la-prevencion-y-combate-de-incendios-forestales\/\" \/>\n<meta property=\"og:site_name\" content=\"Patagonia Ambiental\" \/>\n<meta property=\"article:publisher\" content=\"https:\/\/www.facebook.com\/patagonia.ambiental\" \/>\n<meta property=\"article:author\" content=\"https:\/\/www.facebook.com\/share\/1C1V8Gv9BX\/?mibextid=qi2Omg\" \/>\n<meta property=\"article:published_time\" content=\"2017-11-09T22:00:30+00:00\" \/>\n<meta property=\"og:image\" content=\"https:\/\/patagoniambiental.com.ar\/info\/wp-content\/uploads\/2017\/11\/00031741.jpg\" \/>\n\t<meta property=\"og:image:width\" content=\"924\" \/>\n\t<meta property=\"og:image:height\" content=\"616\" \/>\n\t<meta property=\"og:image:type\" content=\"image\/jpeg\" \/>\n<meta name=\"author\" content=\"Patagonia Ambiental\" \/>\n<meta name=\"twitter:card\" content=\"summary_large_image\" \/>\n<meta name=\"twitter:creator\" content=\"@PatAmb\" \/>\n<meta name=\"twitter:site\" content=\"@PatAmb\" \/>\n<script type=\"application\/ld+json\" class=\"yoast-schema-graph\">{\"@context\":\"https:\\\/\\\/schema.org\",\"@graph\":[{\"@type\":\"Article\",\"@id\":\"https:\\\/\\\/patagoniambiental.com.ar\\\/info\\\/en-zona-cordillerana-y-comarca-andina-reunion-interinstitucional-para-la-prevencion-y-combate-de-incendios-forestales\\\/#article\",\"isPartOf\":{\"@id\":\"https:\\\/\\\/patagoniambiental.com.ar\\\/info\\\/en-zona-cordillerana-y-comarca-andina-reunion-interinstitucional-para-la-prevencion-y-combate-de-incendios-forestales\\\/\"},\"author\":{\"name\":\"Patagonia Ambiental\",\"@id\":\"https:\\\/\\\/patagoniambiental.com.ar\\\/info\\\/#\\\/schema\\\/person\\\/db12bff64bbcbf6a253710bf0ea37b5d\"},\"headline\":\"En zona Cordillerana y Comarca Andina Reuni\u00f3n interinstitucional para la prevenci\u00f3n y combate de incendios forestales\",\"datePublished\":\"2017-11-09T22:00:30+00:00\",\"mainEntityOfPage\":{\"@id\":\"https:\\\/\\\/patagoniambiental.com.ar\\\/info\\\/en-zona-cordillerana-y-comarca-andina-reunion-interinstitucional-para-la-prevencion-y-combate-de-incendios-forestales\\\/\"},\"wordCount\":297,\"commentCount\":0,\"publisher\":{\"@id\":\"https:\\\/\\\/patagoniambiental.com.ar\\\/info\\\/#organization\"},\"image\":{\"@id\":\"https:\\\/\\\/patagoniambiental.com.ar\\\/info\\\/en-zona-cordillerana-y-comarca-andina-reunion-interinstitucional-para-la-prevencion-y-combate-de-incendios-forestales\\\/#primaryimage\"},\"thumbnailUrl\":\"https:\\\/\\\/patagoniambiental.com.ar\\\/info\\\/wp-content\\\/uploads\\\/2017\\\/11\\\/00031741.jpg\",\"articleSection\":[\"Noticias\",\"Provinciales\",\"R\u00edo Negro\"],\"inLanguage\":\"es\",\"potentialAction\":[{\"@type\":\"CommentAction\",\"name\":\"Comment\",\"target\":[\"https:\\\/\\\/patagoniambiental.com.ar\\\/info\\\/en-zona-cordillerana-y-comarca-andina-reunion-interinstitucional-para-la-prevencion-y-combate-de-incendios-forestales\\\/#respond\"]}]},{\"@type\":\"WebPage\",\"@id\":\"https:\\\/\\\/patagoniambiental.com.ar\\\/info\\\/en-zona-cordillerana-y-comarca-andina-reunion-interinstitucional-para-la-prevencion-y-combate-de-incendios-forestales\\\/\",\"url\":\"https:\\\/\\\/patagoniambiental.com.ar\\\/info\\\/en-zona-cordillerana-y-comarca-andina-reunion-interinstitucional-para-la-prevencion-y-combate-de-incendios-forestales\\\/\",\"name\":\"En zona Cordillerana y Comarca Andina Reuni\u00f3n interinstitucional para la prevenci\u00f3n y combate de incendios forestales\",\"isPartOf\":{\"@id\":\"https:\\\/\\\/patagoniambiental.com.ar\\\/info\\\/#website\"},\"primaryImageOfPage\":{\"@id\":\"https:\\\/\\\/patagoniambiental.com.ar\\\/info\\\/en-zona-cordillerana-y-comarca-andina-reunion-interinstitucional-para-la-prevencion-y-combate-de-incendios-forestales\\\/#primaryimage\"},\"image\":{\"@id\":\"https:\\\/\\\/patagoniambiental.com.ar\\\/info\\\/en-zona-cordillerana-y-comarca-andina-reunion-interinstitucional-para-la-prevencion-y-combate-de-incendios-forestales\\\/#primaryimage\"},\"thumbnailUrl\":\"https:\\\/\\\/patagoniambiental.com.ar\\\/info\\\/wp-content\\\/uploads\\\/2017\\\/11\\\/00031741.jpg\",\"datePublished\":\"2017-11-09T22:00:30+00:00\",\"breadcrumb\":{\"@id\":\"https:\\\/\\\/patagoniambiental.com.ar\\\/info\\\/en-zona-cordillerana-y-comarca-andina-reunion-interinstitucional-para-la-prevencion-y-combate-de-incendios-forestales\\\/#breadcrumb\"},\"inLanguage\":\"es\",\"potentialAction\":[{\"@type\":\"ReadAction\",\"target\":[\"https:\\\/\\\/patagoniambiental.com.ar\\\/info\\\/en-zona-cordillerana-y-comarca-andina-reunion-interinstitucional-para-la-prevencion-y-combate-de-incendios-forestales\\\/\"]}]},{\"@type\":\"ImageObject\",\"inLanguage\":\"es\",\"@id\":\"https:\\\/\\\/patagoniambiental.com.ar\\\/info\\\/en-zona-cordillerana-y-comarca-andina-reunion-interinstitucional-para-la-prevencion-y-combate-de-incendios-forestales\\\/#primaryimage\",\"url\":\"https:\\\/\\\/patagoniambiental.com.ar\\\/info\\\/wp-content\\\/uploads\\\/2017\\\/11\\\/00031741.jpg\",\"contentUrl\":\"https:\\\/\\\/patagoniambiental.com.ar\\\/info\\\/wp-content\\\/uploads\\\/2017\\\/11\\\/00031741.jpg\",\"width\":900,\"height\":600},{\"@type\":\"BreadcrumbList\",\"@id\":\"https:\\\/\\\/patagoniambiental.com.ar\\\/info\\\/en-zona-cordillerana-y-comarca-andina-reunion-interinstitucional-para-la-prevencion-y-combate-de-incendios-forestales\\\/#breadcrumb\",\"itemListElement\":[{\"@type\":\"ListItem\",\"position\":1,\"name\":\"Inicio\",\"item\":\"https:\\\/\\\/patagoniambiental.com.ar\\\/info\\\/\"},{\"@type\":\"ListItem\",\"position\":2,\"name\":\"En zona Cordillerana y Comarca Andina Reuni\u00f3n interinstitucional para la prevenci\u00f3n y combate de incendios forestales\"}]},{\"@type\":\"WebSite\",\"@id\":\"https:\\\/\\\/patagoniambiental.com.ar\\\/info\\\/#website\",\"url\":\"https:\\\/\\\/patagoniambiental.com.ar\\\/info\\\/\",\"name\":\"Patagonia Ambiental\",\"description\":\"Monitoreo y an\u00e1lisis de la situaci\u00f3n geopol\u00edtica en el mundo y su implicancia en la Patagonia\",\"publisher\":{\"@id\":\"https:\\\/\\\/patagoniambiental.com.ar\\\/info\\\/#organization\"},\"potentialAction\":[{\"@type\":\"SearchAction\",\"target\":{\"@type\":\"EntryPoint\",\"urlTemplate\":\"https:\\\/\\\/patagoniambiental.com.ar\\\/info\\\/?s={search_term_string}\"},\"query-input\":{\"@type\":\"PropertyValueSpecification\",\"valueRequired\":true,\"valueName\":\"search_term_string\"}}],\"inLanguage\":\"es\"},{\"@type\":\"Organization\",\"@id\":\"https:\\\/\\\/patagoniambiental.com.ar\\\/info\\\/#organization\",\"name\":\"Patagonia Ambiental\",\"url\":\"https:\\\/\\\/patagoniambiental.com.ar\\\/info\\\/\",\"logo\":{\"@type\":\"ImageObject\",\"inLanguage\":\"es\",\"@id\":\"https:\\\/\\\/patagoniambiental.com.ar\\\/info\\\/#\\\/schema\\\/logo\\\/image\\\/\",\"url\":\"https:\\\/\\\/patagoniambiental.com.ar\\\/info\\\/wp-content\\\/uploads\\\/2025\\\/05\\\/LOGO-PATAGONIA-AMBIENTAL.png\",\"contentUrl\":\"https:\\\/\\\/patagoniambiental.com.ar\\\/info\\\/wp-content\\\/uploads\\\/2025\\\/05\\\/LOGO-PATAGONIA-AMBIENTAL.png\",\"width\":433,\"height\":250,\"caption\":\"Patagonia Ambiental\"},\"image\":{\"@id\":\"https:\\\/\\\/patagoniambiental.com.ar\\\/info\\\/#\\\/schema\\\/logo\\\/image\\\/\"},\"sameAs\":[\"https:\\\/\\\/www.facebook.com\\\/patagonia.ambiental\",\"https:\\\/\\\/x.com\\\/PatAmb\"]},{\"@type\":\"Person\",\"@id\":\"https:\\\/\\\/patagoniambiental.com.ar\\\/info\\\/#\\\/schema\\\/person\\\/db12bff64bbcbf6a253710bf0ea37b5d\",\"name\":\"Patagonia Ambiental\",\"description\":\"Andr\u00e9s Nievas T\u00e9cnico en manejo ambiental, consultor Ambiental y escritor para medios locales e internacionales sobre temas de geopolitica y medio ambiente.\",\"sameAs\":[\"http:\\\/\\\/www.patagoniambiental.com.ar\",\"https:\\\/\\\/www.facebook.com\\\/share\\\/1C1V8Gv9BX\\\/?mibextid=qi2Omg\",\"@patagoniambiental\",\"https:\\\/\\\/youtube.com\\\/@patagoniaambiental2023?si=BLt58t0wuXquxlYZ\"]}]}<\/script>\n<!-- \/ Yoast SEO Premium plugin. -->","yoast_head_json":{"title":"En zona Cordillerana y Comarca Andina Reuni\u00f3n interinstitucional para la prevenci\u00f3n y combate de incendios forestales","robots":{"index":"index","follow":"follow","max-snippet":"max-snippet:-1","max-image-preview":"max-image-preview:large","max-video-preview":"max-video-preview:-1"},"canonical":"https:\/\/patagoniambiental.com.ar\/info\/en-zona-cordillerana-y-comarca-andina-reunion-interinstitucional-para-la-prevencion-y-combate-de-incendios-forestales\/","og_locale":"es_ES","og_type":"article","og_title":"En zona Cordillerana y Comarca Andina Reuni\u00f3n interinstitucional para la prevenci\u00f3n y combate de incendios forestales","og_description":"El Bols\u00f3n.-La Direcci\u00f3n de Defensa Civil de R\u00edo Negro convoc\u00f3 a una reuni\u00f3n interinstitucional en El Bols\u00f3n a fin de [&hellip;]","og_url":"https:\/\/patagoniambiental.com.ar\/info\/en-zona-cordillerana-y-comarca-andina-reunion-interinstitucional-para-la-prevencion-y-combate-de-incendios-forestales\/","og_site_name":"Patagonia Ambiental","article_publisher":"https:\/\/www.facebook.com\/patagonia.ambiental","article_author":"https:\/\/www.facebook.com\/share\/1C1V8Gv9BX\/?mibextid=qi2Omg","article_published_time":"2017-11-09T22:00:30+00:00","og_image":[{"width":924,"height":616,"url":"https:\/\/patagoniambiental.com.ar\/info\/wp-content\/uploads\/2017\/11\/00031741.jpg","type":"image\/jpeg"}],"author":"Patagonia Ambiental","twitter_card":"summary_large_image","twitter_creator":"@PatAmb","twitter_site":"@PatAmb","schema":{"@context":"https:\/\/schema.org","@graph":[{"@type":"Article","@id":"https:\/\/patagoniambiental.com.ar\/info\/en-zona-cordillerana-y-comarca-andina-reunion-interinstitucional-para-la-prevencion-y-combate-de-incendios-forestales\/#article","isPartOf":{"@id":"https:\/\/patagoniambiental.com.ar\/info\/en-zona-cordillerana-y-comarca-andina-reunion-interinstitucional-para-la-prevencion-y-combate-de-incendios-forestales\/"},"author":{"name":"Patagonia Ambiental","@id":"https:\/\/patagoniambiental.com.ar\/info\/#\/schema\/person\/db12bff64bbcbf6a253710bf0ea37b5d"},"headline":"En zona Cordillerana y Comarca Andina Reuni\u00f3n interinstitucional para la prevenci\u00f3n y combate de incendios forestales","datePublished":"2017-11-09T22:00:30+00:00","mainEntityOfPage":{"@id":"https:\/\/patagoniambiental.com.ar\/info\/en-zona-cordillerana-y-comarca-andina-reunion-interinstitucional-para-la-prevencion-y-combate-de-incendios-forestales\/"},"wordCount":297,"commentCount":0,"publisher":{"@id":"https:\/\/patagoniambiental.com.ar\/info\/#organization"},"image":{"@id":"https:\/\/patagoniambiental.com.ar\/info\/en-zona-cordillerana-y-comarca-andina-reunion-interinstitucional-para-la-prevencion-y-combate-de-incendios-forestales\/#primaryimage"},"thumbnailUrl":"https:\/\/patagoniambiental.com.ar\/info\/wp-content\/uploads\/2017\/11\/00031741.jpg","articleSection":["Noticias","Provinciales","R\u00edo Negro"],"inLanguage":"es","potentialAction":[{"@type":"CommentAction","name":"Comment","target":["https:\/\/patagoniambiental.com.ar\/info\/en-zona-cordillerana-y-comarca-andina-reunion-interinstitucional-para-la-prevencion-y-combate-de-incendios-forestales\/#respond"]}]},{"@type":"WebPage","@id":"https:\/\/patagoniambiental.com.ar\/info\/en-zona-cordillerana-y-comarca-andina-reunion-interinstitucional-para-la-prevencion-y-combate-de-incendios-forestales\/","url":"https:\/\/patagoniambiental.com.ar\/info\/en-zona-cordillerana-y-comarca-andina-reunion-interinstitucional-para-la-prevencion-y-combate-de-incendios-forestales\/","name":"En zona Cordillerana y Comarca Andina Reuni\u00f3n interinstitucional para la prevenci\u00f3n y combate de incendios forestales","isPartOf":{"@id":"https:\/\/patagoniambiental.com.ar\/info\/#website"},"primaryImageOfPage":{"@id":"https:\/\/patagoniambiental.com.ar\/info\/en-zona-cordillerana-y-comarca-andina-reunion-interinstitucional-para-la-prevencion-y-combate-de-incendios-forestales\/#primaryimage"},"image":{"@id":"https:\/\/patagoniambiental.com.ar\/info\/en-zona-cordillerana-y-comarca-andina-reunion-interinstitucional-para-la-prevencion-y-combate-de-incendios-forestales\/#primaryimage"},"thumbnailUrl":"https:\/\/patagoniambiental.com.ar\/info\/wp-content\/uploads\/2017\/11\/00031741.jpg","datePublished":"2017-11-09T22:00:30+00:00","breadcrumb":{"@id":"https:\/\/patagoniambiental.com.ar\/info\/en-zona-cordillerana-y-comarca-andina-reunion-interinstitucional-para-la-prevencion-y-combate-de-incendios-forestales\/#breadcrumb"},"inLanguage":"es","potentialAction":[{"@type":"ReadAction","target":["https:\/\/patagoniambiental.com.ar\/info\/en-zona-cordillerana-y-comarca-andina-reunion-interinstitucional-para-la-prevencion-y-combate-de-incendios-forestales\/"]}]},{"@type":"ImageObject","inLanguage":"es","@id":"https:\/\/patagoniambiental.com.ar\/info\/en-zona-cordillerana-y-comarca-andina-reunion-interinstitucional-para-la-prevencion-y-combate-de-incendios-forestales\/#primaryimage","url":"https:\/\/patagoniambiental.com.ar\/info\/wp-content\/uploads\/2017\/11\/00031741.jpg","contentUrl":"https:\/\/patagoniambiental.com.ar\/info\/wp-content\/uploads\/2017\/11\/00031741.jpg","width":900,"height":600},{"@type":"BreadcrumbList","@id":"https:\/\/patagoniambiental.com.ar\/info\/en-zona-cordillerana-y-comarca-andina-reunion-interinstitucional-para-la-prevencion-y-combate-de-incendios-forestales\/#breadcrumb","itemListElement":[{"@type":"ListItem","position":1,"name":"Inicio","item":"https:\/\/patagoniambiental.com.ar\/info\/"},{"@type":"ListItem","position":2,"name":"En zona Cordillerana y Comarca Andina Reuni\u00f3n interinstitucional para la prevenci\u00f3n y combate de incendios forestales"}]},{"@type":"WebSite","@id":"https:\/\/patagoniambiental.com.ar\/info\/#website","url":"https:\/\/patagoniambiental.com.ar\/info\/","name":"Patagonia Ambiental","description":"Monitoreo y an\u00e1lisis de la situaci\u00f3n geopol\u00edtica en el mundo y su implicancia en la Patagonia","publisher":{"@id":"https:\/\/patagoniambiental.com.ar\/info\/#organization"},"potentialAction":[{"@type":"SearchAction","target":{"@type":"EntryPoint","urlTemplate":"https:\/\/patagoniambiental.com.ar\/info\/?s={search_term_string}"},"query-input":{"@type":"PropertyValueSpecification","valueRequired":true,"valueName":"search_term_string"}}],"inLanguage":"es"},{"@type":"Organization","@id":"https:\/\/patagoniambiental.com.ar\/info\/#organization","name":"Patagonia Ambiental","url":"https:\/\/patagoniambiental.com.ar\/info\/","logo":{"@type":"ImageObject","inLanguage":"es","@id":"https:\/\/patagoniambiental.com.ar\/info\/#\/schema\/logo\/image\/","url":"https:\/\/patagoniambiental.com.ar\/info\/wp-content\/uploads\/2025\/05\/LOGO-PATAGONIA-AMBIENTAL.png","contentUrl":"https:\/\/patagoniambiental.com.ar\/info\/wp-content\/uploads\/2025\/05\/LOGO-PATAGONIA-AMBIENTAL.png","width":433,"height":250,"caption":"Patagonia Ambiental"},"image":{"@id":"https:\/\/patagoniambiental.com.ar\/info\/#\/schema\/logo\/image\/"},"sameAs":["https:\/\/www.facebook.com\/patagonia.ambiental","https:\/\/x.com\/PatAmb"]},{"@type":"Person","@id":"https:\/\/patagoniambiental.com.ar\/info\/#\/schema\/person\/db12bff64bbcbf6a253710bf0ea37b5d","name":"Patagonia Ambiental","description":"Andr\u00e9s Nievas T\u00e9cnico en manejo ambiental, consultor Ambiental y escritor para medios locales e internacionales sobre temas de geopolitica y medio ambiente.","sameAs":["http:\/\/www.patagoniambiental.com.ar","https:\/\/www.facebook.com\/share\/1C1V8Gv9BX\/?mibextid=qi2Omg","@patagoniambiental","https:\/\/youtube.com\/@patagoniaambiental2023?si=BLt58t0wuXquxlYZ"]}]}},"_links":{"self":[{"href":"https:\/\/patagoniambiental.com.ar\/info\/wp-json\/wp\/v2\/posts\/37903","targetHints":{"allow":["GET"]}}],"collection":[{"href":"https:\/\/patagoniambiental.com.ar\/info\/wp-json\/wp\/v2\/posts"}],"about":[{"href":"https:\/\/patagoniambiental.com.ar\/info\/wp-json\/wp\/v2\/types\/post"}],"author":[{"embeddable":true,"href":"https:\/\/patagoniambiental.com.ar\/info\/wp-json\/wp\/v2\/users\/2"}],"replies":[{"embeddable":true,"href":"https:\/\/patagoniambiental.com.ar\/info\/wp-json\/wp\/v2\/comments?post=37903"}],"version-history":[{"count":0,"href":"https:\/\/patagoniambiental.com.ar\/info\/wp-json\/wp\/v2\/posts\/37903\/revisions"}],"wp:featuredmedia":[{"embeddable":true,"href":"https:\/\/patagoniambiental.com.ar\/info\/wp-json\/wp\/v2\/media\/37904"}],"wp:attachment":[{"href":"https:\/\/patagoniambiental.com.ar\/info\/wp-json\/wp\/v2\/media?parent=37903"}],"wp:term":[{"taxonomy":"category","embeddable":true,"href":"https:\/\/patagoniambiental.com.ar\/info\/wp-json\/wp\/v2\/categories?post=37903"},{"taxonomy":"post_tag","embeddable":true,"href":"https:\/\/patagoniambiental.com.ar\/info\/wp-json\/wp\/v2\/tags?post=37903"}],"curies":[{"name":"wp","href":"https:\/\/api.w.org\/{rel}","templated":true}]}}