{"id":37958,"date":"2017-11-10T19:00:48","date_gmt":"2017-11-10T22:00:48","guid":{"rendered":"http:\/\/patagoniambiental.com.ar\/info\/?p=37958"},"modified":"2017-11-10T10:01:25","modified_gmt":"2017-11-10T13:01:25","slug":"permitira-optimizar-el-servicio-esta-en-marcha-la-ampliacion-de-la-red-de-agua-de-barrio-nuevo-de-roca","status":"publish","type":"post","link":"https:\/\/patagoniambiental.com.ar\/info\/permitira-optimizar-el-servicio-esta-en-marcha-la-ampliacion-de-la-red-de-agua-de-barrio-nuevo-de-roca\/","title":{"rendered":"Permitir\u00e1 optimizar el servicio Est\u00e1 en marcha la ampliaci\u00f3n de la red de agua de barrio Nuevo de Roca"},"content":{"rendered":"<p align=\"justify\"><span style=\"font-family: Asap, sans-serif; font-size: large;\"><span style=\"font-size: x-large;\"><b>General Roca.-<\/b><\/span><i style=\"font-size: large;\">El Ministerio de Obras y Servicios P\u00fablicos dio inicio esta semana a la obra ampliaci\u00f3n de la red de agua potable para 350 familias de barrio Nuevo.<\/i><\/span><!--more--><\/p>\n<div align=\"justify\"><span style=\"font-family: Asap, sans-serif; font-size: large;\">\u00a0<\/span><\/div>\n<div align=\"justify\"><span style=\"font-family: Asap, sans-serif; font-size: large;\">De este modo la empresa ejecutora comenz\u00f3 con los trabajos de excavaci\u00f3n y colocaci\u00f3n de ca\u00f1er\u00eda de di\u00e1metro 110 mm sobre calle p\u00fablica Norte, entre<\/span><span style=\"font-family: Asap, sans-serif; font-size: large;\">\u00a0\u00a0<\/span><span style=\"font-family: Asap, sans-serif; font-size: large;\">San Juan y Saavedra.<\/span><\/div>\n<div align=\"justify\"><span style=\"font-family: Asap, sans-serif; font-size: large;\">Esta obra, conjuntamente con la construcci\u00f3n de la nueva cisterna de 1000 m3, permitir\u00e1 optimizar el servicio en el sector norte de la ciudad, fundamentalmente en temporada estival. Ambas infraestructuras beneficiar\u00e1n a m\u00e1s de 8.000 usuarios y demandan una inversi\u00f3n provincial de $10.593.097.<\/span><\/div>\n<div align=\"justify\"><span style=\"font-family: Asap, sans-serif; font-size: large;\">La ampliaci\u00f3n de la red de agua en barrio Nuevo comprende un total de 3.105 ml de ca\u00f1er\u00eda de distintos di\u00e1metros, colocaci\u00f3n de hidrantes, v\u00e1lvulas y piezas especiales, y un total de 350 conexiones domiciliarias. La empresa<\/span><span style=\"font-family: Asap, sans-serif; font-size: large;\">\u00a0\u00a0<\/span><span style=\"font-family: Asap, sans-serif; font-size: large;\">CSH SRL est\u00e1 a cargo de los trabajos, y un plazo de 180 d\u00edas para su concreci\u00f3n.<\/span><\/div>\n<div align=\"justify\"><span style=\"font-family: Asap, sans-serif; font-size: large;\">La misma empresa iniciar\u00e1 en los pr\u00f3ximos d\u00edas la obra de red de agua potable<\/span><span style=\"font-family: Asap, sans-serif; font-size: large;\">\u00a0\u00a0<\/span><span style=\"font-family: Asap, sans-serif; font-size: large;\">en barrio Chacra<\/span><span style=\"font-family: Asap, sans-serif; font-size: large;\">\u00a0<\/span><span style=\"font-family: Asap, sans-serif; font-size: large;\">Monte. En este caso,<\/span><span style=\"font-family: Asap, sans-serif; font-size: large;\">\u00a0\u00a0<\/span><span style=\"font-family: Asap, sans-serif; font-size: large;\">la infraestructura que dispone de un financiamiento provincial de $3.659.710, har\u00e1 posible llegar con el servicio a 270 familias del barrio.<\/span><\/div>\n<p><span style=\"font-family: Asap;\"><span lang=\"es-AR\"><b>Fuente: GOBIERNO DE R\u00cdO NEGRO<\/b><\/span><\/span><span style=\"font-family: Asap;\"><span lang=\"es-AR\"><br \/>\nSecretar\u00eda de Medios<\/span><\/span><\/p>\n","protected":false},"excerpt":{"rendered":"<p>General Roca.-El Ministerio de Obras y Servicios P\u00fablicos dio inicio esta semana a la obra ampliaci\u00f3n de la red de [&hellip;]<\/p>\n","protected":false},"author":2,"featured_media":37951,"comment_status":"open","ping_status":"open","sticky":false,"template":"","format":"standard","meta":{"site-sidebar-layout":"default","site-content-layout":"","ast-site-content-layout":"default","site-content-style":"default","site-sidebar-style":"default","ast-global-header-display":"","ast-banner-title-visibility":"","ast-main-header-display":"","ast-hfb-above-header-display":"","ast-hfb-below-header-display":"","ast-hfb-mobile-header-display":"","site-post-title":"","ast-breadcrumbs-content":"","ast-featured-img":"","footer-sml-layout":"","ast-disable-related-posts":"","theme-transparent-header-meta":"","adv-header-id-meta":"","stick-header-meta":"","header-above-stick-meta":"","header-main-stick-meta":"","header-below-stick-meta":"","astra-migrate-meta-layouts":"default","ast-page-background-enabled":"default","ast-page-background-meta":{"desktop":{"background-color":"var(--ast-global-color-5)","background-image":"","background-repeat":"repeat","background-position":"center center","background-size":"auto","background-attachment":"scroll","background-type":"","background-media":"","overlay-type":"","overlay-color":"","overlay-opacity":"","overlay-gradient":""},"tablet":{"background-color":"","background-image":"","background-repeat":"repeat","background-position":"center center","background-size":"auto","background-attachment":"scroll","background-type":"","background-media":"","overlay-type":"","overlay-color":"","overlay-opacity":"","overlay-gradient":""},"mobile":{"background-color":"","background-image":"","background-repeat":"repeat","background-position":"center center","background-size":"auto","background-attachment":"scroll","background-type":"","background-media":"","overlay-type":"","overlay-color":"","overlay-opacity":"","overlay-gradient":""}},"ast-content-background-meta":{"desktop":{"background-color":"var(--ast-global-color-4)","background-image":"","background-repeat":"repeat","background-position":"center center","background-size":"auto","background-attachment":"scroll","background-type":"","background-media":"","overlay-type":"","overlay-color":"","overlay-opacity":"","overlay-gradient":""},"tablet":{"background-color":"var(--ast-global-color-4)","background-image":"","background-repeat":"repeat","background-position":"center center","background-size":"auto","background-attachment":"scroll","background-type":"","background-media":"","overlay-type":"","overlay-color":"","overlay-opacity":"","overlay-gradient":""},"mobile":{"background-color":"var(--ast-global-color-4)","background-image":"","background-repeat":"repeat","background-position":"center center","background-size":"auto","background-attachment":"scroll","background-type":"","background-media":"","overlay-type":"","overlay-color":"","overlay-opacity":"","overlay-gradient":""}},"footnotes":""},"categories":[1,13,14],"tags":[],"class_list":["post-37958","post","type-post","status-publish","format-standard","has-post-thumbnail","hentry","category-noticias","category-provinciales","category-rio-negro"],"yoast_head":"<!-- This site is optimized with the Yoast SEO Premium plugin v23.0 (Yoast SEO v27.4) - https:\/\/yoast.com\/product\/yoast-seo-premium-wordpress\/ -->\n<title>Permitir\u00e1 optimizar el servicio Est\u00e1 en marcha la ampliaci\u00f3n de la red de agua de barrio Nuevo de Roca<\/title>\n<meta name=\"robots\" content=\"index, follow, max-snippet:-1, max-image-preview:large, max-video-preview:-1\" \/>\n<link rel=\"canonical\" href=\"https:\/\/patagoniambiental.com.ar\/info\/permitira-optimizar-el-servicio-esta-en-marcha-la-ampliacion-de-la-red-de-agua-de-barrio-nuevo-de-roca\/\" \/>\n<meta property=\"og:locale\" content=\"es_ES\" \/>\n<meta property=\"og:type\" content=\"article\" \/>\n<meta property=\"og:title\" content=\"Permitir\u00e1 optimizar el servicio Est\u00e1 en marcha la ampliaci\u00f3n de la red de agua de barrio Nuevo de Roca\" \/>\n<meta property=\"og:description\" content=\"General Roca.-El Ministerio de Obras y Servicios P\u00fablicos dio inicio esta semana a la obra ampliaci\u00f3n de la red de [&hellip;]\" \/>\n<meta property=\"og:url\" content=\"https:\/\/patagoniambiental.com.ar\/info\/permitira-optimizar-el-servicio-esta-en-marcha-la-ampliacion-de-la-red-de-agua-de-barrio-nuevo-de-roca\/\" \/>\n<meta property=\"og:site_name\" content=\"Patagonia Ambiental\" \/>\n<meta property=\"article:publisher\" content=\"https:\/\/www.facebook.com\/patagonia.ambiental\" \/>\n<meta property=\"article:author\" content=\"https:\/\/www.facebook.com\/share\/1C1V8Gv9BX\/?mibextid=qi2Omg\" \/>\n<meta property=\"article:published_time\" content=\"2017-11-10T22:00:48+00:00\" \/>\n<meta property=\"og:image\" content=\"https:\/\/patagoniambiental.com.ar\/info\/wp-content\/uploads\/2017\/11\/thumbnail_obra-agua-potable-roca.jpg\" \/>\n\t<meta property=\"og:image:width\" content=\"1280\" \/>\n\t<meta property=\"og:image:height\" content=\"682\" \/>\n\t<meta property=\"og:image:type\" content=\"image\/jpeg\" \/>\n<meta name=\"author\" content=\"Patagonia Ambiental\" \/>\n<meta name=\"twitter:card\" content=\"summary_large_image\" \/>\n<meta name=\"twitter:creator\" content=\"@PatAmb\" \/>\n<meta name=\"twitter:site\" content=\"@PatAmb\" \/>\n<script type=\"application\/ld+json\" class=\"yoast-schema-graph\">{\"@context\":\"https:\\\/\\\/schema.org\",\"@graph\":[{\"@type\":\"Article\",\"@id\":\"https:\\\/\\\/patagoniambiental.com.ar\\\/info\\\/permitira-optimizar-el-servicio-esta-en-marcha-la-ampliacion-de-la-red-de-agua-de-barrio-nuevo-de-roca\\\/#article\",\"isPartOf\":{\"@id\":\"https:\\\/\\\/patagoniambiental.com.ar\\\/info\\\/permitira-optimizar-el-servicio-esta-en-marcha-la-ampliacion-de-la-red-de-agua-de-barrio-nuevo-de-roca\\\/\"},\"author\":{\"name\":\"Patagonia Ambiental\",\"@id\":\"https:\\\/\\\/patagoniambiental.com.ar\\\/info\\\/#\\\/schema\\\/person\\\/db12bff64bbcbf6a253710bf0ea37b5d\"},\"headline\":\"Permitir\u00e1 optimizar el servicio Est\u00e1 en marcha la ampliaci\u00f3n de la red de agua de barrio Nuevo de Roca\",\"datePublished\":\"2017-11-10T22:00:48+00:00\",\"mainEntityOfPage\":{\"@id\":\"https:\\\/\\\/patagoniambiental.com.ar\\\/info\\\/permitira-optimizar-el-servicio-esta-en-marcha-la-ampliacion-de-la-red-de-agua-de-barrio-nuevo-de-roca\\\/\"},\"wordCount\":241,\"commentCount\":0,\"publisher\":{\"@id\":\"https:\\\/\\\/patagoniambiental.com.ar\\\/info\\\/#organization\"},\"image\":{\"@id\":\"https:\\\/\\\/patagoniambiental.com.ar\\\/info\\\/permitira-optimizar-el-servicio-esta-en-marcha-la-ampliacion-de-la-red-de-agua-de-barrio-nuevo-de-roca\\\/#primaryimage\"},\"thumbnailUrl\":\"https:\\\/\\\/patagoniambiental.com.ar\\\/info\\\/wp-content\\\/uploads\\\/2017\\\/11\\\/thumbnail_obra-agua-potable-roca.jpg\",\"articleSection\":[\"Noticias\",\"Provinciales\",\"R\u00edo Negro\"],\"inLanguage\":\"es\",\"potentialAction\":[{\"@type\":\"CommentAction\",\"name\":\"Comment\",\"target\":[\"https:\\\/\\\/patagoniambiental.com.ar\\\/info\\\/permitira-optimizar-el-servicio-esta-en-marcha-la-ampliacion-de-la-red-de-agua-de-barrio-nuevo-de-roca\\\/#respond\"]}]},{\"@type\":\"WebPage\",\"@id\":\"https:\\\/\\\/patagoniambiental.com.ar\\\/info\\\/permitira-optimizar-el-servicio-esta-en-marcha-la-ampliacion-de-la-red-de-agua-de-barrio-nuevo-de-roca\\\/\",\"url\":\"https:\\\/\\\/patagoniambiental.com.ar\\\/info\\\/permitira-optimizar-el-servicio-esta-en-marcha-la-ampliacion-de-la-red-de-agua-de-barrio-nuevo-de-roca\\\/\",\"name\":\"Permitir\u00e1 optimizar el servicio Est\u00e1 en marcha la ampliaci\u00f3n de la red de agua de barrio Nuevo de Roca\",\"isPartOf\":{\"@id\":\"https:\\\/\\\/patagoniambiental.com.ar\\\/info\\\/#website\"},\"primaryImageOfPage\":{\"@id\":\"https:\\\/\\\/patagoniambiental.com.ar\\\/info\\\/permitira-optimizar-el-servicio-esta-en-marcha-la-ampliacion-de-la-red-de-agua-de-barrio-nuevo-de-roca\\\/#primaryimage\"},\"image\":{\"@id\":\"https:\\\/\\\/patagoniambiental.com.ar\\\/info\\\/permitira-optimizar-el-servicio-esta-en-marcha-la-ampliacion-de-la-red-de-agua-de-barrio-nuevo-de-roca\\\/#primaryimage\"},\"thumbnailUrl\":\"https:\\\/\\\/patagoniambiental.com.ar\\\/info\\\/wp-content\\\/uploads\\\/2017\\\/11\\\/thumbnail_obra-agua-potable-roca.jpg\",\"datePublished\":\"2017-11-10T22:00:48+00:00\",\"breadcrumb\":{\"@id\":\"https:\\\/\\\/patagoniambiental.com.ar\\\/info\\\/permitira-optimizar-el-servicio-esta-en-marcha-la-ampliacion-de-la-red-de-agua-de-barrio-nuevo-de-roca\\\/#breadcrumb\"},\"inLanguage\":\"es\",\"potentialAction\":[{\"@type\":\"ReadAction\",\"target\":[\"https:\\\/\\\/patagoniambiental.com.ar\\\/info\\\/permitira-optimizar-el-servicio-esta-en-marcha-la-ampliacion-de-la-red-de-agua-de-barrio-nuevo-de-roca\\\/\"]}]},{\"@type\":\"ImageObject\",\"inLanguage\":\"es\",\"@id\":\"https:\\\/\\\/patagoniambiental.com.ar\\\/info\\\/permitira-optimizar-el-servicio-esta-en-marcha-la-ampliacion-de-la-red-de-agua-de-barrio-nuevo-de-roca\\\/#primaryimage\",\"url\":\"https:\\\/\\\/patagoniambiental.com.ar\\\/info\\\/wp-content\\\/uploads\\\/2017\\\/11\\\/thumbnail_obra-agua-potable-roca.jpg\",\"contentUrl\":\"https:\\\/\\\/patagoniambiental.com.ar\\\/info\\\/wp-content\\\/uploads\\\/2017\\\/11\\\/thumbnail_obra-agua-potable-roca.jpg\",\"width\":1126,\"height\":600},{\"@type\":\"BreadcrumbList\",\"@id\":\"https:\\\/\\\/patagoniambiental.com.ar\\\/info\\\/permitira-optimizar-el-servicio-esta-en-marcha-la-ampliacion-de-la-red-de-agua-de-barrio-nuevo-de-roca\\\/#breadcrumb\",\"itemListElement\":[{\"@type\":\"ListItem\",\"position\":1,\"name\":\"Inicio\",\"item\":\"https:\\\/\\\/patagoniambiental.com.ar\\\/info\\\/\"},{\"@type\":\"ListItem\",\"position\":2,\"name\":\"Permitir\u00e1 optimizar el servicio Est\u00e1 en marcha la ampliaci\u00f3n de la red de agua de barrio Nuevo de Roca\"}]},{\"@type\":\"WebSite\",\"@id\":\"https:\\\/\\\/patagoniambiental.com.ar\\\/info\\\/#website\",\"url\":\"https:\\\/\\\/patagoniambiental.com.ar\\\/info\\\/\",\"name\":\"Patagonia Ambiental\",\"description\":\"Monitoreo y an\u00e1lisis de la situaci\u00f3n geopol\u00edtica en el mundo y su implicancia en la Patagonia\",\"publisher\":{\"@id\":\"https:\\\/\\\/patagoniambiental.com.ar\\\/info\\\/#organization\"},\"potentialAction\":[{\"@type\":\"SearchAction\",\"target\":{\"@type\":\"EntryPoint\",\"urlTemplate\":\"https:\\\/\\\/patagoniambiental.com.ar\\\/info\\\/?s={search_term_string}\"},\"query-input\":{\"@type\":\"PropertyValueSpecification\",\"valueRequired\":true,\"valueName\":\"search_term_string\"}}],\"inLanguage\":\"es\"},{\"@type\":\"Organization\",\"@id\":\"https:\\\/\\\/patagoniambiental.com.ar\\\/info\\\/#organization\",\"name\":\"Patagonia Ambiental\",\"url\":\"https:\\\/\\\/patagoniambiental.com.ar\\\/info\\\/\",\"logo\":{\"@type\":\"ImageObject\",\"inLanguage\":\"es\",\"@id\":\"https:\\\/\\\/patagoniambiental.com.ar\\\/info\\\/#\\\/schema\\\/logo\\\/image\\\/\",\"url\":\"https:\\\/\\\/patagoniambiental.com.ar\\\/info\\\/wp-content\\\/uploads\\\/2025\\\/05\\\/LOGO-PATAGONIA-AMBIENTAL.png\",\"contentUrl\":\"https:\\\/\\\/patagoniambiental.com.ar\\\/info\\\/wp-content\\\/uploads\\\/2025\\\/05\\\/LOGO-PATAGONIA-AMBIENTAL.png\",\"width\":433,\"height\":250,\"caption\":\"Patagonia Ambiental\"},\"image\":{\"@id\":\"https:\\\/\\\/patagoniambiental.com.ar\\\/info\\\/#\\\/schema\\\/logo\\\/image\\\/\"},\"sameAs\":[\"https:\\\/\\\/www.facebook.com\\\/patagonia.ambiental\",\"https:\\\/\\\/x.com\\\/PatAmb\"]},{\"@type\":\"Person\",\"@id\":\"https:\\\/\\\/patagoniambiental.com.ar\\\/info\\\/#\\\/schema\\\/person\\\/db12bff64bbcbf6a253710bf0ea37b5d\",\"name\":\"Patagonia Ambiental\",\"description\":\"Andr\u00e9s Nievas T\u00e9cnico en manejo ambiental, consultor Ambiental y escritor para medios locales e internacionales sobre temas de geopolitica y medio ambiente.\",\"sameAs\":[\"http:\\\/\\\/www.patagoniambiental.com.ar\",\"https:\\\/\\\/www.facebook.com\\\/share\\\/1C1V8Gv9BX\\\/?mibextid=qi2Omg\",\"@patagoniambiental\",\"https:\\\/\\\/youtube.com\\\/@patagoniaambiental2023?si=BLt58t0wuXquxlYZ\"]}]}<\/script>\n<!-- \/ Yoast SEO Premium plugin. -->","yoast_head_json":{"title":"Permitir\u00e1 optimizar el servicio Est\u00e1 en marcha la ampliaci\u00f3n de la red de agua de barrio Nuevo de Roca","robots":{"index":"index","follow":"follow","max-snippet":"max-snippet:-1","max-image-preview":"max-image-preview:large","max-video-preview":"max-video-preview:-1"},"canonical":"https:\/\/patagoniambiental.com.ar\/info\/permitira-optimizar-el-servicio-esta-en-marcha-la-ampliacion-de-la-red-de-agua-de-barrio-nuevo-de-roca\/","og_locale":"es_ES","og_type":"article","og_title":"Permitir\u00e1 optimizar el servicio Est\u00e1 en marcha la ampliaci\u00f3n de la red de agua de barrio Nuevo de Roca","og_description":"General Roca.-El Ministerio de Obras y Servicios P\u00fablicos dio inicio esta semana a la obra ampliaci\u00f3n de la red de [&hellip;]","og_url":"https:\/\/patagoniambiental.com.ar\/info\/permitira-optimizar-el-servicio-esta-en-marcha-la-ampliacion-de-la-red-de-agua-de-barrio-nuevo-de-roca\/","og_site_name":"Patagonia Ambiental","article_publisher":"https:\/\/www.facebook.com\/patagonia.ambiental","article_author":"https:\/\/www.facebook.com\/share\/1C1V8Gv9BX\/?mibextid=qi2Omg","article_published_time":"2017-11-10T22:00:48+00:00","og_image":[{"width":1280,"height":682,"url":"https:\/\/patagoniambiental.com.ar\/info\/wp-content\/uploads\/2017\/11\/thumbnail_obra-agua-potable-roca.jpg","type":"image\/jpeg"}],"author":"Patagonia Ambiental","twitter_card":"summary_large_image","twitter_creator":"@PatAmb","twitter_site":"@PatAmb","schema":{"@context":"https:\/\/schema.org","@graph":[{"@type":"Article","@id":"https:\/\/patagoniambiental.com.ar\/info\/permitira-optimizar-el-servicio-esta-en-marcha-la-ampliacion-de-la-red-de-agua-de-barrio-nuevo-de-roca\/#article","isPartOf":{"@id":"https:\/\/patagoniambiental.com.ar\/info\/permitira-optimizar-el-servicio-esta-en-marcha-la-ampliacion-de-la-red-de-agua-de-barrio-nuevo-de-roca\/"},"author":{"name":"Patagonia Ambiental","@id":"https:\/\/patagoniambiental.com.ar\/info\/#\/schema\/person\/db12bff64bbcbf6a253710bf0ea37b5d"},"headline":"Permitir\u00e1 optimizar el servicio Est\u00e1 en marcha la ampliaci\u00f3n de la red de agua de barrio Nuevo de Roca","datePublished":"2017-11-10T22:00:48+00:00","mainEntityOfPage":{"@id":"https:\/\/patagoniambiental.com.ar\/info\/permitira-optimizar-el-servicio-esta-en-marcha-la-ampliacion-de-la-red-de-agua-de-barrio-nuevo-de-roca\/"},"wordCount":241,"commentCount":0,"publisher":{"@id":"https:\/\/patagoniambiental.com.ar\/info\/#organization"},"image":{"@id":"https:\/\/patagoniambiental.com.ar\/info\/permitira-optimizar-el-servicio-esta-en-marcha-la-ampliacion-de-la-red-de-agua-de-barrio-nuevo-de-roca\/#primaryimage"},"thumbnailUrl":"https:\/\/patagoniambiental.com.ar\/info\/wp-content\/uploads\/2017\/11\/thumbnail_obra-agua-potable-roca.jpg","articleSection":["Noticias","Provinciales","R\u00edo Negro"],"inLanguage":"es","potentialAction":[{"@type":"CommentAction","name":"Comment","target":["https:\/\/patagoniambiental.com.ar\/info\/permitira-optimizar-el-servicio-esta-en-marcha-la-ampliacion-de-la-red-de-agua-de-barrio-nuevo-de-roca\/#respond"]}]},{"@type":"WebPage","@id":"https:\/\/patagoniambiental.com.ar\/info\/permitira-optimizar-el-servicio-esta-en-marcha-la-ampliacion-de-la-red-de-agua-de-barrio-nuevo-de-roca\/","url":"https:\/\/patagoniambiental.com.ar\/info\/permitira-optimizar-el-servicio-esta-en-marcha-la-ampliacion-de-la-red-de-agua-de-barrio-nuevo-de-roca\/","name":"Permitir\u00e1 optimizar el servicio Est\u00e1 en marcha la ampliaci\u00f3n de la red de agua de barrio Nuevo de Roca","isPartOf":{"@id":"https:\/\/patagoniambiental.com.ar\/info\/#website"},"primaryImageOfPage":{"@id":"https:\/\/patagoniambiental.com.ar\/info\/permitira-optimizar-el-servicio-esta-en-marcha-la-ampliacion-de-la-red-de-agua-de-barrio-nuevo-de-roca\/#primaryimage"},"image":{"@id":"https:\/\/patagoniambiental.com.ar\/info\/permitira-optimizar-el-servicio-esta-en-marcha-la-ampliacion-de-la-red-de-agua-de-barrio-nuevo-de-roca\/#primaryimage"},"thumbnailUrl":"https:\/\/patagoniambiental.com.ar\/info\/wp-content\/uploads\/2017\/11\/thumbnail_obra-agua-potable-roca.jpg","datePublished":"2017-11-10T22:00:48+00:00","breadcrumb":{"@id":"https:\/\/patagoniambiental.com.ar\/info\/permitira-optimizar-el-servicio-esta-en-marcha-la-ampliacion-de-la-red-de-agua-de-barrio-nuevo-de-roca\/#breadcrumb"},"inLanguage":"es","potentialAction":[{"@type":"ReadAction","target":["https:\/\/patagoniambiental.com.ar\/info\/permitira-optimizar-el-servicio-esta-en-marcha-la-ampliacion-de-la-red-de-agua-de-barrio-nuevo-de-roca\/"]}]},{"@type":"ImageObject","inLanguage":"es","@id":"https:\/\/patagoniambiental.com.ar\/info\/permitira-optimizar-el-servicio-esta-en-marcha-la-ampliacion-de-la-red-de-agua-de-barrio-nuevo-de-roca\/#primaryimage","url":"https:\/\/patagoniambiental.com.ar\/info\/wp-content\/uploads\/2017\/11\/thumbnail_obra-agua-potable-roca.jpg","contentUrl":"https:\/\/patagoniambiental.com.ar\/info\/wp-content\/uploads\/2017\/11\/thumbnail_obra-agua-potable-roca.jpg","width":1126,"height":600},{"@type":"BreadcrumbList","@id":"https:\/\/patagoniambiental.com.ar\/info\/permitira-optimizar-el-servicio-esta-en-marcha-la-ampliacion-de-la-red-de-agua-de-barrio-nuevo-de-roca\/#breadcrumb","itemListElement":[{"@type":"ListItem","position":1,"name":"Inicio","item":"https:\/\/patagoniambiental.com.ar\/info\/"},{"@type":"ListItem","position":2,"name":"Permitir\u00e1 optimizar el servicio Est\u00e1 en marcha la ampliaci\u00f3n de la red de agua de barrio Nuevo de Roca"}]},{"@type":"WebSite","@id":"https:\/\/patagoniambiental.com.ar\/info\/#website","url":"https:\/\/patagoniambiental.com.ar\/info\/","name":"Patagonia Ambiental","description":"Monitoreo y an\u00e1lisis de la situaci\u00f3n geopol\u00edtica en el mundo y su implicancia en la Patagonia","publisher":{"@id":"https:\/\/patagoniambiental.com.ar\/info\/#organization"},"potentialAction":[{"@type":"SearchAction","target":{"@type":"EntryPoint","urlTemplate":"https:\/\/patagoniambiental.com.ar\/info\/?s={search_term_string}"},"query-input":{"@type":"PropertyValueSpecification","valueRequired":true,"valueName":"search_term_string"}}],"inLanguage":"es"},{"@type":"Organization","@id":"https:\/\/patagoniambiental.com.ar\/info\/#organization","name":"Patagonia Ambiental","url":"https:\/\/patagoniambiental.com.ar\/info\/","logo":{"@type":"ImageObject","inLanguage":"es","@id":"https:\/\/patagoniambiental.com.ar\/info\/#\/schema\/logo\/image\/","url":"https:\/\/patagoniambiental.com.ar\/info\/wp-content\/uploads\/2025\/05\/LOGO-PATAGONIA-AMBIENTAL.png","contentUrl":"https:\/\/patagoniambiental.com.ar\/info\/wp-content\/uploads\/2025\/05\/LOGO-PATAGONIA-AMBIENTAL.png","width":433,"height":250,"caption":"Patagonia Ambiental"},"image":{"@id":"https:\/\/patagoniambiental.com.ar\/info\/#\/schema\/logo\/image\/"},"sameAs":["https:\/\/www.facebook.com\/patagonia.ambiental","https:\/\/x.com\/PatAmb"]},{"@type":"Person","@id":"https:\/\/patagoniambiental.com.ar\/info\/#\/schema\/person\/db12bff64bbcbf6a253710bf0ea37b5d","name":"Patagonia Ambiental","description":"Andr\u00e9s Nievas T\u00e9cnico en manejo ambiental, consultor Ambiental y escritor para medios locales e internacionales sobre temas de geopolitica y medio ambiente.","sameAs":["http:\/\/www.patagoniambiental.com.ar","https:\/\/www.facebook.com\/share\/1C1V8Gv9BX\/?mibextid=qi2Omg","@patagoniambiental","https:\/\/youtube.com\/@patagoniaambiental2023?si=BLt58t0wuXquxlYZ"]}]}},"_links":{"self":[{"href":"https:\/\/patagoniambiental.com.ar\/info\/wp-json\/wp\/v2\/posts\/37958","targetHints":{"allow":["GET"]}}],"collection":[{"href":"https:\/\/patagoniambiental.com.ar\/info\/wp-json\/wp\/v2\/posts"}],"about":[{"href":"https:\/\/patagoniambiental.com.ar\/info\/wp-json\/wp\/v2\/types\/post"}],"author":[{"embeddable":true,"href":"https:\/\/patagoniambiental.com.ar\/info\/wp-json\/wp\/v2\/users\/2"}],"replies":[{"embeddable":true,"href":"https:\/\/patagoniambiental.com.ar\/info\/wp-json\/wp\/v2\/comments?post=37958"}],"version-history":[{"count":0,"href":"https:\/\/patagoniambiental.com.ar\/info\/wp-json\/wp\/v2\/posts\/37958\/revisions"}],"wp:featuredmedia":[{"embeddable":true,"href":"https:\/\/patagoniambiental.com.ar\/info\/wp-json\/wp\/v2\/media\/37951"}],"wp:attachment":[{"href":"https:\/\/patagoniambiental.com.ar\/info\/wp-json\/wp\/v2\/media?parent=37958"}],"wp:term":[{"taxonomy":"category","embeddable":true,"href":"https:\/\/patagoniambiental.com.ar\/info\/wp-json\/wp\/v2\/categories?post=37958"},{"taxonomy":"post_tag","embeddable":true,"href":"https:\/\/patagoniambiental.com.ar\/info\/wp-json\/wp\/v2\/tags?post=37958"}],"curies":[{"name":"wp","href":"https:\/\/api.w.org\/{rel}","templated":true}]}}