{"id":37992,"date":"2017-11-11T19:00:37","date_gmt":"2017-11-11T22:00:37","guid":{"rendered":"http:\/\/patagoniambiental.com.ar\/info\/?p=37992"},"modified":"2017-11-10T13:00:12","modified_gmt":"2017-11-10T16:00:12","slug":"una-capilla-franciscana-de-1768-en-malvinas-otra-prueba-de-la-soberania-de-argentina-en-las-islas","status":"publish","type":"post","link":"https:\/\/patagoniambiental.com.ar\/info\/una-capilla-franciscana-de-1768-en-malvinas-otra-prueba-de-la-soberania-de-argentina-en-las-islas\/","title":{"rendered":"Una capilla franciscana de 1768 en Malvinas, otra prueba de la soberan\u00eda de Argentina en las islas"},"content":{"rendered":"<article class=\"news-box main inside\">\n<figure class=\"news-image\">Islas Malvinas.-<strong>Otra prueba clave para demostrar la soberan\u00eda de la Argentina sobre las islas Malvinas se remonta a m\u00e1s de 300 a\u00f1os. Se trata de los planos de una capilla de los franciscanos construida en 1768 y establecida en el archipi\u00e9lago.<\/strong><br \/>\n<!--more--><br \/>\nLa aparici\u00f3n de los planos de la capilla de la orden franciscana se da dos d\u00edas despu\u00e9s del hallazgo de tres cartas de 1767, que revelaron un pedido para la construcci\u00f3n de una capilla en la isla Soledad.<\/p>\n<p>Hay continuidad entre los registros: en un escrito y un plano figura la concreci\u00f3n de la obra de la iglesia mandada a construir por el gobernador de Buenos Aires de aquel entonces, Francisco Bucarelli y Urs\u00faa, a pedido de Felipe Ruiz Puente, primer mandatario de las Islas Malvinas.<\/p>\n<p>All\u00ed es donde se revela la existencia de la capilla de los franciscanos en 1768, lo que otorga sustento a las cartas halladas por un coleccionista de identidad reservada cuyas iniciales son N.L.D. Ratifica as\u00ed el dominio espa\u00f1ol en las islas, de lo que m\u00e1s tarde ser\u00eda el territorio argentino.<\/p>\n<p>El historiador Roberto Colimodio expres\u00f3 que \u00abestos documentos muestran que el intercambio epistolar en 1767 entre el gobernador de Malvinas y el de Buenos Aires no fue puro cuento sino que se materializ\u00f3 con la construcci\u00f3n de la capilla\u00bb.<\/p>\n<p>Adem\u00e1s, hay otros documentos del Archivo de Indias que revelan que en 1811 la capilla de los franciscanos en Malvinas se incendi\u00f3 y que el 28 de noviembre de 1816 un piloto de la Armada espa\u00f1ola, Gabriel Francisco de la Quintana, la vio incendiada.<\/p>\n<p>Por su parte, el senador Julio Cobos ya le envi\u00f3 una nota a la Canciller\u00eda para el pedido formal al Archivo de Indias para que el Estado argentino obtenga una copia certificada de los documentos que revelan el plano de la capilla de Malvinas.<\/p>\n<p>\u00abSe entiende que estos documentos enriquecer\u00e1n la historia argentina y su vinculaci\u00f3n directa de soberan\u00eda con las islas Malvinas. Son documentos que sustentan mucho m\u00e1s el reclamo del territorio que primero fue espa\u00f1ol y tras la independencia de Argentina\u00bb, dijo el legislador<\/figure>\n<\/article>\n<p>&nbsp;<\/p>\n<article class=\"share-box-inside\">Fuente:\u00a0http:\/\/www.notitdf.com\/noticias\/leer\/26869-una-capilla-franciscana-1768-malvinas-otra-prueba-soberani-argentina-las-islas.html<\/article>\n<p>&nbsp;<\/p>\n","protected":false},"excerpt":{"rendered":"<p>Islas Malvinas.-Otra prueba clave para demostrar la soberan\u00eda de la Argentina sobre las islas Malvinas se remonta a m\u00e1s de [&hellip;]<\/p>\n","protected":false},"author":2,"featured_media":37993,"comment_status":"open","ping_status":"open","sticky":false,"template":"","format":"standard","meta":{"site-sidebar-layout":"default","site-content-layout":"","ast-site-content-layout":"default","site-content-style":"default","site-sidebar-style":"default","ast-global-header-display":"","ast-banner-title-visibility":"","ast-main-header-display":"","ast-hfb-above-header-display":"","ast-hfb-below-header-display":"","ast-hfb-mobile-header-display":"","site-post-title":"","ast-breadcrumbs-content":"","ast-featured-img":"","footer-sml-layout":"","ast-disable-related-posts":"","theme-transparent-header-meta":"","adv-header-id-meta":"","stick-header-meta":"","header-above-stick-meta":"","header-main-stick-meta":"","header-below-stick-meta":"","astra-migrate-meta-layouts":"default","ast-page-background-enabled":"default","ast-page-background-meta":{"desktop":{"background-color":"var(--ast-global-color-5)","background-image":"","background-repeat":"repeat","background-position":"center center","background-size":"auto","background-attachment":"scroll","background-type":"","background-media":"","overlay-type":"","overlay-color":"","overlay-opacity":"","overlay-gradient":""},"tablet":{"background-color":"","background-image":"","background-repeat":"repeat","background-position":"center center","background-size":"auto","background-attachment":"scroll","background-type":"","background-media":"","overlay-type":"","overlay-color":"","overlay-opacity":"","overlay-gradient":""},"mobile":{"background-color":"","background-image":"","background-repeat":"repeat","background-position":"center center","background-size":"auto","background-attachment":"scroll","background-type":"","background-media":"","overlay-type":"","overlay-color":"","overlay-opacity":"","overlay-gradient":""}},"ast-content-background-meta":{"desktop":{"background-color":"var(--ast-global-color-4)","background-image":"","background-repeat":"repeat","background-position":"center center","background-size":"auto","background-attachment":"scroll","background-type":"","background-media":"","overlay-type":"","overlay-color":"","overlay-opacity":"","overlay-gradient":""},"tablet":{"background-color":"var(--ast-global-color-4)","background-image":"","background-repeat":"repeat","background-position":"center center","background-size":"auto","background-attachment":"scroll","background-type":"","background-media":"","overlay-type":"","overlay-color":"","overlay-opacity":"","overlay-gradient":""},"mobile":{"background-color":"var(--ast-global-color-4)","background-image":"","background-repeat":"repeat","background-position":"center center","background-size":"auto","background-attachment":"scroll","background-type":"","background-media":"","overlay-type":"","overlay-color":"","overlay-opacity":"","overlay-gradient":""}},"footnotes":""},"categories":[23,1],"tags":[],"class_list":["post-37992","post","type-post","status-publish","format-standard","has-post-thumbnail","hentry","category-internacionales","category-noticias"],"yoast_head":"<!-- This site is optimized with the Yoast SEO Premium plugin v23.0 (Yoast SEO v27.4) - https:\/\/yoast.com\/product\/yoast-seo-premium-wordpress\/ -->\n<title>Una capilla franciscana de 1768 en Malvinas, otra prueba de la soberan\u00eda de Argentina en las islas<\/title>\n<meta name=\"robots\" content=\"index, follow, max-snippet:-1, max-image-preview:large, max-video-preview:-1\" \/>\n<link rel=\"canonical\" href=\"https:\/\/patagoniambiental.com.ar\/info\/una-capilla-franciscana-de-1768-en-malvinas-otra-prueba-de-la-soberania-de-argentina-en-las-islas\/\" \/>\n<meta property=\"og:locale\" content=\"es_ES\" \/>\n<meta property=\"og:type\" content=\"article\" \/>\n<meta property=\"og:title\" content=\"Una capilla franciscana de 1768 en Malvinas, otra prueba de la soberan\u00eda de Argentina en las islas\" \/>\n<meta property=\"og:description\" content=\"Islas Malvinas.-Otra prueba clave para demostrar la soberan\u00eda de la Argentina sobre las islas Malvinas se remonta a m\u00e1s de [&hellip;]\" \/>\n<meta property=\"og:url\" content=\"https:\/\/patagoniambiental.com.ar\/info\/una-capilla-franciscana-de-1768-en-malvinas-otra-prueba-de-la-soberania-de-argentina-en-las-islas\/\" \/>\n<meta property=\"og:site_name\" content=\"Patagonia Ambiental\" \/>\n<meta property=\"article:publisher\" content=\"https:\/\/www.facebook.com\/patagonia.ambiental\" \/>\n<meta property=\"article:author\" content=\"https:\/\/www.facebook.com\/share\/1C1V8Gv9BX\/?mibextid=qi2Omg\" \/>\n<meta property=\"article:published_time\" content=\"2017-11-11T22:00:37+00:00\" \/>\n<meta property=\"og:image\" content=\"https:\/\/patagoniambiental.com.ar\/info\/wp-content\/uploads\/2017\/11\/ampl_una-capilla-franciscana-1768-malvinas-otra-prueba-soberani-argentina-las-islas_26869.jpg\" \/>\n\t<meta property=\"og:image:width\" content=\"756\" \/>\n\t<meta property=\"og:image:height\" content=\"426\" \/>\n\t<meta property=\"og:image:type\" content=\"image\/jpeg\" \/>\n<meta name=\"author\" content=\"Patagonia Ambiental\" \/>\n<meta name=\"twitter:card\" content=\"summary_large_image\" \/>\n<meta name=\"twitter:creator\" content=\"@PatAmb\" \/>\n<meta name=\"twitter:site\" content=\"@PatAmb\" \/>\n<script type=\"application\/ld+json\" class=\"yoast-schema-graph\">{\"@context\":\"https:\\\/\\\/schema.org\",\"@graph\":[{\"@type\":\"Article\",\"@id\":\"https:\\\/\\\/patagoniambiental.com.ar\\\/info\\\/una-capilla-franciscana-de-1768-en-malvinas-otra-prueba-de-la-soberania-de-argentina-en-las-islas\\\/#article\",\"isPartOf\":{\"@id\":\"https:\\\/\\\/patagoniambiental.com.ar\\\/info\\\/una-capilla-franciscana-de-1768-en-malvinas-otra-prueba-de-la-soberania-de-argentina-en-las-islas\\\/\"},\"author\":{\"name\":\"Patagonia Ambiental\",\"@id\":\"https:\\\/\\\/patagoniambiental.com.ar\\\/info\\\/#\\\/schema\\\/person\\\/db12bff64bbcbf6a253710bf0ea37b5d\"},\"headline\":\"Una capilla franciscana de 1768 en Malvinas, otra prueba de la soberan\u00eda de Argentina en las islas\",\"datePublished\":\"2017-11-11T22:00:37+00:00\",\"mainEntityOfPage\":{\"@id\":\"https:\\\/\\\/patagoniambiental.com.ar\\\/info\\\/una-capilla-franciscana-de-1768-en-malvinas-otra-prueba-de-la-soberania-de-argentina-en-las-islas\\\/\"},\"wordCount\":392,\"commentCount\":0,\"publisher\":{\"@id\":\"https:\\\/\\\/patagoniambiental.com.ar\\\/info\\\/#organization\"},\"image\":{\"@id\":\"https:\\\/\\\/patagoniambiental.com.ar\\\/info\\\/una-capilla-franciscana-de-1768-en-malvinas-otra-prueba-de-la-soberania-de-argentina-en-las-islas\\\/#primaryimage\"},\"thumbnailUrl\":\"https:\\\/\\\/patagoniambiental.com.ar\\\/info\\\/wp-content\\\/uploads\\\/2017\\\/11\\\/ampl_una-capilla-franciscana-1768-malvinas-otra-prueba-soberani-argentina-las-islas_26869.jpg\",\"articleSection\":[\"Internacionales\",\"Noticias\"],\"inLanguage\":\"es\",\"potentialAction\":[{\"@type\":\"CommentAction\",\"name\":\"Comment\",\"target\":[\"https:\\\/\\\/patagoniambiental.com.ar\\\/info\\\/una-capilla-franciscana-de-1768-en-malvinas-otra-prueba-de-la-soberania-de-argentina-en-las-islas\\\/#respond\"]}]},{\"@type\":\"WebPage\",\"@id\":\"https:\\\/\\\/patagoniambiental.com.ar\\\/info\\\/una-capilla-franciscana-de-1768-en-malvinas-otra-prueba-de-la-soberania-de-argentina-en-las-islas\\\/\",\"url\":\"https:\\\/\\\/patagoniambiental.com.ar\\\/info\\\/una-capilla-franciscana-de-1768-en-malvinas-otra-prueba-de-la-soberania-de-argentina-en-las-islas\\\/\",\"name\":\"Una capilla franciscana de 1768 en Malvinas, otra prueba de la soberan\u00eda de Argentina en las islas\",\"isPartOf\":{\"@id\":\"https:\\\/\\\/patagoniambiental.com.ar\\\/info\\\/#website\"},\"primaryImageOfPage\":{\"@id\":\"https:\\\/\\\/patagoniambiental.com.ar\\\/info\\\/una-capilla-franciscana-de-1768-en-malvinas-otra-prueba-de-la-soberania-de-argentina-en-las-islas\\\/#primaryimage\"},\"image\":{\"@id\":\"https:\\\/\\\/patagoniambiental.com.ar\\\/info\\\/una-capilla-franciscana-de-1768-en-malvinas-otra-prueba-de-la-soberania-de-argentina-en-las-islas\\\/#primaryimage\"},\"thumbnailUrl\":\"https:\\\/\\\/patagoniambiental.com.ar\\\/info\\\/wp-content\\\/uploads\\\/2017\\\/11\\\/ampl_una-capilla-franciscana-1768-malvinas-otra-prueba-soberani-argentina-las-islas_26869.jpg\",\"datePublished\":\"2017-11-11T22:00:37+00:00\",\"breadcrumb\":{\"@id\":\"https:\\\/\\\/patagoniambiental.com.ar\\\/info\\\/una-capilla-franciscana-de-1768-en-malvinas-otra-prueba-de-la-soberania-de-argentina-en-las-islas\\\/#breadcrumb\"},\"inLanguage\":\"es\",\"potentialAction\":[{\"@type\":\"ReadAction\",\"target\":[\"https:\\\/\\\/patagoniambiental.com.ar\\\/info\\\/una-capilla-franciscana-de-1768-en-malvinas-otra-prueba-de-la-soberania-de-argentina-en-las-islas\\\/\"]}]},{\"@type\":\"ImageObject\",\"inLanguage\":\"es\",\"@id\":\"https:\\\/\\\/patagoniambiental.com.ar\\\/info\\\/una-capilla-franciscana-de-1768-en-malvinas-otra-prueba-de-la-soberania-de-argentina-en-las-islas\\\/#primaryimage\",\"url\":\"https:\\\/\\\/patagoniambiental.com.ar\\\/info\\\/wp-content\\\/uploads\\\/2017\\\/11\\\/ampl_una-capilla-franciscana-1768-malvinas-otra-prueba-soberani-argentina-las-islas_26869.jpg\",\"contentUrl\":\"https:\\\/\\\/patagoniambiental.com.ar\\\/info\\\/wp-content\\\/uploads\\\/2017\\\/11\\\/ampl_una-capilla-franciscana-1768-malvinas-otra-prueba-soberani-argentina-las-islas_26869.jpg\",\"width\":756,\"height\":426},{\"@type\":\"BreadcrumbList\",\"@id\":\"https:\\\/\\\/patagoniambiental.com.ar\\\/info\\\/una-capilla-franciscana-de-1768-en-malvinas-otra-prueba-de-la-soberania-de-argentina-en-las-islas\\\/#breadcrumb\",\"itemListElement\":[{\"@type\":\"ListItem\",\"position\":1,\"name\":\"Inicio\",\"item\":\"https:\\\/\\\/patagoniambiental.com.ar\\\/info\\\/\"},{\"@type\":\"ListItem\",\"position\":2,\"name\":\"Una capilla franciscana de 1768 en Malvinas, otra prueba de la soberan\u00eda de Argentina en las islas\"}]},{\"@type\":\"WebSite\",\"@id\":\"https:\\\/\\\/patagoniambiental.com.ar\\\/info\\\/#website\",\"url\":\"https:\\\/\\\/patagoniambiental.com.ar\\\/info\\\/\",\"name\":\"Patagonia Ambiental\",\"description\":\"Monitoreo y an\u00e1lisis de la situaci\u00f3n geopol\u00edtica en el mundo y su implicancia en la Patagonia\",\"publisher\":{\"@id\":\"https:\\\/\\\/patagoniambiental.com.ar\\\/info\\\/#organization\"},\"potentialAction\":[{\"@type\":\"SearchAction\",\"target\":{\"@type\":\"EntryPoint\",\"urlTemplate\":\"https:\\\/\\\/patagoniambiental.com.ar\\\/info\\\/?s={search_term_string}\"},\"query-input\":{\"@type\":\"PropertyValueSpecification\",\"valueRequired\":true,\"valueName\":\"search_term_string\"}}],\"inLanguage\":\"es\"},{\"@type\":\"Organization\",\"@id\":\"https:\\\/\\\/patagoniambiental.com.ar\\\/info\\\/#organization\",\"name\":\"Patagonia Ambiental\",\"url\":\"https:\\\/\\\/patagoniambiental.com.ar\\\/info\\\/\",\"logo\":{\"@type\":\"ImageObject\",\"inLanguage\":\"es\",\"@id\":\"https:\\\/\\\/patagoniambiental.com.ar\\\/info\\\/#\\\/schema\\\/logo\\\/image\\\/\",\"url\":\"https:\\\/\\\/patagoniambiental.com.ar\\\/info\\\/wp-content\\\/uploads\\\/2025\\\/05\\\/LOGO-PATAGONIA-AMBIENTAL.png\",\"contentUrl\":\"https:\\\/\\\/patagoniambiental.com.ar\\\/info\\\/wp-content\\\/uploads\\\/2025\\\/05\\\/LOGO-PATAGONIA-AMBIENTAL.png\",\"width\":433,\"height\":250,\"caption\":\"Patagonia Ambiental\"},\"image\":{\"@id\":\"https:\\\/\\\/patagoniambiental.com.ar\\\/info\\\/#\\\/schema\\\/logo\\\/image\\\/\"},\"sameAs\":[\"https:\\\/\\\/www.facebook.com\\\/patagonia.ambiental\",\"https:\\\/\\\/x.com\\\/PatAmb\"]},{\"@type\":\"Person\",\"@id\":\"https:\\\/\\\/patagoniambiental.com.ar\\\/info\\\/#\\\/schema\\\/person\\\/db12bff64bbcbf6a253710bf0ea37b5d\",\"name\":\"Patagonia Ambiental\",\"description\":\"Andr\u00e9s Nievas T\u00e9cnico en manejo ambiental, consultor Ambiental y escritor para medios locales e internacionales sobre temas de geopolitica y medio ambiente.\",\"sameAs\":[\"http:\\\/\\\/www.patagoniambiental.com.ar\",\"https:\\\/\\\/www.facebook.com\\\/share\\\/1C1V8Gv9BX\\\/?mibextid=qi2Omg\",\"@patagoniambiental\",\"https:\\\/\\\/youtube.com\\\/@patagoniaambiental2023?si=BLt58t0wuXquxlYZ\"]}]}<\/script>\n<!-- \/ Yoast SEO Premium plugin. -->","yoast_head_json":{"title":"Una capilla franciscana de 1768 en Malvinas, otra prueba de la soberan\u00eda de Argentina en las islas","robots":{"index":"index","follow":"follow","max-snippet":"max-snippet:-1","max-image-preview":"max-image-preview:large","max-video-preview":"max-video-preview:-1"},"canonical":"https:\/\/patagoniambiental.com.ar\/info\/una-capilla-franciscana-de-1768-en-malvinas-otra-prueba-de-la-soberania-de-argentina-en-las-islas\/","og_locale":"es_ES","og_type":"article","og_title":"Una capilla franciscana de 1768 en Malvinas, otra prueba de la soberan\u00eda de Argentina en las islas","og_description":"Islas Malvinas.-Otra prueba clave para demostrar la soberan\u00eda de la Argentina sobre las islas Malvinas se remonta a m\u00e1s de [&hellip;]","og_url":"https:\/\/patagoniambiental.com.ar\/info\/una-capilla-franciscana-de-1768-en-malvinas-otra-prueba-de-la-soberania-de-argentina-en-las-islas\/","og_site_name":"Patagonia Ambiental","article_publisher":"https:\/\/www.facebook.com\/patagonia.ambiental","article_author":"https:\/\/www.facebook.com\/share\/1C1V8Gv9BX\/?mibextid=qi2Omg","article_published_time":"2017-11-11T22:00:37+00:00","og_image":[{"width":756,"height":426,"url":"https:\/\/patagoniambiental.com.ar\/info\/wp-content\/uploads\/2017\/11\/ampl_una-capilla-franciscana-1768-malvinas-otra-prueba-soberani-argentina-las-islas_26869.jpg","type":"image\/jpeg"}],"author":"Patagonia Ambiental","twitter_card":"summary_large_image","twitter_creator":"@PatAmb","twitter_site":"@PatAmb","schema":{"@context":"https:\/\/schema.org","@graph":[{"@type":"Article","@id":"https:\/\/patagoniambiental.com.ar\/info\/una-capilla-franciscana-de-1768-en-malvinas-otra-prueba-de-la-soberania-de-argentina-en-las-islas\/#article","isPartOf":{"@id":"https:\/\/patagoniambiental.com.ar\/info\/una-capilla-franciscana-de-1768-en-malvinas-otra-prueba-de-la-soberania-de-argentina-en-las-islas\/"},"author":{"name":"Patagonia Ambiental","@id":"https:\/\/patagoniambiental.com.ar\/info\/#\/schema\/person\/db12bff64bbcbf6a253710bf0ea37b5d"},"headline":"Una capilla franciscana de 1768 en Malvinas, otra prueba de la soberan\u00eda de Argentina en las islas","datePublished":"2017-11-11T22:00:37+00:00","mainEntityOfPage":{"@id":"https:\/\/patagoniambiental.com.ar\/info\/una-capilla-franciscana-de-1768-en-malvinas-otra-prueba-de-la-soberania-de-argentina-en-las-islas\/"},"wordCount":392,"commentCount":0,"publisher":{"@id":"https:\/\/patagoniambiental.com.ar\/info\/#organization"},"image":{"@id":"https:\/\/patagoniambiental.com.ar\/info\/una-capilla-franciscana-de-1768-en-malvinas-otra-prueba-de-la-soberania-de-argentina-en-las-islas\/#primaryimage"},"thumbnailUrl":"https:\/\/patagoniambiental.com.ar\/info\/wp-content\/uploads\/2017\/11\/ampl_una-capilla-franciscana-1768-malvinas-otra-prueba-soberani-argentina-las-islas_26869.jpg","articleSection":["Internacionales","Noticias"],"inLanguage":"es","potentialAction":[{"@type":"CommentAction","name":"Comment","target":["https:\/\/patagoniambiental.com.ar\/info\/una-capilla-franciscana-de-1768-en-malvinas-otra-prueba-de-la-soberania-de-argentina-en-las-islas\/#respond"]}]},{"@type":"WebPage","@id":"https:\/\/patagoniambiental.com.ar\/info\/una-capilla-franciscana-de-1768-en-malvinas-otra-prueba-de-la-soberania-de-argentina-en-las-islas\/","url":"https:\/\/patagoniambiental.com.ar\/info\/una-capilla-franciscana-de-1768-en-malvinas-otra-prueba-de-la-soberania-de-argentina-en-las-islas\/","name":"Una capilla franciscana de 1768 en Malvinas, otra prueba de la soberan\u00eda de Argentina en las islas","isPartOf":{"@id":"https:\/\/patagoniambiental.com.ar\/info\/#website"},"primaryImageOfPage":{"@id":"https:\/\/patagoniambiental.com.ar\/info\/una-capilla-franciscana-de-1768-en-malvinas-otra-prueba-de-la-soberania-de-argentina-en-las-islas\/#primaryimage"},"image":{"@id":"https:\/\/patagoniambiental.com.ar\/info\/una-capilla-franciscana-de-1768-en-malvinas-otra-prueba-de-la-soberania-de-argentina-en-las-islas\/#primaryimage"},"thumbnailUrl":"https:\/\/patagoniambiental.com.ar\/info\/wp-content\/uploads\/2017\/11\/ampl_una-capilla-franciscana-1768-malvinas-otra-prueba-soberani-argentina-las-islas_26869.jpg","datePublished":"2017-11-11T22:00:37+00:00","breadcrumb":{"@id":"https:\/\/patagoniambiental.com.ar\/info\/una-capilla-franciscana-de-1768-en-malvinas-otra-prueba-de-la-soberania-de-argentina-en-las-islas\/#breadcrumb"},"inLanguage":"es","potentialAction":[{"@type":"ReadAction","target":["https:\/\/patagoniambiental.com.ar\/info\/una-capilla-franciscana-de-1768-en-malvinas-otra-prueba-de-la-soberania-de-argentina-en-las-islas\/"]}]},{"@type":"ImageObject","inLanguage":"es","@id":"https:\/\/patagoniambiental.com.ar\/info\/una-capilla-franciscana-de-1768-en-malvinas-otra-prueba-de-la-soberania-de-argentina-en-las-islas\/#primaryimage","url":"https:\/\/patagoniambiental.com.ar\/info\/wp-content\/uploads\/2017\/11\/ampl_una-capilla-franciscana-1768-malvinas-otra-prueba-soberani-argentina-las-islas_26869.jpg","contentUrl":"https:\/\/patagoniambiental.com.ar\/info\/wp-content\/uploads\/2017\/11\/ampl_una-capilla-franciscana-1768-malvinas-otra-prueba-soberani-argentina-las-islas_26869.jpg","width":756,"height":426},{"@type":"BreadcrumbList","@id":"https:\/\/patagoniambiental.com.ar\/info\/una-capilla-franciscana-de-1768-en-malvinas-otra-prueba-de-la-soberania-de-argentina-en-las-islas\/#breadcrumb","itemListElement":[{"@type":"ListItem","position":1,"name":"Inicio","item":"https:\/\/patagoniambiental.com.ar\/info\/"},{"@type":"ListItem","position":2,"name":"Una capilla franciscana de 1768 en Malvinas, otra prueba de la soberan\u00eda de Argentina en las islas"}]},{"@type":"WebSite","@id":"https:\/\/patagoniambiental.com.ar\/info\/#website","url":"https:\/\/patagoniambiental.com.ar\/info\/","name":"Patagonia Ambiental","description":"Monitoreo y an\u00e1lisis de la situaci\u00f3n geopol\u00edtica en el mundo y su implicancia en la Patagonia","publisher":{"@id":"https:\/\/patagoniambiental.com.ar\/info\/#organization"},"potentialAction":[{"@type":"SearchAction","target":{"@type":"EntryPoint","urlTemplate":"https:\/\/patagoniambiental.com.ar\/info\/?s={search_term_string}"},"query-input":{"@type":"PropertyValueSpecification","valueRequired":true,"valueName":"search_term_string"}}],"inLanguage":"es"},{"@type":"Organization","@id":"https:\/\/patagoniambiental.com.ar\/info\/#organization","name":"Patagonia Ambiental","url":"https:\/\/patagoniambiental.com.ar\/info\/","logo":{"@type":"ImageObject","inLanguage":"es","@id":"https:\/\/patagoniambiental.com.ar\/info\/#\/schema\/logo\/image\/","url":"https:\/\/patagoniambiental.com.ar\/info\/wp-content\/uploads\/2025\/05\/LOGO-PATAGONIA-AMBIENTAL.png","contentUrl":"https:\/\/patagoniambiental.com.ar\/info\/wp-content\/uploads\/2025\/05\/LOGO-PATAGONIA-AMBIENTAL.png","width":433,"height":250,"caption":"Patagonia Ambiental"},"image":{"@id":"https:\/\/patagoniambiental.com.ar\/info\/#\/schema\/logo\/image\/"},"sameAs":["https:\/\/www.facebook.com\/patagonia.ambiental","https:\/\/x.com\/PatAmb"]},{"@type":"Person","@id":"https:\/\/patagoniambiental.com.ar\/info\/#\/schema\/person\/db12bff64bbcbf6a253710bf0ea37b5d","name":"Patagonia Ambiental","description":"Andr\u00e9s Nievas T\u00e9cnico en manejo ambiental, consultor Ambiental y escritor para medios locales e internacionales sobre temas de geopolitica y medio ambiente.","sameAs":["http:\/\/www.patagoniambiental.com.ar","https:\/\/www.facebook.com\/share\/1C1V8Gv9BX\/?mibextid=qi2Omg","@patagoniambiental","https:\/\/youtube.com\/@patagoniaambiental2023?si=BLt58t0wuXquxlYZ"]}]}},"_links":{"self":[{"href":"https:\/\/patagoniambiental.com.ar\/info\/wp-json\/wp\/v2\/posts\/37992","targetHints":{"allow":["GET"]}}],"collection":[{"href":"https:\/\/patagoniambiental.com.ar\/info\/wp-json\/wp\/v2\/posts"}],"about":[{"href":"https:\/\/patagoniambiental.com.ar\/info\/wp-json\/wp\/v2\/types\/post"}],"author":[{"embeddable":true,"href":"https:\/\/patagoniambiental.com.ar\/info\/wp-json\/wp\/v2\/users\/2"}],"replies":[{"embeddable":true,"href":"https:\/\/patagoniambiental.com.ar\/info\/wp-json\/wp\/v2\/comments?post=37992"}],"version-history":[{"count":0,"href":"https:\/\/patagoniambiental.com.ar\/info\/wp-json\/wp\/v2\/posts\/37992\/revisions"}],"wp:featuredmedia":[{"embeddable":true,"href":"https:\/\/patagoniambiental.com.ar\/info\/wp-json\/wp\/v2\/media\/37993"}],"wp:attachment":[{"href":"https:\/\/patagoniambiental.com.ar\/info\/wp-json\/wp\/v2\/media?parent=37992"}],"wp:term":[{"taxonomy":"category","embeddable":true,"href":"https:\/\/patagoniambiental.com.ar\/info\/wp-json\/wp\/v2\/categories?post=37992"},{"taxonomy":"post_tag","embeddable":true,"href":"https:\/\/patagoniambiental.com.ar\/info\/wp-json\/wp\/v2\/tags?post=37992"}],"curies":[{"name":"wp","href":"https:\/\/api.w.org\/{rel}","templated":true}]}}