{"id":38006,"date":"2017-11-12T19:00:44","date_gmt":"2017-11-12T22:00:44","guid":{"rendered":"http:\/\/patagoniambiental.com.ar\/info\/?p=38006"},"modified":"2017-11-10T13:31:49","modified_gmt":"2017-11-10T16:31:49","slug":"se-preven-fenomenos-extremos-en-el-planeta-por-el-aumento-de-la-temperatura","status":"publish","type":"post","link":"https:\/\/patagoniambiental.com.ar\/info\/se-preven-fenomenos-extremos-en-el-planeta-por-el-aumento-de-la-temperatura\/","title":{"rendered":"Se prev\u00e9n fen\u00f3menos extremos en el planeta por el aumento de la temperatura"},"content":{"rendered":"<div class=\"b-article__header-title m-static\">\n<p>Mosc\u00fa.-Seg\u00fan la Organizaci\u00f3n Meteorol\u00f3gica Mundial, 2017 ser\u00e1 uno de los a\u00f1os m\u00e1s calurosos de la historia. Este se suma a 2015 y 2016 como los de mayores temperaturas desde que se tiene registro.<\/p>\n<p><!--more--><\/p>\n<p>Cient\u00edficos se\u00f1alan que si la tendencia no se revierte, cada vez ser\u00e1n m\u00e1s frecuentes los fen\u00f3menos extremos: huracanes, inundaciones, olas de calor y sequ\u00edas.<\/p>\n<\/div>\n<p>El informe de la\u00a0<a href=\"https:\/\/www.wmo.int\/pages\/index_es.html\" target=\"_blank\" rel=\"nofollow noopener\">Organizaci\u00f3n<\/a>\u00a0Meteorol\u00f3gica Mundial fue presentado en la cumbre de la ONU sobre cambio clim\u00e1tico (la COP23) llevada a cabo en estos d\u00edas en la ciudad de Bonn, Alemania. Seg\u00fan el estudio, de enero a setiembre de 2017 \u00abse registr\u00f3 una temperatura media global de aproximadamente 1,1 grado cent\u00edgrado por encima de los niveles preindustriales\u00bb.<\/p>\n<div class=\"b-article__text\">\n<div class=\"b-inject m-inject-min\">\n<div class=\"b-inject__media\"><img fetchpriority=\"high\" decoding=\"async\" class=\"\" title=\"Contaminaci\u00f3n del aire\" src=\"https:\/\/cdnmundo1.img.sputniknews.com\/images\/105420\/28\/1054202828.jpg\" alt=\"Contaminaci\u00f3n del aire\" width=\"705\" height=\"375\" \/><\/div>\n<div class=\"b-inject__copy\">\u00a9 AP PHOTO\/ MARTIN MEISSNER<\/div>\n<div class=\"b-inject__content\"><a href=\"https:\/\/mundo.sputniknews.com\/ecologia\/201711011073634948-naciones-unidas-cambio-climatico\/\">Para 2030 solo se reducir\u00e1 un tercio las emisiones de gases invernadero<\/a><\/div>\n<\/div>\n<p>El texto tambi\u00e9n hace hincapi\u00e9 en los efectos devastadores de este aumento de temperatura. Este a\u00f1o ha sido impactante en cuanto a la ocurrencia de huracanes, inundaciones, olas de calor y sequ\u00edas. Mientras los pa\u00edses no tomen medidas para revertir el calentamiento global, los fen\u00f3menos suceder\u00e1n cada vez con mayor crudeza.Para entender este proceso, entrevistamos a Carolina Vera, doctora en Ciencias de la Atm\u00f3sfera por la Universidad de Buenos Aires, integrante del Panel Intergubernamental sobre Cambio Clim\u00e1tico.<\/p>\n<p class=\"marker-quote1\">\u00abEste ha sido un a\u00f1o con una actividad de ciclones tropicales inusualmente alta. Si fuera solo ese resultado uno no podr\u00eda atribuirlo al calentamiento global, pero el \u00faltimo informe del IPCC (el Grupo Intergubernamental de Expertos sobre el Cambio Clim\u00e1tico) ya empieza a mostrar evidencia significativa de que el calentamiento global est\u00e1 asociado a estos fen\u00f3menos\u00bb, explic\u00f3 Carolina Vera.<\/p>\n<p>Fuente: Agencia Sputnik<\/p>\n<\/div>\n","protected":false},"excerpt":{"rendered":"<p>Mosc\u00fa.-Seg\u00fan la Organizaci\u00f3n Meteorol\u00f3gica Mundial, 2017 ser\u00e1 uno de los a\u00f1os m\u00e1s calurosos de la historia. Este se suma a [&hellip;]<\/p>\n","protected":false},"author":2,"featured_media":38007,"comment_status":"open","ping_status":"open","sticky":false,"template":"","format":"standard","meta":{"site-sidebar-layout":"default","site-content-layout":"","ast-site-content-layout":"default","site-content-style":"default","site-sidebar-style":"default","ast-global-header-display":"","ast-banner-title-visibility":"","ast-main-header-display":"","ast-hfb-above-header-display":"","ast-hfb-below-header-display":"","ast-hfb-mobile-header-display":"","site-post-title":"","ast-breadcrumbs-content":"","ast-featured-img":"","footer-sml-layout":"","ast-disable-related-posts":"","theme-transparent-header-meta":"","adv-header-id-meta":"","stick-header-meta":"","header-above-stick-meta":"","header-main-stick-meta":"","header-below-stick-meta":"","astra-migrate-meta-layouts":"default","ast-page-background-enabled":"default","ast-page-background-meta":{"desktop":{"background-color":"var(--ast-global-color-5)","background-image":"","background-repeat":"repeat","background-position":"center center","background-size":"auto","background-attachment":"scroll","background-type":"","background-media":"","overlay-type":"","overlay-color":"","overlay-opacity":"","overlay-gradient":""},"tablet":{"background-color":"","background-image":"","background-repeat":"repeat","background-position":"center center","background-size":"auto","background-attachment":"scroll","background-type":"","background-media":"","overlay-type":"","overlay-color":"","overlay-opacity":"","overlay-gradient":""},"mobile":{"background-color":"","background-image":"","background-repeat":"repeat","background-position":"center center","background-size":"auto","background-attachment":"scroll","background-type":"","background-media":"","overlay-type":"","overlay-color":"","overlay-opacity":"","overlay-gradient":""}},"ast-content-background-meta":{"desktop":{"background-color":"var(--ast-global-color-4)","background-image":"","background-repeat":"repeat","background-position":"center center","background-size":"auto","background-attachment":"scroll","background-type":"","background-media":"","overlay-type":"","overlay-color":"","overlay-opacity":"","overlay-gradient":""},"tablet":{"background-color":"var(--ast-global-color-4)","background-image":"","background-repeat":"repeat","background-position":"center center","background-size":"auto","background-attachment":"scroll","background-type":"","background-media":"","overlay-type":"","overlay-color":"","overlay-opacity":"","overlay-gradient":""},"mobile":{"background-color":"var(--ast-global-color-4)","background-image":"","background-repeat":"repeat","background-position":"center center","background-size":"auto","background-attachment":"scroll","background-type":"","background-media":"","overlay-type":"","overlay-color":"","overlay-opacity":"","overlay-gradient":""}},"footnotes":""},"categories":[23,1],"tags":[],"class_list":["post-38006","post","type-post","status-publish","format-standard","has-post-thumbnail","hentry","category-internacionales","category-noticias"],"yoast_head":"<!-- This site is optimized with the Yoast SEO Premium plugin v23.0 (Yoast SEO v27.4) - https:\/\/yoast.com\/product\/yoast-seo-premium-wordpress\/ -->\n<title>Se prev\u00e9n fen\u00f3menos extremos en el planeta por el aumento de la temperatura<\/title>\n<meta name=\"robots\" content=\"index, follow, max-snippet:-1, max-image-preview:large, max-video-preview:-1\" \/>\n<link rel=\"canonical\" href=\"https:\/\/patagoniambiental.com.ar\/info\/se-preven-fenomenos-extremos-en-el-planeta-por-el-aumento-de-la-temperatura\/\" \/>\n<meta property=\"og:locale\" content=\"es_ES\" \/>\n<meta property=\"og:type\" content=\"article\" \/>\n<meta property=\"og:title\" content=\"Se prev\u00e9n fen\u00f3menos extremos en el planeta por el aumento de la temperatura\" \/>\n<meta property=\"og:description\" content=\"Mosc\u00fa.-Seg\u00fan la Organizaci\u00f3n Meteorol\u00f3gica Mundial, 2017 ser\u00e1 uno de los a\u00f1os m\u00e1s calurosos de la historia. Este se suma a [&hellip;]\" \/>\n<meta property=\"og:url\" content=\"https:\/\/patagoniambiental.com.ar\/info\/se-preven-fenomenos-extremos-en-el-planeta-por-el-aumento-de-la-temperatura\/\" \/>\n<meta property=\"og:site_name\" content=\"Patagonia Ambiental\" \/>\n<meta property=\"article:publisher\" content=\"https:\/\/www.facebook.com\/patagonia.ambiental\" \/>\n<meta property=\"article:author\" content=\"https:\/\/www.facebook.com\/share\/1C1V8Gv9BX\/?mibextid=qi2Omg\" \/>\n<meta property=\"article:published_time\" content=\"2017-11-12T22:00:44+00:00\" \/>\n<meta property=\"og:image\" content=\"https:\/\/patagoniambiental.com.ar\/info\/wp-content\/uploads\/2017\/11\/1054202828.jpg\" \/>\n\t<meta property=\"og:image:width\" content=\"705\" \/>\n\t<meta property=\"og:image:height\" content=\"375\" \/>\n\t<meta property=\"og:image:type\" content=\"image\/jpeg\" \/>\n<meta name=\"author\" content=\"Patagonia Ambiental\" \/>\n<meta name=\"twitter:card\" content=\"summary_large_image\" \/>\n<meta name=\"twitter:creator\" content=\"@PatAmb\" \/>\n<meta name=\"twitter:site\" content=\"@PatAmb\" \/>\n<script type=\"application\/ld+json\" class=\"yoast-schema-graph\">{\"@context\":\"https:\\\/\\\/schema.org\",\"@graph\":[{\"@type\":\"Article\",\"@id\":\"https:\\\/\\\/patagoniambiental.com.ar\\\/info\\\/se-preven-fenomenos-extremos-en-el-planeta-por-el-aumento-de-la-temperatura\\\/#article\",\"isPartOf\":{\"@id\":\"https:\\\/\\\/patagoniambiental.com.ar\\\/info\\\/se-preven-fenomenos-extremos-en-el-planeta-por-el-aumento-de-la-temperatura\\\/\"},\"author\":{\"name\":\"Patagonia Ambiental\",\"@id\":\"https:\\\/\\\/patagoniambiental.com.ar\\\/info\\\/#\\\/schema\\\/person\\\/db12bff64bbcbf6a253710bf0ea37b5d\"},\"headline\":\"Se prev\u00e9n fen\u00f3menos extremos en el planeta por el aumento de la temperatura\",\"datePublished\":\"2017-11-12T22:00:44+00:00\",\"mainEntityOfPage\":{\"@id\":\"https:\\\/\\\/patagoniambiental.com.ar\\\/info\\\/se-preven-fenomenos-extremos-en-el-planeta-por-el-aumento-de-la-temperatura\\\/\"},\"wordCount\":310,\"commentCount\":0,\"publisher\":{\"@id\":\"https:\\\/\\\/patagoniambiental.com.ar\\\/info\\\/#organization\"},\"image\":{\"@id\":\"https:\\\/\\\/patagoniambiental.com.ar\\\/info\\\/se-preven-fenomenos-extremos-en-el-planeta-por-el-aumento-de-la-temperatura\\\/#primaryimage\"},\"thumbnailUrl\":\"https:\\\/\\\/patagoniambiental.com.ar\\\/info\\\/wp-content\\\/uploads\\\/2017\\\/11\\\/1054202828.jpg\",\"articleSection\":[\"Internacionales\",\"Noticias\"],\"inLanguage\":\"es\",\"potentialAction\":[{\"@type\":\"CommentAction\",\"name\":\"Comment\",\"target\":[\"https:\\\/\\\/patagoniambiental.com.ar\\\/info\\\/se-preven-fenomenos-extremos-en-el-planeta-por-el-aumento-de-la-temperatura\\\/#respond\"]}]},{\"@type\":\"WebPage\",\"@id\":\"https:\\\/\\\/patagoniambiental.com.ar\\\/info\\\/se-preven-fenomenos-extremos-en-el-planeta-por-el-aumento-de-la-temperatura\\\/\",\"url\":\"https:\\\/\\\/patagoniambiental.com.ar\\\/info\\\/se-preven-fenomenos-extremos-en-el-planeta-por-el-aumento-de-la-temperatura\\\/\",\"name\":\"Se prev\u00e9n fen\u00f3menos extremos en el planeta por el aumento de la temperatura\",\"isPartOf\":{\"@id\":\"https:\\\/\\\/patagoniambiental.com.ar\\\/info\\\/#website\"},\"primaryImageOfPage\":{\"@id\":\"https:\\\/\\\/patagoniambiental.com.ar\\\/info\\\/se-preven-fenomenos-extremos-en-el-planeta-por-el-aumento-de-la-temperatura\\\/#primaryimage\"},\"image\":{\"@id\":\"https:\\\/\\\/patagoniambiental.com.ar\\\/info\\\/se-preven-fenomenos-extremos-en-el-planeta-por-el-aumento-de-la-temperatura\\\/#primaryimage\"},\"thumbnailUrl\":\"https:\\\/\\\/patagoniambiental.com.ar\\\/info\\\/wp-content\\\/uploads\\\/2017\\\/11\\\/1054202828.jpg\",\"datePublished\":\"2017-11-12T22:00:44+00:00\",\"breadcrumb\":{\"@id\":\"https:\\\/\\\/patagoniambiental.com.ar\\\/info\\\/se-preven-fenomenos-extremos-en-el-planeta-por-el-aumento-de-la-temperatura\\\/#breadcrumb\"},\"inLanguage\":\"es\",\"potentialAction\":[{\"@type\":\"ReadAction\",\"target\":[\"https:\\\/\\\/patagoniambiental.com.ar\\\/info\\\/se-preven-fenomenos-extremos-en-el-planeta-por-el-aumento-de-la-temperatura\\\/\"]}]},{\"@type\":\"ImageObject\",\"inLanguage\":\"es\",\"@id\":\"https:\\\/\\\/patagoniambiental.com.ar\\\/info\\\/se-preven-fenomenos-extremos-en-el-planeta-por-el-aumento-de-la-temperatura\\\/#primaryimage\",\"url\":\"https:\\\/\\\/patagoniambiental.com.ar\\\/info\\\/wp-content\\\/uploads\\\/2017\\\/11\\\/1054202828.jpg\",\"contentUrl\":\"https:\\\/\\\/patagoniambiental.com.ar\\\/info\\\/wp-content\\\/uploads\\\/2017\\\/11\\\/1054202828.jpg\",\"width\":705,\"height\":375},{\"@type\":\"BreadcrumbList\",\"@id\":\"https:\\\/\\\/patagoniambiental.com.ar\\\/info\\\/se-preven-fenomenos-extremos-en-el-planeta-por-el-aumento-de-la-temperatura\\\/#breadcrumb\",\"itemListElement\":[{\"@type\":\"ListItem\",\"position\":1,\"name\":\"Inicio\",\"item\":\"https:\\\/\\\/patagoniambiental.com.ar\\\/info\\\/\"},{\"@type\":\"ListItem\",\"position\":2,\"name\":\"Se prev\u00e9n fen\u00f3menos extremos en el planeta por el aumento de la temperatura\"}]},{\"@type\":\"WebSite\",\"@id\":\"https:\\\/\\\/patagoniambiental.com.ar\\\/info\\\/#website\",\"url\":\"https:\\\/\\\/patagoniambiental.com.ar\\\/info\\\/\",\"name\":\"Patagonia Ambiental\",\"description\":\"Monitoreo y an\u00e1lisis de la situaci\u00f3n geopol\u00edtica en el mundo y su implicancia en la Patagonia\",\"publisher\":{\"@id\":\"https:\\\/\\\/patagoniambiental.com.ar\\\/info\\\/#organization\"},\"potentialAction\":[{\"@type\":\"SearchAction\",\"target\":{\"@type\":\"EntryPoint\",\"urlTemplate\":\"https:\\\/\\\/patagoniambiental.com.ar\\\/info\\\/?s={search_term_string}\"},\"query-input\":{\"@type\":\"PropertyValueSpecification\",\"valueRequired\":true,\"valueName\":\"search_term_string\"}}],\"inLanguage\":\"es\"},{\"@type\":\"Organization\",\"@id\":\"https:\\\/\\\/patagoniambiental.com.ar\\\/info\\\/#organization\",\"name\":\"Patagonia Ambiental\",\"url\":\"https:\\\/\\\/patagoniambiental.com.ar\\\/info\\\/\",\"logo\":{\"@type\":\"ImageObject\",\"inLanguage\":\"es\",\"@id\":\"https:\\\/\\\/patagoniambiental.com.ar\\\/info\\\/#\\\/schema\\\/logo\\\/image\\\/\",\"url\":\"https:\\\/\\\/patagoniambiental.com.ar\\\/info\\\/wp-content\\\/uploads\\\/2025\\\/05\\\/LOGO-PATAGONIA-AMBIENTAL.png\",\"contentUrl\":\"https:\\\/\\\/patagoniambiental.com.ar\\\/info\\\/wp-content\\\/uploads\\\/2025\\\/05\\\/LOGO-PATAGONIA-AMBIENTAL.png\",\"width\":433,\"height\":250,\"caption\":\"Patagonia Ambiental\"},\"image\":{\"@id\":\"https:\\\/\\\/patagoniambiental.com.ar\\\/info\\\/#\\\/schema\\\/logo\\\/image\\\/\"},\"sameAs\":[\"https:\\\/\\\/www.facebook.com\\\/patagonia.ambiental\",\"https:\\\/\\\/x.com\\\/PatAmb\"]},{\"@type\":\"Person\",\"@id\":\"https:\\\/\\\/patagoniambiental.com.ar\\\/info\\\/#\\\/schema\\\/person\\\/db12bff64bbcbf6a253710bf0ea37b5d\",\"name\":\"Patagonia Ambiental\",\"description\":\"Andr\u00e9s Nievas T\u00e9cnico en manejo ambiental, consultor Ambiental y escritor para medios locales e internacionales sobre temas de geopolitica y medio ambiente.\",\"sameAs\":[\"http:\\\/\\\/www.patagoniambiental.com.ar\",\"https:\\\/\\\/www.facebook.com\\\/share\\\/1C1V8Gv9BX\\\/?mibextid=qi2Omg\",\"@patagoniambiental\",\"https:\\\/\\\/youtube.com\\\/@patagoniaambiental2023?si=BLt58t0wuXquxlYZ\"]}]}<\/script>\n<!-- \/ Yoast SEO Premium plugin. -->","yoast_head_json":{"title":"Se prev\u00e9n fen\u00f3menos extremos en el planeta por el aumento de la temperatura","robots":{"index":"index","follow":"follow","max-snippet":"max-snippet:-1","max-image-preview":"max-image-preview:large","max-video-preview":"max-video-preview:-1"},"canonical":"https:\/\/patagoniambiental.com.ar\/info\/se-preven-fenomenos-extremos-en-el-planeta-por-el-aumento-de-la-temperatura\/","og_locale":"es_ES","og_type":"article","og_title":"Se prev\u00e9n fen\u00f3menos extremos en el planeta por el aumento de la temperatura","og_description":"Mosc\u00fa.-Seg\u00fan la Organizaci\u00f3n Meteorol\u00f3gica Mundial, 2017 ser\u00e1 uno de los a\u00f1os m\u00e1s calurosos de la historia. Este se suma a [&hellip;]","og_url":"https:\/\/patagoniambiental.com.ar\/info\/se-preven-fenomenos-extremos-en-el-planeta-por-el-aumento-de-la-temperatura\/","og_site_name":"Patagonia Ambiental","article_publisher":"https:\/\/www.facebook.com\/patagonia.ambiental","article_author":"https:\/\/www.facebook.com\/share\/1C1V8Gv9BX\/?mibextid=qi2Omg","article_published_time":"2017-11-12T22:00:44+00:00","og_image":[{"width":705,"height":375,"url":"https:\/\/patagoniambiental.com.ar\/info\/wp-content\/uploads\/2017\/11\/1054202828.jpg","type":"image\/jpeg"}],"author":"Patagonia Ambiental","twitter_card":"summary_large_image","twitter_creator":"@PatAmb","twitter_site":"@PatAmb","schema":{"@context":"https:\/\/schema.org","@graph":[{"@type":"Article","@id":"https:\/\/patagoniambiental.com.ar\/info\/se-preven-fenomenos-extremos-en-el-planeta-por-el-aumento-de-la-temperatura\/#article","isPartOf":{"@id":"https:\/\/patagoniambiental.com.ar\/info\/se-preven-fenomenos-extremos-en-el-planeta-por-el-aumento-de-la-temperatura\/"},"author":{"name":"Patagonia Ambiental","@id":"https:\/\/patagoniambiental.com.ar\/info\/#\/schema\/person\/db12bff64bbcbf6a253710bf0ea37b5d"},"headline":"Se prev\u00e9n fen\u00f3menos extremos en el planeta por el aumento de la temperatura","datePublished":"2017-11-12T22:00:44+00:00","mainEntityOfPage":{"@id":"https:\/\/patagoniambiental.com.ar\/info\/se-preven-fenomenos-extremos-en-el-planeta-por-el-aumento-de-la-temperatura\/"},"wordCount":310,"commentCount":0,"publisher":{"@id":"https:\/\/patagoniambiental.com.ar\/info\/#organization"},"image":{"@id":"https:\/\/patagoniambiental.com.ar\/info\/se-preven-fenomenos-extremos-en-el-planeta-por-el-aumento-de-la-temperatura\/#primaryimage"},"thumbnailUrl":"https:\/\/patagoniambiental.com.ar\/info\/wp-content\/uploads\/2017\/11\/1054202828.jpg","articleSection":["Internacionales","Noticias"],"inLanguage":"es","potentialAction":[{"@type":"CommentAction","name":"Comment","target":["https:\/\/patagoniambiental.com.ar\/info\/se-preven-fenomenos-extremos-en-el-planeta-por-el-aumento-de-la-temperatura\/#respond"]}]},{"@type":"WebPage","@id":"https:\/\/patagoniambiental.com.ar\/info\/se-preven-fenomenos-extremos-en-el-planeta-por-el-aumento-de-la-temperatura\/","url":"https:\/\/patagoniambiental.com.ar\/info\/se-preven-fenomenos-extremos-en-el-planeta-por-el-aumento-de-la-temperatura\/","name":"Se prev\u00e9n fen\u00f3menos extremos en el planeta por el aumento de la temperatura","isPartOf":{"@id":"https:\/\/patagoniambiental.com.ar\/info\/#website"},"primaryImageOfPage":{"@id":"https:\/\/patagoniambiental.com.ar\/info\/se-preven-fenomenos-extremos-en-el-planeta-por-el-aumento-de-la-temperatura\/#primaryimage"},"image":{"@id":"https:\/\/patagoniambiental.com.ar\/info\/se-preven-fenomenos-extremos-en-el-planeta-por-el-aumento-de-la-temperatura\/#primaryimage"},"thumbnailUrl":"https:\/\/patagoniambiental.com.ar\/info\/wp-content\/uploads\/2017\/11\/1054202828.jpg","datePublished":"2017-11-12T22:00:44+00:00","breadcrumb":{"@id":"https:\/\/patagoniambiental.com.ar\/info\/se-preven-fenomenos-extremos-en-el-planeta-por-el-aumento-de-la-temperatura\/#breadcrumb"},"inLanguage":"es","potentialAction":[{"@type":"ReadAction","target":["https:\/\/patagoniambiental.com.ar\/info\/se-preven-fenomenos-extremos-en-el-planeta-por-el-aumento-de-la-temperatura\/"]}]},{"@type":"ImageObject","inLanguage":"es","@id":"https:\/\/patagoniambiental.com.ar\/info\/se-preven-fenomenos-extremos-en-el-planeta-por-el-aumento-de-la-temperatura\/#primaryimage","url":"https:\/\/patagoniambiental.com.ar\/info\/wp-content\/uploads\/2017\/11\/1054202828.jpg","contentUrl":"https:\/\/patagoniambiental.com.ar\/info\/wp-content\/uploads\/2017\/11\/1054202828.jpg","width":705,"height":375},{"@type":"BreadcrumbList","@id":"https:\/\/patagoniambiental.com.ar\/info\/se-preven-fenomenos-extremos-en-el-planeta-por-el-aumento-de-la-temperatura\/#breadcrumb","itemListElement":[{"@type":"ListItem","position":1,"name":"Inicio","item":"https:\/\/patagoniambiental.com.ar\/info\/"},{"@type":"ListItem","position":2,"name":"Se prev\u00e9n fen\u00f3menos extremos en el planeta por el aumento de la temperatura"}]},{"@type":"WebSite","@id":"https:\/\/patagoniambiental.com.ar\/info\/#website","url":"https:\/\/patagoniambiental.com.ar\/info\/","name":"Patagonia Ambiental","description":"Monitoreo y an\u00e1lisis de la situaci\u00f3n geopol\u00edtica en el mundo y su implicancia en la Patagonia","publisher":{"@id":"https:\/\/patagoniambiental.com.ar\/info\/#organization"},"potentialAction":[{"@type":"SearchAction","target":{"@type":"EntryPoint","urlTemplate":"https:\/\/patagoniambiental.com.ar\/info\/?s={search_term_string}"},"query-input":{"@type":"PropertyValueSpecification","valueRequired":true,"valueName":"search_term_string"}}],"inLanguage":"es"},{"@type":"Organization","@id":"https:\/\/patagoniambiental.com.ar\/info\/#organization","name":"Patagonia Ambiental","url":"https:\/\/patagoniambiental.com.ar\/info\/","logo":{"@type":"ImageObject","inLanguage":"es","@id":"https:\/\/patagoniambiental.com.ar\/info\/#\/schema\/logo\/image\/","url":"https:\/\/patagoniambiental.com.ar\/info\/wp-content\/uploads\/2025\/05\/LOGO-PATAGONIA-AMBIENTAL.png","contentUrl":"https:\/\/patagoniambiental.com.ar\/info\/wp-content\/uploads\/2025\/05\/LOGO-PATAGONIA-AMBIENTAL.png","width":433,"height":250,"caption":"Patagonia Ambiental"},"image":{"@id":"https:\/\/patagoniambiental.com.ar\/info\/#\/schema\/logo\/image\/"},"sameAs":["https:\/\/www.facebook.com\/patagonia.ambiental","https:\/\/x.com\/PatAmb"]},{"@type":"Person","@id":"https:\/\/patagoniambiental.com.ar\/info\/#\/schema\/person\/db12bff64bbcbf6a253710bf0ea37b5d","name":"Patagonia Ambiental","description":"Andr\u00e9s Nievas T\u00e9cnico en manejo ambiental, consultor Ambiental y escritor para medios locales e internacionales sobre temas de geopolitica y medio ambiente.","sameAs":["http:\/\/www.patagoniambiental.com.ar","https:\/\/www.facebook.com\/share\/1C1V8Gv9BX\/?mibextid=qi2Omg","@patagoniambiental","https:\/\/youtube.com\/@patagoniaambiental2023?si=BLt58t0wuXquxlYZ"]}]}},"_links":{"self":[{"href":"https:\/\/patagoniambiental.com.ar\/info\/wp-json\/wp\/v2\/posts\/38006","targetHints":{"allow":["GET"]}}],"collection":[{"href":"https:\/\/patagoniambiental.com.ar\/info\/wp-json\/wp\/v2\/posts"}],"about":[{"href":"https:\/\/patagoniambiental.com.ar\/info\/wp-json\/wp\/v2\/types\/post"}],"author":[{"embeddable":true,"href":"https:\/\/patagoniambiental.com.ar\/info\/wp-json\/wp\/v2\/users\/2"}],"replies":[{"embeddable":true,"href":"https:\/\/patagoniambiental.com.ar\/info\/wp-json\/wp\/v2\/comments?post=38006"}],"version-history":[{"count":0,"href":"https:\/\/patagoniambiental.com.ar\/info\/wp-json\/wp\/v2\/posts\/38006\/revisions"}],"wp:featuredmedia":[{"embeddable":true,"href":"https:\/\/patagoniambiental.com.ar\/info\/wp-json\/wp\/v2\/media\/38007"}],"wp:attachment":[{"href":"https:\/\/patagoniambiental.com.ar\/info\/wp-json\/wp\/v2\/media?parent=38006"}],"wp:term":[{"taxonomy":"category","embeddable":true,"href":"https:\/\/patagoniambiental.com.ar\/info\/wp-json\/wp\/v2\/categories?post=38006"},{"taxonomy":"post_tag","embeddable":true,"href":"https:\/\/patagoniambiental.com.ar\/info\/wp-json\/wp\/v2\/tags?post=38006"}],"curies":[{"name":"wp","href":"https:\/\/api.w.org\/{rel}","templated":true}]}}