{"id":38042,"date":"2017-11-12T19:00:25","date_gmt":"2017-11-12T22:00:25","guid":{"rendered":"http:\/\/patagoniambiental.com.ar\/info\/?p=38042"},"modified":"2017-11-10T17:49:36","modified_gmt":"2017-11-10T20:49:36","slug":"coordinan-acciones-en-pasos-fronterizos-por-la-visita-del-papa-a-chile","status":"publish","type":"post","link":"https:\/\/patagoniambiental.com.ar\/info\/coordinan-acciones-en-pasos-fronterizos-por-la-visita-del-papa-a-chile\/","title":{"rendered":"Coordinan acciones en pasos fronterizos por la visita del Papa a Chile"},"content":{"rendered":"<p style=\"font-weight: 400;\"><em>Temuco.-La subsecretar\u00eda de Turismo organiz\u00f3 una\u00a0<\/em><em>primera\u00a0<\/em><em>reuni\u00f3n con\u00a0<\/em><em>funcionarios relacionados con\u00a0<\/em><em>el flujo operativo de los pasos fronterizos<\/em><em>\u00a0ante\u00a0<\/em><em>la visita del Papa Francisco en enero a la ciudad chilena de Temuco.<\/em><\/p>\n<p><!--more--><\/p>\n<p style=\"font-weight: 400;\">El 17 de enero de 2018, el Papa Francisco, m\u00e1ximo exponente de la religi\u00f3n cat\u00f3lica, realizar\u00e1 una visita a la ciudad chilena de Temuco. Por este motivo, desde la subsecretar\u00eda de Turismo se convoc\u00f3 a una primera reuni\u00f3n con funcionarios relacionados con el flujo operativo de los pasos fronterizos, que se realiz\u00f3 en instalaciones del ministerio de Producci\u00f3n y Turismo.<\/p>\n<p style=\"font-weight: 400;\">El objetivo del encuentro es establecer las acciones necesarias para facilitar el traslado de miles de fieles que tendr\u00e1n la oportunidad de acercarse al sumo pont\u00edfice, en un evento de importancia global; dado que la localidad de Temuco se encuentra a muy pocos kil\u00f3metros de la frontera que comparte la provincia de Neuqu\u00e9n con el vecino pa\u00eds.<\/p>\n<p style=\"font-weight: 400;\">En este sentido, el subsecretario de Turismo, Andr\u00e9s M\u00e9ndez, detall\u00f3 que \u201cse prev\u00e9 que durante la visita del Papa Francisco el flujo en los pasos fronterizos neuquinos sea de 250 mil personas\u201d y\u00a0explic\u00f3 que \u201cla idea es poder alcanzar acuerdos comunes, y desde nuestra \u00e1rea hacer lo posible para facilitar informaci\u00f3n adecuada a los turistas, y por correlaci\u00f3n, colaborar as\u00ed con el personal de las dem\u00e1s instituciones abocadas en el trabajo de frontera\u201d.<\/p>\n<p style=\"font-weight: 400;\">La provincia del Neuqu\u00e9n cuenta en la actualidad con siete pasos fronterizos distribuidos de norte a sur. Los dos m\u00e1s pr\u00f3ximos a la ciudad de Temuco en Chile son El Paso Internacional Pino Hachado, accediendo a \u00e9l desde Las Lajas, ubicada a 59 kil\u00f3metros de la Aduana Argentina; y el Paso Internacional Icalma, cuya localidad m\u00e1s cercana es Villa Pehuenia.<\/p>\n<p style=\"font-weight: 400;\">Estuvieron presentes, el administrador de Aduana de Neuqu\u00e9n, Diego Figueroa; el jefe de Secci\u00f3n Operacional de Aduana de Neuqu\u00e9n, Facundo Figueroa; el superintendente de Seguridad, Comisario General Jos\u00e9 Miguel Cuadrado; el Oficial Principal, Rodrigo Bast\u00eda; y en representaci\u00f3n de Gendarmer\u00eda Nacional, el comandante N\u00e9stor Escobar.<\/p>\n<p style=\"font-weight: 400;\">Fuente: Neuquen Informa<\/p>\n","protected":false},"excerpt":{"rendered":"<p>Temuco.-La subsecretar\u00eda de Turismo organiz\u00f3 una\u00a0primera\u00a0reuni\u00f3n con\u00a0funcionarios relacionados con\u00a0el flujo operativo de los pasos fronterizos\u00a0ante\u00a0la visita del Papa Francisco en [&hellip;]<\/p>\n","protected":false},"author":2,"featured_media":0,"comment_status":"open","ping_status":"open","sticky":false,"template":"","format":"standard","meta":{"site-sidebar-layout":"default","site-content-layout":"","ast-site-content-layout":"default","site-content-style":"default","site-sidebar-style":"default","ast-global-header-display":"","ast-banner-title-visibility":"","ast-main-header-display":"","ast-hfb-above-header-display":"","ast-hfb-below-header-display":"","ast-hfb-mobile-header-display":"","site-post-title":"","ast-breadcrumbs-content":"","ast-featured-img":"","footer-sml-layout":"","ast-disable-related-posts":"","theme-transparent-header-meta":"","adv-header-id-meta":"","stick-header-meta":"","header-above-stick-meta":"","header-main-stick-meta":"","header-below-stick-meta":"","astra-migrate-meta-layouts":"default","ast-page-background-enabled":"default","ast-page-background-meta":{"desktop":{"background-color":"var(--ast-global-color-5)","background-image":"","background-repeat":"repeat","background-position":"center center","background-size":"auto","background-attachment":"scroll","background-type":"","background-media":"","overlay-type":"","overlay-color":"","overlay-opacity":"","overlay-gradient":""},"tablet":{"background-color":"","background-image":"","background-repeat":"repeat","background-position":"center center","background-size":"auto","background-attachment":"scroll","background-type":"","background-media":"","overlay-type":"","overlay-color":"","overlay-opacity":"","overlay-gradient":""},"mobile":{"background-color":"","background-image":"","background-repeat":"repeat","background-position":"center center","background-size":"auto","background-attachment":"scroll","background-type":"","background-media":"","overlay-type":"","overlay-color":"","overlay-opacity":"","overlay-gradient":""}},"ast-content-background-meta":{"desktop":{"background-color":"var(--ast-global-color-4)","background-image":"","background-repeat":"repeat","background-position":"center center","background-size":"auto","background-attachment":"scroll","background-type":"","background-media":"","overlay-type":"","overlay-color":"","overlay-opacity":"","overlay-gradient":""},"tablet":{"background-color":"var(--ast-global-color-4)","background-image":"","background-repeat":"repeat","background-position":"center center","background-size":"auto","background-attachment":"scroll","background-type":"","background-media":"","overlay-type":"","overlay-color":"","overlay-opacity":"","overlay-gradient":""},"mobile":{"background-color":"var(--ast-global-color-4)","background-image":"","background-repeat":"repeat","background-position":"center center","background-size":"auto","background-attachment":"scroll","background-type":"","background-media":"","overlay-type":"","overlay-color":"","overlay-opacity":"","overlay-gradient":""}},"footnotes":""},"categories":[23,1],"tags":[],"class_list":["post-38042","post","type-post","status-publish","format-standard","hentry","category-internacionales","category-noticias"],"yoast_head":"<!-- This site is optimized with the Yoast SEO Premium plugin v23.0 (Yoast SEO v27.4) - https:\/\/yoast.com\/product\/yoast-seo-premium-wordpress\/ -->\n<title>Coordinan acciones en pasos fronterizos por la visita del Papa a Chile<\/title>\n<meta name=\"robots\" content=\"index, follow, max-snippet:-1, max-image-preview:large, max-video-preview:-1\" \/>\n<link rel=\"canonical\" href=\"https:\/\/patagoniambiental.com.ar\/info\/coordinan-acciones-en-pasos-fronterizos-por-la-visita-del-papa-a-chile\/\" \/>\n<meta property=\"og:locale\" content=\"es_ES\" \/>\n<meta property=\"og:type\" content=\"article\" \/>\n<meta property=\"og:title\" content=\"Coordinan acciones en pasos fronterizos por la visita del Papa a Chile\" \/>\n<meta property=\"og:description\" content=\"Temuco.-La subsecretar\u00eda de Turismo organiz\u00f3 una\u00a0primera\u00a0reuni\u00f3n con\u00a0funcionarios relacionados con\u00a0el flujo operativo de los pasos fronterizos\u00a0ante\u00a0la visita del Papa Francisco en [&hellip;]\" \/>\n<meta property=\"og:url\" content=\"https:\/\/patagoniambiental.com.ar\/info\/coordinan-acciones-en-pasos-fronterizos-por-la-visita-del-papa-a-chile\/\" \/>\n<meta property=\"og:site_name\" content=\"Patagonia Ambiental\" \/>\n<meta property=\"article:publisher\" content=\"https:\/\/www.facebook.com\/patagonia.ambiental\" \/>\n<meta property=\"article:author\" content=\"https:\/\/www.facebook.com\/share\/1C1V8Gv9BX\/?mibextid=qi2Omg\" \/>\n<meta property=\"article:published_time\" content=\"2017-11-12T22:00:25+00:00\" \/>\n<meta name=\"author\" content=\"Patagonia Ambiental\" \/>\n<meta name=\"twitter:card\" content=\"summary_large_image\" \/>\n<meta name=\"twitter:creator\" content=\"@PatAmb\" \/>\n<meta name=\"twitter:site\" content=\"@PatAmb\" \/>\n<script type=\"application\/ld+json\" class=\"yoast-schema-graph\">{\"@context\":\"https:\\\/\\\/schema.org\",\"@graph\":[{\"@type\":\"Article\",\"@id\":\"https:\\\/\\\/patagoniambiental.com.ar\\\/info\\\/coordinan-acciones-en-pasos-fronterizos-por-la-visita-del-papa-a-chile\\\/#article\",\"isPartOf\":{\"@id\":\"https:\\\/\\\/patagoniambiental.com.ar\\\/info\\\/coordinan-acciones-en-pasos-fronterizos-por-la-visita-del-papa-a-chile\\\/\"},\"author\":{\"name\":\"Patagonia Ambiental\",\"@id\":\"https:\\\/\\\/patagoniambiental.com.ar\\\/info\\\/#\\\/schema\\\/person\\\/db12bff64bbcbf6a253710bf0ea37b5d\"},\"headline\":\"Coordinan acciones en pasos fronterizos por la visita del Papa a Chile\",\"datePublished\":\"2017-11-12T22:00:25+00:00\",\"mainEntityOfPage\":{\"@id\":\"https:\\\/\\\/patagoniambiental.com.ar\\\/info\\\/coordinan-acciones-en-pasos-fronterizos-por-la-visita-del-papa-a-chile\\\/\"},\"wordCount\":371,\"commentCount\":0,\"publisher\":{\"@id\":\"https:\\\/\\\/patagoniambiental.com.ar\\\/info\\\/#organization\"},\"articleSection\":[\"Internacionales\",\"Noticias\"],\"inLanguage\":\"es\",\"potentialAction\":[{\"@type\":\"CommentAction\",\"name\":\"Comment\",\"target\":[\"https:\\\/\\\/patagoniambiental.com.ar\\\/info\\\/coordinan-acciones-en-pasos-fronterizos-por-la-visita-del-papa-a-chile\\\/#respond\"]}]},{\"@type\":\"WebPage\",\"@id\":\"https:\\\/\\\/patagoniambiental.com.ar\\\/info\\\/coordinan-acciones-en-pasos-fronterizos-por-la-visita-del-papa-a-chile\\\/\",\"url\":\"https:\\\/\\\/patagoniambiental.com.ar\\\/info\\\/coordinan-acciones-en-pasos-fronterizos-por-la-visita-del-papa-a-chile\\\/\",\"name\":\"Coordinan acciones en pasos fronterizos por la visita del Papa a Chile\",\"isPartOf\":{\"@id\":\"https:\\\/\\\/patagoniambiental.com.ar\\\/info\\\/#website\"},\"datePublished\":\"2017-11-12T22:00:25+00:00\",\"breadcrumb\":{\"@id\":\"https:\\\/\\\/patagoniambiental.com.ar\\\/info\\\/coordinan-acciones-en-pasos-fronterizos-por-la-visita-del-papa-a-chile\\\/#breadcrumb\"},\"inLanguage\":\"es\",\"potentialAction\":[{\"@type\":\"ReadAction\",\"target\":[\"https:\\\/\\\/patagoniambiental.com.ar\\\/info\\\/coordinan-acciones-en-pasos-fronterizos-por-la-visita-del-papa-a-chile\\\/\"]}]},{\"@type\":\"BreadcrumbList\",\"@id\":\"https:\\\/\\\/patagoniambiental.com.ar\\\/info\\\/coordinan-acciones-en-pasos-fronterizos-por-la-visita-del-papa-a-chile\\\/#breadcrumb\",\"itemListElement\":[{\"@type\":\"ListItem\",\"position\":1,\"name\":\"Inicio\",\"item\":\"https:\\\/\\\/patagoniambiental.com.ar\\\/info\\\/\"},{\"@type\":\"ListItem\",\"position\":2,\"name\":\"Coordinan acciones en pasos fronterizos por la visita del Papa a Chile\"}]},{\"@type\":\"WebSite\",\"@id\":\"https:\\\/\\\/patagoniambiental.com.ar\\\/info\\\/#website\",\"url\":\"https:\\\/\\\/patagoniambiental.com.ar\\\/info\\\/\",\"name\":\"Patagonia Ambiental\",\"description\":\"Monitoreo y an\u00e1lisis de la situaci\u00f3n geopol\u00edtica en el mundo y su implicancia en la Patagonia\",\"publisher\":{\"@id\":\"https:\\\/\\\/patagoniambiental.com.ar\\\/info\\\/#organization\"},\"potentialAction\":[{\"@type\":\"SearchAction\",\"target\":{\"@type\":\"EntryPoint\",\"urlTemplate\":\"https:\\\/\\\/patagoniambiental.com.ar\\\/info\\\/?s={search_term_string}\"},\"query-input\":{\"@type\":\"PropertyValueSpecification\",\"valueRequired\":true,\"valueName\":\"search_term_string\"}}],\"inLanguage\":\"es\"},{\"@type\":\"Organization\",\"@id\":\"https:\\\/\\\/patagoniambiental.com.ar\\\/info\\\/#organization\",\"name\":\"Patagonia Ambiental\",\"url\":\"https:\\\/\\\/patagoniambiental.com.ar\\\/info\\\/\",\"logo\":{\"@type\":\"ImageObject\",\"inLanguage\":\"es\",\"@id\":\"https:\\\/\\\/patagoniambiental.com.ar\\\/info\\\/#\\\/schema\\\/logo\\\/image\\\/\",\"url\":\"https:\\\/\\\/patagoniambiental.com.ar\\\/info\\\/wp-content\\\/uploads\\\/2025\\\/05\\\/LOGO-PATAGONIA-AMBIENTAL.png\",\"contentUrl\":\"https:\\\/\\\/patagoniambiental.com.ar\\\/info\\\/wp-content\\\/uploads\\\/2025\\\/05\\\/LOGO-PATAGONIA-AMBIENTAL.png\",\"width\":433,\"height\":250,\"caption\":\"Patagonia Ambiental\"},\"image\":{\"@id\":\"https:\\\/\\\/patagoniambiental.com.ar\\\/info\\\/#\\\/schema\\\/logo\\\/image\\\/\"},\"sameAs\":[\"https:\\\/\\\/www.facebook.com\\\/patagonia.ambiental\",\"https:\\\/\\\/x.com\\\/PatAmb\"]},{\"@type\":\"Person\",\"@id\":\"https:\\\/\\\/patagoniambiental.com.ar\\\/info\\\/#\\\/schema\\\/person\\\/db12bff64bbcbf6a253710bf0ea37b5d\",\"name\":\"Patagonia Ambiental\",\"description\":\"Andr\u00e9s Nievas T\u00e9cnico en manejo ambiental, consultor Ambiental y escritor para medios locales e internacionales sobre temas de geopolitica y medio ambiente.\",\"sameAs\":[\"http:\\\/\\\/www.patagoniambiental.com.ar\",\"https:\\\/\\\/www.facebook.com\\\/share\\\/1C1V8Gv9BX\\\/?mibextid=qi2Omg\",\"@patagoniambiental\",\"https:\\\/\\\/youtube.com\\\/@patagoniaambiental2023?si=BLt58t0wuXquxlYZ\"]}]}<\/script>\n<!-- \/ Yoast SEO Premium plugin. -->","yoast_head_json":{"title":"Coordinan acciones en pasos fronterizos por la visita del Papa a Chile","robots":{"index":"index","follow":"follow","max-snippet":"max-snippet:-1","max-image-preview":"max-image-preview:large","max-video-preview":"max-video-preview:-1"},"canonical":"https:\/\/patagoniambiental.com.ar\/info\/coordinan-acciones-en-pasos-fronterizos-por-la-visita-del-papa-a-chile\/","og_locale":"es_ES","og_type":"article","og_title":"Coordinan acciones en pasos fronterizos por la visita del Papa a Chile","og_description":"Temuco.-La subsecretar\u00eda de Turismo organiz\u00f3 una\u00a0primera\u00a0reuni\u00f3n con\u00a0funcionarios relacionados con\u00a0el flujo operativo de los pasos fronterizos\u00a0ante\u00a0la visita del Papa Francisco en [&hellip;]","og_url":"https:\/\/patagoniambiental.com.ar\/info\/coordinan-acciones-en-pasos-fronterizos-por-la-visita-del-papa-a-chile\/","og_site_name":"Patagonia Ambiental","article_publisher":"https:\/\/www.facebook.com\/patagonia.ambiental","article_author":"https:\/\/www.facebook.com\/share\/1C1V8Gv9BX\/?mibextid=qi2Omg","article_published_time":"2017-11-12T22:00:25+00:00","author":"Patagonia Ambiental","twitter_card":"summary_large_image","twitter_creator":"@PatAmb","twitter_site":"@PatAmb","schema":{"@context":"https:\/\/schema.org","@graph":[{"@type":"Article","@id":"https:\/\/patagoniambiental.com.ar\/info\/coordinan-acciones-en-pasos-fronterizos-por-la-visita-del-papa-a-chile\/#article","isPartOf":{"@id":"https:\/\/patagoniambiental.com.ar\/info\/coordinan-acciones-en-pasos-fronterizos-por-la-visita-del-papa-a-chile\/"},"author":{"name":"Patagonia Ambiental","@id":"https:\/\/patagoniambiental.com.ar\/info\/#\/schema\/person\/db12bff64bbcbf6a253710bf0ea37b5d"},"headline":"Coordinan acciones en pasos fronterizos por la visita del Papa a Chile","datePublished":"2017-11-12T22:00:25+00:00","mainEntityOfPage":{"@id":"https:\/\/patagoniambiental.com.ar\/info\/coordinan-acciones-en-pasos-fronterizos-por-la-visita-del-papa-a-chile\/"},"wordCount":371,"commentCount":0,"publisher":{"@id":"https:\/\/patagoniambiental.com.ar\/info\/#organization"},"articleSection":["Internacionales","Noticias"],"inLanguage":"es","potentialAction":[{"@type":"CommentAction","name":"Comment","target":["https:\/\/patagoniambiental.com.ar\/info\/coordinan-acciones-en-pasos-fronterizos-por-la-visita-del-papa-a-chile\/#respond"]}]},{"@type":"WebPage","@id":"https:\/\/patagoniambiental.com.ar\/info\/coordinan-acciones-en-pasos-fronterizos-por-la-visita-del-papa-a-chile\/","url":"https:\/\/patagoniambiental.com.ar\/info\/coordinan-acciones-en-pasos-fronterizos-por-la-visita-del-papa-a-chile\/","name":"Coordinan acciones en pasos fronterizos por la visita del Papa a Chile","isPartOf":{"@id":"https:\/\/patagoniambiental.com.ar\/info\/#website"},"datePublished":"2017-11-12T22:00:25+00:00","breadcrumb":{"@id":"https:\/\/patagoniambiental.com.ar\/info\/coordinan-acciones-en-pasos-fronterizos-por-la-visita-del-papa-a-chile\/#breadcrumb"},"inLanguage":"es","potentialAction":[{"@type":"ReadAction","target":["https:\/\/patagoniambiental.com.ar\/info\/coordinan-acciones-en-pasos-fronterizos-por-la-visita-del-papa-a-chile\/"]}]},{"@type":"BreadcrumbList","@id":"https:\/\/patagoniambiental.com.ar\/info\/coordinan-acciones-en-pasos-fronterizos-por-la-visita-del-papa-a-chile\/#breadcrumb","itemListElement":[{"@type":"ListItem","position":1,"name":"Inicio","item":"https:\/\/patagoniambiental.com.ar\/info\/"},{"@type":"ListItem","position":2,"name":"Coordinan acciones en pasos fronterizos por la visita del Papa a Chile"}]},{"@type":"WebSite","@id":"https:\/\/patagoniambiental.com.ar\/info\/#website","url":"https:\/\/patagoniambiental.com.ar\/info\/","name":"Patagonia Ambiental","description":"Monitoreo y an\u00e1lisis de la situaci\u00f3n geopol\u00edtica en el mundo y su implicancia en la Patagonia","publisher":{"@id":"https:\/\/patagoniambiental.com.ar\/info\/#organization"},"potentialAction":[{"@type":"SearchAction","target":{"@type":"EntryPoint","urlTemplate":"https:\/\/patagoniambiental.com.ar\/info\/?s={search_term_string}"},"query-input":{"@type":"PropertyValueSpecification","valueRequired":true,"valueName":"search_term_string"}}],"inLanguage":"es"},{"@type":"Organization","@id":"https:\/\/patagoniambiental.com.ar\/info\/#organization","name":"Patagonia Ambiental","url":"https:\/\/patagoniambiental.com.ar\/info\/","logo":{"@type":"ImageObject","inLanguage":"es","@id":"https:\/\/patagoniambiental.com.ar\/info\/#\/schema\/logo\/image\/","url":"https:\/\/patagoniambiental.com.ar\/info\/wp-content\/uploads\/2025\/05\/LOGO-PATAGONIA-AMBIENTAL.png","contentUrl":"https:\/\/patagoniambiental.com.ar\/info\/wp-content\/uploads\/2025\/05\/LOGO-PATAGONIA-AMBIENTAL.png","width":433,"height":250,"caption":"Patagonia Ambiental"},"image":{"@id":"https:\/\/patagoniambiental.com.ar\/info\/#\/schema\/logo\/image\/"},"sameAs":["https:\/\/www.facebook.com\/patagonia.ambiental","https:\/\/x.com\/PatAmb"]},{"@type":"Person","@id":"https:\/\/patagoniambiental.com.ar\/info\/#\/schema\/person\/db12bff64bbcbf6a253710bf0ea37b5d","name":"Patagonia Ambiental","description":"Andr\u00e9s Nievas T\u00e9cnico en manejo ambiental, consultor Ambiental y escritor para medios locales e internacionales sobre temas de geopolitica y medio ambiente.","sameAs":["http:\/\/www.patagoniambiental.com.ar","https:\/\/www.facebook.com\/share\/1C1V8Gv9BX\/?mibextid=qi2Omg","@patagoniambiental","https:\/\/youtube.com\/@patagoniaambiental2023?si=BLt58t0wuXquxlYZ"]}]}},"_links":{"self":[{"href":"https:\/\/patagoniambiental.com.ar\/info\/wp-json\/wp\/v2\/posts\/38042","targetHints":{"allow":["GET"]}}],"collection":[{"href":"https:\/\/patagoniambiental.com.ar\/info\/wp-json\/wp\/v2\/posts"}],"about":[{"href":"https:\/\/patagoniambiental.com.ar\/info\/wp-json\/wp\/v2\/types\/post"}],"author":[{"embeddable":true,"href":"https:\/\/patagoniambiental.com.ar\/info\/wp-json\/wp\/v2\/users\/2"}],"replies":[{"embeddable":true,"href":"https:\/\/patagoniambiental.com.ar\/info\/wp-json\/wp\/v2\/comments?post=38042"}],"version-history":[{"count":0,"href":"https:\/\/patagoniambiental.com.ar\/info\/wp-json\/wp\/v2\/posts\/38042\/revisions"}],"wp:attachment":[{"href":"https:\/\/patagoniambiental.com.ar\/info\/wp-json\/wp\/v2\/media?parent=38042"}],"wp:term":[{"taxonomy":"category","embeddable":true,"href":"https:\/\/patagoniambiental.com.ar\/info\/wp-json\/wp\/v2\/categories?post=38042"},{"taxonomy":"post_tag","embeddable":true,"href":"https:\/\/patagoniambiental.com.ar\/info\/wp-json\/wp\/v2\/tags?post=38042"}],"curies":[{"name":"wp","href":"https:\/\/api.w.org\/{rel}","templated":true}]}}