{"id":38045,"date":"2017-11-10T19:00:42","date_gmt":"2017-11-10T22:00:42","guid":{"rendered":"http:\/\/patagoniambiental.com.ar\/info\/?p=38045"},"modified":"2017-11-10T17:59:25","modified_gmt":"2017-11-10T20:59:25","slug":"alto-valle-ponen-en-marcha-la-segunda-campana-de-recoleccion-de-envases-vacios-de-agroquimicos","status":"publish","type":"post","link":"https:\/\/patagoniambiental.com.ar\/info\/alto-valle-ponen-en-marcha-la-segunda-campana-de-recoleccion-de-envases-vacios-de-agroquimicos\/","title":{"rendered":"Alto Valle \u00a0 Ponen en marcha la segunda campa\u00f1a de recolecci\u00f3n de envases vac\u00edos de agroqu\u00edmicos"},"content":{"rendered":"<div><\/div>\n<div><\/div>\n<div>Alto Valle.-El lanzamiento se realiz\u00f3 este viernes. La actividad es organizada por la Secretar\u00eda de Ambiente y Desarrollo Sustentable (SAyDS) y est\u00e1 destinada a los diferentes actores que integran el circuito de la agricultura.<\/div>\n<div><\/div>\n<p><!--more--><\/p>\n<div id=\"x_cuerpo\">\n<p>La titular de la cartera ambiental, Dina Migani, fue acompa\u00f1ada por el secretario de Fruticultura, Carlos Banacloy, quien asumi\u00f3 el compromiso de acompa\u00f1ar en la difusi\u00f3n entre las c\u00e1maras de productores y los chacareros del Alto Valle.<br \/>\nTambi\u00e9n se sum\u00f3 la titular de la Unidad de Enlace Provincial con el CFI, Laura Perilli; el responsable del \u00e1rea Ambiental de la Municipalidad de Allen, Sergio Voglino, quienes en los \u00faltimos d\u00edas se sumaron a la campa\u00f1a como punto para el retiro de bolsones vac\u00edos, instructivos y declaraci\u00f3n jurada.<br \/>\nParticip\u00f3 adem\u00e1s el personal del \u00e1rea t\u00e9cnica de la SAyDS, quienes brindaron algunas precisiones acerca de la campa\u00f1a.<br \/>\nMigani realiz\u00f3 la apertura y adem\u00e1s del agradecimiento a los presentes, destac\u00f3 la importancia de que aquellos que utilizan agroqu\u00edmicos adhieran a la campa\u00f1a. Tambi\u00e9n recalc\u00f3 la participaci\u00f3n de los municipios, c\u00e1maras de productores y recicladoras que forman parte de la actividad.<br \/>\nAgreg\u00f3 que se pueden retirar los bolsones en las Delegaciones de SAyDS de Fern\u00e1ndez Oro y de General Roca; en el Departamento de Gesti\u00f3n Ambiental de la Municipalidad de Cipolletti; en la Direcci\u00f3n de Medio Ambiente de Regina; en la C\u00e1mara de Productores de Regina y en la Delegaci\u00f3n del Ministerio de Agricultura de Luis Beltr\u00e1n.<br \/>\nInform\u00f3 adem\u00e1s que la fecha de cierre de la campa\u00f1a est\u00e1 previsto para el 24 de noviembre, comenzando el pr\u00f3ximo lunes con la recepci\u00f3n de los bolsones que contienen los envases vac\u00edos con la t\u00e9cnica de Triple Lavado.<\/p>\n<p>Fuente: Gobierno de Rio Negro<\/p>\n<\/div>\n","protected":false},"excerpt":{"rendered":"<p>Alto Valle.-El lanzamiento se realiz\u00f3 este viernes. La actividad es organizada por la Secretar\u00eda de Ambiente y Desarrollo Sustentable (SAyDS) [&hellip;]<\/p>\n","protected":false},"author":2,"featured_media":0,"comment_status":"open","ping_status":"open","sticky":false,"template":"","format":"standard","meta":{"site-sidebar-layout":"default","site-content-layout":"","ast-site-content-layout":"default","site-content-style":"default","site-sidebar-style":"default","ast-global-header-display":"","ast-banner-title-visibility":"","ast-main-header-display":"","ast-hfb-above-header-display":"","ast-hfb-below-header-display":"","ast-hfb-mobile-header-display":"","site-post-title":"","ast-breadcrumbs-content":"","ast-featured-img":"","footer-sml-layout":"","ast-disable-related-posts":"","theme-transparent-header-meta":"","adv-header-id-meta":"","stick-header-meta":"","header-above-stick-meta":"","header-main-stick-meta":"","header-below-stick-meta":"","astra-migrate-meta-layouts":"default","ast-page-background-enabled":"default","ast-page-background-meta":{"desktop":{"background-color":"var(--ast-global-color-5)","background-image":"","background-repeat":"repeat","background-position":"center center","background-size":"auto","background-attachment":"scroll","background-type":"","background-media":"","overlay-type":"","overlay-color":"","overlay-opacity":"","overlay-gradient":""},"tablet":{"background-color":"","background-image":"","background-repeat":"repeat","background-position":"center center","background-size":"auto","background-attachment":"scroll","background-type":"","background-media":"","overlay-type":"","overlay-color":"","overlay-opacity":"","overlay-gradient":""},"mobile":{"background-color":"","background-image":"","background-repeat":"repeat","background-position":"center center","background-size":"auto","background-attachment":"scroll","background-type":"","background-media":"","overlay-type":"","overlay-color":"","overlay-opacity":"","overlay-gradient":""}},"ast-content-background-meta":{"desktop":{"background-color":"var(--ast-global-color-4)","background-image":"","background-repeat":"repeat","background-position":"center center","background-size":"auto","background-attachment":"scroll","background-type":"","background-media":"","overlay-type":"","overlay-color":"","overlay-opacity":"","overlay-gradient":""},"tablet":{"background-color":"var(--ast-global-color-4)","background-image":"","background-repeat":"repeat","background-position":"center center","background-size":"auto","background-attachment":"scroll","background-type":"","background-media":"","overlay-type":"","overlay-color":"","overlay-opacity":"","overlay-gradient":""},"mobile":{"background-color":"var(--ast-global-color-4)","background-image":"","background-repeat":"repeat","background-position":"center center","background-size":"auto","background-attachment":"scroll","background-type":"","background-media":"","overlay-type":"","overlay-color":"","overlay-opacity":"","overlay-gradient":""}},"footnotes":""},"categories":[1,13,14],"tags":[],"class_list":["post-38045","post","type-post","status-publish","format-standard","hentry","category-noticias","category-provinciales","category-rio-negro"],"yoast_head":"<!-- This site is optimized with the Yoast SEO Premium plugin v23.0 (Yoast SEO v27.4) - https:\/\/yoast.com\/product\/yoast-seo-premium-wordpress\/ -->\n<title>Alto Valle \u00a0 Ponen en marcha la segunda campa\u00f1a de recolecci\u00f3n de envases vac\u00edos de agroqu\u00edmicos<\/title>\n<meta name=\"robots\" content=\"index, follow, max-snippet:-1, max-image-preview:large, max-video-preview:-1\" \/>\n<link rel=\"canonical\" href=\"https:\/\/patagoniambiental.com.ar\/info\/alto-valle-ponen-en-marcha-la-segunda-campana-de-recoleccion-de-envases-vacios-de-agroquimicos\/\" \/>\n<meta property=\"og:locale\" content=\"es_ES\" \/>\n<meta property=\"og:type\" content=\"article\" \/>\n<meta property=\"og:title\" content=\"Alto Valle \u00a0 Ponen en marcha la segunda campa\u00f1a de recolecci\u00f3n de envases vac\u00edos de agroqu\u00edmicos\" \/>\n<meta property=\"og:description\" content=\"Alto Valle.-El lanzamiento se realiz\u00f3 este viernes. La actividad es organizada por la Secretar\u00eda de Ambiente y Desarrollo Sustentable (SAyDS) [&hellip;]\" \/>\n<meta property=\"og:url\" content=\"https:\/\/patagoniambiental.com.ar\/info\/alto-valle-ponen-en-marcha-la-segunda-campana-de-recoleccion-de-envases-vacios-de-agroquimicos\/\" \/>\n<meta property=\"og:site_name\" content=\"Patagonia Ambiental\" \/>\n<meta property=\"article:publisher\" content=\"https:\/\/www.facebook.com\/patagonia.ambiental\" \/>\n<meta property=\"article:author\" content=\"https:\/\/www.facebook.com\/share\/1C1V8Gv9BX\/?mibextid=qi2Omg\" \/>\n<meta property=\"article:published_time\" content=\"2017-11-10T22:00:42+00:00\" \/>\n<meta name=\"author\" content=\"Patagonia Ambiental\" \/>\n<meta name=\"twitter:card\" content=\"summary_large_image\" \/>\n<meta name=\"twitter:creator\" content=\"@PatAmb\" \/>\n<meta name=\"twitter:site\" content=\"@PatAmb\" \/>\n<script type=\"application\/ld+json\" class=\"yoast-schema-graph\">{\"@context\":\"https:\\\/\\\/schema.org\",\"@graph\":[{\"@type\":\"Article\",\"@id\":\"https:\\\/\\\/patagoniambiental.com.ar\\\/info\\\/alto-valle-ponen-en-marcha-la-segunda-campana-de-recoleccion-de-envases-vacios-de-agroquimicos\\\/#article\",\"isPartOf\":{\"@id\":\"https:\\\/\\\/patagoniambiental.com.ar\\\/info\\\/alto-valle-ponen-en-marcha-la-segunda-campana-de-recoleccion-de-envases-vacios-de-agroquimicos\\\/\"},\"author\":{\"name\":\"Patagonia Ambiental\",\"@id\":\"https:\\\/\\\/patagoniambiental.com.ar\\\/info\\\/#\\\/schema\\\/person\\\/db12bff64bbcbf6a253710bf0ea37b5d\"},\"headline\":\"Alto Valle \u00a0 Ponen en marcha la segunda campa\u00f1a de recolecci\u00f3n de envases vac\u00edos de agroqu\u00edmicos\",\"datePublished\":\"2017-11-10T22:00:42+00:00\",\"mainEntityOfPage\":{\"@id\":\"https:\\\/\\\/patagoniambiental.com.ar\\\/info\\\/alto-valle-ponen-en-marcha-la-segunda-campana-de-recoleccion-de-envases-vacios-de-agroquimicos\\\/\"},\"wordCount\":330,\"commentCount\":0,\"publisher\":{\"@id\":\"https:\\\/\\\/patagoniambiental.com.ar\\\/info\\\/#organization\"},\"articleSection\":[\"Noticias\",\"Provinciales\",\"R\u00edo Negro\"],\"inLanguage\":\"es\",\"potentialAction\":[{\"@type\":\"CommentAction\",\"name\":\"Comment\",\"target\":[\"https:\\\/\\\/patagoniambiental.com.ar\\\/info\\\/alto-valle-ponen-en-marcha-la-segunda-campana-de-recoleccion-de-envases-vacios-de-agroquimicos\\\/#respond\"]}]},{\"@type\":\"WebPage\",\"@id\":\"https:\\\/\\\/patagoniambiental.com.ar\\\/info\\\/alto-valle-ponen-en-marcha-la-segunda-campana-de-recoleccion-de-envases-vacios-de-agroquimicos\\\/\",\"url\":\"https:\\\/\\\/patagoniambiental.com.ar\\\/info\\\/alto-valle-ponen-en-marcha-la-segunda-campana-de-recoleccion-de-envases-vacios-de-agroquimicos\\\/\",\"name\":\"Alto Valle \u00a0 Ponen en marcha la segunda campa\u00f1a de recolecci\u00f3n de envases vac\u00edos de agroqu\u00edmicos\",\"isPartOf\":{\"@id\":\"https:\\\/\\\/patagoniambiental.com.ar\\\/info\\\/#website\"},\"datePublished\":\"2017-11-10T22:00:42+00:00\",\"breadcrumb\":{\"@id\":\"https:\\\/\\\/patagoniambiental.com.ar\\\/info\\\/alto-valle-ponen-en-marcha-la-segunda-campana-de-recoleccion-de-envases-vacios-de-agroquimicos\\\/#breadcrumb\"},\"inLanguage\":\"es\",\"potentialAction\":[{\"@type\":\"ReadAction\",\"target\":[\"https:\\\/\\\/patagoniambiental.com.ar\\\/info\\\/alto-valle-ponen-en-marcha-la-segunda-campana-de-recoleccion-de-envases-vacios-de-agroquimicos\\\/\"]}]},{\"@type\":\"BreadcrumbList\",\"@id\":\"https:\\\/\\\/patagoniambiental.com.ar\\\/info\\\/alto-valle-ponen-en-marcha-la-segunda-campana-de-recoleccion-de-envases-vacios-de-agroquimicos\\\/#breadcrumb\",\"itemListElement\":[{\"@type\":\"ListItem\",\"position\":1,\"name\":\"Inicio\",\"item\":\"https:\\\/\\\/patagoniambiental.com.ar\\\/info\\\/\"},{\"@type\":\"ListItem\",\"position\":2,\"name\":\"Alto Valle \u00a0 Ponen en marcha la segunda campa\u00f1a de recolecci\u00f3n de envases vac\u00edos de agroqu\u00edmicos\"}]},{\"@type\":\"WebSite\",\"@id\":\"https:\\\/\\\/patagoniambiental.com.ar\\\/info\\\/#website\",\"url\":\"https:\\\/\\\/patagoniambiental.com.ar\\\/info\\\/\",\"name\":\"Patagonia Ambiental\",\"description\":\"Monitoreo y an\u00e1lisis de la situaci\u00f3n geopol\u00edtica en el mundo y su implicancia en la Patagonia\",\"publisher\":{\"@id\":\"https:\\\/\\\/patagoniambiental.com.ar\\\/info\\\/#organization\"},\"potentialAction\":[{\"@type\":\"SearchAction\",\"target\":{\"@type\":\"EntryPoint\",\"urlTemplate\":\"https:\\\/\\\/patagoniambiental.com.ar\\\/info\\\/?s={search_term_string}\"},\"query-input\":{\"@type\":\"PropertyValueSpecification\",\"valueRequired\":true,\"valueName\":\"search_term_string\"}}],\"inLanguage\":\"es\"},{\"@type\":\"Organization\",\"@id\":\"https:\\\/\\\/patagoniambiental.com.ar\\\/info\\\/#organization\",\"name\":\"Patagonia Ambiental\",\"url\":\"https:\\\/\\\/patagoniambiental.com.ar\\\/info\\\/\",\"logo\":{\"@type\":\"ImageObject\",\"inLanguage\":\"es\",\"@id\":\"https:\\\/\\\/patagoniambiental.com.ar\\\/info\\\/#\\\/schema\\\/logo\\\/image\\\/\",\"url\":\"https:\\\/\\\/patagoniambiental.com.ar\\\/info\\\/wp-content\\\/uploads\\\/2025\\\/05\\\/LOGO-PATAGONIA-AMBIENTAL.png\",\"contentUrl\":\"https:\\\/\\\/patagoniambiental.com.ar\\\/info\\\/wp-content\\\/uploads\\\/2025\\\/05\\\/LOGO-PATAGONIA-AMBIENTAL.png\",\"width\":433,\"height\":250,\"caption\":\"Patagonia Ambiental\"},\"image\":{\"@id\":\"https:\\\/\\\/patagoniambiental.com.ar\\\/info\\\/#\\\/schema\\\/logo\\\/image\\\/\"},\"sameAs\":[\"https:\\\/\\\/www.facebook.com\\\/patagonia.ambiental\",\"https:\\\/\\\/x.com\\\/PatAmb\"]},{\"@type\":\"Person\",\"@id\":\"https:\\\/\\\/patagoniambiental.com.ar\\\/info\\\/#\\\/schema\\\/person\\\/db12bff64bbcbf6a253710bf0ea37b5d\",\"name\":\"Patagonia Ambiental\",\"description\":\"Andr\u00e9s Nievas T\u00e9cnico en manejo ambiental, consultor Ambiental y escritor para medios locales e internacionales sobre temas de geopolitica y medio ambiente.\",\"sameAs\":[\"http:\\\/\\\/www.patagoniambiental.com.ar\",\"https:\\\/\\\/www.facebook.com\\\/share\\\/1C1V8Gv9BX\\\/?mibextid=qi2Omg\",\"@patagoniambiental\",\"https:\\\/\\\/youtube.com\\\/@patagoniaambiental2023?si=BLt58t0wuXquxlYZ\"]}]}<\/script>\n<!-- \/ Yoast SEO Premium plugin. -->","yoast_head_json":{"title":"Alto Valle \u00a0 Ponen en marcha la segunda campa\u00f1a de recolecci\u00f3n de envases vac\u00edos de agroqu\u00edmicos","robots":{"index":"index","follow":"follow","max-snippet":"max-snippet:-1","max-image-preview":"max-image-preview:large","max-video-preview":"max-video-preview:-1"},"canonical":"https:\/\/patagoniambiental.com.ar\/info\/alto-valle-ponen-en-marcha-la-segunda-campana-de-recoleccion-de-envases-vacios-de-agroquimicos\/","og_locale":"es_ES","og_type":"article","og_title":"Alto Valle \u00a0 Ponen en marcha la segunda campa\u00f1a de recolecci\u00f3n de envases vac\u00edos de agroqu\u00edmicos","og_description":"Alto Valle.-El lanzamiento se realiz\u00f3 este viernes. La actividad es organizada por la Secretar\u00eda de Ambiente y Desarrollo Sustentable (SAyDS) [&hellip;]","og_url":"https:\/\/patagoniambiental.com.ar\/info\/alto-valle-ponen-en-marcha-la-segunda-campana-de-recoleccion-de-envases-vacios-de-agroquimicos\/","og_site_name":"Patagonia Ambiental","article_publisher":"https:\/\/www.facebook.com\/patagonia.ambiental","article_author":"https:\/\/www.facebook.com\/share\/1C1V8Gv9BX\/?mibextid=qi2Omg","article_published_time":"2017-11-10T22:00:42+00:00","author":"Patagonia Ambiental","twitter_card":"summary_large_image","twitter_creator":"@PatAmb","twitter_site":"@PatAmb","schema":{"@context":"https:\/\/schema.org","@graph":[{"@type":"Article","@id":"https:\/\/patagoniambiental.com.ar\/info\/alto-valle-ponen-en-marcha-la-segunda-campana-de-recoleccion-de-envases-vacios-de-agroquimicos\/#article","isPartOf":{"@id":"https:\/\/patagoniambiental.com.ar\/info\/alto-valle-ponen-en-marcha-la-segunda-campana-de-recoleccion-de-envases-vacios-de-agroquimicos\/"},"author":{"name":"Patagonia Ambiental","@id":"https:\/\/patagoniambiental.com.ar\/info\/#\/schema\/person\/db12bff64bbcbf6a253710bf0ea37b5d"},"headline":"Alto Valle \u00a0 Ponen en marcha la segunda campa\u00f1a de recolecci\u00f3n de envases vac\u00edos de agroqu\u00edmicos","datePublished":"2017-11-10T22:00:42+00:00","mainEntityOfPage":{"@id":"https:\/\/patagoniambiental.com.ar\/info\/alto-valle-ponen-en-marcha-la-segunda-campana-de-recoleccion-de-envases-vacios-de-agroquimicos\/"},"wordCount":330,"commentCount":0,"publisher":{"@id":"https:\/\/patagoniambiental.com.ar\/info\/#organization"},"articleSection":["Noticias","Provinciales","R\u00edo Negro"],"inLanguage":"es","potentialAction":[{"@type":"CommentAction","name":"Comment","target":["https:\/\/patagoniambiental.com.ar\/info\/alto-valle-ponen-en-marcha-la-segunda-campana-de-recoleccion-de-envases-vacios-de-agroquimicos\/#respond"]}]},{"@type":"WebPage","@id":"https:\/\/patagoniambiental.com.ar\/info\/alto-valle-ponen-en-marcha-la-segunda-campana-de-recoleccion-de-envases-vacios-de-agroquimicos\/","url":"https:\/\/patagoniambiental.com.ar\/info\/alto-valle-ponen-en-marcha-la-segunda-campana-de-recoleccion-de-envases-vacios-de-agroquimicos\/","name":"Alto Valle \u00a0 Ponen en marcha la segunda campa\u00f1a de recolecci\u00f3n de envases vac\u00edos de agroqu\u00edmicos","isPartOf":{"@id":"https:\/\/patagoniambiental.com.ar\/info\/#website"},"datePublished":"2017-11-10T22:00:42+00:00","breadcrumb":{"@id":"https:\/\/patagoniambiental.com.ar\/info\/alto-valle-ponen-en-marcha-la-segunda-campana-de-recoleccion-de-envases-vacios-de-agroquimicos\/#breadcrumb"},"inLanguage":"es","potentialAction":[{"@type":"ReadAction","target":["https:\/\/patagoniambiental.com.ar\/info\/alto-valle-ponen-en-marcha-la-segunda-campana-de-recoleccion-de-envases-vacios-de-agroquimicos\/"]}]},{"@type":"BreadcrumbList","@id":"https:\/\/patagoniambiental.com.ar\/info\/alto-valle-ponen-en-marcha-la-segunda-campana-de-recoleccion-de-envases-vacios-de-agroquimicos\/#breadcrumb","itemListElement":[{"@type":"ListItem","position":1,"name":"Inicio","item":"https:\/\/patagoniambiental.com.ar\/info\/"},{"@type":"ListItem","position":2,"name":"Alto Valle \u00a0 Ponen en marcha la segunda campa\u00f1a de recolecci\u00f3n de envases vac\u00edos de agroqu\u00edmicos"}]},{"@type":"WebSite","@id":"https:\/\/patagoniambiental.com.ar\/info\/#website","url":"https:\/\/patagoniambiental.com.ar\/info\/","name":"Patagonia Ambiental","description":"Monitoreo y an\u00e1lisis de la situaci\u00f3n geopol\u00edtica en el mundo y su implicancia en la Patagonia","publisher":{"@id":"https:\/\/patagoniambiental.com.ar\/info\/#organization"},"potentialAction":[{"@type":"SearchAction","target":{"@type":"EntryPoint","urlTemplate":"https:\/\/patagoniambiental.com.ar\/info\/?s={search_term_string}"},"query-input":{"@type":"PropertyValueSpecification","valueRequired":true,"valueName":"search_term_string"}}],"inLanguage":"es"},{"@type":"Organization","@id":"https:\/\/patagoniambiental.com.ar\/info\/#organization","name":"Patagonia Ambiental","url":"https:\/\/patagoniambiental.com.ar\/info\/","logo":{"@type":"ImageObject","inLanguage":"es","@id":"https:\/\/patagoniambiental.com.ar\/info\/#\/schema\/logo\/image\/","url":"https:\/\/patagoniambiental.com.ar\/info\/wp-content\/uploads\/2025\/05\/LOGO-PATAGONIA-AMBIENTAL.png","contentUrl":"https:\/\/patagoniambiental.com.ar\/info\/wp-content\/uploads\/2025\/05\/LOGO-PATAGONIA-AMBIENTAL.png","width":433,"height":250,"caption":"Patagonia Ambiental"},"image":{"@id":"https:\/\/patagoniambiental.com.ar\/info\/#\/schema\/logo\/image\/"},"sameAs":["https:\/\/www.facebook.com\/patagonia.ambiental","https:\/\/x.com\/PatAmb"]},{"@type":"Person","@id":"https:\/\/patagoniambiental.com.ar\/info\/#\/schema\/person\/db12bff64bbcbf6a253710bf0ea37b5d","name":"Patagonia Ambiental","description":"Andr\u00e9s Nievas T\u00e9cnico en manejo ambiental, consultor Ambiental y escritor para medios locales e internacionales sobre temas de geopolitica y medio ambiente.","sameAs":["http:\/\/www.patagoniambiental.com.ar","https:\/\/www.facebook.com\/share\/1C1V8Gv9BX\/?mibextid=qi2Omg","@patagoniambiental","https:\/\/youtube.com\/@patagoniaambiental2023?si=BLt58t0wuXquxlYZ"]}]}},"_links":{"self":[{"href":"https:\/\/patagoniambiental.com.ar\/info\/wp-json\/wp\/v2\/posts\/38045","targetHints":{"allow":["GET"]}}],"collection":[{"href":"https:\/\/patagoniambiental.com.ar\/info\/wp-json\/wp\/v2\/posts"}],"about":[{"href":"https:\/\/patagoniambiental.com.ar\/info\/wp-json\/wp\/v2\/types\/post"}],"author":[{"embeddable":true,"href":"https:\/\/patagoniambiental.com.ar\/info\/wp-json\/wp\/v2\/users\/2"}],"replies":[{"embeddable":true,"href":"https:\/\/patagoniambiental.com.ar\/info\/wp-json\/wp\/v2\/comments?post=38045"}],"version-history":[{"count":0,"href":"https:\/\/patagoniambiental.com.ar\/info\/wp-json\/wp\/v2\/posts\/38045\/revisions"}],"wp:attachment":[{"href":"https:\/\/patagoniambiental.com.ar\/info\/wp-json\/wp\/v2\/media?parent=38045"}],"wp:term":[{"taxonomy":"category","embeddable":true,"href":"https:\/\/patagoniambiental.com.ar\/info\/wp-json\/wp\/v2\/categories?post=38045"},{"taxonomy":"post_tag","embeddable":true,"href":"https:\/\/patagoniambiental.com.ar\/info\/wp-json\/wp\/v2\/tags?post=38045"}],"curies":[{"name":"wp","href":"https:\/\/api.w.org\/{rel}","templated":true}]}}