{"id":38048,"date":"2017-11-10T19:00:36","date_gmt":"2017-11-10T22:00:36","guid":{"rendered":"http:\/\/patagoniambiental.com.ar\/info\/?p=38048"},"modified":"2017-11-10T18:09:45","modified_gmt":"2017-11-10T21:09:45","slug":"queman-un-colectivo-y-dejan-mensaje-contra-la-visita-del-papa-en-el-sur-de-chile","status":"publish","type":"post","link":"https:\/\/patagoniambiental.com.ar\/info\/queman-un-colectivo-y-dejan-mensaje-contra-la-visita-del-papa-en-el-sur-de-chile\/","title":{"rendered":"Queman un colectivo y dejan mensaje contra la visita del papa en el sur de Chile"},"content":{"rendered":"<p>La Araucania.-\u00abFuego a las iglesias, no eres bienvenido en La Araucan\u00eda papa Francisco\u00bb, escribieron los atacantes. Amenazaron con armas al chofer y los pasajeros.<\/p>\n<p><!--more--><\/p>\n<div class=\"nota_imagen_container\"><img decoding=\"async\" src=\"http:\/\/storage.lacapitalmdp.com\/2017\/11\/Colectivo-Chile.jpg\" \/><\/div>\n<div class=\"nota_content\">\n<p>SANTIAGO DE CHILE.- Un colectivo del servicio interurbano fue incendiado hoy en la sure\u00f1a regi\u00f3n chilena de La Araucan\u00eda por cuatro encapuchados que dejaron en el lugar un mensaje contra la visita del papa Francisco a la zona, seg\u00fan informaron fuentes policiales.<\/p>\n<p>Los autores del ataque interceptaron el veh\u00edculo cuando circulaba en el sector de Pidima, en el municipio de Ercilla, a unos 570 kil\u00f3metros de Santiago, y tras amenazar con armas de fuego al conductor y los pasajeros y obligarlos a descender, huyeron en el autob\u00fas, que quemaron en las cercan\u00edas de una comunidad mapuche de la zona.<\/p>\n<p>\u201cFuego a las iglesias, no eres bienvenido en La Araucan\u00eda papa Francisco\u201d, se\u00f1ala el mensaje que dejaron los atacantes, manuscrito en una hoja de cuaderno, junto a otro que demanda \u201cLibertad a Daniel Melinao y Presos Mapuches de Angol, fuera pol\u00edticos\u201d.<\/p>\n<p>El Papa Francisco visitar\u00e1 Chile entre el 15 y el 18 de enero pr\u00f3ximo y adem\u00e1s de Santiago, tendr\u00e1 actividades apost\u00f3licas en Temuco, la capital de regi\u00f3n de La Araucan\u00eda, y en Iquique, en el norte del pa\u00eds.<\/p>\n<p>En el sur de Chile, se arrastra desde hace varias d\u00e9cadas un conflicto entre comunidades mapuches que reclaman tierras ancestrales y empresas agr\u00edcolas o forestales que las poseen legalmente.<\/p>\n<p>En los \u00faltimos a\u00f1os el conflicto deriv\u00f3 en episodios de violencia en los que\u00a0murieron varios comuneros, polic\u00edas y agricultores, mientras varias decenas de mapuches\u00a0fueron procesados y condenados por diversos delitos, principalmente atentados incendiarios contra propiedades agr\u00edcolas, bosques, maquinarias y veh\u00edculos, principalmente camiones.<\/p>\n<p>Fuente:\u00a0http:\/\/www.lacapitalmdp.com\/queman-un-colectivo-y-dejan-mensaje-contra-la-visita-del-papa-en-el-sur-de-chile\/<\/p>\n<\/div>\n","protected":false},"excerpt":{"rendered":"<p>La Araucania.-\u00abFuego a las iglesias, no eres bienvenido en La Araucan\u00eda papa Francisco\u00bb, escribieron los atacantes. Amenazaron con armas al [&hellip;]<\/p>\n","protected":false},"author":2,"featured_media":38049,"comment_status":"open","ping_status":"open","sticky":false,"template":"","format":"standard","meta":{"site-sidebar-layout":"default","site-content-layout":"","ast-site-content-layout":"default","site-content-style":"default","site-sidebar-style":"default","ast-global-header-display":"","ast-banner-title-visibility":"","ast-main-header-display":"","ast-hfb-above-header-display":"","ast-hfb-below-header-display":"","ast-hfb-mobile-header-display":"","site-post-title":"","ast-breadcrumbs-content":"","ast-featured-img":"","footer-sml-layout":"","ast-disable-related-posts":"","theme-transparent-header-meta":"","adv-header-id-meta":"","stick-header-meta":"","header-above-stick-meta":"","header-main-stick-meta":"","header-below-stick-meta":"","astra-migrate-meta-layouts":"default","ast-page-background-enabled":"default","ast-page-background-meta":{"desktop":{"background-color":"var(--ast-global-color-5)","background-image":"","background-repeat":"repeat","background-position":"center center","background-size":"auto","background-attachment":"scroll","background-type":"","background-media":"","overlay-type":"","overlay-color":"","overlay-opacity":"","overlay-gradient":""},"tablet":{"background-color":"","background-image":"","background-repeat":"repeat","background-position":"center center","background-size":"auto","background-attachment":"scroll","background-type":"","background-media":"","overlay-type":"","overlay-color":"","overlay-opacity":"","overlay-gradient":""},"mobile":{"background-color":"","background-image":"","background-repeat":"repeat","background-position":"center center","background-size":"auto","background-attachment":"scroll","background-type":"","background-media":"","overlay-type":"","overlay-color":"","overlay-opacity":"","overlay-gradient":""}},"ast-content-background-meta":{"desktop":{"background-color":"var(--ast-global-color-4)","background-image":"","background-repeat":"repeat","background-position":"center center","background-size":"auto","background-attachment":"scroll","background-type":"","background-media":"","overlay-type":"","overlay-color":"","overlay-opacity":"","overlay-gradient":""},"tablet":{"background-color":"var(--ast-global-color-4)","background-image":"","background-repeat":"repeat","background-position":"center center","background-size":"auto","background-attachment":"scroll","background-type":"","background-media":"","overlay-type":"","overlay-color":"","overlay-opacity":"","overlay-gradient":""},"mobile":{"background-color":"var(--ast-global-color-4)","background-image":"","background-repeat":"repeat","background-position":"center center","background-size":"auto","background-attachment":"scroll","background-type":"","background-media":"","overlay-type":"","overlay-color":"","overlay-opacity":"","overlay-gradient":""}},"footnotes":""},"categories":[23,1],"tags":[],"class_list":["post-38048","post","type-post","status-publish","format-standard","has-post-thumbnail","hentry","category-internacionales","category-noticias"],"yoast_head":"<!-- This site is optimized with the Yoast SEO Premium plugin v23.0 (Yoast SEO v27.4) - https:\/\/yoast.com\/product\/yoast-seo-premium-wordpress\/ -->\n<title>Queman un colectivo y dejan mensaje contra la visita del papa en el sur de Chile<\/title>\n<meta name=\"robots\" content=\"index, follow, max-snippet:-1, max-image-preview:large, max-video-preview:-1\" \/>\n<link rel=\"canonical\" href=\"https:\/\/patagoniambiental.com.ar\/info\/queman-un-colectivo-y-dejan-mensaje-contra-la-visita-del-papa-en-el-sur-de-chile\/\" \/>\n<meta property=\"og:locale\" content=\"es_ES\" \/>\n<meta property=\"og:type\" content=\"article\" \/>\n<meta property=\"og:title\" content=\"Queman un colectivo y dejan mensaje contra la visita del papa en el sur de Chile\" \/>\n<meta property=\"og:description\" content=\"La Araucania.-\u00abFuego a las iglesias, no eres bienvenido en La Araucan\u00eda papa Francisco\u00bb, escribieron los atacantes. Amenazaron con armas al [&hellip;]\" \/>\n<meta property=\"og:url\" content=\"https:\/\/patagoniambiental.com.ar\/info\/queman-un-colectivo-y-dejan-mensaje-contra-la-visita-del-papa-en-el-sur-de-chile\/\" \/>\n<meta property=\"og:site_name\" content=\"Patagonia Ambiental\" \/>\n<meta property=\"article:publisher\" content=\"https:\/\/www.facebook.com\/patagonia.ambiental\" \/>\n<meta property=\"article:author\" content=\"https:\/\/www.facebook.com\/share\/1C1V8Gv9BX\/?mibextid=qi2Omg\" \/>\n<meta property=\"article:published_time\" content=\"2017-11-10T22:00:36+00:00\" \/>\n<meta property=\"og:image\" content=\"https:\/\/patagoniambiental.com.ar\/info\/wp-content\/uploads\/2017\/11\/Colectivo-Chile.jpg\" \/>\n\t<meta property=\"og:image:width\" content=\"626\" \/>\n\t<meta property=\"og:image:height\" content=\"398\" \/>\n\t<meta property=\"og:image:type\" content=\"image\/jpeg\" \/>\n<meta name=\"author\" content=\"Patagonia Ambiental\" \/>\n<meta name=\"twitter:card\" content=\"summary_large_image\" \/>\n<meta name=\"twitter:creator\" content=\"@PatAmb\" \/>\n<meta name=\"twitter:site\" content=\"@PatAmb\" \/>\n<script type=\"application\/ld+json\" class=\"yoast-schema-graph\">{\"@context\":\"https:\\\/\\\/schema.org\",\"@graph\":[{\"@type\":\"Article\",\"@id\":\"https:\\\/\\\/patagoniambiental.com.ar\\\/info\\\/queman-un-colectivo-y-dejan-mensaje-contra-la-visita-del-papa-en-el-sur-de-chile\\\/#article\",\"isPartOf\":{\"@id\":\"https:\\\/\\\/patagoniambiental.com.ar\\\/info\\\/queman-un-colectivo-y-dejan-mensaje-contra-la-visita-del-papa-en-el-sur-de-chile\\\/\"},\"author\":{\"name\":\"Patagonia Ambiental\",\"@id\":\"https:\\\/\\\/patagoniambiental.com.ar\\\/info\\\/#\\\/schema\\\/person\\\/db12bff64bbcbf6a253710bf0ea37b5d\"},\"headline\":\"Queman un colectivo y dejan mensaje contra la visita del papa en el sur de Chile\",\"datePublished\":\"2017-11-10T22:00:36+00:00\",\"mainEntityOfPage\":{\"@id\":\"https:\\\/\\\/patagoniambiental.com.ar\\\/info\\\/queman-un-colectivo-y-dejan-mensaje-contra-la-visita-del-papa-en-el-sur-de-chile\\\/\"},\"wordCount\":321,\"commentCount\":0,\"publisher\":{\"@id\":\"https:\\\/\\\/patagoniambiental.com.ar\\\/info\\\/#organization\"},\"image\":{\"@id\":\"https:\\\/\\\/patagoniambiental.com.ar\\\/info\\\/queman-un-colectivo-y-dejan-mensaje-contra-la-visita-del-papa-en-el-sur-de-chile\\\/#primaryimage\"},\"thumbnailUrl\":\"https:\\\/\\\/patagoniambiental.com.ar\\\/info\\\/wp-content\\\/uploads\\\/2017\\\/11\\\/Colectivo-Chile.jpg\",\"articleSection\":[\"Internacionales\",\"Noticias\"],\"inLanguage\":\"es\",\"potentialAction\":[{\"@type\":\"CommentAction\",\"name\":\"Comment\",\"target\":[\"https:\\\/\\\/patagoniambiental.com.ar\\\/info\\\/queman-un-colectivo-y-dejan-mensaje-contra-la-visita-del-papa-en-el-sur-de-chile\\\/#respond\"]}]},{\"@type\":\"WebPage\",\"@id\":\"https:\\\/\\\/patagoniambiental.com.ar\\\/info\\\/queman-un-colectivo-y-dejan-mensaje-contra-la-visita-del-papa-en-el-sur-de-chile\\\/\",\"url\":\"https:\\\/\\\/patagoniambiental.com.ar\\\/info\\\/queman-un-colectivo-y-dejan-mensaje-contra-la-visita-del-papa-en-el-sur-de-chile\\\/\",\"name\":\"Queman un colectivo y dejan mensaje contra la visita del papa en el sur de Chile\",\"isPartOf\":{\"@id\":\"https:\\\/\\\/patagoniambiental.com.ar\\\/info\\\/#website\"},\"primaryImageOfPage\":{\"@id\":\"https:\\\/\\\/patagoniambiental.com.ar\\\/info\\\/queman-un-colectivo-y-dejan-mensaje-contra-la-visita-del-papa-en-el-sur-de-chile\\\/#primaryimage\"},\"image\":{\"@id\":\"https:\\\/\\\/patagoniambiental.com.ar\\\/info\\\/queman-un-colectivo-y-dejan-mensaje-contra-la-visita-del-papa-en-el-sur-de-chile\\\/#primaryimage\"},\"thumbnailUrl\":\"https:\\\/\\\/patagoniambiental.com.ar\\\/info\\\/wp-content\\\/uploads\\\/2017\\\/11\\\/Colectivo-Chile.jpg\",\"datePublished\":\"2017-11-10T22:00:36+00:00\",\"breadcrumb\":{\"@id\":\"https:\\\/\\\/patagoniambiental.com.ar\\\/info\\\/queman-un-colectivo-y-dejan-mensaje-contra-la-visita-del-papa-en-el-sur-de-chile\\\/#breadcrumb\"},\"inLanguage\":\"es\",\"potentialAction\":[{\"@type\":\"ReadAction\",\"target\":[\"https:\\\/\\\/patagoniambiental.com.ar\\\/info\\\/queman-un-colectivo-y-dejan-mensaje-contra-la-visita-del-papa-en-el-sur-de-chile\\\/\"]}]},{\"@type\":\"ImageObject\",\"inLanguage\":\"es\",\"@id\":\"https:\\\/\\\/patagoniambiental.com.ar\\\/info\\\/queman-un-colectivo-y-dejan-mensaje-contra-la-visita-del-papa-en-el-sur-de-chile\\\/#primaryimage\",\"url\":\"https:\\\/\\\/patagoniambiental.com.ar\\\/info\\\/wp-content\\\/uploads\\\/2017\\\/11\\\/Colectivo-Chile.jpg\",\"contentUrl\":\"https:\\\/\\\/patagoniambiental.com.ar\\\/info\\\/wp-content\\\/uploads\\\/2017\\\/11\\\/Colectivo-Chile.jpg\",\"width\":626,\"height\":398},{\"@type\":\"BreadcrumbList\",\"@id\":\"https:\\\/\\\/patagoniambiental.com.ar\\\/info\\\/queman-un-colectivo-y-dejan-mensaje-contra-la-visita-del-papa-en-el-sur-de-chile\\\/#breadcrumb\",\"itemListElement\":[{\"@type\":\"ListItem\",\"position\":1,\"name\":\"Inicio\",\"item\":\"https:\\\/\\\/patagoniambiental.com.ar\\\/info\\\/\"},{\"@type\":\"ListItem\",\"position\":2,\"name\":\"Queman un colectivo y dejan mensaje contra la visita del papa en el sur de Chile\"}]},{\"@type\":\"WebSite\",\"@id\":\"https:\\\/\\\/patagoniambiental.com.ar\\\/info\\\/#website\",\"url\":\"https:\\\/\\\/patagoniambiental.com.ar\\\/info\\\/\",\"name\":\"Patagonia Ambiental\",\"description\":\"Monitoreo y an\u00e1lisis de la situaci\u00f3n geopol\u00edtica en el mundo y su implicancia en la Patagonia\",\"publisher\":{\"@id\":\"https:\\\/\\\/patagoniambiental.com.ar\\\/info\\\/#organization\"},\"potentialAction\":[{\"@type\":\"SearchAction\",\"target\":{\"@type\":\"EntryPoint\",\"urlTemplate\":\"https:\\\/\\\/patagoniambiental.com.ar\\\/info\\\/?s={search_term_string}\"},\"query-input\":{\"@type\":\"PropertyValueSpecification\",\"valueRequired\":true,\"valueName\":\"search_term_string\"}}],\"inLanguage\":\"es\"},{\"@type\":\"Organization\",\"@id\":\"https:\\\/\\\/patagoniambiental.com.ar\\\/info\\\/#organization\",\"name\":\"Patagonia Ambiental\",\"url\":\"https:\\\/\\\/patagoniambiental.com.ar\\\/info\\\/\",\"logo\":{\"@type\":\"ImageObject\",\"inLanguage\":\"es\",\"@id\":\"https:\\\/\\\/patagoniambiental.com.ar\\\/info\\\/#\\\/schema\\\/logo\\\/image\\\/\",\"url\":\"https:\\\/\\\/patagoniambiental.com.ar\\\/info\\\/wp-content\\\/uploads\\\/2025\\\/05\\\/LOGO-PATAGONIA-AMBIENTAL.png\",\"contentUrl\":\"https:\\\/\\\/patagoniambiental.com.ar\\\/info\\\/wp-content\\\/uploads\\\/2025\\\/05\\\/LOGO-PATAGONIA-AMBIENTAL.png\",\"width\":433,\"height\":250,\"caption\":\"Patagonia Ambiental\"},\"image\":{\"@id\":\"https:\\\/\\\/patagoniambiental.com.ar\\\/info\\\/#\\\/schema\\\/logo\\\/image\\\/\"},\"sameAs\":[\"https:\\\/\\\/www.facebook.com\\\/patagonia.ambiental\",\"https:\\\/\\\/x.com\\\/PatAmb\"]},{\"@type\":\"Person\",\"@id\":\"https:\\\/\\\/patagoniambiental.com.ar\\\/info\\\/#\\\/schema\\\/person\\\/db12bff64bbcbf6a253710bf0ea37b5d\",\"name\":\"Patagonia Ambiental\",\"description\":\"Andr\u00e9s Nievas T\u00e9cnico en manejo ambiental, consultor Ambiental y escritor para medios locales e internacionales sobre temas de geopolitica y medio ambiente.\",\"sameAs\":[\"http:\\\/\\\/www.patagoniambiental.com.ar\",\"https:\\\/\\\/www.facebook.com\\\/share\\\/1C1V8Gv9BX\\\/?mibextid=qi2Omg\",\"@patagoniambiental\",\"https:\\\/\\\/youtube.com\\\/@patagoniaambiental2023?si=BLt58t0wuXquxlYZ\"]}]}<\/script>\n<!-- \/ Yoast SEO Premium plugin. -->","yoast_head_json":{"title":"Queman un colectivo y dejan mensaje contra la visita del papa en el sur de Chile","robots":{"index":"index","follow":"follow","max-snippet":"max-snippet:-1","max-image-preview":"max-image-preview:large","max-video-preview":"max-video-preview:-1"},"canonical":"https:\/\/patagoniambiental.com.ar\/info\/queman-un-colectivo-y-dejan-mensaje-contra-la-visita-del-papa-en-el-sur-de-chile\/","og_locale":"es_ES","og_type":"article","og_title":"Queman un colectivo y dejan mensaje contra la visita del papa en el sur de Chile","og_description":"La Araucania.-\u00abFuego a las iglesias, no eres bienvenido en La Araucan\u00eda papa Francisco\u00bb, escribieron los atacantes. Amenazaron con armas al [&hellip;]","og_url":"https:\/\/patagoniambiental.com.ar\/info\/queman-un-colectivo-y-dejan-mensaje-contra-la-visita-del-papa-en-el-sur-de-chile\/","og_site_name":"Patagonia Ambiental","article_publisher":"https:\/\/www.facebook.com\/patagonia.ambiental","article_author":"https:\/\/www.facebook.com\/share\/1C1V8Gv9BX\/?mibextid=qi2Omg","article_published_time":"2017-11-10T22:00:36+00:00","og_image":[{"width":626,"height":398,"url":"https:\/\/patagoniambiental.com.ar\/info\/wp-content\/uploads\/2017\/11\/Colectivo-Chile.jpg","type":"image\/jpeg"}],"author":"Patagonia Ambiental","twitter_card":"summary_large_image","twitter_creator":"@PatAmb","twitter_site":"@PatAmb","schema":{"@context":"https:\/\/schema.org","@graph":[{"@type":"Article","@id":"https:\/\/patagoniambiental.com.ar\/info\/queman-un-colectivo-y-dejan-mensaje-contra-la-visita-del-papa-en-el-sur-de-chile\/#article","isPartOf":{"@id":"https:\/\/patagoniambiental.com.ar\/info\/queman-un-colectivo-y-dejan-mensaje-contra-la-visita-del-papa-en-el-sur-de-chile\/"},"author":{"name":"Patagonia Ambiental","@id":"https:\/\/patagoniambiental.com.ar\/info\/#\/schema\/person\/db12bff64bbcbf6a253710bf0ea37b5d"},"headline":"Queman un colectivo y dejan mensaje contra la visita del papa en el sur de Chile","datePublished":"2017-11-10T22:00:36+00:00","mainEntityOfPage":{"@id":"https:\/\/patagoniambiental.com.ar\/info\/queman-un-colectivo-y-dejan-mensaje-contra-la-visita-del-papa-en-el-sur-de-chile\/"},"wordCount":321,"commentCount":0,"publisher":{"@id":"https:\/\/patagoniambiental.com.ar\/info\/#organization"},"image":{"@id":"https:\/\/patagoniambiental.com.ar\/info\/queman-un-colectivo-y-dejan-mensaje-contra-la-visita-del-papa-en-el-sur-de-chile\/#primaryimage"},"thumbnailUrl":"https:\/\/patagoniambiental.com.ar\/info\/wp-content\/uploads\/2017\/11\/Colectivo-Chile.jpg","articleSection":["Internacionales","Noticias"],"inLanguage":"es","potentialAction":[{"@type":"CommentAction","name":"Comment","target":["https:\/\/patagoniambiental.com.ar\/info\/queman-un-colectivo-y-dejan-mensaje-contra-la-visita-del-papa-en-el-sur-de-chile\/#respond"]}]},{"@type":"WebPage","@id":"https:\/\/patagoniambiental.com.ar\/info\/queman-un-colectivo-y-dejan-mensaje-contra-la-visita-del-papa-en-el-sur-de-chile\/","url":"https:\/\/patagoniambiental.com.ar\/info\/queman-un-colectivo-y-dejan-mensaje-contra-la-visita-del-papa-en-el-sur-de-chile\/","name":"Queman un colectivo y dejan mensaje contra la visita del papa en el sur de Chile","isPartOf":{"@id":"https:\/\/patagoniambiental.com.ar\/info\/#website"},"primaryImageOfPage":{"@id":"https:\/\/patagoniambiental.com.ar\/info\/queman-un-colectivo-y-dejan-mensaje-contra-la-visita-del-papa-en-el-sur-de-chile\/#primaryimage"},"image":{"@id":"https:\/\/patagoniambiental.com.ar\/info\/queman-un-colectivo-y-dejan-mensaje-contra-la-visita-del-papa-en-el-sur-de-chile\/#primaryimage"},"thumbnailUrl":"https:\/\/patagoniambiental.com.ar\/info\/wp-content\/uploads\/2017\/11\/Colectivo-Chile.jpg","datePublished":"2017-11-10T22:00:36+00:00","breadcrumb":{"@id":"https:\/\/patagoniambiental.com.ar\/info\/queman-un-colectivo-y-dejan-mensaje-contra-la-visita-del-papa-en-el-sur-de-chile\/#breadcrumb"},"inLanguage":"es","potentialAction":[{"@type":"ReadAction","target":["https:\/\/patagoniambiental.com.ar\/info\/queman-un-colectivo-y-dejan-mensaje-contra-la-visita-del-papa-en-el-sur-de-chile\/"]}]},{"@type":"ImageObject","inLanguage":"es","@id":"https:\/\/patagoniambiental.com.ar\/info\/queman-un-colectivo-y-dejan-mensaje-contra-la-visita-del-papa-en-el-sur-de-chile\/#primaryimage","url":"https:\/\/patagoniambiental.com.ar\/info\/wp-content\/uploads\/2017\/11\/Colectivo-Chile.jpg","contentUrl":"https:\/\/patagoniambiental.com.ar\/info\/wp-content\/uploads\/2017\/11\/Colectivo-Chile.jpg","width":626,"height":398},{"@type":"BreadcrumbList","@id":"https:\/\/patagoniambiental.com.ar\/info\/queman-un-colectivo-y-dejan-mensaje-contra-la-visita-del-papa-en-el-sur-de-chile\/#breadcrumb","itemListElement":[{"@type":"ListItem","position":1,"name":"Inicio","item":"https:\/\/patagoniambiental.com.ar\/info\/"},{"@type":"ListItem","position":2,"name":"Queman un colectivo y dejan mensaje contra la visita del papa en el sur de Chile"}]},{"@type":"WebSite","@id":"https:\/\/patagoniambiental.com.ar\/info\/#website","url":"https:\/\/patagoniambiental.com.ar\/info\/","name":"Patagonia Ambiental","description":"Monitoreo y an\u00e1lisis de la situaci\u00f3n geopol\u00edtica en el mundo y su implicancia en la Patagonia","publisher":{"@id":"https:\/\/patagoniambiental.com.ar\/info\/#organization"},"potentialAction":[{"@type":"SearchAction","target":{"@type":"EntryPoint","urlTemplate":"https:\/\/patagoniambiental.com.ar\/info\/?s={search_term_string}"},"query-input":{"@type":"PropertyValueSpecification","valueRequired":true,"valueName":"search_term_string"}}],"inLanguage":"es"},{"@type":"Organization","@id":"https:\/\/patagoniambiental.com.ar\/info\/#organization","name":"Patagonia Ambiental","url":"https:\/\/patagoniambiental.com.ar\/info\/","logo":{"@type":"ImageObject","inLanguage":"es","@id":"https:\/\/patagoniambiental.com.ar\/info\/#\/schema\/logo\/image\/","url":"https:\/\/patagoniambiental.com.ar\/info\/wp-content\/uploads\/2025\/05\/LOGO-PATAGONIA-AMBIENTAL.png","contentUrl":"https:\/\/patagoniambiental.com.ar\/info\/wp-content\/uploads\/2025\/05\/LOGO-PATAGONIA-AMBIENTAL.png","width":433,"height":250,"caption":"Patagonia Ambiental"},"image":{"@id":"https:\/\/patagoniambiental.com.ar\/info\/#\/schema\/logo\/image\/"},"sameAs":["https:\/\/www.facebook.com\/patagonia.ambiental","https:\/\/x.com\/PatAmb"]},{"@type":"Person","@id":"https:\/\/patagoniambiental.com.ar\/info\/#\/schema\/person\/db12bff64bbcbf6a253710bf0ea37b5d","name":"Patagonia Ambiental","description":"Andr\u00e9s Nievas T\u00e9cnico en manejo ambiental, consultor Ambiental y escritor para medios locales e internacionales sobre temas de geopolitica y medio ambiente.","sameAs":["http:\/\/www.patagoniambiental.com.ar","https:\/\/www.facebook.com\/share\/1C1V8Gv9BX\/?mibextid=qi2Omg","@patagoniambiental","https:\/\/youtube.com\/@patagoniaambiental2023?si=BLt58t0wuXquxlYZ"]}]}},"_links":{"self":[{"href":"https:\/\/patagoniambiental.com.ar\/info\/wp-json\/wp\/v2\/posts\/38048","targetHints":{"allow":["GET"]}}],"collection":[{"href":"https:\/\/patagoniambiental.com.ar\/info\/wp-json\/wp\/v2\/posts"}],"about":[{"href":"https:\/\/patagoniambiental.com.ar\/info\/wp-json\/wp\/v2\/types\/post"}],"author":[{"embeddable":true,"href":"https:\/\/patagoniambiental.com.ar\/info\/wp-json\/wp\/v2\/users\/2"}],"replies":[{"embeddable":true,"href":"https:\/\/patagoniambiental.com.ar\/info\/wp-json\/wp\/v2\/comments?post=38048"}],"version-history":[{"count":0,"href":"https:\/\/patagoniambiental.com.ar\/info\/wp-json\/wp\/v2\/posts\/38048\/revisions"}],"wp:featuredmedia":[{"embeddable":true,"href":"https:\/\/patagoniambiental.com.ar\/info\/wp-json\/wp\/v2\/media\/38049"}],"wp:attachment":[{"href":"https:\/\/patagoniambiental.com.ar\/info\/wp-json\/wp\/v2\/media?parent=38048"}],"wp:term":[{"taxonomy":"category","embeddable":true,"href":"https:\/\/patagoniambiental.com.ar\/info\/wp-json\/wp\/v2\/categories?post=38048"},{"taxonomy":"post_tag","embeddable":true,"href":"https:\/\/patagoniambiental.com.ar\/info\/wp-json\/wp\/v2\/tags?post=38048"}],"curies":[{"name":"wp","href":"https:\/\/api.w.org\/{rel}","templated":true}]}}