{"id":38066,"date":"2017-11-11T09:00:43","date_gmt":"2017-11-11T12:00:43","guid":{"rendered":"http:\/\/patagoniambiental.com.ar\/info\/?p=38066"},"modified":"2017-11-11T08:12:14","modified_gmt":"2017-11-11T11:12:14","slug":"alumnos-de-la-untdf-presentaron-un-proyecto-de-ley-para-tratamiento-de-residuos-solidos","status":"publish","type":"post","link":"https:\/\/patagoniambiental.com.ar\/info\/alumnos-de-la-untdf-presentaron-un-proyecto-de-ley-para-tratamiento-de-residuos-solidos\/","title":{"rendered":"Alumnos de la UNTDF presentaron un proyecto de ley para tratamiento de residuos s\u00f3lidos"},"content":{"rendered":"<div class=\"contenido_individual_noticia\">\n<p>TIERRA DEL FUEGO.- Contempla darle tratamiento a los residuos s\u00f3lidos urbanos de la provincia. Dicho proyecto busca instituir el marco regulatorio desde la generaci\u00f3n, transporte, tratamiento hasta su disposici\u00f3n final de los residuos a trav\u00e9s de establecer consensos entre el sector privado y el p\u00fablico.<br \/>\nSimilar modalidad se llev\u00f3 adelante a trav\u00e9s de la Ordenanza Municipal N\u00ba 4185, impulsada en el a\u00f1o 2012, por quienes conformaban el Bloque de la UCR, la Arq. Viviana Guglielmi y el actual legislador Oscar Rubinos. En esa oportunidad era necesario y urgente resolver el tratamiento de los residuos que generaba la industria. Los vol\u00famenes impactaban gravemente en la vida \u00fatil del relleno sanitario de Ushuaia. Para ello se convocaron a las partes interesadas y se planific\u00f3 que metodolog\u00eda se aplicar\u00eda con cada tipo de residuo a fin de evitar el ingreso al relleno sanitario.<br \/>\nSatisfactoriamente esta normativa no solo resolvi\u00f3 la reducci\u00f3n de residuos, sino que promovi\u00f3 la concientizaci\u00f3n de los empresarios respecto al impacto que puede causar sus procesos productivos en la comunidad. Los procesos de reciclaje generaron la necesidad de crear nuevas empresas dedicadas a ese rubro y por ende nuevas fuentes de empleo.<br \/>\nTeniendo en cuenta esta exitosa experiencia, es que el Legislador Oscar Rubinos desea expresar su benepl\u00e1cito al proyecto presentado por alumnos de la Universidad de Tierra del Fuego, donde plantean el tratamiento de los residuos que se generan en los domicilios de todos los ciudadanos de la provincia.<br \/>\nUno de los residuos que urgen su tratamiento es el vidrio; para ello los autores de este proyecto se enfocaron en recabar la mayor informaci\u00f3n en cuanto a vol\u00famenes, normativa y posibles tratamientos para que pueda encontrarse una soluci\u00f3n sustentable en el tiempo entre quienes comercializan productos en envases de vidrio, c\u00e1maras empresariales, municipalidades y la Secretar\u00eda Ambiente, Desarrollo Sostenible y Cambio Clim\u00e1tico.<br \/>\nEs importante no perder de vista que empresas como Quilmes reutilizan m\u00e1s del 90% de sus botellas en el pa\u00eds a excepci\u00f3n de Tierra del Fuego donde los envases no son retornables, generando gran cantidad de residuos.<br \/>\nEl proyecto establece, adem\u00e1s, a efectos de brindar distintas alternativas de organizaci\u00f3n y gesti\u00f3n, que dichas operaciones puedan ser realizadas por autogesti\u00f3n de cada empresa, bajo cualquier forma de asociaci\u00f3n empresaria que les permita la gesti\u00f3n conjunta o coordinada de los residuos que genere cada una, o trav\u00e9s de operadores de residuos debidamente habilitados al efecto.<br \/>\nEl Bloque de la UCR-Cambiemos apoyar\u00e1 esta iniciativa, ya que resulta de alto inter\u00e9s y necesidad de promover el desarrollo sustentable de la provincia, crear instrumentos innovadores de gesti\u00f3n en la materia, promover el reciclaje y reutilizaci\u00f3n de residuos para otros procesos productivos, generar responsabilidades y obligaciones a las empresas que generan residuos s\u00f3lidos urbanos.<\/p>\n<\/div>\n<div class=\"contenedor_share_buttons_individual_noticia\"><\/div>\n<div class=\"tags_individual_noticia\">\u00a0Fuente:\u00a0http:\/\/www.eldiariodelfindelmundo.com\/noticias\/2017\/11\/10\/74672-<\/div>\n","protected":false},"excerpt":{"rendered":"<p>TIERRA DEL FUEGO.- Contempla darle tratamiento a los residuos s\u00f3lidos urbanos de la provincia. Dicho proyecto busca instituir el marco [&hellip;]<\/p>\n","protected":false},"author":2,"featured_media":38067,"comment_status":"open","ping_status":"open","sticky":false,"template":"","format":"standard","meta":{"site-sidebar-layout":"default","site-content-layout":"","ast-site-content-layout":"default","site-content-style":"default","site-sidebar-style":"default","ast-global-header-display":"","ast-banner-title-visibility":"","ast-main-header-display":"","ast-hfb-above-header-display":"","ast-hfb-below-header-display":"","ast-hfb-mobile-header-display":"","site-post-title":"","ast-breadcrumbs-content":"","ast-featured-img":"","footer-sml-layout":"","ast-disable-related-posts":"","theme-transparent-header-meta":"","adv-header-id-meta":"","stick-header-meta":"","header-above-stick-meta":"","header-main-stick-meta":"","header-below-stick-meta":"","astra-migrate-meta-layouts":"default","ast-page-background-enabled":"default","ast-page-background-meta":{"desktop":{"background-color":"var(--ast-global-color-5)","background-image":"","background-repeat":"repeat","background-position":"center center","background-size":"auto","background-attachment":"scroll","background-type":"","background-media":"","overlay-type":"","overlay-color":"","overlay-opacity":"","overlay-gradient":""},"tablet":{"background-color":"","background-image":"","background-repeat":"repeat","background-position":"center center","background-size":"auto","background-attachment":"scroll","background-type":"","background-media":"","overlay-type":"","overlay-color":"","overlay-opacity":"","overlay-gradient":""},"mobile":{"background-color":"","background-image":"","background-repeat":"repeat","background-position":"center center","background-size":"auto","background-attachment":"scroll","background-type":"","background-media":"","overlay-type":"","overlay-color":"","overlay-opacity":"","overlay-gradient":""}},"ast-content-background-meta":{"desktop":{"background-color":"var(--ast-global-color-4)","background-image":"","background-repeat":"repeat","background-position":"center center","background-size":"auto","background-attachment":"scroll","background-type":"","background-media":"","overlay-type":"","overlay-color":"","overlay-opacity":"","overlay-gradient":""},"tablet":{"background-color":"var(--ast-global-color-4)","background-image":"","background-repeat":"repeat","background-position":"center center","background-size":"auto","background-attachment":"scroll","background-type":"","background-media":"","overlay-type":"","overlay-color":"","overlay-opacity":"","overlay-gradient":""},"mobile":{"background-color":"var(--ast-global-color-4)","background-image":"","background-repeat":"repeat","background-position":"center center","background-size":"auto","background-attachment":"scroll","background-type":"","background-media":"","overlay-type":"","overlay-color":"","overlay-opacity":"","overlay-gradient":""}},"footnotes":""},"categories":[1,25],"tags":[],"class_list":["post-38066","post","type-post","status-publish","format-standard","has-post-thumbnail","hentry","category-noticias","category-tierra-del-fuego"],"yoast_head":"<!-- This site is optimized with the Yoast SEO Premium plugin v23.0 (Yoast SEO v27.4) - https:\/\/yoast.com\/product\/yoast-seo-premium-wordpress\/ -->\n<title>Alumnos de la UNTDF presentaron un proyecto de ley para tratamiento de residuos s\u00f3lidos<\/title>\n<meta name=\"robots\" content=\"index, follow, max-snippet:-1, max-image-preview:large, max-video-preview:-1\" \/>\n<link rel=\"canonical\" href=\"https:\/\/patagoniambiental.com.ar\/info\/alumnos-de-la-untdf-presentaron-un-proyecto-de-ley-para-tratamiento-de-residuos-solidos\/\" \/>\n<meta property=\"og:locale\" content=\"es_ES\" \/>\n<meta property=\"og:type\" content=\"article\" \/>\n<meta property=\"og:title\" content=\"Alumnos de la UNTDF presentaron un proyecto de ley para tratamiento de residuos s\u00f3lidos\" \/>\n<meta property=\"og:description\" content=\"TIERRA DEL FUEGO.- Contempla darle tratamiento a los residuos s\u00f3lidos urbanos de la provincia. Dicho proyecto busca instituir el marco [&hellip;]\" \/>\n<meta property=\"og:url\" content=\"https:\/\/patagoniambiental.com.ar\/info\/alumnos-de-la-untdf-presentaron-un-proyecto-de-ley-para-tratamiento-de-residuos-solidos\/\" \/>\n<meta property=\"og:site_name\" content=\"Patagonia Ambiental\" \/>\n<meta property=\"article:publisher\" content=\"https:\/\/www.facebook.com\/patagonia.ambiental\" \/>\n<meta property=\"article:author\" content=\"https:\/\/www.facebook.com\/share\/1C1V8Gv9BX\/?mibextid=qi2Omg\" \/>\n<meta property=\"article:published_time\" content=\"2017-11-11T12:00:43+00:00\" \/>\n<meta property=\"og:image\" content=\"https:\/\/patagoniambiental.com.ar\/info\/wp-content\/uploads\/2017\/11\/proyecto-residuos.jpg\" \/>\n\t<meta property=\"og:image:width\" content=\"800\" \/>\n\t<meta property=\"og:image:height\" content=\"534\" \/>\n\t<meta property=\"og:image:type\" content=\"image\/jpeg\" \/>\n<meta name=\"author\" content=\"Patagonia Ambiental\" \/>\n<meta name=\"twitter:card\" content=\"summary_large_image\" \/>\n<meta name=\"twitter:creator\" content=\"@PatAmb\" \/>\n<meta name=\"twitter:site\" content=\"@PatAmb\" \/>\n<script type=\"application\/ld+json\" class=\"yoast-schema-graph\">{\"@context\":\"https:\\\/\\\/schema.org\",\"@graph\":[{\"@type\":\"Article\",\"@id\":\"https:\\\/\\\/patagoniambiental.com.ar\\\/info\\\/alumnos-de-la-untdf-presentaron-un-proyecto-de-ley-para-tratamiento-de-residuos-solidos\\\/#article\",\"isPartOf\":{\"@id\":\"https:\\\/\\\/patagoniambiental.com.ar\\\/info\\\/alumnos-de-la-untdf-presentaron-un-proyecto-de-ley-para-tratamiento-de-residuos-solidos\\\/\"},\"author\":{\"name\":\"Patagonia Ambiental\",\"@id\":\"https:\\\/\\\/patagoniambiental.com.ar\\\/info\\\/#\\\/schema\\\/person\\\/db12bff64bbcbf6a253710bf0ea37b5d\"},\"headline\":\"Alumnos de la UNTDF presentaron un proyecto de ley para tratamiento de residuos s\u00f3lidos\",\"datePublished\":\"2017-11-11T12:00:43+00:00\",\"mainEntityOfPage\":{\"@id\":\"https:\\\/\\\/patagoniambiental.com.ar\\\/info\\\/alumnos-de-la-untdf-presentaron-un-proyecto-de-ley-para-tratamiento-de-residuos-solidos\\\/\"},\"wordCount\":503,\"commentCount\":0,\"publisher\":{\"@id\":\"https:\\\/\\\/patagoniambiental.com.ar\\\/info\\\/#organization\"},\"image\":{\"@id\":\"https:\\\/\\\/patagoniambiental.com.ar\\\/info\\\/alumnos-de-la-untdf-presentaron-un-proyecto-de-ley-para-tratamiento-de-residuos-solidos\\\/#primaryimage\"},\"thumbnailUrl\":\"https:\\\/\\\/patagoniambiental.com.ar\\\/info\\\/wp-content\\\/uploads\\\/2017\\\/11\\\/proyecto-residuos.jpg\",\"articleSection\":[\"Noticias\",\"Tierra del Fuego\"],\"inLanguage\":\"es\",\"potentialAction\":[{\"@type\":\"CommentAction\",\"name\":\"Comment\",\"target\":[\"https:\\\/\\\/patagoniambiental.com.ar\\\/info\\\/alumnos-de-la-untdf-presentaron-un-proyecto-de-ley-para-tratamiento-de-residuos-solidos\\\/#respond\"]}]},{\"@type\":\"WebPage\",\"@id\":\"https:\\\/\\\/patagoniambiental.com.ar\\\/info\\\/alumnos-de-la-untdf-presentaron-un-proyecto-de-ley-para-tratamiento-de-residuos-solidos\\\/\",\"url\":\"https:\\\/\\\/patagoniambiental.com.ar\\\/info\\\/alumnos-de-la-untdf-presentaron-un-proyecto-de-ley-para-tratamiento-de-residuos-solidos\\\/\",\"name\":\"Alumnos de la UNTDF presentaron un proyecto de ley para tratamiento de residuos s\u00f3lidos\",\"isPartOf\":{\"@id\":\"https:\\\/\\\/patagoniambiental.com.ar\\\/info\\\/#website\"},\"primaryImageOfPage\":{\"@id\":\"https:\\\/\\\/patagoniambiental.com.ar\\\/info\\\/alumnos-de-la-untdf-presentaron-un-proyecto-de-ley-para-tratamiento-de-residuos-solidos\\\/#primaryimage\"},\"image\":{\"@id\":\"https:\\\/\\\/patagoniambiental.com.ar\\\/info\\\/alumnos-de-la-untdf-presentaron-un-proyecto-de-ley-para-tratamiento-de-residuos-solidos\\\/#primaryimage\"},\"thumbnailUrl\":\"https:\\\/\\\/patagoniambiental.com.ar\\\/info\\\/wp-content\\\/uploads\\\/2017\\\/11\\\/proyecto-residuos.jpg\",\"datePublished\":\"2017-11-11T12:00:43+00:00\",\"breadcrumb\":{\"@id\":\"https:\\\/\\\/patagoniambiental.com.ar\\\/info\\\/alumnos-de-la-untdf-presentaron-un-proyecto-de-ley-para-tratamiento-de-residuos-solidos\\\/#breadcrumb\"},\"inLanguage\":\"es\",\"potentialAction\":[{\"@type\":\"ReadAction\",\"target\":[\"https:\\\/\\\/patagoniambiental.com.ar\\\/info\\\/alumnos-de-la-untdf-presentaron-un-proyecto-de-ley-para-tratamiento-de-residuos-solidos\\\/\"]}]},{\"@type\":\"ImageObject\",\"inLanguage\":\"es\",\"@id\":\"https:\\\/\\\/patagoniambiental.com.ar\\\/info\\\/alumnos-de-la-untdf-presentaron-un-proyecto-de-ley-para-tratamiento-de-residuos-solidos\\\/#primaryimage\",\"url\":\"https:\\\/\\\/patagoniambiental.com.ar\\\/info\\\/wp-content\\\/uploads\\\/2017\\\/11\\\/proyecto-residuos.jpg\",\"contentUrl\":\"https:\\\/\\\/patagoniambiental.com.ar\\\/info\\\/wp-content\\\/uploads\\\/2017\\\/11\\\/proyecto-residuos.jpg\",\"width\":800,\"height\":534},{\"@type\":\"BreadcrumbList\",\"@id\":\"https:\\\/\\\/patagoniambiental.com.ar\\\/info\\\/alumnos-de-la-untdf-presentaron-un-proyecto-de-ley-para-tratamiento-de-residuos-solidos\\\/#breadcrumb\",\"itemListElement\":[{\"@type\":\"ListItem\",\"position\":1,\"name\":\"Inicio\",\"item\":\"https:\\\/\\\/patagoniambiental.com.ar\\\/info\\\/\"},{\"@type\":\"ListItem\",\"position\":2,\"name\":\"Alumnos de la UNTDF presentaron un proyecto de ley para tratamiento de residuos s\u00f3lidos\"}]},{\"@type\":\"WebSite\",\"@id\":\"https:\\\/\\\/patagoniambiental.com.ar\\\/info\\\/#website\",\"url\":\"https:\\\/\\\/patagoniambiental.com.ar\\\/info\\\/\",\"name\":\"Patagonia Ambiental\",\"description\":\"Monitoreo y an\u00e1lisis de la situaci\u00f3n geopol\u00edtica en el mundo y su implicancia en la Patagonia\",\"publisher\":{\"@id\":\"https:\\\/\\\/patagoniambiental.com.ar\\\/info\\\/#organization\"},\"potentialAction\":[{\"@type\":\"SearchAction\",\"target\":{\"@type\":\"EntryPoint\",\"urlTemplate\":\"https:\\\/\\\/patagoniambiental.com.ar\\\/info\\\/?s={search_term_string}\"},\"query-input\":{\"@type\":\"PropertyValueSpecification\",\"valueRequired\":true,\"valueName\":\"search_term_string\"}}],\"inLanguage\":\"es\"},{\"@type\":\"Organization\",\"@id\":\"https:\\\/\\\/patagoniambiental.com.ar\\\/info\\\/#organization\",\"name\":\"Patagonia Ambiental\",\"url\":\"https:\\\/\\\/patagoniambiental.com.ar\\\/info\\\/\",\"logo\":{\"@type\":\"ImageObject\",\"inLanguage\":\"es\",\"@id\":\"https:\\\/\\\/patagoniambiental.com.ar\\\/info\\\/#\\\/schema\\\/logo\\\/image\\\/\",\"url\":\"https:\\\/\\\/patagoniambiental.com.ar\\\/info\\\/wp-content\\\/uploads\\\/2025\\\/05\\\/LOGO-PATAGONIA-AMBIENTAL.png\",\"contentUrl\":\"https:\\\/\\\/patagoniambiental.com.ar\\\/info\\\/wp-content\\\/uploads\\\/2025\\\/05\\\/LOGO-PATAGONIA-AMBIENTAL.png\",\"width\":433,\"height\":250,\"caption\":\"Patagonia Ambiental\"},\"image\":{\"@id\":\"https:\\\/\\\/patagoniambiental.com.ar\\\/info\\\/#\\\/schema\\\/logo\\\/image\\\/\"},\"sameAs\":[\"https:\\\/\\\/www.facebook.com\\\/patagonia.ambiental\",\"https:\\\/\\\/x.com\\\/PatAmb\"]},{\"@type\":\"Person\",\"@id\":\"https:\\\/\\\/patagoniambiental.com.ar\\\/info\\\/#\\\/schema\\\/person\\\/db12bff64bbcbf6a253710bf0ea37b5d\",\"name\":\"Patagonia Ambiental\",\"description\":\"Andr\u00e9s Nievas T\u00e9cnico en manejo ambiental, consultor Ambiental y escritor para medios locales e internacionales sobre temas de geopolitica y medio ambiente.\",\"sameAs\":[\"http:\\\/\\\/www.patagoniambiental.com.ar\",\"https:\\\/\\\/www.facebook.com\\\/share\\\/1C1V8Gv9BX\\\/?mibextid=qi2Omg\",\"@patagoniambiental\",\"https:\\\/\\\/youtube.com\\\/@patagoniaambiental2023?si=BLt58t0wuXquxlYZ\"]}]}<\/script>\n<!-- \/ Yoast SEO Premium plugin. -->","yoast_head_json":{"title":"Alumnos de la UNTDF presentaron un proyecto de ley para tratamiento de residuos s\u00f3lidos","robots":{"index":"index","follow":"follow","max-snippet":"max-snippet:-1","max-image-preview":"max-image-preview:large","max-video-preview":"max-video-preview:-1"},"canonical":"https:\/\/patagoniambiental.com.ar\/info\/alumnos-de-la-untdf-presentaron-un-proyecto-de-ley-para-tratamiento-de-residuos-solidos\/","og_locale":"es_ES","og_type":"article","og_title":"Alumnos de la UNTDF presentaron un proyecto de ley para tratamiento de residuos s\u00f3lidos","og_description":"TIERRA DEL FUEGO.- Contempla darle tratamiento a los residuos s\u00f3lidos urbanos de la provincia. Dicho proyecto busca instituir el marco [&hellip;]","og_url":"https:\/\/patagoniambiental.com.ar\/info\/alumnos-de-la-untdf-presentaron-un-proyecto-de-ley-para-tratamiento-de-residuos-solidos\/","og_site_name":"Patagonia Ambiental","article_publisher":"https:\/\/www.facebook.com\/patagonia.ambiental","article_author":"https:\/\/www.facebook.com\/share\/1C1V8Gv9BX\/?mibextid=qi2Omg","article_published_time":"2017-11-11T12:00:43+00:00","og_image":[{"width":800,"height":534,"url":"https:\/\/patagoniambiental.com.ar\/info\/wp-content\/uploads\/2017\/11\/proyecto-residuos.jpg","type":"image\/jpeg"}],"author":"Patagonia Ambiental","twitter_card":"summary_large_image","twitter_creator":"@PatAmb","twitter_site":"@PatAmb","schema":{"@context":"https:\/\/schema.org","@graph":[{"@type":"Article","@id":"https:\/\/patagoniambiental.com.ar\/info\/alumnos-de-la-untdf-presentaron-un-proyecto-de-ley-para-tratamiento-de-residuos-solidos\/#article","isPartOf":{"@id":"https:\/\/patagoniambiental.com.ar\/info\/alumnos-de-la-untdf-presentaron-un-proyecto-de-ley-para-tratamiento-de-residuos-solidos\/"},"author":{"name":"Patagonia Ambiental","@id":"https:\/\/patagoniambiental.com.ar\/info\/#\/schema\/person\/db12bff64bbcbf6a253710bf0ea37b5d"},"headline":"Alumnos de la UNTDF presentaron un proyecto de ley para tratamiento de residuos s\u00f3lidos","datePublished":"2017-11-11T12:00:43+00:00","mainEntityOfPage":{"@id":"https:\/\/patagoniambiental.com.ar\/info\/alumnos-de-la-untdf-presentaron-un-proyecto-de-ley-para-tratamiento-de-residuos-solidos\/"},"wordCount":503,"commentCount":0,"publisher":{"@id":"https:\/\/patagoniambiental.com.ar\/info\/#organization"},"image":{"@id":"https:\/\/patagoniambiental.com.ar\/info\/alumnos-de-la-untdf-presentaron-un-proyecto-de-ley-para-tratamiento-de-residuos-solidos\/#primaryimage"},"thumbnailUrl":"https:\/\/patagoniambiental.com.ar\/info\/wp-content\/uploads\/2017\/11\/proyecto-residuos.jpg","articleSection":["Noticias","Tierra del Fuego"],"inLanguage":"es","potentialAction":[{"@type":"CommentAction","name":"Comment","target":["https:\/\/patagoniambiental.com.ar\/info\/alumnos-de-la-untdf-presentaron-un-proyecto-de-ley-para-tratamiento-de-residuos-solidos\/#respond"]}]},{"@type":"WebPage","@id":"https:\/\/patagoniambiental.com.ar\/info\/alumnos-de-la-untdf-presentaron-un-proyecto-de-ley-para-tratamiento-de-residuos-solidos\/","url":"https:\/\/patagoniambiental.com.ar\/info\/alumnos-de-la-untdf-presentaron-un-proyecto-de-ley-para-tratamiento-de-residuos-solidos\/","name":"Alumnos de la UNTDF presentaron un proyecto de ley para tratamiento de residuos s\u00f3lidos","isPartOf":{"@id":"https:\/\/patagoniambiental.com.ar\/info\/#website"},"primaryImageOfPage":{"@id":"https:\/\/patagoniambiental.com.ar\/info\/alumnos-de-la-untdf-presentaron-un-proyecto-de-ley-para-tratamiento-de-residuos-solidos\/#primaryimage"},"image":{"@id":"https:\/\/patagoniambiental.com.ar\/info\/alumnos-de-la-untdf-presentaron-un-proyecto-de-ley-para-tratamiento-de-residuos-solidos\/#primaryimage"},"thumbnailUrl":"https:\/\/patagoniambiental.com.ar\/info\/wp-content\/uploads\/2017\/11\/proyecto-residuos.jpg","datePublished":"2017-11-11T12:00:43+00:00","breadcrumb":{"@id":"https:\/\/patagoniambiental.com.ar\/info\/alumnos-de-la-untdf-presentaron-un-proyecto-de-ley-para-tratamiento-de-residuos-solidos\/#breadcrumb"},"inLanguage":"es","potentialAction":[{"@type":"ReadAction","target":["https:\/\/patagoniambiental.com.ar\/info\/alumnos-de-la-untdf-presentaron-un-proyecto-de-ley-para-tratamiento-de-residuos-solidos\/"]}]},{"@type":"ImageObject","inLanguage":"es","@id":"https:\/\/patagoniambiental.com.ar\/info\/alumnos-de-la-untdf-presentaron-un-proyecto-de-ley-para-tratamiento-de-residuos-solidos\/#primaryimage","url":"https:\/\/patagoniambiental.com.ar\/info\/wp-content\/uploads\/2017\/11\/proyecto-residuos.jpg","contentUrl":"https:\/\/patagoniambiental.com.ar\/info\/wp-content\/uploads\/2017\/11\/proyecto-residuos.jpg","width":800,"height":534},{"@type":"BreadcrumbList","@id":"https:\/\/patagoniambiental.com.ar\/info\/alumnos-de-la-untdf-presentaron-un-proyecto-de-ley-para-tratamiento-de-residuos-solidos\/#breadcrumb","itemListElement":[{"@type":"ListItem","position":1,"name":"Inicio","item":"https:\/\/patagoniambiental.com.ar\/info\/"},{"@type":"ListItem","position":2,"name":"Alumnos de la UNTDF presentaron un proyecto de ley para tratamiento de residuos s\u00f3lidos"}]},{"@type":"WebSite","@id":"https:\/\/patagoniambiental.com.ar\/info\/#website","url":"https:\/\/patagoniambiental.com.ar\/info\/","name":"Patagonia Ambiental","description":"Monitoreo y an\u00e1lisis de la situaci\u00f3n geopol\u00edtica en el mundo y su implicancia en la Patagonia","publisher":{"@id":"https:\/\/patagoniambiental.com.ar\/info\/#organization"},"potentialAction":[{"@type":"SearchAction","target":{"@type":"EntryPoint","urlTemplate":"https:\/\/patagoniambiental.com.ar\/info\/?s={search_term_string}"},"query-input":{"@type":"PropertyValueSpecification","valueRequired":true,"valueName":"search_term_string"}}],"inLanguage":"es"},{"@type":"Organization","@id":"https:\/\/patagoniambiental.com.ar\/info\/#organization","name":"Patagonia Ambiental","url":"https:\/\/patagoniambiental.com.ar\/info\/","logo":{"@type":"ImageObject","inLanguage":"es","@id":"https:\/\/patagoniambiental.com.ar\/info\/#\/schema\/logo\/image\/","url":"https:\/\/patagoniambiental.com.ar\/info\/wp-content\/uploads\/2025\/05\/LOGO-PATAGONIA-AMBIENTAL.png","contentUrl":"https:\/\/patagoniambiental.com.ar\/info\/wp-content\/uploads\/2025\/05\/LOGO-PATAGONIA-AMBIENTAL.png","width":433,"height":250,"caption":"Patagonia Ambiental"},"image":{"@id":"https:\/\/patagoniambiental.com.ar\/info\/#\/schema\/logo\/image\/"},"sameAs":["https:\/\/www.facebook.com\/patagonia.ambiental","https:\/\/x.com\/PatAmb"]},{"@type":"Person","@id":"https:\/\/patagoniambiental.com.ar\/info\/#\/schema\/person\/db12bff64bbcbf6a253710bf0ea37b5d","name":"Patagonia Ambiental","description":"Andr\u00e9s Nievas T\u00e9cnico en manejo ambiental, consultor Ambiental y escritor para medios locales e internacionales sobre temas de geopolitica y medio ambiente.","sameAs":["http:\/\/www.patagoniambiental.com.ar","https:\/\/www.facebook.com\/share\/1C1V8Gv9BX\/?mibextid=qi2Omg","@patagoniambiental","https:\/\/youtube.com\/@patagoniaambiental2023?si=BLt58t0wuXquxlYZ"]}]}},"_links":{"self":[{"href":"https:\/\/patagoniambiental.com.ar\/info\/wp-json\/wp\/v2\/posts\/38066","targetHints":{"allow":["GET"]}}],"collection":[{"href":"https:\/\/patagoniambiental.com.ar\/info\/wp-json\/wp\/v2\/posts"}],"about":[{"href":"https:\/\/patagoniambiental.com.ar\/info\/wp-json\/wp\/v2\/types\/post"}],"author":[{"embeddable":true,"href":"https:\/\/patagoniambiental.com.ar\/info\/wp-json\/wp\/v2\/users\/2"}],"replies":[{"embeddable":true,"href":"https:\/\/patagoniambiental.com.ar\/info\/wp-json\/wp\/v2\/comments?post=38066"}],"version-history":[{"count":0,"href":"https:\/\/patagoniambiental.com.ar\/info\/wp-json\/wp\/v2\/posts\/38066\/revisions"}],"wp:featuredmedia":[{"embeddable":true,"href":"https:\/\/patagoniambiental.com.ar\/info\/wp-json\/wp\/v2\/media\/38067"}],"wp:attachment":[{"href":"https:\/\/patagoniambiental.com.ar\/info\/wp-json\/wp\/v2\/media?parent=38066"}],"wp:term":[{"taxonomy":"category","embeddable":true,"href":"https:\/\/patagoniambiental.com.ar\/info\/wp-json\/wp\/v2\/categories?post=38066"},{"taxonomy":"post_tag","embeddable":true,"href":"https:\/\/patagoniambiental.com.ar\/info\/wp-json\/wp\/v2\/tags?post=38066"}],"curies":[{"name":"wp","href":"https:\/\/api.w.org\/{rel}","templated":true}]}}