{"id":38093,"date":"2017-11-13T09:00:20","date_gmt":"2017-11-13T12:00:20","guid":{"rendered":"http:\/\/patagoniambiental.com.ar\/info\/?p=38093"},"modified":"2017-11-12T18:21:28","modified_gmt":"2017-11-12T21:21:28","slug":"rio-gallegos-campagnucci-anticipo-que-en-febrero-estara-practicamente-instalada-la-planta-de-transferencia-en-el-vaciadero","status":"publish","type":"post","link":"https:\/\/patagoniambiental.com.ar\/info\/rio-gallegos-campagnucci-anticipo-que-en-febrero-estara-practicamente-instalada-la-planta-de-transferencia-en-el-vaciadero\/","title":{"rendered":"R\u00edo Gallegos: Campagnucci anticip\u00f3 que en febrero estar\u00e1 \u00abpracticamente instalada\u00bb la planta de transferencia en el Vaciadero"},"content":{"rendered":"<p>R\u00cdO GALLEGOS.- En di\u00e1logo con\u00a0<strong>TS-Digital<\/strong>, el secretario de Obras P\u00fablicas municipal, Rub\u00e9n Campagnucci hizo alusi\u00f3n a la actual situaci\u00f3n del Vaciadero municipal. En tal sentido, indic\u00f3 que ma\u00f1ana llegar\u00eda la \u00faltima parte del equipo solicitado para reacondicionar el predio actual, de cara a proyecci\u00f3n de la planta de transferencia.<\/p>\n<p>Seg\u00fan lo advirti\u00f3 el secretario de Obras P\u00fablicas y Urbanismo, cuentan con una dotaci\u00f3n de tres camiones y \u00e9ste ser\u00eda el cuarto que adquieren. \u00abEstamos acondicionando el galp\u00f3n del vaciadero viejo para hacer la planta de transferencia\u00bb, afirm\u00f3 Campagnucci, quien remarc\u00f3 que en febrero estar\u00eda pr\u00e1cticamenrte instalada.<\/p>\n<p>Aunque dio cuenta que deben hacer trasbajos de infraestructura porque el equipo pesa 25 toneladas, por lo cual son necesarios unos cimientos que soporten el peso. \u00abHubo que desarmar parte de la cinta transportadora, cambiar chapas y limpiar porque se hab\u00edan metido palomas\u00bb, se\u00f1al\u00f3. Al tiempo que sostuvo que \u00abqueda muy poco espacio para los residuos en el vaciadero actual\u00bb<\/p>\n<p>Campagnucci explic\u00f3 que el sistema que se va a implementar es el compactado y enfardado de la basura, en fardos de 1,50 x 1,20 x 80 cm de alto, que ser\u00e1n trasladados en los camiones a la nueva planta, ubicada a 21 km de la ciudad capital.<\/p>\n<p>Plan de bacheo.-<\/p>\n<p>\u00abPara que nos vamos a poner a bachear si va a haber que romper\u00bb, afirm\u00f3 el secretario de Obras P\u00fablicas, respecto a la obra de pluviales en sectores que hoy en d\u00eda necesitan bacheo del pavimento. Los primeros d\u00edas de diciembre entiende que comenzar\u00e1n a trabajar en la obra de pluviales, que llevar\u00e1 un plazo alrededor de 18 meses.<\/p>\n<p>Sin embargo, dej\u00f3 en claro que \u00abse est\u00e1 tramitando el bacheo de las calles que no est\u00e1n afectadas por el pluvial\u00bb. \u00abEs una licitaci\u00f3n que est\u00e1 por salir en estos d\u00edas\u00bb, precis\u00f3.<\/p>\n<p>Fuente:\u00a0https:\/\/www.tiemposur.com.ar\/nota\/142171-campagnucci-anticipo-que-en-febrero-estara-practicamente-instalada-la-planta-de-transferencia-en-el-vaciadero<\/p>\n","protected":false},"excerpt":{"rendered":"<p>R\u00cdO GALLEGOS.- En di\u00e1logo con\u00a0TS-Digital, el secretario de Obras P\u00fablicas municipal, Rub\u00e9n Campagnucci hizo alusi\u00f3n a la actual situaci\u00f3n del [&hellip;]<\/p>\n","protected":false},"author":2,"featured_media":38094,"comment_status":"open","ping_status":"open","sticky":false,"template":"","format":"standard","meta":{"site-sidebar-layout":"default","site-content-layout":"","ast-site-content-layout":"default","site-content-style":"default","site-sidebar-style":"default","ast-global-header-display":"","ast-banner-title-visibility":"","ast-main-header-display":"","ast-hfb-above-header-display":"","ast-hfb-below-header-display":"","ast-hfb-mobile-header-display":"","site-post-title":"","ast-breadcrumbs-content":"","ast-featured-img":"","footer-sml-layout":"","ast-disable-related-posts":"","theme-transparent-header-meta":"","adv-header-id-meta":"","stick-header-meta":"","header-above-stick-meta":"","header-main-stick-meta":"","header-below-stick-meta":"","astra-migrate-meta-layouts":"default","ast-page-background-enabled":"default","ast-page-background-meta":{"desktop":{"background-color":"var(--ast-global-color-5)","background-image":"","background-repeat":"repeat","background-position":"center center","background-size":"auto","background-attachment":"scroll","background-type":"","background-media":"","overlay-type":"","overlay-color":"","overlay-opacity":"","overlay-gradient":""},"tablet":{"background-color":"","background-image":"","background-repeat":"repeat","background-position":"center center","background-size":"auto","background-attachment":"scroll","background-type":"","background-media":"","overlay-type":"","overlay-color":"","overlay-opacity":"","overlay-gradient":""},"mobile":{"background-color":"","background-image":"","background-repeat":"repeat","background-position":"center center","background-size":"auto","background-attachment":"scroll","background-type":"","background-media":"","overlay-type":"","overlay-color":"","overlay-opacity":"","overlay-gradient":""}},"ast-content-background-meta":{"desktop":{"background-color":"var(--ast-global-color-4)","background-image":"","background-repeat":"repeat","background-position":"center center","background-size":"auto","background-attachment":"scroll","background-type":"","background-media":"","overlay-type":"","overlay-color":"","overlay-opacity":"","overlay-gradient":""},"tablet":{"background-color":"var(--ast-global-color-4)","background-image":"","background-repeat":"repeat","background-position":"center center","background-size":"auto","background-attachment":"scroll","background-type":"","background-media":"","overlay-type":"","overlay-color":"","overlay-opacity":"","overlay-gradient":""},"mobile":{"background-color":"var(--ast-global-color-4)","background-image":"","background-repeat":"repeat","background-position":"center center","background-size":"auto","background-attachment":"scroll","background-type":"","background-media":"","overlay-type":"","overlay-color":"","overlay-opacity":"","overlay-gradient":""}},"footnotes":""},"categories":[46,1],"tags":[],"class_list":["post-38093","post","type-post","status-publish","format-standard","has-post-thumbnail","hentry","category-municipios","category-noticias"],"yoast_head":"<!-- This site is optimized with the Yoast SEO Premium plugin v23.0 (Yoast SEO v27.4) - https:\/\/yoast.com\/product\/yoast-seo-premium-wordpress\/ -->\n<title>R\u00edo Gallegos: Campagnucci anticip\u00f3 que en febrero estar\u00e1 &quot;practicamente instalada&quot; la planta de transferencia en el Vaciadero<\/title>\n<meta name=\"robots\" content=\"index, follow, max-snippet:-1, max-image-preview:large, max-video-preview:-1\" \/>\n<link rel=\"canonical\" href=\"https:\/\/patagoniambiental.com.ar\/info\/rio-gallegos-campagnucci-anticipo-que-en-febrero-estara-practicamente-instalada-la-planta-de-transferencia-en-el-vaciadero\/\" \/>\n<meta property=\"og:locale\" content=\"es_ES\" \/>\n<meta property=\"og:type\" content=\"article\" \/>\n<meta property=\"og:title\" content=\"R\u00edo Gallegos: Campagnucci anticip\u00f3 que en febrero estar\u00e1 &quot;practicamente instalada&quot; la planta de transferencia en el Vaciadero\" \/>\n<meta property=\"og:description\" content=\"R\u00cdO GALLEGOS.- En di\u00e1logo con\u00a0TS-Digital, el secretario de Obras P\u00fablicas municipal, Rub\u00e9n Campagnucci hizo alusi\u00f3n a la actual situaci\u00f3n del [&hellip;]\" \/>\n<meta property=\"og:url\" content=\"https:\/\/patagoniambiental.com.ar\/info\/rio-gallegos-campagnucci-anticipo-que-en-febrero-estara-practicamente-instalada-la-planta-de-transferencia-en-el-vaciadero\/\" \/>\n<meta property=\"og:site_name\" content=\"Patagonia Ambiental\" \/>\n<meta property=\"article:publisher\" content=\"https:\/\/www.facebook.com\/patagonia.ambiental\" \/>\n<meta property=\"article:author\" content=\"https:\/\/www.facebook.com\/share\/1C1V8Gv9BX\/?mibextid=qi2Omg\" \/>\n<meta property=\"article:published_time\" content=\"2017-11-13T12:00:20+00:00\" \/>\n<meta property=\"og:image\" content=\"https:\/\/patagoniambiental.com.ar\/info\/wp-content\/uploads\/2017\/11\/vertedero-gallegos.jpg\" \/>\n\t<meta property=\"og:image:width\" content=\"560\" \/>\n\t<meta property=\"og:image:height\" content=\"372\" \/>\n\t<meta property=\"og:image:type\" content=\"image\/jpeg\" \/>\n<meta name=\"author\" content=\"Patagonia Ambiental\" \/>\n<meta name=\"twitter:card\" content=\"summary_large_image\" \/>\n<meta name=\"twitter:creator\" content=\"@PatAmb\" \/>\n<meta name=\"twitter:site\" content=\"@PatAmb\" \/>\n<script type=\"application\/ld+json\" class=\"yoast-schema-graph\">{\"@context\":\"https:\\\/\\\/schema.org\",\"@graph\":[{\"@type\":\"Article\",\"@id\":\"https:\\\/\\\/patagoniambiental.com.ar\\\/info\\\/rio-gallegos-campagnucci-anticipo-que-en-febrero-estara-practicamente-instalada-la-planta-de-transferencia-en-el-vaciadero\\\/#article\",\"isPartOf\":{\"@id\":\"https:\\\/\\\/patagoniambiental.com.ar\\\/info\\\/rio-gallegos-campagnucci-anticipo-que-en-febrero-estara-practicamente-instalada-la-planta-de-transferencia-en-el-vaciadero\\\/\"},\"author\":{\"name\":\"Patagonia Ambiental\",\"@id\":\"https:\\\/\\\/patagoniambiental.com.ar\\\/info\\\/#\\\/schema\\\/person\\\/db12bff64bbcbf6a253710bf0ea37b5d\"},\"headline\":\"R\u00edo Gallegos: Campagnucci anticip\u00f3 que en febrero estar\u00e1 \u00abpracticamente instalada\u00bb la planta de transferencia en el Vaciadero\",\"datePublished\":\"2017-11-13T12:00:20+00:00\",\"mainEntityOfPage\":{\"@id\":\"https:\\\/\\\/patagoniambiental.com.ar\\\/info\\\/rio-gallegos-campagnucci-anticipo-que-en-febrero-estara-practicamente-instalada-la-planta-de-transferencia-en-el-vaciadero\\\/\"},\"wordCount\":346,\"commentCount\":0,\"publisher\":{\"@id\":\"https:\\\/\\\/patagoniambiental.com.ar\\\/info\\\/#organization\"},\"image\":{\"@id\":\"https:\\\/\\\/patagoniambiental.com.ar\\\/info\\\/rio-gallegos-campagnucci-anticipo-que-en-febrero-estara-practicamente-instalada-la-planta-de-transferencia-en-el-vaciadero\\\/#primaryimage\"},\"thumbnailUrl\":\"https:\\\/\\\/patagoniambiental.com.ar\\\/info\\\/wp-content\\\/uploads\\\/2017\\\/11\\\/vertedero-gallegos.jpg\",\"articleSection\":[\"Municipios\",\"Noticias\"],\"inLanguage\":\"es\",\"potentialAction\":[{\"@type\":\"CommentAction\",\"name\":\"Comment\",\"target\":[\"https:\\\/\\\/patagoniambiental.com.ar\\\/info\\\/rio-gallegos-campagnucci-anticipo-que-en-febrero-estara-practicamente-instalada-la-planta-de-transferencia-en-el-vaciadero\\\/#respond\"]}]},{\"@type\":\"WebPage\",\"@id\":\"https:\\\/\\\/patagoniambiental.com.ar\\\/info\\\/rio-gallegos-campagnucci-anticipo-que-en-febrero-estara-practicamente-instalada-la-planta-de-transferencia-en-el-vaciadero\\\/\",\"url\":\"https:\\\/\\\/patagoniambiental.com.ar\\\/info\\\/rio-gallegos-campagnucci-anticipo-que-en-febrero-estara-practicamente-instalada-la-planta-de-transferencia-en-el-vaciadero\\\/\",\"name\":\"R\u00edo Gallegos: Campagnucci anticip\u00f3 que en febrero estar\u00e1 \\\"practicamente instalada\\\" la planta de transferencia en el Vaciadero\",\"isPartOf\":{\"@id\":\"https:\\\/\\\/patagoniambiental.com.ar\\\/info\\\/#website\"},\"primaryImageOfPage\":{\"@id\":\"https:\\\/\\\/patagoniambiental.com.ar\\\/info\\\/rio-gallegos-campagnucci-anticipo-que-en-febrero-estara-practicamente-instalada-la-planta-de-transferencia-en-el-vaciadero\\\/#primaryimage\"},\"image\":{\"@id\":\"https:\\\/\\\/patagoniambiental.com.ar\\\/info\\\/rio-gallegos-campagnucci-anticipo-que-en-febrero-estara-practicamente-instalada-la-planta-de-transferencia-en-el-vaciadero\\\/#primaryimage\"},\"thumbnailUrl\":\"https:\\\/\\\/patagoniambiental.com.ar\\\/info\\\/wp-content\\\/uploads\\\/2017\\\/11\\\/vertedero-gallegos.jpg\",\"datePublished\":\"2017-11-13T12:00:20+00:00\",\"breadcrumb\":{\"@id\":\"https:\\\/\\\/patagoniambiental.com.ar\\\/info\\\/rio-gallegos-campagnucci-anticipo-que-en-febrero-estara-practicamente-instalada-la-planta-de-transferencia-en-el-vaciadero\\\/#breadcrumb\"},\"inLanguage\":\"es\",\"potentialAction\":[{\"@type\":\"ReadAction\",\"target\":[\"https:\\\/\\\/patagoniambiental.com.ar\\\/info\\\/rio-gallegos-campagnucci-anticipo-que-en-febrero-estara-practicamente-instalada-la-planta-de-transferencia-en-el-vaciadero\\\/\"]}]},{\"@type\":\"ImageObject\",\"inLanguage\":\"es\",\"@id\":\"https:\\\/\\\/patagoniambiental.com.ar\\\/info\\\/rio-gallegos-campagnucci-anticipo-que-en-febrero-estara-practicamente-instalada-la-planta-de-transferencia-en-el-vaciadero\\\/#primaryimage\",\"url\":\"https:\\\/\\\/patagoniambiental.com.ar\\\/info\\\/wp-content\\\/uploads\\\/2017\\\/11\\\/vertedero-gallegos.jpg\",\"contentUrl\":\"https:\\\/\\\/patagoniambiental.com.ar\\\/info\\\/wp-content\\\/uploads\\\/2017\\\/11\\\/vertedero-gallegos.jpg\",\"width\":560,\"height\":372},{\"@type\":\"BreadcrumbList\",\"@id\":\"https:\\\/\\\/patagoniambiental.com.ar\\\/info\\\/rio-gallegos-campagnucci-anticipo-que-en-febrero-estara-practicamente-instalada-la-planta-de-transferencia-en-el-vaciadero\\\/#breadcrumb\",\"itemListElement\":[{\"@type\":\"ListItem\",\"position\":1,\"name\":\"Inicio\",\"item\":\"https:\\\/\\\/patagoniambiental.com.ar\\\/info\\\/\"},{\"@type\":\"ListItem\",\"position\":2,\"name\":\"R\u00edo Gallegos: Campagnucci anticip\u00f3 que en febrero estar\u00e1 \u00abpracticamente instalada\u00bb la planta de transferencia en el Vaciadero\"}]},{\"@type\":\"WebSite\",\"@id\":\"https:\\\/\\\/patagoniambiental.com.ar\\\/info\\\/#website\",\"url\":\"https:\\\/\\\/patagoniambiental.com.ar\\\/info\\\/\",\"name\":\"Patagonia Ambiental\",\"description\":\"Monitoreo y an\u00e1lisis de la situaci\u00f3n geopol\u00edtica en el mundo y su implicancia en la Patagonia\",\"publisher\":{\"@id\":\"https:\\\/\\\/patagoniambiental.com.ar\\\/info\\\/#organization\"},\"potentialAction\":[{\"@type\":\"SearchAction\",\"target\":{\"@type\":\"EntryPoint\",\"urlTemplate\":\"https:\\\/\\\/patagoniambiental.com.ar\\\/info\\\/?s={search_term_string}\"},\"query-input\":{\"@type\":\"PropertyValueSpecification\",\"valueRequired\":true,\"valueName\":\"search_term_string\"}}],\"inLanguage\":\"es\"},{\"@type\":\"Organization\",\"@id\":\"https:\\\/\\\/patagoniambiental.com.ar\\\/info\\\/#organization\",\"name\":\"Patagonia Ambiental\",\"url\":\"https:\\\/\\\/patagoniambiental.com.ar\\\/info\\\/\",\"logo\":{\"@type\":\"ImageObject\",\"inLanguage\":\"es\",\"@id\":\"https:\\\/\\\/patagoniambiental.com.ar\\\/info\\\/#\\\/schema\\\/logo\\\/image\\\/\",\"url\":\"https:\\\/\\\/patagoniambiental.com.ar\\\/info\\\/wp-content\\\/uploads\\\/2025\\\/05\\\/LOGO-PATAGONIA-AMBIENTAL.png\",\"contentUrl\":\"https:\\\/\\\/patagoniambiental.com.ar\\\/info\\\/wp-content\\\/uploads\\\/2025\\\/05\\\/LOGO-PATAGONIA-AMBIENTAL.png\",\"width\":433,\"height\":250,\"caption\":\"Patagonia Ambiental\"},\"image\":{\"@id\":\"https:\\\/\\\/patagoniambiental.com.ar\\\/info\\\/#\\\/schema\\\/logo\\\/image\\\/\"},\"sameAs\":[\"https:\\\/\\\/www.facebook.com\\\/patagonia.ambiental\",\"https:\\\/\\\/x.com\\\/PatAmb\"]},{\"@type\":\"Person\",\"@id\":\"https:\\\/\\\/patagoniambiental.com.ar\\\/info\\\/#\\\/schema\\\/person\\\/db12bff64bbcbf6a253710bf0ea37b5d\",\"name\":\"Patagonia Ambiental\",\"description\":\"Andr\u00e9s Nievas T\u00e9cnico en manejo ambiental, consultor Ambiental y escritor para medios locales e internacionales sobre temas de geopolitica y medio ambiente.\",\"sameAs\":[\"http:\\\/\\\/www.patagoniambiental.com.ar\",\"https:\\\/\\\/www.facebook.com\\\/share\\\/1C1V8Gv9BX\\\/?mibextid=qi2Omg\",\"@patagoniambiental\",\"https:\\\/\\\/youtube.com\\\/@patagoniaambiental2023?si=BLt58t0wuXquxlYZ\"]}]}<\/script>\n<!-- \/ Yoast SEO Premium plugin. -->","yoast_head_json":{"title":"R\u00edo Gallegos: Campagnucci anticip\u00f3 que en febrero estar\u00e1 \"practicamente instalada\" la planta de transferencia en el Vaciadero","robots":{"index":"index","follow":"follow","max-snippet":"max-snippet:-1","max-image-preview":"max-image-preview:large","max-video-preview":"max-video-preview:-1"},"canonical":"https:\/\/patagoniambiental.com.ar\/info\/rio-gallegos-campagnucci-anticipo-que-en-febrero-estara-practicamente-instalada-la-planta-de-transferencia-en-el-vaciadero\/","og_locale":"es_ES","og_type":"article","og_title":"R\u00edo Gallegos: Campagnucci anticip\u00f3 que en febrero estar\u00e1 \"practicamente instalada\" la planta de transferencia en el Vaciadero","og_description":"R\u00cdO GALLEGOS.- En di\u00e1logo con\u00a0TS-Digital, el secretario de Obras P\u00fablicas municipal, Rub\u00e9n Campagnucci hizo alusi\u00f3n a la actual situaci\u00f3n del [&hellip;]","og_url":"https:\/\/patagoniambiental.com.ar\/info\/rio-gallegos-campagnucci-anticipo-que-en-febrero-estara-practicamente-instalada-la-planta-de-transferencia-en-el-vaciadero\/","og_site_name":"Patagonia Ambiental","article_publisher":"https:\/\/www.facebook.com\/patagonia.ambiental","article_author":"https:\/\/www.facebook.com\/share\/1C1V8Gv9BX\/?mibextid=qi2Omg","article_published_time":"2017-11-13T12:00:20+00:00","og_image":[{"width":560,"height":372,"url":"https:\/\/patagoniambiental.com.ar\/info\/wp-content\/uploads\/2017\/11\/vertedero-gallegos.jpg","type":"image\/jpeg"}],"author":"Patagonia Ambiental","twitter_card":"summary_large_image","twitter_creator":"@PatAmb","twitter_site":"@PatAmb","schema":{"@context":"https:\/\/schema.org","@graph":[{"@type":"Article","@id":"https:\/\/patagoniambiental.com.ar\/info\/rio-gallegos-campagnucci-anticipo-que-en-febrero-estara-practicamente-instalada-la-planta-de-transferencia-en-el-vaciadero\/#article","isPartOf":{"@id":"https:\/\/patagoniambiental.com.ar\/info\/rio-gallegos-campagnucci-anticipo-que-en-febrero-estara-practicamente-instalada-la-planta-de-transferencia-en-el-vaciadero\/"},"author":{"name":"Patagonia Ambiental","@id":"https:\/\/patagoniambiental.com.ar\/info\/#\/schema\/person\/db12bff64bbcbf6a253710bf0ea37b5d"},"headline":"R\u00edo Gallegos: Campagnucci anticip\u00f3 que en febrero estar\u00e1 \u00abpracticamente instalada\u00bb la planta de transferencia en el Vaciadero","datePublished":"2017-11-13T12:00:20+00:00","mainEntityOfPage":{"@id":"https:\/\/patagoniambiental.com.ar\/info\/rio-gallegos-campagnucci-anticipo-que-en-febrero-estara-practicamente-instalada-la-planta-de-transferencia-en-el-vaciadero\/"},"wordCount":346,"commentCount":0,"publisher":{"@id":"https:\/\/patagoniambiental.com.ar\/info\/#organization"},"image":{"@id":"https:\/\/patagoniambiental.com.ar\/info\/rio-gallegos-campagnucci-anticipo-que-en-febrero-estara-practicamente-instalada-la-planta-de-transferencia-en-el-vaciadero\/#primaryimage"},"thumbnailUrl":"https:\/\/patagoniambiental.com.ar\/info\/wp-content\/uploads\/2017\/11\/vertedero-gallegos.jpg","articleSection":["Municipios","Noticias"],"inLanguage":"es","potentialAction":[{"@type":"CommentAction","name":"Comment","target":["https:\/\/patagoniambiental.com.ar\/info\/rio-gallegos-campagnucci-anticipo-que-en-febrero-estara-practicamente-instalada-la-planta-de-transferencia-en-el-vaciadero\/#respond"]}]},{"@type":"WebPage","@id":"https:\/\/patagoniambiental.com.ar\/info\/rio-gallegos-campagnucci-anticipo-que-en-febrero-estara-practicamente-instalada-la-planta-de-transferencia-en-el-vaciadero\/","url":"https:\/\/patagoniambiental.com.ar\/info\/rio-gallegos-campagnucci-anticipo-que-en-febrero-estara-practicamente-instalada-la-planta-de-transferencia-en-el-vaciadero\/","name":"R\u00edo Gallegos: Campagnucci anticip\u00f3 que en febrero estar\u00e1 \"practicamente instalada\" la planta de transferencia en el Vaciadero","isPartOf":{"@id":"https:\/\/patagoniambiental.com.ar\/info\/#website"},"primaryImageOfPage":{"@id":"https:\/\/patagoniambiental.com.ar\/info\/rio-gallegos-campagnucci-anticipo-que-en-febrero-estara-practicamente-instalada-la-planta-de-transferencia-en-el-vaciadero\/#primaryimage"},"image":{"@id":"https:\/\/patagoniambiental.com.ar\/info\/rio-gallegos-campagnucci-anticipo-que-en-febrero-estara-practicamente-instalada-la-planta-de-transferencia-en-el-vaciadero\/#primaryimage"},"thumbnailUrl":"https:\/\/patagoniambiental.com.ar\/info\/wp-content\/uploads\/2017\/11\/vertedero-gallegos.jpg","datePublished":"2017-11-13T12:00:20+00:00","breadcrumb":{"@id":"https:\/\/patagoniambiental.com.ar\/info\/rio-gallegos-campagnucci-anticipo-que-en-febrero-estara-practicamente-instalada-la-planta-de-transferencia-en-el-vaciadero\/#breadcrumb"},"inLanguage":"es","potentialAction":[{"@type":"ReadAction","target":["https:\/\/patagoniambiental.com.ar\/info\/rio-gallegos-campagnucci-anticipo-que-en-febrero-estara-practicamente-instalada-la-planta-de-transferencia-en-el-vaciadero\/"]}]},{"@type":"ImageObject","inLanguage":"es","@id":"https:\/\/patagoniambiental.com.ar\/info\/rio-gallegos-campagnucci-anticipo-que-en-febrero-estara-practicamente-instalada-la-planta-de-transferencia-en-el-vaciadero\/#primaryimage","url":"https:\/\/patagoniambiental.com.ar\/info\/wp-content\/uploads\/2017\/11\/vertedero-gallegos.jpg","contentUrl":"https:\/\/patagoniambiental.com.ar\/info\/wp-content\/uploads\/2017\/11\/vertedero-gallegos.jpg","width":560,"height":372},{"@type":"BreadcrumbList","@id":"https:\/\/patagoniambiental.com.ar\/info\/rio-gallegos-campagnucci-anticipo-que-en-febrero-estara-practicamente-instalada-la-planta-de-transferencia-en-el-vaciadero\/#breadcrumb","itemListElement":[{"@type":"ListItem","position":1,"name":"Inicio","item":"https:\/\/patagoniambiental.com.ar\/info\/"},{"@type":"ListItem","position":2,"name":"R\u00edo Gallegos: Campagnucci anticip\u00f3 que en febrero estar\u00e1 \u00abpracticamente instalada\u00bb la planta de transferencia en el Vaciadero"}]},{"@type":"WebSite","@id":"https:\/\/patagoniambiental.com.ar\/info\/#website","url":"https:\/\/patagoniambiental.com.ar\/info\/","name":"Patagonia Ambiental","description":"Monitoreo y an\u00e1lisis de la situaci\u00f3n geopol\u00edtica en el mundo y su implicancia en la Patagonia","publisher":{"@id":"https:\/\/patagoniambiental.com.ar\/info\/#organization"},"potentialAction":[{"@type":"SearchAction","target":{"@type":"EntryPoint","urlTemplate":"https:\/\/patagoniambiental.com.ar\/info\/?s={search_term_string}"},"query-input":{"@type":"PropertyValueSpecification","valueRequired":true,"valueName":"search_term_string"}}],"inLanguage":"es"},{"@type":"Organization","@id":"https:\/\/patagoniambiental.com.ar\/info\/#organization","name":"Patagonia Ambiental","url":"https:\/\/patagoniambiental.com.ar\/info\/","logo":{"@type":"ImageObject","inLanguage":"es","@id":"https:\/\/patagoniambiental.com.ar\/info\/#\/schema\/logo\/image\/","url":"https:\/\/patagoniambiental.com.ar\/info\/wp-content\/uploads\/2025\/05\/LOGO-PATAGONIA-AMBIENTAL.png","contentUrl":"https:\/\/patagoniambiental.com.ar\/info\/wp-content\/uploads\/2025\/05\/LOGO-PATAGONIA-AMBIENTAL.png","width":433,"height":250,"caption":"Patagonia Ambiental"},"image":{"@id":"https:\/\/patagoniambiental.com.ar\/info\/#\/schema\/logo\/image\/"},"sameAs":["https:\/\/www.facebook.com\/patagonia.ambiental","https:\/\/x.com\/PatAmb"]},{"@type":"Person","@id":"https:\/\/patagoniambiental.com.ar\/info\/#\/schema\/person\/db12bff64bbcbf6a253710bf0ea37b5d","name":"Patagonia Ambiental","description":"Andr\u00e9s Nievas T\u00e9cnico en manejo ambiental, consultor Ambiental y escritor para medios locales e internacionales sobre temas de geopolitica y medio ambiente.","sameAs":["http:\/\/www.patagoniambiental.com.ar","https:\/\/www.facebook.com\/share\/1C1V8Gv9BX\/?mibextid=qi2Omg","@patagoniambiental","https:\/\/youtube.com\/@patagoniaambiental2023?si=BLt58t0wuXquxlYZ"]}]}},"_links":{"self":[{"href":"https:\/\/patagoniambiental.com.ar\/info\/wp-json\/wp\/v2\/posts\/38093","targetHints":{"allow":["GET"]}}],"collection":[{"href":"https:\/\/patagoniambiental.com.ar\/info\/wp-json\/wp\/v2\/posts"}],"about":[{"href":"https:\/\/patagoniambiental.com.ar\/info\/wp-json\/wp\/v2\/types\/post"}],"author":[{"embeddable":true,"href":"https:\/\/patagoniambiental.com.ar\/info\/wp-json\/wp\/v2\/users\/2"}],"replies":[{"embeddable":true,"href":"https:\/\/patagoniambiental.com.ar\/info\/wp-json\/wp\/v2\/comments?post=38093"}],"version-history":[{"count":0,"href":"https:\/\/patagoniambiental.com.ar\/info\/wp-json\/wp\/v2\/posts\/38093\/revisions"}],"wp:featuredmedia":[{"embeddable":true,"href":"https:\/\/patagoniambiental.com.ar\/info\/wp-json\/wp\/v2\/media\/38094"}],"wp:attachment":[{"href":"https:\/\/patagoniambiental.com.ar\/info\/wp-json\/wp\/v2\/media?parent=38093"}],"wp:term":[{"taxonomy":"category","embeddable":true,"href":"https:\/\/patagoniambiental.com.ar\/info\/wp-json\/wp\/v2\/categories?post=38093"},{"taxonomy":"post_tag","embeddable":true,"href":"https:\/\/patagoniambiental.com.ar\/info\/wp-json\/wp\/v2\/tags?post=38093"}],"curies":[{"name":"wp","href":"https:\/\/api.w.org\/{rel}","templated":true}]}}