{"id":38096,"date":"2017-11-13T09:00:57","date_gmt":"2017-11-13T12:00:57","guid":{"rendered":"http:\/\/patagoniambiental.com.ar\/info\/?p=38096"},"modified":"2017-11-12T18:27:08","modified_gmt":"2017-11-12T21:27:08","slug":"trelew-firmo-una-carta-de-intencion-para-promover-relaciones-comerciales-y-turisticas-con-china","status":"publish","type":"post","link":"https:\/\/patagoniambiental.com.ar\/info\/trelew-firmo-una-carta-de-intencion-para-promover-relaciones-comerciales-y-turisticas-con-china\/","title":{"rendered":"Trelew firm\u00f3 una carta de intenci\u00f3n para promover relaciones comerciales y tur\u00edsticas con China"},"content":{"rendered":"<div class=\"np_titulo\">\n<div id=\"main_body\" class=\"central no-item central_interior trelew\">\n<div class=\"np_nota_descripcion\">\n<p>En el marco de la I\u00ba Edici\u00f3n de la Exposici\u00f3n Internacional China-Am\u00e9rica Latina y el Caribe, la ciudad de Trelew suscribi\u00f3 una carta intenci\u00f3n con el Centro Latinoamericano de Estudios Pol\u00edticos y Econ\u00f3micos de China, que tiene como objetivo ejecutar acciones conjuntas para promover las relaciones comerciales y tur\u00edsticas con ese pa\u00eds asi\u00e1tico.<\/p>\n<\/div>\n<div>\n<div>\n<div id=\"notapage_texto\" class=\"notapage_cuerpo\">\n<p>Al respecto, la directora de Turismo de la Municipalidad de Trelew, M\u00f3nica Montes Roberts, esboz\u00f3 un balance sumamente positivo sobre la participaci\u00f3n de la ciudad en feria realizada en la ciudad de Zhuhai, de la Rep\u00fablica Popular China.<\/p>\n<p>En ese sentido, Montes Roberts indic\u00f3 que \u00abse trazaron algunas l\u00edneas de acci\u00f3n plasmadas en convenios y cartas-compromiso, para promocionar el arribo de turistas del pa\u00eds asi\u00e1tico y tambi\u00e9n potenciar diversas acciones diplom\u00e1ticas\u00bb<b>.<\/b><\/p>\n<p><b>Carta de intenci\u00f3n<\/b><\/p>\n<p>En ese contexto se firm\u00f3 una carta de intenci\u00f3n con el Centro Latinoamericano de Estudios Pol\u00edticos y Econ\u00f3micos de China, (CLEPEC) que estuvo a cargo de la invitaci\u00f3n y gesti\u00f3n de los representantes argentinos\u00a0 en la feria, cuyo objeto es fomentar las relaciones entre Am\u00e9rica Latina y China.<\/p>\n<p>La r\u00fabrica establecer el compromiso de fortalecer los mecanismos de vinculaci\u00f3n con ese organismo y poder trabajar en un convenio marco de colaboraci\u00f3n en profundizar las relaciones con China.<\/p>\n<p>La funcionaria municipal resalt\u00f3 que \u201cpara Trelew es la primera experiencia con el mercado chino, es la primera edici\u00f3n de esta feria que busca fortalecer las relaciones de este pa\u00eds con el mercado latinoamericano, tanto en lo comercial, de servicios de diferentes rubros y en lo tur\u00edstico\u201d.<\/p>\n<p><b>Contacto con operadores y funcionarios<\/b><\/p>\n<p>Durante el desarrollo de la exposici\u00f3n, Montes Roberts, acompa\u00f1ada por la coordinadora del Bureau de Eventos de Trelew, Magal\u00ed Volpi,mantuvieron contactos con referentes del sector, entre ellos el secretario de Turismo de Zhuhai, Ke Ming, con quien se establecieron l\u00edneas de trabajo conjunto e intercambio de informaci\u00f3n para proponer los destinos de la Patagonia Argentina en el sur de China.<\/p>\n<p>Asimismo, se estableci\u00f3 contacto con empresas de turismo de Zhuhai en pos del trabajo conjunto para la\u00a0 promoci\u00f3n tur\u00edstica.<\/p>\n<p>La directora de Turismo de la Municipalidad de Trelew subray\u00f3 los contactos establecidos y manifest\u00f3 que \u201ces muy importante trabajar en la segmentaci\u00f3n del mercado a partir de la demanda, en general se muestran interesados en los productos tur\u00edsticos vinculados con la naturaleza,\u00a0por lo que es importante la consolidaci\u00f3n de la oferta combinando distintos atractivos de Pen\u00ednsula Vald\u00e9s y de Patagonia, optimizando los vuelos y conexiones a\u00e9reas\u201d.<\/p>\n<p><b>Masiva participaci\u00f3n\u00a0<\/b><\/p>\n<p>En la I\u00ba Edici\u00f3n de la Exposici\u00f3n Internacional China-Am\u00e9rica Latina y el Caribe participaron m\u00e1s de 400 expositores, el primer d\u00eda estuvo destinado a profesionales mientras que los dos \u00faltimos d\u00edas fueron de p\u00fablico general.<\/p>\n<p>Por \u00faltimo, M\u00f3nica Montes Roberts remarc\u00f3 que \u201centre las visitas recibidas en el stand de Trelew en la feria, fuimos entrevistadas por una corresponsal de Radio China Internacional, con quien estuvimos tambi\u00e9n promocionando los diferentes atractivos de la ciudad y la comarca\u201d.<\/p>\n<\/div>\n<\/div>\n<div class=\"ppp ppp_P6 ppp_desktop\"><\/div>\n<\/div>\n<\/div>\n<\/div>\n<div id=\"main_body\" class=\"central no-item central_interior trelew\"><\/div>\n","protected":false},"excerpt":{"rendered":"<p>En el marco de la I\u00ba Edici\u00f3n de la Exposici\u00f3n Internacional China-Am\u00e9rica Latina y el Caribe, la ciudad de Trelew [&hellip;]<\/p>\n","protected":false},"author":2,"featured_media":38097,"comment_status":"open","ping_status":"open","sticky":false,"template":"","format":"standard","meta":{"site-sidebar-layout":"default","site-content-layout":"","ast-site-content-layout":"default","site-content-style":"default","site-sidebar-style":"default","ast-global-header-display":"","ast-banner-title-visibility":"","ast-main-header-display":"","ast-hfb-above-header-display":"","ast-hfb-below-header-display":"","ast-hfb-mobile-header-display":"","site-post-title":"","ast-breadcrumbs-content":"","ast-featured-img":"","footer-sml-layout":"","ast-disable-related-posts":"","theme-transparent-header-meta":"","adv-header-id-meta":"","stick-header-meta":"","header-above-stick-meta":"","header-main-stick-meta":"","header-below-stick-meta":"","astra-migrate-meta-layouts":"default","ast-page-background-enabled":"default","ast-page-background-meta":{"desktop":{"background-color":"var(--ast-global-color-5)","background-image":"","background-repeat":"repeat","background-position":"center center","background-size":"auto","background-attachment":"scroll","background-type":"","background-media":"","overlay-type":"","overlay-color":"","overlay-opacity":"","overlay-gradient":""},"tablet":{"background-color":"","background-image":"","background-repeat":"repeat","background-position":"center center","background-size":"auto","background-attachment":"scroll","background-type":"","background-media":"","overlay-type":"","overlay-color":"","overlay-opacity":"","overlay-gradient":""},"mobile":{"background-color":"","background-image":"","background-repeat":"repeat","background-position":"center center","background-size":"auto","background-attachment":"scroll","background-type":"","background-media":"","overlay-type":"","overlay-color":"","overlay-opacity":"","overlay-gradient":""}},"ast-content-background-meta":{"desktop":{"background-color":"var(--ast-global-color-4)","background-image":"","background-repeat":"repeat","background-position":"center center","background-size":"auto","background-attachment":"scroll","background-type":"","background-media":"","overlay-type":"","overlay-color":"","overlay-opacity":"","overlay-gradient":""},"tablet":{"background-color":"var(--ast-global-color-4)","background-image":"","background-repeat":"repeat","background-position":"center center","background-size":"auto","background-attachment":"scroll","background-type":"","background-media":"","overlay-type":"","overlay-color":"","overlay-opacity":"","overlay-gradient":""},"mobile":{"background-color":"var(--ast-global-color-4)","background-image":"","background-repeat":"repeat","background-position":"center center","background-size":"auto","background-attachment":"scroll","background-type":"","background-media":"","overlay-type":"","overlay-color":"","overlay-opacity":"","overlay-gradient":""}},"footnotes":""},"categories":[1],"tags":[],"class_list":["post-38096","post","type-post","status-publish","format-standard","has-post-thumbnail","hentry","category-noticias"],"yoast_head":"<!-- This site is optimized with the Yoast SEO Premium plugin v23.0 (Yoast SEO v27.4) - https:\/\/yoast.com\/product\/yoast-seo-premium-wordpress\/ -->\n<title>Trelew firm\u00f3 una carta de intenci\u00f3n para promover relaciones comerciales y tur\u00edsticas con China<\/title>\n<meta name=\"robots\" content=\"index, follow, max-snippet:-1, max-image-preview:large, max-video-preview:-1\" \/>\n<link rel=\"canonical\" href=\"https:\/\/patagoniambiental.com.ar\/info\/trelew-firmo-una-carta-de-intencion-para-promover-relaciones-comerciales-y-turisticas-con-china\/\" \/>\n<meta property=\"og:locale\" content=\"es_ES\" \/>\n<meta property=\"og:type\" content=\"article\" \/>\n<meta property=\"og:title\" content=\"Trelew firm\u00f3 una carta de intenci\u00f3n para promover relaciones comerciales y tur\u00edsticas con China\" \/>\n<meta property=\"og:description\" content=\"En el marco de la I\u00ba Edici\u00f3n de la Exposici\u00f3n Internacional China-Am\u00e9rica Latina y el Caribe, la ciudad de Trelew [&hellip;]\" \/>\n<meta property=\"og:url\" content=\"https:\/\/patagoniambiental.com.ar\/info\/trelew-firmo-una-carta-de-intencion-para-promover-relaciones-comerciales-y-turisticas-con-china\/\" \/>\n<meta property=\"og:site_name\" content=\"Patagonia Ambiental\" \/>\n<meta property=\"article:publisher\" content=\"https:\/\/www.facebook.com\/patagonia.ambiental\" \/>\n<meta property=\"article:author\" content=\"https:\/\/www.facebook.com\/share\/1C1V8Gv9BX\/?mibextid=qi2Omg\" \/>\n<meta property=\"article:published_time\" content=\"2017-11-13T12:00:57+00:00\" \/>\n<meta property=\"og:image\" content=\"https:\/\/patagoniambiental.com.ar\/info\/wp-content\/uploads\/2017\/11\/trelew-china.jpg\" \/>\n\t<meta property=\"og:image:width\" content=\"960\" \/>\n\t<meta property=\"og:image:height\" content=\"585\" \/>\n\t<meta property=\"og:image:type\" content=\"image\/jpeg\" \/>\n<meta name=\"author\" content=\"Patagonia Ambiental\" \/>\n<meta name=\"twitter:card\" content=\"summary_large_image\" \/>\n<meta name=\"twitter:creator\" content=\"@PatAmb\" \/>\n<meta name=\"twitter:site\" content=\"@PatAmb\" \/>\n<script type=\"application\/ld+json\" class=\"yoast-schema-graph\">{\"@context\":\"https:\\\/\\\/schema.org\",\"@graph\":[{\"@type\":\"Article\",\"@id\":\"https:\\\/\\\/patagoniambiental.com.ar\\\/info\\\/trelew-firmo-una-carta-de-intencion-para-promover-relaciones-comerciales-y-turisticas-con-china\\\/#article\",\"isPartOf\":{\"@id\":\"https:\\\/\\\/patagoniambiental.com.ar\\\/info\\\/trelew-firmo-una-carta-de-intencion-para-promover-relaciones-comerciales-y-turisticas-con-china\\\/\"},\"author\":{\"name\":\"Patagonia Ambiental\",\"@id\":\"https:\\\/\\\/patagoniambiental.com.ar\\\/info\\\/#\\\/schema\\\/person\\\/db12bff64bbcbf6a253710bf0ea37b5d\"},\"headline\":\"Trelew firm\u00f3 una carta de intenci\u00f3n para promover relaciones comerciales y tur\u00edsticas con China\",\"datePublished\":\"2017-11-13T12:00:57+00:00\",\"mainEntityOfPage\":{\"@id\":\"https:\\\/\\\/patagoniambiental.com.ar\\\/info\\\/trelew-firmo-una-carta-de-intencion-para-promover-relaciones-comerciales-y-turisticas-con-china\\\/\"},\"wordCount\":551,\"commentCount\":0,\"publisher\":{\"@id\":\"https:\\\/\\\/patagoniambiental.com.ar\\\/info\\\/#organization\"},\"image\":{\"@id\":\"https:\\\/\\\/patagoniambiental.com.ar\\\/info\\\/trelew-firmo-una-carta-de-intencion-para-promover-relaciones-comerciales-y-turisticas-con-china\\\/#primaryimage\"},\"thumbnailUrl\":\"https:\\\/\\\/patagoniambiental.com.ar\\\/info\\\/wp-content\\\/uploads\\\/2017\\\/11\\\/trelew-china.jpg\",\"articleSection\":[\"Noticias\"],\"inLanguage\":\"es\",\"potentialAction\":[{\"@type\":\"CommentAction\",\"name\":\"Comment\",\"target\":[\"https:\\\/\\\/patagoniambiental.com.ar\\\/info\\\/trelew-firmo-una-carta-de-intencion-para-promover-relaciones-comerciales-y-turisticas-con-china\\\/#respond\"]}]},{\"@type\":\"WebPage\",\"@id\":\"https:\\\/\\\/patagoniambiental.com.ar\\\/info\\\/trelew-firmo-una-carta-de-intencion-para-promover-relaciones-comerciales-y-turisticas-con-china\\\/\",\"url\":\"https:\\\/\\\/patagoniambiental.com.ar\\\/info\\\/trelew-firmo-una-carta-de-intencion-para-promover-relaciones-comerciales-y-turisticas-con-china\\\/\",\"name\":\"Trelew firm\u00f3 una carta de intenci\u00f3n para promover relaciones comerciales y tur\u00edsticas con China\",\"isPartOf\":{\"@id\":\"https:\\\/\\\/patagoniambiental.com.ar\\\/info\\\/#website\"},\"primaryImageOfPage\":{\"@id\":\"https:\\\/\\\/patagoniambiental.com.ar\\\/info\\\/trelew-firmo-una-carta-de-intencion-para-promover-relaciones-comerciales-y-turisticas-con-china\\\/#primaryimage\"},\"image\":{\"@id\":\"https:\\\/\\\/patagoniambiental.com.ar\\\/info\\\/trelew-firmo-una-carta-de-intencion-para-promover-relaciones-comerciales-y-turisticas-con-china\\\/#primaryimage\"},\"thumbnailUrl\":\"https:\\\/\\\/patagoniambiental.com.ar\\\/info\\\/wp-content\\\/uploads\\\/2017\\\/11\\\/trelew-china.jpg\",\"datePublished\":\"2017-11-13T12:00:57+00:00\",\"breadcrumb\":{\"@id\":\"https:\\\/\\\/patagoniambiental.com.ar\\\/info\\\/trelew-firmo-una-carta-de-intencion-para-promover-relaciones-comerciales-y-turisticas-con-china\\\/#breadcrumb\"},\"inLanguage\":\"es\",\"potentialAction\":[{\"@type\":\"ReadAction\",\"target\":[\"https:\\\/\\\/patagoniambiental.com.ar\\\/info\\\/trelew-firmo-una-carta-de-intencion-para-promover-relaciones-comerciales-y-turisticas-con-china\\\/\"]}]},{\"@type\":\"ImageObject\",\"inLanguage\":\"es\",\"@id\":\"https:\\\/\\\/patagoniambiental.com.ar\\\/info\\\/trelew-firmo-una-carta-de-intencion-para-promover-relaciones-comerciales-y-turisticas-con-china\\\/#primaryimage\",\"url\":\"https:\\\/\\\/patagoniambiental.com.ar\\\/info\\\/wp-content\\\/uploads\\\/2017\\\/11\\\/trelew-china.jpg\",\"contentUrl\":\"https:\\\/\\\/patagoniambiental.com.ar\\\/info\\\/wp-content\\\/uploads\\\/2017\\\/11\\\/trelew-china.jpg\",\"width\":960,\"height\":585},{\"@type\":\"BreadcrumbList\",\"@id\":\"https:\\\/\\\/patagoniambiental.com.ar\\\/info\\\/trelew-firmo-una-carta-de-intencion-para-promover-relaciones-comerciales-y-turisticas-con-china\\\/#breadcrumb\",\"itemListElement\":[{\"@type\":\"ListItem\",\"position\":1,\"name\":\"Inicio\",\"item\":\"https:\\\/\\\/patagoniambiental.com.ar\\\/info\\\/\"},{\"@type\":\"ListItem\",\"position\":2,\"name\":\"Trelew firm\u00f3 una carta de intenci\u00f3n para promover relaciones comerciales y tur\u00edsticas con China\"}]},{\"@type\":\"WebSite\",\"@id\":\"https:\\\/\\\/patagoniambiental.com.ar\\\/info\\\/#website\",\"url\":\"https:\\\/\\\/patagoniambiental.com.ar\\\/info\\\/\",\"name\":\"Patagonia Ambiental\",\"description\":\"Monitoreo y an\u00e1lisis de la situaci\u00f3n geopol\u00edtica en el mundo y su implicancia en la Patagonia\",\"publisher\":{\"@id\":\"https:\\\/\\\/patagoniambiental.com.ar\\\/info\\\/#organization\"},\"potentialAction\":[{\"@type\":\"SearchAction\",\"target\":{\"@type\":\"EntryPoint\",\"urlTemplate\":\"https:\\\/\\\/patagoniambiental.com.ar\\\/info\\\/?s={search_term_string}\"},\"query-input\":{\"@type\":\"PropertyValueSpecification\",\"valueRequired\":true,\"valueName\":\"search_term_string\"}}],\"inLanguage\":\"es\"},{\"@type\":\"Organization\",\"@id\":\"https:\\\/\\\/patagoniambiental.com.ar\\\/info\\\/#organization\",\"name\":\"Patagonia Ambiental\",\"url\":\"https:\\\/\\\/patagoniambiental.com.ar\\\/info\\\/\",\"logo\":{\"@type\":\"ImageObject\",\"inLanguage\":\"es\",\"@id\":\"https:\\\/\\\/patagoniambiental.com.ar\\\/info\\\/#\\\/schema\\\/logo\\\/image\\\/\",\"url\":\"https:\\\/\\\/patagoniambiental.com.ar\\\/info\\\/wp-content\\\/uploads\\\/2025\\\/05\\\/LOGO-PATAGONIA-AMBIENTAL.png\",\"contentUrl\":\"https:\\\/\\\/patagoniambiental.com.ar\\\/info\\\/wp-content\\\/uploads\\\/2025\\\/05\\\/LOGO-PATAGONIA-AMBIENTAL.png\",\"width\":433,\"height\":250,\"caption\":\"Patagonia Ambiental\"},\"image\":{\"@id\":\"https:\\\/\\\/patagoniambiental.com.ar\\\/info\\\/#\\\/schema\\\/logo\\\/image\\\/\"},\"sameAs\":[\"https:\\\/\\\/www.facebook.com\\\/patagonia.ambiental\",\"https:\\\/\\\/x.com\\\/PatAmb\"]},{\"@type\":\"Person\",\"@id\":\"https:\\\/\\\/patagoniambiental.com.ar\\\/info\\\/#\\\/schema\\\/person\\\/db12bff64bbcbf6a253710bf0ea37b5d\",\"name\":\"Patagonia Ambiental\",\"description\":\"Andr\u00e9s Nievas T\u00e9cnico en manejo ambiental, consultor Ambiental y escritor para medios locales e internacionales sobre temas de geopolitica y medio ambiente.\",\"sameAs\":[\"http:\\\/\\\/www.patagoniambiental.com.ar\",\"https:\\\/\\\/www.facebook.com\\\/share\\\/1C1V8Gv9BX\\\/?mibextid=qi2Omg\",\"@patagoniambiental\",\"https:\\\/\\\/youtube.com\\\/@patagoniaambiental2023?si=BLt58t0wuXquxlYZ\"]}]}<\/script>\n<!-- \/ Yoast SEO Premium plugin. -->","yoast_head_json":{"title":"Trelew firm\u00f3 una carta de intenci\u00f3n para promover relaciones comerciales y tur\u00edsticas con China","robots":{"index":"index","follow":"follow","max-snippet":"max-snippet:-1","max-image-preview":"max-image-preview:large","max-video-preview":"max-video-preview:-1"},"canonical":"https:\/\/patagoniambiental.com.ar\/info\/trelew-firmo-una-carta-de-intencion-para-promover-relaciones-comerciales-y-turisticas-con-china\/","og_locale":"es_ES","og_type":"article","og_title":"Trelew firm\u00f3 una carta de intenci\u00f3n para promover relaciones comerciales y tur\u00edsticas con China","og_description":"En el marco de la I\u00ba Edici\u00f3n de la Exposici\u00f3n Internacional China-Am\u00e9rica Latina y el Caribe, la ciudad de Trelew [&hellip;]","og_url":"https:\/\/patagoniambiental.com.ar\/info\/trelew-firmo-una-carta-de-intencion-para-promover-relaciones-comerciales-y-turisticas-con-china\/","og_site_name":"Patagonia Ambiental","article_publisher":"https:\/\/www.facebook.com\/patagonia.ambiental","article_author":"https:\/\/www.facebook.com\/share\/1C1V8Gv9BX\/?mibextid=qi2Omg","article_published_time":"2017-11-13T12:00:57+00:00","og_image":[{"width":960,"height":585,"url":"https:\/\/patagoniambiental.com.ar\/info\/wp-content\/uploads\/2017\/11\/trelew-china.jpg","type":"image\/jpeg"}],"author":"Patagonia Ambiental","twitter_card":"summary_large_image","twitter_creator":"@PatAmb","twitter_site":"@PatAmb","schema":{"@context":"https:\/\/schema.org","@graph":[{"@type":"Article","@id":"https:\/\/patagoniambiental.com.ar\/info\/trelew-firmo-una-carta-de-intencion-para-promover-relaciones-comerciales-y-turisticas-con-china\/#article","isPartOf":{"@id":"https:\/\/patagoniambiental.com.ar\/info\/trelew-firmo-una-carta-de-intencion-para-promover-relaciones-comerciales-y-turisticas-con-china\/"},"author":{"name":"Patagonia Ambiental","@id":"https:\/\/patagoniambiental.com.ar\/info\/#\/schema\/person\/db12bff64bbcbf6a253710bf0ea37b5d"},"headline":"Trelew firm\u00f3 una carta de intenci\u00f3n para promover relaciones comerciales y tur\u00edsticas con China","datePublished":"2017-11-13T12:00:57+00:00","mainEntityOfPage":{"@id":"https:\/\/patagoniambiental.com.ar\/info\/trelew-firmo-una-carta-de-intencion-para-promover-relaciones-comerciales-y-turisticas-con-china\/"},"wordCount":551,"commentCount":0,"publisher":{"@id":"https:\/\/patagoniambiental.com.ar\/info\/#organization"},"image":{"@id":"https:\/\/patagoniambiental.com.ar\/info\/trelew-firmo-una-carta-de-intencion-para-promover-relaciones-comerciales-y-turisticas-con-china\/#primaryimage"},"thumbnailUrl":"https:\/\/patagoniambiental.com.ar\/info\/wp-content\/uploads\/2017\/11\/trelew-china.jpg","articleSection":["Noticias"],"inLanguage":"es","potentialAction":[{"@type":"CommentAction","name":"Comment","target":["https:\/\/patagoniambiental.com.ar\/info\/trelew-firmo-una-carta-de-intencion-para-promover-relaciones-comerciales-y-turisticas-con-china\/#respond"]}]},{"@type":"WebPage","@id":"https:\/\/patagoniambiental.com.ar\/info\/trelew-firmo-una-carta-de-intencion-para-promover-relaciones-comerciales-y-turisticas-con-china\/","url":"https:\/\/patagoniambiental.com.ar\/info\/trelew-firmo-una-carta-de-intencion-para-promover-relaciones-comerciales-y-turisticas-con-china\/","name":"Trelew firm\u00f3 una carta de intenci\u00f3n para promover relaciones comerciales y tur\u00edsticas con China","isPartOf":{"@id":"https:\/\/patagoniambiental.com.ar\/info\/#website"},"primaryImageOfPage":{"@id":"https:\/\/patagoniambiental.com.ar\/info\/trelew-firmo-una-carta-de-intencion-para-promover-relaciones-comerciales-y-turisticas-con-china\/#primaryimage"},"image":{"@id":"https:\/\/patagoniambiental.com.ar\/info\/trelew-firmo-una-carta-de-intencion-para-promover-relaciones-comerciales-y-turisticas-con-china\/#primaryimage"},"thumbnailUrl":"https:\/\/patagoniambiental.com.ar\/info\/wp-content\/uploads\/2017\/11\/trelew-china.jpg","datePublished":"2017-11-13T12:00:57+00:00","breadcrumb":{"@id":"https:\/\/patagoniambiental.com.ar\/info\/trelew-firmo-una-carta-de-intencion-para-promover-relaciones-comerciales-y-turisticas-con-china\/#breadcrumb"},"inLanguage":"es","potentialAction":[{"@type":"ReadAction","target":["https:\/\/patagoniambiental.com.ar\/info\/trelew-firmo-una-carta-de-intencion-para-promover-relaciones-comerciales-y-turisticas-con-china\/"]}]},{"@type":"ImageObject","inLanguage":"es","@id":"https:\/\/patagoniambiental.com.ar\/info\/trelew-firmo-una-carta-de-intencion-para-promover-relaciones-comerciales-y-turisticas-con-china\/#primaryimage","url":"https:\/\/patagoniambiental.com.ar\/info\/wp-content\/uploads\/2017\/11\/trelew-china.jpg","contentUrl":"https:\/\/patagoniambiental.com.ar\/info\/wp-content\/uploads\/2017\/11\/trelew-china.jpg","width":960,"height":585},{"@type":"BreadcrumbList","@id":"https:\/\/patagoniambiental.com.ar\/info\/trelew-firmo-una-carta-de-intencion-para-promover-relaciones-comerciales-y-turisticas-con-china\/#breadcrumb","itemListElement":[{"@type":"ListItem","position":1,"name":"Inicio","item":"https:\/\/patagoniambiental.com.ar\/info\/"},{"@type":"ListItem","position":2,"name":"Trelew firm\u00f3 una carta de intenci\u00f3n para promover relaciones comerciales y tur\u00edsticas con China"}]},{"@type":"WebSite","@id":"https:\/\/patagoniambiental.com.ar\/info\/#website","url":"https:\/\/patagoniambiental.com.ar\/info\/","name":"Patagonia Ambiental","description":"Monitoreo y an\u00e1lisis de la situaci\u00f3n geopol\u00edtica en el mundo y su implicancia en la Patagonia","publisher":{"@id":"https:\/\/patagoniambiental.com.ar\/info\/#organization"},"potentialAction":[{"@type":"SearchAction","target":{"@type":"EntryPoint","urlTemplate":"https:\/\/patagoniambiental.com.ar\/info\/?s={search_term_string}"},"query-input":{"@type":"PropertyValueSpecification","valueRequired":true,"valueName":"search_term_string"}}],"inLanguage":"es"},{"@type":"Organization","@id":"https:\/\/patagoniambiental.com.ar\/info\/#organization","name":"Patagonia Ambiental","url":"https:\/\/patagoniambiental.com.ar\/info\/","logo":{"@type":"ImageObject","inLanguage":"es","@id":"https:\/\/patagoniambiental.com.ar\/info\/#\/schema\/logo\/image\/","url":"https:\/\/patagoniambiental.com.ar\/info\/wp-content\/uploads\/2025\/05\/LOGO-PATAGONIA-AMBIENTAL.png","contentUrl":"https:\/\/patagoniambiental.com.ar\/info\/wp-content\/uploads\/2025\/05\/LOGO-PATAGONIA-AMBIENTAL.png","width":433,"height":250,"caption":"Patagonia Ambiental"},"image":{"@id":"https:\/\/patagoniambiental.com.ar\/info\/#\/schema\/logo\/image\/"},"sameAs":["https:\/\/www.facebook.com\/patagonia.ambiental","https:\/\/x.com\/PatAmb"]},{"@type":"Person","@id":"https:\/\/patagoniambiental.com.ar\/info\/#\/schema\/person\/db12bff64bbcbf6a253710bf0ea37b5d","name":"Patagonia Ambiental","description":"Andr\u00e9s Nievas T\u00e9cnico en manejo ambiental, consultor Ambiental y escritor para medios locales e internacionales sobre temas de geopolitica y medio ambiente.","sameAs":["http:\/\/www.patagoniambiental.com.ar","https:\/\/www.facebook.com\/share\/1C1V8Gv9BX\/?mibextid=qi2Omg","@patagoniambiental","https:\/\/youtube.com\/@patagoniaambiental2023?si=BLt58t0wuXquxlYZ"]}]}},"_links":{"self":[{"href":"https:\/\/patagoniambiental.com.ar\/info\/wp-json\/wp\/v2\/posts\/38096","targetHints":{"allow":["GET"]}}],"collection":[{"href":"https:\/\/patagoniambiental.com.ar\/info\/wp-json\/wp\/v2\/posts"}],"about":[{"href":"https:\/\/patagoniambiental.com.ar\/info\/wp-json\/wp\/v2\/types\/post"}],"author":[{"embeddable":true,"href":"https:\/\/patagoniambiental.com.ar\/info\/wp-json\/wp\/v2\/users\/2"}],"replies":[{"embeddable":true,"href":"https:\/\/patagoniambiental.com.ar\/info\/wp-json\/wp\/v2\/comments?post=38096"}],"version-history":[{"count":0,"href":"https:\/\/patagoniambiental.com.ar\/info\/wp-json\/wp\/v2\/posts\/38096\/revisions"}],"wp:featuredmedia":[{"embeddable":true,"href":"https:\/\/patagoniambiental.com.ar\/info\/wp-json\/wp\/v2\/media\/38097"}],"wp:attachment":[{"href":"https:\/\/patagoniambiental.com.ar\/info\/wp-json\/wp\/v2\/media?parent=38096"}],"wp:term":[{"taxonomy":"category","embeddable":true,"href":"https:\/\/patagoniambiental.com.ar\/info\/wp-json\/wp\/v2\/categories?post=38096"},{"taxonomy":"post_tag","embeddable":true,"href":"https:\/\/patagoniambiental.com.ar\/info\/wp-json\/wp\/v2\/tags?post=38096"}],"curies":[{"name":"wp","href":"https:\/\/api.w.org\/{rel}","templated":true}]}}