{"id":38099,"date":"2017-11-13T09:00:16","date_gmt":"2017-11-13T12:00:16","guid":{"rendered":"http:\/\/patagoniambiental.com.ar\/info\/?p=38099"},"modified":"2017-11-12T18:28:45","modified_gmt":"2017-11-12T21:28:45","slug":"rawson-hoy-inicia-campana-masiva-de-vacunacion-contra-la-rabia-en-perros-y-gatos","status":"publish","type":"post","link":"https:\/\/patagoniambiental.com.ar\/info\/rawson-hoy-inicia-campana-masiva-de-vacunacion-contra-la-rabia-en-perros-y-gatos\/","title":{"rendered":"Rawson: Hoy inicia campa\u00f1a masiva de vacunaci\u00f3n contra la rabia en perros y gatos"},"content":{"rendered":"<p>RAWSON.- La Municipalidad de Rawson, por medio de la Direcci\u00f3n de Veterinaria, dio a conocer que hoy\u00a0 comenzar\u00e1 la campa\u00f1a de vacunaci\u00f3n antirr\u00e1bica, masiva y gratuita, a ra\u00edz de la aparici\u00f3n de dos murci\u00e9lagos con esa enfermedad en el \u00faltimo mes. La campa\u00f1a se iniciar\u00e1 en el centro comunitario del barrio 490 Viviendas donde los vecinos podr\u00e1n llevar a los perros y gatos mayores de tres meses de edad.<\/p>\n<p>\u201cPor la presencia de rabia en murci\u00e9lagos, iniciamos una campa\u00f1a masiva de vacunaci\u00f3n de mascotas contra el virus r\u00e1bico. Hemos recibido las primeras dosis de vacunas e iniciamos en la Asociaci\u00f3n Vecinal del barrio 490\u201d, adelant\u00f3 Hugo Ib\u00e1\u00f1ez, director de Veterinaria.<\/p>\n<p>Personal del \u00e1rea estar\u00e1 en ese lugar lunes, martes y mi\u00e9rcoles de 10 a 12 del mediod\u00eda. \u201cLes pedimos a los vecinos de ese barrio y de los sectores aleda\u00f1os que acerquen sus mascotas: tienen que ser caninos y felinos mayores de 3 meses de edad, y tienen que ser llevados por una persona mayor de edad\u201d, precis\u00f3 el funcionario.<\/p>\n<p>Ib\u00e1\u00f1ez dijo que luego de la presencia en el barrio 490 Viviendas, la campa\u00f1a continuar\u00e1 en otros sectores. \u201cLa idea es trabajar con las Asociaciones Vecinales y vamos a irnos coloc\u00e1ndonos en puntos estrat\u00e9gicos para que los vecinos no tengan que transitar demasiado para llevar sus mascotas\u201d, adelant\u00f3.<\/p>\n<p>\u201cLes pedimos a los vecinos que se acerquen porque es un esfuerzo importante y necesitamos que la mayor cantidad de mascotas posible sea vacunada\u201d, pidi\u00f3.<\/p>\n<p>Cabe recordar que a fines de octubre pasado la Municipalidad de Rawson anunci\u00f3 el inicio de la campa\u00f1a de vacunaci\u00f3n masiva, as\u00ed como de un trabajo de concientizaci\u00f3n en toda la ciudad como consecuencia de la aparici\u00f3n de rabia en dos murci\u00e9lagos detectados en el \u00faltimo mes.<\/p>\n<p>Ana Amato, secretaria de Producci\u00f3n y Medio Ambiente, dijo en la oportunidad que la rabia en murci\u00e9lagos amerit\u00f3 \u201cla decisi\u00f3n pol\u00edtica de la intendenta Artero de conformar el cuerpo de inspectores y preventores para trabajar con todos los vecinos en la vacunaci\u00f3n y en la prevenci\u00f3n vinculada a qu\u00e9 hacer cuando uno se encuentra con un murci\u00e9lago, y tambi\u00e9n en el caso de las mascotas, gato o perro, jugando o mordiendo un murci\u00e9lago\u201d.<\/p>\n<p>\u201cAhora aparece como posibilidad que se contagien de rabia y que esto sea transmitido a trav\u00e9s de la mordedura o una lesi\u00f3n a una persona\u201d, explic\u00f3.<\/p>\n<p>Record\u00f3 que \u201cel primer caso ocurri\u00f3 hacer cerca de un mes en la Escuela de Comercio\u201d, y que en ese momento \u201cse mand\u00f3 a analizar, se hizo un protocolo con el Ministerio de Educaci\u00f3n y con Salud, que nos va a proveer de las vacunas para hacer la primera campa\u00f1a de vacunaci\u00f3n antirr\u00e1bica\u201d.<\/p>\n<p>\u201cEl segundo caso fue cerca de all\u00ed, en la zona de la plaza y por suerte el vecino pudo atraparlo sin tocarlo, que esa es la recomendaci\u00f3n: no tocarlo pero tratar de retenerlo con un balde o elemento\u201d, agreg\u00f3.<\/p>\n<p>Fuente:\u00a0http:\/\/www.elchubut.com.ar\/nota\/2017-11-12-16-36-0-rawson-este-lunes-inicia-campana-masiva-de-vacunacion-contra-la-rabia-en-perros-y-gatos<\/p>\n","protected":false},"excerpt":{"rendered":"<p>RAWSON.- La Municipalidad de Rawson, por medio de la Direcci\u00f3n de Veterinaria, dio a conocer que hoy\u00a0 comenzar\u00e1 la campa\u00f1a [&hellip;]<\/p>\n","protected":false},"author":2,"featured_media":38100,"comment_status":"open","ping_status":"open","sticky":false,"template":"","format":"standard","meta":{"site-sidebar-layout":"default","site-content-layout":"","ast-site-content-layout":"default","site-content-style":"default","site-sidebar-style":"default","ast-global-header-display":"","ast-banner-title-visibility":"","ast-main-header-display":"","ast-hfb-above-header-display":"","ast-hfb-below-header-display":"","ast-hfb-mobile-header-display":"","site-post-title":"","ast-breadcrumbs-content":"","ast-featured-img":"","footer-sml-layout":"","ast-disable-related-posts":"","theme-transparent-header-meta":"","adv-header-id-meta":"","stick-header-meta":"","header-above-stick-meta":"","header-main-stick-meta":"","header-below-stick-meta":"","astra-migrate-meta-layouts":"default","ast-page-background-enabled":"default","ast-page-background-meta":{"desktop":{"background-color":"var(--ast-global-color-5)","background-image":"","background-repeat":"repeat","background-position":"center center","background-size":"auto","background-attachment":"scroll","background-type":"","background-media":"","overlay-type":"","overlay-color":"","overlay-opacity":"","overlay-gradient":""},"tablet":{"background-color":"","background-image":"","background-repeat":"repeat","background-position":"center center","background-size":"auto","background-attachment":"scroll","background-type":"","background-media":"","overlay-type":"","overlay-color":"","overlay-opacity":"","overlay-gradient":""},"mobile":{"background-color":"","background-image":"","background-repeat":"repeat","background-position":"center center","background-size":"auto","background-attachment":"scroll","background-type":"","background-media":"","overlay-type":"","overlay-color":"","overlay-opacity":"","overlay-gradient":""}},"ast-content-background-meta":{"desktop":{"background-color":"var(--ast-global-color-4)","background-image":"","background-repeat":"repeat","background-position":"center center","background-size":"auto","background-attachment":"scroll","background-type":"","background-media":"","overlay-type":"","overlay-color":"","overlay-opacity":"","overlay-gradient":""},"tablet":{"background-color":"var(--ast-global-color-4)","background-image":"","background-repeat":"repeat","background-position":"center center","background-size":"auto","background-attachment":"scroll","background-type":"","background-media":"","overlay-type":"","overlay-color":"","overlay-opacity":"","overlay-gradient":""},"mobile":{"background-color":"var(--ast-global-color-4)","background-image":"","background-repeat":"repeat","background-position":"center center","background-size":"auto","background-attachment":"scroll","background-type":"","background-media":"","overlay-type":"","overlay-color":"","overlay-opacity":"","overlay-gradient":""}},"footnotes":""},"categories":[16,1],"tags":[],"class_list":["post-38099","post","type-post","status-publish","format-standard","has-post-thumbnail","hentry","category-municipales","category-noticias"],"yoast_head":"<!-- This site is optimized with the Yoast SEO Premium plugin v23.0 (Yoast SEO v27.4) - https:\/\/yoast.com\/product\/yoast-seo-premium-wordpress\/ -->\n<title>Rawson: Hoy inicia campa\u00f1a masiva de vacunaci\u00f3n contra la rabia en perros y gatos<\/title>\n<meta name=\"robots\" content=\"index, follow, max-snippet:-1, max-image-preview:large, max-video-preview:-1\" \/>\n<link rel=\"canonical\" href=\"https:\/\/patagoniambiental.com.ar\/info\/rawson-hoy-inicia-campana-masiva-de-vacunacion-contra-la-rabia-en-perros-y-gatos\/\" \/>\n<meta property=\"og:locale\" content=\"es_ES\" \/>\n<meta property=\"og:type\" content=\"article\" \/>\n<meta property=\"og:title\" content=\"Rawson: Hoy inicia campa\u00f1a masiva de vacunaci\u00f3n contra la rabia en perros y gatos\" \/>\n<meta property=\"og:description\" content=\"RAWSON.- La Municipalidad de Rawson, por medio de la Direcci\u00f3n de Veterinaria, dio a conocer que hoy\u00a0 comenzar\u00e1 la campa\u00f1a [&hellip;]\" \/>\n<meta property=\"og:url\" content=\"https:\/\/patagoniambiental.com.ar\/info\/rawson-hoy-inicia-campana-masiva-de-vacunacion-contra-la-rabia-en-perros-y-gatos\/\" \/>\n<meta property=\"og:site_name\" content=\"Patagonia Ambiental\" \/>\n<meta property=\"article:publisher\" content=\"https:\/\/www.facebook.com\/patagonia.ambiental\" \/>\n<meta property=\"article:author\" content=\"https:\/\/www.facebook.com\/share\/1C1V8Gv9BX\/?mibextid=qi2Omg\" \/>\n<meta property=\"article:published_time\" content=\"2017-11-13T12:00:16+00:00\" \/>\n<meta property=\"og:image\" content=\"https:\/\/patagoniambiental.com.ar\/info\/wp-content\/uploads\/2017\/11\/vacunacion.jpg\" \/>\n\t<meta property=\"og:image:width\" content=\"750\" \/>\n\t<meta property=\"og:image:height\" content=\"457\" \/>\n\t<meta property=\"og:image:type\" content=\"image\/jpeg\" \/>\n<meta name=\"author\" content=\"Patagonia Ambiental\" \/>\n<meta name=\"twitter:card\" content=\"summary_large_image\" \/>\n<meta name=\"twitter:creator\" content=\"@PatAmb\" \/>\n<meta name=\"twitter:site\" content=\"@PatAmb\" \/>\n<script type=\"application\/ld+json\" class=\"yoast-schema-graph\">{\"@context\":\"https:\\\/\\\/schema.org\",\"@graph\":[{\"@type\":\"Article\",\"@id\":\"https:\\\/\\\/patagoniambiental.com.ar\\\/info\\\/rawson-hoy-inicia-campana-masiva-de-vacunacion-contra-la-rabia-en-perros-y-gatos\\\/#article\",\"isPartOf\":{\"@id\":\"https:\\\/\\\/patagoniambiental.com.ar\\\/info\\\/rawson-hoy-inicia-campana-masiva-de-vacunacion-contra-la-rabia-en-perros-y-gatos\\\/\"},\"author\":{\"name\":\"Patagonia Ambiental\",\"@id\":\"https:\\\/\\\/patagoniambiental.com.ar\\\/info\\\/#\\\/schema\\\/person\\\/db12bff64bbcbf6a253710bf0ea37b5d\"},\"headline\":\"Rawson: Hoy inicia campa\u00f1a masiva de vacunaci\u00f3n contra la rabia en perros y gatos\",\"datePublished\":\"2017-11-13T12:00:16+00:00\",\"mainEntityOfPage\":{\"@id\":\"https:\\\/\\\/patagoniambiental.com.ar\\\/info\\\/rawson-hoy-inicia-campana-masiva-de-vacunacion-contra-la-rabia-en-perros-y-gatos\\\/\"},\"wordCount\":548,\"commentCount\":0,\"publisher\":{\"@id\":\"https:\\\/\\\/patagoniambiental.com.ar\\\/info\\\/#organization\"},\"image\":{\"@id\":\"https:\\\/\\\/patagoniambiental.com.ar\\\/info\\\/rawson-hoy-inicia-campana-masiva-de-vacunacion-contra-la-rabia-en-perros-y-gatos\\\/#primaryimage\"},\"thumbnailUrl\":\"https:\\\/\\\/patagoniambiental.com.ar\\\/info\\\/wp-content\\\/uploads\\\/2017\\\/11\\\/vacunacion.jpg\",\"articleSection\":[\"Municipales\",\"Noticias\"],\"inLanguage\":\"es\",\"potentialAction\":[{\"@type\":\"CommentAction\",\"name\":\"Comment\",\"target\":[\"https:\\\/\\\/patagoniambiental.com.ar\\\/info\\\/rawson-hoy-inicia-campana-masiva-de-vacunacion-contra-la-rabia-en-perros-y-gatos\\\/#respond\"]}]},{\"@type\":\"WebPage\",\"@id\":\"https:\\\/\\\/patagoniambiental.com.ar\\\/info\\\/rawson-hoy-inicia-campana-masiva-de-vacunacion-contra-la-rabia-en-perros-y-gatos\\\/\",\"url\":\"https:\\\/\\\/patagoniambiental.com.ar\\\/info\\\/rawson-hoy-inicia-campana-masiva-de-vacunacion-contra-la-rabia-en-perros-y-gatos\\\/\",\"name\":\"Rawson: Hoy inicia campa\u00f1a masiva de vacunaci\u00f3n contra la rabia en perros y gatos\",\"isPartOf\":{\"@id\":\"https:\\\/\\\/patagoniambiental.com.ar\\\/info\\\/#website\"},\"primaryImageOfPage\":{\"@id\":\"https:\\\/\\\/patagoniambiental.com.ar\\\/info\\\/rawson-hoy-inicia-campana-masiva-de-vacunacion-contra-la-rabia-en-perros-y-gatos\\\/#primaryimage\"},\"image\":{\"@id\":\"https:\\\/\\\/patagoniambiental.com.ar\\\/info\\\/rawson-hoy-inicia-campana-masiva-de-vacunacion-contra-la-rabia-en-perros-y-gatos\\\/#primaryimage\"},\"thumbnailUrl\":\"https:\\\/\\\/patagoniambiental.com.ar\\\/info\\\/wp-content\\\/uploads\\\/2017\\\/11\\\/vacunacion.jpg\",\"datePublished\":\"2017-11-13T12:00:16+00:00\",\"breadcrumb\":{\"@id\":\"https:\\\/\\\/patagoniambiental.com.ar\\\/info\\\/rawson-hoy-inicia-campana-masiva-de-vacunacion-contra-la-rabia-en-perros-y-gatos\\\/#breadcrumb\"},\"inLanguage\":\"es\",\"potentialAction\":[{\"@type\":\"ReadAction\",\"target\":[\"https:\\\/\\\/patagoniambiental.com.ar\\\/info\\\/rawson-hoy-inicia-campana-masiva-de-vacunacion-contra-la-rabia-en-perros-y-gatos\\\/\"]}]},{\"@type\":\"ImageObject\",\"inLanguage\":\"es\",\"@id\":\"https:\\\/\\\/patagoniambiental.com.ar\\\/info\\\/rawson-hoy-inicia-campana-masiva-de-vacunacion-contra-la-rabia-en-perros-y-gatos\\\/#primaryimage\",\"url\":\"https:\\\/\\\/patagoniambiental.com.ar\\\/info\\\/wp-content\\\/uploads\\\/2017\\\/11\\\/vacunacion.jpg\",\"contentUrl\":\"https:\\\/\\\/patagoniambiental.com.ar\\\/info\\\/wp-content\\\/uploads\\\/2017\\\/11\\\/vacunacion.jpg\",\"width\":750,\"height\":457},{\"@type\":\"BreadcrumbList\",\"@id\":\"https:\\\/\\\/patagoniambiental.com.ar\\\/info\\\/rawson-hoy-inicia-campana-masiva-de-vacunacion-contra-la-rabia-en-perros-y-gatos\\\/#breadcrumb\",\"itemListElement\":[{\"@type\":\"ListItem\",\"position\":1,\"name\":\"Inicio\",\"item\":\"https:\\\/\\\/patagoniambiental.com.ar\\\/info\\\/\"},{\"@type\":\"ListItem\",\"position\":2,\"name\":\"Rawson: Hoy inicia campa\u00f1a masiva de vacunaci\u00f3n contra la rabia en perros y gatos\"}]},{\"@type\":\"WebSite\",\"@id\":\"https:\\\/\\\/patagoniambiental.com.ar\\\/info\\\/#website\",\"url\":\"https:\\\/\\\/patagoniambiental.com.ar\\\/info\\\/\",\"name\":\"Patagonia Ambiental\",\"description\":\"Monitoreo y an\u00e1lisis de la situaci\u00f3n geopol\u00edtica en el mundo y su implicancia en la Patagonia\",\"publisher\":{\"@id\":\"https:\\\/\\\/patagoniambiental.com.ar\\\/info\\\/#organization\"},\"potentialAction\":[{\"@type\":\"SearchAction\",\"target\":{\"@type\":\"EntryPoint\",\"urlTemplate\":\"https:\\\/\\\/patagoniambiental.com.ar\\\/info\\\/?s={search_term_string}\"},\"query-input\":{\"@type\":\"PropertyValueSpecification\",\"valueRequired\":true,\"valueName\":\"search_term_string\"}}],\"inLanguage\":\"es\"},{\"@type\":\"Organization\",\"@id\":\"https:\\\/\\\/patagoniambiental.com.ar\\\/info\\\/#organization\",\"name\":\"Patagonia Ambiental\",\"url\":\"https:\\\/\\\/patagoniambiental.com.ar\\\/info\\\/\",\"logo\":{\"@type\":\"ImageObject\",\"inLanguage\":\"es\",\"@id\":\"https:\\\/\\\/patagoniambiental.com.ar\\\/info\\\/#\\\/schema\\\/logo\\\/image\\\/\",\"url\":\"https:\\\/\\\/patagoniambiental.com.ar\\\/info\\\/wp-content\\\/uploads\\\/2025\\\/05\\\/LOGO-PATAGONIA-AMBIENTAL.png\",\"contentUrl\":\"https:\\\/\\\/patagoniambiental.com.ar\\\/info\\\/wp-content\\\/uploads\\\/2025\\\/05\\\/LOGO-PATAGONIA-AMBIENTAL.png\",\"width\":433,\"height\":250,\"caption\":\"Patagonia Ambiental\"},\"image\":{\"@id\":\"https:\\\/\\\/patagoniambiental.com.ar\\\/info\\\/#\\\/schema\\\/logo\\\/image\\\/\"},\"sameAs\":[\"https:\\\/\\\/www.facebook.com\\\/patagonia.ambiental\",\"https:\\\/\\\/x.com\\\/PatAmb\"]},{\"@type\":\"Person\",\"@id\":\"https:\\\/\\\/patagoniambiental.com.ar\\\/info\\\/#\\\/schema\\\/person\\\/db12bff64bbcbf6a253710bf0ea37b5d\",\"name\":\"Patagonia Ambiental\",\"description\":\"Andr\u00e9s Nievas T\u00e9cnico en manejo ambiental, consultor Ambiental y escritor para medios locales e internacionales sobre temas de geopolitica y medio ambiente.\",\"sameAs\":[\"http:\\\/\\\/www.patagoniambiental.com.ar\",\"https:\\\/\\\/www.facebook.com\\\/share\\\/1C1V8Gv9BX\\\/?mibextid=qi2Omg\",\"@patagoniambiental\",\"https:\\\/\\\/youtube.com\\\/@patagoniaambiental2023?si=BLt58t0wuXquxlYZ\"]}]}<\/script>\n<!-- \/ Yoast SEO Premium plugin. -->","yoast_head_json":{"title":"Rawson: Hoy inicia campa\u00f1a masiva de vacunaci\u00f3n contra la rabia en perros y gatos","robots":{"index":"index","follow":"follow","max-snippet":"max-snippet:-1","max-image-preview":"max-image-preview:large","max-video-preview":"max-video-preview:-1"},"canonical":"https:\/\/patagoniambiental.com.ar\/info\/rawson-hoy-inicia-campana-masiva-de-vacunacion-contra-la-rabia-en-perros-y-gatos\/","og_locale":"es_ES","og_type":"article","og_title":"Rawson: Hoy inicia campa\u00f1a masiva de vacunaci\u00f3n contra la rabia en perros y gatos","og_description":"RAWSON.- La Municipalidad de Rawson, por medio de la Direcci\u00f3n de Veterinaria, dio a conocer que hoy\u00a0 comenzar\u00e1 la campa\u00f1a [&hellip;]","og_url":"https:\/\/patagoniambiental.com.ar\/info\/rawson-hoy-inicia-campana-masiva-de-vacunacion-contra-la-rabia-en-perros-y-gatos\/","og_site_name":"Patagonia Ambiental","article_publisher":"https:\/\/www.facebook.com\/patagonia.ambiental","article_author":"https:\/\/www.facebook.com\/share\/1C1V8Gv9BX\/?mibextid=qi2Omg","article_published_time":"2017-11-13T12:00:16+00:00","og_image":[{"width":750,"height":457,"url":"https:\/\/patagoniambiental.com.ar\/info\/wp-content\/uploads\/2017\/11\/vacunacion.jpg","type":"image\/jpeg"}],"author":"Patagonia Ambiental","twitter_card":"summary_large_image","twitter_creator":"@PatAmb","twitter_site":"@PatAmb","schema":{"@context":"https:\/\/schema.org","@graph":[{"@type":"Article","@id":"https:\/\/patagoniambiental.com.ar\/info\/rawson-hoy-inicia-campana-masiva-de-vacunacion-contra-la-rabia-en-perros-y-gatos\/#article","isPartOf":{"@id":"https:\/\/patagoniambiental.com.ar\/info\/rawson-hoy-inicia-campana-masiva-de-vacunacion-contra-la-rabia-en-perros-y-gatos\/"},"author":{"name":"Patagonia Ambiental","@id":"https:\/\/patagoniambiental.com.ar\/info\/#\/schema\/person\/db12bff64bbcbf6a253710bf0ea37b5d"},"headline":"Rawson: Hoy inicia campa\u00f1a masiva de vacunaci\u00f3n contra la rabia en perros y gatos","datePublished":"2017-11-13T12:00:16+00:00","mainEntityOfPage":{"@id":"https:\/\/patagoniambiental.com.ar\/info\/rawson-hoy-inicia-campana-masiva-de-vacunacion-contra-la-rabia-en-perros-y-gatos\/"},"wordCount":548,"commentCount":0,"publisher":{"@id":"https:\/\/patagoniambiental.com.ar\/info\/#organization"},"image":{"@id":"https:\/\/patagoniambiental.com.ar\/info\/rawson-hoy-inicia-campana-masiva-de-vacunacion-contra-la-rabia-en-perros-y-gatos\/#primaryimage"},"thumbnailUrl":"https:\/\/patagoniambiental.com.ar\/info\/wp-content\/uploads\/2017\/11\/vacunacion.jpg","articleSection":["Municipales","Noticias"],"inLanguage":"es","potentialAction":[{"@type":"CommentAction","name":"Comment","target":["https:\/\/patagoniambiental.com.ar\/info\/rawson-hoy-inicia-campana-masiva-de-vacunacion-contra-la-rabia-en-perros-y-gatos\/#respond"]}]},{"@type":"WebPage","@id":"https:\/\/patagoniambiental.com.ar\/info\/rawson-hoy-inicia-campana-masiva-de-vacunacion-contra-la-rabia-en-perros-y-gatos\/","url":"https:\/\/patagoniambiental.com.ar\/info\/rawson-hoy-inicia-campana-masiva-de-vacunacion-contra-la-rabia-en-perros-y-gatos\/","name":"Rawson: Hoy inicia campa\u00f1a masiva de vacunaci\u00f3n contra la rabia en perros y gatos","isPartOf":{"@id":"https:\/\/patagoniambiental.com.ar\/info\/#website"},"primaryImageOfPage":{"@id":"https:\/\/patagoniambiental.com.ar\/info\/rawson-hoy-inicia-campana-masiva-de-vacunacion-contra-la-rabia-en-perros-y-gatos\/#primaryimage"},"image":{"@id":"https:\/\/patagoniambiental.com.ar\/info\/rawson-hoy-inicia-campana-masiva-de-vacunacion-contra-la-rabia-en-perros-y-gatos\/#primaryimage"},"thumbnailUrl":"https:\/\/patagoniambiental.com.ar\/info\/wp-content\/uploads\/2017\/11\/vacunacion.jpg","datePublished":"2017-11-13T12:00:16+00:00","breadcrumb":{"@id":"https:\/\/patagoniambiental.com.ar\/info\/rawson-hoy-inicia-campana-masiva-de-vacunacion-contra-la-rabia-en-perros-y-gatos\/#breadcrumb"},"inLanguage":"es","potentialAction":[{"@type":"ReadAction","target":["https:\/\/patagoniambiental.com.ar\/info\/rawson-hoy-inicia-campana-masiva-de-vacunacion-contra-la-rabia-en-perros-y-gatos\/"]}]},{"@type":"ImageObject","inLanguage":"es","@id":"https:\/\/patagoniambiental.com.ar\/info\/rawson-hoy-inicia-campana-masiva-de-vacunacion-contra-la-rabia-en-perros-y-gatos\/#primaryimage","url":"https:\/\/patagoniambiental.com.ar\/info\/wp-content\/uploads\/2017\/11\/vacunacion.jpg","contentUrl":"https:\/\/patagoniambiental.com.ar\/info\/wp-content\/uploads\/2017\/11\/vacunacion.jpg","width":750,"height":457},{"@type":"BreadcrumbList","@id":"https:\/\/patagoniambiental.com.ar\/info\/rawson-hoy-inicia-campana-masiva-de-vacunacion-contra-la-rabia-en-perros-y-gatos\/#breadcrumb","itemListElement":[{"@type":"ListItem","position":1,"name":"Inicio","item":"https:\/\/patagoniambiental.com.ar\/info\/"},{"@type":"ListItem","position":2,"name":"Rawson: Hoy inicia campa\u00f1a masiva de vacunaci\u00f3n contra la rabia en perros y gatos"}]},{"@type":"WebSite","@id":"https:\/\/patagoniambiental.com.ar\/info\/#website","url":"https:\/\/patagoniambiental.com.ar\/info\/","name":"Patagonia Ambiental","description":"Monitoreo y an\u00e1lisis de la situaci\u00f3n geopol\u00edtica en el mundo y su implicancia en la Patagonia","publisher":{"@id":"https:\/\/patagoniambiental.com.ar\/info\/#organization"},"potentialAction":[{"@type":"SearchAction","target":{"@type":"EntryPoint","urlTemplate":"https:\/\/patagoniambiental.com.ar\/info\/?s={search_term_string}"},"query-input":{"@type":"PropertyValueSpecification","valueRequired":true,"valueName":"search_term_string"}}],"inLanguage":"es"},{"@type":"Organization","@id":"https:\/\/patagoniambiental.com.ar\/info\/#organization","name":"Patagonia Ambiental","url":"https:\/\/patagoniambiental.com.ar\/info\/","logo":{"@type":"ImageObject","inLanguage":"es","@id":"https:\/\/patagoniambiental.com.ar\/info\/#\/schema\/logo\/image\/","url":"https:\/\/patagoniambiental.com.ar\/info\/wp-content\/uploads\/2025\/05\/LOGO-PATAGONIA-AMBIENTAL.png","contentUrl":"https:\/\/patagoniambiental.com.ar\/info\/wp-content\/uploads\/2025\/05\/LOGO-PATAGONIA-AMBIENTAL.png","width":433,"height":250,"caption":"Patagonia Ambiental"},"image":{"@id":"https:\/\/patagoniambiental.com.ar\/info\/#\/schema\/logo\/image\/"},"sameAs":["https:\/\/www.facebook.com\/patagonia.ambiental","https:\/\/x.com\/PatAmb"]},{"@type":"Person","@id":"https:\/\/patagoniambiental.com.ar\/info\/#\/schema\/person\/db12bff64bbcbf6a253710bf0ea37b5d","name":"Patagonia Ambiental","description":"Andr\u00e9s Nievas T\u00e9cnico en manejo ambiental, consultor Ambiental y escritor para medios locales e internacionales sobre temas de geopolitica y medio ambiente.","sameAs":["http:\/\/www.patagoniambiental.com.ar","https:\/\/www.facebook.com\/share\/1C1V8Gv9BX\/?mibextid=qi2Omg","@patagoniambiental","https:\/\/youtube.com\/@patagoniaambiental2023?si=BLt58t0wuXquxlYZ"]}]}},"_links":{"self":[{"href":"https:\/\/patagoniambiental.com.ar\/info\/wp-json\/wp\/v2\/posts\/38099","targetHints":{"allow":["GET"]}}],"collection":[{"href":"https:\/\/patagoniambiental.com.ar\/info\/wp-json\/wp\/v2\/posts"}],"about":[{"href":"https:\/\/patagoniambiental.com.ar\/info\/wp-json\/wp\/v2\/types\/post"}],"author":[{"embeddable":true,"href":"https:\/\/patagoniambiental.com.ar\/info\/wp-json\/wp\/v2\/users\/2"}],"replies":[{"embeddable":true,"href":"https:\/\/patagoniambiental.com.ar\/info\/wp-json\/wp\/v2\/comments?post=38099"}],"version-history":[{"count":0,"href":"https:\/\/patagoniambiental.com.ar\/info\/wp-json\/wp\/v2\/posts\/38099\/revisions"}],"wp:featuredmedia":[{"embeddable":true,"href":"https:\/\/patagoniambiental.com.ar\/info\/wp-json\/wp\/v2\/media\/38100"}],"wp:attachment":[{"href":"https:\/\/patagoniambiental.com.ar\/info\/wp-json\/wp\/v2\/media?parent=38099"}],"wp:term":[{"taxonomy":"category","embeddable":true,"href":"https:\/\/patagoniambiental.com.ar\/info\/wp-json\/wp\/v2\/categories?post=38099"},{"taxonomy":"post_tag","embeddable":true,"href":"https:\/\/patagoniambiental.com.ar\/info\/wp-json\/wp\/v2\/tags?post=38099"}],"curies":[{"name":"wp","href":"https:\/\/api.w.org\/{rel}","templated":true}]}}