{"id":38114,"date":"2017-11-13T09:00:51","date_gmt":"2017-11-13T12:00:51","guid":{"rendered":"http:\/\/patagoniambiental.com.ar\/info\/?p=38114"},"modified":"2017-11-12T18:47:20","modified_gmt":"2017-11-12T21:47:20","slug":"chile-travesia-por-el-rio-baker-reconocida-a-nivel-nacional-por-sernatur","status":"publish","type":"post","link":"https:\/\/patagoniambiental.com.ar\/info\/chile-travesia-por-el-rio-baker-reconocida-a-nivel-nacional-por-sernatur\/","title":{"rendered":"Chile: Traves\u00eda por el R\u00edo Baker reconocida a nivel nacional por Sernatur"},"content":{"rendered":"<div>\n<div class=\"texto_not\">\n<p class=\"p1\">CHILE.- Cinco d\u00edas navegando en la Patagonia, haciendo rafting a distintos niveles en el R\u00edo Baker. Esto se traduce a cinco d\u00edas que no se borrar\u00e1n de los recuerdos del viajero que decida bajar las aguas m\u00e1s caudalosas de Chile junto a Christian Medina y Patricio Astudillo, propietarios de la empresa Baker Patagonia Aventura, ganadora de la tercera versi\u00f3n del concurso M\u00e1s Valor Tur\u00edstico.<\/p>\n<p class=\"p2\">Esta experiencia invita al turista a navegar el r\u00edo Baker desde las cercan\u00edas de su nacimiento en Puerto Bertrand hasta su desembocadura en Caleta Tortel, en una traves\u00eda que se realiza en balsas inflables propulsadas a remo que siguen las corrientes del r\u00edo. En definitiva, recorrer un r\u00edo pr\u00e1cticamente completo al ritmo de la naturaleza, haciendo de la cultura y la naturaleza insumos \u00fanicos para los que buscan conocer y descubrir lugares \u00fanicos.<\/p>\n<p class=\"p2\">Llegando a la zona, la primera sorpresa es el color del lago Bertrand. Christian Medina dice que \u201ces incre\u00edble la vista desde el muelle. Y hacia la casa y oficina, se aprecia un estilo muy r\u00fastico. Esto porque el lugar que da vida a este emprendimiento es la casa que fue construida por el Padre Ronchi, conocido por su obra en la Regi\u00f3n de Ays\u00e9n\u201d, lo que se resalta el patrimonio de la zona.<\/p>\n<p class=\"p2\">Durante los cinco d\u00edas de recorrido se pueden apreciar distintos biomas, partiendo desde la estepa patag\u00f3nica hasta llegar al bosque siempre verde. La empresa de Christian y Patricio ha tratado de mostrar, a trav\u00e9s de este producto tur\u00edstico, toda la naturaleza del r\u00edo y la cultura de los gauchos que hacen su vida junto al Baker.<\/p>\n<p class=\"p2\">Seg\u00fan Medina, empresario patag\u00f3n de treinta y seis a\u00f1os, \u201cel producto se basa en la sustentabilidad para su funcionamiento, ya que la cultura y la naturaleza son los elementos principales y sin ellos el producto deja de existir\u201d. Es que la sustentabilidad tur\u00edstica es mucho m\u00e1s amplia que el solo cuidado por el medio ambiente, tambi\u00e9n tiene relaci\u00f3n con el impacto de un producto en los \u00e1mbitos cultural, social y econ\u00f3mico en el lugar en que se desenvuelve.<\/p>\n<p class=\"p2\">Y eso lo saben en Baker Patagonia Aventura.<\/p>\n<p class=\"p2\">\u201cLa sustentabilidad se debe hacer parte de los procesos y del comportamiento, para que as\u00ed los que aprendan el concepto lo lleven en el ADN de su trabajo\u201d, afirman. A modo de ejemplo, todos los residuos generados por este viaje se llevan de regreso a Puerto Bertrand y, asimismo, la propulsi\u00f3n de las balsas es mediante remos, por lo tanto, no se usa combustible. Por otra parte, sus proveedores son locales y todas las personas que intervienen en el desarrollo del producto son aut\u00e9nticas culturalmente, debido a que son las mismas familias de los colonos que siguen viviendo en estos remotos lugares.<\/p>\n<p class=\"p2\">Sobre el aspecto econ\u00f3mico, Christian revela que \u201cel producto \u00fanicamente es viable si se conservan la cultura y el ambiente, tambi\u00e9n en su cadena de valor: sobre el 70% del valor por turista se distribuye entre los prestadores de servicios que brindan traslados en caballo, pilcheros para carga en el sector Salt\u00f3n del Baker, alojamiento rural, asado al palo, tortas fritas, verduras locales, traslados en Caleta Tortel, cenas, gastronom\u00eda local en general\u201d.<\/p>\n<p class=\"p4\"><strong>Vivir el paisaje desde otro \u00e1ngulo<\/strong><\/p>\n<p class=\"p2\">\u201cLa aventura se detiene en lo esencial de la experiencia, que es recorrer un lugar a un ritmo diferente, vivir el paisaje desde otro \u00e1ngulo. Con esto generamos una experiencia en relaci\u00f3n con los antepasados patag\u00f3nicos que realizaban esta ruta remando para conquistar el complejo territorio\u201d, aseguran en Baker Patagonia Aventura.<\/p>\n<p class=\"p2\">Lo que ofrece esta empresa aisenina se diferencia en que son pocos los productos tur\u00edsticos que se desarrollan en recorrer los r\u00edos de Chile y que incluyan pernoctaci\u00f3n en distintos destinos, principal complejidad de su operaci\u00f3n. Con Traves\u00eda del R\u00edo Baker, los turistas pueden pernoctar tres noches en campamentos cerca del caudal del r\u00edo, adem\u00e1s de una noche en Puerto Bertrand y otra en Caleta Tortel.<\/p>\n<p class=\"p2\">La diversificaci\u00f3n de experiencias es el sello de esta traves\u00eda. El producto integra distintos servicios locales y atractivos naturales y culturales, lo que permite que el turista admire y reflexione sobre la belleza del entorno y, de paso, valore las historias de esfuerzo y coraje de la gente que habita esta tierra.<\/p>\n<p class=\"p2\">El viaje se inicia desde la estepa Patag\u00f3nica, en el valle Chacabuco, cercano al reci\u00e9n creado Parque Patagonia, para seguir hasta llegar al mar, en las cercan\u00edas de Caleta Tortel.<\/p>\n<p class=\"p2\">\u201cEste viaje est\u00e1 dirigido a personas que gustan del contacto con la naturaleza y vivir una experiencia de vida, pero por sobre todo que son capaces de integrar un equipo\u201d.<\/p>\n<p class=\"p2\">En este recorrido se muestran, adem\u00e1s, atractivos de jerarqu\u00eda internacional, como Campos de Hielo Norte, monumento hist\u00f3rico recientemente protegido, o el Corte San Carlos. El producto tambi\u00e9n est\u00e1 asociado a rutas de inter\u00e9s cient\u00edfico, donde se muestran los lugares en que se produce el fen\u00f3meno GLOF o vaciamiento de lago glaciar. La experiencia tur\u00edstica es completa.<\/p>\n<p class=\"p2\">\u00bfC\u00f3mo fue el proceso para establecer su experiencia tur\u00edstica?<\/p>\n<p class=\"p2\">Estuvo lleno de alegr\u00edas y cosas buenas. Al comienzo, con m\u00e1s ganas que todo y siempre con el apoyo de nuestras familias. Es lindo recordar y darnos cuenta de que simplemente todo pas\u00f3 y el emprendimiento se concret\u00f3. La primera temporada fue el a\u00f1o 2007 y comenzamos haciendo rafting en el r\u00edo Baker. Nos ganamos un premio de Sercotec, con lo que compramos una balsa y otras cosas, de esa manera adquirimos nuestro primer equipo completo para ocho personas.<\/p>\n<p class=\"p2\">Para Christian Medina, \u201clo m\u00e1s gratificante ha sido conocer gente de distintos lugares del mundo, formar amistades que perduran hasta hoy y notar que la mayor\u00eda de las ellas quiere un mundo mejor. Pero m\u00e1s que cualquier cosa, lo mejor es saber que nuestra cultura siempre est\u00e1 presente y que el profesionalismo debe ir acompa\u00f1ado de la pasi\u00f3n por lo que se hace\u201d.<\/p>\n<p class=\"p2\">Para el Director Regional de Sernatur Ays\u00e9n, Cristian Alarc\u00f3n Mendoza, \u201cel concurso M\u00e1s Valor Tur\u00edstico tiene un objetivo fundamental: poder ser una vitrina para los productos tur\u00edsticos innovadores que han incorporado creatividad y han desarrollado una oferta tur\u00edstica sustentable. Durante este gobierno ha tomado especial relevancia el posicionamiento de una cultura pro innovaci\u00f3n en el turismo, una cultura que promueva la generaci\u00f3n de ideas e impulse un turismo sustentable en la regi\u00f3n de Ays\u00e9n\u201d.<\/p>\n<\/div>\n<\/div>\n<div class=\"fb-comments fb_iframe_widget\">\u00a0Fuente:\u00a0http:\/\/www.eldivisadero.cl\/noticia-45509<\/div>\n","protected":false},"excerpt":{"rendered":"<p>CHILE.- Cinco d\u00edas navegando en la Patagonia, haciendo rafting a distintos niveles en el R\u00edo Baker. Esto se traduce a [&hellip;]<\/p>\n","protected":false},"author":2,"featured_media":38115,"comment_status":"open","ping_status":"open","sticky":false,"template":"","format":"standard","meta":{"site-sidebar-layout":"default","site-content-layout":"","ast-site-content-layout":"default","site-content-style":"default","site-sidebar-style":"default","ast-global-header-display":"","ast-banner-title-visibility":"","ast-main-header-display":"","ast-hfb-above-header-display":"","ast-hfb-below-header-display":"","ast-hfb-mobile-header-display":"","site-post-title":"","ast-breadcrumbs-content":"","ast-featured-img":"","footer-sml-layout":"","ast-disable-related-posts":"","theme-transparent-header-meta":"","adv-header-id-meta":"","stick-header-meta":"","header-above-stick-meta":"","header-main-stick-meta":"","header-below-stick-meta":"","astra-migrate-meta-layouts":"default","ast-page-background-enabled":"default","ast-page-background-meta":{"desktop":{"background-color":"var(--ast-global-color-5)","background-image":"","background-repeat":"repeat","background-position":"center center","background-size":"auto","background-attachment":"scroll","background-type":"","background-media":"","overlay-type":"","overlay-color":"","overlay-opacity":"","overlay-gradient":""},"tablet":{"background-color":"","background-image":"","background-repeat":"repeat","background-position":"center center","background-size":"auto","background-attachment":"scroll","background-type":"","background-media":"","overlay-type":"","overlay-color":"","overlay-opacity":"","overlay-gradient":""},"mobile":{"background-color":"","background-image":"","background-repeat":"repeat","background-position":"center center","background-size":"auto","background-attachment":"scroll","background-type":"","background-media":"","overlay-type":"","overlay-color":"","overlay-opacity":"","overlay-gradient":""}},"ast-content-background-meta":{"desktop":{"background-color":"var(--ast-global-color-4)","background-image":"","background-repeat":"repeat","background-position":"center center","background-size":"auto","background-attachment":"scroll","background-type":"","background-media":"","overlay-type":"","overlay-color":"","overlay-opacity":"","overlay-gradient":""},"tablet":{"background-color":"var(--ast-global-color-4)","background-image":"","background-repeat":"repeat","background-position":"center center","background-size":"auto","background-attachment":"scroll","background-type":"","background-media":"","overlay-type":"","overlay-color":"","overlay-opacity":"","overlay-gradient":""},"mobile":{"background-color":"var(--ast-global-color-4)","background-image":"","background-repeat":"repeat","background-position":"center center","background-size":"auto","background-attachment":"scroll","background-type":"","background-media":"","overlay-type":"","overlay-color":"","overlay-opacity":"","overlay-gradient":""}},"footnotes":""},"categories":[1],"tags":[],"class_list":["post-38114","post","type-post","status-publish","format-standard","has-post-thumbnail","hentry","category-noticias"],"yoast_head":"<!-- This site is optimized with the Yoast SEO Premium plugin v23.0 (Yoast SEO v27.4) - https:\/\/yoast.com\/product\/yoast-seo-premium-wordpress\/ -->\n<title>Chile: Traves\u00eda por el R\u00edo Baker reconocida a nivel nacional por Sernatur<\/title>\n<meta name=\"robots\" content=\"index, follow, max-snippet:-1, max-image-preview:large, max-video-preview:-1\" \/>\n<link rel=\"canonical\" href=\"https:\/\/patagoniambiental.com.ar\/info\/chile-travesia-por-el-rio-baker-reconocida-a-nivel-nacional-por-sernatur\/\" \/>\n<meta property=\"og:locale\" content=\"es_ES\" \/>\n<meta property=\"og:type\" content=\"article\" \/>\n<meta property=\"og:title\" content=\"Chile: Traves\u00eda por el R\u00edo Baker reconocida a nivel nacional por Sernatur\" \/>\n<meta property=\"og:description\" content=\"CHILE.- Cinco d\u00edas navegando en la Patagonia, haciendo rafting a distintos niveles en el R\u00edo Baker. Esto se traduce a [&hellip;]\" \/>\n<meta property=\"og:url\" content=\"https:\/\/patagoniambiental.com.ar\/info\/chile-travesia-por-el-rio-baker-reconocida-a-nivel-nacional-por-sernatur\/\" \/>\n<meta property=\"og:site_name\" content=\"Patagonia Ambiental\" \/>\n<meta property=\"article:publisher\" content=\"https:\/\/www.facebook.com\/patagonia.ambiental\" \/>\n<meta property=\"article:author\" content=\"https:\/\/www.facebook.com\/share\/1C1V8Gv9BX\/?mibextid=qi2Omg\" \/>\n<meta property=\"article:published_time\" content=\"2017-11-13T12:00:51+00:00\" \/>\n<meta property=\"og:image\" content=\"https:\/\/patagoniambiental.com.ar\/info\/wp-content\/uploads\/2017\/11\/travesia-rio-baker.jpg\" \/>\n\t<meta property=\"og:image:width\" content=\"1000\" \/>\n\t<meta property=\"og:image:height\" content=\"563\" \/>\n\t<meta property=\"og:image:type\" content=\"image\/jpeg\" \/>\n<meta name=\"author\" content=\"Patagonia Ambiental\" \/>\n<meta name=\"twitter:card\" content=\"summary_large_image\" \/>\n<meta name=\"twitter:creator\" content=\"@PatAmb\" \/>\n<meta name=\"twitter:site\" content=\"@PatAmb\" \/>\n<script type=\"application\/ld+json\" class=\"yoast-schema-graph\">{\"@context\":\"https:\\\/\\\/schema.org\",\"@graph\":[{\"@type\":\"Article\",\"@id\":\"https:\\\/\\\/patagoniambiental.com.ar\\\/info\\\/chile-travesia-por-el-rio-baker-reconocida-a-nivel-nacional-por-sernatur\\\/#article\",\"isPartOf\":{\"@id\":\"https:\\\/\\\/patagoniambiental.com.ar\\\/info\\\/chile-travesia-por-el-rio-baker-reconocida-a-nivel-nacional-por-sernatur\\\/\"},\"author\":{\"name\":\"Patagonia Ambiental\",\"@id\":\"https:\\\/\\\/patagoniambiental.com.ar\\\/info\\\/#\\\/schema\\\/person\\\/db12bff64bbcbf6a253710bf0ea37b5d\"},\"headline\":\"Chile: Traves\u00eda por el R\u00edo Baker reconocida a nivel nacional por Sernatur\",\"datePublished\":\"2017-11-13T12:00:51+00:00\",\"mainEntityOfPage\":{\"@id\":\"https:\\\/\\\/patagoniambiental.com.ar\\\/info\\\/chile-travesia-por-el-rio-baker-reconocida-a-nivel-nacional-por-sernatur\\\/\"},\"wordCount\":1143,\"commentCount\":0,\"publisher\":{\"@id\":\"https:\\\/\\\/patagoniambiental.com.ar\\\/info\\\/#organization\"},\"image\":{\"@id\":\"https:\\\/\\\/patagoniambiental.com.ar\\\/info\\\/chile-travesia-por-el-rio-baker-reconocida-a-nivel-nacional-por-sernatur\\\/#primaryimage\"},\"thumbnailUrl\":\"https:\\\/\\\/patagoniambiental.com.ar\\\/info\\\/wp-content\\\/uploads\\\/2017\\\/11\\\/travesia-rio-baker.jpg\",\"articleSection\":[\"Noticias\"],\"inLanguage\":\"es\",\"potentialAction\":[{\"@type\":\"CommentAction\",\"name\":\"Comment\",\"target\":[\"https:\\\/\\\/patagoniambiental.com.ar\\\/info\\\/chile-travesia-por-el-rio-baker-reconocida-a-nivel-nacional-por-sernatur\\\/#respond\"]}]},{\"@type\":\"WebPage\",\"@id\":\"https:\\\/\\\/patagoniambiental.com.ar\\\/info\\\/chile-travesia-por-el-rio-baker-reconocida-a-nivel-nacional-por-sernatur\\\/\",\"url\":\"https:\\\/\\\/patagoniambiental.com.ar\\\/info\\\/chile-travesia-por-el-rio-baker-reconocida-a-nivel-nacional-por-sernatur\\\/\",\"name\":\"Chile: Traves\u00eda por el R\u00edo Baker reconocida a nivel nacional por Sernatur\",\"isPartOf\":{\"@id\":\"https:\\\/\\\/patagoniambiental.com.ar\\\/info\\\/#website\"},\"primaryImageOfPage\":{\"@id\":\"https:\\\/\\\/patagoniambiental.com.ar\\\/info\\\/chile-travesia-por-el-rio-baker-reconocida-a-nivel-nacional-por-sernatur\\\/#primaryimage\"},\"image\":{\"@id\":\"https:\\\/\\\/patagoniambiental.com.ar\\\/info\\\/chile-travesia-por-el-rio-baker-reconocida-a-nivel-nacional-por-sernatur\\\/#primaryimage\"},\"thumbnailUrl\":\"https:\\\/\\\/patagoniambiental.com.ar\\\/info\\\/wp-content\\\/uploads\\\/2017\\\/11\\\/travesia-rio-baker.jpg\",\"datePublished\":\"2017-11-13T12:00:51+00:00\",\"breadcrumb\":{\"@id\":\"https:\\\/\\\/patagoniambiental.com.ar\\\/info\\\/chile-travesia-por-el-rio-baker-reconocida-a-nivel-nacional-por-sernatur\\\/#breadcrumb\"},\"inLanguage\":\"es\",\"potentialAction\":[{\"@type\":\"ReadAction\",\"target\":[\"https:\\\/\\\/patagoniambiental.com.ar\\\/info\\\/chile-travesia-por-el-rio-baker-reconocida-a-nivel-nacional-por-sernatur\\\/\"]}]},{\"@type\":\"ImageObject\",\"inLanguage\":\"es\",\"@id\":\"https:\\\/\\\/patagoniambiental.com.ar\\\/info\\\/chile-travesia-por-el-rio-baker-reconocida-a-nivel-nacional-por-sernatur\\\/#primaryimage\",\"url\":\"https:\\\/\\\/patagoniambiental.com.ar\\\/info\\\/wp-content\\\/uploads\\\/2017\\\/11\\\/travesia-rio-baker.jpg\",\"contentUrl\":\"https:\\\/\\\/patagoniambiental.com.ar\\\/info\\\/wp-content\\\/uploads\\\/2017\\\/11\\\/travesia-rio-baker.jpg\",\"width\":1000,\"height\":563},{\"@type\":\"BreadcrumbList\",\"@id\":\"https:\\\/\\\/patagoniambiental.com.ar\\\/info\\\/chile-travesia-por-el-rio-baker-reconocida-a-nivel-nacional-por-sernatur\\\/#breadcrumb\",\"itemListElement\":[{\"@type\":\"ListItem\",\"position\":1,\"name\":\"Inicio\",\"item\":\"https:\\\/\\\/patagoniambiental.com.ar\\\/info\\\/\"},{\"@type\":\"ListItem\",\"position\":2,\"name\":\"Chile: Traves\u00eda por el R\u00edo Baker reconocida a nivel nacional por Sernatur\"}]},{\"@type\":\"WebSite\",\"@id\":\"https:\\\/\\\/patagoniambiental.com.ar\\\/info\\\/#website\",\"url\":\"https:\\\/\\\/patagoniambiental.com.ar\\\/info\\\/\",\"name\":\"Patagonia Ambiental\",\"description\":\"Monitoreo y an\u00e1lisis de la situaci\u00f3n geopol\u00edtica en el mundo y su implicancia en la Patagonia\",\"publisher\":{\"@id\":\"https:\\\/\\\/patagoniambiental.com.ar\\\/info\\\/#organization\"},\"potentialAction\":[{\"@type\":\"SearchAction\",\"target\":{\"@type\":\"EntryPoint\",\"urlTemplate\":\"https:\\\/\\\/patagoniambiental.com.ar\\\/info\\\/?s={search_term_string}\"},\"query-input\":{\"@type\":\"PropertyValueSpecification\",\"valueRequired\":true,\"valueName\":\"search_term_string\"}}],\"inLanguage\":\"es\"},{\"@type\":\"Organization\",\"@id\":\"https:\\\/\\\/patagoniambiental.com.ar\\\/info\\\/#organization\",\"name\":\"Patagonia Ambiental\",\"url\":\"https:\\\/\\\/patagoniambiental.com.ar\\\/info\\\/\",\"logo\":{\"@type\":\"ImageObject\",\"inLanguage\":\"es\",\"@id\":\"https:\\\/\\\/patagoniambiental.com.ar\\\/info\\\/#\\\/schema\\\/logo\\\/image\\\/\",\"url\":\"https:\\\/\\\/patagoniambiental.com.ar\\\/info\\\/wp-content\\\/uploads\\\/2025\\\/05\\\/LOGO-PATAGONIA-AMBIENTAL.png\",\"contentUrl\":\"https:\\\/\\\/patagoniambiental.com.ar\\\/info\\\/wp-content\\\/uploads\\\/2025\\\/05\\\/LOGO-PATAGONIA-AMBIENTAL.png\",\"width\":433,\"height\":250,\"caption\":\"Patagonia Ambiental\"},\"image\":{\"@id\":\"https:\\\/\\\/patagoniambiental.com.ar\\\/info\\\/#\\\/schema\\\/logo\\\/image\\\/\"},\"sameAs\":[\"https:\\\/\\\/www.facebook.com\\\/patagonia.ambiental\",\"https:\\\/\\\/x.com\\\/PatAmb\"]},{\"@type\":\"Person\",\"@id\":\"https:\\\/\\\/patagoniambiental.com.ar\\\/info\\\/#\\\/schema\\\/person\\\/db12bff64bbcbf6a253710bf0ea37b5d\",\"name\":\"Patagonia Ambiental\",\"description\":\"Andr\u00e9s Nievas T\u00e9cnico en manejo ambiental, consultor Ambiental y escritor para medios locales e internacionales sobre temas de geopolitica y medio ambiente.\",\"sameAs\":[\"http:\\\/\\\/www.patagoniambiental.com.ar\",\"https:\\\/\\\/www.facebook.com\\\/share\\\/1C1V8Gv9BX\\\/?mibextid=qi2Omg\",\"@patagoniambiental\",\"https:\\\/\\\/youtube.com\\\/@patagoniaambiental2023?si=BLt58t0wuXquxlYZ\"]}]}<\/script>\n<!-- \/ Yoast SEO Premium plugin. -->","yoast_head_json":{"title":"Chile: Traves\u00eda por el R\u00edo Baker reconocida a nivel nacional por Sernatur","robots":{"index":"index","follow":"follow","max-snippet":"max-snippet:-1","max-image-preview":"max-image-preview:large","max-video-preview":"max-video-preview:-1"},"canonical":"https:\/\/patagoniambiental.com.ar\/info\/chile-travesia-por-el-rio-baker-reconocida-a-nivel-nacional-por-sernatur\/","og_locale":"es_ES","og_type":"article","og_title":"Chile: Traves\u00eda por el R\u00edo Baker reconocida a nivel nacional por Sernatur","og_description":"CHILE.- Cinco d\u00edas navegando en la Patagonia, haciendo rafting a distintos niveles en el R\u00edo Baker. Esto se traduce a [&hellip;]","og_url":"https:\/\/patagoniambiental.com.ar\/info\/chile-travesia-por-el-rio-baker-reconocida-a-nivel-nacional-por-sernatur\/","og_site_name":"Patagonia Ambiental","article_publisher":"https:\/\/www.facebook.com\/patagonia.ambiental","article_author":"https:\/\/www.facebook.com\/share\/1C1V8Gv9BX\/?mibextid=qi2Omg","article_published_time":"2017-11-13T12:00:51+00:00","og_image":[{"width":1000,"height":563,"url":"https:\/\/patagoniambiental.com.ar\/info\/wp-content\/uploads\/2017\/11\/travesia-rio-baker.jpg","type":"image\/jpeg"}],"author":"Patagonia Ambiental","twitter_card":"summary_large_image","twitter_creator":"@PatAmb","twitter_site":"@PatAmb","schema":{"@context":"https:\/\/schema.org","@graph":[{"@type":"Article","@id":"https:\/\/patagoniambiental.com.ar\/info\/chile-travesia-por-el-rio-baker-reconocida-a-nivel-nacional-por-sernatur\/#article","isPartOf":{"@id":"https:\/\/patagoniambiental.com.ar\/info\/chile-travesia-por-el-rio-baker-reconocida-a-nivel-nacional-por-sernatur\/"},"author":{"name":"Patagonia Ambiental","@id":"https:\/\/patagoniambiental.com.ar\/info\/#\/schema\/person\/db12bff64bbcbf6a253710bf0ea37b5d"},"headline":"Chile: Traves\u00eda por el R\u00edo Baker reconocida a nivel nacional por Sernatur","datePublished":"2017-11-13T12:00:51+00:00","mainEntityOfPage":{"@id":"https:\/\/patagoniambiental.com.ar\/info\/chile-travesia-por-el-rio-baker-reconocida-a-nivel-nacional-por-sernatur\/"},"wordCount":1143,"commentCount":0,"publisher":{"@id":"https:\/\/patagoniambiental.com.ar\/info\/#organization"},"image":{"@id":"https:\/\/patagoniambiental.com.ar\/info\/chile-travesia-por-el-rio-baker-reconocida-a-nivel-nacional-por-sernatur\/#primaryimage"},"thumbnailUrl":"https:\/\/patagoniambiental.com.ar\/info\/wp-content\/uploads\/2017\/11\/travesia-rio-baker.jpg","articleSection":["Noticias"],"inLanguage":"es","potentialAction":[{"@type":"CommentAction","name":"Comment","target":["https:\/\/patagoniambiental.com.ar\/info\/chile-travesia-por-el-rio-baker-reconocida-a-nivel-nacional-por-sernatur\/#respond"]}]},{"@type":"WebPage","@id":"https:\/\/patagoniambiental.com.ar\/info\/chile-travesia-por-el-rio-baker-reconocida-a-nivel-nacional-por-sernatur\/","url":"https:\/\/patagoniambiental.com.ar\/info\/chile-travesia-por-el-rio-baker-reconocida-a-nivel-nacional-por-sernatur\/","name":"Chile: Traves\u00eda por el R\u00edo Baker reconocida a nivel nacional por Sernatur","isPartOf":{"@id":"https:\/\/patagoniambiental.com.ar\/info\/#website"},"primaryImageOfPage":{"@id":"https:\/\/patagoniambiental.com.ar\/info\/chile-travesia-por-el-rio-baker-reconocida-a-nivel-nacional-por-sernatur\/#primaryimage"},"image":{"@id":"https:\/\/patagoniambiental.com.ar\/info\/chile-travesia-por-el-rio-baker-reconocida-a-nivel-nacional-por-sernatur\/#primaryimage"},"thumbnailUrl":"https:\/\/patagoniambiental.com.ar\/info\/wp-content\/uploads\/2017\/11\/travesia-rio-baker.jpg","datePublished":"2017-11-13T12:00:51+00:00","breadcrumb":{"@id":"https:\/\/patagoniambiental.com.ar\/info\/chile-travesia-por-el-rio-baker-reconocida-a-nivel-nacional-por-sernatur\/#breadcrumb"},"inLanguage":"es","potentialAction":[{"@type":"ReadAction","target":["https:\/\/patagoniambiental.com.ar\/info\/chile-travesia-por-el-rio-baker-reconocida-a-nivel-nacional-por-sernatur\/"]}]},{"@type":"ImageObject","inLanguage":"es","@id":"https:\/\/patagoniambiental.com.ar\/info\/chile-travesia-por-el-rio-baker-reconocida-a-nivel-nacional-por-sernatur\/#primaryimage","url":"https:\/\/patagoniambiental.com.ar\/info\/wp-content\/uploads\/2017\/11\/travesia-rio-baker.jpg","contentUrl":"https:\/\/patagoniambiental.com.ar\/info\/wp-content\/uploads\/2017\/11\/travesia-rio-baker.jpg","width":1000,"height":563},{"@type":"BreadcrumbList","@id":"https:\/\/patagoniambiental.com.ar\/info\/chile-travesia-por-el-rio-baker-reconocida-a-nivel-nacional-por-sernatur\/#breadcrumb","itemListElement":[{"@type":"ListItem","position":1,"name":"Inicio","item":"https:\/\/patagoniambiental.com.ar\/info\/"},{"@type":"ListItem","position":2,"name":"Chile: Traves\u00eda por el R\u00edo Baker reconocida a nivel nacional por Sernatur"}]},{"@type":"WebSite","@id":"https:\/\/patagoniambiental.com.ar\/info\/#website","url":"https:\/\/patagoniambiental.com.ar\/info\/","name":"Patagonia Ambiental","description":"Monitoreo y an\u00e1lisis de la situaci\u00f3n geopol\u00edtica en el mundo y su implicancia en la Patagonia","publisher":{"@id":"https:\/\/patagoniambiental.com.ar\/info\/#organization"},"potentialAction":[{"@type":"SearchAction","target":{"@type":"EntryPoint","urlTemplate":"https:\/\/patagoniambiental.com.ar\/info\/?s={search_term_string}"},"query-input":{"@type":"PropertyValueSpecification","valueRequired":true,"valueName":"search_term_string"}}],"inLanguage":"es"},{"@type":"Organization","@id":"https:\/\/patagoniambiental.com.ar\/info\/#organization","name":"Patagonia Ambiental","url":"https:\/\/patagoniambiental.com.ar\/info\/","logo":{"@type":"ImageObject","inLanguage":"es","@id":"https:\/\/patagoniambiental.com.ar\/info\/#\/schema\/logo\/image\/","url":"https:\/\/patagoniambiental.com.ar\/info\/wp-content\/uploads\/2025\/05\/LOGO-PATAGONIA-AMBIENTAL.png","contentUrl":"https:\/\/patagoniambiental.com.ar\/info\/wp-content\/uploads\/2025\/05\/LOGO-PATAGONIA-AMBIENTAL.png","width":433,"height":250,"caption":"Patagonia Ambiental"},"image":{"@id":"https:\/\/patagoniambiental.com.ar\/info\/#\/schema\/logo\/image\/"},"sameAs":["https:\/\/www.facebook.com\/patagonia.ambiental","https:\/\/x.com\/PatAmb"]},{"@type":"Person","@id":"https:\/\/patagoniambiental.com.ar\/info\/#\/schema\/person\/db12bff64bbcbf6a253710bf0ea37b5d","name":"Patagonia Ambiental","description":"Andr\u00e9s Nievas T\u00e9cnico en manejo ambiental, consultor Ambiental y escritor para medios locales e internacionales sobre temas de geopolitica y medio ambiente.","sameAs":["http:\/\/www.patagoniambiental.com.ar","https:\/\/www.facebook.com\/share\/1C1V8Gv9BX\/?mibextid=qi2Omg","@patagoniambiental","https:\/\/youtube.com\/@patagoniaambiental2023?si=BLt58t0wuXquxlYZ"]}]}},"_links":{"self":[{"href":"https:\/\/patagoniambiental.com.ar\/info\/wp-json\/wp\/v2\/posts\/38114","targetHints":{"allow":["GET"]}}],"collection":[{"href":"https:\/\/patagoniambiental.com.ar\/info\/wp-json\/wp\/v2\/posts"}],"about":[{"href":"https:\/\/patagoniambiental.com.ar\/info\/wp-json\/wp\/v2\/types\/post"}],"author":[{"embeddable":true,"href":"https:\/\/patagoniambiental.com.ar\/info\/wp-json\/wp\/v2\/users\/2"}],"replies":[{"embeddable":true,"href":"https:\/\/patagoniambiental.com.ar\/info\/wp-json\/wp\/v2\/comments?post=38114"}],"version-history":[{"count":0,"href":"https:\/\/patagoniambiental.com.ar\/info\/wp-json\/wp\/v2\/posts\/38114\/revisions"}],"wp:featuredmedia":[{"embeddable":true,"href":"https:\/\/patagoniambiental.com.ar\/info\/wp-json\/wp\/v2\/media\/38115"}],"wp:attachment":[{"href":"https:\/\/patagoniambiental.com.ar\/info\/wp-json\/wp\/v2\/media?parent=38114"}],"wp:term":[{"taxonomy":"category","embeddable":true,"href":"https:\/\/patagoniambiental.com.ar\/info\/wp-json\/wp\/v2\/categories?post=38114"},{"taxonomy":"post_tag","embeddable":true,"href":"https:\/\/patagoniambiental.com.ar\/info\/wp-json\/wp\/v2\/tags?post=38114"}],"curies":[{"name":"wp","href":"https:\/\/api.w.org\/{rel}","templated":true}]}}