{"id":38117,"date":"2017-11-13T09:00:35","date_gmt":"2017-11-13T12:00:35","guid":{"rendered":"http:\/\/patagoniambiental.com.ar\/info\/?p=38117"},"modified":"2017-11-13T09:24:31","modified_gmt":"2017-11-13T12:24:31","slug":"la-resistencia-ancestral-mapuche-usurpo-un-predio-de-parques-nacionales-en-rio-negro","status":"publish","type":"post","link":"https:\/\/patagoniambiental.com.ar\/info\/la-resistencia-ancestral-mapuche-usurpo-un-predio-de-parques-nacionales-en-rio-negro\/","title":{"rendered":"La Resistencia Ancestral Mapuche usurp\u00f3 un predio de Parques Nacionales en R\u00edo Negro"},"content":{"rendered":"<div id=\"fF8x0k1ZzEJUyq\" class=\"wrapper clearfix col-lg-12 pb-feature pb-layout-item pb-f-article-header col-md-12 col-sm-12 col-xs-12 no-align\">\n<div class=\"row\">\n<header class=\"article-header hed-first col-sm-12\">Villa Mascardi.-Integrantes de la RAM ocuparon una zona de Villa Mascardi, a 35 kil\u00f3metros de Bariloche. La Justicia orden\u00f3 el desalojo pero adviertieron que est\u00e1n \u00abdispuestos a resistir\u00bb<\/p>\n<\/header>\n<\/div>\n<\/div>\n<p><!--more--><\/p>\n<div id=\"cYvmMj1ZzEJUyq\" class=\"col-md-8 col-sm-12 col-xs-12 pb-layout-item pb-chain pb-c-list-chain left-align\">\n<div id=\"f8n4C82ZzEJUyq\" class=\"wrapper clearfix full pb-feature pb-layout-item pb-f-article-body no-align\">\n<div id=\"article-body\" class=\"article-body article-body-elements\">\n<div id=\"article-content\">\n<div class=\"row\">\n<figure class=\"element element-image col-xs-12\">\n<div class=\"single-image\">\n<div class=\"shares\"><\/div>\n<p><img decoding=\"async\" id=\"X43PBPYWZFAKTDA7PS3IUEF7FI\" class=\"image-lazy\" src=\"https:\/\/www.infobae.com\/new-resizer\/Moi8MehKobRdoxACxCGwFxcmWhU=\/600x0\/filters:quality(100)\/s3.amazonaws.com\/arc-wordpress-client-uploads\/infobae-wp\/wp-content\/uploads\/2017\/11\/12050120\/Mapuches-toman-predio-de-Parques-Nacional-Villa-Mascardi.jpg\" alt=\"\" width=\"750\" height=\"422.32142857142856\" data-url=\"http:\/\/www.infobae.com\/sociedad\/2017\/11\/12\/la-resistencia-ancestral-mapuche-usurpo-un-predio-de-parques-nacionales-en-rio-negro\/%23X43PBPYWZFAKTDA7PS3IUEF7FI\" data-original=\"https:\/\/www.infobae.com\/new-resizer\/Moi8MehKobRdoxACxCGwFxcmWhU=\/600x0\/filters:quality(100)\/s3.amazonaws.com\/arc-wordpress-client-uploads\/infobae-wp\/wp-content\/uploads\/2017\/11\/12050120\/Mapuches-toman-predio-de-Parques-Nacional-Villa-Mascardi.jpg\" \/><\/div><figcaption class=\"\"><\/figcaption><\/figure>\n<\/div>\n<div class=\"row\">\n<div class=\"col-xs-12 col-print-12\">\n<p class=\"element element-paragraph\"><strong>M\u00e1s de 100 integrantes de la Resistencia Ancestral Mapuche (RAM) tomaron un predio<\/strong>\u00a0perteneciente a los Parques Nacionales en una zona cercana a ciudad rionegrina de Bariloche. Los ocupantes argumentan que los terrenos les corresponden por \u00abderecho ancestral\u00bb y advirtieron que est\u00e1n \u00abdispuestos a resistir\u00bb.<\/p>\n<\/div>\n<\/div>\n<div class=\"row\">\n<div class=\"col-xs-12 col-print-12\">\n<p class=\"element element-paragraph\">\u00ab<em><strong>No queremos integrarnos, queremos liberarnos<\/strong>, deben entender que el principio de Autodeterminaci\u00f3n de los Pueblos habla de la posibilidad de\u00a0<strong>rebeli\u00f3n, resistencia e incluso insurrecci\u00f3n armada<\/strong>\u00a0para objetivos como el separatismo, toma del poder u otras formas de revoluci\u00f3n y Libertad Nacional<\/em>\u00ab, reza un manifiesto publicado por la RAM en 2014 donde exponen sus ideas. \u00ab<em><strong>Ni argentinos ni chilenos, somos Naci\u00f3n Mapuche<\/strong><\/em>\u00ab, a\u00f1aden.<\/p>\n<\/div>\n<\/div>\n<div class=\"row\">\n<div class=\"col-xs-12 col-print-12\">\n<p class=\"element element-paragraph\">En tanto, el conflicto que se desarrolla desde el viernes pasado sobre la\u00a0<strong>ruta nacional 40, kil\u00f3metro 2006<\/strong>, en donde se encuentra el edificio de la escuela de guardiaparques,\u00a0<strong>en Villa Mascardi, a 35 kil\u00f3metros de Bariloche.<\/strong>\u00a0La gravedad de la toma de esa zona radica, adem\u00e1s, en que\u00a0<strong>Parques Nacionales posee all\u00ed sus dep\u00f3sitos log\u00edsticos, veh\u00edculos, combustibles, material de rescate y embarcaciones.<\/strong><\/p>\n<\/div>\n<\/div>\n<div class=\"row\">\n<div class=\"col-xs-12 col-print-12\">\n<p class=\"element element-paragraph\"><strong>Los ocupantes de la RAM ya expresaron ante las fuerzas policiales que no tienen intenciones de retirarse del lugar.<\/strong>\u00a0Asimismo, desde la \u00abRed de Apoyo Comunidades en Conflicto\u00bb convocaron a otras comunidades mapuches a \u00abacercarse a apoyar\u00bb la\u00a0toma\u00a0del predio.<\/p>\n<\/div>\n<\/div>\n<div class=\"row\">\n<div id=\"\" class=\"wrapper clearfix pb-feature pb-layout-item pb-f-ads-dfp left-align\"><\/div>\n<figure class=\"element element-image col-xs-12\">\n<div class=\"single-image\">\n<div class=\"shares\"><\/div>\n<p><img decoding=\"async\" id=\"B63SAT6E7FHOBEHALMEVNSSLWY\" class=\"image-lazy\" src=\"https:\/\/www.infobae.com\/new-resizer\/Yp6xSEyfSNlnfIcEj0GzJOOZ_bA=\/600x0\/filters:quality(100)\/s3.amazonaws.com\/arc-wordpress-client-uploads\/infobae-wp\/wp-content\/uploads\/2017\/11\/12011901\/Comunicado-mapuches-MAP.jpg\" alt=\"\" width=\"750\" height=\"547.3214285714286\" data-url=\"http:\/\/www.infobae.com\/sociedad\/2017\/11\/12\/la-resistencia-ancestral-mapuche-usurpo-un-predio-de-parques-nacionales-en-rio-negro\/%23B63SAT6E7FHOBEHALMEVNSSLWY\" data-original=\"https:\/\/www.infobae.com\/new-resizer\/Yp6xSEyfSNlnfIcEj0GzJOOZ_bA=\/600x0\/filters:quality(100)\/s3.amazonaws.com\/arc-wordpress-client-uploads\/infobae-wp\/wp-content\/uploads\/2017\/11\/12011901\/Comunicado-mapuches-MAP.jpg\" \/><\/div><figcaption class=\"\"><\/figcaption><\/figure>\n<\/div>\n<div class=\"row\">\n<div class=\"col-xs-12 col-print-12\">\n<p class=\"element element-paragraph\">Por su parte, en una publicaci\u00f3n de la \u00abLafken Winkul Mapu\u00bb en el que se anuncia la usurpaci\u00f3n,\u00a0definida por esa comunidad\u00a0como \u00abrecuperaci\u00f3n territorial\u00bb, argumentan: \u00abEs la necesidad en la cual nos encontramos luego de ser reducidos, reubicados y despojados\u00bb. En otro tramo, indican que en el premio tomado\u00a0<strong>\u00abse levantar\u00e1 una autoridad espiritual ancestral\u00bb<\/strong>\u00a0y afirman: \u00abViviremos en este territorio seg\u00fan nuestra forma de vida mapuche\u00bb.<\/p>\n<\/div>\n<\/div>\n<div class=\"row\">\n<figure class=\"element element-image col-xs-12\">\n<div class=\"single-image\">\n<div class=\"shares\"><\/div>\n<p><img decoding=\"async\" id=\"E6O4SANHI5DHNEPKWNLOP4WYMM\" class=\"image-lazy\" src=\"https:\/\/www.infobae.com\/new-resizer\/8wnkfhOeXOGoVsZN0dteLyc7Cfg=\/600x0\/filters:quality(100)\/s3.amazonaws.com\/arc-wordpress-client-uploads\/infobae-wp\/wp-content\/uploads\/2017\/11\/12011857\/Comunicado-mapuche-Villa-Mascardi.jpg\" alt=\"\" width=\"750\" height=\"754.4642857142857\" data-url=\"http:\/\/www.infobae.com\/sociedad\/2017\/11\/12\/la-resistencia-ancestral-mapuche-usurpo-un-predio-de-parques-nacionales-en-rio-negro\/%23E6O4SANHI5DHNEPKWNLOP4WYMM\" data-original=\"https:\/\/www.infobae.com\/new-resizer\/8wnkfhOeXOGoVsZN0dteLyc7Cfg=\/600x0\/filters:quality(100)\/s3.amazonaws.com\/arc-wordpress-client-uploads\/infobae-wp\/wp-content\/uploads\/2017\/11\/12011857\/Comunicado-mapuche-Villa-Mascardi.jpg\" \/><\/div><figcaption class=\"\"><\/figcaption><\/figure>\n<\/div>\n<div class=\"row\">\n<div class=\"col-xs-12 col-print-12\">\n<p class=\"element element-paragraph\">Adem\u00e1s, la ya citada \u00abRed de Apoyo a Comunidades en Conflicto\u00bb\u00a0<strong>amenaz\u00f3 con \u00abresistir cualquier embate de las fuerzas represivas del Estado opresor y se declara en alerta permanente\u00bb.<\/strong><\/p>\n<\/div>\n<\/div>\n<div class=\"row\">\n<div class=\"col-xs-12 col-print-12\">\n<p class=\"element element-paragraph\">Mientras tanto, personal de Parques Nacionales indic\u00f3 en las \u00faltimas horas que hab\u00eda alrededor de\u00a0<strong>15 personas con los rostros cubiertos montando una guardia en la zona de acceso al predio usurpado.<\/strong><\/p>\n<\/div>\n<\/div>\n<div class=\"row\">\n<div class=\"col-xs-12 col-print-12\">\n<p class=\"element element-paragraph\">Los mapuches\u00a0<strong>ya fueron notificados de la orden de desalojo, que tendr\u00e1 lugar en las pr\u00f3ximas horas<\/strong>. La toma se lleva adelante hace ya dos meses, pero decidieron hacerla p\u00fablica este fin de semana para pedir eventuales refuerzos a la comunidad mapuche, ante el inminente operativo de las fuerzas de seguridad.<\/p>\n<\/div>\n<\/div>\n<div class=\"row\">\n<div class=\"col-xs-12 col-print-12\">\n<p class=\"element element-paragraph\"><strong>Una organizaci\u00f3n extremista<\/strong><\/p>\n<\/div>\n<\/div>\n<div class=\"row\">\n<div class=\"col-xs-12 col-print-12\">\n<p class=\"element element-paragraph\"><strong>La RAM\u00a0\u00a0cree en la lucha armada como medio para reclamar por las tierras.<\/strong>\u00a0Su l\u00edder es\u00a0<a href=\"https:\/\/www.infobae.com\/sociedad\/2017\/09\/16\/fernando-jones-huala-de-flogger-a-lider-mapuche\/\">Fernando Jones Huala<\/a>, luego de que fuera detenido su hermano, el dirigente mapuche Facundo Jones Huala. El 1 de agosto, Fernando encabez\u00f3 la protesta en la ruta 40 en el Pu Lof de Resistencia que fue reprimida por la Gendarmer\u00eda y donde fue visto con vida por \u00faltima vez Santiago Maldonado.<\/p>\n<\/div>\n<\/div>\n<div class=\"row\">\n<div class=\"col-xs-12 col-print-12\">\n<p class=\"element element-paragraph\">\u00ab<em><strong>Vamos a resistir con lo que tengamos a mano<\/strong>\u00a0y nunca m\u00e1s vamos a dejarnos golpear o estar esperando una resoluci\u00f3n judicial que intente hacer justicia y no lo hace. Somos waichafes, combatientes con esp\u00edritu de guerreros, y vamos a seguir defendiendo estas tierras de las empresas mineras, de las petroleras, hidroel\u00e9ctricas<\/em>\u00ab, declar\u00f3 Jones Huala cuando fue detenido.<\/p>\n<\/div>\n<\/div>\n<div class=\"row\">\n<div class=\"col-xs-12 col-print-12\">\n<p class=\"element element-paragraph\">Adem\u00e1s afirm\u00f3 que \u00ab<em><strong>dentro de nuestras comundiades s\u00f3lo habr\u00e1 justicia mapuche<\/strong><\/em>\u00bb porque \u00ab<em><strong>ni el estado Argentino ni el Estado chileno\u00a0 tienen un\u00a0solo derecho sobre nuestro territorio<\/strong><\/em>\u00ab. \u00ab<em>Si cruzan el alambrado vamos a considerarlo una invasi\u00f3n a nuestro territorio. Hacia adentro\u00a0<strong>mandamos\u00a0los mapuches, esa es la \u00fanica ley que vamos a obedecer,<\/strong>\u00a0no la ley huinca<\/em>\u00ab, apunt\u00f3.<\/p>\n<\/div>\n<\/div>\n<div class=\"row\">\n<div class=\"col-xs-12 col-print-12\">\n<p class=\"element element-paragraph\">En 2014, la organizaci\u00f3n reivindic\u00f3 los ataques contra el Consulado de Chile y la Catedral de Bariloche, adem\u00e1s del incendio de un refugio. \u00ab<em><strong>Resistiremos a sangre y fuego<\/strong>\u00a0a las petroleras y mineras en el sur y\u00a0<strong>ser\u00e1 nuestro objetivo consolidar una fuerza\u00a0<\/strong>para echar mediante acciones concretas a las ya instaladas,\u00a0<strong>validando todas las formas de lucha<\/strong><\/em>\u00ab, advierten en un comunicado. Y sostienen: \u00ab<em><strong>Negociar no es luchar.<\/strong>\u00a0La burocracia, la legalidad, son enga\u00f1os que mantienen a las comunidades con falsas esperanzas, prolongando en el tiempo la dependencia del Estado<\/em>\u00ab.<\/p>\n<\/div>\n<\/div>\n<div class=\"row\">\n<div class=\"col-xs-12 col-print-12\">\n<p class=\"element element-paragraph\">Tambi\u00e9n se expresaron sobre el caso Aigo, cuando en 2012\u00a0 un sargento mapuche de la polic\u00eda de Neuqu\u00e9n fue asesinado a balazos.\u00a0<em>\u00a0\u00abUno hace elecciones en la vida. Es\u00a0<strong>muy triste que\u00a0 la mayor\u00eda de los mapuches sean polic\u00edas<\/strong>. \u00c9l (Jos\u00e9 Eduardo Aigo) eligi\u00f3 defender los intereses de los capitalistas, es triste, evidentemente una persona pobre que no tiene comprensi\u00f3n, no tiene an\u00e1lisis y tampoco ganas de trabajar, porque para m\u00ed los polic\u00edas<strong>\u00a0son vagos<\/strong>, no son capaces de agarrar una pala y se meten de polic\u00edas\u00bb.<\/em><\/p>\n<p>Fuente: Infobae<\/p>\n<\/div>\n<\/div>\n<\/div>\n<\/div>\n<\/div>\n<\/div>\n","protected":false},"excerpt":{"rendered":"<p>Villa Mascardi.-Integrantes de la RAM ocuparon una zona de Villa Mascardi, a 35 kil\u00f3metros de Bariloche. La Justicia orden\u00f3 el [&hellip;]<\/p>\n","protected":false},"author":2,"featured_media":38118,"comment_status":"open","ping_status":"open","sticky":false,"template":"","format":"standard","meta":{"site-sidebar-layout":"default","site-content-layout":"","ast-site-content-layout":"default","site-content-style":"default","site-sidebar-style":"default","ast-global-header-display":"","ast-banner-title-visibility":"","ast-main-header-display":"","ast-hfb-above-header-display":"","ast-hfb-below-header-display":"","ast-hfb-mobile-header-display":"","site-post-title":"","ast-breadcrumbs-content":"","ast-featured-img":"","footer-sml-layout":"","ast-disable-related-posts":"","theme-transparent-header-meta":"","adv-header-id-meta":"","stick-header-meta":"","header-above-stick-meta":"","header-main-stick-meta":"","header-below-stick-meta":"","astra-migrate-meta-layouts":"default","ast-page-background-enabled":"default","ast-page-background-meta":{"desktop":{"background-color":"var(--ast-global-color-5)","background-image":"","background-repeat":"repeat","background-position":"center center","background-size":"auto","background-attachment":"scroll","background-type":"","background-media":"","overlay-type":"","overlay-color":"","overlay-opacity":"","overlay-gradient":""},"tablet":{"background-color":"","background-image":"","background-repeat":"repeat","background-position":"center center","background-size":"auto","background-attachment":"scroll","background-type":"","background-media":"","overlay-type":"","overlay-color":"","overlay-opacity":"","overlay-gradient":""},"mobile":{"background-color":"","background-image":"","background-repeat":"repeat","background-position":"center center","background-size":"auto","background-attachment":"scroll","background-type":"","background-media":"","overlay-type":"","overlay-color":"","overlay-opacity":"","overlay-gradient":""}},"ast-content-background-meta":{"desktop":{"background-color":"var(--ast-global-color-4)","background-image":"","background-repeat":"repeat","background-position":"center center","background-size":"auto","background-attachment":"scroll","background-type":"","background-media":"","overlay-type":"","overlay-color":"","overlay-opacity":"","overlay-gradient":""},"tablet":{"background-color":"var(--ast-global-color-4)","background-image":"","background-repeat":"repeat","background-position":"center center","background-size":"auto","background-attachment":"scroll","background-type":"","background-media":"","overlay-type":"","overlay-color":"","overlay-opacity":"","overlay-gradient":""},"mobile":{"background-color":"var(--ast-global-color-4)","background-image":"","background-repeat":"repeat","background-position":"center center","background-size":"auto","background-attachment":"scroll","background-type":"","background-media":"","overlay-type":"","overlay-color":"","overlay-opacity":"","overlay-gradient":""}},"footnotes":""},"categories":[1,13,14],"tags":[],"class_list":["post-38117","post","type-post","status-publish","format-standard","has-post-thumbnail","hentry","category-noticias","category-provinciales","category-rio-negro"],"yoast_head":"<!-- This site is optimized with the Yoast SEO Premium plugin v23.0 (Yoast SEO v27.4) - https:\/\/yoast.com\/product\/yoast-seo-premium-wordpress\/ -->\n<title>La Resistencia Ancestral Mapuche usurp\u00f3 un predio de Parques Nacionales en R\u00edo Negro<\/title>\n<meta name=\"robots\" content=\"index, follow, max-snippet:-1, max-image-preview:large, max-video-preview:-1\" \/>\n<link rel=\"canonical\" href=\"https:\/\/patagoniambiental.com.ar\/info\/la-resistencia-ancestral-mapuche-usurpo-un-predio-de-parques-nacionales-en-rio-negro\/\" \/>\n<meta property=\"og:locale\" content=\"es_ES\" \/>\n<meta property=\"og:type\" content=\"article\" \/>\n<meta property=\"og:title\" content=\"La Resistencia Ancestral Mapuche usurp\u00f3 un predio de Parques Nacionales en R\u00edo Negro\" \/>\n<meta property=\"og:description\" content=\"Villa Mascardi.-Integrantes de la RAM ocuparon una zona de Villa Mascardi, a 35 kil\u00f3metros de Bariloche. La Justicia orden\u00f3 el [&hellip;]\" \/>\n<meta property=\"og:url\" content=\"https:\/\/patagoniambiental.com.ar\/info\/la-resistencia-ancestral-mapuche-usurpo-un-predio-de-parques-nacionales-en-rio-negro\/\" \/>\n<meta property=\"og:site_name\" content=\"Patagonia Ambiental\" \/>\n<meta property=\"article:publisher\" content=\"https:\/\/www.facebook.com\/patagonia.ambiental\" \/>\n<meta property=\"article:author\" content=\"https:\/\/www.facebook.com\/share\/1C1V8Gv9BX\/?mibextid=qi2Omg\" \/>\n<meta property=\"article:published_time\" content=\"2017-11-13T12:00:35+00:00\" \/>\n<meta property=\"article:modified_time\" content=\"2017-11-13T12:24:31+00:00\" \/>\n<meta property=\"og:image\" content=\"https:\/\/patagoniambiental.com.ar\/info\/wp-content\/uploads\/2017\/11\/Sin-t\u00edtulo-6.jpg\" \/>\n\t<meta property=\"og:image:width\" content=\"732\" \/>\n\t<meta property=\"og:image:height\" content=\"383\" \/>\n\t<meta property=\"og:image:type\" content=\"image\/jpeg\" \/>\n<meta name=\"author\" content=\"Patagonia Ambiental\" \/>\n<meta name=\"twitter:card\" content=\"summary_large_image\" \/>\n<meta name=\"twitter:creator\" content=\"@PatAmb\" \/>\n<meta name=\"twitter:site\" content=\"@PatAmb\" \/>\n<script type=\"application\/ld+json\" class=\"yoast-schema-graph\">{\"@context\":\"https:\\\/\\\/schema.org\",\"@graph\":[{\"@type\":\"Article\",\"@id\":\"https:\\\/\\\/patagoniambiental.com.ar\\\/info\\\/la-resistencia-ancestral-mapuche-usurpo-un-predio-de-parques-nacionales-en-rio-negro\\\/#article\",\"isPartOf\":{\"@id\":\"https:\\\/\\\/patagoniambiental.com.ar\\\/info\\\/la-resistencia-ancestral-mapuche-usurpo-un-predio-de-parques-nacionales-en-rio-negro\\\/\"},\"author\":{\"name\":\"Patagonia Ambiental\",\"@id\":\"https:\\\/\\\/patagoniambiental.com.ar\\\/info\\\/#\\\/schema\\\/person\\\/db12bff64bbcbf6a253710bf0ea37b5d\"},\"headline\":\"La Resistencia Ancestral Mapuche usurp\u00f3 un predio de Parques Nacionales en R\u00edo Negro\",\"datePublished\":\"2017-11-13T12:00:35+00:00\",\"dateModified\":\"2017-11-13T12:24:31+00:00\",\"mainEntityOfPage\":{\"@id\":\"https:\\\/\\\/patagoniambiental.com.ar\\\/info\\\/la-resistencia-ancestral-mapuche-usurpo-un-predio-de-parques-nacionales-en-rio-negro\\\/\"},\"wordCount\":836,\"commentCount\":0,\"publisher\":{\"@id\":\"https:\\\/\\\/patagoniambiental.com.ar\\\/info\\\/#organization\"},\"image\":{\"@id\":\"https:\\\/\\\/patagoniambiental.com.ar\\\/info\\\/la-resistencia-ancestral-mapuche-usurpo-un-predio-de-parques-nacionales-en-rio-negro\\\/#primaryimage\"},\"thumbnailUrl\":\"https:\\\/\\\/patagoniambiental.com.ar\\\/info\\\/wp-content\\\/uploads\\\/2017\\\/11\\\/Sin-t\u00edtulo-6.jpg\",\"articleSection\":[\"Noticias\",\"Provinciales\",\"R\u00edo Negro\"],\"inLanguage\":\"es\",\"potentialAction\":[{\"@type\":\"CommentAction\",\"name\":\"Comment\",\"target\":[\"https:\\\/\\\/patagoniambiental.com.ar\\\/info\\\/la-resistencia-ancestral-mapuche-usurpo-un-predio-de-parques-nacionales-en-rio-negro\\\/#respond\"]}]},{\"@type\":\"WebPage\",\"@id\":\"https:\\\/\\\/patagoniambiental.com.ar\\\/info\\\/la-resistencia-ancestral-mapuche-usurpo-un-predio-de-parques-nacionales-en-rio-negro\\\/\",\"url\":\"https:\\\/\\\/patagoniambiental.com.ar\\\/info\\\/la-resistencia-ancestral-mapuche-usurpo-un-predio-de-parques-nacionales-en-rio-negro\\\/\",\"name\":\"La Resistencia Ancestral Mapuche usurp\u00f3 un predio de Parques Nacionales en R\u00edo Negro\",\"isPartOf\":{\"@id\":\"https:\\\/\\\/patagoniambiental.com.ar\\\/info\\\/#website\"},\"primaryImageOfPage\":{\"@id\":\"https:\\\/\\\/patagoniambiental.com.ar\\\/info\\\/la-resistencia-ancestral-mapuche-usurpo-un-predio-de-parques-nacionales-en-rio-negro\\\/#primaryimage\"},\"image\":{\"@id\":\"https:\\\/\\\/patagoniambiental.com.ar\\\/info\\\/la-resistencia-ancestral-mapuche-usurpo-un-predio-de-parques-nacionales-en-rio-negro\\\/#primaryimage\"},\"thumbnailUrl\":\"https:\\\/\\\/patagoniambiental.com.ar\\\/info\\\/wp-content\\\/uploads\\\/2017\\\/11\\\/Sin-t\u00edtulo-6.jpg\",\"datePublished\":\"2017-11-13T12:00:35+00:00\",\"dateModified\":\"2017-11-13T12:24:31+00:00\",\"breadcrumb\":{\"@id\":\"https:\\\/\\\/patagoniambiental.com.ar\\\/info\\\/la-resistencia-ancestral-mapuche-usurpo-un-predio-de-parques-nacionales-en-rio-negro\\\/#breadcrumb\"},\"inLanguage\":\"es\",\"potentialAction\":[{\"@type\":\"ReadAction\",\"target\":[\"https:\\\/\\\/patagoniambiental.com.ar\\\/info\\\/la-resistencia-ancestral-mapuche-usurpo-un-predio-de-parques-nacionales-en-rio-negro\\\/\"]}]},{\"@type\":\"ImageObject\",\"inLanguage\":\"es\",\"@id\":\"https:\\\/\\\/patagoniambiental.com.ar\\\/info\\\/la-resistencia-ancestral-mapuche-usurpo-un-predio-de-parques-nacionales-en-rio-negro\\\/#primaryimage\",\"url\":\"https:\\\/\\\/patagoniambiental.com.ar\\\/info\\\/wp-content\\\/uploads\\\/2017\\\/11\\\/Sin-t\u00edtulo-6.jpg\",\"contentUrl\":\"https:\\\/\\\/patagoniambiental.com.ar\\\/info\\\/wp-content\\\/uploads\\\/2017\\\/11\\\/Sin-t\u00edtulo-6.jpg\",\"width\":732,\"height\":383},{\"@type\":\"BreadcrumbList\",\"@id\":\"https:\\\/\\\/patagoniambiental.com.ar\\\/info\\\/la-resistencia-ancestral-mapuche-usurpo-un-predio-de-parques-nacionales-en-rio-negro\\\/#breadcrumb\",\"itemListElement\":[{\"@type\":\"ListItem\",\"position\":1,\"name\":\"Inicio\",\"item\":\"https:\\\/\\\/patagoniambiental.com.ar\\\/info\\\/\"},{\"@type\":\"ListItem\",\"position\":2,\"name\":\"La Resistencia Ancestral Mapuche usurp\u00f3 un predio de Parques Nacionales en R\u00edo Negro\"}]},{\"@type\":\"WebSite\",\"@id\":\"https:\\\/\\\/patagoniambiental.com.ar\\\/info\\\/#website\",\"url\":\"https:\\\/\\\/patagoniambiental.com.ar\\\/info\\\/\",\"name\":\"Patagonia Ambiental\",\"description\":\"Monitoreo y an\u00e1lisis de la situaci\u00f3n geopol\u00edtica en el mundo y su implicancia en la Patagonia\",\"publisher\":{\"@id\":\"https:\\\/\\\/patagoniambiental.com.ar\\\/info\\\/#organization\"},\"potentialAction\":[{\"@type\":\"SearchAction\",\"target\":{\"@type\":\"EntryPoint\",\"urlTemplate\":\"https:\\\/\\\/patagoniambiental.com.ar\\\/info\\\/?s={search_term_string}\"},\"query-input\":{\"@type\":\"PropertyValueSpecification\",\"valueRequired\":true,\"valueName\":\"search_term_string\"}}],\"inLanguage\":\"es\"},{\"@type\":\"Organization\",\"@id\":\"https:\\\/\\\/patagoniambiental.com.ar\\\/info\\\/#organization\",\"name\":\"Patagonia Ambiental\",\"url\":\"https:\\\/\\\/patagoniambiental.com.ar\\\/info\\\/\",\"logo\":{\"@type\":\"ImageObject\",\"inLanguage\":\"es\",\"@id\":\"https:\\\/\\\/patagoniambiental.com.ar\\\/info\\\/#\\\/schema\\\/logo\\\/image\\\/\",\"url\":\"https:\\\/\\\/patagoniambiental.com.ar\\\/info\\\/wp-content\\\/uploads\\\/2025\\\/05\\\/LOGO-PATAGONIA-AMBIENTAL.png\",\"contentUrl\":\"https:\\\/\\\/patagoniambiental.com.ar\\\/info\\\/wp-content\\\/uploads\\\/2025\\\/05\\\/LOGO-PATAGONIA-AMBIENTAL.png\",\"width\":433,\"height\":250,\"caption\":\"Patagonia Ambiental\"},\"image\":{\"@id\":\"https:\\\/\\\/patagoniambiental.com.ar\\\/info\\\/#\\\/schema\\\/logo\\\/image\\\/\"},\"sameAs\":[\"https:\\\/\\\/www.facebook.com\\\/patagonia.ambiental\",\"https:\\\/\\\/x.com\\\/PatAmb\"]},{\"@type\":\"Person\",\"@id\":\"https:\\\/\\\/patagoniambiental.com.ar\\\/info\\\/#\\\/schema\\\/person\\\/db12bff64bbcbf6a253710bf0ea37b5d\",\"name\":\"Patagonia Ambiental\",\"description\":\"Andr\u00e9s Nievas T\u00e9cnico en manejo ambiental, consultor Ambiental y escritor para medios locales e internacionales sobre temas de geopolitica y medio ambiente.\",\"sameAs\":[\"http:\\\/\\\/www.patagoniambiental.com.ar\",\"https:\\\/\\\/www.facebook.com\\\/share\\\/1C1V8Gv9BX\\\/?mibextid=qi2Omg\",\"@patagoniambiental\",\"https:\\\/\\\/youtube.com\\\/@patagoniaambiental2023?si=BLt58t0wuXquxlYZ\"]}]}<\/script>\n<!-- \/ Yoast SEO Premium plugin. -->","yoast_head_json":{"title":"La Resistencia Ancestral Mapuche usurp\u00f3 un predio de Parques Nacionales en R\u00edo Negro","robots":{"index":"index","follow":"follow","max-snippet":"max-snippet:-1","max-image-preview":"max-image-preview:large","max-video-preview":"max-video-preview:-1"},"canonical":"https:\/\/patagoniambiental.com.ar\/info\/la-resistencia-ancestral-mapuche-usurpo-un-predio-de-parques-nacionales-en-rio-negro\/","og_locale":"es_ES","og_type":"article","og_title":"La Resistencia Ancestral Mapuche usurp\u00f3 un predio de Parques Nacionales en R\u00edo Negro","og_description":"Villa Mascardi.-Integrantes de la RAM ocuparon una zona de Villa Mascardi, a 35 kil\u00f3metros de Bariloche. La Justicia orden\u00f3 el [&hellip;]","og_url":"https:\/\/patagoniambiental.com.ar\/info\/la-resistencia-ancestral-mapuche-usurpo-un-predio-de-parques-nacionales-en-rio-negro\/","og_site_name":"Patagonia Ambiental","article_publisher":"https:\/\/www.facebook.com\/patagonia.ambiental","article_author":"https:\/\/www.facebook.com\/share\/1C1V8Gv9BX\/?mibextid=qi2Omg","article_published_time":"2017-11-13T12:00:35+00:00","article_modified_time":"2017-11-13T12:24:31+00:00","og_image":[{"width":732,"height":383,"url":"https:\/\/patagoniambiental.com.ar\/info\/wp-content\/uploads\/2017\/11\/Sin-t\u00edtulo-6.jpg","type":"image\/jpeg"}],"author":"Patagonia Ambiental","twitter_card":"summary_large_image","twitter_creator":"@PatAmb","twitter_site":"@PatAmb","schema":{"@context":"https:\/\/schema.org","@graph":[{"@type":"Article","@id":"https:\/\/patagoniambiental.com.ar\/info\/la-resistencia-ancestral-mapuche-usurpo-un-predio-de-parques-nacionales-en-rio-negro\/#article","isPartOf":{"@id":"https:\/\/patagoniambiental.com.ar\/info\/la-resistencia-ancestral-mapuche-usurpo-un-predio-de-parques-nacionales-en-rio-negro\/"},"author":{"name":"Patagonia Ambiental","@id":"https:\/\/patagoniambiental.com.ar\/info\/#\/schema\/person\/db12bff64bbcbf6a253710bf0ea37b5d"},"headline":"La Resistencia Ancestral Mapuche usurp\u00f3 un predio de Parques Nacionales en R\u00edo Negro","datePublished":"2017-11-13T12:00:35+00:00","dateModified":"2017-11-13T12:24:31+00:00","mainEntityOfPage":{"@id":"https:\/\/patagoniambiental.com.ar\/info\/la-resistencia-ancestral-mapuche-usurpo-un-predio-de-parques-nacionales-en-rio-negro\/"},"wordCount":836,"commentCount":0,"publisher":{"@id":"https:\/\/patagoniambiental.com.ar\/info\/#organization"},"image":{"@id":"https:\/\/patagoniambiental.com.ar\/info\/la-resistencia-ancestral-mapuche-usurpo-un-predio-de-parques-nacionales-en-rio-negro\/#primaryimage"},"thumbnailUrl":"https:\/\/patagoniambiental.com.ar\/info\/wp-content\/uploads\/2017\/11\/Sin-t\u00edtulo-6.jpg","articleSection":["Noticias","Provinciales","R\u00edo Negro"],"inLanguage":"es","potentialAction":[{"@type":"CommentAction","name":"Comment","target":["https:\/\/patagoniambiental.com.ar\/info\/la-resistencia-ancestral-mapuche-usurpo-un-predio-de-parques-nacionales-en-rio-negro\/#respond"]}]},{"@type":"WebPage","@id":"https:\/\/patagoniambiental.com.ar\/info\/la-resistencia-ancestral-mapuche-usurpo-un-predio-de-parques-nacionales-en-rio-negro\/","url":"https:\/\/patagoniambiental.com.ar\/info\/la-resistencia-ancestral-mapuche-usurpo-un-predio-de-parques-nacionales-en-rio-negro\/","name":"La Resistencia Ancestral Mapuche usurp\u00f3 un predio de Parques Nacionales en R\u00edo Negro","isPartOf":{"@id":"https:\/\/patagoniambiental.com.ar\/info\/#website"},"primaryImageOfPage":{"@id":"https:\/\/patagoniambiental.com.ar\/info\/la-resistencia-ancestral-mapuche-usurpo-un-predio-de-parques-nacionales-en-rio-negro\/#primaryimage"},"image":{"@id":"https:\/\/patagoniambiental.com.ar\/info\/la-resistencia-ancestral-mapuche-usurpo-un-predio-de-parques-nacionales-en-rio-negro\/#primaryimage"},"thumbnailUrl":"https:\/\/patagoniambiental.com.ar\/info\/wp-content\/uploads\/2017\/11\/Sin-t\u00edtulo-6.jpg","datePublished":"2017-11-13T12:00:35+00:00","dateModified":"2017-11-13T12:24:31+00:00","breadcrumb":{"@id":"https:\/\/patagoniambiental.com.ar\/info\/la-resistencia-ancestral-mapuche-usurpo-un-predio-de-parques-nacionales-en-rio-negro\/#breadcrumb"},"inLanguage":"es","potentialAction":[{"@type":"ReadAction","target":["https:\/\/patagoniambiental.com.ar\/info\/la-resistencia-ancestral-mapuche-usurpo-un-predio-de-parques-nacionales-en-rio-negro\/"]}]},{"@type":"ImageObject","inLanguage":"es","@id":"https:\/\/patagoniambiental.com.ar\/info\/la-resistencia-ancestral-mapuche-usurpo-un-predio-de-parques-nacionales-en-rio-negro\/#primaryimage","url":"https:\/\/patagoniambiental.com.ar\/info\/wp-content\/uploads\/2017\/11\/Sin-t\u00edtulo-6.jpg","contentUrl":"https:\/\/patagoniambiental.com.ar\/info\/wp-content\/uploads\/2017\/11\/Sin-t\u00edtulo-6.jpg","width":732,"height":383},{"@type":"BreadcrumbList","@id":"https:\/\/patagoniambiental.com.ar\/info\/la-resistencia-ancestral-mapuche-usurpo-un-predio-de-parques-nacionales-en-rio-negro\/#breadcrumb","itemListElement":[{"@type":"ListItem","position":1,"name":"Inicio","item":"https:\/\/patagoniambiental.com.ar\/info\/"},{"@type":"ListItem","position":2,"name":"La Resistencia Ancestral Mapuche usurp\u00f3 un predio de Parques Nacionales en R\u00edo Negro"}]},{"@type":"WebSite","@id":"https:\/\/patagoniambiental.com.ar\/info\/#website","url":"https:\/\/patagoniambiental.com.ar\/info\/","name":"Patagonia Ambiental","description":"Monitoreo y an\u00e1lisis de la situaci\u00f3n geopol\u00edtica en el mundo y su implicancia en la Patagonia","publisher":{"@id":"https:\/\/patagoniambiental.com.ar\/info\/#organization"},"potentialAction":[{"@type":"SearchAction","target":{"@type":"EntryPoint","urlTemplate":"https:\/\/patagoniambiental.com.ar\/info\/?s={search_term_string}"},"query-input":{"@type":"PropertyValueSpecification","valueRequired":true,"valueName":"search_term_string"}}],"inLanguage":"es"},{"@type":"Organization","@id":"https:\/\/patagoniambiental.com.ar\/info\/#organization","name":"Patagonia Ambiental","url":"https:\/\/patagoniambiental.com.ar\/info\/","logo":{"@type":"ImageObject","inLanguage":"es","@id":"https:\/\/patagoniambiental.com.ar\/info\/#\/schema\/logo\/image\/","url":"https:\/\/patagoniambiental.com.ar\/info\/wp-content\/uploads\/2025\/05\/LOGO-PATAGONIA-AMBIENTAL.png","contentUrl":"https:\/\/patagoniambiental.com.ar\/info\/wp-content\/uploads\/2025\/05\/LOGO-PATAGONIA-AMBIENTAL.png","width":433,"height":250,"caption":"Patagonia Ambiental"},"image":{"@id":"https:\/\/patagoniambiental.com.ar\/info\/#\/schema\/logo\/image\/"},"sameAs":["https:\/\/www.facebook.com\/patagonia.ambiental","https:\/\/x.com\/PatAmb"]},{"@type":"Person","@id":"https:\/\/patagoniambiental.com.ar\/info\/#\/schema\/person\/db12bff64bbcbf6a253710bf0ea37b5d","name":"Patagonia Ambiental","description":"Andr\u00e9s Nievas T\u00e9cnico en manejo ambiental, consultor Ambiental y escritor para medios locales e internacionales sobre temas de geopolitica y medio ambiente.","sameAs":["http:\/\/www.patagoniambiental.com.ar","https:\/\/www.facebook.com\/share\/1C1V8Gv9BX\/?mibextid=qi2Omg","@patagoniambiental","https:\/\/youtube.com\/@patagoniaambiental2023?si=BLt58t0wuXquxlYZ"]}]}},"_links":{"self":[{"href":"https:\/\/patagoniambiental.com.ar\/info\/wp-json\/wp\/v2\/posts\/38117","targetHints":{"allow":["GET"]}}],"collection":[{"href":"https:\/\/patagoniambiental.com.ar\/info\/wp-json\/wp\/v2\/posts"}],"about":[{"href":"https:\/\/patagoniambiental.com.ar\/info\/wp-json\/wp\/v2\/types\/post"}],"author":[{"embeddable":true,"href":"https:\/\/patagoniambiental.com.ar\/info\/wp-json\/wp\/v2\/users\/2"}],"replies":[{"embeddable":true,"href":"https:\/\/patagoniambiental.com.ar\/info\/wp-json\/wp\/v2\/comments?post=38117"}],"version-history":[{"count":0,"href":"https:\/\/patagoniambiental.com.ar\/info\/wp-json\/wp\/v2\/posts\/38117\/revisions"}],"wp:featuredmedia":[{"embeddable":true,"href":"https:\/\/patagoniambiental.com.ar\/info\/wp-json\/wp\/v2\/media\/38118"}],"wp:attachment":[{"href":"https:\/\/patagoniambiental.com.ar\/info\/wp-json\/wp\/v2\/media?parent=38117"}],"wp:term":[{"taxonomy":"category","embeddable":true,"href":"https:\/\/patagoniambiental.com.ar\/info\/wp-json\/wp\/v2\/categories?post=38117"},{"taxonomy":"post_tag","embeddable":true,"href":"https:\/\/patagoniambiental.com.ar\/info\/wp-json\/wp\/v2\/tags?post=38117"}],"curies":[{"name":"wp","href":"https:\/\/api.w.org\/{rel}","templated":true}]}}