{"id":38126,"date":"2017-11-13T19:00:26","date_gmt":"2017-11-13T22:00:26","guid":{"rendered":"http:\/\/patagoniambiental.com.ar\/info\/?p=38126"},"modified":"2017-11-13T09:49:21","modified_gmt":"2017-11-13T12:49:21","slug":"el-documental-chileno-que-analiza-el-conflicto-territorial-de-la-patagonia-argentina","status":"publish","type":"post","link":"https:\/\/patagoniambiental.com.ar\/info\/el-documental-chileno-que-analiza-el-conflicto-territorial-de-la-patagonia-argentina\/","title":{"rendered":"El documental chileno que analiza el conflicto territorial de la Patagonia Argentina"},"content":{"rendered":"<div id=\"p_p_id_contentviewerportlet_WAR_newsportlet_INSTANCE_29055c2a92a14c40bdf49d1d958f3aab_\" class=\"portlet-boundary portlet-boundary_contentviewerportlet_WAR_newsportlet_ portlet-static portlet-static-end content-viewer-portlet \">\n<div class=\"td-portlet\">\n<section id=\"portlet_contentviewerportlet_WAR_newsportlet_INSTANCE_29055c2a92a14c40bdf49d1d958f3aab\" class=\"portlet\">\n<div class=\"portlet-content\">\n<div class=\" portlet-content-container\">\n<div class=\"portlet-body\">\n<div class=\"last td-viewer full-access\">\n<div class=\"template-90\">\n<div class=\"left-block\">\n<p class=\"location font-2-ebold fs16\"><a href=\"http:\/\/www.rionegro.com.ar\/tag\/-\/meta\/chile\">CHILE.<\/a>\u201cTerritorio Wallmapu: el nexo mapuche en la frontera\u201d, es un informe especial de TVN de Chile.<\/p>\n<\/div>\n<\/div>\n<\/div>\n<\/div>\n<\/div>\n<\/div>\n<\/section>\n<\/div>\n<\/div>\n<p><!--more--><\/p>\n<div id=\"p_p_id_relatedviewerportlet_WAR_newsportlet_INSTANCE_d99063c77ccf4aecb97bcdead82cb33b_\" class=\"portlet-boundary portlet-boundary_relatedviewerportlet_WAR_newsportlet_ portlet-static portlet-static-end related-viewer-portlet advanced-91\"><\/div>\n<div id=\"p_p_id_contentviewerportlet_WAR_newsportlet_INSTANCE_d9a5adf1cebf4e53b04df3984d746cf6_\" class=\"portlet-boundary portlet-boundary_contentviewerportlet_WAR_newsportlet_ portlet-static portlet-static-end content-viewer-portlet \">\n<p>&nbsp;<\/p>\n<div class=\"td-portlet\">\n<section id=\"portlet_contentviewerportlet_WAR_newsportlet_INSTANCE_d9a5adf1cebf4e53b04df3984d746cf6\" class=\"portlet\">\n<div class=\"portlet-content\">\n<div class=\" portlet-content-container\">\n<div class=\"portlet-body\">\n<div class=\"last td-viewer full-access\">\n<div class=\"template-92\">\n<div class=\"left-block\">\n<div class=\"bx-wrapper\">\n<div class=\"bx-viewport\">\n<div class=\"multimediaMacroWrapper bxMultimedia3907657\">\n<div class=\"contentMedia art-youtube\">\n<div class=\"responsive-video\"><iframe src=\"http:\/\/www.youtube.com\/embed\/1uz5FzNRCww\" width=\"645\" height=\"362\" frameborder=\"0\" allowfullscreen=\"allowfullscreen\" data-mce-fragment=\"1\"><\/iframe><\/div>\n<\/div>\n<div class=\"contentMedia art-gallery\">\n<figure class=\"cutlineShow\">\n<div><img fetchpriority=\"high\" class=\"lazyloaded alignleft\" title=\"El documental chileno que analiza el conflicto territorial en la Patagonia Argentina. - Regi\u00f3n - Diario Rio Negro - rionegro.com.ar\" srcset=\"\/\/www.rionegro.com.ar\/documents\/1\/0\/749x370\/45c0\/660d370\/none\/12350\/LKNC\/image_content_9058659_20171113085022.jpg 660w\" alt=\"El documental chileno que analiza el conflicto territorial en la Patagonia Argentina. - Regi\u00f3n - Diario Rio Negro - rionegro.com.ar\" width=\"660\" height=\"370\" data-srcset=\"\/\/www.rionegro.com.ar\/documents\/1\/0\/749x370\/45c0\/660d370\/none\/12350\/LKNC\/image_content_9058659_20171113085022.jpg 660w\" \/><\/div>\n<\/figure>\n<div class=\"cutline\">El documental chileno que analiza el conflicto territorial en la Patagonia Argentina.<span class=\"byline-image\">\u00a0(Foto: Captura Youtube)<\/span><\/div>\n<\/div>\n<\/div>\n<\/div>\n<div class=\"bx-controls bx-has-controls-direction\"><\/div>\n<\/div>\n<div class=\"separator\"><\/div>\n<\/div>\n<div class=\"cl\"><\/div>\n<\/div>\n<\/div>\n<\/div>\n<\/div>\n<\/div>\n<\/section>\n<\/div>\n<\/div>\n<div id=\"p_p_id_contentviewerportlet_WAR_newsportlet_INSTANCE_34000c7cc7664a509e74a6bb65f92cf5_\" class=\"portlet-boundary portlet-boundary_contentviewerportlet_WAR_newsportlet_ portlet-static portlet-static-end content-viewer-portlet advanced-93\">\n<p>&nbsp;<\/p>\n<div class=\"td-portlet\">\n<section id=\"portlet_contentviewerportlet_WAR_newsportlet_INSTANCE_34000c7cc7664a509e74a6bb65f92cf5\" class=\"portlet\">\n<div class=\"portlet-content\">\n<div class=\" portlet-content-container\">\n<div class=\"portlet-body\">\n<div class=\"last td-viewer full-access\">\n<div class=\"template-93\">\n<div class=\"left-block\">\n<div class=\"title font-1-bold fs12\">Comparte esta noticia<\/div>\n<div class=\"addthis_toolbox addthis_default_style addthis_32x32_style\"><\/div>\n<\/div>\n<div class=\"right-block hidden-xs\"><\/div>\n<div class=\"cl\"><\/div>\n<\/div>\n<\/div>\n<\/div>\n<\/div>\n<\/div>\n<\/section>\n<\/div>\n<\/div>\n<div id=\"p_p_id_adcontainerportlet_WAR_advertisementportlet_INSTANCE_37b26741dee64714896f37363142dfa2_\" class=\"portlet-boundary portlet-boundary_adcontainerportlet_WAR_advertisementportlet_ portlet-static portlet-static-end adcontainer-portlet ad-border\">Una periodista de TVN Chile viaj\u00f3 a la Patagonia Argentina para documentar la relaci\u00f3n entre los Mapuches que viven en Argentina y el vecino pa\u00eds.<\/div>\n<div id=\"p_p_id_contentviewerportlet_WAR_newsportlet_INSTANCE_f87d2b37f7854b2a9fd05731840d7a2a_\" class=\"portlet-boundary portlet-boundary_contentviewerportlet_WAR_newsportlet_ portlet-static portlet-static-end content-viewer-portlet \">\n<div class=\"td-portlet\">\n<section id=\"portlet_contentviewerportlet_WAR_newsportlet_INSTANCE_f87d2b37f7854b2a9fd05731840d7a2a\" class=\"portlet\">\n<div class=\"portlet-content\">\n<div class=\" portlet-content-container\">\n<div class=\"portlet-body\">\n<div class=\"last td-viewer full-access\">\n<div class=\"template-94\">\n<div class=\"left-block\">\n<div class=\"text font-2 fs16 resizable\">\n<div class=\"paragraph\">\n<p><i><b>Te puede interesar:\u00a0<a href=\"http:\/\/www.rionegro.com.ar\/sociedad\/tensa-entrevista-de-lanata-a-jones-huala-GD3432787\" target=\"_blank\" rel=\"follow noopener\">Tensa entrevista de Lanata a Jones Huala<\/a><\/b><\/i><\/p>\n<p>Seg\u00fan la s\u00edntesis de la investigaci\u00f3n chilena: \u201cDescubrimos los contactos, la facilidad con que transitan de un lado a otro de la cordillera; y esa relaci\u00f3n ancestral entre personas que en realidad pertenecen a una misma Naci\u00f3n, pese a vivir en dos pa\u00edses distintos\u201d.<\/p>\n<p><i><b>Te puede interesar:\u00a0<a href=\"http:\/\/www.rionegro.com.ar\/videos\/polemica-entrevista-de-nicolas-repetto-a-fernando-jones-huala-KC3523419\" target=\"_blank\" rel=\"follow noopener\">Pol\u00e9mica entrevista de Nicol\u00e1s Repetto a Fernando Jones Huala<\/a><\/b><\/i><\/p>\n<p>El documental, de m\u00e1s de 20 minuto de duraci\u00f3n, afirma que \u201cinvestigamos las pistas sobre el financiamiento de grupos violentistas y la supuesta internaci\u00f3n de armas desde Argentina, adem\u00e1s de las tesis que manejan en la fiscal\u00eda de las provincias patag\u00f3nicas trasandinas, que hablan de financiamiento desde el narcotr\u00e1fico\u201d.<\/p>\n<\/div>\n<div class=\"agency font-2-bold\">Fuente: Diario Rio Negro-Neuqu\u00e9n (AN)<\/div>\n<\/div>\n<\/div>\n<div class=\"cl\"><\/div>\n<\/div>\n<\/div>\n<\/div>\n<\/div>\n<\/div>\n<\/section>\n<\/div>\n<\/div>\n<div id=\"p_p_id_articletopicsportlet_WAR_newsportlet_INSTANCE_e9af9ddef7a64a2990d4b2d4cad5c0ba_\" class=\"portlet-boundary portlet-boundary_articletopicsportlet_WAR_newsportlet_ portlet-static portlet-static-end article-topics-portlet advanced-99\"><\/div>\n","protected":false},"excerpt":{"rendered":"<p>CHILE.\u201cTerritorio Wallmapu: el nexo mapuche en la frontera\u201d, es un informe especial de TVN de Chile.<\/p>\n","protected":false},"author":2,"featured_media":38127,"comment_status":"open","ping_status":"open","sticky":false,"template":"","format":"video","meta":{"site-sidebar-layout":"default","site-content-layout":"","ast-site-content-layout":"default","site-content-style":"default","site-sidebar-style":"default","ast-global-header-display":"","ast-banner-title-visibility":"","ast-main-header-display":"","ast-hfb-above-header-display":"","ast-hfb-below-header-display":"","ast-hfb-mobile-header-display":"","site-post-title":"","ast-breadcrumbs-content":"","ast-featured-img":"","footer-sml-layout":"","ast-disable-related-posts":"","theme-transparent-header-meta":"","adv-header-id-meta":"","stick-header-meta":"","header-above-stick-meta":"","header-main-stick-meta":"","header-below-stick-meta":"","astra-migrate-meta-layouts":"default","ast-page-background-enabled":"default","ast-page-background-meta":{"desktop":{"background-color":"var(--ast-global-color-5)","background-image":"","background-repeat":"repeat","background-position":"center center","background-size":"auto","background-attachment":"scroll","background-type":"","background-media":"","overlay-type":"","overlay-color":"","overlay-opacity":"","overlay-gradient":""},"tablet":{"background-color":"","background-image":"","background-repeat":"repeat","background-position":"center center","background-size":"auto","background-attachment":"scroll","background-type":"","background-media":"","overlay-type":"","overlay-color":"","overlay-opacity":"","overlay-gradient":""},"mobile":{"background-color":"","background-image":"","background-repeat":"repeat","background-position":"center center","background-size":"auto","background-attachment":"scroll","background-type":"","background-media":"","overlay-type":"","overlay-color":"","overlay-opacity":"","overlay-gradient":""}},"ast-content-background-meta":{"desktop":{"background-color":"var(--ast-global-color-4)","background-image":"","background-repeat":"repeat","background-position":"center center","background-size":"auto","background-attachment":"scroll","background-type":"","background-media":"","overlay-type":"","overlay-color":"","overlay-opacity":"","overlay-gradient":""},"tablet":{"background-color":"var(--ast-global-color-4)","background-image":"","background-repeat":"repeat","background-position":"center center","background-size":"auto","background-attachment":"scroll","background-type":"","background-media":"","overlay-type":"","overlay-color":"","overlay-opacity":"","overlay-gradient":""},"mobile":{"background-color":"var(--ast-global-color-4)","background-image":"","background-repeat":"repeat","background-position":"center center","background-size":"auto","background-attachment":"scroll","background-type":"","background-media":"","overlay-type":"","overlay-color":"","overlay-opacity":"","overlay-gradient":""}},"footnotes":""},"categories":[23,1],"tags":[],"class_list":["post-38126","post","type-post","status-publish","format-video","has-post-thumbnail","hentry","category-internacionales","category-noticias","post_format-post-format-video"],"yoast_head":"<!-- This site is optimized with the Yoast SEO Premium plugin v23.0 (Yoast SEO v27.4) - https:\/\/yoast.com\/product\/yoast-seo-premium-wordpress\/ -->\n<title>El documental chileno que analiza el conflicto territorial de la Patagonia Argentina<\/title>\n<meta name=\"robots\" content=\"index, follow, max-snippet:-1, max-image-preview:large, max-video-preview:-1\" \/>\n<link rel=\"canonical\" href=\"https:\/\/patagoniambiental.com.ar\/info\/el-documental-chileno-que-analiza-el-conflicto-territorial-de-la-patagonia-argentina\/\" \/>\n<meta property=\"og:locale\" content=\"es_ES\" \/>\n<meta property=\"og:type\" content=\"article\" \/>\n<meta property=\"og:title\" content=\"El documental chileno que analiza el conflicto territorial de la Patagonia Argentina\" \/>\n<meta property=\"og:description\" content=\"CHILE.\u201cTerritorio Wallmapu: el nexo mapuche en la frontera\u201d, es un informe especial de TVN de Chile.\" \/>\n<meta property=\"og:url\" content=\"https:\/\/patagoniambiental.com.ar\/info\/el-documental-chileno-que-analiza-el-conflicto-territorial-de-la-patagonia-argentina\/\" \/>\n<meta property=\"og:site_name\" content=\"Patagonia Ambiental\" \/>\n<meta property=\"article:publisher\" content=\"https:\/\/www.facebook.com\/patagonia.ambiental\" \/>\n<meta property=\"article:author\" content=\"https:\/\/www.facebook.com\/share\/1C1V8Gv9BX\/?mibextid=qi2Omg\" \/>\n<meta property=\"article:published_time\" content=\"2017-11-13T22:00:26+00:00\" \/>\n<meta property=\"og:image\" content=\"https:\/\/patagoniambiental.com.ar\/info\/wp-content\/uploads\/2017\/11\/image_content_9058659_20171113085022.jpg\" \/>\n\t<meta property=\"og:image:width\" content=\"660\" \/>\n\t<meta property=\"og:image:height\" content=\"370\" \/>\n\t<meta property=\"og:image:type\" content=\"image\/jpeg\" \/>\n<meta name=\"author\" content=\"Patagonia Ambiental\" \/>\n<meta name=\"twitter:card\" content=\"summary_large_image\" \/>\n<meta name=\"twitter:creator\" content=\"@PatAmb\" \/>\n<meta name=\"twitter:site\" content=\"@PatAmb\" \/>\n<script type=\"application\/ld+json\" class=\"yoast-schema-graph\">{\"@context\":\"https:\\\/\\\/schema.org\",\"@graph\":[{\"@type\":\"Article\",\"@id\":\"https:\\\/\\\/patagoniambiental.com.ar\\\/info\\\/el-documental-chileno-que-analiza-el-conflicto-territorial-de-la-patagonia-argentina\\\/#article\",\"isPartOf\":{\"@id\":\"https:\\\/\\\/patagoniambiental.com.ar\\\/info\\\/el-documental-chileno-que-analiza-el-conflicto-territorial-de-la-patagonia-argentina\\\/\"},\"author\":{\"name\":\"Patagonia Ambiental\",\"@id\":\"https:\\\/\\\/patagoniambiental.com.ar\\\/info\\\/#\\\/schema\\\/person\\\/db12bff64bbcbf6a253710bf0ea37b5d\"},\"headline\":\"El documental chileno que analiza el conflicto territorial de la Patagonia Argentina\",\"datePublished\":\"2017-11-13T22:00:26+00:00\",\"mainEntityOfPage\":{\"@id\":\"https:\\\/\\\/patagoniambiental.com.ar\\\/info\\\/el-documental-chileno-que-analiza-el-conflicto-territorial-de-la-patagonia-argentina\\\/\"},\"wordCount\":211,\"commentCount\":0,\"publisher\":{\"@id\":\"https:\\\/\\\/patagoniambiental.com.ar\\\/info\\\/#organization\"},\"image\":{\"@id\":\"https:\\\/\\\/patagoniambiental.com.ar\\\/info\\\/el-documental-chileno-que-analiza-el-conflicto-territorial-de-la-patagonia-argentina\\\/#primaryimage\"},\"thumbnailUrl\":\"https:\\\/\\\/patagoniambiental.com.ar\\\/info\\\/wp-content\\\/uploads\\\/2017\\\/11\\\/image_content_9058659_20171113085022.jpg\",\"articleSection\":[\"Internacionales\",\"Noticias\"],\"inLanguage\":\"es\",\"potentialAction\":[{\"@type\":\"CommentAction\",\"name\":\"Comment\",\"target\":[\"https:\\\/\\\/patagoniambiental.com.ar\\\/info\\\/el-documental-chileno-que-analiza-el-conflicto-territorial-de-la-patagonia-argentina\\\/#respond\"]}]},{\"@type\":\"WebPage\",\"@id\":\"https:\\\/\\\/patagoniambiental.com.ar\\\/info\\\/el-documental-chileno-que-analiza-el-conflicto-territorial-de-la-patagonia-argentina\\\/\",\"url\":\"https:\\\/\\\/patagoniambiental.com.ar\\\/info\\\/el-documental-chileno-que-analiza-el-conflicto-territorial-de-la-patagonia-argentina\\\/\",\"name\":\"El documental chileno que analiza el conflicto territorial de la Patagonia Argentina\",\"isPartOf\":{\"@id\":\"https:\\\/\\\/patagoniambiental.com.ar\\\/info\\\/#website\"},\"primaryImageOfPage\":{\"@id\":\"https:\\\/\\\/patagoniambiental.com.ar\\\/info\\\/el-documental-chileno-que-analiza-el-conflicto-territorial-de-la-patagonia-argentina\\\/#primaryimage\"},\"image\":{\"@id\":\"https:\\\/\\\/patagoniambiental.com.ar\\\/info\\\/el-documental-chileno-que-analiza-el-conflicto-territorial-de-la-patagonia-argentina\\\/#primaryimage\"},\"thumbnailUrl\":\"https:\\\/\\\/patagoniambiental.com.ar\\\/info\\\/wp-content\\\/uploads\\\/2017\\\/11\\\/image_content_9058659_20171113085022.jpg\",\"datePublished\":\"2017-11-13T22:00:26+00:00\",\"breadcrumb\":{\"@id\":\"https:\\\/\\\/patagoniambiental.com.ar\\\/info\\\/el-documental-chileno-que-analiza-el-conflicto-territorial-de-la-patagonia-argentina\\\/#breadcrumb\"},\"inLanguage\":\"es\",\"potentialAction\":[{\"@type\":\"ReadAction\",\"target\":[\"https:\\\/\\\/patagoniambiental.com.ar\\\/info\\\/el-documental-chileno-que-analiza-el-conflicto-territorial-de-la-patagonia-argentina\\\/\"]}]},{\"@type\":\"ImageObject\",\"inLanguage\":\"es\",\"@id\":\"https:\\\/\\\/patagoniambiental.com.ar\\\/info\\\/el-documental-chileno-que-analiza-el-conflicto-territorial-de-la-patagonia-argentina\\\/#primaryimage\",\"url\":\"https:\\\/\\\/patagoniambiental.com.ar\\\/info\\\/wp-content\\\/uploads\\\/2017\\\/11\\\/image_content_9058659_20171113085022.jpg\",\"contentUrl\":\"https:\\\/\\\/patagoniambiental.com.ar\\\/info\\\/wp-content\\\/uploads\\\/2017\\\/11\\\/image_content_9058659_20171113085022.jpg\",\"width\":660,\"height\":370},{\"@type\":\"BreadcrumbList\",\"@id\":\"https:\\\/\\\/patagoniambiental.com.ar\\\/info\\\/el-documental-chileno-que-analiza-el-conflicto-territorial-de-la-patagonia-argentina\\\/#breadcrumb\",\"itemListElement\":[{\"@type\":\"ListItem\",\"position\":1,\"name\":\"Inicio\",\"item\":\"https:\\\/\\\/patagoniambiental.com.ar\\\/info\\\/\"},{\"@type\":\"ListItem\",\"position\":2,\"name\":\"El documental chileno que analiza el conflicto territorial de la Patagonia Argentina\"}]},{\"@type\":\"WebSite\",\"@id\":\"https:\\\/\\\/patagoniambiental.com.ar\\\/info\\\/#website\",\"url\":\"https:\\\/\\\/patagoniambiental.com.ar\\\/info\\\/\",\"name\":\"Patagonia Ambiental\",\"description\":\"Monitoreo y an\u00e1lisis de la situaci\u00f3n geopol\u00edtica en el mundo y su implicancia en la Patagonia\",\"publisher\":{\"@id\":\"https:\\\/\\\/patagoniambiental.com.ar\\\/info\\\/#organization\"},\"potentialAction\":[{\"@type\":\"SearchAction\",\"target\":{\"@type\":\"EntryPoint\",\"urlTemplate\":\"https:\\\/\\\/patagoniambiental.com.ar\\\/info\\\/?s={search_term_string}\"},\"query-input\":{\"@type\":\"PropertyValueSpecification\",\"valueRequired\":true,\"valueName\":\"search_term_string\"}}],\"inLanguage\":\"es\"},{\"@type\":\"Organization\",\"@id\":\"https:\\\/\\\/patagoniambiental.com.ar\\\/info\\\/#organization\",\"name\":\"Patagonia Ambiental\",\"url\":\"https:\\\/\\\/patagoniambiental.com.ar\\\/info\\\/\",\"logo\":{\"@type\":\"ImageObject\",\"inLanguage\":\"es\",\"@id\":\"https:\\\/\\\/patagoniambiental.com.ar\\\/info\\\/#\\\/schema\\\/logo\\\/image\\\/\",\"url\":\"https:\\\/\\\/patagoniambiental.com.ar\\\/info\\\/wp-content\\\/uploads\\\/2025\\\/05\\\/LOGO-PATAGONIA-AMBIENTAL.png\",\"contentUrl\":\"https:\\\/\\\/patagoniambiental.com.ar\\\/info\\\/wp-content\\\/uploads\\\/2025\\\/05\\\/LOGO-PATAGONIA-AMBIENTAL.png\",\"width\":433,\"height\":250,\"caption\":\"Patagonia Ambiental\"},\"image\":{\"@id\":\"https:\\\/\\\/patagoniambiental.com.ar\\\/info\\\/#\\\/schema\\\/logo\\\/image\\\/\"},\"sameAs\":[\"https:\\\/\\\/www.facebook.com\\\/patagonia.ambiental\",\"https:\\\/\\\/x.com\\\/PatAmb\"]},{\"@type\":\"Person\",\"@id\":\"https:\\\/\\\/patagoniambiental.com.ar\\\/info\\\/#\\\/schema\\\/person\\\/db12bff64bbcbf6a253710bf0ea37b5d\",\"name\":\"Patagonia Ambiental\",\"description\":\"Andr\u00e9s Nievas T\u00e9cnico en manejo ambiental, consultor Ambiental y escritor para medios locales e internacionales sobre temas de geopolitica y medio ambiente.\",\"sameAs\":[\"http:\\\/\\\/www.patagoniambiental.com.ar\",\"https:\\\/\\\/www.facebook.com\\\/share\\\/1C1V8Gv9BX\\\/?mibextid=qi2Omg\",\"@patagoniambiental\",\"https:\\\/\\\/youtube.com\\\/@patagoniaambiental2023?si=BLt58t0wuXquxlYZ\"]}]}<\/script>\n<!-- \/ Yoast SEO Premium plugin. -->","yoast_head_json":{"title":"El documental chileno que analiza el conflicto territorial de la Patagonia Argentina","robots":{"index":"index","follow":"follow","max-snippet":"max-snippet:-1","max-image-preview":"max-image-preview:large","max-video-preview":"max-video-preview:-1"},"canonical":"https:\/\/patagoniambiental.com.ar\/info\/el-documental-chileno-que-analiza-el-conflicto-territorial-de-la-patagonia-argentina\/","og_locale":"es_ES","og_type":"article","og_title":"El documental chileno que analiza el conflicto territorial de la Patagonia Argentina","og_description":"CHILE.\u201cTerritorio Wallmapu: el nexo mapuche en la frontera\u201d, es un informe especial de TVN de Chile.","og_url":"https:\/\/patagoniambiental.com.ar\/info\/el-documental-chileno-que-analiza-el-conflicto-territorial-de-la-patagonia-argentina\/","og_site_name":"Patagonia Ambiental","article_publisher":"https:\/\/www.facebook.com\/patagonia.ambiental","article_author":"https:\/\/www.facebook.com\/share\/1C1V8Gv9BX\/?mibextid=qi2Omg","article_published_time":"2017-11-13T22:00:26+00:00","og_image":[{"width":660,"height":370,"url":"https:\/\/patagoniambiental.com.ar\/info\/wp-content\/uploads\/2017\/11\/image_content_9058659_20171113085022.jpg","type":"image\/jpeg"}],"author":"Patagonia Ambiental","twitter_card":"summary_large_image","twitter_creator":"@PatAmb","twitter_site":"@PatAmb","schema":{"@context":"https:\/\/schema.org","@graph":[{"@type":"Article","@id":"https:\/\/patagoniambiental.com.ar\/info\/el-documental-chileno-que-analiza-el-conflicto-territorial-de-la-patagonia-argentina\/#article","isPartOf":{"@id":"https:\/\/patagoniambiental.com.ar\/info\/el-documental-chileno-que-analiza-el-conflicto-territorial-de-la-patagonia-argentina\/"},"author":{"name":"Patagonia Ambiental","@id":"https:\/\/patagoniambiental.com.ar\/info\/#\/schema\/person\/db12bff64bbcbf6a253710bf0ea37b5d"},"headline":"El documental chileno que analiza el conflicto territorial de la Patagonia Argentina","datePublished":"2017-11-13T22:00:26+00:00","mainEntityOfPage":{"@id":"https:\/\/patagoniambiental.com.ar\/info\/el-documental-chileno-que-analiza-el-conflicto-territorial-de-la-patagonia-argentina\/"},"wordCount":211,"commentCount":0,"publisher":{"@id":"https:\/\/patagoniambiental.com.ar\/info\/#organization"},"image":{"@id":"https:\/\/patagoniambiental.com.ar\/info\/el-documental-chileno-que-analiza-el-conflicto-territorial-de-la-patagonia-argentina\/#primaryimage"},"thumbnailUrl":"https:\/\/patagoniambiental.com.ar\/info\/wp-content\/uploads\/2017\/11\/image_content_9058659_20171113085022.jpg","articleSection":["Internacionales","Noticias"],"inLanguage":"es","potentialAction":[{"@type":"CommentAction","name":"Comment","target":["https:\/\/patagoniambiental.com.ar\/info\/el-documental-chileno-que-analiza-el-conflicto-territorial-de-la-patagonia-argentina\/#respond"]}]},{"@type":"WebPage","@id":"https:\/\/patagoniambiental.com.ar\/info\/el-documental-chileno-que-analiza-el-conflicto-territorial-de-la-patagonia-argentina\/","url":"https:\/\/patagoniambiental.com.ar\/info\/el-documental-chileno-que-analiza-el-conflicto-territorial-de-la-patagonia-argentina\/","name":"El documental chileno que analiza el conflicto territorial de la Patagonia Argentina","isPartOf":{"@id":"https:\/\/patagoniambiental.com.ar\/info\/#website"},"primaryImageOfPage":{"@id":"https:\/\/patagoniambiental.com.ar\/info\/el-documental-chileno-que-analiza-el-conflicto-territorial-de-la-patagonia-argentina\/#primaryimage"},"image":{"@id":"https:\/\/patagoniambiental.com.ar\/info\/el-documental-chileno-que-analiza-el-conflicto-territorial-de-la-patagonia-argentina\/#primaryimage"},"thumbnailUrl":"https:\/\/patagoniambiental.com.ar\/info\/wp-content\/uploads\/2017\/11\/image_content_9058659_20171113085022.jpg","datePublished":"2017-11-13T22:00:26+00:00","breadcrumb":{"@id":"https:\/\/patagoniambiental.com.ar\/info\/el-documental-chileno-que-analiza-el-conflicto-territorial-de-la-patagonia-argentina\/#breadcrumb"},"inLanguage":"es","potentialAction":[{"@type":"ReadAction","target":["https:\/\/patagoniambiental.com.ar\/info\/el-documental-chileno-que-analiza-el-conflicto-territorial-de-la-patagonia-argentina\/"]}]},{"@type":"ImageObject","inLanguage":"es","@id":"https:\/\/patagoniambiental.com.ar\/info\/el-documental-chileno-que-analiza-el-conflicto-territorial-de-la-patagonia-argentina\/#primaryimage","url":"https:\/\/patagoniambiental.com.ar\/info\/wp-content\/uploads\/2017\/11\/image_content_9058659_20171113085022.jpg","contentUrl":"https:\/\/patagoniambiental.com.ar\/info\/wp-content\/uploads\/2017\/11\/image_content_9058659_20171113085022.jpg","width":660,"height":370},{"@type":"BreadcrumbList","@id":"https:\/\/patagoniambiental.com.ar\/info\/el-documental-chileno-que-analiza-el-conflicto-territorial-de-la-patagonia-argentina\/#breadcrumb","itemListElement":[{"@type":"ListItem","position":1,"name":"Inicio","item":"https:\/\/patagoniambiental.com.ar\/info\/"},{"@type":"ListItem","position":2,"name":"El documental chileno que analiza el conflicto territorial de la Patagonia Argentina"}]},{"@type":"WebSite","@id":"https:\/\/patagoniambiental.com.ar\/info\/#website","url":"https:\/\/patagoniambiental.com.ar\/info\/","name":"Patagonia Ambiental","description":"Monitoreo y an\u00e1lisis de la situaci\u00f3n geopol\u00edtica en el mundo y su implicancia en la Patagonia","publisher":{"@id":"https:\/\/patagoniambiental.com.ar\/info\/#organization"},"potentialAction":[{"@type":"SearchAction","target":{"@type":"EntryPoint","urlTemplate":"https:\/\/patagoniambiental.com.ar\/info\/?s={search_term_string}"},"query-input":{"@type":"PropertyValueSpecification","valueRequired":true,"valueName":"search_term_string"}}],"inLanguage":"es"},{"@type":"Organization","@id":"https:\/\/patagoniambiental.com.ar\/info\/#organization","name":"Patagonia Ambiental","url":"https:\/\/patagoniambiental.com.ar\/info\/","logo":{"@type":"ImageObject","inLanguage":"es","@id":"https:\/\/patagoniambiental.com.ar\/info\/#\/schema\/logo\/image\/","url":"https:\/\/patagoniambiental.com.ar\/info\/wp-content\/uploads\/2025\/05\/LOGO-PATAGONIA-AMBIENTAL.png","contentUrl":"https:\/\/patagoniambiental.com.ar\/info\/wp-content\/uploads\/2025\/05\/LOGO-PATAGONIA-AMBIENTAL.png","width":433,"height":250,"caption":"Patagonia Ambiental"},"image":{"@id":"https:\/\/patagoniambiental.com.ar\/info\/#\/schema\/logo\/image\/"},"sameAs":["https:\/\/www.facebook.com\/patagonia.ambiental","https:\/\/x.com\/PatAmb"]},{"@type":"Person","@id":"https:\/\/patagoniambiental.com.ar\/info\/#\/schema\/person\/db12bff64bbcbf6a253710bf0ea37b5d","name":"Patagonia Ambiental","description":"Andr\u00e9s Nievas T\u00e9cnico en manejo ambiental, consultor Ambiental y escritor para medios locales e internacionales sobre temas de geopolitica y medio ambiente.","sameAs":["http:\/\/www.patagoniambiental.com.ar","https:\/\/www.facebook.com\/share\/1C1V8Gv9BX\/?mibextid=qi2Omg","@patagoniambiental","https:\/\/youtube.com\/@patagoniaambiental2023?si=BLt58t0wuXquxlYZ"]}]}},"_links":{"self":[{"href":"https:\/\/patagoniambiental.com.ar\/info\/wp-json\/wp\/v2\/posts\/38126","targetHints":{"allow":["GET"]}}],"collection":[{"href":"https:\/\/patagoniambiental.com.ar\/info\/wp-json\/wp\/v2\/posts"}],"about":[{"href":"https:\/\/patagoniambiental.com.ar\/info\/wp-json\/wp\/v2\/types\/post"}],"author":[{"embeddable":true,"href":"https:\/\/patagoniambiental.com.ar\/info\/wp-json\/wp\/v2\/users\/2"}],"replies":[{"embeddable":true,"href":"https:\/\/patagoniambiental.com.ar\/info\/wp-json\/wp\/v2\/comments?post=38126"}],"version-history":[{"count":0,"href":"https:\/\/patagoniambiental.com.ar\/info\/wp-json\/wp\/v2\/posts\/38126\/revisions"}],"wp:featuredmedia":[{"embeddable":true,"href":"https:\/\/patagoniambiental.com.ar\/info\/wp-json\/wp\/v2\/media\/38127"}],"wp:attachment":[{"href":"https:\/\/patagoniambiental.com.ar\/info\/wp-json\/wp\/v2\/media?parent=38126"}],"wp:term":[{"taxonomy":"category","embeddable":true,"href":"https:\/\/patagoniambiental.com.ar\/info\/wp-json\/wp\/v2\/categories?post=38126"},{"taxonomy":"post_tag","embeddable":true,"href":"https:\/\/patagoniambiental.com.ar\/info\/wp-json\/wp\/v2\/tags?post=38126"}],"curies":[{"name":"wp","href":"https:\/\/api.w.org\/{rel}","templated":true}]}}