{"id":38140,"date":"2017-11-13T19:00:32","date_gmt":"2017-11-13T22:00:32","guid":{"rendered":"http:\/\/patagoniambiental.com.ar\/info\/?p=38140"},"modified":"2017-11-13T13:40:08","modified_gmt":"2017-11-13T16:40:08","slug":"el-aviso-islas-malvinas-partio-de-ushuaia-hacia-la-antartida-para-formar-parte-de-ejercicio-combinado-con-chile","status":"publish","type":"post","link":"https:\/\/patagoniambiental.com.ar\/info\/el-aviso-islas-malvinas-partio-de-ushuaia-hacia-la-antartida-para-formar-parte-de-ejercicio-combinado-con-chile\/","title":{"rendered":"El aviso Islas Malvinas parti\u00f3 de Ushuaia hacia la Ant\u00e1rtida para formar parte de ejercicio combinado con Chile"},"content":{"rendered":"<div class=\"container\">\n<div class=\"col-md-12 col-sm-12 col-xs-12 margen-section\">\n<p class=\"titulo-noti1 encodeB\">Ant\u00e1rtida.-El aviso ARA Islas Malvinas parti\u00f3 del muelle militar de Ushuaia hacia la Ant\u00e1rtida Argentina, donde formar\u00e1 parte de un ejercicio combinado junto a la Rep\u00fablica de Chile.<\/p>\n<p><!--more--><\/p>\n<p class=\"titulo-noti1 encodeB\">La nave permancer\u00e1 hasta diciembre y realizar\u00e1 tareas de salvaguarda y seguridad. La dotaci\u00f3n est\u00e1 compuesta por 50 hombres. El Vicegobernador Juan Carlos Arcando destac\u00f3, en un breve acto, la participaci\u00f3n de esa dotaci\u00f3n en la evacuaci\u00f3n de Segundo Bulacio que sufri\u00f3 un accidente en el continente blanco.<\/p>\n<div class=\"hr5\"><\/div>\n<\/div>\n<\/div>\n<div class=\"container \">\n<div class=\"col-md-8 col-sm-12 col-xs-12 margen-section\">\n<div class=\"col-md-12 col-sm-12\"><img decoding=\"async\" class=\"img-responsive text-center center-img\" src=\"http:\/\/www.sur54.com\/data\/upload\/news\/e5a9ceb59125328285ca564b8fe182da-1000aviso_malvinas1.jpg\" \/><\/p>\n<div class=\"space\"><\/div>\n<div class=\"col-md-12 col-sm-12 col-xs-12 text-center\"><\/div>\n<div class=\"sofia copete\">\n<p>La patrulla combinada, inciar\u00e1 su participaci\u00f3n el 15 de noviembre.\u00a0<span class=\"marker\">Se trata de un acuerdo de cuatro etapas junto a la Armada de Chile. Nuestro pa\u00eds, interviene en la primera y tercera con la \u201csalvaguarda de la vida en alta mar, brindando seguridad\u201d en la \u00e9poca de \u201cmucha actividad tur\u00edstica de cruceros\u201d.<\/span>\u00a0En tanto, la segunda etapa la cumplir\u00e1 el buque Lautaro con similar accionar.<\/p>\n<p>\u201cUna vez m\u00e1s, la Armada Argentina participar\u00e1 de este ejercicio. Adem\u00e1s, he venido a reconocer a la tripulaci\u00f3n en su accionar que concluy\u00f3 con el rescate de una vida en la isla Orcadas\u201d, dijo el Vicegobernador a Prensa Legislativa. Puso en valor el protocolo de rescate y resalt\u00f3 el papel \u201cfundamental\u201d que oficiar\u00e1 el ARA Islas Malvinas en la patrula combinada.<\/p>\n<p>Por su parte, el comandante Guillermo Mondine dijo antes de zarpar de Ushuaia, que la tripulaci\u00f3n iniciar\u00e1 su accionar el 15 de noviembre y recalar\u00e1n, en principio, en la base Carlini de la Ant\u00e1rtida. Record\u00f3 que en invierno participaron del rescate del oficial Bulacio.<span class=\"marker\">\u00a0La tarea ser\u00e1 de \u201cpatrullar las distintas zonas ant\u00e1rticas, cumplir con lo que nos ordena nuestro Comandante, dejar bien a la Armada Argentina y a nuestro pa\u00eds\u201d.<\/span><\/p>\n<p>Desde el puerto de Ushuaia hasta su escenario de tareas, el ARA Islas Malvinas tiene 50 horas de navegaci\u00f3n y permanecer\u00e1n 40 d\u00edas en la Ant\u00e1rtida. Esperan regresar a la capital fueguina entre el 21 y 22 de diciembre pr\u00f3ximo.<\/p>\n<p>Fuente: http:\/\/www.sur54.com\/el_aviso_islas_malvinas_partio_de_ushuaia_hacia_la_antartida_para_formar_parte_de_ejercicio_combinado_con_chile<\/p>\n<\/div>\n<\/div>\n<\/div>\n<\/div>\n","protected":false},"excerpt":{"rendered":"<p>Ant\u00e1rtida.-El aviso ARA Islas Malvinas parti\u00f3 del muelle militar de Ushuaia hacia la Ant\u00e1rtida Argentina, donde formar\u00e1 parte de un [&hellip;]<\/p>\n","protected":false},"author":2,"featured_media":38141,"comment_status":"open","ping_status":"open","sticky":false,"template":"","format":"standard","meta":{"site-sidebar-layout":"default","site-content-layout":"","ast-site-content-layout":"default","site-content-style":"default","site-sidebar-style":"default","ast-global-header-display":"","ast-banner-title-visibility":"","ast-main-header-display":"","ast-hfb-above-header-display":"","ast-hfb-below-header-display":"","ast-hfb-mobile-header-display":"","site-post-title":"","ast-breadcrumbs-content":"","ast-featured-img":"","footer-sml-layout":"","ast-disable-related-posts":"","theme-transparent-header-meta":"","adv-header-id-meta":"","stick-header-meta":"","header-above-stick-meta":"","header-main-stick-meta":"","header-below-stick-meta":"","astra-migrate-meta-layouts":"default","ast-page-background-enabled":"default","ast-page-background-meta":{"desktop":{"background-color":"var(--ast-global-color-5)","background-image":"","background-repeat":"repeat","background-position":"center center","background-size":"auto","background-attachment":"scroll","background-type":"","background-media":"","overlay-type":"","overlay-color":"","overlay-opacity":"","overlay-gradient":""},"tablet":{"background-color":"","background-image":"","background-repeat":"repeat","background-position":"center center","background-size":"auto","background-attachment":"scroll","background-type":"","background-media":"","overlay-type":"","overlay-color":"","overlay-opacity":"","overlay-gradient":""},"mobile":{"background-color":"","background-image":"","background-repeat":"repeat","background-position":"center center","background-size":"auto","background-attachment":"scroll","background-type":"","background-media":"","overlay-type":"","overlay-color":"","overlay-opacity":"","overlay-gradient":""}},"ast-content-background-meta":{"desktop":{"background-color":"var(--ast-global-color-4)","background-image":"","background-repeat":"repeat","background-position":"center center","background-size":"auto","background-attachment":"scroll","background-type":"","background-media":"","overlay-type":"","overlay-color":"","overlay-opacity":"","overlay-gradient":""},"tablet":{"background-color":"var(--ast-global-color-4)","background-image":"","background-repeat":"repeat","background-position":"center center","background-size":"auto","background-attachment":"scroll","background-type":"","background-media":"","overlay-type":"","overlay-color":"","overlay-opacity":"","overlay-gradient":""},"mobile":{"background-color":"var(--ast-global-color-4)","background-image":"","background-repeat":"repeat","background-position":"center center","background-size":"auto","background-attachment":"scroll","background-type":"","background-media":"","overlay-type":"","overlay-color":"","overlay-opacity":"","overlay-gradient":""}},"footnotes":""},"categories":[23,1],"tags":[],"class_list":["post-38140","post","type-post","status-publish","format-standard","has-post-thumbnail","hentry","category-internacionales","category-noticias"],"yoast_head":"<!-- This site is optimized with the Yoast SEO Premium plugin v23.0 (Yoast SEO v27.4) - https:\/\/yoast.com\/product\/yoast-seo-premium-wordpress\/ -->\n<title>El aviso Islas Malvinas parti\u00f3 de Ushuaia hacia la Ant\u00e1rtida para formar parte de ejercicio combinado con Chile<\/title>\n<meta name=\"robots\" content=\"index, follow, max-snippet:-1, max-image-preview:large, max-video-preview:-1\" \/>\n<link rel=\"canonical\" href=\"https:\/\/patagoniambiental.com.ar\/info\/el-aviso-islas-malvinas-partio-de-ushuaia-hacia-la-antartida-para-formar-parte-de-ejercicio-combinado-con-chile\/\" \/>\n<meta property=\"og:locale\" content=\"es_ES\" \/>\n<meta property=\"og:type\" content=\"article\" \/>\n<meta property=\"og:title\" content=\"El aviso Islas Malvinas parti\u00f3 de Ushuaia hacia la Ant\u00e1rtida para formar parte de ejercicio combinado con Chile\" \/>\n<meta property=\"og:description\" content=\"Ant\u00e1rtida.-El aviso ARA Islas Malvinas parti\u00f3 del muelle militar de Ushuaia hacia la Ant\u00e1rtida Argentina, donde formar\u00e1 parte de un [&hellip;]\" \/>\n<meta property=\"og:url\" content=\"https:\/\/patagoniambiental.com.ar\/info\/el-aviso-islas-malvinas-partio-de-ushuaia-hacia-la-antartida-para-formar-parte-de-ejercicio-combinado-con-chile\/\" \/>\n<meta property=\"og:site_name\" content=\"Patagonia Ambiental\" \/>\n<meta property=\"article:publisher\" content=\"https:\/\/www.facebook.com\/patagonia.ambiental\" \/>\n<meta property=\"article:author\" content=\"https:\/\/www.facebook.com\/share\/1C1V8Gv9BX\/?mibextid=qi2Omg\" \/>\n<meta property=\"article:published_time\" content=\"2017-11-13T22:00:32+00:00\" \/>\n<meta property=\"og:image\" content=\"https:\/\/patagoniambiental.com.ar\/info\/wp-content\/uploads\/2017\/11\/e5a9ceb59125328285ca564b8fe182da-1000aviso_malvinas1.jpg\" \/>\n\t<meta property=\"og:image:width\" content=\"900\" \/>\n\t<meta property=\"og:image:height\" content=\"600\" \/>\n\t<meta property=\"og:image:type\" content=\"image\/jpeg\" \/>\n<meta name=\"author\" content=\"Patagonia Ambiental\" \/>\n<meta name=\"twitter:card\" content=\"summary_large_image\" \/>\n<meta name=\"twitter:creator\" content=\"@PatAmb\" \/>\n<meta name=\"twitter:site\" content=\"@PatAmb\" \/>\n<script type=\"application\/ld+json\" class=\"yoast-schema-graph\">{\"@context\":\"https:\\\/\\\/schema.org\",\"@graph\":[{\"@type\":\"Article\",\"@id\":\"https:\\\/\\\/patagoniambiental.com.ar\\\/info\\\/el-aviso-islas-malvinas-partio-de-ushuaia-hacia-la-antartida-para-formar-parte-de-ejercicio-combinado-con-chile\\\/#article\",\"isPartOf\":{\"@id\":\"https:\\\/\\\/patagoniambiental.com.ar\\\/info\\\/el-aviso-islas-malvinas-partio-de-ushuaia-hacia-la-antartida-para-formar-parte-de-ejercicio-combinado-con-chile\\\/\"},\"author\":{\"name\":\"Patagonia Ambiental\",\"@id\":\"https:\\\/\\\/patagoniambiental.com.ar\\\/info\\\/#\\\/schema\\\/person\\\/db12bff64bbcbf6a253710bf0ea37b5d\"},\"headline\":\"El aviso Islas Malvinas parti\u00f3 de Ushuaia hacia la Ant\u00e1rtida para formar parte de ejercicio combinado con Chile\",\"datePublished\":\"2017-11-13T22:00:32+00:00\",\"mainEntityOfPage\":{\"@id\":\"https:\\\/\\\/patagoniambiental.com.ar\\\/info\\\/el-aviso-islas-malvinas-partio-de-ushuaia-hacia-la-antartida-para-formar-parte-de-ejercicio-combinado-con-chile\\\/\"},\"wordCount\":372,\"commentCount\":0,\"publisher\":{\"@id\":\"https:\\\/\\\/patagoniambiental.com.ar\\\/info\\\/#organization\"},\"image\":{\"@id\":\"https:\\\/\\\/patagoniambiental.com.ar\\\/info\\\/el-aviso-islas-malvinas-partio-de-ushuaia-hacia-la-antartida-para-formar-parte-de-ejercicio-combinado-con-chile\\\/#primaryimage\"},\"thumbnailUrl\":\"https:\\\/\\\/patagoniambiental.com.ar\\\/info\\\/wp-content\\\/uploads\\\/2017\\\/11\\\/e5a9ceb59125328285ca564b8fe182da-1000aviso_malvinas1.jpg\",\"articleSection\":[\"Internacionales\",\"Noticias\"],\"inLanguage\":\"es\",\"potentialAction\":[{\"@type\":\"CommentAction\",\"name\":\"Comment\",\"target\":[\"https:\\\/\\\/patagoniambiental.com.ar\\\/info\\\/el-aviso-islas-malvinas-partio-de-ushuaia-hacia-la-antartida-para-formar-parte-de-ejercicio-combinado-con-chile\\\/#respond\"]}]},{\"@type\":\"WebPage\",\"@id\":\"https:\\\/\\\/patagoniambiental.com.ar\\\/info\\\/el-aviso-islas-malvinas-partio-de-ushuaia-hacia-la-antartida-para-formar-parte-de-ejercicio-combinado-con-chile\\\/\",\"url\":\"https:\\\/\\\/patagoniambiental.com.ar\\\/info\\\/el-aviso-islas-malvinas-partio-de-ushuaia-hacia-la-antartida-para-formar-parte-de-ejercicio-combinado-con-chile\\\/\",\"name\":\"El aviso Islas Malvinas parti\u00f3 de Ushuaia hacia la Ant\u00e1rtida para formar parte de ejercicio combinado con Chile\",\"isPartOf\":{\"@id\":\"https:\\\/\\\/patagoniambiental.com.ar\\\/info\\\/#website\"},\"primaryImageOfPage\":{\"@id\":\"https:\\\/\\\/patagoniambiental.com.ar\\\/info\\\/el-aviso-islas-malvinas-partio-de-ushuaia-hacia-la-antartida-para-formar-parte-de-ejercicio-combinado-con-chile\\\/#primaryimage\"},\"image\":{\"@id\":\"https:\\\/\\\/patagoniambiental.com.ar\\\/info\\\/el-aviso-islas-malvinas-partio-de-ushuaia-hacia-la-antartida-para-formar-parte-de-ejercicio-combinado-con-chile\\\/#primaryimage\"},\"thumbnailUrl\":\"https:\\\/\\\/patagoniambiental.com.ar\\\/info\\\/wp-content\\\/uploads\\\/2017\\\/11\\\/e5a9ceb59125328285ca564b8fe182da-1000aviso_malvinas1.jpg\",\"datePublished\":\"2017-11-13T22:00:32+00:00\",\"breadcrumb\":{\"@id\":\"https:\\\/\\\/patagoniambiental.com.ar\\\/info\\\/el-aviso-islas-malvinas-partio-de-ushuaia-hacia-la-antartida-para-formar-parte-de-ejercicio-combinado-con-chile\\\/#breadcrumb\"},\"inLanguage\":\"es\",\"potentialAction\":[{\"@type\":\"ReadAction\",\"target\":[\"https:\\\/\\\/patagoniambiental.com.ar\\\/info\\\/el-aviso-islas-malvinas-partio-de-ushuaia-hacia-la-antartida-para-formar-parte-de-ejercicio-combinado-con-chile\\\/\"]}]},{\"@type\":\"ImageObject\",\"inLanguage\":\"es\",\"@id\":\"https:\\\/\\\/patagoniambiental.com.ar\\\/info\\\/el-aviso-islas-malvinas-partio-de-ushuaia-hacia-la-antartida-para-formar-parte-de-ejercicio-combinado-con-chile\\\/#primaryimage\",\"url\":\"https:\\\/\\\/patagoniambiental.com.ar\\\/info\\\/wp-content\\\/uploads\\\/2017\\\/11\\\/e5a9ceb59125328285ca564b8fe182da-1000aviso_malvinas1.jpg\",\"contentUrl\":\"https:\\\/\\\/patagoniambiental.com.ar\\\/info\\\/wp-content\\\/uploads\\\/2017\\\/11\\\/e5a9ceb59125328285ca564b8fe182da-1000aviso_malvinas1.jpg\",\"width\":900,\"height\":600},{\"@type\":\"BreadcrumbList\",\"@id\":\"https:\\\/\\\/patagoniambiental.com.ar\\\/info\\\/el-aviso-islas-malvinas-partio-de-ushuaia-hacia-la-antartida-para-formar-parte-de-ejercicio-combinado-con-chile\\\/#breadcrumb\",\"itemListElement\":[{\"@type\":\"ListItem\",\"position\":1,\"name\":\"Inicio\",\"item\":\"https:\\\/\\\/patagoniambiental.com.ar\\\/info\\\/\"},{\"@type\":\"ListItem\",\"position\":2,\"name\":\"El aviso Islas Malvinas parti\u00f3 de Ushuaia hacia la Ant\u00e1rtida para formar parte de ejercicio combinado con Chile\"}]},{\"@type\":\"WebSite\",\"@id\":\"https:\\\/\\\/patagoniambiental.com.ar\\\/info\\\/#website\",\"url\":\"https:\\\/\\\/patagoniambiental.com.ar\\\/info\\\/\",\"name\":\"Patagonia Ambiental\",\"description\":\"Monitoreo y an\u00e1lisis de la situaci\u00f3n geopol\u00edtica en el mundo y su implicancia en la Patagonia\",\"publisher\":{\"@id\":\"https:\\\/\\\/patagoniambiental.com.ar\\\/info\\\/#organization\"},\"potentialAction\":[{\"@type\":\"SearchAction\",\"target\":{\"@type\":\"EntryPoint\",\"urlTemplate\":\"https:\\\/\\\/patagoniambiental.com.ar\\\/info\\\/?s={search_term_string}\"},\"query-input\":{\"@type\":\"PropertyValueSpecification\",\"valueRequired\":true,\"valueName\":\"search_term_string\"}}],\"inLanguage\":\"es\"},{\"@type\":\"Organization\",\"@id\":\"https:\\\/\\\/patagoniambiental.com.ar\\\/info\\\/#organization\",\"name\":\"Patagonia Ambiental\",\"url\":\"https:\\\/\\\/patagoniambiental.com.ar\\\/info\\\/\",\"logo\":{\"@type\":\"ImageObject\",\"inLanguage\":\"es\",\"@id\":\"https:\\\/\\\/patagoniambiental.com.ar\\\/info\\\/#\\\/schema\\\/logo\\\/image\\\/\",\"url\":\"https:\\\/\\\/patagoniambiental.com.ar\\\/info\\\/wp-content\\\/uploads\\\/2025\\\/05\\\/LOGO-PATAGONIA-AMBIENTAL.png\",\"contentUrl\":\"https:\\\/\\\/patagoniambiental.com.ar\\\/info\\\/wp-content\\\/uploads\\\/2025\\\/05\\\/LOGO-PATAGONIA-AMBIENTAL.png\",\"width\":433,\"height\":250,\"caption\":\"Patagonia Ambiental\"},\"image\":{\"@id\":\"https:\\\/\\\/patagoniambiental.com.ar\\\/info\\\/#\\\/schema\\\/logo\\\/image\\\/\"},\"sameAs\":[\"https:\\\/\\\/www.facebook.com\\\/patagonia.ambiental\",\"https:\\\/\\\/x.com\\\/PatAmb\"]},{\"@type\":\"Person\",\"@id\":\"https:\\\/\\\/patagoniambiental.com.ar\\\/info\\\/#\\\/schema\\\/person\\\/db12bff64bbcbf6a253710bf0ea37b5d\",\"name\":\"Patagonia Ambiental\",\"description\":\"Andr\u00e9s Nievas T\u00e9cnico en manejo ambiental, consultor Ambiental y escritor para medios locales e internacionales sobre temas de geopolitica y medio ambiente.\",\"sameAs\":[\"http:\\\/\\\/www.patagoniambiental.com.ar\",\"https:\\\/\\\/www.facebook.com\\\/share\\\/1C1V8Gv9BX\\\/?mibextid=qi2Omg\",\"@patagoniambiental\",\"https:\\\/\\\/youtube.com\\\/@patagoniaambiental2023?si=BLt58t0wuXquxlYZ\"]}]}<\/script>\n<!-- \/ Yoast SEO Premium plugin. -->","yoast_head_json":{"title":"El aviso Islas Malvinas parti\u00f3 de Ushuaia hacia la Ant\u00e1rtida para formar parte de ejercicio combinado con Chile","robots":{"index":"index","follow":"follow","max-snippet":"max-snippet:-1","max-image-preview":"max-image-preview:large","max-video-preview":"max-video-preview:-1"},"canonical":"https:\/\/patagoniambiental.com.ar\/info\/el-aviso-islas-malvinas-partio-de-ushuaia-hacia-la-antartida-para-formar-parte-de-ejercicio-combinado-con-chile\/","og_locale":"es_ES","og_type":"article","og_title":"El aviso Islas Malvinas parti\u00f3 de Ushuaia hacia la Ant\u00e1rtida para formar parte de ejercicio combinado con Chile","og_description":"Ant\u00e1rtida.-El aviso ARA Islas Malvinas parti\u00f3 del muelle militar de Ushuaia hacia la Ant\u00e1rtida Argentina, donde formar\u00e1 parte de un [&hellip;]","og_url":"https:\/\/patagoniambiental.com.ar\/info\/el-aviso-islas-malvinas-partio-de-ushuaia-hacia-la-antartida-para-formar-parte-de-ejercicio-combinado-con-chile\/","og_site_name":"Patagonia Ambiental","article_publisher":"https:\/\/www.facebook.com\/patagonia.ambiental","article_author":"https:\/\/www.facebook.com\/share\/1C1V8Gv9BX\/?mibextid=qi2Omg","article_published_time":"2017-11-13T22:00:32+00:00","og_image":[{"width":900,"height":600,"url":"https:\/\/patagoniambiental.com.ar\/info\/wp-content\/uploads\/2017\/11\/e5a9ceb59125328285ca564b8fe182da-1000aviso_malvinas1.jpg","type":"image\/jpeg"}],"author":"Patagonia Ambiental","twitter_card":"summary_large_image","twitter_creator":"@PatAmb","twitter_site":"@PatAmb","schema":{"@context":"https:\/\/schema.org","@graph":[{"@type":"Article","@id":"https:\/\/patagoniambiental.com.ar\/info\/el-aviso-islas-malvinas-partio-de-ushuaia-hacia-la-antartida-para-formar-parte-de-ejercicio-combinado-con-chile\/#article","isPartOf":{"@id":"https:\/\/patagoniambiental.com.ar\/info\/el-aviso-islas-malvinas-partio-de-ushuaia-hacia-la-antartida-para-formar-parte-de-ejercicio-combinado-con-chile\/"},"author":{"name":"Patagonia Ambiental","@id":"https:\/\/patagoniambiental.com.ar\/info\/#\/schema\/person\/db12bff64bbcbf6a253710bf0ea37b5d"},"headline":"El aviso Islas Malvinas parti\u00f3 de Ushuaia hacia la Ant\u00e1rtida para formar parte de ejercicio combinado con Chile","datePublished":"2017-11-13T22:00:32+00:00","mainEntityOfPage":{"@id":"https:\/\/patagoniambiental.com.ar\/info\/el-aviso-islas-malvinas-partio-de-ushuaia-hacia-la-antartida-para-formar-parte-de-ejercicio-combinado-con-chile\/"},"wordCount":372,"commentCount":0,"publisher":{"@id":"https:\/\/patagoniambiental.com.ar\/info\/#organization"},"image":{"@id":"https:\/\/patagoniambiental.com.ar\/info\/el-aviso-islas-malvinas-partio-de-ushuaia-hacia-la-antartida-para-formar-parte-de-ejercicio-combinado-con-chile\/#primaryimage"},"thumbnailUrl":"https:\/\/patagoniambiental.com.ar\/info\/wp-content\/uploads\/2017\/11\/e5a9ceb59125328285ca564b8fe182da-1000aviso_malvinas1.jpg","articleSection":["Internacionales","Noticias"],"inLanguage":"es","potentialAction":[{"@type":"CommentAction","name":"Comment","target":["https:\/\/patagoniambiental.com.ar\/info\/el-aviso-islas-malvinas-partio-de-ushuaia-hacia-la-antartida-para-formar-parte-de-ejercicio-combinado-con-chile\/#respond"]}]},{"@type":"WebPage","@id":"https:\/\/patagoniambiental.com.ar\/info\/el-aviso-islas-malvinas-partio-de-ushuaia-hacia-la-antartida-para-formar-parte-de-ejercicio-combinado-con-chile\/","url":"https:\/\/patagoniambiental.com.ar\/info\/el-aviso-islas-malvinas-partio-de-ushuaia-hacia-la-antartida-para-formar-parte-de-ejercicio-combinado-con-chile\/","name":"El aviso Islas Malvinas parti\u00f3 de Ushuaia hacia la Ant\u00e1rtida para formar parte de ejercicio combinado con Chile","isPartOf":{"@id":"https:\/\/patagoniambiental.com.ar\/info\/#website"},"primaryImageOfPage":{"@id":"https:\/\/patagoniambiental.com.ar\/info\/el-aviso-islas-malvinas-partio-de-ushuaia-hacia-la-antartida-para-formar-parte-de-ejercicio-combinado-con-chile\/#primaryimage"},"image":{"@id":"https:\/\/patagoniambiental.com.ar\/info\/el-aviso-islas-malvinas-partio-de-ushuaia-hacia-la-antartida-para-formar-parte-de-ejercicio-combinado-con-chile\/#primaryimage"},"thumbnailUrl":"https:\/\/patagoniambiental.com.ar\/info\/wp-content\/uploads\/2017\/11\/e5a9ceb59125328285ca564b8fe182da-1000aviso_malvinas1.jpg","datePublished":"2017-11-13T22:00:32+00:00","breadcrumb":{"@id":"https:\/\/patagoniambiental.com.ar\/info\/el-aviso-islas-malvinas-partio-de-ushuaia-hacia-la-antartida-para-formar-parte-de-ejercicio-combinado-con-chile\/#breadcrumb"},"inLanguage":"es","potentialAction":[{"@type":"ReadAction","target":["https:\/\/patagoniambiental.com.ar\/info\/el-aviso-islas-malvinas-partio-de-ushuaia-hacia-la-antartida-para-formar-parte-de-ejercicio-combinado-con-chile\/"]}]},{"@type":"ImageObject","inLanguage":"es","@id":"https:\/\/patagoniambiental.com.ar\/info\/el-aviso-islas-malvinas-partio-de-ushuaia-hacia-la-antartida-para-formar-parte-de-ejercicio-combinado-con-chile\/#primaryimage","url":"https:\/\/patagoniambiental.com.ar\/info\/wp-content\/uploads\/2017\/11\/e5a9ceb59125328285ca564b8fe182da-1000aviso_malvinas1.jpg","contentUrl":"https:\/\/patagoniambiental.com.ar\/info\/wp-content\/uploads\/2017\/11\/e5a9ceb59125328285ca564b8fe182da-1000aviso_malvinas1.jpg","width":900,"height":600},{"@type":"BreadcrumbList","@id":"https:\/\/patagoniambiental.com.ar\/info\/el-aviso-islas-malvinas-partio-de-ushuaia-hacia-la-antartida-para-formar-parte-de-ejercicio-combinado-con-chile\/#breadcrumb","itemListElement":[{"@type":"ListItem","position":1,"name":"Inicio","item":"https:\/\/patagoniambiental.com.ar\/info\/"},{"@type":"ListItem","position":2,"name":"El aviso Islas Malvinas parti\u00f3 de Ushuaia hacia la Ant\u00e1rtida para formar parte de ejercicio combinado con Chile"}]},{"@type":"WebSite","@id":"https:\/\/patagoniambiental.com.ar\/info\/#website","url":"https:\/\/patagoniambiental.com.ar\/info\/","name":"Patagonia Ambiental","description":"Monitoreo y an\u00e1lisis de la situaci\u00f3n geopol\u00edtica en el mundo y su implicancia en la Patagonia","publisher":{"@id":"https:\/\/patagoniambiental.com.ar\/info\/#organization"},"potentialAction":[{"@type":"SearchAction","target":{"@type":"EntryPoint","urlTemplate":"https:\/\/patagoniambiental.com.ar\/info\/?s={search_term_string}"},"query-input":{"@type":"PropertyValueSpecification","valueRequired":true,"valueName":"search_term_string"}}],"inLanguage":"es"},{"@type":"Organization","@id":"https:\/\/patagoniambiental.com.ar\/info\/#organization","name":"Patagonia Ambiental","url":"https:\/\/patagoniambiental.com.ar\/info\/","logo":{"@type":"ImageObject","inLanguage":"es","@id":"https:\/\/patagoniambiental.com.ar\/info\/#\/schema\/logo\/image\/","url":"https:\/\/patagoniambiental.com.ar\/info\/wp-content\/uploads\/2025\/05\/LOGO-PATAGONIA-AMBIENTAL.png","contentUrl":"https:\/\/patagoniambiental.com.ar\/info\/wp-content\/uploads\/2025\/05\/LOGO-PATAGONIA-AMBIENTAL.png","width":433,"height":250,"caption":"Patagonia Ambiental"},"image":{"@id":"https:\/\/patagoniambiental.com.ar\/info\/#\/schema\/logo\/image\/"},"sameAs":["https:\/\/www.facebook.com\/patagonia.ambiental","https:\/\/x.com\/PatAmb"]},{"@type":"Person","@id":"https:\/\/patagoniambiental.com.ar\/info\/#\/schema\/person\/db12bff64bbcbf6a253710bf0ea37b5d","name":"Patagonia Ambiental","description":"Andr\u00e9s Nievas T\u00e9cnico en manejo ambiental, consultor Ambiental y escritor para medios locales e internacionales sobre temas de geopolitica y medio ambiente.","sameAs":["http:\/\/www.patagoniambiental.com.ar","https:\/\/www.facebook.com\/share\/1C1V8Gv9BX\/?mibextid=qi2Omg","@patagoniambiental","https:\/\/youtube.com\/@patagoniaambiental2023?si=BLt58t0wuXquxlYZ"]}]}},"_links":{"self":[{"href":"https:\/\/patagoniambiental.com.ar\/info\/wp-json\/wp\/v2\/posts\/38140","targetHints":{"allow":["GET"]}}],"collection":[{"href":"https:\/\/patagoniambiental.com.ar\/info\/wp-json\/wp\/v2\/posts"}],"about":[{"href":"https:\/\/patagoniambiental.com.ar\/info\/wp-json\/wp\/v2\/types\/post"}],"author":[{"embeddable":true,"href":"https:\/\/patagoniambiental.com.ar\/info\/wp-json\/wp\/v2\/users\/2"}],"replies":[{"embeddable":true,"href":"https:\/\/patagoniambiental.com.ar\/info\/wp-json\/wp\/v2\/comments?post=38140"}],"version-history":[{"count":0,"href":"https:\/\/patagoniambiental.com.ar\/info\/wp-json\/wp\/v2\/posts\/38140\/revisions"}],"wp:featuredmedia":[{"embeddable":true,"href":"https:\/\/patagoniambiental.com.ar\/info\/wp-json\/wp\/v2\/media\/38141"}],"wp:attachment":[{"href":"https:\/\/patagoniambiental.com.ar\/info\/wp-json\/wp\/v2\/media?parent=38140"}],"wp:term":[{"taxonomy":"category","embeddable":true,"href":"https:\/\/patagoniambiental.com.ar\/info\/wp-json\/wp\/v2\/categories?post=38140"},{"taxonomy":"post_tag","embeddable":true,"href":"https:\/\/patagoniambiental.com.ar\/info\/wp-json\/wp\/v2\/tags?post=38140"}],"curies":[{"name":"wp","href":"https:\/\/api.w.org\/{rel}","templated":true}]}}