{"id":38159,"date":"2017-11-13T19:00:29","date_gmt":"2017-11-13T22:00:29","guid":{"rendered":"http:\/\/patagoniambiental.com.ar\/info\/?p=38159"},"modified":"2017-11-13T17:04:52","modified_gmt":"2017-11-13T20:04:52","slug":"avanzan-las-tareas-de-exploracion-en-el-proyecto-minero-andacollo","status":"publish","type":"post","link":"https:\/\/patagoniambiental.com.ar\/info\/avanzan-las-tareas-de-exploracion-en-el-proyecto-minero-andacollo\/","title":{"rendered":"Avanzan las tareas de exploraci\u00f3n en el Proyecto Minero Andacollo"},"content":{"rendered":"<div class=\"td-post-header td-container\">\n<div class=\"td-post-header-holder sombra\">\n<header class=\"td-post-title\">\n<div class=\"td-module-meta-info\">Andacollo.-La empresa Trident Southern Explorations ya cuenta con las piezas de la nueva planta de procesamiento mineral que reemplazar\u00e1 a la existente.<\/div>\n<\/header>\n<\/div>\n<\/div>\n<p><!--more--><\/p>\n<div class=\"td-container\">\n<div class=\"td-pb-row\">\n<div class=\"td-pb-span8 td-main-content\" role=\"main\">\n<div class=\"td-ss-main-content\">\n<div class=\"td-post-content\">\n<p>La empresa Trident Southern Explorations SRL avanza en las tareas de exploraci\u00f3n para confirmar las reservas existentes en el Proyecto Minero Andacollo, con vistas de empezar el a\u00f1o pr\u00f3ximo la producci\u00f3n de oro y plata.<\/p>\n<p>Con ese objetivo, comenzaron a llegar las piezas de la nueva planta de procesamiento de mineral, que va a reemplazar la existente que tiene 30 a\u00f1os, y que demandar\u00e1 una inversi\u00f3n de 5 millones de d\u00f3lares. Ya arribaron a Andacollo las chancadoras que tienen un valor de 1,5 millones de d\u00f3lares y el resto de la planta llegar\u00e1 en los pr\u00f3ximos 60 d\u00edas, cuyas maquinarias est\u00e1n valorizadas en 3,5 millones de d\u00f3lares.<\/p>\n<figure id=\"attachment_111079\" class=\"wp-caption aligncenter\"><img fetchpriority=\"high\" decoding=\"async\" class=\"wp-image-111079 size-large\" src=\"http:\/\/www.neuqueninforma.gob.ar\/wp-content\/uploads\/2017\/11\/WEB-PRIMERA-Minas-Andacollo-2017-11-09-at-10.59.32-1024x601.jpg\" sizes=\"(max-width: 640px) 100vw, 640px\" srcset=\"http:\/\/www.neuqueninforma.gob.ar\/wp-content\/uploads\/2017\/11\/WEB-PRIMERA-Minas-Andacollo-2017-11-09-at-10.59.32-1024x601.jpg 1024w, http:\/\/www.neuqueninforma.gob.ar\/wp-content\/uploads\/2017\/11\/WEB-PRIMERA-Minas-Andacollo-2017-11-09-at-10.59.32-300x176.jpg 300w, http:\/\/www.neuqueninforma.gob.ar\/wp-content\/uploads\/2017\/11\/WEB-PRIMERA-Minas-Andacollo-2017-11-09-at-10.59.32-60x35.jpg 60w, http:\/\/www.neuqueninforma.gob.ar\/wp-content\/uploads\/2017\/11\/WEB-PRIMERA-Minas-Andacollo-2017-11-09-at-10.59.32-696x408.jpg 696w, http:\/\/www.neuqueninforma.gob.ar\/wp-content\/uploads\/2017\/11\/WEB-PRIMERA-Minas-Andacollo-2017-11-09-at-10.59.32-1068x626.jpg 1068w, http:\/\/www.neuqueninforma.gob.ar\/wp-content\/uploads\/2017\/11\/WEB-PRIMERA-Minas-Andacollo-2017-11-09-at-10.59.32-716x420.jpg 716w, http:\/\/www.neuqueninforma.gob.ar\/wp-content\/uploads\/2017\/11\/WEB-PRIMERA-Minas-Andacollo-2017-11-09-at-10.59.32.jpg 1403w\" alt=\"\" width=\"640\" height=\"376\" \/><figcaption class=\"wp-caption-text\">Con ese objetivo, comenzaron a llegar las piezas de la nueva planta de procesamiento de mineral, que va a reemplazar la existente que tiene 30 a\u00f1os.<\/figcaption><\/figure>\n<p>El plan exploratorio de Trident prev\u00e9 una inversi\u00f3n total de 11 millones de d\u00f3lares, de los cuales tres millones se desembolsar\u00e1n este a\u00f1o y ocho millones el\u00a0 pr\u00f3ximo. Sin contar sueldos e impuestos, la empresa cerrar\u00e1 2017 con inversiones por 8 millones de d\u00f3lares.<\/p>\n<p>En febrero de este a\u00f1o Trident tom\u00f3 la posesi\u00f3n del proyecto y absorbi\u00f3 72 de los empleados de Cormine que ven\u00edan de Minera Andacollo Gold S.A. (MAGSA). La nueva empresa culminar\u00e1 2017 con la incorporaci\u00f3n de 18 trabajadores m\u00e1s, todos de Andacollo y Huinganco, con lo cual llegar\u00e1 a un total de 90. Hacia fines de 2018 planea contar con un plantel de 150 personas.<\/p>\n<p>Durante la adjudicaci\u00f3n del contrato de usufructo minero, Trident se comprometi\u00f3 a realizar una inversi\u00f3n total de 164 millones de d\u00f3lares durante los 25 a\u00f1os que durar\u00e1 el contrato, instalar una nueva planta de procesamiento de mineral y aumentar la planta de personal.<\/p>\n<p>Durante su \u00faltima visita a Andacollo, el gobernador Omar Guti\u00e9rrez precis\u00f3 a la comunidad que, el 29 de septiembre, la compa\u00f1\u00eda Trident hab\u00eda comenzado la campa\u00f1a de exploraci\u00f3n en Andacollo. \u201cLa b\u00fasqueda es para recategorizar los recursos actualmente conocidos\u201d, se\u00f1al\u00f3.<\/p>\n<p>Expuso en ese momento que \u201cse planifica una campa\u00f1a total de diez mil metros distribuidos en tres proyectos: el proyecto Sof\u00eda Julia, San Pedro Sur y Karina, con dos m\u00e1quinas de amplia superficie y una m\u00e1quina en interior que se incorpora al proyecto en aproximadamente 60 d\u00edas\u201d.<\/p>\n<p>\u201cEn el proyecto Sof\u00eda Julia se comenz\u00f3 perforando desde dos plataformas de un total de tres que se van a utilizar por el momento. La totalidad de las plataformas se han construido sobre plataformas antiguas y caminos, por lo cual es necesario modernizarlo\u201d, precis\u00f3 el gobernador en esa oportunidad.<\/p>\n<p>\u201cHasta el momento se encuentran terminados ocho sondajes, totalizando 2197 metros. Para esta etapa de Sof\u00eda Julia, restan perforar\u00a0desde dos superficies sondajes exploratorios para obtener mayor profundidad, que totalizan aproximadamente 600 metros y tres sondajes que se perforan desde la tercera plataforma, que todav\u00eda no ha sido obturizada, con un total de 450 metros\u201d, agreg\u00f3.<\/p>\n<p>Sobre el proyecto San Pedro Sur, adelant\u00f3 que se planificaba una campa\u00f1a de sondaje de superficie de aproximadamente 2500 metros, perforando desde 5 plataformas distintas sobre el camino de tr\u00e1nsito de faena, por lo que el impacto es importante y ya no es necesario hacer grandes movimientos de tierra, indic\u00f3 el gobernador.<\/p>\n<p>Respecto del proyecto Karina, estim\u00f3 un plan de sondaje de interior mina para la exploraci\u00f3n en primera fase del bloque oeste, y luego del bloque este, para elaborar la ubicaci\u00f3n y futura planificaci\u00f3n de explotaci\u00f3n. El plan estima una perforaci\u00f3n de dos mil metros.<\/p>\n<figure id=\"attachment_111078\" class=\"wp-caption aligncenter\"><img decoding=\"async\" class=\"wp-image-111078 size-large\" src=\"http:\/\/www.neuqueninforma.gob.ar\/wp-content\/uploads\/2017\/11\/WEB-SEGUNDA-Minas_AndacolloDSC_2030_005-1024x601.jpg\" sizes=\"(max-width: 640px) 100vw, 640px\" srcset=\"http:\/\/www.neuqueninforma.gob.ar\/wp-content\/uploads\/2017\/11\/WEB-SEGUNDA-Minas_AndacolloDSC_2030_005-1024x601.jpg 1024w, http:\/\/www.neuqueninforma.gob.ar\/wp-content\/uploads\/2017\/11\/WEB-SEGUNDA-Minas_AndacolloDSC_2030_005-300x176.jpg 300w, http:\/\/www.neuqueninforma.gob.ar\/wp-content\/uploads\/2017\/11\/WEB-SEGUNDA-Minas_AndacolloDSC_2030_005-60x35.jpg 60w, http:\/\/www.neuqueninforma.gob.ar\/wp-content\/uploads\/2017\/11\/WEB-SEGUNDA-Minas_AndacolloDSC_2030_005-696x408.jpg 696w, http:\/\/www.neuqueninforma.gob.ar\/wp-content\/uploads\/2017\/11\/WEB-SEGUNDA-Minas_AndacolloDSC_2030_005-1068x626.jpg 1068w, http:\/\/www.neuqueninforma.gob.ar\/wp-content\/uploads\/2017\/11\/WEB-SEGUNDA-Minas_AndacolloDSC_2030_005-716x420.jpg 716w, http:\/\/www.neuqueninforma.gob.ar\/wp-content\/uploads\/2017\/11\/WEB-SEGUNDA-Minas_AndacolloDSC_2030_005.jpg 1403w\" alt=\"\" width=\"640\" height=\"376\" \/><figcaption class=\"wp-caption-text\">En febrero de este a\u00f1o Trident tom\u00f3 la posesi\u00f3n del proyecto y absorbi\u00f3 72 de los empleados de Cormine que ven\u00edan de Minera Andacollo Gold S.A. (MAGSA).<\/figcaption><\/figure>\n<\/div>\n<\/div>\n<p>Fuente: Neuquen Informa<\/p><\/div>\n<\/div>\n<\/div>\n","protected":false},"excerpt":{"rendered":"<p>Andacollo.-La empresa Trident Southern Explorations ya cuenta con las piezas de la nueva planta de procesamiento mineral que reemplazar\u00e1 a [&hellip;]<\/p>\n","protected":false},"author":2,"featured_media":38160,"comment_status":"open","ping_status":"open","sticky":false,"template":"","format":"standard","meta":{"site-sidebar-layout":"default","site-content-layout":"","ast-site-content-layout":"default","site-content-style":"default","site-sidebar-style":"default","ast-global-header-display":"","ast-banner-title-visibility":"","ast-main-header-display":"","ast-hfb-above-header-display":"","ast-hfb-below-header-display":"","ast-hfb-mobile-header-display":"","site-post-title":"","ast-breadcrumbs-content":"","ast-featured-img":"","footer-sml-layout":"","ast-disable-related-posts":"","theme-transparent-header-meta":"","adv-header-id-meta":"","stick-header-meta":"","header-above-stick-meta":"","header-main-stick-meta":"","header-below-stick-meta":"","astra-migrate-meta-layouts":"default","ast-page-background-enabled":"default","ast-page-background-meta":{"desktop":{"background-color":"var(--ast-global-color-5)","background-image":"","background-repeat":"repeat","background-position":"center center","background-size":"auto","background-attachment":"scroll","background-type":"","background-media":"","overlay-type":"","overlay-color":"","overlay-opacity":"","overlay-gradient":""},"tablet":{"background-color":"","background-image":"","background-repeat":"repeat","background-position":"center center","background-size":"auto","background-attachment":"scroll","background-type":"","background-media":"","overlay-type":"","overlay-color":"","overlay-opacity":"","overlay-gradient":""},"mobile":{"background-color":"","background-image":"","background-repeat":"repeat","background-position":"center center","background-size":"auto","background-attachment":"scroll","background-type":"","background-media":"","overlay-type":"","overlay-color":"","overlay-opacity":"","overlay-gradient":""}},"ast-content-background-meta":{"desktop":{"background-color":"var(--ast-global-color-4)","background-image":"","background-repeat":"repeat","background-position":"center center","background-size":"auto","background-attachment":"scroll","background-type":"","background-media":"","overlay-type":"","overlay-color":"","overlay-opacity":"","overlay-gradient":""},"tablet":{"background-color":"var(--ast-global-color-4)","background-image":"","background-repeat":"repeat","background-position":"center center","background-size":"auto","background-attachment":"scroll","background-type":"","background-media":"","overlay-type":"","overlay-color":"","overlay-opacity":"","overlay-gradient":""},"mobile":{"background-color":"var(--ast-global-color-4)","background-image":"","background-repeat":"repeat","background-position":"center center","background-size":"auto","background-attachment":"scroll","background-type":"","background-media":"","overlay-type":"","overlay-color":"","overlay-opacity":"","overlay-gradient":""}},"footnotes":""},"categories":[18,1,13],"tags":[],"class_list":["post-38159","post","type-post","status-publish","format-standard","has-post-thumbnail","hentry","category-neuquen","category-noticias","category-provinciales"],"yoast_head":"<!-- This site is optimized with the Yoast SEO Premium plugin v23.0 (Yoast SEO v27.4) - https:\/\/yoast.com\/product\/yoast-seo-premium-wordpress\/ -->\n<title>Avanzan las tareas de exploraci\u00f3n en el Proyecto Minero Andacollo<\/title>\n<meta name=\"robots\" content=\"index, follow, max-snippet:-1, max-image-preview:large, max-video-preview:-1\" \/>\n<link rel=\"canonical\" href=\"https:\/\/patagoniambiental.com.ar\/info\/avanzan-las-tareas-de-exploracion-en-el-proyecto-minero-andacollo\/\" \/>\n<meta property=\"og:locale\" content=\"es_ES\" \/>\n<meta property=\"og:type\" content=\"article\" \/>\n<meta property=\"og:title\" content=\"Avanzan las tareas de exploraci\u00f3n en el Proyecto Minero Andacollo\" \/>\n<meta property=\"og:description\" content=\"Andacollo.-La empresa Trident Southern Explorations ya cuenta con las piezas de la nueva planta de procesamiento mineral que reemplazar\u00e1 a [&hellip;]\" \/>\n<meta property=\"og:url\" content=\"https:\/\/patagoniambiental.com.ar\/info\/avanzan-las-tareas-de-exploracion-en-el-proyecto-minero-andacollo\/\" \/>\n<meta property=\"og:site_name\" content=\"Patagonia Ambiental\" \/>\n<meta property=\"article:publisher\" content=\"https:\/\/www.facebook.com\/patagonia.ambiental\" \/>\n<meta property=\"article:author\" content=\"https:\/\/www.facebook.com\/share\/1C1V8Gv9BX\/?mibextid=qi2Omg\" \/>\n<meta property=\"article:published_time\" content=\"2017-11-13T22:00:29+00:00\" \/>\n<meta property=\"og:image\" content=\"https:\/\/patagoniambiental.com.ar\/info\/wp-content\/uploads\/2017\/11\/WEB-PRIMERA-Minas-Andacollo-2017-11-09-at-10.59.32-696x408.jpg\" \/>\n\t<meta property=\"og:image:width\" content=\"696\" \/>\n\t<meta property=\"og:image:height\" content=\"408\" \/>\n\t<meta property=\"og:image:type\" content=\"image\/jpeg\" \/>\n<meta name=\"author\" content=\"Patagonia Ambiental\" \/>\n<meta name=\"twitter:card\" content=\"summary_large_image\" \/>\n<meta name=\"twitter:creator\" content=\"@PatAmb\" \/>\n<meta name=\"twitter:site\" content=\"@PatAmb\" \/>\n<script type=\"application\/ld+json\" class=\"yoast-schema-graph\">{\"@context\":\"https:\\\/\\\/schema.org\",\"@graph\":[{\"@type\":\"Article\",\"@id\":\"https:\\\/\\\/patagoniambiental.com.ar\\\/info\\\/avanzan-las-tareas-de-exploracion-en-el-proyecto-minero-andacollo\\\/#article\",\"isPartOf\":{\"@id\":\"https:\\\/\\\/patagoniambiental.com.ar\\\/info\\\/avanzan-las-tareas-de-exploracion-en-el-proyecto-minero-andacollo\\\/\"},\"author\":{\"name\":\"Patagonia Ambiental\",\"@id\":\"https:\\\/\\\/patagoniambiental.com.ar\\\/info\\\/#\\\/schema\\\/person\\\/db12bff64bbcbf6a253710bf0ea37b5d\"},\"headline\":\"Avanzan las tareas de exploraci\u00f3n en el Proyecto Minero Andacollo\",\"datePublished\":\"2017-11-13T22:00:29+00:00\",\"mainEntityOfPage\":{\"@id\":\"https:\\\/\\\/patagoniambiental.com.ar\\\/info\\\/avanzan-las-tareas-de-exploracion-en-el-proyecto-minero-andacollo\\\/\"},\"wordCount\":667,\"commentCount\":0,\"publisher\":{\"@id\":\"https:\\\/\\\/patagoniambiental.com.ar\\\/info\\\/#organization\"},\"image\":{\"@id\":\"https:\\\/\\\/patagoniambiental.com.ar\\\/info\\\/avanzan-las-tareas-de-exploracion-en-el-proyecto-minero-andacollo\\\/#primaryimage\"},\"thumbnailUrl\":\"https:\\\/\\\/patagoniambiental.com.ar\\\/info\\\/wp-content\\\/uploads\\\/2017\\\/11\\\/WEB-PRIMERA-Minas-Andacollo-2017-11-09-at-10.59.32-696x408.jpg\",\"articleSection\":[\"Neuqu\u00e9n\",\"Noticias\",\"Provinciales\"],\"inLanguage\":\"es\",\"potentialAction\":[{\"@type\":\"CommentAction\",\"name\":\"Comment\",\"target\":[\"https:\\\/\\\/patagoniambiental.com.ar\\\/info\\\/avanzan-las-tareas-de-exploracion-en-el-proyecto-minero-andacollo\\\/#respond\"]}]},{\"@type\":\"WebPage\",\"@id\":\"https:\\\/\\\/patagoniambiental.com.ar\\\/info\\\/avanzan-las-tareas-de-exploracion-en-el-proyecto-minero-andacollo\\\/\",\"url\":\"https:\\\/\\\/patagoniambiental.com.ar\\\/info\\\/avanzan-las-tareas-de-exploracion-en-el-proyecto-minero-andacollo\\\/\",\"name\":\"Avanzan las tareas de exploraci\u00f3n en el Proyecto Minero Andacollo\",\"isPartOf\":{\"@id\":\"https:\\\/\\\/patagoniambiental.com.ar\\\/info\\\/#website\"},\"primaryImageOfPage\":{\"@id\":\"https:\\\/\\\/patagoniambiental.com.ar\\\/info\\\/avanzan-las-tareas-de-exploracion-en-el-proyecto-minero-andacollo\\\/#primaryimage\"},\"image\":{\"@id\":\"https:\\\/\\\/patagoniambiental.com.ar\\\/info\\\/avanzan-las-tareas-de-exploracion-en-el-proyecto-minero-andacollo\\\/#primaryimage\"},\"thumbnailUrl\":\"https:\\\/\\\/patagoniambiental.com.ar\\\/info\\\/wp-content\\\/uploads\\\/2017\\\/11\\\/WEB-PRIMERA-Minas-Andacollo-2017-11-09-at-10.59.32-696x408.jpg\",\"datePublished\":\"2017-11-13T22:00:29+00:00\",\"breadcrumb\":{\"@id\":\"https:\\\/\\\/patagoniambiental.com.ar\\\/info\\\/avanzan-las-tareas-de-exploracion-en-el-proyecto-minero-andacollo\\\/#breadcrumb\"},\"inLanguage\":\"es\",\"potentialAction\":[{\"@type\":\"ReadAction\",\"target\":[\"https:\\\/\\\/patagoniambiental.com.ar\\\/info\\\/avanzan-las-tareas-de-exploracion-en-el-proyecto-minero-andacollo\\\/\"]}]},{\"@type\":\"ImageObject\",\"inLanguage\":\"es\",\"@id\":\"https:\\\/\\\/patagoniambiental.com.ar\\\/info\\\/avanzan-las-tareas-de-exploracion-en-el-proyecto-minero-andacollo\\\/#primaryimage\",\"url\":\"https:\\\/\\\/patagoniambiental.com.ar\\\/info\\\/wp-content\\\/uploads\\\/2017\\\/11\\\/WEB-PRIMERA-Minas-Andacollo-2017-11-09-at-10.59.32-696x408.jpg\",\"contentUrl\":\"https:\\\/\\\/patagoniambiental.com.ar\\\/info\\\/wp-content\\\/uploads\\\/2017\\\/11\\\/WEB-PRIMERA-Minas-Andacollo-2017-11-09-at-10.59.32-696x408.jpg\",\"width\":696,\"height\":408},{\"@type\":\"BreadcrumbList\",\"@id\":\"https:\\\/\\\/patagoniambiental.com.ar\\\/info\\\/avanzan-las-tareas-de-exploracion-en-el-proyecto-minero-andacollo\\\/#breadcrumb\",\"itemListElement\":[{\"@type\":\"ListItem\",\"position\":1,\"name\":\"Inicio\",\"item\":\"https:\\\/\\\/patagoniambiental.com.ar\\\/info\\\/\"},{\"@type\":\"ListItem\",\"position\":2,\"name\":\"Avanzan las tareas de exploraci\u00f3n en el Proyecto Minero Andacollo\"}]},{\"@type\":\"WebSite\",\"@id\":\"https:\\\/\\\/patagoniambiental.com.ar\\\/info\\\/#website\",\"url\":\"https:\\\/\\\/patagoniambiental.com.ar\\\/info\\\/\",\"name\":\"Patagonia Ambiental\",\"description\":\"Monitoreo y an\u00e1lisis de la situaci\u00f3n geopol\u00edtica en el mundo y su implicancia en la Patagonia\",\"publisher\":{\"@id\":\"https:\\\/\\\/patagoniambiental.com.ar\\\/info\\\/#organization\"},\"potentialAction\":[{\"@type\":\"SearchAction\",\"target\":{\"@type\":\"EntryPoint\",\"urlTemplate\":\"https:\\\/\\\/patagoniambiental.com.ar\\\/info\\\/?s={search_term_string}\"},\"query-input\":{\"@type\":\"PropertyValueSpecification\",\"valueRequired\":true,\"valueName\":\"search_term_string\"}}],\"inLanguage\":\"es\"},{\"@type\":\"Organization\",\"@id\":\"https:\\\/\\\/patagoniambiental.com.ar\\\/info\\\/#organization\",\"name\":\"Patagonia Ambiental\",\"url\":\"https:\\\/\\\/patagoniambiental.com.ar\\\/info\\\/\",\"logo\":{\"@type\":\"ImageObject\",\"inLanguage\":\"es\",\"@id\":\"https:\\\/\\\/patagoniambiental.com.ar\\\/info\\\/#\\\/schema\\\/logo\\\/image\\\/\",\"url\":\"https:\\\/\\\/patagoniambiental.com.ar\\\/info\\\/wp-content\\\/uploads\\\/2025\\\/05\\\/LOGO-PATAGONIA-AMBIENTAL.png\",\"contentUrl\":\"https:\\\/\\\/patagoniambiental.com.ar\\\/info\\\/wp-content\\\/uploads\\\/2025\\\/05\\\/LOGO-PATAGONIA-AMBIENTAL.png\",\"width\":433,\"height\":250,\"caption\":\"Patagonia Ambiental\"},\"image\":{\"@id\":\"https:\\\/\\\/patagoniambiental.com.ar\\\/info\\\/#\\\/schema\\\/logo\\\/image\\\/\"},\"sameAs\":[\"https:\\\/\\\/www.facebook.com\\\/patagonia.ambiental\",\"https:\\\/\\\/x.com\\\/PatAmb\"]},{\"@type\":\"Person\",\"@id\":\"https:\\\/\\\/patagoniambiental.com.ar\\\/info\\\/#\\\/schema\\\/person\\\/db12bff64bbcbf6a253710bf0ea37b5d\",\"name\":\"Patagonia Ambiental\",\"description\":\"Andr\u00e9s Nievas T\u00e9cnico en manejo ambiental, consultor Ambiental y escritor para medios locales e internacionales sobre temas de geopolitica y medio ambiente.\",\"sameAs\":[\"http:\\\/\\\/www.patagoniambiental.com.ar\",\"https:\\\/\\\/www.facebook.com\\\/share\\\/1C1V8Gv9BX\\\/?mibextid=qi2Omg\",\"@patagoniambiental\",\"https:\\\/\\\/youtube.com\\\/@patagoniaambiental2023?si=BLt58t0wuXquxlYZ\"]}]}<\/script>\n<!-- \/ Yoast SEO Premium plugin. -->","yoast_head_json":{"title":"Avanzan las tareas de exploraci\u00f3n en el Proyecto Minero Andacollo","robots":{"index":"index","follow":"follow","max-snippet":"max-snippet:-1","max-image-preview":"max-image-preview:large","max-video-preview":"max-video-preview:-1"},"canonical":"https:\/\/patagoniambiental.com.ar\/info\/avanzan-las-tareas-de-exploracion-en-el-proyecto-minero-andacollo\/","og_locale":"es_ES","og_type":"article","og_title":"Avanzan las tareas de exploraci\u00f3n en el Proyecto Minero Andacollo","og_description":"Andacollo.-La empresa Trident Southern Explorations ya cuenta con las piezas de la nueva planta de procesamiento mineral que reemplazar\u00e1 a [&hellip;]","og_url":"https:\/\/patagoniambiental.com.ar\/info\/avanzan-las-tareas-de-exploracion-en-el-proyecto-minero-andacollo\/","og_site_name":"Patagonia Ambiental","article_publisher":"https:\/\/www.facebook.com\/patagonia.ambiental","article_author":"https:\/\/www.facebook.com\/share\/1C1V8Gv9BX\/?mibextid=qi2Omg","article_published_time":"2017-11-13T22:00:29+00:00","og_image":[{"width":696,"height":408,"url":"https:\/\/patagoniambiental.com.ar\/info\/wp-content\/uploads\/2017\/11\/WEB-PRIMERA-Minas-Andacollo-2017-11-09-at-10.59.32-696x408.jpg","type":"image\/jpeg"}],"author":"Patagonia Ambiental","twitter_card":"summary_large_image","twitter_creator":"@PatAmb","twitter_site":"@PatAmb","schema":{"@context":"https:\/\/schema.org","@graph":[{"@type":"Article","@id":"https:\/\/patagoniambiental.com.ar\/info\/avanzan-las-tareas-de-exploracion-en-el-proyecto-minero-andacollo\/#article","isPartOf":{"@id":"https:\/\/patagoniambiental.com.ar\/info\/avanzan-las-tareas-de-exploracion-en-el-proyecto-minero-andacollo\/"},"author":{"name":"Patagonia Ambiental","@id":"https:\/\/patagoniambiental.com.ar\/info\/#\/schema\/person\/db12bff64bbcbf6a253710bf0ea37b5d"},"headline":"Avanzan las tareas de exploraci\u00f3n en el Proyecto Minero Andacollo","datePublished":"2017-11-13T22:00:29+00:00","mainEntityOfPage":{"@id":"https:\/\/patagoniambiental.com.ar\/info\/avanzan-las-tareas-de-exploracion-en-el-proyecto-minero-andacollo\/"},"wordCount":667,"commentCount":0,"publisher":{"@id":"https:\/\/patagoniambiental.com.ar\/info\/#organization"},"image":{"@id":"https:\/\/patagoniambiental.com.ar\/info\/avanzan-las-tareas-de-exploracion-en-el-proyecto-minero-andacollo\/#primaryimage"},"thumbnailUrl":"https:\/\/patagoniambiental.com.ar\/info\/wp-content\/uploads\/2017\/11\/WEB-PRIMERA-Minas-Andacollo-2017-11-09-at-10.59.32-696x408.jpg","articleSection":["Neuqu\u00e9n","Noticias","Provinciales"],"inLanguage":"es","potentialAction":[{"@type":"CommentAction","name":"Comment","target":["https:\/\/patagoniambiental.com.ar\/info\/avanzan-las-tareas-de-exploracion-en-el-proyecto-minero-andacollo\/#respond"]}]},{"@type":"WebPage","@id":"https:\/\/patagoniambiental.com.ar\/info\/avanzan-las-tareas-de-exploracion-en-el-proyecto-minero-andacollo\/","url":"https:\/\/patagoniambiental.com.ar\/info\/avanzan-las-tareas-de-exploracion-en-el-proyecto-minero-andacollo\/","name":"Avanzan las tareas de exploraci\u00f3n en el Proyecto Minero Andacollo","isPartOf":{"@id":"https:\/\/patagoniambiental.com.ar\/info\/#website"},"primaryImageOfPage":{"@id":"https:\/\/patagoniambiental.com.ar\/info\/avanzan-las-tareas-de-exploracion-en-el-proyecto-minero-andacollo\/#primaryimage"},"image":{"@id":"https:\/\/patagoniambiental.com.ar\/info\/avanzan-las-tareas-de-exploracion-en-el-proyecto-minero-andacollo\/#primaryimage"},"thumbnailUrl":"https:\/\/patagoniambiental.com.ar\/info\/wp-content\/uploads\/2017\/11\/WEB-PRIMERA-Minas-Andacollo-2017-11-09-at-10.59.32-696x408.jpg","datePublished":"2017-11-13T22:00:29+00:00","breadcrumb":{"@id":"https:\/\/patagoniambiental.com.ar\/info\/avanzan-las-tareas-de-exploracion-en-el-proyecto-minero-andacollo\/#breadcrumb"},"inLanguage":"es","potentialAction":[{"@type":"ReadAction","target":["https:\/\/patagoniambiental.com.ar\/info\/avanzan-las-tareas-de-exploracion-en-el-proyecto-minero-andacollo\/"]}]},{"@type":"ImageObject","inLanguage":"es","@id":"https:\/\/patagoniambiental.com.ar\/info\/avanzan-las-tareas-de-exploracion-en-el-proyecto-minero-andacollo\/#primaryimage","url":"https:\/\/patagoniambiental.com.ar\/info\/wp-content\/uploads\/2017\/11\/WEB-PRIMERA-Minas-Andacollo-2017-11-09-at-10.59.32-696x408.jpg","contentUrl":"https:\/\/patagoniambiental.com.ar\/info\/wp-content\/uploads\/2017\/11\/WEB-PRIMERA-Minas-Andacollo-2017-11-09-at-10.59.32-696x408.jpg","width":696,"height":408},{"@type":"BreadcrumbList","@id":"https:\/\/patagoniambiental.com.ar\/info\/avanzan-las-tareas-de-exploracion-en-el-proyecto-minero-andacollo\/#breadcrumb","itemListElement":[{"@type":"ListItem","position":1,"name":"Inicio","item":"https:\/\/patagoniambiental.com.ar\/info\/"},{"@type":"ListItem","position":2,"name":"Avanzan las tareas de exploraci\u00f3n en el Proyecto Minero Andacollo"}]},{"@type":"WebSite","@id":"https:\/\/patagoniambiental.com.ar\/info\/#website","url":"https:\/\/patagoniambiental.com.ar\/info\/","name":"Patagonia Ambiental","description":"Monitoreo y an\u00e1lisis de la situaci\u00f3n geopol\u00edtica en el mundo y su implicancia en la Patagonia","publisher":{"@id":"https:\/\/patagoniambiental.com.ar\/info\/#organization"},"potentialAction":[{"@type":"SearchAction","target":{"@type":"EntryPoint","urlTemplate":"https:\/\/patagoniambiental.com.ar\/info\/?s={search_term_string}"},"query-input":{"@type":"PropertyValueSpecification","valueRequired":true,"valueName":"search_term_string"}}],"inLanguage":"es"},{"@type":"Organization","@id":"https:\/\/patagoniambiental.com.ar\/info\/#organization","name":"Patagonia Ambiental","url":"https:\/\/patagoniambiental.com.ar\/info\/","logo":{"@type":"ImageObject","inLanguage":"es","@id":"https:\/\/patagoniambiental.com.ar\/info\/#\/schema\/logo\/image\/","url":"https:\/\/patagoniambiental.com.ar\/info\/wp-content\/uploads\/2025\/05\/LOGO-PATAGONIA-AMBIENTAL.png","contentUrl":"https:\/\/patagoniambiental.com.ar\/info\/wp-content\/uploads\/2025\/05\/LOGO-PATAGONIA-AMBIENTAL.png","width":433,"height":250,"caption":"Patagonia Ambiental"},"image":{"@id":"https:\/\/patagoniambiental.com.ar\/info\/#\/schema\/logo\/image\/"},"sameAs":["https:\/\/www.facebook.com\/patagonia.ambiental","https:\/\/x.com\/PatAmb"]},{"@type":"Person","@id":"https:\/\/patagoniambiental.com.ar\/info\/#\/schema\/person\/db12bff64bbcbf6a253710bf0ea37b5d","name":"Patagonia Ambiental","description":"Andr\u00e9s Nievas T\u00e9cnico en manejo ambiental, consultor Ambiental y escritor para medios locales e internacionales sobre temas de geopolitica y medio ambiente.","sameAs":["http:\/\/www.patagoniambiental.com.ar","https:\/\/www.facebook.com\/share\/1C1V8Gv9BX\/?mibextid=qi2Omg","@patagoniambiental","https:\/\/youtube.com\/@patagoniaambiental2023?si=BLt58t0wuXquxlYZ"]}]}},"_links":{"self":[{"href":"https:\/\/patagoniambiental.com.ar\/info\/wp-json\/wp\/v2\/posts\/38159","targetHints":{"allow":["GET"]}}],"collection":[{"href":"https:\/\/patagoniambiental.com.ar\/info\/wp-json\/wp\/v2\/posts"}],"about":[{"href":"https:\/\/patagoniambiental.com.ar\/info\/wp-json\/wp\/v2\/types\/post"}],"author":[{"embeddable":true,"href":"https:\/\/patagoniambiental.com.ar\/info\/wp-json\/wp\/v2\/users\/2"}],"replies":[{"embeddable":true,"href":"https:\/\/patagoniambiental.com.ar\/info\/wp-json\/wp\/v2\/comments?post=38159"}],"version-history":[{"count":0,"href":"https:\/\/patagoniambiental.com.ar\/info\/wp-json\/wp\/v2\/posts\/38159\/revisions"}],"wp:featuredmedia":[{"embeddable":true,"href":"https:\/\/patagoniambiental.com.ar\/info\/wp-json\/wp\/v2\/media\/38160"}],"wp:attachment":[{"href":"https:\/\/patagoniambiental.com.ar\/info\/wp-json\/wp\/v2\/media?parent=38159"}],"wp:term":[{"taxonomy":"category","embeddable":true,"href":"https:\/\/patagoniambiental.com.ar\/info\/wp-json\/wp\/v2\/categories?post=38159"},{"taxonomy":"post_tag","embeddable":true,"href":"https:\/\/patagoniambiental.com.ar\/info\/wp-json\/wp\/v2\/tags?post=38159"}],"curies":[{"name":"wp","href":"https:\/\/api.w.org\/{rel}","templated":true}]}}