{"id":38238,"date":"2017-11-15T09:00:08","date_gmt":"2017-11-15T12:00:08","guid":{"rendered":"http:\/\/patagoniambiental.com.ar\/info\/?p=38238"},"modified":"2017-11-14T20:44:53","modified_gmt":"2017-11-14T23:44:53","slug":"en-europa-buscan-soluciones-para-la-gestion-integral-y-sostenible-del-agua","status":"publish","type":"post","link":"https:\/\/patagoniambiental.com.ar\/info\/en-europa-buscan-soluciones-para-la-gestion-integral-y-sostenible-del-agua\/","title":{"rendered":"En Europa buscan soluciones para la gesti\u00f3n integral y sostenible del agua"},"content":{"rendered":"<p>VALLADOLID. &#8211; La Confederaci\u00f3n Hidrogr\u00e1fica del Duero, organismo adscrito al Ministerio de Agricultura y Pesca, Alimentaci\u00f3n y Medio Ambiente (MAPAMA), organiz\u00f3 en la ciudad espa\u00f1ola de Valladolid una jornada sobre el proyecto europeo Aquamundam, centrado en actuaciones de mejora de la gesti\u00f3n del ciclo integral del agua en peque\u00f1os y medianos municipios transfronterizos, para que resulte m\u00e1s sostenible, a partir de experiencias piloto en Castilla y Le\u00f3n, Galicia y la regi\u00f3n Norte de Portugal.<br \/>\nLa jornada fue inaugurada por el presidente de la CHD, Juan Ignacio Diego Ruiz, y cont\u00f3 con la presencia de representantes de las entidades presentes en el consorcio, como ser la Fundaci\u00f3n Instituto Tecnol\u00f3gico de Galicia, la entidad p\u00fablica Aguas de Galicia, la Fundaci\u00f3n CARTIF, la Comunidade Intermunicipal do Alto Minho, el Instituto Pedro Nunes y la propia Confederaci\u00f3n.<\/p>\n<p><strong>Proyecto Aquamundam<\/strong><\/p>\n<p>Solventado con fondos europeos por valor de 1,3 millones de euros, Aquamundam persigue como objetivo esencial la preservaci\u00f3n del medio ambiente desde la mejora de la gesti\u00f3n del ciclo integral del agua \u2013abastecimiento, saneamiento y depuraci\u00f3n-, para fomentar un uso m\u00e1s racional de los recursos h\u00eddricos disponibles destinados a consumo humano en peque\u00f1os y medianos municipios.<br \/>\nAs\u00ed, el proyecto prev\u00e9 desarrollar instrumentos para determinar la situaci\u00f3n actual del ciclo del agua, establecer diagn\u00f3sticos para evaluar la gesti\u00f3n, compartir informaci\u00f3n entre los distintos agentes para planificar actuaciones y conocer tanto el volumen de agua destinado a consumo humano como el rendimiento de las redes con las que se presta le citado servicio p\u00fablico.<br \/>\nEn Castilla y Le\u00f3n, la experiencia piloto expuesta se lleva a cabo en la localidad abulense de Flores de \u00c1vila, en la zona de La Mora\u00f1a, con algo m\u00e1s de 300 habitantes empadronados, que desde hace cinco a\u00f1os cuenta con una nueva depuradora proporcionada por la CHD que apuesta por el uso de humedales artificiales como sistema de depuraci\u00f3n econ\u00f3mico, eficiente y sostenible, capaz de generar adem\u00e1s otros beneficios ambientales similares a los de los bodones o lavajos propios de la comarca.<br \/>\nEl uso de infraestructura \u201cverde\u201d para la depuraci\u00f3n de las aguas residuales del municipio se ha confirmado como una opci\u00f3n eficaz, de bajo coste de instalaci\u00f3n y de mantenimiento para poblaciones peque\u00f1as \u2013las habituales en la cuenca del Duero-, crea un ecosistema de humedal plenamente integrado en entorno, donde crece la vegetaci\u00f3n de ribera y, al tiempo, halla refugio cierto tipo de fauna.<br \/>\nEl proyecto Aquamundam, que forma parte del Programa de Cooperaci\u00f3n Transfronteriza de Espa\u00f1a y Portugal y tiene una duraci\u00f3n de tres a\u00f1os, tambi\u00e9n estudia c\u00f3mo mejorar las redes e infraestructuras de agua, disminuir el tiempo de respuesta ante eventualidades, reducir las posibles p\u00e9rdidas de caudal y aplicar medios tecnol\u00f3gicos en la gesti\u00f3n de los sistemas.<br \/>\nEn su intervenci\u00f3n, el presidente de la CHD ha destacado el compromiso del organismo de cuenca con la mejora del medio ambiente en el entorno fluvial, \u201ccon actuaciones de restauraci\u00f3n que favorecen la conectividad y el movimiento de los peces\u201d, y con la innovaci\u00f3n tecnol\u00f3gica en la gesti\u00f3n del agua, con medios como la teledetecci\u00f3n de regad\u00edos o el Sistema Automatizado de Informaci\u00f3n Hidrol\u00f3gica (SAIH).<br \/>\nAdem\u00e1s, ha enumerado varios proyectos europeos en los que participa la CHD, como el Proyecto LIFE Cipr\u00edber sobre conservaci\u00f3n de cipr\u00ednidos, el Proyecto H2020 NAIAD \u2013que apuesta por el valor que tienen los ecosistemas como seguros naturales frente al riesgos como inundaciones y sequ\u00edas-, el proyecto H2020 Urban Green Up, para mejora del medio ambiente urbano, el Grupo de Acci\u00f3n sobre r\u00edos RiveRes, y el Proyecto Integrado del Programa LIFE, actualmente en fase de evaluaci\u00f3n final, sobre el desarrollo del Plan Hidrol\u00f3gico de Cuenca en una zona tan sensible como es la comarca delimitada por el acu\u00edfero de Medina del Campo. (Fuente: CHD\/DICYT)<\/p>\n<div class=\"sharedaddy sd-sharing-enabled\"><\/div>\n","protected":false},"excerpt":{"rendered":"<p>VALLADOLID. &#8211; La Confederaci\u00f3n Hidrogr\u00e1fica del Duero, organismo adscrito al Ministerio de Agricultura y Pesca, Alimentaci\u00f3n y Medio Ambiente (MAPAMA), [&hellip;]<\/p>\n","protected":false},"author":2,"featured_media":38239,"comment_status":"open","ping_status":"open","sticky":false,"template":"","format":"standard","meta":{"site-sidebar-layout":"default","site-content-layout":"","ast-site-content-layout":"default","site-content-style":"default","site-sidebar-style":"default","ast-global-header-display":"","ast-banner-title-visibility":"","ast-main-header-display":"","ast-hfb-above-header-display":"","ast-hfb-below-header-display":"","ast-hfb-mobile-header-display":"","site-post-title":"","ast-breadcrumbs-content":"","ast-featured-img":"","footer-sml-layout":"","ast-disable-related-posts":"","theme-transparent-header-meta":"","adv-header-id-meta":"","stick-header-meta":"","header-above-stick-meta":"","header-main-stick-meta":"","header-below-stick-meta":"","astra-migrate-meta-layouts":"default","ast-page-background-enabled":"default","ast-page-background-meta":{"desktop":{"background-color":"var(--ast-global-color-5)","background-image":"","background-repeat":"repeat","background-position":"center center","background-size":"auto","background-attachment":"scroll","background-type":"","background-media":"","overlay-type":"","overlay-color":"","overlay-opacity":"","overlay-gradient":""},"tablet":{"background-color":"","background-image":"","background-repeat":"repeat","background-position":"center center","background-size":"auto","background-attachment":"scroll","background-type":"","background-media":"","overlay-type":"","overlay-color":"","overlay-opacity":"","overlay-gradient":""},"mobile":{"background-color":"","background-image":"","background-repeat":"repeat","background-position":"center center","background-size":"auto","background-attachment":"scroll","background-type":"","background-media":"","overlay-type":"","overlay-color":"","overlay-opacity":"","overlay-gradient":""}},"ast-content-background-meta":{"desktop":{"background-color":"var(--ast-global-color-4)","background-image":"","background-repeat":"repeat","background-position":"center center","background-size":"auto","background-attachment":"scroll","background-type":"","background-media":"","overlay-type":"","overlay-color":"","overlay-opacity":"","overlay-gradient":""},"tablet":{"background-color":"var(--ast-global-color-4)","background-image":"","background-repeat":"repeat","background-position":"center center","background-size":"auto","background-attachment":"scroll","background-type":"","background-media":"","overlay-type":"","overlay-color":"","overlay-opacity":"","overlay-gradient":""},"mobile":{"background-color":"var(--ast-global-color-4)","background-image":"","background-repeat":"repeat","background-position":"center center","background-size":"auto","background-attachment":"scroll","background-type":"","background-media":"","overlay-type":"","overlay-color":"","overlay-opacity":"","overlay-gradient":""}},"footnotes":""},"categories":[23,1],"tags":[],"class_list":["post-38238","post","type-post","status-publish","format-standard","has-post-thumbnail","hentry","category-internacionales","category-noticias"],"yoast_head":"<!-- This site is optimized with the Yoast SEO Premium plugin v23.0 (Yoast SEO v27.4) - https:\/\/yoast.com\/product\/yoast-seo-premium-wordpress\/ -->\n<title>En Europa buscan soluciones para la gesti\u00f3n integral y sostenible del agua<\/title>\n<meta name=\"robots\" content=\"index, follow, max-snippet:-1, max-image-preview:large, max-video-preview:-1\" \/>\n<link rel=\"canonical\" href=\"https:\/\/patagoniambiental.com.ar\/info\/en-europa-buscan-soluciones-para-la-gestion-integral-y-sostenible-del-agua\/\" \/>\n<meta property=\"og:locale\" content=\"es_ES\" \/>\n<meta property=\"og:type\" content=\"article\" \/>\n<meta property=\"og:title\" content=\"En Europa buscan soluciones para la gesti\u00f3n integral y sostenible del agua\" \/>\n<meta property=\"og:description\" content=\"VALLADOLID. &#8211; La Confederaci\u00f3n Hidrogr\u00e1fica del Duero, organismo adscrito al Ministerio de Agricultura y Pesca, Alimentaci\u00f3n y Medio Ambiente (MAPAMA), [&hellip;]\" \/>\n<meta property=\"og:url\" content=\"https:\/\/patagoniambiental.com.ar\/info\/en-europa-buscan-soluciones-para-la-gestion-integral-y-sostenible-del-agua\/\" \/>\n<meta property=\"og:site_name\" content=\"Patagonia Ambiental\" \/>\n<meta property=\"article:publisher\" content=\"https:\/\/www.facebook.com\/patagonia.ambiental\" \/>\n<meta property=\"article:author\" content=\"https:\/\/www.facebook.com\/share\/1C1V8Gv9BX\/?mibextid=qi2Omg\" \/>\n<meta property=\"article:published_time\" content=\"2017-11-15T12:00:08+00:00\" \/>\n<meta property=\"og:image\" content=\"https:\/\/patagoniambiental.com.ar\/info\/wp-content\/uploads\/2017\/11\/buscna-agua.jpg\" \/>\n\t<meta property=\"og:image:width\" content=\"400\" \/>\n\t<meta property=\"og:image:height\" content=\"225\" \/>\n\t<meta property=\"og:image:type\" content=\"image\/jpeg\" \/>\n<meta name=\"author\" content=\"Patagonia Ambiental\" \/>\n<meta name=\"twitter:card\" content=\"summary_large_image\" \/>\n<meta name=\"twitter:creator\" content=\"@PatAmb\" \/>\n<meta name=\"twitter:site\" content=\"@PatAmb\" \/>\n<script type=\"application\/ld+json\" class=\"yoast-schema-graph\">{\"@context\":\"https:\\\/\\\/schema.org\",\"@graph\":[{\"@type\":\"Article\",\"@id\":\"https:\\\/\\\/patagoniambiental.com.ar\\\/info\\\/en-europa-buscan-soluciones-para-la-gestion-integral-y-sostenible-del-agua\\\/#article\",\"isPartOf\":{\"@id\":\"https:\\\/\\\/patagoniambiental.com.ar\\\/info\\\/en-europa-buscan-soluciones-para-la-gestion-integral-y-sostenible-del-agua\\\/\"},\"author\":{\"name\":\"Patagonia Ambiental\",\"@id\":\"https:\\\/\\\/patagoniambiental.com.ar\\\/info\\\/#\\\/schema\\\/person\\\/db12bff64bbcbf6a253710bf0ea37b5d\"},\"headline\":\"En Europa buscan soluciones para la gesti\u00f3n integral y sostenible del agua\",\"datePublished\":\"2017-11-15T12:00:08+00:00\",\"mainEntityOfPage\":{\"@id\":\"https:\\\/\\\/patagoniambiental.com.ar\\\/info\\\/en-europa-buscan-soluciones-para-la-gestion-integral-y-sostenible-del-agua\\\/\"},\"wordCount\":692,\"commentCount\":0,\"publisher\":{\"@id\":\"https:\\\/\\\/patagoniambiental.com.ar\\\/info\\\/#organization\"},\"image\":{\"@id\":\"https:\\\/\\\/patagoniambiental.com.ar\\\/info\\\/en-europa-buscan-soluciones-para-la-gestion-integral-y-sostenible-del-agua\\\/#primaryimage\"},\"thumbnailUrl\":\"https:\\\/\\\/patagoniambiental.com.ar\\\/info\\\/wp-content\\\/uploads\\\/2017\\\/11\\\/buscna-agua.jpg\",\"articleSection\":[\"Internacionales\",\"Noticias\"],\"inLanguage\":\"es\",\"potentialAction\":[{\"@type\":\"CommentAction\",\"name\":\"Comment\",\"target\":[\"https:\\\/\\\/patagoniambiental.com.ar\\\/info\\\/en-europa-buscan-soluciones-para-la-gestion-integral-y-sostenible-del-agua\\\/#respond\"]}]},{\"@type\":\"WebPage\",\"@id\":\"https:\\\/\\\/patagoniambiental.com.ar\\\/info\\\/en-europa-buscan-soluciones-para-la-gestion-integral-y-sostenible-del-agua\\\/\",\"url\":\"https:\\\/\\\/patagoniambiental.com.ar\\\/info\\\/en-europa-buscan-soluciones-para-la-gestion-integral-y-sostenible-del-agua\\\/\",\"name\":\"En Europa buscan soluciones para la gesti\u00f3n integral y sostenible del agua\",\"isPartOf\":{\"@id\":\"https:\\\/\\\/patagoniambiental.com.ar\\\/info\\\/#website\"},\"primaryImageOfPage\":{\"@id\":\"https:\\\/\\\/patagoniambiental.com.ar\\\/info\\\/en-europa-buscan-soluciones-para-la-gestion-integral-y-sostenible-del-agua\\\/#primaryimage\"},\"image\":{\"@id\":\"https:\\\/\\\/patagoniambiental.com.ar\\\/info\\\/en-europa-buscan-soluciones-para-la-gestion-integral-y-sostenible-del-agua\\\/#primaryimage\"},\"thumbnailUrl\":\"https:\\\/\\\/patagoniambiental.com.ar\\\/info\\\/wp-content\\\/uploads\\\/2017\\\/11\\\/buscna-agua.jpg\",\"datePublished\":\"2017-11-15T12:00:08+00:00\",\"breadcrumb\":{\"@id\":\"https:\\\/\\\/patagoniambiental.com.ar\\\/info\\\/en-europa-buscan-soluciones-para-la-gestion-integral-y-sostenible-del-agua\\\/#breadcrumb\"},\"inLanguage\":\"es\",\"potentialAction\":[{\"@type\":\"ReadAction\",\"target\":[\"https:\\\/\\\/patagoniambiental.com.ar\\\/info\\\/en-europa-buscan-soluciones-para-la-gestion-integral-y-sostenible-del-agua\\\/\"]}]},{\"@type\":\"ImageObject\",\"inLanguage\":\"es\",\"@id\":\"https:\\\/\\\/patagoniambiental.com.ar\\\/info\\\/en-europa-buscan-soluciones-para-la-gestion-integral-y-sostenible-del-agua\\\/#primaryimage\",\"url\":\"https:\\\/\\\/patagoniambiental.com.ar\\\/info\\\/wp-content\\\/uploads\\\/2017\\\/11\\\/buscna-agua.jpg\",\"contentUrl\":\"https:\\\/\\\/patagoniambiental.com.ar\\\/info\\\/wp-content\\\/uploads\\\/2017\\\/11\\\/buscna-agua.jpg\",\"width\":400,\"height\":225},{\"@type\":\"BreadcrumbList\",\"@id\":\"https:\\\/\\\/patagoniambiental.com.ar\\\/info\\\/en-europa-buscan-soluciones-para-la-gestion-integral-y-sostenible-del-agua\\\/#breadcrumb\",\"itemListElement\":[{\"@type\":\"ListItem\",\"position\":1,\"name\":\"Inicio\",\"item\":\"https:\\\/\\\/patagoniambiental.com.ar\\\/info\\\/\"},{\"@type\":\"ListItem\",\"position\":2,\"name\":\"En Europa buscan soluciones para la gesti\u00f3n integral y sostenible del agua\"}]},{\"@type\":\"WebSite\",\"@id\":\"https:\\\/\\\/patagoniambiental.com.ar\\\/info\\\/#website\",\"url\":\"https:\\\/\\\/patagoniambiental.com.ar\\\/info\\\/\",\"name\":\"Patagonia Ambiental\",\"description\":\"Monitoreo y an\u00e1lisis de la situaci\u00f3n geopol\u00edtica en el mundo y su implicancia en la Patagonia\",\"publisher\":{\"@id\":\"https:\\\/\\\/patagoniambiental.com.ar\\\/info\\\/#organization\"},\"potentialAction\":[{\"@type\":\"SearchAction\",\"target\":{\"@type\":\"EntryPoint\",\"urlTemplate\":\"https:\\\/\\\/patagoniambiental.com.ar\\\/info\\\/?s={search_term_string}\"},\"query-input\":{\"@type\":\"PropertyValueSpecification\",\"valueRequired\":true,\"valueName\":\"search_term_string\"}}],\"inLanguage\":\"es\"},{\"@type\":\"Organization\",\"@id\":\"https:\\\/\\\/patagoniambiental.com.ar\\\/info\\\/#organization\",\"name\":\"Patagonia Ambiental\",\"url\":\"https:\\\/\\\/patagoniambiental.com.ar\\\/info\\\/\",\"logo\":{\"@type\":\"ImageObject\",\"inLanguage\":\"es\",\"@id\":\"https:\\\/\\\/patagoniambiental.com.ar\\\/info\\\/#\\\/schema\\\/logo\\\/image\\\/\",\"url\":\"https:\\\/\\\/patagoniambiental.com.ar\\\/info\\\/wp-content\\\/uploads\\\/2025\\\/05\\\/LOGO-PATAGONIA-AMBIENTAL.png\",\"contentUrl\":\"https:\\\/\\\/patagoniambiental.com.ar\\\/info\\\/wp-content\\\/uploads\\\/2025\\\/05\\\/LOGO-PATAGONIA-AMBIENTAL.png\",\"width\":433,\"height\":250,\"caption\":\"Patagonia Ambiental\"},\"image\":{\"@id\":\"https:\\\/\\\/patagoniambiental.com.ar\\\/info\\\/#\\\/schema\\\/logo\\\/image\\\/\"},\"sameAs\":[\"https:\\\/\\\/www.facebook.com\\\/patagonia.ambiental\",\"https:\\\/\\\/x.com\\\/PatAmb\"]},{\"@type\":\"Person\",\"@id\":\"https:\\\/\\\/patagoniambiental.com.ar\\\/info\\\/#\\\/schema\\\/person\\\/db12bff64bbcbf6a253710bf0ea37b5d\",\"name\":\"Patagonia Ambiental\",\"description\":\"Andr\u00e9s Nievas T\u00e9cnico en manejo ambiental, consultor Ambiental y escritor para medios locales e internacionales sobre temas de geopolitica y medio ambiente.\",\"sameAs\":[\"http:\\\/\\\/www.patagoniambiental.com.ar\",\"https:\\\/\\\/www.facebook.com\\\/share\\\/1C1V8Gv9BX\\\/?mibextid=qi2Omg\",\"@patagoniambiental\",\"https:\\\/\\\/youtube.com\\\/@patagoniaambiental2023?si=BLt58t0wuXquxlYZ\"]}]}<\/script>\n<!-- \/ Yoast SEO Premium plugin. -->","yoast_head_json":{"title":"En Europa buscan soluciones para la gesti\u00f3n integral y sostenible del agua","robots":{"index":"index","follow":"follow","max-snippet":"max-snippet:-1","max-image-preview":"max-image-preview:large","max-video-preview":"max-video-preview:-1"},"canonical":"https:\/\/patagoniambiental.com.ar\/info\/en-europa-buscan-soluciones-para-la-gestion-integral-y-sostenible-del-agua\/","og_locale":"es_ES","og_type":"article","og_title":"En Europa buscan soluciones para la gesti\u00f3n integral y sostenible del agua","og_description":"VALLADOLID. &#8211; La Confederaci\u00f3n Hidrogr\u00e1fica del Duero, organismo adscrito al Ministerio de Agricultura y Pesca, Alimentaci\u00f3n y Medio Ambiente (MAPAMA), [&hellip;]","og_url":"https:\/\/patagoniambiental.com.ar\/info\/en-europa-buscan-soluciones-para-la-gestion-integral-y-sostenible-del-agua\/","og_site_name":"Patagonia Ambiental","article_publisher":"https:\/\/www.facebook.com\/patagonia.ambiental","article_author":"https:\/\/www.facebook.com\/share\/1C1V8Gv9BX\/?mibextid=qi2Omg","article_published_time":"2017-11-15T12:00:08+00:00","og_image":[{"width":400,"height":225,"url":"https:\/\/patagoniambiental.com.ar\/info\/wp-content\/uploads\/2017\/11\/buscna-agua.jpg","type":"image\/jpeg"}],"author":"Patagonia Ambiental","twitter_card":"summary_large_image","twitter_creator":"@PatAmb","twitter_site":"@PatAmb","schema":{"@context":"https:\/\/schema.org","@graph":[{"@type":"Article","@id":"https:\/\/patagoniambiental.com.ar\/info\/en-europa-buscan-soluciones-para-la-gestion-integral-y-sostenible-del-agua\/#article","isPartOf":{"@id":"https:\/\/patagoniambiental.com.ar\/info\/en-europa-buscan-soluciones-para-la-gestion-integral-y-sostenible-del-agua\/"},"author":{"name":"Patagonia Ambiental","@id":"https:\/\/patagoniambiental.com.ar\/info\/#\/schema\/person\/db12bff64bbcbf6a253710bf0ea37b5d"},"headline":"En Europa buscan soluciones para la gesti\u00f3n integral y sostenible del agua","datePublished":"2017-11-15T12:00:08+00:00","mainEntityOfPage":{"@id":"https:\/\/patagoniambiental.com.ar\/info\/en-europa-buscan-soluciones-para-la-gestion-integral-y-sostenible-del-agua\/"},"wordCount":692,"commentCount":0,"publisher":{"@id":"https:\/\/patagoniambiental.com.ar\/info\/#organization"},"image":{"@id":"https:\/\/patagoniambiental.com.ar\/info\/en-europa-buscan-soluciones-para-la-gestion-integral-y-sostenible-del-agua\/#primaryimage"},"thumbnailUrl":"https:\/\/patagoniambiental.com.ar\/info\/wp-content\/uploads\/2017\/11\/buscna-agua.jpg","articleSection":["Internacionales","Noticias"],"inLanguage":"es","potentialAction":[{"@type":"CommentAction","name":"Comment","target":["https:\/\/patagoniambiental.com.ar\/info\/en-europa-buscan-soluciones-para-la-gestion-integral-y-sostenible-del-agua\/#respond"]}]},{"@type":"WebPage","@id":"https:\/\/patagoniambiental.com.ar\/info\/en-europa-buscan-soluciones-para-la-gestion-integral-y-sostenible-del-agua\/","url":"https:\/\/patagoniambiental.com.ar\/info\/en-europa-buscan-soluciones-para-la-gestion-integral-y-sostenible-del-agua\/","name":"En Europa buscan soluciones para la gesti\u00f3n integral y sostenible del agua","isPartOf":{"@id":"https:\/\/patagoniambiental.com.ar\/info\/#website"},"primaryImageOfPage":{"@id":"https:\/\/patagoniambiental.com.ar\/info\/en-europa-buscan-soluciones-para-la-gestion-integral-y-sostenible-del-agua\/#primaryimage"},"image":{"@id":"https:\/\/patagoniambiental.com.ar\/info\/en-europa-buscan-soluciones-para-la-gestion-integral-y-sostenible-del-agua\/#primaryimage"},"thumbnailUrl":"https:\/\/patagoniambiental.com.ar\/info\/wp-content\/uploads\/2017\/11\/buscna-agua.jpg","datePublished":"2017-11-15T12:00:08+00:00","breadcrumb":{"@id":"https:\/\/patagoniambiental.com.ar\/info\/en-europa-buscan-soluciones-para-la-gestion-integral-y-sostenible-del-agua\/#breadcrumb"},"inLanguage":"es","potentialAction":[{"@type":"ReadAction","target":["https:\/\/patagoniambiental.com.ar\/info\/en-europa-buscan-soluciones-para-la-gestion-integral-y-sostenible-del-agua\/"]}]},{"@type":"ImageObject","inLanguage":"es","@id":"https:\/\/patagoniambiental.com.ar\/info\/en-europa-buscan-soluciones-para-la-gestion-integral-y-sostenible-del-agua\/#primaryimage","url":"https:\/\/patagoniambiental.com.ar\/info\/wp-content\/uploads\/2017\/11\/buscna-agua.jpg","contentUrl":"https:\/\/patagoniambiental.com.ar\/info\/wp-content\/uploads\/2017\/11\/buscna-agua.jpg","width":400,"height":225},{"@type":"BreadcrumbList","@id":"https:\/\/patagoniambiental.com.ar\/info\/en-europa-buscan-soluciones-para-la-gestion-integral-y-sostenible-del-agua\/#breadcrumb","itemListElement":[{"@type":"ListItem","position":1,"name":"Inicio","item":"https:\/\/patagoniambiental.com.ar\/info\/"},{"@type":"ListItem","position":2,"name":"En Europa buscan soluciones para la gesti\u00f3n integral y sostenible del agua"}]},{"@type":"WebSite","@id":"https:\/\/patagoniambiental.com.ar\/info\/#website","url":"https:\/\/patagoniambiental.com.ar\/info\/","name":"Patagonia Ambiental","description":"Monitoreo y an\u00e1lisis de la situaci\u00f3n geopol\u00edtica en el mundo y su implicancia en la Patagonia","publisher":{"@id":"https:\/\/patagoniambiental.com.ar\/info\/#organization"},"potentialAction":[{"@type":"SearchAction","target":{"@type":"EntryPoint","urlTemplate":"https:\/\/patagoniambiental.com.ar\/info\/?s={search_term_string}"},"query-input":{"@type":"PropertyValueSpecification","valueRequired":true,"valueName":"search_term_string"}}],"inLanguage":"es"},{"@type":"Organization","@id":"https:\/\/patagoniambiental.com.ar\/info\/#organization","name":"Patagonia Ambiental","url":"https:\/\/patagoniambiental.com.ar\/info\/","logo":{"@type":"ImageObject","inLanguage":"es","@id":"https:\/\/patagoniambiental.com.ar\/info\/#\/schema\/logo\/image\/","url":"https:\/\/patagoniambiental.com.ar\/info\/wp-content\/uploads\/2025\/05\/LOGO-PATAGONIA-AMBIENTAL.png","contentUrl":"https:\/\/patagoniambiental.com.ar\/info\/wp-content\/uploads\/2025\/05\/LOGO-PATAGONIA-AMBIENTAL.png","width":433,"height":250,"caption":"Patagonia Ambiental"},"image":{"@id":"https:\/\/patagoniambiental.com.ar\/info\/#\/schema\/logo\/image\/"},"sameAs":["https:\/\/www.facebook.com\/patagonia.ambiental","https:\/\/x.com\/PatAmb"]},{"@type":"Person","@id":"https:\/\/patagoniambiental.com.ar\/info\/#\/schema\/person\/db12bff64bbcbf6a253710bf0ea37b5d","name":"Patagonia Ambiental","description":"Andr\u00e9s Nievas T\u00e9cnico en manejo ambiental, consultor Ambiental y escritor para medios locales e internacionales sobre temas de geopolitica y medio ambiente.","sameAs":["http:\/\/www.patagoniambiental.com.ar","https:\/\/www.facebook.com\/share\/1C1V8Gv9BX\/?mibextid=qi2Omg","@patagoniambiental","https:\/\/youtube.com\/@patagoniaambiental2023?si=BLt58t0wuXquxlYZ"]}]}},"_links":{"self":[{"href":"https:\/\/patagoniambiental.com.ar\/info\/wp-json\/wp\/v2\/posts\/38238","targetHints":{"allow":["GET"]}}],"collection":[{"href":"https:\/\/patagoniambiental.com.ar\/info\/wp-json\/wp\/v2\/posts"}],"about":[{"href":"https:\/\/patagoniambiental.com.ar\/info\/wp-json\/wp\/v2\/types\/post"}],"author":[{"embeddable":true,"href":"https:\/\/patagoniambiental.com.ar\/info\/wp-json\/wp\/v2\/users\/2"}],"replies":[{"embeddable":true,"href":"https:\/\/patagoniambiental.com.ar\/info\/wp-json\/wp\/v2\/comments?post=38238"}],"version-history":[{"count":0,"href":"https:\/\/patagoniambiental.com.ar\/info\/wp-json\/wp\/v2\/posts\/38238\/revisions"}],"wp:featuredmedia":[{"embeddable":true,"href":"https:\/\/patagoniambiental.com.ar\/info\/wp-json\/wp\/v2\/media\/38239"}],"wp:attachment":[{"href":"https:\/\/patagoniambiental.com.ar\/info\/wp-json\/wp\/v2\/media?parent=38238"}],"wp:term":[{"taxonomy":"category","embeddable":true,"href":"https:\/\/patagoniambiental.com.ar\/info\/wp-json\/wp\/v2\/categories?post=38238"},{"taxonomy":"post_tag","embeddable":true,"href":"https:\/\/patagoniambiental.com.ar\/info\/wp-json\/wp\/v2\/tags?post=38238"}],"curies":[{"name":"wp","href":"https:\/\/api.w.org\/{rel}","templated":true}]}}