{"id":38265,"date":"2017-11-15T19:00:04","date_gmt":"2017-11-15T22:00:04","guid":{"rendered":"http:\/\/patagoniambiental.com.ar\/info\/?p=38265"},"modified":"2017-11-15T13:56:19","modified_gmt":"2017-11-15T16:56:19","slug":"el-gobierno-destaco-la-labor-de-efectivos-que-hoy-neutralizaron-una-bomba-en-un-pozo-petrolero-en-allen","status":"publish","type":"post","link":"https:\/\/patagoniambiental.com.ar\/info\/el-gobierno-destaco-la-labor-de-efectivos-que-hoy-neutralizaron-una-bomba-en-un-pozo-petrolero-en-allen\/","title":{"rendered":"El Gobierno destac\u00f3 la labor de efectivos que hoy neutralizaron una bomba en un pozo petrolero en Allen"},"content":{"rendered":"<p class=\"x_MsoNormal\"><i>Allen.-Efectivos de la Brigada de Explosivos que prestan servicios en el Cuartel de Bomberos de Allen arriesgaron hoy su vida para neutralizar un artefacto explosivo que hab\u00eda sido colocado por manifestantes mapuches en un pozo petrolero de YPF, en la zona rural de Allen.<\/i><\/p>\n<p class=\"x_MsoNormal\"><!--more--><\/p>\n<p class=\"x_MsoNormal\">El Gobierno de R\u00edo Negro destac\u00f3 la valent\u00eda y la formaci\u00f3n demostrada por los polic\u00edas, quienes prestan servicio en el Cuartel de Allen.<\/p>\n<p class=\"x_MsoNormal\">El explosivo se encontraba en una mochila, arriba de un zeppelin de gas natural. Consist\u00eda en una botella de combustible conectada a una bater\u00eda de 9 volts y un detonador casero realizado con una l\u00e1mpara, virulana como resistencia y un reloj.<\/p>\n<p class=\"x_MsoNormal\">Seg\u00fan expertos del cuartel de bomberos, se trataba de una bomba incendiaria que si bien estaba lista para ser detonada, sufri\u00f3 alg\u00fan tipo de falla que impidi\u00f3 este cometido. A su lado, se encontr\u00f3 un cartel exigiendo la liberaci\u00f3n del dirigente Facundo Jones Huala, l\u00edder del movimiento RAM.<\/p>\n<p class=\"x_MsoNormal\">Fue la guardia de seguridad del pozo petrolero quien hall\u00f3 la mochila en un lugar sospechoso. Inmediatamente se hizo un llamado al 911 y se dispar\u00f3 el dispositivo de emergencia.<\/p>\n<p class=\"x_MsoNormal\">Los bomberos llegaron al lugar r\u00e1pidamente y comenzaron a actuar. Participaron del operativo dos efectivos policiales que se desempe\u00f1an en el Cuartel de Bomberos Voluntarios de Allen. Luego se sum\u00f3 una dotaci\u00f3n, que lleg\u00f3 al lugar por seguridad.<\/p>\n<p class=\"x_MsoNormal\">Los efectivos que trabajaron en el desarme del artefacto integran la Brigada de Explosivos de la Polic\u00eda, conformada especialmente para estos casos y con asiento en Allen, Viedma, Roca y Cipolletti.<\/p>\n<p class=\"x_MsoNormal\">Estos agentes se capacitan continuamente. Justamente en estos d\u00edas, un integrante de la fuerza de seguridad provincial est\u00e1 participando de una serie de jornadas de formaci\u00f3n junto a la Polic\u00eda Armada de Punta Alta.<\/p>\n<p><b><span lang=\"ES-AR\">Fuente: GOBIERNO DE R\u00cdO NEGRO<\/span><\/b><\/p>\n","protected":false},"excerpt":{"rendered":"<p>Allen.-Efectivos de la Brigada de Explosivos que prestan servicios en el Cuartel de Bomberos de Allen arriesgaron hoy su vida [&hellip;]<\/p>\n","protected":false},"author":2,"featured_media":37353,"comment_status":"open","ping_status":"open","sticky":false,"template":"","format":"standard","meta":{"site-sidebar-layout":"default","site-content-layout":"","ast-site-content-layout":"default","site-content-style":"default","site-sidebar-style":"default","ast-global-header-display":"","ast-banner-title-visibility":"","ast-main-header-display":"","ast-hfb-above-header-display":"","ast-hfb-below-header-display":"","ast-hfb-mobile-header-display":"","site-post-title":"","ast-breadcrumbs-content":"","ast-featured-img":"","footer-sml-layout":"","ast-disable-related-posts":"","theme-transparent-header-meta":"","adv-header-id-meta":"","stick-header-meta":"","header-above-stick-meta":"","header-main-stick-meta":"","header-below-stick-meta":"","astra-migrate-meta-layouts":"default","ast-page-background-enabled":"default","ast-page-background-meta":{"desktop":{"background-color":"var(--ast-global-color-5)","background-image":"","background-repeat":"repeat","background-position":"center center","background-size":"auto","background-attachment":"scroll","background-type":"","background-media":"","overlay-type":"","overlay-color":"","overlay-opacity":"","overlay-gradient":""},"tablet":{"background-color":"","background-image":"","background-repeat":"repeat","background-position":"center center","background-size":"auto","background-attachment":"scroll","background-type":"","background-media":"","overlay-type":"","overlay-color":"","overlay-opacity":"","overlay-gradient":""},"mobile":{"background-color":"","background-image":"","background-repeat":"repeat","background-position":"center center","background-size":"auto","background-attachment":"scroll","background-type":"","background-media":"","overlay-type":"","overlay-color":"","overlay-opacity":"","overlay-gradient":""}},"ast-content-background-meta":{"desktop":{"background-color":"var(--ast-global-color-4)","background-image":"","background-repeat":"repeat","background-position":"center center","background-size":"auto","background-attachment":"scroll","background-type":"","background-media":"","overlay-type":"","overlay-color":"","overlay-opacity":"","overlay-gradient":""},"tablet":{"background-color":"var(--ast-global-color-4)","background-image":"","background-repeat":"repeat","background-position":"center center","background-size":"auto","background-attachment":"scroll","background-type":"","background-media":"","overlay-type":"","overlay-color":"","overlay-opacity":"","overlay-gradient":""},"mobile":{"background-color":"var(--ast-global-color-4)","background-image":"","background-repeat":"repeat","background-position":"center center","background-size":"auto","background-attachment":"scroll","background-type":"","background-media":"","overlay-type":"","overlay-color":"","overlay-opacity":"","overlay-gradient":""}},"footnotes":""},"categories":[1,13,14],"tags":[],"class_list":["post-38265","post","type-post","status-publish","format-standard","has-post-thumbnail","hentry","category-noticias","category-provinciales","category-rio-negro"],"yoast_head":"<!-- This site is optimized with the Yoast SEO Premium plugin v23.0 (Yoast SEO v27.4) - https:\/\/yoast.com\/product\/yoast-seo-premium-wordpress\/ -->\n<title>El Gobierno destac\u00f3 la labor de efectivos que hoy neutralizaron una bomba en un pozo petrolero en Allen<\/title>\n<meta name=\"robots\" content=\"index, follow, max-snippet:-1, max-image-preview:large, max-video-preview:-1\" \/>\n<link rel=\"canonical\" href=\"https:\/\/patagoniambiental.com.ar\/info\/el-gobierno-destaco-la-labor-de-efectivos-que-hoy-neutralizaron-una-bomba-en-un-pozo-petrolero-en-allen\/\" \/>\n<meta property=\"og:locale\" content=\"es_ES\" \/>\n<meta property=\"og:type\" content=\"article\" \/>\n<meta property=\"og:title\" content=\"El Gobierno destac\u00f3 la labor de efectivos que hoy neutralizaron una bomba en un pozo petrolero en Allen\" \/>\n<meta property=\"og:description\" content=\"Allen.-Efectivos de la Brigada de Explosivos que prestan servicios en el Cuartel de Bomberos de Allen arriesgaron hoy su vida [&hellip;]\" \/>\n<meta property=\"og:url\" content=\"https:\/\/patagoniambiental.com.ar\/info\/el-gobierno-destaco-la-labor-de-efectivos-que-hoy-neutralizaron-una-bomba-en-un-pozo-petrolero-en-allen\/\" \/>\n<meta property=\"og:site_name\" content=\"Patagonia Ambiental\" \/>\n<meta property=\"article:publisher\" content=\"https:\/\/www.facebook.com\/patagonia.ambiental\" \/>\n<meta property=\"article:author\" content=\"https:\/\/www.facebook.com\/share\/1C1V8Gv9BX\/?mibextid=qi2Omg\" \/>\n<meta property=\"article:published_time\" content=\"2017-11-15T22:00:04+00:00\" \/>\n<meta property=\"og:image\" content=\"https:\/\/patagoniambiental.com.ar\/info\/wp-content\/uploads\/2017\/10\/nofoto-3.jpg\" \/>\n\t<meta property=\"og:image:width\" content=\"924\" \/>\n\t<meta property=\"og:image:height\" content=\"616\" \/>\n\t<meta property=\"og:image:type\" content=\"image\/jpeg\" \/>\n<meta name=\"author\" content=\"Patagonia Ambiental\" \/>\n<meta name=\"twitter:card\" content=\"summary_large_image\" \/>\n<meta name=\"twitter:creator\" content=\"@PatAmb\" \/>\n<meta name=\"twitter:site\" content=\"@PatAmb\" \/>\n<script type=\"application\/ld+json\" class=\"yoast-schema-graph\">{\"@context\":\"https:\\\/\\\/schema.org\",\"@graph\":[{\"@type\":\"Article\",\"@id\":\"https:\\\/\\\/patagoniambiental.com.ar\\\/info\\\/el-gobierno-destaco-la-labor-de-efectivos-que-hoy-neutralizaron-una-bomba-en-un-pozo-petrolero-en-allen\\\/#article\",\"isPartOf\":{\"@id\":\"https:\\\/\\\/patagoniambiental.com.ar\\\/info\\\/el-gobierno-destaco-la-labor-de-efectivos-que-hoy-neutralizaron-una-bomba-en-un-pozo-petrolero-en-allen\\\/\"},\"author\":{\"name\":\"Patagonia Ambiental\",\"@id\":\"https:\\\/\\\/patagoniambiental.com.ar\\\/info\\\/#\\\/schema\\\/person\\\/db12bff64bbcbf6a253710bf0ea37b5d\"},\"headline\":\"El Gobierno destac\u00f3 la labor de efectivos que hoy neutralizaron una bomba en un pozo petrolero en Allen\",\"datePublished\":\"2017-11-15T22:00:04+00:00\",\"mainEntityOfPage\":{\"@id\":\"https:\\\/\\\/patagoniambiental.com.ar\\\/info\\\/el-gobierno-destaco-la-labor-de-efectivos-que-hoy-neutralizaron-una-bomba-en-un-pozo-petrolero-en-allen\\\/\"},\"wordCount\":331,\"commentCount\":0,\"publisher\":{\"@id\":\"https:\\\/\\\/patagoniambiental.com.ar\\\/info\\\/#organization\"},\"image\":{\"@id\":\"https:\\\/\\\/patagoniambiental.com.ar\\\/info\\\/el-gobierno-destaco-la-labor-de-efectivos-que-hoy-neutralizaron-una-bomba-en-un-pozo-petrolero-en-allen\\\/#primaryimage\"},\"thumbnailUrl\":\"https:\\\/\\\/patagoniambiental.com.ar\\\/info\\\/wp-content\\\/uploads\\\/2017\\\/10\\\/nofoto-3.jpg\",\"articleSection\":[\"Noticias\",\"Provinciales\",\"R\u00edo Negro\"],\"inLanguage\":\"es\",\"potentialAction\":[{\"@type\":\"CommentAction\",\"name\":\"Comment\",\"target\":[\"https:\\\/\\\/patagoniambiental.com.ar\\\/info\\\/el-gobierno-destaco-la-labor-de-efectivos-que-hoy-neutralizaron-una-bomba-en-un-pozo-petrolero-en-allen\\\/#respond\"]}]},{\"@type\":\"WebPage\",\"@id\":\"https:\\\/\\\/patagoniambiental.com.ar\\\/info\\\/el-gobierno-destaco-la-labor-de-efectivos-que-hoy-neutralizaron-una-bomba-en-un-pozo-petrolero-en-allen\\\/\",\"url\":\"https:\\\/\\\/patagoniambiental.com.ar\\\/info\\\/el-gobierno-destaco-la-labor-de-efectivos-que-hoy-neutralizaron-una-bomba-en-un-pozo-petrolero-en-allen\\\/\",\"name\":\"El Gobierno destac\u00f3 la labor de efectivos que hoy neutralizaron una bomba en un pozo petrolero en Allen\",\"isPartOf\":{\"@id\":\"https:\\\/\\\/patagoniambiental.com.ar\\\/info\\\/#website\"},\"primaryImageOfPage\":{\"@id\":\"https:\\\/\\\/patagoniambiental.com.ar\\\/info\\\/el-gobierno-destaco-la-labor-de-efectivos-que-hoy-neutralizaron-una-bomba-en-un-pozo-petrolero-en-allen\\\/#primaryimage\"},\"image\":{\"@id\":\"https:\\\/\\\/patagoniambiental.com.ar\\\/info\\\/el-gobierno-destaco-la-labor-de-efectivos-que-hoy-neutralizaron-una-bomba-en-un-pozo-petrolero-en-allen\\\/#primaryimage\"},\"thumbnailUrl\":\"https:\\\/\\\/patagoniambiental.com.ar\\\/info\\\/wp-content\\\/uploads\\\/2017\\\/10\\\/nofoto-3.jpg\",\"datePublished\":\"2017-11-15T22:00:04+00:00\",\"breadcrumb\":{\"@id\":\"https:\\\/\\\/patagoniambiental.com.ar\\\/info\\\/el-gobierno-destaco-la-labor-de-efectivos-que-hoy-neutralizaron-una-bomba-en-un-pozo-petrolero-en-allen\\\/#breadcrumb\"},\"inLanguage\":\"es\",\"potentialAction\":[{\"@type\":\"ReadAction\",\"target\":[\"https:\\\/\\\/patagoniambiental.com.ar\\\/info\\\/el-gobierno-destaco-la-labor-de-efectivos-que-hoy-neutralizaron-una-bomba-en-un-pozo-petrolero-en-allen\\\/\"]}]},{\"@type\":\"ImageObject\",\"inLanguage\":\"es\",\"@id\":\"https:\\\/\\\/patagoniambiental.com.ar\\\/info\\\/el-gobierno-destaco-la-labor-de-efectivos-que-hoy-neutralizaron-una-bomba-en-un-pozo-petrolero-en-allen\\\/#primaryimage\",\"url\":\"https:\\\/\\\/patagoniambiental.com.ar\\\/info\\\/wp-content\\\/uploads\\\/2017\\\/10\\\/nofoto-3.jpg\",\"contentUrl\":\"https:\\\/\\\/patagoniambiental.com.ar\\\/info\\\/wp-content\\\/uploads\\\/2017\\\/10\\\/nofoto-3.jpg\",\"width\":900,\"height\":600},{\"@type\":\"BreadcrumbList\",\"@id\":\"https:\\\/\\\/patagoniambiental.com.ar\\\/info\\\/el-gobierno-destaco-la-labor-de-efectivos-que-hoy-neutralizaron-una-bomba-en-un-pozo-petrolero-en-allen\\\/#breadcrumb\",\"itemListElement\":[{\"@type\":\"ListItem\",\"position\":1,\"name\":\"Inicio\",\"item\":\"https:\\\/\\\/patagoniambiental.com.ar\\\/info\\\/\"},{\"@type\":\"ListItem\",\"position\":2,\"name\":\"El Gobierno destac\u00f3 la labor de efectivos que hoy neutralizaron una bomba en un pozo petrolero en Allen\"}]},{\"@type\":\"WebSite\",\"@id\":\"https:\\\/\\\/patagoniambiental.com.ar\\\/info\\\/#website\",\"url\":\"https:\\\/\\\/patagoniambiental.com.ar\\\/info\\\/\",\"name\":\"Patagonia Ambiental\",\"description\":\"Monitoreo y an\u00e1lisis de la situaci\u00f3n geopol\u00edtica en el mundo y su implicancia en la Patagonia\",\"publisher\":{\"@id\":\"https:\\\/\\\/patagoniambiental.com.ar\\\/info\\\/#organization\"},\"potentialAction\":[{\"@type\":\"SearchAction\",\"target\":{\"@type\":\"EntryPoint\",\"urlTemplate\":\"https:\\\/\\\/patagoniambiental.com.ar\\\/info\\\/?s={search_term_string}\"},\"query-input\":{\"@type\":\"PropertyValueSpecification\",\"valueRequired\":true,\"valueName\":\"search_term_string\"}}],\"inLanguage\":\"es\"},{\"@type\":\"Organization\",\"@id\":\"https:\\\/\\\/patagoniambiental.com.ar\\\/info\\\/#organization\",\"name\":\"Patagonia Ambiental\",\"url\":\"https:\\\/\\\/patagoniambiental.com.ar\\\/info\\\/\",\"logo\":{\"@type\":\"ImageObject\",\"inLanguage\":\"es\",\"@id\":\"https:\\\/\\\/patagoniambiental.com.ar\\\/info\\\/#\\\/schema\\\/logo\\\/image\\\/\",\"url\":\"https:\\\/\\\/patagoniambiental.com.ar\\\/info\\\/wp-content\\\/uploads\\\/2025\\\/05\\\/LOGO-PATAGONIA-AMBIENTAL.png\",\"contentUrl\":\"https:\\\/\\\/patagoniambiental.com.ar\\\/info\\\/wp-content\\\/uploads\\\/2025\\\/05\\\/LOGO-PATAGONIA-AMBIENTAL.png\",\"width\":433,\"height\":250,\"caption\":\"Patagonia Ambiental\"},\"image\":{\"@id\":\"https:\\\/\\\/patagoniambiental.com.ar\\\/info\\\/#\\\/schema\\\/logo\\\/image\\\/\"},\"sameAs\":[\"https:\\\/\\\/www.facebook.com\\\/patagonia.ambiental\",\"https:\\\/\\\/x.com\\\/PatAmb\"]},{\"@type\":\"Person\",\"@id\":\"https:\\\/\\\/patagoniambiental.com.ar\\\/info\\\/#\\\/schema\\\/person\\\/db12bff64bbcbf6a253710bf0ea37b5d\",\"name\":\"Patagonia Ambiental\",\"description\":\"Andr\u00e9s Nievas T\u00e9cnico en manejo ambiental, consultor Ambiental y escritor para medios locales e internacionales sobre temas de geopolitica y medio ambiente.\",\"sameAs\":[\"http:\\\/\\\/www.patagoniambiental.com.ar\",\"https:\\\/\\\/www.facebook.com\\\/share\\\/1C1V8Gv9BX\\\/?mibextid=qi2Omg\",\"@patagoniambiental\",\"https:\\\/\\\/youtube.com\\\/@patagoniaambiental2023?si=BLt58t0wuXquxlYZ\"]}]}<\/script>\n<!-- \/ Yoast SEO Premium plugin. -->","yoast_head_json":{"title":"El Gobierno destac\u00f3 la labor de efectivos que hoy neutralizaron una bomba en un pozo petrolero en Allen","robots":{"index":"index","follow":"follow","max-snippet":"max-snippet:-1","max-image-preview":"max-image-preview:large","max-video-preview":"max-video-preview:-1"},"canonical":"https:\/\/patagoniambiental.com.ar\/info\/el-gobierno-destaco-la-labor-de-efectivos-que-hoy-neutralizaron-una-bomba-en-un-pozo-petrolero-en-allen\/","og_locale":"es_ES","og_type":"article","og_title":"El Gobierno destac\u00f3 la labor de efectivos que hoy neutralizaron una bomba en un pozo petrolero en Allen","og_description":"Allen.-Efectivos de la Brigada de Explosivos que prestan servicios en el Cuartel de Bomberos de Allen arriesgaron hoy su vida [&hellip;]","og_url":"https:\/\/patagoniambiental.com.ar\/info\/el-gobierno-destaco-la-labor-de-efectivos-que-hoy-neutralizaron-una-bomba-en-un-pozo-petrolero-en-allen\/","og_site_name":"Patagonia Ambiental","article_publisher":"https:\/\/www.facebook.com\/patagonia.ambiental","article_author":"https:\/\/www.facebook.com\/share\/1C1V8Gv9BX\/?mibextid=qi2Omg","article_published_time":"2017-11-15T22:00:04+00:00","og_image":[{"width":924,"height":616,"url":"https:\/\/patagoniambiental.com.ar\/info\/wp-content\/uploads\/2017\/10\/nofoto-3.jpg","type":"image\/jpeg"}],"author":"Patagonia Ambiental","twitter_card":"summary_large_image","twitter_creator":"@PatAmb","twitter_site":"@PatAmb","schema":{"@context":"https:\/\/schema.org","@graph":[{"@type":"Article","@id":"https:\/\/patagoniambiental.com.ar\/info\/el-gobierno-destaco-la-labor-de-efectivos-que-hoy-neutralizaron-una-bomba-en-un-pozo-petrolero-en-allen\/#article","isPartOf":{"@id":"https:\/\/patagoniambiental.com.ar\/info\/el-gobierno-destaco-la-labor-de-efectivos-que-hoy-neutralizaron-una-bomba-en-un-pozo-petrolero-en-allen\/"},"author":{"name":"Patagonia Ambiental","@id":"https:\/\/patagoniambiental.com.ar\/info\/#\/schema\/person\/db12bff64bbcbf6a253710bf0ea37b5d"},"headline":"El Gobierno destac\u00f3 la labor de efectivos que hoy neutralizaron una bomba en un pozo petrolero en Allen","datePublished":"2017-11-15T22:00:04+00:00","mainEntityOfPage":{"@id":"https:\/\/patagoniambiental.com.ar\/info\/el-gobierno-destaco-la-labor-de-efectivos-que-hoy-neutralizaron-una-bomba-en-un-pozo-petrolero-en-allen\/"},"wordCount":331,"commentCount":0,"publisher":{"@id":"https:\/\/patagoniambiental.com.ar\/info\/#organization"},"image":{"@id":"https:\/\/patagoniambiental.com.ar\/info\/el-gobierno-destaco-la-labor-de-efectivos-que-hoy-neutralizaron-una-bomba-en-un-pozo-petrolero-en-allen\/#primaryimage"},"thumbnailUrl":"https:\/\/patagoniambiental.com.ar\/info\/wp-content\/uploads\/2017\/10\/nofoto-3.jpg","articleSection":["Noticias","Provinciales","R\u00edo Negro"],"inLanguage":"es","potentialAction":[{"@type":"CommentAction","name":"Comment","target":["https:\/\/patagoniambiental.com.ar\/info\/el-gobierno-destaco-la-labor-de-efectivos-que-hoy-neutralizaron-una-bomba-en-un-pozo-petrolero-en-allen\/#respond"]}]},{"@type":"WebPage","@id":"https:\/\/patagoniambiental.com.ar\/info\/el-gobierno-destaco-la-labor-de-efectivos-que-hoy-neutralizaron-una-bomba-en-un-pozo-petrolero-en-allen\/","url":"https:\/\/patagoniambiental.com.ar\/info\/el-gobierno-destaco-la-labor-de-efectivos-que-hoy-neutralizaron-una-bomba-en-un-pozo-petrolero-en-allen\/","name":"El Gobierno destac\u00f3 la labor de efectivos que hoy neutralizaron una bomba en un pozo petrolero en Allen","isPartOf":{"@id":"https:\/\/patagoniambiental.com.ar\/info\/#website"},"primaryImageOfPage":{"@id":"https:\/\/patagoniambiental.com.ar\/info\/el-gobierno-destaco-la-labor-de-efectivos-que-hoy-neutralizaron-una-bomba-en-un-pozo-petrolero-en-allen\/#primaryimage"},"image":{"@id":"https:\/\/patagoniambiental.com.ar\/info\/el-gobierno-destaco-la-labor-de-efectivos-que-hoy-neutralizaron-una-bomba-en-un-pozo-petrolero-en-allen\/#primaryimage"},"thumbnailUrl":"https:\/\/patagoniambiental.com.ar\/info\/wp-content\/uploads\/2017\/10\/nofoto-3.jpg","datePublished":"2017-11-15T22:00:04+00:00","breadcrumb":{"@id":"https:\/\/patagoniambiental.com.ar\/info\/el-gobierno-destaco-la-labor-de-efectivos-que-hoy-neutralizaron-una-bomba-en-un-pozo-petrolero-en-allen\/#breadcrumb"},"inLanguage":"es","potentialAction":[{"@type":"ReadAction","target":["https:\/\/patagoniambiental.com.ar\/info\/el-gobierno-destaco-la-labor-de-efectivos-que-hoy-neutralizaron-una-bomba-en-un-pozo-petrolero-en-allen\/"]}]},{"@type":"ImageObject","inLanguage":"es","@id":"https:\/\/patagoniambiental.com.ar\/info\/el-gobierno-destaco-la-labor-de-efectivos-que-hoy-neutralizaron-una-bomba-en-un-pozo-petrolero-en-allen\/#primaryimage","url":"https:\/\/patagoniambiental.com.ar\/info\/wp-content\/uploads\/2017\/10\/nofoto-3.jpg","contentUrl":"https:\/\/patagoniambiental.com.ar\/info\/wp-content\/uploads\/2017\/10\/nofoto-3.jpg","width":900,"height":600},{"@type":"BreadcrumbList","@id":"https:\/\/patagoniambiental.com.ar\/info\/el-gobierno-destaco-la-labor-de-efectivos-que-hoy-neutralizaron-una-bomba-en-un-pozo-petrolero-en-allen\/#breadcrumb","itemListElement":[{"@type":"ListItem","position":1,"name":"Inicio","item":"https:\/\/patagoniambiental.com.ar\/info\/"},{"@type":"ListItem","position":2,"name":"El Gobierno destac\u00f3 la labor de efectivos que hoy neutralizaron una bomba en un pozo petrolero en Allen"}]},{"@type":"WebSite","@id":"https:\/\/patagoniambiental.com.ar\/info\/#website","url":"https:\/\/patagoniambiental.com.ar\/info\/","name":"Patagonia Ambiental","description":"Monitoreo y an\u00e1lisis de la situaci\u00f3n geopol\u00edtica en el mundo y su implicancia en la Patagonia","publisher":{"@id":"https:\/\/patagoniambiental.com.ar\/info\/#organization"},"potentialAction":[{"@type":"SearchAction","target":{"@type":"EntryPoint","urlTemplate":"https:\/\/patagoniambiental.com.ar\/info\/?s={search_term_string}"},"query-input":{"@type":"PropertyValueSpecification","valueRequired":true,"valueName":"search_term_string"}}],"inLanguage":"es"},{"@type":"Organization","@id":"https:\/\/patagoniambiental.com.ar\/info\/#organization","name":"Patagonia Ambiental","url":"https:\/\/patagoniambiental.com.ar\/info\/","logo":{"@type":"ImageObject","inLanguage":"es","@id":"https:\/\/patagoniambiental.com.ar\/info\/#\/schema\/logo\/image\/","url":"https:\/\/patagoniambiental.com.ar\/info\/wp-content\/uploads\/2025\/05\/LOGO-PATAGONIA-AMBIENTAL.png","contentUrl":"https:\/\/patagoniambiental.com.ar\/info\/wp-content\/uploads\/2025\/05\/LOGO-PATAGONIA-AMBIENTAL.png","width":433,"height":250,"caption":"Patagonia Ambiental"},"image":{"@id":"https:\/\/patagoniambiental.com.ar\/info\/#\/schema\/logo\/image\/"},"sameAs":["https:\/\/www.facebook.com\/patagonia.ambiental","https:\/\/x.com\/PatAmb"]},{"@type":"Person","@id":"https:\/\/patagoniambiental.com.ar\/info\/#\/schema\/person\/db12bff64bbcbf6a253710bf0ea37b5d","name":"Patagonia Ambiental","description":"Andr\u00e9s Nievas T\u00e9cnico en manejo ambiental, consultor Ambiental y escritor para medios locales e internacionales sobre temas de geopolitica y medio ambiente.","sameAs":["http:\/\/www.patagoniambiental.com.ar","https:\/\/www.facebook.com\/share\/1C1V8Gv9BX\/?mibextid=qi2Omg","@patagoniambiental","https:\/\/youtube.com\/@patagoniaambiental2023?si=BLt58t0wuXquxlYZ"]}]}},"_links":{"self":[{"href":"https:\/\/patagoniambiental.com.ar\/info\/wp-json\/wp\/v2\/posts\/38265","targetHints":{"allow":["GET"]}}],"collection":[{"href":"https:\/\/patagoniambiental.com.ar\/info\/wp-json\/wp\/v2\/posts"}],"about":[{"href":"https:\/\/patagoniambiental.com.ar\/info\/wp-json\/wp\/v2\/types\/post"}],"author":[{"embeddable":true,"href":"https:\/\/patagoniambiental.com.ar\/info\/wp-json\/wp\/v2\/users\/2"}],"replies":[{"embeddable":true,"href":"https:\/\/patagoniambiental.com.ar\/info\/wp-json\/wp\/v2\/comments?post=38265"}],"version-history":[{"count":0,"href":"https:\/\/patagoniambiental.com.ar\/info\/wp-json\/wp\/v2\/posts\/38265\/revisions"}],"wp:featuredmedia":[{"embeddable":true,"href":"https:\/\/patagoniambiental.com.ar\/info\/wp-json\/wp\/v2\/media\/37353"}],"wp:attachment":[{"href":"https:\/\/patagoniambiental.com.ar\/info\/wp-json\/wp\/v2\/media?parent=38265"}],"wp:term":[{"taxonomy":"category","embeddable":true,"href":"https:\/\/patagoniambiental.com.ar\/info\/wp-json\/wp\/v2\/categories?post=38265"},{"taxonomy":"post_tag","embeddable":true,"href":"https:\/\/patagoniambiental.com.ar\/info\/wp-json\/wp\/v2\/tags?post=38265"}],"curies":[{"name":"wp","href":"https:\/\/api.w.org\/{rel}","templated":true}]}}