{"id":38287,"date":"2017-11-18T19:00:17","date_gmt":"2017-11-18T22:00:17","guid":{"rendered":"http:\/\/patagoniambiental.com.ar\/info\/?p=38287"},"modified":"2017-11-16T17:55:11","modified_gmt":"2017-11-16T20:55:11","slug":"volver-a-ser-los-retos-de-la-comunidad-mapuche-en-argentina","status":"publish","type":"post","link":"https:\/\/patagoniambiental.com.ar\/info\/volver-a-ser-los-retos-de-la-comunidad-mapuche-en-argentina\/","title":{"rendered":"\u00abVolver a ser\u00bb: los retos de la comunidad mapuche en Argentina\u00a0"},"content":{"rendered":"<div class=\"l-wrap\">\n<div class=\"b-header\">\n<div class=\"b-article__header\">\n<div class=\"b-article__header-title \">\n<p>Neuqu\u00e9n.-El mapuche es uno de los m\u00e1s de 522 pueblos que habitan el continente americano desde la Patagonia hasta el norte de M\u00e9xico, incluyendo lugares tan remotos como la isla de Pascua.<\/p>\n<p><!--more--><\/p>\n<p>Y a pesar de que, seg\u00fan los datos recopilados por el Banco Mundial, esta cifra engloba a m\u00e1s de 42 millones de personas, sus voces han sido hist\u00f3ricamente silenciadas.<\/p>\n<\/div>\n<div class=\"b-article__header-copy\">\u00a9 AP Photo\/ Luis Hidalgo<\/div>\n<\/div>\n<\/div>\n<\/div>\n<p>&nbsp;<\/p>\n<div class=\"l-main m-oh\">\n<div class=\"l-wrap m-clear\">\n<div class=\"l-maincolumn m-static\">\n<div class=\"b-article\">\n<div class=\"b-article__refs-text\">\n<p><a class=\"b-article__refs-rubric\" href=\"https:\/\/mundo.sputniknews.com\/reportajes\/\">REPORTAJES<\/a><\/p>\n<div class=\"b-article__refs-credits\"><time class=\"b-article__refs-date\" datetime=\"2017-11-10T15:07\">15:07 10.11.2017<\/time><time class=\"b-article__refs-date-upd\" datetime=\"2017-11-12T11:51\">(actualizada a las 11:51 12.11.2017)<\/time><span id=\"getShortUrl\" class=\"b-article__refs-getshorturl\" data-article=\"1073868812\">URL corto<\/span><\/div>\n<div class=\"b-counters \"><a class=\"b-counters-icon b-counters-icon_comments\" href=\"https:\/\/mundo.sputniknews.com\/reportajes\/201711101073868812-politica-america-latina-neuquen-pueblos-indigenas\/#comments\"><i><\/i>6<\/a><span class=\"b-counters-icon b-counters-icon_view\"><i><\/i>548<\/span><span class=\"b-counters-icon b-counters-icon_like\"><i><\/i>7<\/span><span class=\"b-counters-icon b-counters-icon_dislike\"><i><\/i>5<\/span><\/div>\n<\/div>\n<div class=\"b-article__lead\"><\/div>\n<div class=\"b-article__text\">\n<p>La peque\u00f1a caba\u00f1a de madera al pie de las monta\u00f1as alberga un tesoro \u00edntimo: el de la identidad mapuche. Una naci\u00f3n modesta en lo material y rica en lo espiritual que pelea por reencontrarse con su propia esencia en un mundo cada vez m\u00e1s esquivo y hostil.<\/p>\n<div class=\"b-inject m-inject-min\">\n<div class=\"b-inject__media\"><img fetchpriority=\"high\" decoding=\"async\" class=\"\" title=\"Un ind\u00edgena de Per\u00fa (archivo)\" src=\"https:\/\/cdnmundo2.img.sputniknews.com\/images\/106407\/23\/1064072399.jpg\" alt=\"Un ind\u00edgena de Per\u00fa (archivo)\" width=\"705\" height=\"375\" \/><\/div>\n<div class=\"b-inject__copy\">\u00a9 AFP 2017\/ ANDREW ALVAREZ<\/div>\n<div class=\"b-inject__content\"><a href=\"https:\/\/mundo.sputniknews.com\/sociedad\/201708091071453950-pueblos-originarios-festejo\/\">Tres voces, tres realidades: \u00bfc\u00f3mo viven los pueblos originarios su d\u00eda en Am\u00e9rica Latina?<\/a><\/div>\n<\/div>\n<p>Sputnik se adentr\u00f3 en tierras mapuches argentinas, m\u00e1s concretamente en la comunidad de Lof Quintriqueo, en un intento de que sus propuestas para la construcci\u00f3n de un Estado plurinacional sean escuchadas. Una de las dirigentes mapuches con m\u00e1s larga trayectoria, quien adem\u00e1s ha ejercido como defensora de su pueblo ante la ONU, Ver\u00f3nica Hullipan, nos relat\u00f3 con detalle los retos que enfrentan\u00a0\u2014y tambi\u00e9n los que ha superado\u2014 los mapuches. Ver\u00f3nica es integrante de la comunidad mapuche de Lof Kinxikew, al ser pareja del &#8216;lonko&#8217; (cacique) de la comunidad, Jos\u00e9 Quintriqueo.Mientras Ver\u00f3nica, como dice ella, &#8216;acomoda&#8217; el mate, habla de los retos superados, entre los que destaca la construcci\u00f3n de una identidad nacional mapuche, ser reconocidos a nivel p\u00fablico y la recuperaci\u00f3n de 70.000 hect\u00e1reas de tierra. Sin embargo, su mayor logro est\u00e1 en la decisi\u00f3n de \u00abvolver a ser\u00bb, de renacer como naci\u00f3n, y de contar para ello con el apoyo del pueblo argentino.<\/p>\n<div class=\"b-inject m-inject-free\">\n<div class=\"b-inject__media\">\n<div class=\"b-inject-foto\" data-src=\"https:\/\/cdnmundo1.img.sputniknews.com\/images\/107387\/27\/1073872760.jpg\" data-sub-html=\"Ver\u00f3nica Hullipan con el mate en su casa\"><img decoding=\"async\" class=\"\" title=\"Ver\u00f3nica Hullipan con el mate en su casa\" src=\"https:\/\/cdnmundo2.img.sputniknews.com\/images\/107387\/30\/1073873013.jpg\" alt=\"Ver\u00f3nica Hullipan con el mate en su casa\" width=\"1000\" height=\"750\" \/><\/div>\n<\/div>\n<div class=\"b-inject__copy\">\u00a9 SPUTNIK\/<\/div>\n<div class=\"b-inject__content\">Ver\u00f3nica Hullipan con el mate en su casa<\/div>\n<\/div>\n<p><strong>\u00abQueremos sacudirnos del machismo tan grosero que trajo el colonialismo\u00bb<\/strong><\/p>\n<p>Ver\u00f3nica, quien aparte de sus actividades en el seno de la Confederaci\u00f3n Mapuche del Neuqu\u00e9n trabaja en el proceso de coordinaci\u00f3n estrat\u00e9gica de las mujeres ind\u00edgenas a nivel continental, sostiene que en los 90, cuando floreci\u00f3 el proceso del despertar ind\u00edgena, hab\u00eda una muy d\u00e9bil participaci\u00f3n de la mujer: el Parlamento mapuche en Neuqu\u00e9n lo conformaban alrededor de 120 personas y solo una o dos eran mujeres.<\/p>\n<div class=\"b-inject m-inject-min\">\n<div class=\"b-inject__media\"><img decoding=\"async\" class=\"\" title=\"Una mujer ind\u00edgena (archivo)\" src=\"https:\/\/cdnmundo2.img.sputniknews.com\/images\/107145\/19\/1071451951.jpg\" alt=\"Una mujer ind\u00edgena (archivo)\" width=\"705\" height=\"375\" \/><\/div>\n<div class=\"b-inject__copy\"><a href=\"https:\/\/creativecommons.org\/publicdomain\/zero\/1.0\/\">CC0<\/a>\u00a0\/\u00a0<a href=\"https:\/\/pixabay.com\/en\/indigenous-cham%C3%AD-risaralda-people-1418748\/\">PIXABAY<\/a><\/div>\n<div class=\"b-inject__content\"><a href=\"https:\/\/mundo.sputniknews.com\/americalatina\/201708091071451738-buenos-aires-indigena-proteccion\/\">Organizaciones argentinas denuncian inminente caducidad de ley que protege a ind\u00edgenas<\/a><\/div>\n<\/div>\n<p>En su estructura social trabajan codo a codo con sus pares, explica, y, por lo tanto, consideraban que merec\u00edan ser reconocidas en ese sentido. En la d\u00e9cada de los 90, era dif\u00edcil encontrar un &#8216;lonko&#8217;\u00a0\u2014autoridad\u2014 mujer, la mayor\u00eda eran varones. En la actualidad hay &#8216;lonkos&#8217; mujeres y cada vez m\u00e1s.As\u00ed, en el a\u00f1o 92 empezaron las conversaciones sobre el tema y en el 95 fundaron lo que hoy se conoce como el Enlace Continental de Mujeres Ind\u00edgenas.<br \/>\nLas causas, declara Ver\u00f3nica, tienen su ra\u00edz en el proceso de colonizaci\u00f3n ideol\u00f3gica: \u00abTodas las culturas originarias, todas las culturas ind\u00edgenas del mundo, fueron atravesadas por uno de los vicios m\u00e1s graves: el machismo\u00bb.<\/p>\n<div class=\"b-inject m-inject-free\">\n<div class=\"b-inject__media\">\n<div class=\"b-inject-foto\" data-src=\"https:\/\/cdnmundo1.img.sputniknews.com\/images\/107387\/25\/1073872512.jpg\" data-sub-html=\"La trutruca, un aer\u00f3fono del g\u00e9nero de las trompetas, difundido principalmente entre los mapuches de Chile y Argentina\"><img loading=\"lazy\" decoding=\"async\" class=\"\" title=\"La trutruca, un aer\u00f3fono del g\u00e9nero de las trompetas, difundido principalmente entre los mapuches de Chile y Argentina\" src=\"https:\/\/cdnmundo1.img.sputniknews.com\/images\/107387\/34\/1073873486.jpg\" alt=\"La trutruca, un aer\u00f3fono del g\u00e9nero de las trompetas, difundido principalmente entre los mapuches de Chile y Argentina\" width=\"1000\" height=\"750\" \/><\/div>\n<\/div>\n<div class=\"b-inject__copy\">\u00a9 SPUTNIK\/<\/div>\n<div class=\"b-inject__content\">La trutruca, un aer\u00f3fono del g\u00e9nero de las trompetas, difundido principalmente entre los mapuches de Chile y Argentina<\/div>\n<\/div>\n<p><strong>Lea m\u00e1s aqu\u00ed:\u00a0<a href=\"https:\/\/mundo.sputniknews.com\/sociedad\/201708091071422844-mapuches-desaparecido-argentina-lucha\/\">\u00abHay una intenci\u00f3n de criminalizar la lucha del pueblo mapuche\u00bb<\/a><\/strong><\/p>\n<p class=\"marker-quote1\">\u00abNos dimos cuenta de que a las mujeres nos hab\u00edan dado un rol para estar dentro de la casa, hacer la comida, cuidar a los hijos y atender al marido y nada de contradecirlo porque el marido era la autoridad, el jefe. Necesit\u00e1bamos sacudirnos eso de encima y volver a fortalecer el rol de la mujer mapuche, una mujer din\u00e1mica en su sociedad\u00bb, sostiene Ver\u00f3nica, quien es tambi\u00e9n la responsable pol\u00edtica del Enlace Continental de Mujeres Ind\u00edgenas de Sudam\u00e9rica y una de las primeras mujeres mapuches en llegar a ser &#8216;werken&#8217; (portavoz).<\/p>\n<div class=\"b-inject m-inject-free\">\n<div class=\"b-inject__media\">\n<div class=\"b-inject-foto\" data-src=\"https:\/\/cdnmundo1.img.sputniknews.com\/images\/107387\/23\/1073872388.jpg\" data-sub-html=\"La bandera nacional de los mapuches\"><img loading=\"lazy\" decoding=\"async\" class=\"\" title=\"La bandera nacional de los mapuches\" src=\"https:\/\/cdnmundo2.img.sputniknews.com\/images\/107387\/30\/1073873039.jpg\" alt=\"La bandera nacional de los mapuches\" width=\"1000\" height=\"1332\" \/><\/div>\n<\/div>\n<div class=\"b-inject__copy\">\u00a9 SPUTNIK\/<\/div>\n<div class=\"b-inject__content\">La bandera nacional de los mapuches<\/div>\n<\/div>\n<p><strong>\u00bfLa naci\u00f3n mapuche dentro del Estado argentino o el Estado argentino en tierras mapuches?<\/strong><\/p>\n<div class=\"b-inject m-inject-min\">\n<div class=\"b-inject__media\"><img loading=\"lazy\" decoding=\"async\" class=\"\" title=\"Partidarios de independencia de Catalu\u00f1a y Pa\u00eds Vasco protestan con las banderas de sus regiones (archivo)\" src=\"https:\/\/cdnmundo2.img.sputniknews.com\/images\/104018\/89\/1040188921.jpg\" alt=\"Partidarios de independencia de Catalu\u00f1a y Pa\u00eds Vasco protestan con las banderas de sus regiones (archivo)\" width=\"705\" height=\"375\" \/><\/div>\n<div class=\"b-inject__copy\">\u00a9 AP PHOTO\/ ALVARO BARRIENTOS<\/div>\n<div class=\"b-inject__content\"><a href=\"https:\/\/mundo.sputniknews.com\/politica\/201710061072959279-soberanista-estado-independencia-separatismo-secesion\/\">\u00bfIndependentistas o separatistas? Seis pueblos que aspiran a la soberan\u00eda<\/a><\/div>\n<\/div>\n<p>Mientras Jos\u00e9 Quintriqueo ofrece mate en su agradable cocina mapuche, revestida de madera y decorada con detalles \u00e9tnicos, Ver\u00f3nica comenta tambi\u00e9n un problema a\u00f1adido, que es la relaci\u00f3n entre el Estado argentino y el pueblo mapuche. A diferencia de otros pueblos originarios de Am\u00e9rica, el proceso de colonizaci\u00f3n fue m\u00e1s duro tras la constituci\u00f3n del Estado argentino que tras la llegada de los europeos al continente.Con el Estado argentino se llev\u00f3 a cabo la Conquista del desierto\u00a0\u2014campa\u00f1a que buscaba la incorporaci\u00f3n del territorio mapuche a expensas de la vida de sus pobladores\u2014, que tuvo consecuencias catastr\u00f3ficas para este pueblo originario. Y con el Estado argentino los mapuches llegaron \u00abpor primera vez a sentir hambre, pobreza estructural\u00bb.<\/p>\n<div class=\"b-inject m-inject-free\">\n<div class=\"b-inject__slider touchcarousel\">\n<div class=\"lSSlideOuter\">\n<div class=\"lSSlideWrapper usingCss\">\n<ul class=\"b-inject__slider-list touchcarousel-container lightSlider lsGrab lSSlide\">\n<li class=\"touchcarousel-item lslide active\" data-src=\"https:\/\/cdnmundo1.img.sputniknews.com\/images\/107387\/21\/1073872124.jpg\" data-sub-html=\"Ver\u00f3nica Hullipan, una de las dirigentes mapuches\"><img loading=\"lazy\" decoding=\"async\" class=\"\" title=\"Ver\u00f3nica Hullipan, una de las dirigentes mapuches\" src=\"https:\/\/cdnmundo2.img.sputniknews.com\/images\/107387\/21\/1073872131.jpg\" alt=\"Ver\u00f3nica Hullipan, una de las dirigentes mapuches\" width=\"705\" height=\"375\" \/><\/li>\n<li class=\"touchcarousel-item lslide\" data-src=\"https:\/\/cdnmundo1.img.sputniknews.com\/images\/107387\/18\/1073871850.jpg\" data-sub-html=\"La vida cotidiana de los mapuches\"><img loading=\"lazy\" decoding=\"async\" class=\"\" title=\"La vida cotidiana de los mapuches\" src=\"https:\/\/cdnmundo2.img.sputniknews.com\/images\/107387\/18\/1073871857.jpg\" alt=\"La vida cotidiana de los mapuches\" width=\"705\" height=\"375\" \/><\/li>\n<li class=\"touchcarousel-item lslide\" data-src=\"https:\/\/cdnmundo1.img.sputniknews.com\/images\/107387\/19\/1073871994.jpg\" data-sub-html=\"La vida cotidiana de los mapuches\"><img loading=\"lazy\" decoding=\"async\" class=\"\" title=\"La vida cotidiana de los mapuches\" src=\"https:\/\/cdnmundo2.img.sputniknews.com\/images\/107387\/20\/1073872001.jpg\" alt=\"La vida cotidiana de los mapuches\" width=\"705\" height=\"375\" \/><\/li>\n<li class=\"touchcarousel-item lslide\" data-src=\"https:\/\/cdnmundo2.img.sputniknews.com\/images\/107387\/23\/1073872331.jpg\" data-sub-html=\"La bandera nacional de los mapuches\"><img loading=\"lazy\" decoding=\"async\" class=\"\" title=\"La bandera nacional de los mapuches\" src=\"https:\/\/cdnmundo1.img.sputniknews.com\/images\/107387\/23\/1073872338.jpg\" alt=\"La bandera nacional de los mapuches\" width=\"705\" height=\"375\" \/><\/li>\n<\/ul>\n<div class=\"lSAction\"><\/div>\n<\/div>\n<\/div>\n<div class=\"b-inject__slider-ctrl\"><span class=\"b-inject__slider-counter\"><span class=\"b-inject__slider-current\">1<\/span>\u00a0\/ 4<\/span><\/div>\n<\/div>\n<div id=\"injectCopy\" class=\"b-inject__copy\">\u00a9 SPUTNIK\/<\/div>\n<div id=\"injectTitle\" class=\"b-inject__content m-slider\">Ver\u00f3nica Hullipan, una de las dirigentes mapuches<\/div>\n<\/div>\n<p>El marido de Ver\u00f3nica, Jos\u00e9 Quintriqueo, hace un recuento hist\u00f3rico desde las primeras injusticias que sufri\u00f3 el pueblo mapuche por parte del Estado argentino hasta el d\u00eda de hoy, \u00abcon los amigos adinerados de [Mauricio] Macri, la usurpaci\u00f3n de sus territorios por parte de las petroleras y la contaminaci\u00f3n que aporta la extracci\u00f3n\u00bb.<\/p>\n<p><strong>\u00bfCu\u00e1nto territorio reclama la comunidad?<\/strong><\/p>\n<div class=\"b-inject m-inject-min\">\n<div class=\"b-inject__media\"><img loading=\"lazy\" decoding=\"async\" class=\"\" title=\"Un anciano del pueblo mapuche en Argentina\" src=\"https:\/\/cdnmundo1.img.sputniknews.com\/images\/105684\/64\/1056846400.jpg\" alt=\"Un anciano del pueblo mapuche en Argentina\" width=\"705\" height=\"375\" \/><\/div>\n<div class=\"b-inject__copy\">\u00a9 AP PHOTO\/ NATACHA PISARENKO<\/div>\n<div class=\"b-inject__content\"><a href=\"https:\/\/mundo.sputniknews.com\/americalatina\/201602171056844410-macrismo-arremete-contra-pueblos-indigenas\/\">El Macrismo arremete contra pueblos ind\u00edgenas<\/a><\/div>\n<\/div>\n<p>Ver\u00f3nica recuerda que Argentina est\u00e1 sobre territorio ind\u00edgena, que el Estado se instal\u00f3 sobre el territorio de m\u00e1s de 30 naciones, m\u00e1s de 30 pueblos originarios que viven en ese pa\u00eds. En el caso mapuche, la creaci\u00f3n por parte de la metr\u00f3poli de fronteras artificiales y la creaci\u00f3n de nuevos estados sobre sus territorios en el continente americano en la \u00e9poca de la Colonia signific\u00f3 la divisi\u00f3n de esa comunidad.\u00bbCuando vienen los Estados a imponerse sobre nuestros territorios nos parten por el medio, ellos deciden que all\u00e1 es\u00a0<a href=\"https:\/\/mundo.sputniknews.com\/firmas\/201706281070324879-chile-mapuche\/\">Chile<\/a>\u00a0y ac\u00e1 es Argentina [Puelmapu]. Y que todos los de all\u00e1 son chilenos y que todos los de ac\u00e1 somos argentinos. En el 90 dijimos: &#8216;No, no es as\u00ed&#8217;. Somos una naci\u00f3n, y el Estado tiene la obligaci\u00f3n de respetar esta naci\u00f3n. Por lo tanto, hicimos un reencuentro con nuestros hermanos del lado de MuluMapu [nombre en mapudung\u00fan de Chile] y empezamos a retomar la definici\u00f3n de naci\u00f3n\u00bb, a\u00f1ade.<\/p>\n<p><strong>Le puede interesar:\u00a0<a href=\"https:\/\/mundo.sputniknews.com\/americalatina\/201610281064443128-mapuches-politico-austriaco-tierras\/\">Mapuches: \u00abDirigente ultraderechista austr\u00edaco intenta usurpar tierras\u00bb<\/a><\/strong><\/p>\n<div class=\"b-inject m-inject-free\">\n<div class=\"b-inject__media\">\n<div class=\"b-inject-foto\" data-src=\"https:\/\/cdnmundo2.img.sputniknews.com\/images\/107387\/17\/1073871753.jpg\" data-sub-html=\"Territorio de los mapuches en Argentina\"><img loading=\"lazy\" decoding=\"async\" class=\"\" title=\"Territorio de los mapuches en Argentina\" src=\"https:\/\/cdnmundo2.img.sputniknews.com\/images\/107387\/29\/1073872943.jpg\" alt=\"Territorio de los mapuches en Argentina\" width=\"1000\" height=\"750\" \/><\/div>\n<\/div>\n<div class=\"b-inject__copy\">\u00a9 SPUTNIK\/<\/div>\n<div class=\"b-inject__content\">Territorio de los mapuches en Argentina<\/div>\n<\/div>\n<p><strong>El Estado argentino, \u00abuna organizaci\u00f3n social racista y monocultural\u00bb<\/strong><\/p>\n<div class=\"b-inject m-inject-min\">\n<div class=\"b-inject__media\"><img loading=\"lazy\" decoding=\"async\" class=\"\" title=\"La bandera de mapuche\" src=\"https:\/\/cdnmundo1.img.sputniknews.com\/images\/107145\/51\/1071455184.jpg\" alt=\"La bandera de mapuche\" width=\"705\" height=\"375\" \/><\/div>\n<div class=\"b-inject__copy\"><a href=\"https:\/\/creativecommons.org\/licenses\/by-sa\/2.0\/\">CC BY-SA 2.0<\/a>\u00a0\/\u00a0<a href=\"https:\/\/www.flickr.com\/photos\/onlinecarolonline\/\">CAROL CRISOSTO CADIZ<\/a>\u00a0\/\u00a0<a href=\"https:\/\/www.flickr.com\/photos\/onlinecarolonline\/5903673838\/in\/photolist-9ZFSxY-5c5xqu-o566gG-qyTz3m-ominJx-5c5yeC-bBhzF2-4gZYC1-4DiBrj-8Kn2RZ-CHSPWs-faJFCN-4AENhV-65csp6-bdmYcF-7hSUTK-7hSUjH-5c5yNf-8Kn2RV-azsvMv-dsoYTo-8DHf9K-7jCZA3-7hSRmT-7jz3Jk-7jCYb7-apepRb-VX3GhC-7RARh4-4h2bu3-dXsAsy-8m9dBZ-6RTQGd-7zuWeV-945C4x-cRARZW-7jCV7J-7hWNt9-bdn2Xg-EpaR7s-7hSTzg-pKxLU-8E9J8c-65SuVv-n5pGrY-bzhyeF-snQ3NM-bzhyDV-4gZQcu-dHv1Kc\">MARCHA APOYO COMUNEROS MAPUCHE SEPT.2010<\/a><\/div>\n<div class=\"b-inject__content\"><a href=\"https:\/\/mundo.sputniknews.com\/americalatina\/201708101071455208-mapuches-buenos-aires-ddhh\/\">\u00abEn Argentina hay una brecha entre los derechos de los pueblos ind\u00edgenas y su aplicaci\u00f3n\u00bb<\/a><\/div>\n<\/div>\n<p>Una de mayores paradojas respecto a su reconocimiento se encuentra en la carta fundacional del Estado argentino, donde, mientras la Constituci\u00f3n dice que los mapuches son preexistentes, por otro lado, el C\u00f3digo Procesal Penal los acusa de usurpadores de su propio territorio.\u00bbAl poner en evidencia estas contradicciones hicimos un llamado de atenci\u00f3n a un sistema, un modelo de organizaci\u00f3n social racista, monocultural, como es el Estado argentino. Y que eso no solo nos afectaba a nosotros, tambi\u00e9n llamamos la atenci\u00f3n de los argentinos para que revisaran como ciudadanos si estaban conformes con esa l\u00f3gica de sociedad que el Estado les instalaba, o si verdaderamente quer\u00edan atreverse a so\u00f1ar una nueva forma de vivir y una nueva forma de relacionarse con culturas distintas como nosotros, que somos los pueblos originarios\u00bb, explic\u00f3 a Sputnik la dirigente mapuche.<\/p>\n<p><strong>Adem\u00e1s:\u00a0<a href=\"https:\/\/mundo.sputniknews.com\/sociedad\/201708091071422844-mapuches-desaparecido-argentina-lucha\/\">\u00abHay una intenci\u00f3n de criminalizar la lucha del pueblo mapuche\u00bb<\/a><\/strong><\/p>\n<p>Con estas denuncias pretenden evidenciar que la falta de pol\u00edticas p\u00fablicas en Argentina basadas en el derecho ind\u00edgena es producto de este racismo institucionalizado y, seg\u00fan el pueblo mapuche, la soluci\u00f3n para este problema es la construcci\u00f3n de un Estado plurinacional, que permita que cada naci\u00f3n decida su propio destino y los mapuches puedan \u00abvolver a ser\u00bb.<\/p>\n<p><strong>El &#8216;k\u00fcme felen&#8217; o el buen vivir<\/strong><\/p>\n<p>Como Ver\u00f3nica expone, ese volver a ser no significa vivir de la manera que lo hac\u00edan sus antepasados 200 a\u00f1os atr\u00e1s. Para ellos el buen vivir, el &#8216;k\u00fcme felen&#8217; o equilibrio integral se asienta justamente en poder desarrollarse desde el punto de vista cultural, econ\u00f3mico y pol\u00edtico, bas\u00e1ndose en una relaci\u00f3n arm\u00f3nica y de respeto con su entorno. Que se reconozca y respete su estilo de vida y salvar su territorio para que las generaciones futuras puedan seguir viviendo de la manera que han decidido.<\/p>\n<p><strong>Lea tambi\u00e9n:\u00a0<a href=\"https:\/\/mundo.sputniknews.com\/sociedad\/201708301071955502-conflicto-mapuche-jones-huala-santiago-maldonado\/\">Qu\u00e9 hay detr\u00e1s del conflicto mapuche que tiene en vilo a Chile y Argentina<\/a><\/strong><\/p>\n<p>Esto explica el conflicto que enfrenta a los mapuches y a las empresas extractoras. Para esta comunidad, vivir en armon\u00eda con el medioambiente y preservar el planeta para las futuras generaciones es m\u00e1s importante que el enriquecimiento. Un reto colosal, especialmente si se toma en cuenta que en la provincia de Neuqu\u00e9n, donde viven la mayor\u00eda de los mapuches argentinos, se encuentra el prometedor yacimiento de hidrocarburos de esquistos Vaca Muerta.<\/p>\n<div class=\"b-inject m-inject-free\">\n<div class=\"b-inject__media\">\n<div class=\"b-inject-foto\" data-src=\"https:\/\/cdnmundo2.img.sputniknews.com\/images\/107387\/03\/1073870319.jpg\" data-sub-html=\"Jos\u00e9 Quintriqueo y Ver\u00f3nica Hullipan, unos de los dirigentes mapuches\"><img loading=\"lazy\" decoding=\"async\" class=\"\" title=\"Jos\u00e9 Quintriqueo y Ver\u00f3nica Hullipan, unos de los dirigentes mapuches\" src=\"https:\/\/cdnmundo2.img.sputniknews.com\/images\/107387\/03\/1073870351.jpg\" alt=\"Jos\u00e9 Quintriqueo y Ver\u00f3nica Hullipan, unos de los dirigentes mapuches\" width=\"1000\" height=\"750\" \/><\/div>\n<\/div>\n<div class=\"b-inject__copy\">\u00a9 SPUTNIK\/<\/div>\n<div class=\"b-inject__content\">Jos\u00e9 Quintriqueo y Ver\u00f3nica Hullipan, unos de los dirigentes mapuches<\/div>\n<\/div>\n<p>Sin embargo, Ver\u00f3nica y Jos\u00e9 reconocen que el problema no es con las compa\u00f1\u00edas, sino con el Estado que permite que estas empresas trabajen en este territorio, y de ah\u00ed la necesidad de negociar.<\/p>\n<p><strong>Proyectos end\u00f3genos y proyectos impuestos<\/strong><\/p>\n<p>El proceso de negociaci\u00f3n con el Estado ha conducido a interesantes proyectos, como es el del Comanejo, una especie de poder dual para manejar los territorios donde habitan las comunidades originarias. Sin embrago, existen contradicciones como la alternativa que Parques Nacionales les ofrece para el desarrollo de la regi\u00f3n: el turismo con identidad, una estrategia del Banco Interamericano de Desarrollo por la cual, de acuerdo con la dirigente mapuche, se introduce dinero dentro de los territorios ind\u00edgenas para despu\u00e9s hacer entrar a las compa\u00f1\u00edas extractoras a los territorios comunitarios.<\/p>\n<p class=\"marker-quote1\">\u00abNo queremos ese turismo que nos mandan hoy, que es el turismo invasivo, que es el turismo da\u00f1ino, que es el turismo que viene con la excusa de la foto al mejor paisaje y al d\u00eda siguiente llega la especulaci\u00f3n inmobiliaria para ofrecer el dinero y reventar este espacio. Eso no lo queremos. Entonces, \u00bfnos va a costar? \u00a1Claro que nos va a costar! Desde el punto de vista econ\u00f3mico, \u00a1claro que nos cuesta!, \u00a1claro que tenemos nuestra gente empobrecida!, estamos tremendamente empobrecidos materialmente, pero estamos inmersos en un territorio tremendamente rico\u00bb.<\/p>\n<div class=\"b-inject m-inject-free\">\n<div class=\"b-inject__media\">\n<div class=\"b-inject-foto\" data-src=\"https:\/\/cdnmundo2.img.sputniknews.com\/images\/107387\/22\/1073872219.jpg\" data-sub-html=\"Ver\u00f3nica Hullipan, una de las dirigentes mapuches\"><img loading=\"lazy\" decoding=\"async\" class=\"\" title=\"Ver\u00f3nica Hullipan, una de las dirigentes mapuches\" src=\"https:\/\/cdnmundo1.img.sputniknews.com\/images\/107387\/29\/1073872968.jpg\" alt=\"Ver\u00f3nica Hullipan, una de las dirigentes mapuches\" width=\"1000\" height=\"750\" \/><\/div>\n<\/div>\n<div class=\"b-inject__copy\">\u00a9 SPUTNIK\/<\/div>\n<div class=\"b-inject__content\">Ver\u00f3nica Hullipan, una de las dirigentes mapuches<\/div>\n<\/div>\n<p>Por eso, los proyectos elaborados directamente por la comunidad est\u00e1n basados en un turismo responsable. Quieren crear un predio ferial, construir distintos puestos de venta de productos propios de la comunidad, un comedor tipo restaurante con comidas tradicionales, crear una escuela de la comunidad y construir un centro comunitario para que vengan m\u00e9dicos tambi\u00e9n estatales, pero en coordinaci\u00f3n con el conocimiento propio.<\/p>\n<p><strong>\u00abHay que llegar, primero hay que llegar\u2026\u00bb<\/strong><\/p>\n<div class=\"b-inject m-inject-min\">\n<div class=\"b-inject__media\"><img loading=\"lazy\" decoding=\"async\" class=\"\" title=\"Una mujer mapuche\" src=\"https:\/\/cdnmundo2.img.sputniknews.com\/images\/106798\/03\/1067980325.jpg\" alt=\"Una mujer mapuche\" width=\"705\" height=\"375\" \/><\/div>\n<div class=\"b-inject__copy\">\u00a9 AFP 2017\/ ARIEL MARINKOVIC<\/div>\n<div class=\"b-inject__content\"><a href=\"https:\/\/mundo.sputniknews.com\/cultura\/201704251068639019-mapuches-tierra-argentina\/\">Mapuches marchan 1.000 km para pedir reconocimiento<\/a><\/div>\n<\/div>\n<p>Jos\u00e9 explica en detalle la falta de infraestructura, de herramientas b\u00e1sicas para funcionar, para preparar a los j\u00f3venes y para poder enfrentarse a las multas que les pueden poner las autoridades, por ejemplo, por construir casas sin declarar. Contratiempos que se convierten en retos tit\u00e1nicos para una comunidad de escasos recursos. Su queja, sin embargo, no esconde dobleces ni trampas. El hombre solicita aquello que considera justo para la subsistencia de la comunidad, para su desarrollo digno, para no olvidar de d\u00f3nde vienen pero tampoco para imaginar un futuro donde lo material tenga primac\u00eda sobre lo espiritual. Jos\u00e9 y la comunidad mapuche ans\u00edan, en definitiva, levantar con humildad la cabeza a los cielos.Ver\u00f3nica comenta entre risas con su marido una an\u00e9cdota que ilustra a la perfecci\u00f3n estas peque\u00f1as batallas diarias:<\/p>\n<p>\u00abHoy llegamos a una reuni\u00f3n de la Confederaci\u00f3n Mapuche y Parques Nacionales para llevar adelante este proceso. Y de Parques llegan cada uno de sus funcionarios con sus estupendos 4X4 y nos llenan la comunidad de camionetas, y nosotros llegamos como podemos, con nuestra chata [veh\u00edculo] que tiene mal la direcci\u00f3n, sin luces, etc. Claro, despu\u00e9s ponemos car\u00e1cter y autoridad en la pol\u00edtica, pero\u2026 hay que llegar, primero hay que llegar\u00bb.<\/p>\n<p><strong>Lea tambi\u00e9n:\u00a0<a href=\"https:\/\/mundo.sputniknews.com\/americalatina\/201701141066212094-mapuches-recuperacion-tierras-argentina\/\">Mapuches contra Benetton en Argentina<\/a><\/strong><\/p>\n<div class=\"b-inject m-inject-free\">\n<div class=\"b-inject__media\">\n<div class=\"b-inject-foto\" data-src=\"https:\/\/cdnmundo2.img.sputniknews.com\/images\/107387\/26\/1073872643.jpg\" data-sub-html=\"La escritura del mapuche\"><img loading=\"lazy\" decoding=\"async\" class=\"\" title=\"La escritura del mapuche\" src=\"https:\/\/cdnmundo2.img.sputniknews.com\/images\/107387\/34\/1073873477.jpg\" alt=\"La escritura del mapuche\" width=\"1000\" height=\"750\" \/><\/div>\n<\/div>\n<div class=\"b-inject__copy\">\u00a9 SPUTNIK\/<\/div>\n<div class=\"b-inject__content\">La escritura del mapuche<\/div>\n<\/div>\n<\/div>\n<\/div>\n<\/div>\n<\/div>\n<\/div>\n","protected":false},"excerpt":{"rendered":"<p>Neuqu\u00e9n.-El mapuche es uno de los m\u00e1s de 522 pueblos que habitan el continente americano desde la Patagonia hasta el [&hellip;]<\/p>\n","protected":false},"author":2,"featured_media":38288,"comment_status":"open","ping_status":"open","sticky":false,"template":"","format":"standard","meta":{"site-sidebar-layout":"default","site-content-layout":"","ast-site-content-layout":"default","site-content-style":"default","site-sidebar-style":"default","ast-global-header-display":"","ast-banner-title-visibility":"","ast-main-header-display":"","ast-hfb-above-header-display":"","ast-hfb-below-header-display":"","ast-hfb-mobile-header-display":"","site-post-title":"","ast-breadcrumbs-content":"","ast-featured-img":"","footer-sml-layout":"","ast-disable-related-posts":"","theme-transparent-header-meta":"","adv-header-id-meta":"","stick-header-meta":"","header-above-stick-meta":"","header-main-stick-meta":"","header-below-stick-meta":"","astra-migrate-meta-layouts":"default","ast-page-background-enabled":"default","ast-page-background-meta":{"desktop":{"background-color":"var(--ast-global-color-5)","background-image":"","background-repeat":"repeat","background-position":"center center","background-size":"auto","background-attachment":"scroll","background-type":"","background-media":"","overlay-type":"","overlay-color":"","overlay-opacity":"","overlay-gradient":""},"tablet":{"background-color":"","background-image":"","background-repeat":"repeat","background-position":"center center","background-size":"auto","background-attachment":"scroll","background-type":"","background-media":"","overlay-type":"","overlay-color":"","overlay-opacity":"","overlay-gradient":""},"mobile":{"background-color":"","background-image":"","background-repeat":"repeat","background-position":"center center","background-size":"auto","background-attachment":"scroll","background-type":"","background-media":"","overlay-type":"","overlay-color":"","overlay-opacity":"","overlay-gradient":""}},"ast-content-background-meta":{"desktop":{"background-color":"var(--ast-global-color-4)","background-image":"","background-repeat":"repeat","background-position":"center center","background-size":"auto","background-attachment":"scroll","background-type":"","background-media":"","overlay-type":"","overlay-color":"","overlay-opacity":"","overlay-gradient":""},"tablet":{"background-color":"var(--ast-global-color-4)","background-image":"","background-repeat":"repeat","background-position":"center center","background-size":"auto","background-attachment":"scroll","background-type":"","background-media":"","overlay-type":"","overlay-color":"","overlay-opacity":"","overlay-gradient":""},"mobile":{"background-color":"var(--ast-global-color-4)","background-image":"","background-repeat":"repeat","background-position":"center center","background-size":"auto","background-attachment":"scroll","background-type":"","background-media":"","overlay-type":"","overlay-color":"","overlay-opacity":"","overlay-gradient":""}},"footnotes":""},"categories":[23,1],"tags":[],"class_list":["post-38287","post","type-post","status-publish","format-standard","has-post-thumbnail","hentry","category-internacionales","category-noticias"],"yoast_head":"<!-- This site is optimized with the Yoast SEO Premium plugin v23.0 (Yoast SEO v27.4) - https:\/\/yoast.com\/product\/yoast-seo-premium-wordpress\/ -->\n<title>&quot;Volver a ser&quot;: los retos de la comunidad mapuche en Argentina\u00a0<\/title>\n<meta name=\"robots\" content=\"index, follow, max-snippet:-1, max-image-preview:large, max-video-preview:-1\" \/>\n<link rel=\"canonical\" href=\"https:\/\/patagoniambiental.com.ar\/info\/volver-a-ser-los-retos-de-la-comunidad-mapuche-en-argentina\/\" \/>\n<meta property=\"og:locale\" content=\"es_ES\" \/>\n<meta property=\"og:type\" content=\"article\" \/>\n<meta property=\"og:title\" content=\"&quot;Volver a ser&quot;: los retos de la comunidad mapuche en Argentina\u00a0\" \/>\n<meta property=\"og:description\" content=\"Neuqu\u00e9n.-El mapuche es uno de los m\u00e1s de 522 pueblos que habitan el continente americano desde la Patagonia hasta el [&hellip;]\" \/>\n<meta property=\"og:url\" content=\"https:\/\/patagoniambiental.com.ar\/info\/volver-a-ser-los-retos-de-la-comunidad-mapuche-en-argentina\/\" \/>\n<meta property=\"og:site_name\" content=\"Patagonia Ambiental\" \/>\n<meta property=\"article:publisher\" content=\"https:\/\/www.facebook.com\/patagonia.ambiental\" \/>\n<meta property=\"article:author\" content=\"https:\/\/www.facebook.com\/share\/1C1V8Gv9BX\/?mibextid=qi2Omg\" \/>\n<meta property=\"article:published_time\" content=\"2017-11-18T22:00:17+00:00\" \/>\n<meta property=\"og:image\" content=\"https:\/\/patagoniambiental.com.ar\/info\/wp-content\/uploads\/2017\/11\/1073871583.jpg\" \/>\n\t<meta property=\"og:image:width\" content=\"1000\" \/>\n\t<meta property=\"og:image:height\" content=\"541\" \/>\n\t<meta property=\"og:image:type\" content=\"image\/jpeg\" \/>\n<meta name=\"author\" content=\"Patagonia Ambiental\" \/>\n<meta name=\"twitter:card\" content=\"summary_large_image\" \/>\n<meta name=\"twitter:creator\" content=\"@PatAmb\" \/>\n<meta name=\"twitter:site\" content=\"@PatAmb\" \/>\n<script type=\"application\/ld+json\" class=\"yoast-schema-graph\">{\"@context\":\"https:\\\/\\\/schema.org\",\"@graph\":[{\"@type\":\"Article\",\"@id\":\"https:\\\/\\\/patagoniambiental.com.ar\\\/info\\\/volver-a-ser-los-retos-de-la-comunidad-mapuche-en-argentina\\\/#article\",\"isPartOf\":{\"@id\":\"https:\\\/\\\/patagoniambiental.com.ar\\\/info\\\/volver-a-ser-los-retos-de-la-comunidad-mapuche-en-argentina\\\/\"},\"author\":{\"name\":\"Patagonia Ambiental\",\"@id\":\"https:\\\/\\\/patagoniambiental.com.ar\\\/info\\\/#\\\/schema\\\/person\\\/db12bff64bbcbf6a253710bf0ea37b5d\"},\"headline\":\"\u00abVolver a ser\u00bb: los retos de la comunidad mapuche en Argentina\u00a0\",\"datePublished\":\"2017-11-18T22:00:17+00:00\",\"mainEntityOfPage\":{\"@id\":\"https:\\\/\\\/patagoniambiental.com.ar\\\/info\\\/volver-a-ser-los-retos-de-la-comunidad-mapuche-en-argentina\\\/\"},\"wordCount\":2160,\"commentCount\":0,\"publisher\":{\"@id\":\"https:\\\/\\\/patagoniambiental.com.ar\\\/info\\\/#organization\"},\"image\":{\"@id\":\"https:\\\/\\\/patagoniambiental.com.ar\\\/info\\\/volver-a-ser-los-retos-de-la-comunidad-mapuche-en-argentina\\\/#primaryimage\"},\"thumbnailUrl\":\"https:\\\/\\\/patagoniambiental.com.ar\\\/info\\\/wp-content\\\/uploads\\\/2017\\\/11\\\/1073871583.jpg\",\"articleSection\":[\"Internacionales\",\"Noticias\"],\"inLanguage\":\"es\",\"potentialAction\":[{\"@type\":\"CommentAction\",\"name\":\"Comment\",\"target\":[\"https:\\\/\\\/patagoniambiental.com.ar\\\/info\\\/volver-a-ser-los-retos-de-la-comunidad-mapuche-en-argentina\\\/#respond\"]}]},{\"@type\":\"WebPage\",\"@id\":\"https:\\\/\\\/patagoniambiental.com.ar\\\/info\\\/volver-a-ser-los-retos-de-la-comunidad-mapuche-en-argentina\\\/\",\"url\":\"https:\\\/\\\/patagoniambiental.com.ar\\\/info\\\/volver-a-ser-los-retos-de-la-comunidad-mapuche-en-argentina\\\/\",\"name\":\"\\\"Volver a ser\\\": los retos de la comunidad mapuche en Argentina\u00a0\",\"isPartOf\":{\"@id\":\"https:\\\/\\\/patagoniambiental.com.ar\\\/info\\\/#website\"},\"primaryImageOfPage\":{\"@id\":\"https:\\\/\\\/patagoniambiental.com.ar\\\/info\\\/volver-a-ser-los-retos-de-la-comunidad-mapuche-en-argentina\\\/#primaryimage\"},\"image\":{\"@id\":\"https:\\\/\\\/patagoniambiental.com.ar\\\/info\\\/volver-a-ser-los-retos-de-la-comunidad-mapuche-en-argentina\\\/#primaryimage\"},\"thumbnailUrl\":\"https:\\\/\\\/patagoniambiental.com.ar\\\/info\\\/wp-content\\\/uploads\\\/2017\\\/11\\\/1073871583.jpg\",\"datePublished\":\"2017-11-18T22:00:17+00:00\",\"breadcrumb\":{\"@id\":\"https:\\\/\\\/patagoniambiental.com.ar\\\/info\\\/volver-a-ser-los-retos-de-la-comunidad-mapuche-en-argentina\\\/#breadcrumb\"},\"inLanguage\":\"es\",\"potentialAction\":[{\"@type\":\"ReadAction\",\"target\":[\"https:\\\/\\\/patagoniambiental.com.ar\\\/info\\\/volver-a-ser-los-retos-de-la-comunidad-mapuche-en-argentina\\\/\"]}]},{\"@type\":\"ImageObject\",\"inLanguage\":\"es\",\"@id\":\"https:\\\/\\\/patagoniambiental.com.ar\\\/info\\\/volver-a-ser-los-retos-de-la-comunidad-mapuche-en-argentina\\\/#primaryimage\",\"url\":\"https:\\\/\\\/patagoniambiental.com.ar\\\/info\\\/wp-content\\\/uploads\\\/2017\\\/11\\\/1073871583.jpg\",\"contentUrl\":\"https:\\\/\\\/patagoniambiental.com.ar\\\/info\\\/wp-content\\\/uploads\\\/2017\\\/11\\\/1073871583.jpg\",\"width\":1000,\"height\":541},{\"@type\":\"BreadcrumbList\",\"@id\":\"https:\\\/\\\/patagoniambiental.com.ar\\\/info\\\/volver-a-ser-los-retos-de-la-comunidad-mapuche-en-argentina\\\/#breadcrumb\",\"itemListElement\":[{\"@type\":\"ListItem\",\"position\":1,\"name\":\"Inicio\",\"item\":\"https:\\\/\\\/patagoniambiental.com.ar\\\/info\\\/\"},{\"@type\":\"ListItem\",\"position\":2,\"name\":\"\u00abVolver a ser\u00bb: los retos de la comunidad mapuche en Argentina\u00a0\"}]},{\"@type\":\"WebSite\",\"@id\":\"https:\\\/\\\/patagoniambiental.com.ar\\\/info\\\/#website\",\"url\":\"https:\\\/\\\/patagoniambiental.com.ar\\\/info\\\/\",\"name\":\"Patagonia Ambiental\",\"description\":\"Monitoreo y an\u00e1lisis de la situaci\u00f3n geopol\u00edtica en el mundo y su implicancia en la Patagonia\",\"publisher\":{\"@id\":\"https:\\\/\\\/patagoniambiental.com.ar\\\/info\\\/#organization\"},\"potentialAction\":[{\"@type\":\"SearchAction\",\"target\":{\"@type\":\"EntryPoint\",\"urlTemplate\":\"https:\\\/\\\/patagoniambiental.com.ar\\\/info\\\/?s={search_term_string}\"},\"query-input\":{\"@type\":\"PropertyValueSpecification\",\"valueRequired\":true,\"valueName\":\"search_term_string\"}}],\"inLanguage\":\"es\"},{\"@type\":\"Organization\",\"@id\":\"https:\\\/\\\/patagoniambiental.com.ar\\\/info\\\/#organization\",\"name\":\"Patagonia Ambiental\",\"url\":\"https:\\\/\\\/patagoniambiental.com.ar\\\/info\\\/\",\"logo\":{\"@type\":\"ImageObject\",\"inLanguage\":\"es\",\"@id\":\"https:\\\/\\\/patagoniambiental.com.ar\\\/info\\\/#\\\/schema\\\/logo\\\/image\\\/\",\"url\":\"https:\\\/\\\/patagoniambiental.com.ar\\\/info\\\/wp-content\\\/uploads\\\/2025\\\/05\\\/LOGO-PATAGONIA-AMBIENTAL.png\",\"contentUrl\":\"https:\\\/\\\/patagoniambiental.com.ar\\\/info\\\/wp-content\\\/uploads\\\/2025\\\/05\\\/LOGO-PATAGONIA-AMBIENTAL.png\",\"width\":433,\"height\":250,\"caption\":\"Patagonia Ambiental\"},\"image\":{\"@id\":\"https:\\\/\\\/patagoniambiental.com.ar\\\/info\\\/#\\\/schema\\\/logo\\\/image\\\/\"},\"sameAs\":[\"https:\\\/\\\/www.facebook.com\\\/patagonia.ambiental\",\"https:\\\/\\\/x.com\\\/PatAmb\"]},{\"@type\":\"Person\",\"@id\":\"https:\\\/\\\/patagoniambiental.com.ar\\\/info\\\/#\\\/schema\\\/person\\\/db12bff64bbcbf6a253710bf0ea37b5d\",\"name\":\"Patagonia Ambiental\",\"description\":\"Andr\u00e9s Nievas T\u00e9cnico en manejo ambiental, consultor Ambiental y escritor para medios locales e internacionales sobre temas de geopolitica y medio ambiente.\",\"sameAs\":[\"http:\\\/\\\/www.patagoniambiental.com.ar\",\"https:\\\/\\\/www.facebook.com\\\/share\\\/1C1V8Gv9BX\\\/?mibextid=qi2Omg\",\"@patagoniambiental\",\"https:\\\/\\\/youtube.com\\\/@patagoniaambiental2023?si=BLt58t0wuXquxlYZ\"]}]}<\/script>\n<!-- \/ Yoast SEO Premium plugin. -->","yoast_head_json":{"title":"\"Volver a ser\": los retos de la comunidad mapuche en Argentina\u00a0","robots":{"index":"index","follow":"follow","max-snippet":"max-snippet:-1","max-image-preview":"max-image-preview:large","max-video-preview":"max-video-preview:-1"},"canonical":"https:\/\/patagoniambiental.com.ar\/info\/volver-a-ser-los-retos-de-la-comunidad-mapuche-en-argentina\/","og_locale":"es_ES","og_type":"article","og_title":"\"Volver a ser\": los retos de la comunidad mapuche en Argentina\u00a0","og_description":"Neuqu\u00e9n.-El mapuche es uno de los m\u00e1s de 522 pueblos que habitan el continente americano desde la Patagonia hasta el [&hellip;]","og_url":"https:\/\/patagoniambiental.com.ar\/info\/volver-a-ser-los-retos-de-la-comunidad-mapuche-en-argentina\/","og_site_name":"Patagonia Ambiental","article_publisher":"https:\/\/www.facebook.com\/patagonia.ambiental","article_author":"https:\/\/www.facebook.com\/share\/1C1V8Gv9BX\/?mibextid=qi2Omg","article_published_time":"2017-11-18T22:00:17+00:00","og_image":[{"width":1000,"height":541,"url":"https:\/\/patagoniambiental.com.ar\/info\/wp-content\/uploads\/2017\/11\/1073871583.jpg","type":"image\/jpeg"}],"author":"Patagonia Ambiental","twitter_card":"summary_large_image","twitter_creator":"@PatAmb","twitter_site":"@PatAmb","schema":{"@context":"https:\/\/schema.org","@graph":[{"@type":"Article","@id":"https:\/\/patagoniambiental.com.ar\/info\/volver-a-ser-los-retos-de-la-comunidad-mapuche-en-argentina\/#article","isPartOf":{"@id":"https:\/\/patagoniambiental.com.ar\/info\/volver-a-ser-los-retos-de-la-comunidad-mapuche-en-argentina\/"},"author":{"name":"Patagonia Ambiental","@id":"https:\/\/patagoniambiental.com.ar\/info\/#\/schema\/person\/db12bff64bbcbf6a253710bf0ea37b5d"},"headline":"\u00abVolver a ser\u00bb: los retos de la comunidad mapuche en Argentina\u00a0","datePublished":"2017-11-18T22:00:17+00:00","mainEntityOfPage":{"@id":"https:\/\/patagoniambiental.com.ar\/info\/volver-a-ser-los-retos-de-la-comunidad-mapuche-en-argentina\/"},"wordCount":2160,"commentCount":0,"publisher":{"@id":"https:\/\/patagoniambiental.com.ar\/info\/#organization"},"image":{"@id":"https:\/\/patagoniambiental.com.ar\/info\/volver-a-ser-los-retos-de-la-comunidad-mapuche-en-argentina\/#primaryimage"},"thumbnailUrl":"https:\/\/patagoniambiental.com.ar\/info\/wp-content\/uploads\/2017\/11\/1073871583.jpg","articleSection":["Internacionales","Noticias"],"inLanguage":"es","potentialAction":[{"@type":"CommentAction","name":"Comment","target":["https:\/\/patagoniambiental.com.ar\/info\/volver-a-ser-los-retos-de-la-comunidad-mapuche-en-argentina\/#respond"]}]},{"@type":"WebPage","@id":"https:\/\/patagoniambiental.com.ar\/info\/volver-a-ser-los-retos-de-la-comunidad-mapuche-en-argentina\/","url":"https:\/\/patagoniambiental.com.ar\/info\/volver-a-ser-los-retos-de-la-comunidad-mapuche-en-argentina\/","name":"\"Volver a ser\": los retos de la comunidad mapuche en Argentina\u00a0","isPartOf":{"@id":"https:\/\/patagoniambiental.com.ar\/info\/#website"},"primaryImageOfPage":{"@id":"https:\/\/patagoniambiental.com.ar\/info\/volver-a-ser-los-retos-de-la-comunidad-mapuche-en-argentina\/#primaryimage"},"image":{"@id":"https:\/\/patagoniambiental.com.ar\/info\/volver-a-ser-los-retos-de-la-comunidad-mapuche-en-argentina\/#primaryimage"},"thumbnailUrl":"https:\/\/patagoniambiental.com.ar\/info\/wp-content\/uploads\/2017\/11\/1073871583.jpg","datePublished":"2017-11-18T22:00:17+00:00","breadcrumb":{"@id":"https:\/\/patagoniambiental.com.ar\/info\/volver-a-ser-los-retos-de-la-comunidad-mapuche-en-argentina\/#breadcrumb"},"inLanguage":"es","potentialAction":[{"@type":"ReadAction","target":["https:\/\/patagoniambiental.com.ar\/info\/volver-a-ser-los-retos-de-la-comunidad-mapuche-en-argentina\/"]}]},{"@type":"ImageObject","inLanguage":"es","@id":"https:\/\/patagoniambiental.com.ar\/info\/volver-a-ser-los-retos-de-la-comunidad-mapuche-en-argentina\/#primaryimage","url":"https:\/\/patagoniambiental.com.ar\/info\/wp-content\/uploads\/2017\/11\/1073871583.jpg","contentUrl":"https:\/\/patagoniambiental.com.ar\/info\/wp-content\/uploads\/2017\/11\/1073871583.jpg","width":1000,"height":541},{"@type":"BreadcrumbList","@id":"https:\/\/patagoniambiental.com.ar\/info\/volver-a-ser-los-retos-de-la-comunidad-mapuche-en-argentina\/#breadcrumb","itemListElement":[{"@type":"ListItem","position":1,"name":"Inicio","item":"https:\/\/patagoniambiental.com.ar\/info\/"},{"@type":"ListItem","position":2,"name":"\u00abVolver a ser\u00bb: los retos de la comunidad mapuche en Argentina\u00a0"}]},{"@type":"WebSite","@id":"https:\/\/patagoniambiental.com.ar\/info\/#website","url":"https:\/\/patagoniambiental.com.ar\/info\/","name":"Patagonia Ambiental","description":"Monitoreo y an\u00e1lisis de la situaci\u00f3n geopol\u00edtica en el mundo y su implicancia en la Patagonia","publisher":{"@id":"https:\/\/patagoniambiental.com.ar\/info\/#organization"},"potentialAction":[{"@type":"SearchAction","target":{"@type":"EntryPoint","urlTemplate":"https:\/\/patagoniambiental.com.ar\/info\/?s={search_term_string}"},"query-input":{"@type":"PropertyValueSpecification","valueRequired":true,"valueName":"search_term_string"}}],"inLanguage":"es"},{"@type":"Organization","@id":"https:\/\/patagoniambiental.com.ar\/info\/#organization","name":"Patagonia Ambiental","url":"https:\/\/patagoniambiental.com.ar\/info\/","logo":{"@type":"ImageObject","inLanguage":"es","@id":"https:\/\/patagoniambiental.com.ar\/info\/#\/schema\/logo\/image\/","url":"https:\/\/patagoniambiental.com.ar\/info\/wp-content\/uploads\/2025\/05\/LOGO-PATAGONIA-AMBIENTAL.png","contentUrl":"https:\/\/patagoniambiental.com.ar\/info\/wp-content\/uploads\/2025\/05\/LOGO-PATAGONIA-AMBIENTAL.png","width":433,"height":250,"caption":"Patagonia Ambiental"},"image":{"@id":"https:\/\/patagoniambiental.com.ar\/info\/#\/schema\/logo\/image\/"},"sameAs":["https:\/\/www.facebook.com\/patagonia.ambiental","https:\/\/x.com\/PatAmb"]},{"@type":"Person","@id":"https:\/\/patagoniambiental.com.ar\/info\/#\/schema\/person\/db12bff64bbcbf6a253710bf0ea37b5d","name":"Patagonia Ambiental","description":"Andr\u00e9s Nievas T\u00e9cnico en manejo ambiental, consultor Ambiental y escritor para medios locales e internacionales sobre temas de geopolitica y medio ambiente.","sameAs":["http:\/\/www.patagoniambiental.com.ar","https:\/\/www.facebook.com\/share\/1C1V8Gv9BX\/?mibextid=qi2Omg","@patagoniambiental","https:\/\/youtube.com\/@patagoniaambiental2023?si=BLt58t0wuXquxlYZ"]}]}},"_links":{"self":[{"href":"https:\/\/patagoniambiental.com.ar\/info\/wp-json\/wp\/v2\/posts\/38287","targetHints":{"allow":["GET"]}}],"collection":[{"href":"https:\/\/patagoniambiental.com.ar\/info\/wp-json\/wp\/v2\/posts"}],"about":[{"href":"https:\/\/patagoniambiental.com.ar\/info\/wp-json\/wp\/v2\/types\/post"}],"author":[{"embeddable":true,"href":"https:\/\/patagoniambiental.com.ar\/info\/wp-json\/wp\/v2\/users\/2"}],"replies":[{"embeddable":true,"href":"https:\/\/patagoniambiental.com.ar\/info\/wp-json\/wp\/v2\/comments?post=38287"}],"version-history":[{"count":0,"href":"https:\/\/patagoniambiental.com.ar\/info\/wp-json\/wp\/v2\/posts\/38287\/revisions"}],"wp:featuredmedia":[{"embeddable":true,"href":"https:\/\/patagoniambiental.com.ar\/info\/wp-json\/wp\/v2\/media\/38288"}],"wp:attachment":[{"href":"https:\/\/patagoniambiental.com.ar\/info\/wp-json\/wp\/v2\/media?parent=38287"}],"wp:term":[{"taxonomy":"category","embeddable":true,"href":"https:\/\/patagoniambiental.com.ar\/info\/wp-json\/wp\/v2\/categories?post=38287"},{"taxonomy":"post_tag","embeddable":true,"href":"https:\/\/patagoniambiental.com.ar\/info\/wp-json\/wp\/v2\/tags?post=38287"}],"curies":[{"name":"wp","href":"https:\/\/api.w.org\/{rel}","templated":true}]}}