{"id":38291,"date":"2017-11-15T19:00:32","date_gmt":"2017-11-15T22:00:32","guid":{"rendered":"http:\/\/patagoniambiental.com.ar\/info\/?p=38291"},"modified":"2017-11-15T18:03:34","modified_gmt":"2017-11-15T21:03:34","slug":"mapuches-bloquean-el-ingreso-de-la-ceb-para-reparar-una-linea-en-villa-mascardi","status":"publish","type":"post","link":"https:\/\/patagoniambiental.com.ar\/info\/mapuches-bloquean-el-ingreso-de-la-ceb-para-reparar-una-linea-en-villa-mascardi\/","title":{"rendered":"Mapuches bloquean el ingreso de la CEB para reparar una l\u00ednea en Villa Mascardi"},"content":{"rendered":"<p>Villa Mascardi.-La l\u00ednea Mascardi tuvo una falla pero los operarios no pudieron ingresar. Presentaron una denuncia en el Juzgado Federal.<\/p>\n<p><!--more--><\/p>\n<div class=\"content an-animate enter-down an-delay-100 au-target\">\n<figure class=\"fullImageBox\"><img decoding=\"async\" class=\"au-target\" src=\"https:\/\/cdn.bariloche2000.com\/uploads\/images\/2017\/11\/bd48762d-a45d-56cd-b84e-356daa8a089a_low.jpg\" alt=\"image\" \/><\/figure>\n<div class=\"waveform au-target\"><\/div>\n<div class=\"controls\"><\/div>\n<p>La comunidad mapuche que se asent\u00f3 en la zona de Villa Mascardi bloque\u00f3 el ingreso de operarios de la Cooperativa de Electricidad Bariloche.<\/p>\n<p>El lunes pasado (13\/11) la l\u00ednea tuvo una falla y dej\u00f3 a cinco usuarios sin electricidad. Cuando los trabajadores asistieron a reparar la l\u00ednea les negaron el acceso.<\/p>\n<p>Por eso, las autoridades de la CEB presentaron una denuncia en el Juzgado Federal de Bariloche y notificaron al Ente Provincial de Regulaci\u00f3n de la Electricidad (Epre).<\/p>\n<p>Como no pudieron ingresar, desconocen las caracter\u00edsticas de la falla\u00a0y cu\u00e1l fue la causa. La CEB dispuso que los trabajadores no accedan al lugar hasta tanto se garanticen las medidas de seguridad.<\/p>\n<p>En di\u00e1logo con\u00a0<strong>Noticiero Seis, Mariana Criado, responsable de prensa de la CEB,<\/strong>\u00a0inform\u00f3 que \u00abel lunes cuadrillas de la Cooperativa se acercaron para poder restablecer el servicio que estaba cortado en la l\u00ednea de media tensi\u00f3n de Villa Mascardi donde la CEB tiene alrededor de 150 usuarios de los cuales cinco est\u00e1n fuera de servicio\u00bb. Expres\u00f3 que \u00abel personal tuvo que volver y radic\u00f3 una denuncia de rutina en el juzgado federal que realiza personal de la Cooperativa cada vez que se encuentra con una situaci\u00f3n similar de no poder acceder al lugar donde se encuentra o se presume que est\u00e1 la falla\u00bb. Por \u00faltimo, agreg\u00f3 que \u00abes una l\u00ednea que suele tener desperfectos\u00bb.<\/p>\n<p>Fuente: Bariloche2000<\/p>\n<\/div>\n","protected":false},"excerpt":{"rendered":"<p>Villa Mascardi.-La l\u00ednea Mascardi tuvo una falla pero los operarios no pudieron ingresar. Presentaron una denuncia en el Juzgado Federal.<\/p>\n","protected":false},"author":2,"featured_media":38292,"comment_status":"open","ping_status":"open","sticky":false,"template":"","format":"standard","meta":{"site-sidebar-layout":"default","site-content-layout":"","ast-site-content-layout":"default","site-content-style":"default","site-sidebar-style":"default","ast-global-header-display":"","ast-banner-title-visibility":"","ast-main-header-display":"","ast-hfb-above-header-display":"","ast-hfb-below-header-display":"","ast-hfb-mobile-header-display":"","site-post-title":"","ast-breadcrumbs-content":"","ast-featured-img":"","footer-sml-layout":"","ast-disable-related-posts":"","theme-transparent-header-meta":"","adv-header-id-meta":"","stick-header-meta":"","header-above-stick-meta":"","header-main-stick-meta":"","header-below-stick-meta":"","astra-migrate-meta-layouts":"default","ast-page-background-enabled":"default","ast-page-background-meta":{"desktop":{"background-color":"var(--ast-global-color-5)","background-image":"","background-repeat":"repeat","background-position":"center center","background-size":"auto","background-attachment":"scroll","background-type":"","background-media":"","overlay-type":"","overlay-color":"","overlay-opacity":"","overlay-gradient":""},"tablet":{"background-color":"","background-image":"","background-repeat":"repeat","background-position":"center center","background-size":"auto","background-attachment":"scroll","background-type":"","background-media":"","overlay-type":"","overlay-color":"","overlay-opacity":"","overlay-gradient":""},"mobile":{"background-color":"","background-image":"","background-repeat":"repeat","background-position":"center center","background-size":"auto","background-attachment":"scroll","background-type":"","background-media":"","overlay-type":"","overlay-color":"","overlay-opacity":"","overlay-gradient":""}},"ast-content-background-meta":{"desktop":{"background-color":"var(--ast-global-color-4)","background-image":"","background-repeat":"repeat","background-position":"center center","background-size":"auto","background-attachment":"scroll","background-type":"","background-media":"","overlay-type":"","overlay-color":"","overlay-opacity":"","overlay-gradient":""},"tablet":{"background-color":"var(--ast-global-color-4)","background-image":"","background-repeat":"repeat","background-position":"center center","background-size":"auto","background-attachment":"scroll","background-type":"","background-media":"","overlay-type":"","overlay-color":"","overlay-opacity":"","overlay-gradient":""},"mobile":{"background-color":"var(--ast-global-color-4)","background-image":"","background-repeat":"repeat","background-position":"center center","background-size":"auto","background-attachment":"scroll","background-type":"","background-media":"","overlay-type":"","overlay-color":"","overlay-opacity":"","overlay-gradient":""}},"footnotes":""},"categories":[1,13,14],"tags":[],"class_list":["post-38291","post","type-post","status-publish","format-standard","has-post-thumbnail","hentry","category-noticias","category-provinciales","category-rio-negro"],"yoast_head":"<!-- This site is optimized with the Yoast SEO Premium plugin v23.0 (Yoast SEO v27.4) - https:\/\/yoast.com\/product\/yoast-seo-premium-wordpress\/ -->\n<title>Mapuches bloquean el ingreso de la CEB para reparar una l\u00ednea en Villa Mascardi<\/title>\n<meta name=\"robots\" content=\"index, follow, max-snippet:-1, max-image-preview:large, max-video-preview:-1\" \/>\n<link rel=\"canonical\" href=\"https:\/\/patagoniambiental.com.ar\/info\/mapuches-bloquean-el-ingreso-de-la-ceb-para-reparar-una-linea-en-villa-mascardi\/\" \/>\n<meta property=\"og:locale\" content=\"es_ES\" \/>\n<meta property=\"og:type\" content=\"article\" \/>\n<meta property=\"og:title\" content=\"Mapuches bloquean el ingreso de la CEB para reparar una l\u00ednea en Villa Mascardi\" \/>\n<meta property=\"og:description\" content=\"Villa Mascardi.-La l\u00ednea Mascardi tuvo una falla pero los operarios no pudieron ingresar. Presentaron una denuncia en el Juzgado Federal.\" \/>\n<meta property=\"og:url\" content=\"https:\/\/patagoniambiental.com.ar\/info\/mapuches-bloquean-el-ingreso-de-la-ceb-para-reparar-una-linea-en-villa-mascardi\/\" \/>\n<meta property=\"og:site_name\" content=\"Patagonia Ambiental\" \/>\n<meta property=\"article:publisher\" content=\"https:\/\/www.facebook.com\/patagonia.ambiental\" \/>\n<meta property=\"article:author\" content=\"https:\/\/www.facebook.com\/share\/1C1V8Gv9BX\/?mibextid=qi2Omg\" \/>\n<meta property=\"article:published_time\" content=\"2017-11-15T22:00:32+00:00\" \/>\n<meta property=\"og:image\" content=\"https:\/\/patagoniambiental.com.ar\/info\/wp-content\/uploads\/2017\/11\/bd48762d-a45d-56cd-b84e-356daa8a089a_low.jpg\" \/>\n\t<meta property=\"og:image:width\" content=\"564\" \/>\n\t<meta property=\"og:image:height\" content=\"313\" \/>\n\t<meta property=\"og:image:type\" content=\"image\/jpeg\" \/>\n<meta name=\"author\" content=\"Patagonia Ambiental\" \/>\n<meta name=\"twitter:card\" content=\"summary_large_image\" \/>\n<meta name=\"twitter:creator\" content=\"@PatAmb\" \/>\n<meta name=\"twitter:site\" content=\"@PatAmb\" \/>\n<script type=\"application\/ld+json\" class=\"yoast-schema-graph\">{\"@context\":\"https:\\\/\\\/schema.org\",\"@graph\":[{\"@type\":\"Article\",\"@id\":\"https:\\\/\\\/patagoniambiental.com.ar\\\/info\\\/mapuches-bloquean-el-ingreso-de-la-ceb-para-reparar-una-linea-en-villa-mascardi\\\/#article\",\"isPartOf\":{\"@id\":\"https:\\\/\\\/patagoniambiental.com.ar\\\/info\\\/mapuches-bloquean-el-ingreso-de-la-ceb-para-reparar-una-linea-en-villa-mascardi\\\/\"},\"author\":{\"name\":\"Patagonia Ambiental\",\"@id\":\"https:\\\/\\\/patagoniambiental.com.ar\\\/info\\\/#\\\/schema\\\/person\\\/db12bff64bbcbf6a253710bf0ea37b5d\"},\"headline\":\"Mapuches bloquean el ingreso de la CEB para reparar una l\u00ednea en Villa Mascardi\",\"datePublished\":\"2017-11-15T22:00:32+00:00\",\"mainEntityOfPage\":{\"@id\":\"https:\\\/\\\/patagoniambiental.com.ar\\\/info\\\/mapuches-bloquean-el-ingreso-de-la-ceb-para-reparar-una-linea-en-villa-mascardi\\\/\"},\"wordCount\":274,\"commentCount\":0,\"publisher\":{\"@id\":\"https:\\\/\\\/patagoniambiental.com.ar\\\/info\\\/#organization\"},\"image\":{\"@id\":\"https:\\\/\\\/patagoniambiental.com.ar\\\/info\\\/mapuches-bloquean-el-ingreso-de-la-ceb-para-reparar-una-linea-en-villa-mascardi\\\/#primaryimage\"},\"thumbnailUrl\":\"https:\\\/\\\/patagoniambiental.com.ar\\\/info\\\/wp-content\\\/uploads\\\/2017\\\/11\\\/bd48762d-a45d-56cd-b84e-356daa8a089a_low.jpg\",\"articleSection\":[\"Noticias\",\"Provinciales\",\"R\u00edo Negro\"],\"inLanguage\":\"es\",\"potentialAction\":[{\"@type\":\"CommentAction\",\"name\":\"Comment\",\"target\":[\"https:\\\/\\\/patagoniambiental.com.ar\\\/info\\\/mapuches-bloquean-el-ingreso-de-la-ceb-para-reparar-una-linea-en-villa-mascardi\\\/#respond\"]}]},{\"@type\":\"WebPage\",\"@id\":\"https:\\\/\\\/patagoniambiental.com.ar\\\/info\\\/mapuches-bloquean-el-ingreso-de-la-ceb-para-reparar-una-linea-en-villa-mascardi\\\/\",\"url\":\"https:\\\/\\\/patagoniambiental.com.ar\\\/info\\\/mapuches-bloquean-el-ingreso-de-la-ceb-para-reparar-una-linea-en-villa-mascardi\\\/\",\"name\":\"Mapuches bloquean el ingreso de la CEB para reparar una l\u00ednea en Villa Mascardi\",\"isPartOf\":{\"@id\":\"https:\\\/\\\/patagoniambiental.com.ar\\\/info\\\/#website\"},\"primaryImageOfPage\":{\"@id\":\"https:\\\/\\\/patagoniambiental.com.ar\\\/info\\\/mapuches-bloquean-el-ingreso-de-la-ceb-para-reparar-una-linea-en-villa-mascardi\\\/#primaryimage\"},\"image\":{\"@id\":\"https:\\\/\\\/patagoniambiental.com.ar\\\/info\\\/mapuches-bloquean-el-ingreso-de-la-ceb-para-reparar-una-linea-en-villa-mascardi\\\/#primaryimage\"},\"thumbnailUrl\":\"https:\\\/\\\/patagoniambiental.com.ar\\\/info\\\/wp-content\\\/uploads\\\/2017\\\/11\\\/bd48762d-a45d-56cd-b84e-356daa8a089a_low.jpg\",\"datePublished\":\"2017-11-15T22:00:32+00:00\",\"breadcrumb\":{\"@id\":\"https:\\\/\\\/patagoniambiental.com.ar\\\/info\\\/mapuches-bloquean-el-ingreso-de-la-ceb-para-reparar-una-linea-en-villa-mascardi\\\/#breadcrumb\"},\"inLanguage\":\"es\",\"potentialAction\":[{\"@type\":\"ReadAction\",\"target\":[\"https:\\\/\\\/patagoniambiental.com.ar\\\/info\\\/mapuches-bloquean-el-ingreso-de-la-ceb-para-reparar-una-linea-en-villa-mascardi\\\/\"]}]},{\"@type\":\"ImageObject\",\"inLanguage\":\"es\",\"@id\":\"https:\\\/\\\/patagoniambiental.com.ar\\\/info\\\/mapuches-bloquean-el-ingreso-de-la-ceb-para-reparar-una-linea-en-villa-mascardi\\\/#primaryimage\",\"url\":\"https:\\\/\\\/patagoniambiental.com.ar\\\/info\\\/wp-content\\\/uploads\\\/2017\\\/11\\\/bd48762d-a45d-56cd-b84e-356daa8a089a_low.jpg\",\"contentUrl\":\"https:\\\/\\\/patagoniambiental.com.ar\\\/info\\\/wp-content\\\/uploads\\\/2017\\\/11\\\/bd48762d-a45d-56cd-b84e-356daa8a089a_low.jpg\",\"width\":564,\"height\":313},{\"@type\":\"BreadcrumbList\",\"@id\":\"https:\\\/\\\/patagoniambiental.com.ar\\\/info\\\/mapuches-bloquean-el-ingreso-de-la-ceb-para-reparar-una-linea-en-villa-mascardi\\\/#breadcrumb\",\"itemListElement\":[{\"@type\":\"ListItem\",\"position\":1,\"name\":\"Inicio\",\"item\":\"https:\\\/\\\/patagoniambiental.com.ar\\\/info\\\/\"},{\"@type\":\"ListItem\",\"position\":2,\"name\":\"Mapuches bloquean el ingreso de la CEB para reparar una l\u00ednea en Villa Mascardi\"}]},{\"@type\":\"WebSite\",\"@id\":\"https:\\\/\\\/patagoniambiental.com.ar\\\/info\\\/#website\",\"url\":\"https:\\\/\\\/patagoniambiental.com.ar\\\/info\\\/\",\"name\":\"Patagonia Ambiental\",\"description\":\"Monitoreo y an\u00e1lisis de la situaci\u00f3n geopol\u00edtica en el mundo y su implicancia en la Patagonia\",\"publisher\":{\"@id\":\"https:\\\/\\\/patagoniambiental.com.ar\\\/info\\\/#organization\"},\"potentialAction\":[{\"@type\":\"SearchAction\",\"target\":{\"@type\":\"EntryPoint\",\"urlTemplate\":\"https:\\\/\\\/patagoniambiental.com.ar\\\/info\\\/?s={search_term_string}\"},\"query-input\":{\"@type\":\"PropertyValueSpecification\",\"valueRequired\":true,\"valueName\":\"search_term_string\"}}],\"inLanguage\":\"es\"},{\"@type\":\"Organization\",\"@id\":\"https:\\\/\\\/patagoniambiental.com.ar\\\/info\\\/#organization\",\"name\":\"Patagonia Ambiental\",\"url\":\"https:\\\/\\\/patagoniambiental.com.ar\\\/info\\\/\",\"logo\":{\"@type\":\"ImageObject\",\"inLanguage\":\"es\",\"@id\":\"https:\\\/\\\/patagoniambiental.com.ar\\\/info\\\/#\\\/schema\\\/logo\\\/image\\\/\",\"url\":\"https:\\\/\\\/patagoniambiental.com.ar\\\/info\\\/wp-content\\\/uploads\\\/2025\\\/05\\\/LOGO-PATAGONIA-AMBIENTAL.png\",\"contentUrl\":\"https:\\\/\\\/patagoniambiental.com.ar\\\/info\\\/wp-content\\\/uploads\\\/2025\\\/05\\\/LOGO-PATAGONIA-AMBIENTAL.png\",\"width\":433,\"height\":250,\"caption\":\"Patagonia Ambiental\"},\"image\":{\"@id\":\"https:\\\/\\\/patagoniambiental.com.ar\\\/info\\\/#\\\/schema\\\/logo\\\/image\\\/\"},\"sameAs\":[\"https:\\\/\\\/www.facebook.com\\\/patagonia.ambiental\",\"https:\\\/\\\/x.com\\\/PatAmb\"]},{\"@type\":\"Person\",\"@id\":\"https:\\\/\\\/patagoniambiental.com.ar\\\/info\\\/#\\\/schema\\\/person\\\/db12bff64bbcbf6a253710bf0ea37b5d\",\"name\":\"Patagonia Ambiental\",\"description\":\"Andr\u00e9s Nievas T\u00e9cnico en manejo ambiental, consultor Ambiental y escritor para medios locales e internacionales sobre temas de geopolitica y medio ambiente.\",\"sameAs\":[\"http:\\\/\\\/www.patagoniambiental.com.ar\",\"https:\\\/\\\/www.facebook.com\\\/share\\\/1C1V8Gv9BX\\\/?mibextid=qi2Omg\",\"@patagoniambiental\",\"https:\\\/\\\/youtube.com\\\/@patagoniaambiental2023?si=BLt58t0wuXquxlYZ\"]}]}<\/script>\n<!-- \/ Yoast SEO Premium plugin. -->","yoast_head_json":{"title":"Mapuches bloquean el ingreso de la CEB para reparar una l\u00ednea en Villa Mascardi","robots":{"index":"index","follow":"follow","max-snippet":"max-snippet:-1","max-image-preview":"max-image-preview:large","max-video-preview":"max-video-preview:-1"},"canonical":"https:\/\/patagoniambiental.com.ar\/info\/mapuches-bloquean-el-ingreso-de-la-ceb-para-reparar-una-linea-en-villa-mascardi\/","og_locale":"es_ES","og_type":"article","og_title":"Mapuches bloquean el ingreso de la CEB para reparar una l\u00ednea en Villa Mascardi","og_description":"Villa Mascardi.-La l\u00ednea Mascardi tuvo una falla pero los operarios no pudieron ingresar. Presentaron una denuncia en el Juzgado Federal.","og_url":"https:\/\/patagoniambiental.com.ar\/info\/mapuches-bloquean-el-ingreso-de-la-ceb-para-reparar-una-linea-en-villa-mascardi\/","og_site_name":"Patagonia Ambiental","article_publisher":"https:\/\/www.facebook.com\/patagonia.ambiental","article_author":"https:\/\/www.facebook.com\/share\/1C1V8Gv9BX\/?mibextid=qi2Omg","article_published_time":"2017-11-15T22:00:32+00:00","og_image":[{"width":564,"height":313,"url":"https:\/\/patagoniambiental.com.ar\/info\/wp-content\/uploads\/2017\/11\/bd48762d-a45d-56cd-b84e-356daa8a089a_low.jpg","type":"image\/jpeg"}],"author":"Patagonia Ambiental","twitter_card":"summary_large_image","twitter_creator":"@PatAmb","twitter_site":"@PatAmb","schema":{"@context":"https:\/\/schema.org","@graph":[{"@type":"Article","@id":"https:\/\/patagoniambiental.com.ar\/info\/mapuches-bloquean-el-ingreso-de-la-ceb-para-reparar-una-linea-en-villa-mascardi\/#article","isPartOf":{"@id":"https:\/\/patagoniambiental.com.ar\/info\/mapuches-bloquean-el-ingreso-de-la-ceb-para-reparar-una-linea-en-villa-mascardi\/"},"author":{"name":"Patagonia Ambiental","@id":"https:\/\/patagoniambiental.com.ar\/info\/#\/schema\/person\/db12bff64bbcbf6a253710bf0ea37b5d"},"headline":"Mapuches bloquean el ingreso de la CEB para reparar una l\u00ednea en Villa Mascardi","datePublished":"2017-11-15T22:00:32+00:00","mainEntityOfPage":{"@id":"https:\/\/patagoniambiental.com.ar\/info\/mapuches-bloquean-el-ingreso-de-la-ceb-para-reparar-una-linea-en-villa-mascardi\/"},"wordCount":274,"commentCount":0,"publisher":{"@id":"https:\/\/patagoniambiental.com.ar\/info\/#organization"},"image":{"@id":"https:\/\/patagoniambiental.com.ar\/info\/mapuches-bloquean-el-ingreso-de-la-ceb-para-reparar-una-linea-en-villa-mascardi\/#primaryimage"},"thumbnailUrl":"https:\/\/patagoniambiental.com.ar\/info\/wp-content\/uploads\/2017\/11\/bd48762d-a45d-56cd-b84e-356daa8a089a_low.jpg","articleSection":["Noticias","Provinciales","R\u00edo Negro"],"inLanguage":"es","potentialAction":[{"@type":"CommentAction","name":"Comment","target":["https:\/\/patagoniambiental.com.ar\/info\/mapuches-bloquean-el-ingreso-de-la-ceb-para-reparar-una-linea-en-villa-mascardi\/#respond"]}]},{"@type":"WebPage","@id":"https:\/\/patagoniambiental.com.ar\/info\/mapuches-bloquean-el-ingreso-de-la-ceb-para-reparar-una-linea-en-villa-mascardi\/","url":"https:\/\/patagoniambiental.com.ar\/info\/mapuches-bloquean-el-ingreso-de-la-ceb-para-reparar-una-linea-en-villa-mascardi\/","name":"Mapuches bloquean el ingreso de la CEB para reparar una l\u00ednea en Villa Mascardi","isPartOf":{"@id":"https:\/\/patagoniambiental.com.ar\/info\/#website"},"primaryImageOfPage":{"@id":"https:\/\/patagoniambiental.com.ar\/info\/mapuches-bloquean-el-ingreso-de-la-ceb-para-reparar-una-linea-en-villa-mascardi\/#primaryimage"},"image":{"@id":"https:\/\/patagoniambiental.com.ar\/info\/mapuches-bloquean-el-ingreso-de-la-ceb-para-reparar-una-linea-en-villa-mascardi\/#primaryimage"},"thumbnailUrl":"https:\/\/patagoniambiental.com.ar\/info\/wp-content\/uploads\/2017\/11\/bd48762d-a45d-56cd-b84e-356daa8a089a_low.jpg","datePublished":"2017-11-15T22:00:32+00:00","breadcrumb":{"@id":"https:\/\/patagoniambiental.com.ar\/info\/mapuches-bloquean-el-ingreso-de-la-ceb-para-reparar-una-linea-en-villa-mascardi\/#breadcrumb"},"inLanguage":"es","potentialAction":[{"@type":"ReadAction","target":["https:\/\/patagoniambiental.com.ar\/info\/mapuches-bloquean-el-ingreso-de-la-ceb-para-reparar-una-linea-en-villa-mascardi\/"]}]},{"@type":"ImageObject","inLanguage":"es","@id":"https:\/\/patagoniambiental.com.ar\/info\/mapuches-bloquean-el-ingreso-de-la-ceb-para-reparar-una-linea-en-villa-mascardi\/#primaryimage","url":"https:\/\/patagoniambiental.com.ar\/info\/wp-content\/uploads\/2017\/11\/bd48762d-a45d-56cd-b84e-356daa8a089a_low.jpg","contentUrl":"https:\/\/patagoniambiental.com.ar\/info\/wp-content\/uploads\/2017\/11\/bd48762d-a45d-56cd-b84e-356daa8a089a_low.jpg","width":564,"height":313},{"@type":"BreadcrumbList","@id":"https:\/\/patagoniambiental.com.ar\/info\/mapuches-bloquean-el-ingreso-de-la-ceb-para-reparar-una-linea-en-villa-mascardi\/#breadcrumb","itemListElement":[{"@type":"ListItem","position":1,"name":"Inicio","item":"https:\/\/patagoniambiental.com.ar\/info\/"},{"@type":"ListItem","position":2,"name":"Mapuches bloquean el ingreso de la CEB para reparar una l\u00ednea en Villa Mascardi"}]},{"@type":"WebSite","@id":"https:\/\/patagoniambiental.com.ar\/info\/#website","url":"https:\/\/patagoniambiental.com.ar\/info\/","name":"Patagonia Ambiental","description":"Monitoreo y an\u00e1lisis de la situaci\u00f3n geopol\u00edtica en el mundo y su implicancia en la Patagonia","publisher":{"@id":"https:\/\/patagoniambiental.com.ar\/info\/#organization"},"potentialAction":[{"@type":"SearchAction","target":{"@type":"EntryPoint","urlTemplate":"https:\/\/patagoniambiental.com.ar\/info\/?s={search_term_string}"},"query-input":{"@type":"PropertyValueSpecification","valueRequired":true,"valueName":"search_term_string"}}],"inLanguage":"es"},{"@type":"Organization","@id":"https:\/\/patagoniambiental.com.ar\/info\/#organization","name":"Patagonia Ambiental","url":"https:\/\/patagoniambiental.com.ar\/info\/","logo":{"@type":"ImageObject","inLanguage":"es","@id":"https:\/\/patagoniambiental.com.ar\/info\/#\/schema\/logo\/image\/","url":"https:\/\/patagoniambiental.com.ar\/info\/wp-content\/uploads\/2025\/05\/LOGO-PATAGONIA-AMBIENTAL.png","contentUrl":"https:\/\/patagoniambiental.com.ar\/info\/wp-content\/uploads\/2025\/05\/LOGO-PATAGONIA-AMBIENTAL.png","width":433,"height":250,"caption":"Patagonia Ambiental"},"image":{"@id":"https:\/\/patagoniambiental.com.ar\/info\/#\/schema\/logo\/image\/"},"sameAs":["https:\/\/www.facebook.com\/patagonia.ambiental","https:\/\/x.com\/PatAmb"]},{"@type":"Person","@id":"https:\/\/patagoniambiental.com.ar\/info\/#\/schema\/person\/db12bff64bbcbf6a253710bf0ea37b5d","name":"Patagonia Ambiental","description":"Andr\u00e9s Nievas T\u00e9cnico en manejo ambiental, consultor Ambiental y escritor para medios locales e internacionales sobre temas de geopolitica y medio ambiente.","sameAs":["http:\/\/www.patagoniambiental.com.ar","https:\/\/www.facebook.com\/share\/1C1V8Gv9BX\/?mibextid=qi2Omg","@patagoniambiental","https:\/\/youtube.com\/@patagoniaambiental2023?si=BLt58t0wuXquxlYZ"]}]}},"_links":{"self":[{"href":"https:\/\/patagoniambiental.com.ar\/info\/wp-json\/wp\/v2\/posts\/38291","targetHints":{"allow":["GET"]}}],"collection":[{"href":"https:\/\/patagoniambiental.com.ar\/info\/wp-json\/wp\/v2\/posts"}],"about":[{"href":"https:\/\/patagoniambiental.com.ar\/info\/wp-json\/wp\/v2\/types\/post"}],"author":[{"embeddable":true,"href":"https:\/\/patagoniambiental.com.ar\/info\/wp-json\/wp\/v2\/users\/2"}],"replies":[{"embeddable":true,"href":"https:\/\/patagoniambiental.com.ar\/info\/wp-json\/wp\/v2\/comments?post=38291"}],"version-history":[{"count":0,"href":"https:\/\/patagoniambiental.com.ar\/info\/wp-json\/wp\/v2\/posts\/38291\/revisions"}],"wp:featuredmedia":[{"embeddable":true,"href":"https:\/\/patagoniambiental.com.ar\/info\/wp-json\/wp\/v2\/media\/38292"}],"wp:attachment":[{"href":"https:\/\/patagoniambiental.com.ar\/info\/wp-json\/wp\/v2\/media?parent=38291"}],"wp:term":[{"taxonomy":"category","embeddable":true,"href":"https:\/\/patagoniambiental.com.ar\/info\/wp-json\/wp\/v2\/categories?post=38291"},{"taxonomy":"post_tag","embeddable":true,"href":"https:\/\/patagoniambiental.com.ar\/info\/wp-json\/wp\/v2\/tags?post=38291"}],"curies":[{"name":"wp","href":"https:\/\/api.w.org\/{rel}","templated":true}]}}