{"id":38306,"date":"2017-11-16T09:00:31","date_gmt":"2017-11-16T12:00:31","guid":{"rendered":"http:\/\/patagoniambiental.com.ar\/info\/?p=38306"},"modified":"2017-11-15T21:20:09","modified_gmt":"2017-11-16T00:20:09","slug":"madryn-tiene-la-primera-casa-de-la-patagonia-alimentada-por-energia-solar","status":"publish","type":"post","link":"https:\/\/patagoniambiental.com.ar\/info\/madryn-tiene-la-primera-casa-de-la-patagonia-alimentada-por-energia-solar\/","title":{"rendered":"Madryn tiene la primera casa de la Patagonia alimentada por energ\u00eda solar"},"content":{"rendered":"<div class=\"np_titulo\">\n<div id=\"main_body\" class=\"central no-item central_interior puerto-madryn,edicion-impresa\">\n<div class=\"np_nota_descripcion\">\n<p>PUERTO MADRYN.- Anticip\u00e1ndose a la vigencia de la reglamentaci\u00f3n de la ley de generadores el\u00e9ctricos domiciliarios, se pone en funcionamiento la primera vivienda patag\u00f3nica con energ\u00eda solar, conectada a la Red el\u00e9ctrica, sistema denominado \u201cOn Grid\u201d, seg\u00fan inform\u00f3 Sergio An\u00edbal Bustos, emprendedor en materia de energ\u00edas limpias de la ciudad.<\/p>\n<\/div>\n<div>\n<div>\n<div id=\"notapage_texto\" class=\"notapage_cuerpo\">\n<p>Su empresa trabaja con sistemas renovables de generaci\u00f3n el\u00e9ctrica dese hace casi 15 a\u00f1os, en sistemas rurales o aislados, ya sea en e\u00f3lica, solar o h\u00edbridos.<\/p>\n<p>En esta oportunidad inicia la experiencia con una potencia de casi 1.5 kw, con lo cual espera generar suficiente energ\u00eda anual como para compensar 70%el consumo del \u00a0anual de la vivienda 200 metros cuadrados.<\/p>\n<p>Para lograr esta experiencia es necesario disponer de la conexi\u00f3n a la Red, para poder realizar las pruebas.<br \/>\nPor ello, al momento de informar sobre este proyecto a autoridades de Servicoop, se los invit\u00f3 a participar de la misma, dentro de los aspectos t\u00e9cnicos, \u00a0y lograr resolver algunas dudas \u00a0que pudieran tener sobre su aplicaci\u00f3n.<\/p>\n<p>\u201cAs\u00ed es que estamos actuando en forma conjunta. Nosotros dentro de la vivienda y ellos desde el medidor hacia la red\u201d, indic\u00f3 Bustos.<\/p>\n<p>Cabe aclarar que el sistema funcionar\u00e1 On Gride, solamente bajo la supervisi\u00f3n y autorizaci\u00f3n de Servicoop, fuera de esos momentos solo funcionar\u00e1 OFF GRID, siendo la energ\u00eda generada consumida por la vivienda.<\/p>\n<p>\u201cDentro del proyecto se ha considera poder agregar valor local, es decir, que alguna parte de los componentes puedan ser fabricados en la regi\u00f3n.<\/p>\n<p>rimeramente trabajamos en la parte de soportes, (que tiene una incidencia en el costo bastante importante), en esta oportunidad se fabricaron y colocaron perfiles para techos planos, mucho m\u00e1s econ\u00f3micos y con buena practicidad en su colocaci\u00f3n, y estamos desarrollando estructuras m\u00e1s complejas que permitan el posicionamiento de los paneles, buscando el \u00e1ngulo de mayor rendimiento en las distintas \u00e9pocas de a\u00f1o\u201d, indic\u00f3.<\/p>\n<p>Bustos agreg\u00f3 que \u201crecordemos que estas instalaciones tiene una vida \u00fatil que llega a los 20 a\u00f1os, con mantenimientos simples, que puede hacerlo el propietario de la vivienda\u201d.<\/p>\n<p>Por \u00faltimo, indic\u00f3 que \u201ctambi\u00e9n nos reconforta ser los primeros en realizar esta experiencia en Madryn, haciendo un \u00a0aporte en una ciudad que se posiciona firmemente como Sede Regional de los tema Energ\u00edas Renovables, concretamente lo vemos en hechos como: Madryn Ciudad Inteligente, Innumerables eventos de capacitaci\u00f3n y difusi\u00f3n sobre el tema, realizados por CIMA, Medio Ambiente, Ciencia \u00a0y Tecnolog\u00eda, Universidades, INTI, Producci\u00f3n, etc, y particulares como ALTEC, entre otros\u201d.<\/p>\n<\/div>\n<\/div>\n<div class=\"ppp ppp_P6 ppp_desktop\">\u00a0Fuente:\u00a0http:\/\/www.elchubut.com.ar\/nota\/2017-11-14-22-13-23-primera-vivienda-patagonica-alimentada-por-energia-solar<\/div>\n<\/div>\n<\/div>\n<\/div>\n<div id=\"main_body\" class=\"central no-item central_interior puerto-madryn,edicion-impresa\"><\/div>\n","protected":false},"excerpt":{"rendered":"<p>PUERTO MADRYN.- Anticip\u00e1ndose a la vigencia de la reglamentaci\u00f3n de la ley de generadores el\u00e9ctricos domiciliarios, se pone en funcionamiento [&hellip;]<\/p>\n","protected":false},"author":2,"featured_media":38307,"comment_status":"open","ping_status":"open","sticky":false,"template":"","format":"standard","meta":{"site-sidebar-layout":"default","site-content-layout":"","ast-site-content-layout":"default","site-content-style":"default","site-sidebar-style":"default","ast-global-header-display":"","ast-banner-title-visibility":"","ast-main-header-display":"","ast-hfb-above-header-display":"","ast-hfb-below-header-display":"","ast-hfb-mobile-header-display":"","site-post-title":"","ast-breadcrumbs-content":"","ast-featured-img":"","footer-sml-layout":"","ast-disable-related-posts":"","theme-transparent-header-meta":"","adv-header-id-meta":"","stick-header-meta":"","header-above-stick-meta":"","header-main-stick-meta":"","header-below-stick-meta":"","astra-migrate-meta-layouts":"default","ast-page-background-enabled":"default","ast-page-background-meta":{"desktop":{"background-color":"var(--ast-global-color-5)","background-image":"","background-repeat":"repeat","background-position":"center center","background-size":"auto","background-attachment":"scroll","background-type":"","background-media":"","overlay-type":"","overlay-color":"","overlay-opacity":"","overlay-gradient":""},"tablet":{"background-color":"","background-image":"","background-repeat":"repeat","background-position":"center center","background-size":"auto","background-attachment":"scroll","background-type":"","background-media":"","overlay-type":"","overlay-color":"","overlay-opacity":"","overlay-gradient":""},"mobile":{"background-color":"","background-image":"","background-repeat":"repeat","background-position":"center center","background-size":"auto","background-attachment":"scroll","background-type":"","background-media":"","overlay-type":"","overlay-color":"","overlay-opacity":"","overlay-gradient":""}},"ast-content-background-meta":{"desktop":{"background-color":"var(--ast-global-color-4)","background-image":"","background-repeat":"repeat","background-position":"center center","background-size":"auto","background-attachment":"scroll","background-type":"","background-media":"","overlay-type":"","overlay-color":"","overlay-opacity":"","overlay-gradient":""},"tablet":{"background-color":"var(--ast-global-color-4)","background-image":"","background-repeat":"repeat","background-position":"center center","background-size":"auto","background-attachment":"scroll","background-type":"","background-media":"","overlay-type":"","overlay-color":"","overlay-opacity":"","overlay-gradient":""},"mobile":{"background-color":"var(--ast-global-color-4)","background-image":"","background-repeat":"repeat","background-position":"center center","background-size":"auto","background-attachment":"scroll","background-type":"","background-media":"","overlay-type":"","overlay-color":"","overlay-opacity":"","overlay-gradient":""}},"footnotes":""},"categories":[46,1,10],"tags":[],"class_list":["post-38306","post","type-post","status-publish","format-standard","has-post-thumbnail","hentry","category-municipios","category-noticias","category-rotador"],"yoast_head":"<!-- This site is optimized with the Yoast SEO Premium plugin v23.0 (Yoast SEO v27.4) - https:\/\/yoast.com\/product\/yoast-seo-premium-wordpress\/ -->\n<title>Madryn tiene la primera casa de la Patagonia alimentada por energ\u00eda solar<\/title>\n<meta name=\"robots\" content=\"index, follow, max-snippet:-1, max-image-preview:large, max-video-preview:-1\" \/>\n<link rel=\"canonical\" href=\"https:\/\/patagoniambiental.com.ar\/info\/madryn-tiene-la-primera-casa-de-la-patagonia-alimentada-por-energia-solar\/\" \/>\n<meta property=\"og:locale\" content=\"es_ES\" \/>\n<meta property=\"og:type\" content=\"article\" \/>\n<meta property=\"og:title\" content=\"Madryn tiene la primera casa de la Patagonia alimentada por energ\u00eda solar\" \/>\n<meta property=\"og:description\" content=\"PUERTO MADRYN.- Anticip\u00e1ndose a la vigencia de la reglamentaci\u00f3n de la ley de generadores el\u00e9ctricos domiciliarios, se pone en funcionamiento [&hellip;]\" \/>\n<meta property=\"og:url\" content=\"https:\/\/patagoniambiental.com.ar\/info\/madryn-tiene-la-primera-casa-de-la-patagonia-alimentada-por-energia-solar\/\" \/>\n<meta property=\"og:site_name\" content=\"Patagonia Ambiental\" \/>\n<meta property=\"article:publisher\" content=\"https:\/\/www.facebook.com\/patagonia.ambiental\" \/>\n<meta property=\"article:author\" content=\"https:\/\/www.facebook.com\/share\/1C1V8Gv9BX\/?mibextid=qi2Omg\" \/>\n<meta property=\"article:published_time\" content=\"2017-11-16T12:00:31+00:00\" \/>\n<meta property=\"og:image\" content=\"https:\/\/patagoniambiental.com.ar\/info\/wp-content\/uploads\/2017\/11\/casa-con-paneles-madryn.jpg\" \/>\n\t<meta property=\"og:image:width\" content=\"1280\" \/>\n\t<meta property=\"og:image:height\" content=\"780\" \/>\n\t<meta property=\"og:image:type\" content=\"image\/jpeg\" \/>\n<meta name=\"author\" content=\"Patagonia Ambiental\" \/>\n<meta name=\"twitter:card\" content=\"summary_large_image\" \/>\n<meta name=\"twitter:creator\" content=\"@PatAmb\" \/>\n<meta name=\"twitter:site\" content=\"@PatAmb\" \/>\n<script type=\"application\/ld+json\" class=\"yoast-schema-graph\">{\"@context\":\"https:\\\/\\\/schema.org\",\"@graph\":[{\"@type\":\"Article\",\"@id\":\"https:\\\/\\\/patagoniambiental.com.ar\\\/info\\\/madryn-tiene-la-primera-casa-de-la-patagonia-alimentada-por-energia-solar\\\/#article\",\"isPartOf\":{\"@id\":\"https:\\\/\\\/patagoniambiental.com.ar\\\/info\\\/madryn-tiene-la-primera-casa-de-la-patagonia-alimentada-por-energia-solar\\\/\"},\"author\":{\"name\":\"Patagonia Ambiental\",\"@id\":\"https:\\\/\\\/patagoniambiental.com.ar\\\/info\\\/#\\\/schema\\\/person\\\/db12bff64bbcbf6a253710bf0ea37b5d\"},\"headline\":\"Madryn tiene la primera casa de la Patagonia alimentada por energ\u00eda solar\",\"datePublished\":\"2017-11-16T12:00:31+00:00\",\"mainEntityOfPage\":{\"@id\":\"https:\\\/\\\/patagoniambiental.com.ar\\\/info\\\/madryn-tiene-la-primera-casa-de-la-patagonia-alimentada-por-energia-solar\\\/\"},\"wordCount\":462,\"commentCount\":0,\"publisher\":{\"@id\":\"https:\\\/\\\/patagoniambiental.com.ar\\\/info\\\/#organization\"},\"image\":{\"@id\":\"https:\\\/\\\/patagoniambiental.com.ar\\\/info\\\/madryn-tiene-la-primera-casa-de-la-patagonia-alimentada-por-energia-solar\\\/#primaryimage\"},\"thumbnailUrl\":\"https:\\\/\\\/patagoniambiental.com.ar\\\/info\\\/wp-content\\\/uploads\\\/2017\\\/11\\\/casa-con-paneles-madryn.jpg\",\"articleSection\":[\"Municipios\",\"Noticias\",\"Rotador\"],\"inLanguage\":\"es\",\"potentialAction\":[{\"@type\":\"CommentAction\",\"name\":\"Comment\",\"target\":[\"https:\\\/\\\/patagoniambiental.com.ar\\\/info\\\/madryn-tiene-la-primera-casa-de-la-patagonia-alimentada-por-energia-solar\\\/#respond\"]}]},{\"@type\":\"WebPage\",\"@id\":\"https:\\\/\\\/patagoniambiental.com.ar\\\/info\\\/madryn-tiene-la-primera-casa-de-la-patagonia-alimentada-por-energia-solar\\\/\",\"url\":\"https:\\\/\\\/patagoniambiental.com.ar\\\/info\\\/madryn-tiene-la-primera-casa-de-la-patagonia-alimentada-por-energia-solar\\\/\",\"name\":\"Madryn tiene la primera casa de la Patagonia alimentada por energ\u00eda solar\",\"isPartOf\":{\"@id\":\"https:\\\/\\\/patagoniambiental.com.ar\\\/info\\\/#website\"},\"primaryImageOfPage\":{\"@id\":\"https:\\\/\\\/patagoniambiental.com.ar\\\/info\\\/madryn-tiene-la-primera-casa-de-la-patagonia-alimentada-por-energia-solar\\\/#primaryimage\"},\"image\":{\"@id\":\"https:\\\/\\\/patagoniambiental.com.ar\\\/info\\\/madryn-tiene-la-primera-casa-de-la-patagonia-alimentada-por-energia-solar\\\/#primaryimage\"},\"thumbnailUrl\":\"https:\\\/\\\/patagoniambiental.com.ar\\\/info\\\/wp-content\\\/uploads\\\/2017\\\/11\\\/casa-con-paneles-madryn.jpg\",\"datePublished\":\"2017-11-16T12:00:31+00:00\",\"breadcrumb\":{\"@id\":\"https:\\\/\\\/patagoniambiental.com.ar\\\/info\\\/madryn-tiene-la-primera-casa-de-la-patagonia-alimentada-por-energia-solar\\\/#breadcrumb\"},\"inLanguage\":\"es\",\"potentialAction\":[{\"@type\":\"ReadAction\",\"target\":[\"https:\\\/\\\/patagoniambiental.com.ar\\\/info\\\/madryn-tiene-la-primera-casa-de-la-patagonia-alimentada-por-energia-solar\\\/\"]}]},{\"@type\":\"ImageObject\",\"inLanguage\":\"es\",\"@id\":\"https:\\\/\\\/patagoniambiental.com.ar\\\/info\\\/madryn-tiene-la-primera-casa-de-la-patagonia-alimentada-por-energia-solar\\\/#primaryimage\",\"url\":\"https:\\\/\\\/patagoniambiental.com.ar\\\/info\\\/wp-content\\\/uploads\\\/2017\\\/11\\\/casa-con-paneles-madryn.jpg\",\"contentUrl\":\"https:\\\/\\\/patagoniambiental.com.ar\\\/info\\\/wp-content\\\/uploads\\\/2017\\\/11\\\/casa-con-paneles-madryn.jpg\",\"width\":985,\"height\":600},{\"@type\":\"BreadcrumbList\",\"@id\":\"https:\\\/\\\/patagoniambiental.com.ar\\\/info\\\/madryn-tiene-la-primera-casa-de-la-patagonia-alimentada-por-energia-solar\\\/#breadcrumb\",\"itemListElement\":[{\"@type\":\"ListItem\",\"position\":1,\"name\":\"Inicio\",\"item\":\"https:\\\/\\\/patagoniambiental.com.ar\\\/info\\\/\"},{\"@type\":\"ListItem\",\"position\":2,\"name\":\"Madryn tiene la primera casa de la Patagonia alimentada por energ\u00eda solar\"}]},{\"@type\":\"WebSite\",\"@id\":\"https:\\\/\\\/patagoniambiental.com.ar\\\/info\\\/#website\",\"url\":\"https:\\\/\\\/patagoniambiental.com.ar\\\/info\\\/\",\"name\":\"Patagonia Ambiental\",\"description\":\"Monitoreo y an\u00e1lisis de la situaci\u00f3n geopol\u00edtica en el mundo y su implicancia en la Patagonia\",\"publisher\":{\"@id\":\"https:\\\/\\\/patagoniambiental.com.ar\\\/info\\\/#organization\"},\"potentialAction\":[{\"@type\":\"SearchAction\",\"target\":{\"@type\":\"EntryPoint\",\"urlTemplate\":\"https:\\\/\\\/patagoniambiental.com.ar\\\/info\\\/?s={search_term_string}\"},\"query-input\":{\"@type\":\"PropertyValueSpecification\",\"valueRequired\":true,\"valueName\":\"search_term_string\"}}],\"inLanguage\":\"es\"},{\"@type\":\"Organization\",\"@id\":\"https:\\\/\\\/patagoniambiental.com.ar\\\/info\\\/#organization\",\"name\":\"Patagonia Ambiental\",\"url\":\"https:\\\/\\\/patagoniambiental.com.ar\\\/info\\\/\",\"logo\":{\"@type\":\"ImageObject\",\"inLanguage\":\"es\",\"@id\":\"https:\\\/\\\/patagoniambiental.com.ar\\\/info\\\/#\\\/schema\\\/logo\\\/image\\\/\",\"url\":\"https:\\\/\\\/patagoniambiental.com.ar\\\/info\\\/wp-content\\\/uploads\\\/2025\\\/05\\\/LOGO-PATAGONIA-AMBIENTAL.png\",\"contentUrl\":\"https:\\\/\\\/patagoniambiental.com.ar\\\/info\\\/wp-content\\\/uploads\\\/2025\\\/05\\\/LOGO-PATAGONIA-AMBIENTAL.png\",\"width\":433,\"height\":250,\"caption\":\"Patagonia Ambiental\"},\"image\":{\"@id\":\"https:\\\/\\\/patagoniambiental.com.ar\\\/info\\\/#\\\/schema\\\/logo\\\/image\\\/\"},\"sameAs\":[\"https:\\\/\\\/www.facebook.com\\\/patagonia.ambiental\",\"https:\\\/\\\/x.com\\\/PatAmb\"]},{\"@type\":\"Person\",\"@id\":\"https:\\\/\\\/patagoniambiental.com.ar\\\/info\\\/#\\\/schema\\\/person\\\/db12bff64bbcbf6a253710bf0ea37b5d\",\"name\":\"Patagonia Ambiental\",\"description\":\"Andr\u00e9s Nievas T\u00e9cnico en manejo ambiental, consultor Ambiental y escritor para medios locales e internacionales sobre temas de geopolitica y medio ambiente.\",\"sameAs\":[\"http:\\\/\\\/www.patagoniambiental.com.ar\",\"https:\\\/\\\/www.facebook.com\\\/share\\\/1C1V8Gv9BX\\\/?mibextid=qi2Omg\",\"@patagoniambiental\",\"https:\\\/\\\/youtube.com\\\/@patagoniaambiental2023?si=BLt58t0wuXquxlYZ\"]}]}<\/script>\n<!-- \/ Yoast SEO Premium plugin. -->","yoast_head_json":{"title":"Madryn tiene la primera casa de la Patagonia alimentada por energ\u00eda solar","robots":{"index":"index","follow":"follow","max-snippet":"max-snippet:-1","max-image-preview":"max-image-preview:large","max-video-preview":"max-video-preview:-1"},"canonical":"https:\/\/patagoniambiental.com.ar\/info\/madryn-tiene-la-primera-casa-de-la-patagonia-alimentada-por-energia-solar\/","og_locale":"es_ES","og_type":"article","og_title":"Madryn tiene la primera casa de la Patagonia alimentada por energ\u00eda solar","og_description":"PUERTO MADRYN.- Anticip\u00e1ndose a la vigencia de la reglamentaci\u00f3n de la ley de generadores el\u00e9ctricos domiciliarios, se pone en funcionamiento [&hellip;]","og_url":"https:\/\/patagoniambiental.com.ar\/info\/madryn-tiene-la-primera-casa-de-la-patagonia-alimentada-por-energia-solar\/","og_site_name":"Patagonia Ambiental","article_publisher":"https:\/\/www.facebook.com\/patagonia.ambiental","article_author":"https:\/\/www.facebook.com\/share\/1C1V8Gv9BX\/?mibextid=qi2Omg","article_published_time":"2017-11-16T12:00:31+00:00","og_image":[{"width":1280,"height":780,"url":"https:\/\/patagoniambiental.com.ar\/info\/wp-content\/uploads\/2017\/11\/casa-con-paneles-madryn.jpg","type":"image\/jpeg"}],"author":"Patagonia Ambiental","twitter_card":"summary_large_image","twitter_creator":"@PatAmb","twitter_site":"@PatAmb","schema":{"@context":"https:\/\/schema.org","@graph":[{"@type":"Article","@id":"https:\/\/patagoniambiental.com.ar\/info\/madryn-tiene-la-primera-casa-de-la-patagonia-alimentada-por-energia-solar\/#article","isPartOf":{"@id":"https:\/\/patagoniambiental.com.ar\/info\/madryn-tiene-la-primera-casa-de-la-patagonia-alimentada-por-energia-solar\/"},"author":{"name":"Patagonia Ambiental","@id":"https:\/\/patagoniambiental.com.ar\/info\/#\/schema\/person\/db12bff64bbcbf6a253710bf0ea37b5d"},"headline":"Madryn tiene la primera casa de la Patagonia alimentada por energ\u00eda solar","datePublished":"2017-11-16T12:00:31+00:00","mainEntityOfPage":{"@id":"https:\/\/patagoniambiental.com.ar\/info\/madryn-tiene-la-primera-casa-de-la-patagonia-alimentada-por-energia-solar\/"},"wordCount":462,"commentCount":0,"publisher":{"@id":"https:\/\/patagoniambiental.com.ar\/info\/#organization"},"image":{"@id":"https:\/\/patagoniambiental.com.ar\/info\/madryn-tiene-la-primera-casa-de-la-patagonia-alimentada-por-energia-solar\/#primaryimage"},"thumbnailUrl":"https:\/\/patagoniambiental.com.ar\/info\/wp-content\/uploads\/2017\/11\/casa-con-paneles-madryn.jpg","articleSection":["Municipios","Noticias","Rotador"],"inLanguage":"es","potentialAction":[{"@type":"CommentAction","name":"Comment","target":["https:\/\/patagoniambiental.com.ar\/info\/madryn-tiene-la-primera-casa-de-la-patagonia-alimentada-por-energia-solar\/#respond"]}]},{"@type":"WebPage","@id":"https:\/\/patagoniambiental.com.ar\/info\/madryn-tiene-la-primera-casa-de-la-patagonia-alimentada-por-energia-solar\/","url":"https:\/\/patagoniambiental.com.ar\/info\/madryn-tiene-la-primera-casa-de-la-patagonia-alimentada-por-energia-solar\/","name":"Madryn tiene la primera casa de la Patagonia alimentada por energ\u00eda solar","isPartOf":{"@id":"https:\/\/patagoniambiental.com.ar\/info\/#website"},"primaryImageOfPage":{"@id":"https:\/\/patagoniambiental.com.ar\/info\/madryn-tiene-la-primera-casa-de-la-patagonia-alimentada-por-energia-solar\/#primaryimage"},"image":{"@id":"https:\/\/patagoniambiental.com.ar\/info\/madryn-tiene-la-primera-casa-de-la-patagonia-alimentada-por-energia-solar\/#primaryimage"},"thumbnailUrl":"https:\/\/patagoniambiental.com.ar\/info\/wp-content\/uploads\/2017\/11\/casa-con-paneles-madryn.jpg","datePublished":"2017-11-16T12:00:31+00:00","breadcrumb":{"@id":"https:\/\/patagoniambiental.com.ar\/info\/madryn-tiene-la-primera-casa-de-la-patagonia-alimentada-por-energia-solar\/#breadcrumb"},"inLanguage":"es","potentialAction":[{"@type":"ReadAction","target":["https:\/\/patagoniambiental.com.ar\/info\/madryn-tiene-la-primera-casa-de-la-patagonia-alimentada-por-energia-solar\/"]}]},{"@type":"ImageObject","inLanguage":"es","@id":"https:\/\/patagoniambiental.com.ar\/info\/madryn-tiene-la-primera-casa-de-la-patagonia-alimentada-por-energia-solar\/#primaryimage","url":"https:\/\/patagoniambiental.com.ar\/info\/wp-content\/uploads\/2017\/11\/casa-con-paneles-madryn.jpg","contentUrl":"https:\/\/patagoniambiental.com.ar\/info\/wp-content\/uploads\/2017\/11\/casa-con-paneles-madryn.jpg","width":985,"height":600},{"@type":"BreadcrumbList","@id":"https:\/\/patagoniambiental.com.ar\/info\/madryn-tiene-la-primera-casa-de-la-patagonia-alimentada-por-energia-solar\/#breadcrumb","itemListElement":[{"@type":"ListItem","position":1,"name":"Inicio","item":"https:\/\/patagoniambiental.com.ar\/info\/"},{"@type":"ListItem","position":2,"name":"Madryn tiene la primera casa de la Patagonia alimentada por energ\u00eda solar"}]},{"@type":"WebSite","@id":"https:\/\/patagoniambiental.com.ar\/info\/#website","url":"https:\/\/patagoniambiental.com.ar\/info\/","name":"Patagonia Ambiental","description":"Monitoreo y an\u00e1lisis de la situaci\u00f3n geopol\u00edtica en el mundo y su implicancia en la Patagonia","publisher":{"@id":"https:\/\/patagoniambiental.com.ar\/info\/#organization"},"potentialAction":[{"@type":"SearchAction","target":{"@type":"EntryPoint","urlTemplate":"https:\/\/patagoniambiental.com.ar\/info\/?s={search_term_string}"},"query-input":{"@type":"PropertyValueSpecification","valueRequired":true,"valueName":"search_term_string"}}],"inLanguage":"es"},{"@type":"Organization","@id":"https:\/\/patagoniambiental.com.ar\/info\/#organization","name":"Patagonia Ambiental","url":"https:\/\/patagoniambiental.com.ar\/info\/","logo":{"@type":"ImageObject","inLanguage":"es","@id":"https:\/\/patagoniambiental.com.ar\/info\/#\/schema\/logo\/image\/","url":"https:\/\/patagoniambiental.com.ar\/info\/wp-content\/uploads\/2025\/05\/LOGO-PATAGONIA-AMBIENTAL.png","contentUrl":"https:\/\/patagoniambiental.com.ar\/info\/wp-content\/uploads\/2025\/05\/LOGO-PATAGONIA-AMBIENTAL.png","width":433,"height":250,"caption":"Patagonia Ambiental"},"image":{"@id":"https:\/\/patagoniambiental.com.ar\/info\/#\/schema\/logo\/image\/"},"sameAs":["https:\/\/www.facebook.com\/patagonia.ambiental","https:\/\/x.com\/PatAmb"]},{"@type":"Person","@id":"https:\/\/patagoniambiental.com.ar\/info\/#\/schema\/person\/db12bff64bbcbf6a253710bf0ea37b5d","name":"Patagonia Ambiental","description":"Andr\u00e9s Nievas T\u00e9cnico en manejo ambiental, consultor Ambiental y escritor para medios locales e internacionales sobre temas de geopolitica y medio ambiente.","sameAs":["http:\/\/www.patagoniambiental.com.ar","https:\/\/www.facebook.com\/share\/1C1V8Gv9BX\/?mibextid=qi2Omg","@patagoniambiental","https:\/\/youtube.com\/@patagoniaambiental2023?si=BLt58t0wuXquxlYZ"]}]}},"_links":{"self":[{"href":"https:\/\/patagoniambiental.com.ar\/info\/wp-json\/wp\/v2\/posts\/38306","targetHints":{"allow":["GET"]}}],"collection":[{"href":"https:\/\/patagoniambiental.com.ar\/info\/wp-json\/wp\/v2\/posts"}],"about":[{"href":"https:\/\/patagoniambiental.com.ar\/info\/wp-json\/wp\/v2\/types\/post"}],"author":[{"embeddable":true,"href":"https:\/\/patagoniambiental.com.ar\/info\/wp-json\/wp\/v2\/users\/2"}],"replies":[{"embeddable":true,"href":"https:\/\/patagoniambiental.com.ar\/info\/wp-json\/wp\/v2\/comments?post=38306"}],"version-history":[{"count":0,"href":"https:\/\/patagoniambiental.com.ar\/info\/wp-json\/wp\/v2\/posts\/38306\/revisions"}],"wp:featuredmedia":[{"embeddable":true,"href":"https:\/\/patagoniambiental.com.ar\/info\/wp-json\/wp\/v2\/media\/38307"}],"wp:attachment":[{"href":"https:\/\/patagoniambiental.com.ar\/info\/wp-json\/wp\/v2\/media?parent=38306"}],"wp:term":[{"taxonomy":"category","embeddable":true,"href":"https:\/\/patagoniambiental.com.ar\/info\/wp-json\/wp\/v2\/categories?post=38306"},{"taxonomy":"post_tag","embeddable":true,"href":"https:\/\/patagoniambiental.com.ar\/info\/wp-json\/wp\/v2\/tags?post=38306"}],"curies":[{"name":"wp","href":"https:\/\/api.w.org\/{rel}","templated":true}]}}