{"id":38313,"date":"2017-11-16T09:00:16","date_gmt":"2017-11-16T12:00:16","guid":{"rendered":"http:\/\/patagoniambiental.com.ar\/info\/?p=38313"},"modified":"2017-11-15T21:28:59","modified_gmt":"2017-11-16T00:28:59","slug":"el-conicet-colabora-en-un-proyecto-de-generar-energia-utilizando-desechos-agropecuarios","status":"publish","type":"post","link":"https:\/\/patagoniambiental.com.ar\/info\/el-conicet-colabora-en-un-proyecto-de-generar-energia-utilizando-desechos-agropecuarios\/","title":{"rendered":"El Conicet colabora en un proyecto de generar energ\u00eda utilizando desechos agropecuarios"},"content":{"rendered":"<p>Hay proyectos de investigaci\u00f3n que toman fuerza y pasan del papel y de a\u00f1os de estudio a lo material, a la comunidad, a la pol\u00edtica, a lo cotidiano. Para eso, se necesita sinergia, trabajo en equipo, transdisciplina y un tema que una.<br \/>\nLa comunidad de Los Pinos, a 16 kil\u00f3metros de Balcarce, provincia de Buenos Aires, sumaba todo: contaminaci\u00f3n ambiental, problemas energ\u00e9ticos, un municipio dispuesto y una investigadora comprometida que decidi\u00f3 ponerse al hombro con mucha pasi\u00f3n un proyecto de gran impacto para los 337 habitantes\u2026y para muchos m\u00e1s.<\/p>\n<p><strong>Desde el Conicet<\/strong><\/p>\n<p>Mercedes Echarte es investigadora adjunta del Consejo Nacional de Investigaciones Cient\u00edficas y T\u00e9cnicas (CONICET) con lugar de trabajo en la Estaci\u00f3n Experimental Agropecuaria Balcarce del Centro Regional Buenos Aires Sur del Instituto Nacional de Tecnolog\u00eda Agropecuaria (INTA). Nacida en Balcarce, vive all\u00ed con su familia luego de 18 a\u00f1os de estudiar y trabajar en Buenos Aires. Conoce sus calles, su gente y sus problem\u00e1ticas. Y fue todo eso, sumado a su conocimiento del contexto ambiental de la Argentina y la provincia de Buenos Aires, lo que la motiv\u00f3 a presentar un proyecto ante la convocatoria del Instituto Alem\u00e1n Wuppertal, para financiar a trav\u00e9s de su iniciativa Wisions, una Unidad de Demostraci\u00f3n de Biog\u00e1s para el desarrollo de Energ\u00eda Rural Sustentable.<br \/>\nLo novedoso de las implicancias de este proyecto no es s\u00f3lo la generaci\u00f3n de biog\u00e1s a trav\u00e9s de los desechos de aves y cerdos, o que se unieron el municipio, la academia y la comunidad, o que los colegios de la comunidad presenten proyectos a nivel nacional para replicar la experiencia, sino que, adem\u00e1s de todo esto, los habitantes de Los Pinos formaron una Cooperativa para poder darle sostenibilidad en el tiempo, demostrando inter\u00e9s, compromiso, deseo de mejora y apuesta al futuro.<br \/>\n\u201cLa vida sin energ\u00eda no podr\u00eda ser posible, es indispensable para el desarrollo humano en la actualidad\u201d indic\u00f3 Echarte en la presentaci\u00f3n del proyecto que se llev\u00f3 a cabo frente a un nutrido auditorio en el \u00c1rea de Agronom\u00eda de la Estaci\u00f3n Experimental Agraria Balcarce y que cont\u00f3 con la presencia de Willington Ortiz, referente de Wuppertal, miembros de la comunidad de Los Pinos, autoridades municipales y gran parte del equipo de investigaci\u00f3n.<\/p>\n<p><strong>Donde hay una necesidad\u2026<\/strong><\/p>\n<p>La matriz energ\u00e9tica de la Argentina es en un 85 por ciento petr\u00f3leo y gas natural, mientras que en la provincia de Buenos Aires el cien por ciento de la energ\u00eda es importada: \u201cNo somos generadores de energ\u00eda renovable y las \u00e1reas rurales tienen el mayor problema por el poco acceso a la distribuci\u00f3n energ\u00e9tica\u201d, afirma Echarte. Otro dato interesante: el 80 por ciento de los lugares poblados del pa\u00eds son \u201cpueblos rurales\u201d, pero las comunidades van perdiendo cada vez m\u00e1s habitantes por el poco acceso a la energ\u00eda, las bajas oportunidades laborales en el campo y los bajos ingresos. Al no tener calidad de vida, hay una gran migraci\u00f3n a las grandes ciudades.<br \/>\nAl mismo tiempo, en la provincia de Buenos Aires existe la problem\u00e1tica ambiental generada por residuos pecuarios ya que hay poco control del tratamiento de efluentes lo que genera contaminaci\u00f3n del agua, del suelo y del aire. Para los productores rurales esto suele ser un gran obst\u00e1culo ya que enfrentan multas y riesgos de clausura permanentes.<br \/>\nLa situaci\u00f3n de Los Pinos es muy parecida a la de muchas comunidades rurales. \u201cPor supuesto, la provincia de Buenos Aires tiene un gran potencial para la cr\u00eda de animales y hay que apoyar esa actividad. Esto es una forma de ayudar a los productores a resolver la situaci\u00f3n de sus residuos de manera favorable para el medio ambiente y la comunidad. La poblaci\u00f3n de Los Pinos genera una gran cantidad de biomasa y faltaba una herramienta que lo transforme en algo \u00fatil\u201d, comenta Mercedes.<br \/>\nLa suma de todos estos elementos es la raz\u00f3n del \u00e9xito del proyecto que lidera la \u201cDra. Achi\u201d como es conocida en su grupo de trabajo y en la comunidad de Los Pinos: la generaci\u00f3n de energ\u00eda con biog\u00e1s es la soluci\u00f3n para diferentes problemas. Y para esto se est\u00e1 realizando la construcci\u00f3n de una planta demostrativa de 100 metros c\u00fabicos que suministrar\u00e1 de manera directa el 10 por ciento de la energ\u00eda requerida por la poblaci\u00f3n.<\/p>\n<p><strong>El proyecto<\/strong><\/p>\n<p>La planta contar\u00e1 con un biodigestor, que es un recipiente que funciona en condiciones de anaerobiosis, es decir en ausencia de ox\u00edgeno. La alimentaci\u00f3n es cotidiana con una mezcla de residuos de cerdos y de aves y cuenta con un primer pilet\u00f3n de mezcla donde los residuos se homogeneizan. A trav\u00e9s de una bomba se env\u00eda el material al biodigestor, donde permanece entre 20 y 30 d\u00edas. Luego de esa etapa de degradaci\u00f3n de la materia org\u00e1nica, se quita el barro semidigerido (que se utiliza como fertilizante). En ese camino se genera el gas que se recupera de la parte superior del recipiente, se acondiciona el gas para uso humano y luego se env\u00eda a trav\u00e9s de una red a los domicilios para ser utilizado por los vecinos.<br \/>\n\u201cEn el equipo hay agr\u00f3nomos, soci\u00f3logos, ingenieros, veterinarios, psic\u00f3logos, economistas y todo esto hizo que se generen dimensiones muy interesantes a la hora de llevar a cabo el proyecto. Hicimos charlas, choripaneadas, nos acercamos para que la comunidad conozca el proyecto y lo tome como propio. Y as\u00ed sucedi\u00f3\u201d, explica Mercedes.<br \/>\nLa cooperativa, que se encuentra en plena formaci\u00f3n, est\u00e1 compuesta por m\u00e1s de 20 habitantes de Los Pinos. Ellos mismos ser\u00e1n los que provean el servicio y mantengan la planta. Pero el grupo que acompa\u00f1a tiene m\u00e1s de 50 personas, porque dicen \u201ces un proyecto que contagia\u201d.<\/p>\n<p>\u201cYo creo que lo que convoca es el objetivo, no importa qui\u00e9n lo lleva adelante. Se alinearon una serie de circunstancias para que el objetivo sea factible de cumplir y que con un tanque de concreto termines resolviendo varios problemas simult\u00e1neos\u201d, agrega Mercedes.<br \/>\nY cierra la entrevista afirmando: \u201cLlega un momento para m\u00e1s de un investigador en que tiene que salir del laboratorio y poner el cuerpo a trav\u00e9s de prestar un servicio en la comunidad en que est\u00e1 inserto. A nivel personal, este proyecto signific\u00f3 un gran aprendizaje que tiene consecuencias e impactos no muy f\u00e1ciles de medir, tuve una gran metamorfosis humana y profesional. Y deseo con todo mi coraz\u00f3n que esto contin\u00fae y crezca\u201d. (Fuente: Conicet)<\/p>\n<div class=\"sharedaddy sd-sharing-enabled\"><\/div>\n","protected":false},"excerpt":{"rendered":"<p>Hay proyectos de investigaci\u00f3n que toman fuerza y pasan del papel y de a\u00f1os de estudio a lo material, a [&hellip;]<\/p>\n","protected":false},"author":2,"featured_media":38314,"comment_status":"open","ping_status":"open","sticky":false,"template":"","format":"standard","meta":{"site-sidebar-layout":"default","site-content-layout":"","ast-site-content-layout":"default","site-content-style":"default","site-sidebar-style":"default","ast-global-header-display":"","ast-banner-title-visibility":"","ast-main-header-display":"","ast-hfb-above-header-display":"","ast-hfb-below-header-display":"","ast-hfb-mobile-header-display":"","site-post-title":"","ast-breadcrumbs-content":"","ast-featured-img":"","footer-sml-layout":"","ast-disable-related-posts":"","theme-transparent-header-meta":"","adv-header-id-meta":"","stick-header-meta":"","header-above-stick-meta":"","header-main-stick-meta":"","header-below-stick-meta":"","astra-migrate-meta-layouts":"default","ast-page-background-enabled":"default","ast-page-background-meta":{"desktop":{"background-color":"var(--ast-global-color-5)","background-image":"","background-repeat":"repeat","background-position":"center center","background-size":"auto","background-attachment":"scroll","background-type":"","background-media":"","overlay-type":"","overlay-color":"","overlay-opacity":"","overlay-gradient":""},"tablet":{"background-color":"","background-image":"","background-repeat":"repeat","background-position":"center center","background-size":"auto","background-attachment":"scroll","background-type":"","background-media":"","overlay-type":"","overlay-color":"","overlay-opacity":"","overlay-gradient":""},"mobile":{"background-color":"","background-image":"","background-repeat":"repeat","background-position":"center center","background-size":"auto","background-attachment":"scroll","background-type":"","background-media":"","overlay-type":"","overlay-color":"","overlay-opacity":"","overlay-gradient":""}},"ast-content-background-meta":{"desktop":{"background-color":"var(--ast-global-color-4)","background-image":"","background-repeat":"repeat","background-position":"center center","background-size":"auto","background-attachment":"scroll","background-type":"","background-media":"","overlay-type":"","overlay-color":"","overlay-opacity":"","overlay-gradient":""},"tablet":{"background-color":"var(--ast-global-color-4)","background-image":"","background-repeat":"repeat","background-position":"center center","background-size":"auto","background-attachment":"scroll","background-type":"","background-media":"","overlay-type":"","overlay-color":"","overlay-opacity":"","overlay-gradient":""},"mobile":{"background-color":"var(--ast-global-color-4)","background-image":"","background-repeat":"repeat","background-position":"center center","background-size":"auto","background-attachment":"scroll","background-type":"","background-media":"","overlay-type":"","overlay-color":"","overlay-opacity":"","overlay-gradient":""}},"footnotes":""},"categories":[19,1],"tags":[],"class_list":["post-38313","post","type-post","status-publish","format-standard","has-post-thumbnail","hentry","category-nacionales","category-noticias"],"yoast_head":"<!-- This site is optimized with the Yoast SEO Premium plugin v23.0 (Yoast SEO v27.4) - https:\/\/yoast.com\/product\/yoast-seo-premium-wordpress\/ -->\n<title>El Conicet colabora en un proyecto de generar energ\u00eda utilizando desechos agropecuarios<\/title>\n<meta name=\"robots\" content=\"index, follow, max-snippet:-1, max-image-preview:large, max-video-preview:-1\" \/>\n<link rel=\"canonical\" href=\"https:\/\/patagoniambiental.com.ar\/info\/el-conicet-colabora-en-un-proyecto-de-generar-energia-utilizando-desechos-agropecuarios\/\" \/>\n<meta property=\"og:locale\" content=\"es_ES\" \/>\n<meta property=\"og:type\" content=\"article\" \/>\n<meta property=\"og:title\" content=\"El Conicet colabora en un proyecto de generar energ\u00eda utilizando desechos agropecuarios\" \/>\n<meta property=\"og:description\" content=\"Hay proyectos de investigaci\u00f3n que toman fuerza y pasan del papel y de a\u00f1os de estudio a lo material, a [&hellip;]\" \/>\n<meta property=\"og:url\" content=\"https:\/\/patagoniambiental.com.ar\/info\/el-conicet-colabora-en-un-proyecto-de-generar-energia-utilizando-desechos-agropecuarios\/\" \/>\n<meta property=\"og:site_name\" content=\"Patagonia Ambiental\" \/>\n<meta property=\"article:publisher\" content=\"https:\/\/www.facebook.com\/patagonia.ambiental\" \/>\n<meta property=\"article:author\" content=\"https:\/\/www.facebook.com\/share\/1C1V8Gv9BX\/?mibextid=qi2Omg\" \/>\n<meta property=\"article:published_time\" content=\"2017-11-16T12:00:16+00:00\" \/>\n<meta property=\"og:image\" content=\"https:\/\/patagoniambiental.com.ar\/info\/wp-content\/uploads\/2017\/11\/biogas1.jpg\" \/>\n\t<meta property=\"og:image:width\" content=\"400\" \/>\n\t<meta property=\"og:image:height\" content=\"225\" \/>\n\t<meta property=\"og:image:type\" content=\"image\/jpeg\" \/>\n<meta name=\"author\" content=\"Patagonia Ambiental\" \/>\n<meta name=\"twitter:card\" content=\"summary_large_image\" \/>\n<meta name=\"twitter:creator\" content=\"@PatAmb\" \/>\n<meta name=\"twitter:site\" content=\"@PatAmb\" \/>\n<script type=\"application\/ld+json\" class=\"yoast-schema-graph\">{\"@context\":\"https:\\\/\\\/schema.org\",\"@graph\":[{\"@type\":\"Article\",\"@id\":\"https:\\\/\\\/patagoniambiental.com.ar\\\/info\\\/el-conicet-colabora-en-un-proyecto-de-generar-energia-utilizando-desechos-agropecuarios\\\/#article\",\"isPartOf\":{\"@id\":\"https:\\\/\\\/patagoniambiental.com.ar\\\/info\\\/el-conicet-colabora-en-un-proyecto-de-generar-energia-utilizando-desechos-agropecuarios\\\/\"},\"author\":{\"name\":\"Patagonia Ambiental\",\"@id\":\"https:\\\/\\\/patagoniambiental.com.ar\\\/info\\\/#\\\/schema\\\/person\\\/db12bff64bbcbf6a253710bf0ea37b5d\"},\"headline\":\"El Conicet colabora en un proyecto de generar energ\u00eda utilizando desechos agropecuarios\",\"datePublished\":\"2017-11-16T12:00:16+00:00\",\"mainEntityOfPage\":{\"@id\":\"https:\\\/\\\/patagoniambiental.com.ar\\\/info\\\/el-conicet-colabora-en-un-proyecto-de-generar-energia-utilizando-desechos-agropecuarios\\\/\"},\"wordCount\":1135,\"commentCount\":0,\"publisher\":{\"@id\":\"https:\\\/\\\/patagoniambiental.com.ar\\\/info\\\/#organization\"},\"image\":{\"@id\":\"https:\\\/\\\/patagoniambiental.com.ar\\\/info\\\/el-conicet-colabora-en-un-proyecto-de-generar-energia-utilizando-desechos-agropecuarios\\\/#primaryimage\"},\"thumbnailUrl\":\"https:\\\/\\\/patagoniambiental.com.ar\\\/info\\\/wp-content\\\/uploads\\\/2017\\\/11\\\/biogas1.jpg\",\"articleSection\":[\"Nacionales\",\"Noticias\"],\"inLanguage\":\"es\",\"potentialAction\":[{\"@type\":\"CommentAction\",\"name\":\"Comment\",\"target\":[\"https:\\\/\\\/patagoniambiental.com.ar\\\/info\\\/el-conicet-colabora-en-un-proyecto-de-generar-energia-utilizando-desechos-agropecuarios\\\/#respond\"]}]},{\"@type\":\"WebPage\",\"@id\":\"https:\\\/\\\/patagoniambiental.com.ar\\\/info\\\/el-conicet-colabora-en-un-proyecto-de-generar-energia-utilizando-desechos-agropecuarios\\\/\",\"url\":\"https:\\\/\\\/patagoniambiental.com.ar\\\/info\\\/el-conicet-colabora-en-un-proyecto-de-generar-energia-utilizando-desechos-agropecuarios\\\/\",\"name\":\"El Conicet colabora en un proyecto de generar energ\u00eda utilizando desechos agropecuarios\",\"isPartOf\":{\"@id\":\"https:\\\/\\\/patagoniambiental.com.ar\\\/info\\\/#website\"},\"primaryImageOfPage\":{\"@id\":\"https:\\\/\\\/patagoniambiental.com.ar\\\/info\\\/el-conicet-colabora-en-un-proyecto-de-generar-energia-utilizando-desechos-agropecuarios\\\/#primaryimage\"},\"image\":{\"@id\":\"https:\\\/\\\/patagoniambiental.com.ar\\\/info\\\/el-conicet-colabora-en-un-proyecto-de-generar-energia-utilizando-desechos-agropecuarios\\\/#primaryimage\"},\"thumbnailUrl\":\"https:\\\/\\\/patagoniambiental.com.ar\\\/info\\\/wp-content\\\/uploads\\\/2017\\\/11\\\/biogas1.jpg\",\"datePublished\":\"2017-11-16T12:00:16+00:00\",\"breadcrumb\":{\"@id\":\"https:\\\/\\\/patagoniambiental.com.ar\\\/info\\\/el-conicet-colabora-en-un-proyecto-de-generar-energia-utilizando-desechos-agropecuarios\\\/#breadcrumb\"},\"inLanguage\":\"es\",\"potentialAction\":[{\"@type\":\"ReadAction\",\"target\":[\"https:\\\/\\\/patagoniambiental.com.ar\\\/info\\\/el-conicet-colabora-en-un-proyecto-de-generar-energia-utilizando-desechos-agropecuarios\\\/\"]}]},{\"@type\":\"ImageObject\",\"inLanguage\":\"es\",\"@id\":\"https:\\\/\\\/patagoniambiental.com.ar\\\/info\\\/el-conicet-colabora-en-un-proyecto-de-generar-energia-utilizando-desechos-agropecuarios\\\/#primaryimage\",\"url\":\"https:\\\/\\\/patagoniambiental.com.ar\\\/info\\\/wp-content\\\/uploads\\\/2017\\\/11\\\/biogas1.jpg\",\"contentUrl\":\"https:\\\/\\\/patagoniambiental.com.ar\\\/info\\\/wp-content\\\/uploads\\\/2017\\\/11\\\/biogas1.jpg\",\"width\":400,\"height\":225},{\"@type\":\"BreadcrumbList\",\"@id\":\"https:\\\/\\\/patagoniambiental.com.ar\\\/info\\\/el-conicet-colabora-en-un-proyecto-de-generar-energia-utilizando-desechos-agropecuarios\\\/#breadcrumb\",\"itemListElement\":[{\"@type\":\"ListItem\",\"position\":1,\"name\":\"Inicio\",\"item\":\"https:\\\/\\\/patagoniambiental.com.ar\\\/info\\\/\"},{\"@type\":\"ListItem\",\"position\":2,\"name\":\"El Conicet colabora en un proyecto de generar energ\u00eda utilizando desechos agropecuarios\"}]},{\"@type\":\"WebSite\",\"@id\":\"https:\\\/\\\/patagoniambiental.com.ar\\\/info\\\/#website\",\"url\":\"https:\\\/\\\/patagoniambiental.com.ar\\\/info\\\/\",\"name\":\"Patagonia Ambiental\",\"description\":\"Monitoreo y an\u00e1lisis de la situaci\u00f3n geopol\u00edtica en el mundo y su implicancia en la Patagonia\",\"publisher\":{\"@id\":\"https:\\\/\\\/patagoniambiental.com.ar\\\/info\\\/#organization\"},\"potentialAction\":[{\"@type\":\"SearchAction\",\"target\":{\"@type\":\"EntryPoint\",\"urlTemplate\":\"https:\\\/\\\/patagoniambiental.com.ar\\\/info\\\/?s={search_term_string}\"},\"query-input\":{\"@type\":\"PropertyValueSpecification\",\"valueRequired\":true,\"valueName\":\"search_term_string\"}}],\"inLanguage\":\"es\"},{\"@type\":\"Organization\",\"@id\":\"https:\\\/\\\/patagoniambiental.com.ar\\\/info\\\/#organization\",\"name\":\"Patagonia Ambiental\",\"url\":\"https:\\\/\\\/patagoniambiental.com.ar\\\/info\\\/\",\"logo\":{\"@type\":\"ImageObject\",\"inLanguage\":\"es\",\"@id\":\"https:\\\/\\\/patagoniambiental.com.ar\\\/info\\\/#\\\/schema\\\/logo\\\/image\\\/\",\"url\":\"https:\\\/\\\/patagoniambiental.com.ar\\\/info\\\/wp-content\\\/uploads\\\/2025\\\/05\\\/LOGO-PATAGONIA-AMBIENTAL.png\",\"contentUrl\":\"https:\\\/\\\/patagoniambiental.com.ar\\\/info\\\/wp-content\\\/uploads\\\/2025\\\/05\\\/LOGO-PATAGONIA-AMBIENTAL.png\",\"width\":433,\"height\":250,\"caption\":\"Patagonia Ambiental\"},\"image\":{\"@id\":\"https:\\\/\\\/patagoniambiental.com.ar\\\/info\\\/#\\\/schema\\\/logo\\\/image\\\/\"},\"sameAs\":[\"https:\\\/\\\/www.facebook.com\\\/patagonia.ambiental\",\"https:\\\/\\\/x.com\\\/PatAmb\"]},{\"@type\":\"Person\",\"@id\":\"https:\\\/\\\/patagoniambiental.com.ar\\\/info\\\/#\\\/schema\\\/person\\\/db12bff64bbcbf6a253710bf0ea37b5d\",\"name\":\"Patagonia Ambiental\",\"description\":\"Andr\u00e9s Nievas T\u00e9cnico en manejo ambiental, consultor Ambiental y escritor para medios locales e internacionales sobre temas de geopolitica y medio ambiente.\",\"sameAs\":[\"http:\\\/\\\/www.patagoniambiental.com.ar\",\"https:\\\/\\\/www.facebook.com\\\/share\\\/1C1V8Gv9BX\\\/?mibextid=qi2Omg\",\"@patagoniambiental\",\"https:\\\/\\\/youtube.com\\\/@patagoniaambiental2023?si=BLt58t0wuXquxlYZ\"]}]}<\/script>\n<!-- \/ Yoast SEO Premium plugin. -->","yoast_head_json":{"title":"El Conicet colabora en un proyecto de generar energ\u00eda utilizando desechos agropecuarios","robots":{"index":"index","follow":"follow","max-snippet":"max-snippet:-1","max-image-preview":"max-image-preview:large","max-video-preview":"max-video-preview:-1"},"canonical":"https:\/\/patagoniambiental.com.ar\/info\/el-conicet-colabora-en-un-proyecto-de-generar-energia-utilizando-desechos-agropecuarios\/","og_locale":"es_ES","og_type":"article","og_title":"El Conicet colabora en un proyecto de generar energ\u00eda utilizando desechos agropecuarios","og_description":"Hay proyectos de investigaci\u00f3n que toman fuerza y pasan del papel y de a\u00f1os de estudio a lo material, a [&hellip;]","og_url":"https:\/\/patagoniambiental.com.ar\/info\/el-conicet-colabora-en-un-proyecto-de-generar-energia-utilizando-desechos-agropecuarios\/","og_site_name":"Patagonia Ambiental","article_publisher":"https:\/\/www.facebook.com\/patagonia.ambiental","article_author":"https:\/\/www.facebook.com\/share\/1C1V8Gv9BX\/?mibextid=qi2Omg","article_published_time":"2017-11-16T12:00:16+00:00","og_image":[{"width":400,"height":225,"url":"https:\/\/patagoniambiental.com.ar\/info\/wp-content\/uploads\/2017\/11\/biogas1.jpg","type":"image\/jpeg"}],"author":"Patagonia Ambiental","twitter_card":"summary_large_image","twitter_creator":"@PatAmb","twitter_site":"@PatAmb","schema":{"@context":"https:\/\/schema.org","@graph":[{"@type":"Article","@id":"https:\/\/patagoniambiental.com.ar\/info\/el-conicet-colabora-en-un-proyecto-de-generar-energia-utilizando-desechos-agropecuarios\/#article","isPartOf":{"@id":"https:\/\/patagoniambiental.com.ar\/info\/el-conicet-colabora-en-un-proyecto-de-generar-energia-utilizando-desechos-agropecuarios\/"},"author":{"name":"Patagonia Ambiental","@id":"https:\/\/patagoniambiental.com.ar\/info\/#\/schema\/person\/db12bff64bbcbf6a253710bf0ea37b5d"},"headline":"El Conicet colabora en un proyecto de generar energ\u00eda utilizando desechos agropecuarios","datePublished":"2017-11-16T12:00:16+00:00","mainEntityOfPage":{"@id":"https:\/\/patagoniambiental.com.ar\/info\/el-conicet-colabora-en-un-proyecto-de-generar-energia-utilizando-desechos-agropecuarios\/"},"wordCount":1135,"commentCount":0,"publisher":{"@id":"https:\/\/patagoniambiental.com.ar\/info\/#organization"},"image":{"@id":"https:\/\/patagoniambiental.com.ar\/info\/el-conicet-colabora-en-un-proyecto-de-generar-energia-utilizando-desechos-agropecuarios\/#primaryimage"},"thumbnailUrl":"https:\/\/patagoniambiental.com.ar\/info\/wp-content\/uploads\/2017\/11\/biogas1.jpg","articleSection":["Nacionales","Noticias"],"inLanguage":"es","potentialAction":[{"@type":"CommentAction","name":"Comment","target":["https:\/\/patagoniambiental.com.ar\/info\/el-conicet-colabora-en-un-proyecto-de-generar-energia-utilizando-desechos-agropecuarios\/#respond"]}]},{"@type":"WebPage","@id":"https:\/\/patagoniambiental.com.ar\/info\/el-conicet-colabora-en-un-proyecto-de-generar-energia-utilizando-desechos-agropecuarios\/","url":"https:\/\/patagoniambiental.com.ar\/info\/el-conicet-colabora-en-un-proyecto-de-generar-energia-utilizando-desechos-agropecuarios\/","name":"El Conicet colabora en un proyecto de generar energ\u00eda utilizando desechos agropecuarios","isPartOf":{"@id":"https:\/\/patagoniambiental.com.ar\/info\/#website"},"primaryImageOfPage":{"@id":"https:\/\/patagoniambiental.com.ar\/info\/el-conicet-colabora-en-un-proyecto-de-generar-energia-utilizando-desechos-agropecuarios\/#primaryimage"},"image":{"@id":"https:\/\/patagoniambiental.com.ar\/info\/el-conicet-colabora-en-un-proyecto-de-generar-energia-utilizando-desechos-agropecuarios\/#primaryimage"},"thumbnailUrl":"https:\/\/patagoniambiental.com.ar\/info\/wp-content\/uploads\/2017\/11\/biogas1.jpg","datePublished":"2017-11-16T12:00:16+00:00","breadcrumb":{"@id":"https:\/\/patagoniambiental.com.ar\/info\/el-conicet-colabora-en-un-proyecto-de-generar-energia-utilizando-desechos-agropecuarios\/#breadcrumb"},"inLanguage":"es","potentialAction":[{"@type":"ReadAction","target":["https:\/\/patagoniambiental.com.ar\/info\/el-conicet-colabora-en-un-proyecto-de-generar-energia-utilizando-desechos-agropecuarios\/"]}]},{"@type":"ImageObject","inLanguage":"es","@id":"https:\/\/patagoniambiental.com.ar\/info\/el-conicet-colabora-en-un-proyecto-de-generar-energia-utilizando-desechos-agropecuarios\/#primaryimage","url":"https:\/\/patagoniambiental.com.ar\/info\/wp-content\/uploads\/2017\/11\/biogas1.jpg","contentUrl":"https:\/\/patagoniambiental.com.ar\/info\/wp-content\/uploads\/2017\/11\/biogas1.jpg","width":400,"height":225},{"@type":"BreadcrumbList","@id":"https:\/\/patagoniambiental.com.ar\/info\/el-conicet-colabora-en-un-proyecto-de-generar-energia-utilizando-desechos-agropecuarios\/#breadcrumb","itemListElement":[{"@type":"ListItem","position":1,"name":"Inicio","item":"https:\/\/patagoniambiental.com.ar\/info\/"},{"@type":"ListItem","position":2,"name":"El Conicet colabora en un proyecto de generar energ\u00eda utilizando desechos agropecuarios"}]},{"@type":"WebSite","@id":"https:\/\/patagoniambiental.com.ar\/info\/#website","url":"https:\/\/patagoniambiental.com.ar\/info\/","name":"Patagonia Ambiental","description":"Monitoreo y an\u00e1lisis de la situaci\u00f3n geopol\u00edtica en el mundo y su implicancia en la Patagonia","publisher":{"@id":"https:\/\/patagoniambiental.com.ar\/info\/#organization"},"potentialAction":[{"@type":"SearchAction","target":{"@type":"EntryPoint","urlTemplate":"https:\/\/patagoniambiental.com.ar\/info\/?s={search_term_string}"},"query-input":{"@type":"PropertyValueSpecification","valueRequired":true,"valueName":"search_term_string"}}],"inLanguage":"es"},{"@type":"Organization","@id":"https:\/\/patagoniambiental.com.ar\/info\/#organization","name":"Patagonia Ambiental","url":"https:\/\/patagoniambiental.com.ar\/info\/","logo":{"@type":"ImageObject","inLanguage":"es","@id":"https:\/\/patagoniambiental.com.ar\/info\/#\/schema\/logo\/image\/","url":"https:\/\/patagoniambiental.com.ar\/info\/wp-content\/uploads\/2025\/05\/LOGO-PATAGONIA-AMBIENTAL.png","contentUrl":"https:\/\/patagoniambiental.com.ar\/info\/wp-content\/uploads\/2025\/05\/LOGO-PATAGONIA-AMBIENTAL.png","width":433,"height":250,"caption":"Patagonia Ambiental"},"image":{"@id":"https:\/\/patagoniambiental.com.ar\/info\/#\/schema\/logo\/image\/"},"sameAs":["https:\/\/www.facebook.com\/patagonia.ambiental","https:\/\/x.com\/PatAmb"]},{"@type":"Person","@id":"https:\/\/patagoniambiental.com.ar\/info\/#\/schema\/person\/db12bff64bbcbf6a253710bf0ea37b5d","name":"Patagonia Ambiental","description":"Andr\u00e9s Nievas T\u00e9cnico en manejo ambiental, consultor Ambiental y escritor para medios locales e internacionales sobre temas de geopolitica y medio ambiente.","sameAs":["http:\/\/www.patagoniambiental.com.ar","https:\/\/www.facebook.com\/share\/1C1V8Gv9BX\/?mibextid=qi2Omg","@patagoniambiental","https:\/\/youtube.com\/@patagoniaambiental2023?si=BLt58t0wuXquxlYZ"]}]}},"_links":{"self":[{"href":"https:\/\/patagoniambiental.com.ar\/info\/wp-json\/wp\/v2\/posts\/38313","targetHints":{"allow":["GET"]}}],"collection":[{"href":"https:\/\/patagoniambiental.com.ar\/info\/wp-json\/wp\/v2\/posts"}],"about":[{"href":"https:\/\/patagoniambiental.com.ar\/info\/wp-json\/wp\/v2\/types\/post"}],"author":[{"embeddable":true,"href":"https:\/\/patagoniambiental.com.ar\/info\/wp-json\/wp\/v2\/users\/2"}],"replies":[{"embeddable":true,"href":"https:\/\/patagoniambiental.com.ar\/info\/wp-json\/wp\/v2\/comments?post=38313"}],"version-history":[{"count":0,"href":"https:\/\/patagoniambiental.com.ar\/info\/wp-json\/wp\/v2\/posts\/38313\/revisions"}],"wp:featuredmedia":[{"embeddable":true,"href":"https:\/\/patagoniambiental.com.ar\/info\/wp-json\/wp\/v2\/media\/38314"}],"wp:attachment":[{"href":"https:\/\/patagoniambiental.com.ar\/info\/wp-json\/wp\/v2\/media?parent=38313"}],"wp:term":[{"taxonomy":"category","embeddable":true,"href":"https:\/\/patagoniambiental.com.ar\/info\/wp-json\/wp\/v2\/categories?post=38313"},{"taxonomy":"post_tag","embeddable":true,"href":"https:\/\/patagoniambiental.com.ar\/info\/wp-json\/wp\/v2\/tags?post=38313"}],"curies":[{"name":"wp","href":"https:\/\/api.w.org\/{rel}","templated":true}]}}