{"id":38372,"date":"2017-11-19T19:00:31","date_gmt":"2017-11-19T22:00:31","guid":{"rendered":"http:\/\/patagoniambiental.com.ar\/info\/?p=38372"},"modified":"2017-11-16T15:31:21","modified_gmt":"2017-11-16T18:31:21","slug":"conozca-que-sector-sera-afectada-por-el-crecimiento-del-mar","status":"publish","type":"post","link":"https:\/\/patagoniambiental.com.ar\/info\/conozca-que-sector-sera-afectada-por-el-crecimiento-del-mar\/","title":{"rendered":"Conozca que sector sera afectada por el crecimiento del mar"},"content":{"rendered":"<header class=\"entry-header\">\n<p class=\"entry-title\">Estados Unidos.-La NASA ha creado un modelo que permite predecir el efecto de deshielo de los glaciares de la Ant\u00e1rtida y de Groenlandia, que acumulan el 75% de agua dulce del mundo.<\/p>\n<p><!--more--><\/p>\n<div class=\"entry-meta\"><span class=\"posted-on\">Posted on\u00a0<a href=\"http:\/\/radiosucre.com.ec\/conozca-que-sector-sera-afectada-por-el-crecimiento-del-mar\/\" rel=\"bookmark\"><time class=\"entry-date published updated\" datetime=\"2017-11-16T11:30:50+00:00\">noviembre 16, 2017<\/time><\/a><\/span><span class=\"byline\">\u00a0by\u00a0<span class=\"author vcard\"><a class=\"url fn n\" href=\"http:\/\/radiosucre.com.ec\/author\/rafa700\/\">rafael reyes<\/a><\/span><\/span><\/div>\n<\/header>\n<p>&nbsp;<\/p>\n<div class=\"entry-content\">\n<p><img fetchpriority=\"high\" decoding=\"async\" class=\"alignleft wp-image-16504 size-medium\" src=\"https:\/\/i1.wp.com\/radiosucre.com.ec\/wp-content\/uploads\/2017\/11\/5a0d842308f3d9344a8b4567.jpg?resize=300%2C169\" sizes=\"(max-width: 300px) 100vw, 300px\" srcset=\"https:\/\/i1.wp.com\/radiosucre.com.ec\/wp-content\/uploads\/2017\/11\/5a0d842308f3d9344a8b4567.jpg?resize=300%2C169 300w, https:\/\/i1.wp.com\/radiosucre.com.ec\/wp-content\/uploads\/2017\/11\/5a0d842308f3d9344a8b4567.jpg?resize=768%2C432 768w, https:\/\/i1.wp.com\/radiosucre.com.ec\/wp-content\/uploads\/2017\/11\/5a0d842308f3d9344a8b4567.jpg?w=824 824w\" alt=\"\" width=\"300\" height=\"169\" data-attachment-id=\"16504\" data-permalink=\"http:\/\/radiosucre.com.ec\/conozca-que-sector-sera-afectada-por-el-crecimiento-del-mar\/5a0d842308f3d9344a8b4567\/\" data-orig-file=\"https:\/\/i1.wp.com\/radiosucre.com.ec\/wp-content\/uploads\/2017\/11\/5a0d842308f3d9344a8b4567.jpg?fit=824%2C464\" data-orig-size=\"824,464\" data-comments-opened=\"0\" data-image-meta=\"{&quot;aperture&quot;:&quot;0&quot;,&quot;credit&quot;:&quot;&quot;,&quot;camera&quot;:&quot;&quot;,&quot;caption&quot;:&quot;&quot;,&quot;created_timestamp&quot;:&quot;0&quot;,&quot;copyright&quot;:&quot;&quot;,&quot;focal_length&quot;:&quot;0&quot;,&quot;iso&quot;:&quot;0&quot;,&quot;shutter_speed&quot;:&quot;0&quot;,&quot;title&quot;:&quot;&quot;,&quot;orientation&quot;:&quot;0&quot;}\" data-image-title=\"5a0d842308f3d9344a8b4567\" data-image-description=\"\" data-medium-file=\"https:\/\/i1.wp.com\/radiosucre.com.ec\/wp-content\/uploads\/2017\/11\/5a0d842308f3d9344a8b4567.jpg?fit=300%2C169\" data-large-file=\"https:\/\/i1.wp.com\/radiosucre.com.ec\/wp-content\/uploads\/2017\/11\/5a0d842308f3d9344a8b4567.jpg?fit=640%2C360\" \/><\/p>\n<p>&nbsp;<\/p>\n<p>Una nueva herramienta de\u00a0pron\u00f3stico dise\u00f1ada por cient\u00edficos del\u00a0Laboratorio de Propulsi\u00f3n a Reacci\u00f3n\u00a0de la NASA (California, EE.UU.) permite predecir c\u00f3mo el deshielo de los glaciares de\u00a0Groenlandia y de la Ant\u00e1rtida, y el consiguiente aumento del nivel del mar, afectar\u00eda a varias ciudades costeras.<\/p>\n<p>Los autores del\u00a0estudio\u00a0sobre el fen\u00f3meno, publicado este mi\u00e9rcoles en la revista Science Advanced aplicaron su nuevo m\u00e9todo, denominada \u2018mapeo gradiente de huellas\u2019 (\u2018gradient fingerprint mapping\u2019\u00a0o GFM por sus siglas en ingl\u00e9s), a\u00a0293 ciudades portuarias en varias regiones del mundo\u00a0y obtuvieron las as\u00ed llamadas huellas graduadas para cada localidad. El cambio del color refleja el aumento del nivel del mar que podr\u00eda esperarse por el deshielo de una zona concreta de Groenlandia y de la Ant\u00e1rtida.<\/p>\n<p>El nuevo instrumento toma en cuenta las perturbaciones en la fuerza de gravitaci\u00f3n y el giro de la Tierra que influyen en la distribuci\u00f3n espacial del agua de los glaciares, as\u00ed como el efecto que tienen las ubicaciones de los sistemas del drenaje en cada ciudad.<\/p>\n<p>Fuente: Prensa Informa<\/p>\n<\/div>\n","protected":false},"excerpt":{"rendered":"<p>Estados Unidos.-La NASA ha creado un modelo que permite predecir el efecto de deshielo de los glaciares de la Ant\u00e1rtida [&hellip;]<\/p>\n","protected":false},"author":2,"featured_media":38373,"comment_status":"open","ping_status":"open","sticky":false,"template":"","format":"standard","meta":{"site-sidebar-layout":"default","site-content-layout":"","ast-site-content-layout":"default","site-content-style":"default","site-sidebar-style":"default","ast-global-header-display":"","ast-banner-title-visibility":"","ast-main-header-display":"","ast-hfb-above-header-display":"","ast-hfb-below-header-display":"","ast-hfb-mobile-header-display":"","site-post-title":"","ast-breadcrumbs-content":"","ast-featured-img":"","footer-sml-layout":"","ast-disable-related-posts":"","theme-transparent-header-meta":"","adv-header-id-meta":"","stick-header-meta":"","header-above-stick-meta":"","header-main-stick-meta":"","header-below-stick-meta":"","astra-migrate-meta-layouts":"default","ast-page-background-enabled":"default","ast-page-background-meta":{"desktop":{"background-color":"var(--ast-global-color-5)","background-image":"","background-repeat":"repeat","background-position":"center center","background-size":"auto","background-attachment":"scroll","background-type":"","background-media":"","overlay-type":"","overlay-color":"","overlay-opacity":"","overlay-gradient":""},"tablet":{"background-color":"","background-image":"","background-repeat":"repeat","background-position":"center center","background-size":"auto","background-attachment":"scroll","background-type":"","background-media":"","overlay-type":"","overlay-color":"","overlay-opacity":"","overlay-gradient":""},"mobile":{"background-color":"","background-image":"","background-repeat":"repeat","background-position":"center center","background-size":"auto","background-attachment":"scroll","background-type":"","background-media":"","overlay-type":"","overlay-color":"","overlay-opacity":"","overlay-gradient":""}},"ast-content-background-meta":{"desktop":{"background-color":"var(--ast-global-color-4)","background-image":"","background-repeat":"repeat","background-position":"center center","background-size":"auto","background-attachment":"scroll","background-type":"","background-media":"","overlay-type":"","overlay-color":"","overlay-opacity":"","overlay-gradient":""},"tablet":{"background-color":"var(--ast-global-color-4)","background-image":"","background-repeat":"repeat","background-position":"center center","background-size":"auto","background-attachment":"scroll","background-type":"","background-media":"","overlay-type":"","overlay-color":"","overlay-opacity":"","overlay-gradient":""},"mobile":{"background-color":"var(--ast-global-color-4)","background-image":"","background-repeat":"repeat","background-position":"center center","background-size":"auto","background-attachment":"scroll","background-type":"","background-media":"","overlay-type":"","overlay-color":"","overlay-opacity":"","overlay-gradient":""}},"footnotes":""},"categories":[23,1],"tags":[],"class_list":["post-38372","post","type-post","status-publish","format-standard","has-post-thumbnail","hentry","category-internacionales","category-noticias"],"yoast_head":"<!-- This site is optimized with the Yoast SEO Premium plugin v23.0 (Yoast SEO v27.4) - https:\/\/yoast.com\/product\/yoast-seo-premium-wordpress\/ -->\n<title>Conozca que sector sera afectada por el crecimiento del mar<\/title>\n<meta name=\"robots\" content=\"index, follow, max-snippet:-1, max-image-preview:large, max-video-preview:-1\" \/>\n<link rel=\"canonical\" href=\"https:\/\/patagoniambiental.com.ar\/info\/conozca-que-sector-sera-afectada-por-el-crecimiento-del-mar\/\" \/>\n<meta property=\"og:locale\" content=\"es_ES\" \/>\n<meta property=\"og:type\" content=\"article\" \/>\n<meta property=\"og:title\" content=\"Conozca que sector sera afectada por el crecimiento del mar\" \/>\n<meta property=\"og:description\" content=\"Estados Unidos.-La NASA ha creado un modelo que permite predecir el efecto de deshielo de los glaciares de la Ant\u00e1rtida [&hellip;]\" \/>\n<meta property=\"og:url\" content=\"https:\/\/patagoniambiental.com.ar\/info\/conozca-que-sector-sera-afectada-por-el-crecimiento-del-mar\/\" \/>\n<meta property=\"og:site_name\" content=\"Patagonia Ambiental\" \/>\n<meta property=\"article:publisher\" content=\"https:\/\/www.facebook.com\/patagonia.ambiental\" \/>\n<meta property=\"article:author\" content=\"https:\/\/www.facebook.com\/share\/1C1V8Gv9BX\/?mibextid=qi2Omg\" \/>\n<meta property=\"article:published_time\" content=\"2017-11-19T22:00:31+00:00\" \/>\n<meta property=\"og:image\" content=\"https:\/\/patagoniambiental.com.ar\/info\/wp-content\/uploads\/2017\/11\/5a0d842308f3d9344a8b4567.jpg\" \/>\n\t<meta property=\"og:image:width\" content=\"300\" \/>\n\t<meta property=\"og:image:height\" content=\"169\" \/>\n\t<meta property=\"og:image:type\" content=\"image\/jpeg\" \/>\n<meta name=\"author\" content=\"Patagonia Ambiental\" \/>\n<meta name=\"twitter:card\" content=\"summary_large_image\" \/>\n<meta name=\"twitter:creator\" content=\"@PatAmb\" \/>\n<meta name=\"twitter:site\" content=\"@PatAmb\" \/>\n<script type=\"application\/ld+json\" class=\"yoast-schema-graph\">{\"@context\":\"https:\\\/\\\/schema.org\",\"@graph\":[{\"@type\":\"Article\",\"@id\":\"https:\\\/\\\/patagoniambiental.com.ar\\\/info\\\/conozca-que-sector-sera-afectada-por-el-crecimiento-del-mar\\\/#article\",\"isPartOf\":{\"@id\":\"https:\\\/\\\/patagoniambiental.com.ar\\\/info\\\/conozca-que-sector-sera-afectada-por-el-crecimiento-del-mar\\\/\"},\"author\":{\"name\":\"Patagonia Ambiental\",\"@id\":\"https:\\\/\\\/patagoniambiental.com.ar\\\/info\\\/#\\\/schema\\\/person\\\/db12bff64bbcbf6a253710bf0ea37b5d\"},\"headline\":\"Conozca que sector sera afectada por el crecimiento del mar\",\"datePublished\":\"2017-11-19T22:00:31+00:00\",\"mainEntityOfPage\":{\"@id\":\"https:\\\/\\\/patagoniambiental.com.ar\\\/info\\\/conozca-que-sector-sera-afectada-por-el-crecimiento-del-mar\\\/\"},\"wordCount\":242,\"commentCount\":0,\"publisher\":{\"@id\":\"https:\\\/\\\/patagoniambiental.com.ar\\\/info\\\/#organization\"},\"image\":{\"@id\":\"https:\\\/\\\/patagoniambiental.com.ar\\\/info\\\/conozca-que-sector-sera-afectada-por-el-crecimiento-del-mar\\\/#primaryimage\"},\"thumbnailUrl\":\"https:\\\/\\\/patagoniambiental.com.ar\\\/info\\\/wp-content\\\/uploads\\\/2017\\\/11\\\/5a0d842308f3d9344a8b4567.jpg\",\"articleSection\":[\"Internacionales\",\"Noticias\"],\"inLanguage\":\"es\",\"potentialAction\":[{\"@type\":\"CommentAction\",\"name\":\"Comment\",\"target\":[\"https:\\\/\\\/patagoniambiental.com.ar\\\/info\\\/conozca-que-sector-sera-afectada-por-el-crecimiento-del-mar\\\/#respond\"]}]},{\"@type\":\"WebPage\",\"@id\":\"https:\\\/\\\/patagoniambiental.com.ar\\\/info\\\/conozca-que-sector-sera-afectada-por-el-crecimiento-del-mar\\\/\",\"url\":\"https:\\\/\\\/patagoniambiental.com.ar\\\/info\\\/conozca-que-sector-sera-afectada-por-el-crecimiento-del-mar\\\/\",\"name\":\"Conozca que sector sera afectada por el crecimiento del mar\",\"isPartOf\":{\"@id\":\"https:\\\/\\\/patagoniambiental.com.ar\\\/info\\\/#website\"},\"primaryImageOfPage\":{\"@id\":\"https:\\\/\\\/patagoniambiental.com.ar\\\/info\\\/conozca-que-sector-sera-afectada-por-el-crecimiento-del-mar\\\/#primaryimage\"},\"image\":{\"@id\":\"https:\\\/\\\/patagoniambiental.com.ar\\\/info\\\/conozca-que-sector-sera-afectada-por-el-crecimiento-del-mar\\\/#primaryimage\"},\"thumbnailUrl\":\"https:\\\/\\\/patagoniambiental.com.ar\\\/info\\\/wp-content\\\/uploads\\\/2017\\\/11\\\/5a0d842308f3d9344a8b4567.jpg\",\"datePublished\":\"2017-11-19T22:00:31+00:00\",\"breadcrumb\":{\"@id\":\"https:\\\/\\\/patagoniambiental.com.ar\\\/info\\\/conozca-que-sector-sera-afectada-por-el-crecimiento-del-mar\\\/#breadcrumb\"},\"inLanguage\":\"es\",\"potentialAction\":[{\"@type\":\"ReadAction\",\"target\":[\"https:\\\/\\\/patagoniambiental.com.ar\\\/info\\\/conozca-que-sector-sera-afectada-por-el-crecimiento-del-mar\\\/\"]}]},{\"@type\":\"ImageObject\",\"inLanguage\":\"es\",\"@id\":\"https:\\\/\\\/patagoniambiental.com.ar\\\/info\\\/conozca-que-sector-sera-afectada-por-el-crecimiento-del-mar\\\/#primaryimage\",\"url\":\"https:\\\/\\\/patagoniambiental.com.ar\\\/info\\\/wp-content\\\/uploads\\\/2017\\\/11\\\/5a0d842308f3d9344a8b4567.jpg\",\"contentUrl\":\"https:\\\/\\\/patagoniambiental.com.ar\\\/info\\\/wp-content\\\/uploads\\\/2017\\\/11\\\/5a0d842308f3d9344a8b4567.jpg\",\"width\":300,\"height\":169},{\"@type\":\"BreadcrumbList\",\"@id\":\"https:\\\/\\\/patagoniambiental.com.ar\\\/info\\\/conozca-que-sector-sera-afectada-por-el-crecimiento-del-mar\\\/#breadcrumb\",\"itemListElement\":[{\"@type\":\"ListItem\",\"position\":1,\"name\":\"Inicio\",\"item\":\"https:\\\/\\\/patagoniambiental.com.ar\\\/info\\\/\"},{\"@type\":\"ListItem\",\"position\":2,\"name\":\"Conozca que sector sera afectada por el crecimiento del mar\"}]},{\"@type\":\"WebSite\",\"@id\":\"https:\\\/\\\/patagoniambiental.com.ar\\\/info\\\/#website\",\"url\":\"https:\\\/\\\/patagoniambiental.com.ar\\\/info\\\/\",\"name\":\"Patagonia Ambiental\",\"description\":\"Monitoreo y an\u00e1lisis de la situaci\u00f3n geopol\u00edtica en el mundo y su implicancia en la Patagonia\",\"publisher\":{\"@id\":\"https:\\\/\\\/patagoniambiental.com.ar\\\/info\\\/#organization\"},\"potentialAction\":[{\"@type\":\"SearchAction\",\"target\":{\"@type\":\"EntryPoint\",\"urlTemplate\":\"https:\\\/\\\/patagoniambiental.com.ar\\\/info\\\/?s={search_term_string}\"},\"query-input\":{\"@type\":\"PropertyValueSpecification\",\"valueRequired\":true,\"valueName\":\"search_term_string\"}}],\"inLanguage\":\"es\"},{\"@type\":\"Organization\",\"@id\":\"https:\\\/\\\/patagoniambiental.com.ar\\\/info\\\/#organization\",\"name\":\"Patagonia Ambiental\",\"url\":\"https:\\\/\\\/patagoniambiental.com.ar\\\/info\\\/\",\"logo\":{\"@type\":\"ImageObject\",\"inLanguage\":\"es\",\"@id\":\"https:\\\/\\\/patagoniambiental.com.ar\\\/info\\\/#\\\/schema\\\/logo\\\/image\\\/\",\"url\":\"https:\\\/\\\/patagoniambiental.com.ar\\\/info\\\/wp-content\\\/uploads\\\/2025\\\/05\\\/LOGO-PATAGONIA-AMBIENTAL.png\",\"contentUrl\":\"https:\\\/\\\/patagoniambiental.com.ar\\\/info\\\/wp-content\\\/uploads\\\/2025\\\/05\\\/LOGO-PATAGONIA-AMBIENTAL.png\",\"width\":433,\"height\":250,\"caption\":\"Patagonia Ambiental\"},\"image\":{\"@id\":\"https:\\\/\\\/patagoniambiental.com.ar\\\/info\\\/#\\\/schema\\\/logo\\\/image\\\/\"},\"sameAs\":[\"https:\\\/\\\/www.facebook.com\\\/patagonia.ambiental\",\"https:\\\/\\\/x.com\\\/PatAmb\"]},{\"@type\":\"Person\",\"@id\":\"https:\\\/\\\/patagoniambiental.com.ar\\\/info\\\/#\\\/schema\\\/person\\\/db12bff64bbcbf6a253710bf0ea37b5d\",\"name\":\"Patagonia Ambiental\",\"description\":\"Andr\u00e9s Nievas T\u00e9cnico en manejo ambiental, consultor Ambiental y escritor para medios locales e internacionales sobre temas de geopolitica y medio ambiente.\",\"sameAs\":[\"http:\\\/\\\/www.patagoniambiental.com.ar\",\"https:\\\/\\\/www.facebook.com\\\/share\\\/1C1V8Gv9BX\\\/?mibextid=qi2Omg\",\"@patagoniambiental\",\"https:\\\/\\\/youtube.com\\\/@patagoniaambiental2023?si=BLt58t0wuXquxlYZ\"]}]}<\/script>\n<!-- \/ Yoast SEO Premium plugin. -->","yoast_head_json":{"title":"Conozca que sector sera afectada por el crecimiento del mar","robots":{"index":"index","follow":"follow","max-snippet":"max-snippet:-1","max-image-preview":"max-image-preview:large","max-video-preview":"max-video-preview:-1"},"canonical":"https:\/\/patagoniambiental.com.ar\/info\/conozca-que-sector-sera-afectada-por-el-crecimiento-del-mar\/","og_locale":"es_ES","og_type":"article","og_title":"Conozca que sector sera afectada por el crecimiento del mar","og_description":"Estados Unidos.-La NASA ha creado un modelo que permite predecir el efecto de deshielo de los glaciares de la Ant\u00e1rtida [&hellip;]","og_url":"https:\/\/patagoniambiental.com.ar\/info\/conozca-que-sector-sera-afectada-por-el-crecimiento-del-mar\/","og_site_name":"Patagonia Ambiental","article_publisher":"https:\/\/www.facebook.com\/patagonia.ambiental","article_author":"https:\/\/www.facebook.com\/share\/1C1V8Gv9BX\/?mibextid=qi2Omg","article_published_time":"2017-11-19T22:00:31+00:00","og_image":[{"width":300,"height":169,"url":"https:\/\/patagoniambiental.com.ar\/info\/wp-content\/uploads\/2017\/11\/5a0d842308f3d9344a8b4567.jpg","type":"image\/jpeg"}],"author":"Patagonia Ambiental","twitter_card":"summary_large_image","twitter_creator":"@PatAmb","twitter_site":"@PatAmb","schema":{"@context":"https:\/\/schema.org","@graph":[{"@type":"Article","@id":"https:\/\/patagoniambiental.com.ar\/info\/conozca-que-sector-sera-afectada-por-el-crecimiento-del-mar\/#article","isPartOf":{"@id":"https:\/\/patagoniambiental.com.ar\/info\/conozca-que-sector-sera-afectada-por-el-crecimiento-del-mar\/"},"author":{"name":"Patagonia Ambiental","@id":"https:\/\/patagoniambiental.com.ar\/info\/#\/schema\/person\/db12bff64bbcbf6a253710bf0ea37b5d"},"headline":"Conozca que sector sera afectada por el crecimiento del mar","datePublished":"2017-11-19T22:00:31+00:00","mainEntityOfPage":{"@id":"https:\/\/patagoniambiental.com.ar\/info\/conozca-que-sector-sera-afectada-por-el-crecimiento-del-mar\/"},"wordCount":242,"commentCount":0,"publisher":{"@id":"https:\/\/patagoniambiental.com.ar\/info\/#organization"},"image":{"@id":"https:\/\/patagoniambiental.com.ar\/info\/conozca-que-sector-sera-afectada-por-el-crecimiento-del-mar\/#primaryimage"},"thumbnailUrl":"https:\/\/patagoniambiental.com.ar\/info\/wp-content\/uploads\/2017\/11\/5a0d842308f3d9344a8b4567.jpg","articleSection":["Internacionales","Noticias"],"inLanguage":"es","potentialAction":[{"@type":"CommentAction","name":"Comment","target":["https:\/\/patagoniambiental.com.ar\/info\/conozca-que-sector-sera-afectada-por-el-crecimiento-del-mar\/#respond"]}]},{"@type":"WebPage","@id":"https:\/\/patagoniambiental.com.ar\/info\/conozca-que-sector-sera-afectada-por-el-crecimiento-del-mar\/","url":"https:\/\/patagoniambiental.com.ar\/info\/conozca-que-sector-sera-afectada-por-el-crecimiento-del-mar\/","name":"Conozca que sector sera afectada por el crecimiento del mar","isPartOf":{"@id":"https:\/\/patagoniambiental.com.ar\/info\/#website"},"primaryImageOfPage":{"@id":"https:\/\/patagoniambiental.com.ar\/info\/conozca-que-sector-sera-afectada-por-el-crecimiento-del-mar\/#primaryimage"},"image":{"@id":"https:\/\/patagoniambiental.com.ar\/info\/conozca-que-sector-sera-afectada-por-el-crecimiento-del-mar\/#primaryimage"},"thumbnailUrl":"https:\/\/patagoniambiental.com.ar\/info\/wp-content\/uploads\/2017\/11\/5a0d842308f3d9344a8b4567.jpg","datePublished":"2017-11-19T22:00:31+00:00","breadcrumb":{"@id":"https:\/\/patagoniambiental.com.ar\/info\/conozca-que-sector-sera-afectada-por-el-crecimiento-del-mar\/#breadcrumb"},"inLanguage":"es","potentialAction":[{"@type":"ReadAction","target":["https:\/\/patagoniambiental.com.ar\/info\/conozca-que-sector-sera-afectada-por-el-crecimiento-del-mar\/"]}]},{"@type":"ImageObject","inLanguage":"es","@id":"https:\/\/patagoniambiental.com.ar\/info\/conozca-que-sector-sera-afectada-por-el-crecimiento-del-mar\/#primaryimage","url":"https:\/\/patagoniambiental.com.ar\/info\/wp-content\/uploads\/2017\/11\/5a0d842308f3d9344a8b4567.jpg","contentUrl":"https:\/\/patagoniambiental.com.ar\/info\/wp-content\/uploads\/2017\/11\/5a0d842308f3d9344a8b4567.jpg","width":300,"height":169},{"@type":"BreadcrumbList","@id":"https:\/\/patagoniambiental.com.ar\/info\/conozca-que-sector-sera-afectada-por-el-crecimiento-del-mar\/#breadcrumb","itemListElement":[{"@type":"ListItem","position":1,"name":"Inicio","item":"https:\/\/patagoniambiental.com.ar\/info\/"},{"@type":"ListItem","position":2,"name":"Conozca que sector sera afectada por el crecimiento del mar"}]},{"@type":"WebSite","@id":"https:\/\/patagoniambiental.com.ar\/info\/#website","url":"https:\/\/patagoniambiental.com.ar\/info\/","name":"Patagonia Ambiental","description":"Monitoreo y an\u00e1lisis de la situaci\u00f3n geopol\u00edtica en el mundo y su implicancia en la Patagonia","publisher":{"@id":"https:\/\/patagoniambiental.com.ar\/info\/#organization"},"potentialAction":[{"@type":"SearchAction","target":{"@type":"EntryPoint","urlTemplate":"https:\/\/patagoniambiental.com.ar\/info\/?s={search_term_string}"},"query-input":{"@type":"PropertyValueSpecification","valueRequired":true,"valueName":"search_term_string"}}],"inLanguage":"es"},{"@type":"Organization","@id":"https:\/\/patagoniambiental.com.ar\/info\/#organization","name":"Patagonia Ambiental","url":"https:\/\/patagoniambiental.com.ar\/info\/","logo":{"@type":"ImageObject","inLanguage":"es","@id":"https:\/\/patagoniambiental.com.ar\/info\/#\/schema\/logo\/image\/","url":"https:\/\/patagoniambiental.com.ar\/info\/wp-content\/uploads\/2025\/05\/LOGO-PATAGONIA-AMBIENTAL.png","contentUrl":"https:\/\/patagoniambiental.com.ar\/info\/wp-content\/uploads\/2025\/05\/LOGO-PATAGONIA-AMBIENTAL.png","width":433,"height":250,"caption":"Patagonia Ambiental"},"image":{"@id":"https:\/\/patagoniambiental.com.ar\/info\/#\/schema\/logo\/image\/"},"sameAs":["https:\/\/www.facebook.com\/patagonia.ambiental","https:\/\/x.com\/PatAmb"]},{"@type":"Person","@id":"https:\/\/patagoniambiental.com.ar\/info\/#\/schema\/person\/db12bff64bbcbf6a253710bf0ea37b5d","name":"Patagonia Ambiental","description":"Andr\u00e9s Nievas T\u00e9cnico en manejo ambiental, consultor Ambiental y escritor para medios locales e internacionales sobre temas de geopolitica y medio ambiente.","sameAs":["http:\/\/www.patagoniambiental.com.ar","https:\/\/www.facebook.com\/share\/1C1V8Gv9BX\/?mibextid=qi2Omg","@patagoniambiental","https:\/\/youtube.com\/@patagoniaambiental2023?si=BLt58t0wuXquxlYZ"]}]}},"_links":{"self":[{"href":"https:\/\/patagoniambiental.com.ar\/info\/wp-json\/wp\/v2\/posts\/38372","targetHints":{"allow":["GET"]}}],"collection":[{"href":"https:\/\/patagoniambiental.com.ar\/info\/wp-json\/wp\/v2\/posts"}],"about":[{"href":"https:\/\/patagoniambiental.com.ar\/info\/wp-json\/wp\/v2\/types\/post"}],"author":[{"embeddable":true,"href":"https:\/\/patagoniambiental.com.ar\/info\/wp-json\/wp\/v2\/users\/2"}],"replies":[{"embeddable":true,"href":"https:\/\/patagoniambiental.com.ar\/info\/wp-json\/wp\/v2\/comments?post=38372"}],"version-history":[{"count":0,"href":"https:\/\/patagoniambiental.com.ar\/info\/wp-json\/wp\/v2\/posts\/38372\/revisions"}],"wp:featuredmedia":[{"embeddable":true,"href":"https:\/\/patagoniambiental.com.ar\/info\/wp-json\/wp\/v2\/media\/38373"}],"wp:attachment":[{"href":"https:\/\/patagoniambiental.com.ar\/info\/wp-json\/wp\/v2\/media?parent=38372"}],"wp:term":[{"taxonomy":"category","embeddable":true,"href":"https:\/\/patagoniambiental.com.ar\/info\/wp-json\/wp\/v2\/categories?post=38372"},{"taxonomy":"post_tag","embeddable":true,"href":"https:\/\/patagoniambiental.com.ar\/info\/wp-json\/wp\/v2\/tags?post=38372"}],"curies":[{"name":"wp","href":"https:\/\/api.w.org\/{rel}","templated":true}]}}