{"id":38416,"date":"2017-11-16T19:00:19","date_gmt":"2017-11-16T22:00:19","guid":{"rendered":"http:\/\/patagoniambiental.com.ar\/info\/?p=38416"},"modified":"2017-11-16T18:10:37","modified_gmt":"2017-11-16T21:10:37","slug":"bariloche-nuevos-hechos-de-violencia-en-la-ocupacion-mapuche-de-villa-mascardi","status":"publish","type":"post","link":"https:\/\/patagoniambiental.com.ar\/info\/bariloche-nuevos-hechos-de-violencia-en-la-ocupacion-mapuche-de-villa-mascardi\/","title":{"rendered":"Bariloche: nuevos hechos de violencia en la ocupaci\u00f3n mapuche de Villa Mascardi"},"content":{"rendered":"<div class=\"box_title col-lg-9 col-md-12\">\n<div class=\"title\">\n<p id=\"title\">Bariloche.-Un grupo repeli\u00f3 a piedrazos una cuadrilla de electricidad que buscaba restablecer el servicio el\u00e9ctrico. Hicieron lo mismo con polic\u00edas y agentes judiciales.<\/p>\n<\/div>\n<\/div>\n<p><!--more--><\/p>\n<div class=\"interior-l page\">\n<div class=\"notas-content\">\n<div class=\"media-container col-lg-9 col-md-12\">\n<div id=\"galeria-trigger\" class=\"media-cont main-image \" data-index=\"0\">\n<figure><img decoding=\"async\" class=\"img-responsive intelResolution\" title=\"Bariloche: nuevos hechos de violencia en la ocupaci\u00f3n mapuche de Villa Mascardi\" src=\"https:\/\/images.clarin.com\/2017\/11\/16\/BkCRFXj1M_930x525.jpg\" alt=\"Bariloche: nuevos hechos de violencia en la ocupaci\u00f3n mapuche de Villa Mascardi\" data-big=\"\/\/images.clarin.com\/2017\/11\/16\/BkCRFXj1M_930x525.jpg\" data-small=\"\/\/images.clarin.com\/2017\/11\/16\/BkCRFXj1M_640x361.jpg\" \/><\/figure>\n<p>Bandera de la ocupaci\u00f3n mapuche en la zona de Villa Mascardi.<\/p>\n<\/div>\n<div id=\"galeria-show-trigger\">El grupo radicalizado mapuche, que inici\u00f3 hace unos d\u00edas la ocupaci\u00f3n ilegal de terrenos de Parques Nacionales en la zona del lago Mascardi, Bariloche, protagoniz\u00f3 en las \u00faltimas horas diversos hechos de violencia contra polic\u00edas, agentes judiciales y operarios de la Cooperativa de Electricidad de la localidad cordillerana.<\/div>\n<\/div>\n<div class=\"container\">\n<div class=\"cuerpoSolo col-lg-6 col-md-8 col-lg-offset-3 \">\n<div class=\"body-nota\">\n<p>Los ind\u00edgenas de la comunidad Lafken Winkul Mapu le\u00a0<strong>impidieron a los empleados de la Cooperativa solucionar un corte en la l\u00ednea de tensi\u00f3n media<\/strong>\u00a0que atraviesa la zona invadida y que mantiene a cinco familias sin electricidad desde el fin de semana. Se especula con que fueron los propios abor\u00edgenes los que cortaron el suministro en el marco de su reclamo territorial aunque esto todav\u00eda no est\u00e1 confirmado que fueron ellos.<\/p>\n<p>Los operarios se dirigieron hacia el lugar ubicado en el \u00e1rea de Villa Mascardi con la intensi\u00f3n de arreglar el desperfecto pero\u00a0<strong>fueron recibidos con insultos, piedrazos y amenazas de muerte<\/strong>, seg\u00fan relataron. Los directivos de la CEB explicaron que las cuadrillas solo podr\u00e1n volver cuando existan las condiciones de seguridad imprescindibles para su gente.<\/p>\n<p><a class=\"content-new\" href=\"https:\/\/www.clarin.com\/politica\/comunidad-mapuche-ocupo-tierras-bariloche_0_HJAbZPIyf.html\" target=\"_blank\" rel=\"noopener\">Mir\u00e1 tambi\u00e9n<\/a><\/p>\n<h2>Una comunidad mapuche ocup\u00f3 tierras en Bariloche y amenaza: \u00abVamos a resistir\u00bb<\/h2>\n<p>La empresa realiz\u00f3 una denuncia por el ataque en el Juzgado Federal de Bariloche. Horas despu\u00e9s se acercaron a la toma funcionarios judiciales con la intenci\u00f3n de observar con sus propios ojos la situaci\u00f3n acompa\u00f1ados por\u00a0<strong>efectivos policiales<\/strong>. Todos ellos\u00a0<strong>fueron repelidos sin mediar ning\u00fan di\u00e1logo con piedras e insultos<\/strong>. Al menos la ventana de uno de los veh\u00edculos habr\u00eda terminado destrozada, trascendi\u00f3. Fuentes judiciales le informaron a\u00a0<strong>Clar\u00edn\u00a0<\/strong>que hay una investigaci\u00f3n en curso para determinar quienes son los autores de esta toma pero que a\u00fan no fue cursada ninguna orden de desalojo, tal como denunciaron los mapuches.<\/p>\n<p>Los vecinos de la zona se mantienen preocupados por la invasi\u00f3n que ha modificado la rutina de sus d\u00edas. Villa Mascardi es sector de excepcional belleza salvaje, con pocos habitantes y algunos negocios de paso.<\/p>\n<p><a class=\"content-new\" href=\"https:\/\/www.clarin.com\/politica\/encuentran-bomba-casera-lista-explotar-pozo-ypf_0_BJ_q4jFkM.html\" target=\"_blank\" rel=\"noopener\">Mir\u00e1 tambi\u00e9n<\/a><\/p>\n<h2>Encuentran una bomba casera lista para explotar en un pozo de YPF<\/h2>\n<p>Esta semana la comunidad Lafken Winkul Mapu anunci\u00f3 a trav\u00e9s de las redes sociales que ya era un hecho que se quedar\u00edan habitando de acuerdo a sus \u201ccostumbres\u201d territorios en las cercan\u00edas del lago Mascardi, en el marco de un proceso de recuperaci\u00f3n de espacios ancestrales en la Patagonia, argumentaron. De acuerdo a lo que declararon en diversos medios locales y en Facebook, el newen o esp\u00edritu que vive en el bosque les habr\u00eda autorizado a tomar posesi\u00f3n del \u00e1rea.<\/p>\n<p>Un grupo de entre 25 y 30 mapuches se mantiene viviendo en el lugar, han construido viviendas precarias y plantaron banderas entre los \u00e1rboles en los que se puede leer \u201cTerritorio Mapuche Recuperado\u201d.<\/p>\n<p><a class=\"content-new\" href=\"https:\/\/www.clarin.com\/politica\/chubut-impulsan-proyecto-policia-pueda-demorar-encapuchados-protestas_0_r1EHrYuJf.html\" target=\"_blank\" rel=\"noopener\">Mir\u00e1 tambi\u00e9n<\/a><\/p>\n<h2>Chubut: impulsan un proyecto para que la Polic\u00eda pueda demorar a encapuchados en protestas<\/h2>\n<p>Mientras tanto desde la La Multisectorial contra la Represi\u00f3n \u2013 Bariloche aseguraron con un comunicado que apoyan el proceso de recuperaci\u00f3n de la comunidad aborigen. \u201cEn la Comunidad viven ancianos y ni\u00f1os por lo que responsabilizamos a los funcionarios del Estado y al Juez por las v\u00edctimas que pudiese ocasionar un desalojo violento\u201d, advirtieron los integrantes de la asociaci\u00f3n si bien la Justicia dej\u00f3 en claro que no hay \u00f3rdenes en este sentido.<\/p>\n<p>Fuente: Diario Clarin<\/p>\n<\/div>\n<\/div>\n<\/div>\n<\/div>\n<\/div>\n","protected":false},"excerpt":{"rendered":"<p>Bariloche.-Un grupo repeli\u00f3 a piedrazos una cuadrilla de electricidad que buscaba restablecer el servicio el\u00e9ctrico. Hicieron lo mismo con polic\u00edas [&hellip;]<\/p>\n","protected":false},"author":2,"featured_media":38417,"comment_status":"open","ping_status":"open","sticky":false,"template":"","format":"standard","meta":{"site-sidebar-layout":"default","site-content-layout":"","ast-site-content-layout":"default","site-content-style":"default","site-sidebar-style":"default","ast-global-header-display":"","ast-banner-title-visibility":"","ast-main-header-display":"","ast-hfb-above-header-display":"","ast-hfb-below-header-display":"","ast-hfb-mobile-header-display":"","site-post-title":"","ast-breadcrumbs-content":"","ast-featured-img":"","footer-sml-layout":"","ast-disable-related-posts":"","theme-transparent-header-meta":"","adv-header-id-meta":"","stick-header-meta":"","header-above-stick-meta":"","header-main-stick-meta":"","header-below-stick-meta":"","astra-migrate-meta-layouts":"default","ast-page-background-enabled":"default","ast-page-background-meta":{"desktop":{"background-color":"var(--ast-global-color-5)","background-image":"","background-repeat":"repeat","background-position":"center center","background-size":"auto","background-attachment":"scroll","background-type":"","background-media":"","overlay-type":"","overlay-color":"","overlay-opacity":"","overlay-gradient":""},"tablet":{"background-color":"","background-image":"","background-repeat":"repeat","background-position":"center center","background-size":"auto","background-attachment":"scroll","background-type":"","background-media":"","overlay-type":"","overlay-color":"","overlay-opacity":"","overlay-gradient":""},"mobile":{"background-color":"","background-image":"","background-repeat":"repeat","background-position":"center center","background-size":"auto","background-attachment":"scroll","background-type":"","background-media":"","overlay-type":"","overlay-color":"","overlay-opacity":"","overlay-gradient":""}},"ast-content-background-meta":{"desktop":{"background-color":"var(--ast-global-color-4)","background-image":"","background-repeat":"repeat","background-position":"center center","background-size":"auto","background-attachment":"scroll","background-type":"","background-media":"","overlay-type":"","overlay-color":"","overlay-opacity":"","overlay-gradient":""},"tablet":{"background-color":"var(--ast-global-color-4)","background-image":"","background-repeat":"repeat","background-position":"center center","background-size":"auto","background-attachment":"scroll","background-type":"","background-media":"","overlay-type":"","overlay-color":"","overlay-opacity":"","overlay-gradient":""},"mobile":{"background-color":"var(--ast-global-color-4)","background-image":"","background-repeat":"repeat","background-position":"center center","background-size":"auto","background-attachment":"scroll","background-type":"","background-media":"","overlay-type":"","overlay-color":"","overlay-opacity":"","overlay-gradient":""}},"footnotes":""},"categories":[1,13,14],"tags":[],"class_list":["post-38416","post","type-post","status-publish","format-standard","has-post-thumbnail","hentry","category-noticias","category-provinciales","category-rio-negro"],"yoast_head":"<!-- This site is optimized with the Yoast SEO Premium plugin v23.0 (Yoast SEO v27.4) - https:\/\/yoast.com\/product\/yoast-seo-premium-wordpress\/ -->\n<title>Bariloche: nuevos hechos de violencia en la ocupaci\u00f3n mapuche de Villa Mascardi<\/title>\n<meta name=\"robots\" content=\"index, follow, max-snippet:-1, max-image-preview:large, max-video-preview:-1\" \/>\n<link rel=\"canonical\" href=\"https:\/\/patagoniambiental.com.ar\/info\/bariloche-nuevos-hechos-de-violencia-en-la-ocupacion-mapuche-de-villa-mascardi\/\" \/>\n<meta property=\"og:locale\" content=\"es_ES\" \/>\n<meta property=\"og:type\" content=\"article\" \/>\n<meta property=\"og:title\" content=\"Bariloche: nuevos hechos de violencia en la ocupaci\u00f3n mapuche de Villa Mascardi\" \/>\n<meta property=\"og:description\" content=\"Bariloche.-Un grupo repeli\u00f3 a piedrazos una cuadrilla de electricidad que buscaba restablecer el servicio el\u00e9ctrico. Hicieron lo mismo con polic\u00edas [&hellip;]\" \/>\n<meta property=\"og:url\" content=\"https:\/\/patagoniambiental.com.ar\/info\/bariloche-nuevos-hechos-de-violencia-en-la-ocupacion-mapuche-de-villa-mascardi\/\" \/>\n<meta property=\"og:site_name\" content=\"Patagonia Ambiental\" \/>\n<meta property=\"article:publisher\" content=\"https:\/\/www.facebook.com\/patagonia.ambiental\" \/>\n<meta property=\"article:author\" content=\"https:\/\/www.facebook.com\/share\/1C1V8Gv9BX\/?mibextid=qi2Omg\" \/>\n<meta property=\"article:published_time\" content=\"2017-11-16T22:00:19+00:00\" \/>\n<meta property=\"og:image\" content=\"https:\/\/patagoniambiental.com.ar\/info\/wp-content\/uploads\/2017\/11\/BkCRFXj1M_930x525.jpg\" \/>\n\t<meta property=\"og:image:width\" content=\"930\" \/>\n\t<meta property=\"og:image:height\" content=\"525\" \/>\n\t<meta property=\"og:image:type\" content=\"image\/jpeg\" \/>\n<meta name=\"author\" content=\"Patagonia Ambiental\" \/>\n<meta name=\"twitter:card\" content=\"summary_large_image\" \/>\n<meta name=\"twitter:creator\" content=\"@PatAmb\" \/>\n<meta name=\"twitter:site\" content=\"@PatAmb\" \/>\n<script type=\"application\/ld+json\" class=\"yoast-schema-graph\">{\"@context\":\"https:\\\/\\\/schema.org\",\"@graph\":[{\"@type\":\"Article\",\"@id\":\"https:\\\/\\\/patagoniambiental.com.ar\\\/info\\\/bariloche-nuevos-hechos-de-violencia-en-la-ocupacion-mapuche-de-villa-mascardi\\\/#article\",\"isPartOf\":{\"@id\":\"https:\\\/\\\/patagoniambiental.com.ar\\\/info\\\/bariloche-nuevos-hechos-de-violencia-en-la-ocupacion-mapuche-de-villa-mascardi\\\/\"},\"author\":{\"name\":\"Patagonia Ambiental\",\"@id\":\"https:\\\/\\\/patagoniambiental.com.ar\\\/info\\\/#\\\/schema\\\/person\\\/db12bff64bbcbf6a253710bf0ea37b5d\"},\"headline\":\"Bariloche: nuevos hechos de violencia en la ocupaci\u00f3n mapuche de Villa Mascardi\",\"datePublished\":\"2017-11-16T22:00:19+00:00\",\"mainEntityOfPage\":{\"@id\":\"https:\\\/\\\/patagoniambiental.com.ar\\\/info\\\/bariloche-nuevos-hechos-de-violencia-en-la-ocupacion-mapuche-de-villa-mascardi\\\/\"},\"wordCount\":630,\"commentCount\":0,\"publisher\":{\"@id\":\"https:\\\/\\\/patagoniambiental.com.ar\\\/info\\\/#organization\"},\"image\":{\"@id\":\"https:\\\/\\\/patagoniambiental.com.ar\\\/info\\\/bariloche-nuevos-hechos-de-violencia-en-la-ocupacion-mapuche-de-villa-mascardi\\\/#primaryimage\"},\"thumbnailUrl\":\"https:\\\/\\\/patagoniambiental.com.ar\\\/info\\\/wp-content\\\/uploads\\\/2017\\\/11\\\/BkCRFXj1M_930x525.jpg\",\"articleSection\":[\"Noticias\",\"Provinciales\",\"R\u00edo Negro\"],\"inLanguage\":\"es\",\"potentialAction\":[{\"@type\":\"CommentAction\",\"name\":\"Comment\",\"target\":[\"https:\\\/\\\/patagoniambiental.com.ar\\\/info\\\/bariloche-nuevos-hechos-de-violencia-en-la-ocupacion-mapuche-de-villa-mascardi\\\/#respond\"]}]},{\"@type\":\"WebPage\",\"@id\":\"https:\\\/\\\/patagoniambiental.com.ar\\\/info\\\/bariloche-nuevos-hechos-de-violencia-en-la-ocupacion-mapuche-de-villa-mascardi\\\/\",\"url\":\"https:\\\/\\\/patagoniambiental.com.ar\\\/info\\\/bariloche-nuevos-hechos-de-violencia-en-la-ocupacion-mapuche-de-villa-mascardi\\\/\",\"name\":\"Bariloche: nuevos hechos de violencia en la ocupaci\u00f3n mapuche de Villa Mascardi\",\"isPartOf\":{\"@id\":\"https:\\\/\\\/patagoniambiental.com.ar\\\/info\\\/#website\"},\"primaryImageOfPage\":{\"@id\":\"https:\\\/\\\/patagoniambiental.com.ar\\\/info\\\/bariloche-nuevos-hechos-de-violencia-en-la-ocupacion-mapuche-de-villa-mascardi\\\/#primaryimage\"},\"image\":{\"@id\":\"https:\\\/\\\/patagoniambiental.com.ar\\\/info\\\/bariloche-nuevos-hechos-de-violencia-en-la-ocupacion-mapuche-de-villa-mascardi\\\/#primaryimage\"},\"thumbnailUrl\":\"https:\\\/\\\/patagoniambiental.com.ar\\\/info\\\/wp-content\\\/uploads\\\/2017\\\/11\\\/BkCRFXj1M_930x525.jpg\",\"datePublished\":\"2017-11-16T22:00:19+00:00\",\"breadcrumb\":{\"@id\":\"https:\\\/\\\/patagoniambiental.com.ar\\\/info\\\/bariloche-nuevos-hechos-de-violencia-en-la-ocupacion-mapuche-de-villa-mascardi\\\/#breadcrumb\"},\"inLanguage\":\"es\",\"potentialAction\":[{\"@type\":\"ReadAction\",\"target\":[\"https:\\\/\\\/patagoniambiental.com.ar\\\/info\\\/bariloche-nuevos-hechos-de-violencia-en-la-ocupacion-mapuche-de-villa-mascardi\\\/\"]}]},{\"@type\":\"ImageObject\",\"inLanguage\":\"es\",\"@id\":\"https:\\\/\\\/patagoniambiental.com.ar\\\/info\\\/bariloche-nuevos-hechos-de-violencia-en-la-ocupacion-mapuche-de-villa-mascardi\\\/#primaryimage\",\"url\":\"https:\\\/\\\/patagoniambiental.com.ar\\\/info\\\/wp-content\\\/uploads\\\/2017\\\/11\\\/BkCRFXj1M_930x525.jpg\",\"contentUrl\":\"https:\\\/\\\/patagoniambiental.com.ar\\\/info\\\/wp-content\\\/uploads\\\/2017\\\/11\\\/BkCRFXj1M_930x525.jpg\",\"width\":930,\"height\":525},{\"@type\":\"BreadcrumbList\",\"@id\":\"https:\\\/\\\/patagoniambiental.com.ar\\\/info\\\/bariloche-nuevos-hechos-de-violencia-en-la-ocupacion-mapuche-de-villa-mascardi\\\/#breadcrumb\",\"itemListElement\":[{\"@type\":\"ListItem\",\"position\":1,\"name\":\"Inicio\",\"item\":\"https:\\\/\\\/patagoniambiental.com.ar\\\/info\\\/\"},{\"@type\":\"ListItem\",\"position\":2,\"name\":\"Bariloche: nuevos hechos de violencia en la ocupaci\u00f3n mapuche de Villa Mascardi\"}]},{\"@type\":\"WebSite\",\"@id\":\"https:\\\/\\\/patagoniambiental.com.ar\\\/info\\\/#website\",\"url\":\"https:\\\/\\\/patagoniambiental.com.ar\\\/info\\\/\",\"name\":\"Patagonia Ambiental\",\"description\":\"Monitoreo y an\u00e1lisis de la situaci\u00f3n geopol\u00edtica en el mundo y su implicancia en la Patagonia\",\"publisher\":{\"@id\":\"https:\\\/\\\/patagoniambiental.com.ar\\\/info\\\/#organization\"},\"potentialAction\":[{\"@type\":\"SearchAction\",\"target\":{\"@type\":\"EntryPoint\",\"urlTemplate\":\"https:\\\/\\\/patagoniambiental.com.ar\\\/info\\\/?s={search_term_string}\"},\"query-input\":{\"@type\":\"PropertyValueSpecification\",\"valueRequired\":true,\"valueName\":\"search_term_string\"}}],\"inLanguage\":\"es\"},{\"@type\":\"Organization\",\"@id\":\"https:\\\/\\\/patagoniambiental.com.ar\\\/info\\\/#organization\",\"name\":\"Patagonia Ambiental\",\"url\":\"https:\\\/\\\/patagoniambiental.com.ar\\\/info\\\/\",\"logo\":{\"@type\":\"ImageObject\",\"inLanguage\":\"es\",\"@id\":\"https:\\\/\\\/patagoniambiental.com.ar\\\/info\\\/#\\\/schema\\\/logo\\\/image\\\/\",\"url\":\"https:\\\/\\\/patagoniambiental.com.ar\\\/info\\\/wp-content\\\/uploads\\\/2025\\\/05\\\/LOGO-PATAGONIA-AMBIENTAL.png\",\"contentUrl\":\"https:\\\/\\\/patagoniambiental.com.ar\\\/info\\\/wp-content\\\/uploads\\\/2025\\\/05\\\/LOGO-PATAGONIA-AMBIENTAL.png\",\"width\":433,\"height\":250,\"caption\":\"Patagonia Ambiental\"},\"image\":{\"@id\":\"https:\\\/\\\/patagoniambiental.com.ar\\\/info\\\/#\\\/schema\\\/logo\\\/image\\\/\"},\"sameAs\":[\"https:\\\/\\\/www.facebook.com\\\/patagonia.ambiental\",\"https:\\\/\\\/x.com\\\/PatAmb\"]},{\"@type\":\"Person\",\"@id\":\"https:\\\/\\\/patagoniambiental.com.ar\\\/info\\\/#\\\/schema\\\/person\\\/db12bff64bbcbf6a253710bf0ea37b5d\",\"name\":\"Patagonia Ambiental\",\"description\":\"Andr\u00e9s Nievas T\u00e9cnico en manejo ambiental, consultor Ambiental y escritor para medios locales e internacionales sobre temas de geopolitica y medio ambiente.\",\"sameAs\":[\"http:\\\/\\\/www.patagoniambiental.com.ar\",\"https:\\\/\\\/www.facebook.com\\\/share\\\/1C1V8Gv9BX\\\/?mibextid=qi2Omg\",\"@patagoniambiental\",\"https:\\\/\\\/youtube.com\\\/@patagoniaambiental2023?si=BLt58t0wuXquxlYZ\"]}]}<\/script>\n<!-- \/ Yoast SEO Premium plugin. -->","yoast_head_json":{"title":"Bariloche: nuevos hechos de violencia en la ocupaci\u00f3n mapuche de Villa Mascardi","robots":{"index":"index","follow":"follow","max-snippet":"max-snippet:-1","max-image-preview":"max-image-preview:large","max-video-preview":"max-video-preview:-1"},"canonical":"https:\/\/patagoniambiental.com.ar\/info\/bariloche-nuevos-hechos-de-violencia-en-la-ocupacion-mapuche-de-villa-mascardi\/","og_locale":"es_ES","og_type":"article","og_title":"Bariloche: nuevos hechos de violencia en la ocupaci\u00f3n mapuche de Villa Mascardi","og_description":"Bariloche.-Un grupo repeli\u00f3 a piedrazos una cuadrilla de electricidad que buscaba restablecer el servicio el\u00e9ctrico. Hicieron lo mismo con polic\u00edas [&hellip;]","og_url":"https:\/\/patagoniambiental.com.ar\/info\/bariloche-nuevos-hechos-de-violencia-en-la-ocupacion-mapuche-de-villa-mascardi\/","og_site_name":"Patagonia Ambiental","article_publisher":"https:\/\/www.facebook.com\/patagonia.ambiental","article_author":"https:\/\/www.facebook.com\/share\/1C1V8Gv9BX\/?mibextid=qi2Omg","article_published_time":"2017-11-16T22:00:19+00:00","og_image":[{"width":930,"height":525,"url":"https:\/\/patagoniambiental.com.ar\/info\/wp-content\/uploads\/2017\/11\/BkCRFXj1M_930x525.jpg","type":"image\/jpeg"}],"author":"Patagonia Ambiental","twitter_card":"summary_large_image","twitter_creator":"@PatAmb","twitter_site":"@PatAmb","schema":{"@context":"https:\/\/schema.org","@graph":[{"@type":"Article","@id":"https:\/\/patagoniambiental.com.ar\/info\/bariloche-nuevos-hechos-de-violencia-en-la-ocupacion-mapuche-de-villa-mascardi\/#article","isPartOf":{"@id":"https:\/\/patagoniambiental.com.ar\/info\/bariloche-nuevos-hechos-de-violencia-en-la-ocupacion-mapuche-de-villa-mascardi\/"},"author":{"name":"Patagonia Ambiental","@id":"https:\/\/patagoniambiental.com.ar\/info\/#\/schema\/person\/db12bff64bbcbf6a253710bf0ea37b5d"},"headline":"Bariloche: nuevos hechos de violencia en la ocupaci\u00f3n mapuche de Villa Mascardi","datePublished":"2017-11-16T22:00:19+00:00","mainEntityOfPage":{"@id":"https:\/\/patagoniambiental.com.ar\/info\/bariloche-nuevos-hechos-de-violencia-en-la-ocupacion-mapuche-de-villa-mascardi\/"},"wordCount":630,"commentCount":0,"publisher":{"@id":"https:\/\/patagoniambiental.com.ar\/info\/#organization"},"image":{"@id":"https:\/\/patagoniambiental.com.ar\/info\/bariloche-nuevos-hechos-de-violencia-en-la-ocupacion-mapuche-de-villa-mascardi\/#primaryimage"},"thumbnailUrl":"https:\/\/patagoniambiental.com.ar\/info\/wp-content\/uploads\/2017\/11\/BkCRFXj1M_930x525.jpg","articleSection":["Noticias","Provinciales","R\u00edo Negro"],"inLanguage":"es","potentialAction":[{"@type":"CommentAction","name":"Comment","target":["https:\/\/patagoniambiental.com.ar\/info\/bariloche-nuevos-hechos-de-violencia-en-la-ocupacion-mapuche-de-villa-mascardi\/#respond"]}]},{"@type":"WebPage","@id":"https:\/\/patagoniambiental.com.ar\/info\/bariloche-nuevos-hechos-de-violencia-en-la-ocupacion-mapuche-de-villa-mascardi\/","url":"https:\/\/patagoniambiental.com.ar\/info\/bariloche-nuevos-hechos-de-violencia-en-la-ocupacion-mapuche-de-villa-mascardi\/","name":"Bariloche: nuevos hechos de violencia en la ocupaci\u00f3n mapuche de Villa Mascardi","isPartOf":{"@id":"https:\/\/patagoniambiental.com.ar\/info\/#website"},"primaryImageOfPage":{"@id":"https:\/\/patagoniambiental.com.ar\/info\/bariloche-nuevos-hechos-de-violencia-en-la-ocupacion-mapuche-de-villa-mascardi\/#primaryimage"},"image":{"@id":"https:\/\/patagoniambiental.com.ar\/info\/bariloche-nuevos-hechos-de-violencia-en-la-ocupacion-mapuche-de-villa-mascardi\/#primaryimage"},"thumbnailUrl":"https:\/\/patagoniambiental.com.ar\/info\/wp-content\/uploads\/2017\/11\/BkCRFXj1M_930x525.jpg","datePublished":"2017-11-16T22:00:19+00:00","breadcrumb":{"@id":"https:\/\/patagoniambiental.com.ar\/info\/bariloche-nuevos-hechos-de-violencia-en-la-ocupacion-mapuche-de-villa-mascardi\/#breadcrumb"},"inLanguage":"es","potentialAction":[{"@type":"ReadAction","target":["https:\/\/patagoniambiental.com.ar\/info\/bariloche-nuevos-hechos-de-violencia-en-la-ocupacion-mapuche-de-villa-mascardi\/"]}]},{"@type":"ImageObject","inLanguage":"es","@id":"https:\/\/patagoniambiental.com.ar\/info\/bariloche-nuevos-hechos-de-violencia-en-la-ocupacion-mapuche-de-villa-mascardi\/#primaryimage","url":"https:\/\/patagoniambiental.com.ar\/info\/wp-content\/uploads\/2017\/11\/BkCRFXj1M_930x525.jpg","contentUrl":"https:\/\/patagoniambiental.com.ar\/info\/wp-content\/uploads\/2017\/11\/BkCRFXj1M_930x525.jpg","width":930,"height":525},{"@type":"BreadcrumbList","@id":"https:\/\/patagoniambiental.com.ar\/info\/bariloche-nuevos-hechos-de-violencia-en-la-ocupacion-mapuche-de-villa-mascardi\/#breadcrumb","itemListElement":[{"@type":"ListItem","position":1,"name":"Inicio","item":"https:\/\/patagoniambiental.com.ar\/info\/"},{"@type":"ListItem","position":2,"name":"Bariloche: nuevos hechos de violencia en la ocupaci\u00f3n mapuche de Villa Mascardi"}]},{"@type":"WebSite","@id":"https:\/\/patagoniambiental.com.ar\/info\/#website","url":"https:\/\/patagoniambiental.com.ar\/info\/","name":"Patagonia Ambiental","description":"Monitoreo y an\u00e1lisis de la situaci\u00f3n geopol\u00edtica en el mundo y su implicancia en la Patagonia","publisher":{"@id":"https:\/\/patagoniambiental.com.ar\/info\/#organization"},"potentialAction":[{"@type":"SearchAction","target":{"@type":"EntryPoint","urlTemplate":"https:\/\/patagoniambiental.com.ar\/info\/?s={search_term_string}"},"query-input":{"@type":"PropertyValueSpecification","valueRequired":true,"valueName":"search_term_string"}}],"inLanguage":"es"},{"@type":"Organization","@id":"https:\/\/patagoniambiental.com.ar\/info\/#organization","name":"Patagonia Ambiental","url":"https:\/\/patagoniambiental.com.ar\/info\/","logo":{"@type":"ImageObject","inLanguage":"es","@id":"https:\/\/patagoniambiental.com.ar\/info\/#\/schema\/logo\/image\/","url":"https:\/\/patagoniambiental.com.ar\/info\/wp-content\/uploads\/2025\/05\/LOGO-PATAGONIA-AMBIENTAL.png","contentUrl":"https:\/\/patagoniambiental.com.ar\/info\/wp-content\/uploads\/2025\/05\/LOGO-PATAGONIA-AMBIENTAL.png","width":433,"height":250,"caption":"Patagonia Ambiental"},"image":{"@id":"https:\/\/patagoniambiental.com.ar\/info\/#\/schema\/logo\/image\/"},"sameAs":["https:\/\/www.facebook.com\/patagonia.ambiental","https:\/\/x.com\/PatAmb"]},{"@type":"Person","@id":"https:\/\/patagoniambiental.com.ar\/info\/#\/schema\/person\/db12bff64bbcbf6a253710bf0ea37b5d","name":"Patagonia Ambiental","description":"Andr\u00e9s Nievas T\u00e9cnico en manejo ambiental, consultor Ambiental y escritor para medios locales e internacionales sobre temas de geopolitica y medio ambiente.","sameAs":["http:\/\/www.patagoniambiental.com.ar","https:\/\/www.facebook.com\/share\/1C1V8Gv9BX\/?mibextid=qi2Omg","@patagoniambiental","https:\/\/youtube.com\/@patagoniaambiental2023?si=BLt58t0wuXquxlYZ"]}]}},"_links":{"self":[{"href":"https:\/\/patagoniambiental.com.ar\/info\/wp-json\/wp\/v2\/posts\/38416","targetHints":{"allow":["GET"]}}],"collection":[{"href":"https:\/\/patagoniambiental.com.ar\/info\/wp-json\/wp\/v2\/posts"}],"about":[{"href":"https:\/\/patagoniambiental.com.ar\/info\/wp-json\/wp\/v2\/types\/post"}],"author":[{"embeddable":true,"href":"https:\/\/patagoniambiental.com.ar\/info\/wp-json\/wp\/v2\/users\/2"}],"replies":[{"embeddable":true,"href":"https:\/\/patagoniambiental.com.ar\/info\/wp-json\/wp\/v2\/comments?post=38416"}],"version-history":[{"count":0,"href":"https:\/\/patagoniambiental.com.ar\/info\/wp-json\/wp\/v2\/posts\/38416\/revisions"}],"wp:featuredmedia":[{"embeddable":true,"href":"https:\/\/patagoniambiental.com.ar\/info\/wp-json\/wp\/v2\/media\/38417"}],"wp:attachment":[{"href":"https:\/\/patagoniambiental.com.ar\/info\/wp-json\/wp\/v2\/media?parent=38416"}],"wp:term":[{"taxonomy":"category","embeddable":true,"href":"https:\/\/patagoniambiental.com.ar\/info\/wp-json\/wp\/v2\/categories?post=38416"},{"taxonomy":"post_tag","embeddable":true,"href":"https:\/\/patagoniambiental.com.ar\/info\/wp-json\/wp\/v2\/tags?post=38416"}],"curies":[{"name":"wp","href":"https:\/\/api.w.org\/{rel}","templated":true}]}}