{"id":38419,"date":"2017-11-17T09:00:00","date_gmt":"2017-11-17T12:00:00","guid":{"rendered":"http:\/\/patagoniambiental.com.ar\/info\/?p=38419"},"modified":"2017-11-16T21:17:53","modified_gmt":"2017-11-17T00:17:53","slug":"cop23-cuales-son-nuestros-compromisos-climaticos","status":"publish","type":"post","link":"https:\/\/patagoniambiental.com.ar\/info\/cop23-cuales-son-nuestros-compromisos-climaticos\/","title":{"rendered":"COP23: \u00bfCu\u00e1les son nuestros compromisos clim\u00e1ticos?"},"content":{"rendered":"<div class=\"row\">\n<div class=\"col-xs-12 col-print-12\">\n<p class=\"element element-paragraph\">Mientras se realizan los ajustes de la \u00faltima versi\u00f3n de la COP23 en Bonn, Alemania y contin\u00faan las negociaciones, hay expectativa de que los ministros anuncien mayores compromisos clim\u00e1ticos que permitan avanzar hacia los objetivos planteados en la Cumbre de Par\u00eds. Todav\u00eda falta establecer la salida de Estados Unidos del acuerdo y la forma oficial en que los pa\u00edses miden sus emisiones. En ese marco,\u00a0<strong>se present\u00f3 en la Sala de Conferencia de Prensa de la COP el<\/strong>\u00a0<strong>\u00cdndice de Desempe\u00f1o del Cambio Clim\u00e1tico 2018,\u00a0<\/strong>elaborado a nivel mundial por Germanwatch, New Climate Institute y Climate Action Network (CAN).<\/p>\n<\/div>\n<\/div>\n<div class=\"row\">\n<div class=\"col-xs-12 col-print-12\">\n<p class=\"element element-paragraph\">El \u00edndice cont\u00f3 con la participaci\u00f3n de alrededor de trescientos expertos en clima de todo el mundo, que contribuyeron a la edici\u00f3n de este a\u00f1o con su evaluaci\u00f3n de las pol\u00edticas clim\u00e1ticas nacionales. Por nuestro pa\u00eds participaron las organizaciones 350.org Argentina, Fundaci\u00f3n Agreste y Friends of the Earth Argentina.<\/p>\n<\/div>\n<\/div>\n<div class=\"row\">\n<div class=\"col-xs-12 col-print-12\">\n<p class=\"element element-paragraph\">Se considera que el cambio clim\u00e1tico es probablemente el mayor desaf\u00edo ambiental y social que debe enfrentar la humanidad, y que fue generado por los seres humanos. La Presidencia de la COP23 estuvo representada por el primer ministro de la Rep\u00fablica de Fiji, quien se\u00f1al\u00f3: \u00abTodos estamos en la misma canoa\u00bb, hablando en representaci\u00f3n de una peque\u00f1a isla del Pac\u00edfico muy amenazada por el aumento del nivel del mar y la salinizaci\u00f3n de las costas. En su mensaje est\u00e1 presente la idea de que\u00a0<strong>este problema del calentamiento global se resuelve en forma global con acciones conjuntas y compromisos de todos los pa\u00edses de manera consensuada<\/strong>.<\/p>\n<\/div>\n<\/div>\n<div class=\"row\">\n<div class=\"col-xs-12 col-print-12\">\n<p class=\"element element-paragraph\">Entre las conclusiones del diagn\u00f3stico se se\u00f1ala: \u00abLa transici\u00f3n energ\u00e9tica global toma velocidad, pero ning\u00fan pa\u00eds est\u00e1 haciendo lo suficiente. Los pa\u00edses deben fortalecer los objetivos y la implementaci\u00f3n; Suecia, Marruecos y Noruega lideran el cuadro y Estados Unidos se encuentra en ca\u00edda libre\u00bb.<\/p>\n<\/div>\n<\/div>\n<div class=\"row\">\n<div class=\"col-xs-12 col-print-12\">\n<p class=\"element element-paragraph\">En el extracto se se\u00f1ala: \u00abArgentina ocupa el puesto 46 en el ranking CCPI de este a\u00f1o. El pa\u00eds tiene un rendimiento muy bajo en cuanto a estrategia respecto de las emisiones y actualmente muy lejos de alcanzar una trayectoria compatible con una temperatura inferior a 2 \u00b0C. Argentina sigue siendo baja tanto en la categor\u00eda de uso de energ\u00eda como en la categor\u00eda de energ\u00edas renovables\u00bb.<\/p>\n<\/div>\n<\/div>\n<div class=\"row\">\n<div id=\"\" class=\"wrapper clearfix pb-feature pb-layout-item pb-f-ads-dfp left-align\">\n<div id=\"inline\" class=\"pb-ad-container pb-ad pb-ad-prod ad-1X1\">\n<div id=\"google_ads_iframe_\/1058609\/infobae\/opinion\/nota\/inline_0__container__\">Si bien hay progreso en el uso de las energ\u00edas renovables, que ya se refleja en el indicador de tendencia,\u00a0<strong>expertos nacionales critican a Argentina por sus grandes inversiones en combustibles f\u00f3siles no convencionales, como el gas y el petr\u00f3leo shale<\/strong>. Si bien reconocen que su pa\u00eds habr\u00eda demostrado intenci\u00f3n de seguir adelante con los planes de mitigaci\u00f3n y reconocen el desaf\u00edo de tambi\u00e9n avanzar con su implementaci\u00f3n, los expertos demandan una estrategia m\u00e1s ambiciosa.<\/div>\n<\/div>\n<\/div>\n<\/div>\n<div class=\"row\">\n<div class=\"col-xs-12 col-print-12\">\n<p class=\"element element-paragraph\">Argentina tiene algunos avances positivos en cuanto a energ\u00edas renovables. Incluso est\u00e1 en tratamiento en plenario de comisiones conjuntas, en el Senado, la ley de r\u00e9gimen nacional de generaci\u00f3n distribuida de energ\u00edas renovables. Lo que sigue siendo muy preocupante es que al mismo tiempo se quiera profundizar el modelo f\u00f3sil de extracci\u00f3n de hidrocarburos no convencionales, con la altamente contaminante metodolog\u00eda del fracking. Eso va a contramano del cuidado del medioambiente, del agua y de la vida, y del cumplimiento de los objetivos planteados en el acuerdo de Par\u00eds.\u00a0<strong>Hay un alto potencial de fuentes alternativas para desarrollar una matriz limpia y sustentable, que no tiene que ver con el esquema de f\u00f3siles contaminantes y aportantes de gases de efecto invernadero que implica el supuesto desarrollo de Vaca Muerta.<\/strong><\/p>\n<\/div>\n<\/div>\n<div class=\"row\">\n<div class=\"col-xs-12 col-print-12\">\n<p class=\"element element-paragraph\">Stephan Singer, coordinador de Climate Action Network (CAN) y coeditor del CCPI, se\u00f1al\u00f3, en su an\u00e1lisis del diagn\u00f3stico general: \u00abLos datos muestran un crecimiento alentador en energ\u00edas renovables, precios cada vez m\u00e1s bajos para la energ\u00eda solar y e\u00f3lica, y \u00e9xitos en el ahorro de energ\u00eda en muchos pa\u00edses. Esto fue responsable de estabilizar las emisiones mundiales de di\u00f3xido de carbono de la energ\u00eda en los \u00faltimos tres a\u00f1os. El objetivo es una econom\u00eda mundial basada en la energ\u00eda totalmente renovable en unas pocas d\u00e9cadas, porque el creciente consumo de petr\u00f3leo y gas es m\u00e1s alto que la bienvenida reducci\u00f3n en el uso del carb\u00f3n\u00bb.<\/p>\n<\/div>\n<\/div>\n<div class=\"row\">\n<div class=\"col-xs-12 col-print-12\">\n<p class=\"element element-paragraph\">\u00abLa brecha en la ambici\u00f3n a mediano y largo plazo de los pa\u00edses evaluados es a\u00fan demasiado alta. En t\u00e9rminos de emisiones de GEI, vemos mejores objetivos para 2030 en pa\u00edses como Noruega o India; en objetivos comparablemente buenos para la energ\u00eda renovable vemos, por ejemplo, a Noruega, Suecia o Nueva Zelanda. Ning\u00fan pa\u00eds tiene un objetivo de eficiencia energ\u00e9tica particularmente sobresaliente. Arabia Saudita y los Estados Unidos, en general, tienen que aumentar dr\u00e1sticamente su ambici\u00f3n 2030\u00bb, explic\u00f3 el profesor Niklas H\u00f6hne del New Climate Institute, coautor del CCPI.<\/p>\n<\/div>\n<\/div>\n<div class=\"row\">\n<div class=\"col-xs-12 col-print-12\">\n<p class=\"element element-paragraph\"><strong>\u00bfQui\u00e9nes son los pa\u00edses m\u00e1s afectados por el cambio clim\u00e1tico?<\/strong><\/p>\n<\/div>\n<\/div>\n<div class=\"row\">\n<div class=\"col-xs-12 col-print-12\">\n<p class=\"element element-paragraph\">La organizaci\u00f3n Germanwatch tambi\u00e9n ha elaborado un \u00cdndice de Riesgo Clim\u00e1tico Global 2018, que se\u00f1ala que\u00a0<strong>los pa\u00edses m\u00e1s afectados hasta la medici\u00f3n del a\u00f1o pasado han sido Honduras, Hait\u00ed, Myanmar, Nicaragua, Filipinas Bangladesh, Pakist\u00e1n, Vietnam, Tailandia y Rep\u00fablica Dominicana.<\/strong><\/p>\n<\/div>\n<\/div>\n<div class=\"row\">\n<div class=\"col-xs-12 col-print-12\">\n<p class=\"element element-paragraph\">Seg\u00fan el informe, m\u00e1s de 524 mil personas murieron como consecuencia directa de m\u00e1s de 11 mil eventos meteorol\u00f3gicos extremos. Entre 1997 y 2016 las p\u00e9rdidas ascendieron a unos 3,16 billones de d\u00f3lares en paridades de poder adquisitivo (PPA). Las tormentas y sus consecuencias directas \u2014precipitaciones, inundaciones y desprendimientos de tierra\u2014 fueron una de las principales causas de da\u00f1os en 2016. Seg\u00fan las \u00faltimas investigaciones cient\u00edficas, el aumento de las temperaturas de la superficie del mar parece desempe\u00f1ar un papel clave en la intensificaci\u00f3n de las tormentas.<\/p>\n<\/div>\n<\/div>\n<div class=\"row\">\u00a0Fuente: Por Juan Pablo Olsson para www.infobae.com<\/p>\n<div id=\"fpCRep10BKu3Bq\" class=\"wrapper clearfix col-lg-12 col-md-12 pb-feature pb-layout-item pb-f-article-byline col-sm-12 col-xs-12 no-align\"><\/div>\n<\/div>\n","protected":false},"excerpt":{"rendered":"<p>Mientras se realizan los ajustes de la \u00faltima versi\u00f3n de la COP23 en Bonn, Alemania y contin\u00faan las negociaciones, hay [&hellip;]<\/p>\n","protected":false},"author":2,"featured_media":0,"comment_status":"open","ping_status":"open","sticky":false,"template":"","format":"standard","meta":{"site-sidebar-layout":"default","site-content-layout":"","ast-site-content-layout":"default","site-content-style":"default","site-sidebar-style":"default","ast-global-header-display":"","ast-banner-title-visibility":"","ast-main-header-display":"","ast-hfb-above-header-display":"","ast-hfb-below-header-display":"","ast-hfb-mobile-header-display":"","site-post-title":"","ast-breadcrumbs-content":"","ast-featured-img":"","footer-sml-layout":"","ast-disable-related-posts":"","theme-transparent-header-meta":"","adv-header-id-meta":"","stick-header-meta":"","header-above-stick-meta":"","header-main-stick-meta":"","header-below-stick-meta":"","astra-migrate-meta-layouts":"default","ast-page-background-enabled":"default","ast-page-background-meta":{"desktop":{"background-color":"var(--ast-global-color-5)","background-image":"","background-repeat":"repeat","background-position":"center center","background-size":"auto","background-attachment":"scroll","background-type":"","background-media":"","overlay-type":"","overlay-color":"","overlay-opacity":"","overlay-gradient":""},"tablet":{"background-color":"","background-image":"","background-repeat":"repeat","background-position":"center center","background-size":"auto","background-attachment":"scroll","background-type":"","background-media":"","overlay-type":"","overlay-color":"","overlay-opacity":"","overlay-gradient":""},"mobile":{"background-color":"","background-image":"","background-repeat":"repeat","background-position":"center center","background-size":"auto","background-attachment":"scroll","background-type":"","background-media":"","overlay-type":"","overlay-color":"","overlay-opacity":"","overlay-gradient":""}},"ast-content-background-meta":{"desktop":{"background-color":"var(--ast-global-color-4)","background-image":"","background-repeat":"repeat","background-position":"center center","background-size":"auto","background-attachment":"scroll","background-type":"","background-media":"","overlay-type":"","overlay-color":"","overlay-opacity":"","overlay-gradient":""},"tablet":{"background-color":"var(--ast-global-color-4)","background-image":"","background-repeat":"repeat","background-position":"center center","background-size":"auto","background-attachment":"scroll","background-type":"","background-media":"","overlay-type":"","overlay-color":"","overlay-opacity":"","overlay-gradient":""},"mobile":{"background-color":"var(--ast-global-color-4)","background-image":"","background-repeat":"repeat","background-position":"center center","background-size":"auto","background-attachment":"scroll","background-type":"","background-media":"","overlay-type":"","overlay-color":"","overlay-opacity":"","overlay-gradient":""}},"footnotes":""},"categories":[1],"tags":[],"class_list":["post-38419","post","type-post","status-publish","format-standard","hentry","category-noticias"],"yoast_head":"<!-- This site is optimized with the Yoast SEO Premium plugin v23.0 (Yoast SEO v27.4) - https:\/\/yoast.com\/product\/yoast-seo-premium-wordpress\/ -->\n<title>COP23: \u00bfCu\u00e1les son nuestros compromisos clim\u00e1ticos?<\/title>\n<meta name=\"robots\" content=\"index, follow, max-snippet:-1, max-image-preview:large, max-video-preview:-1\" \/>\n<link rel=\"canonical\" href=\"https:\/\/patagoniambiental.com.ar\/info\/cop23-cuales-son-nuestros-compromisos-climaticos\/\" \/>\n<meta property=\"og:locale\" content=\"es_ES\" \/>\n<meta property=\"og:type\" content=\"article\" \/>\n<meta property=\"og:title\" content=\"COP23: \u00bfCu\u00e1les son nuestros compromisos clim\u00e1ticos?\" \/>\n<meta property=\"og:description\" content=\"Mientras se realizan los ajustes de la \u00faltima versi\u00f3n de la COP23 en Bonn, Alemania y contin\u00faan las negociaciones, hay [&hellip;]\" \/>\n<meta property=\"og:url\" content=\"https:\/\/patagoniambiental.com.ar\/info\/cop23-cuales-son-nuestros-compromisos-climaticos\/\" \/>\n<meta property=\"og:site_name\" content=\"Patagonia Ambiental\" \/>\n<meta property=\"article:publisher\" content=\"https:\/\/www.facebook.com\/patagonia.ambiental\" \/>\n<meta property=\"article:author\" content=\"https:\/\/www.facebook.com\/share\/1C1V8Gv9BX\/?mibextid=qi2Omg\" \/>\n<meta property=\"article:published_time\" content=\"2017-11-17T12:00:00+00:00\" \/>\n<meta name=\"author\" content=\"Patagonia Ambiental\" \/>\n<meta name=\"twitter:card\" content=\"summary_large_image\" \/>\n<meta name=\"twitter:creator\" content=\"@PatAmb\" \/>\n<meta name=\"twitter:site\" content=\"@PatAmb\" \/>\n<script type=\"application\/ld+json\" class=\"yoast-schema-graph\">{\"@context\":\"https:\\\/\\\/schema.org\",\"@graph\":[{\"@type\":\"Article\",\"@id\":\"https:\\\/\\\/patagoniambiental.com.ar\\\/info\\\/cop23-cuales-son-nuestros-compromisos-climaticos\\\/#article\",\"isPartOf\":{\"@id\":\"https:\\\/\\\/patagoniambiental.com.ar\\\/info\\\/cop23-cuales-son-nuestros-compromisos-climaticos\\\/\"},\"author\":{\"name\":\"Patagonia Ambiental\",\"@id\":\"https:\\\/\\\/patagoniambiental.com.ar\\\/info\\\/#\\\/schema\\\/person\\\/db12bff64bbcbf6a253710bf0ea37b5d\"},\"headline\":\"COP23: \u00bfCu\u00e1les son nuestros compromisos clim\u00e1ticos?\",\"datePublished\":\"2017-11-17T12:00:00+00:00\",\"mainEntityOfPage\":{\"@id\":\"https:\\\/\\\/patagoniambiental.com.ar\\\/info\\\/cop23-cuales-son-nuestros-compromisos-climaticos\\\/\"},\"wordCount\":1022,\"commentCount\":0,\"publisher\":{\"@id\":\"https:\\\/\\\/patagoniambiental.com.ar\\\/info\\\/#organization\"},\"articleSection\":[\"Noticias\"],\"inLanguage\":\"es\",\"potentialAction\":[{\"@type\":\"CommentAction\",\"name\":\"Comment\",\"target\":[\"https:\\\/\\\/patagoniambiental.com.ar\\\/info\\\/cop23-cuales-son-nuestros-compromisos-climaticos\\\/#respond\"]}]},{\"@type\":\"WebPage\",\"@id\":\"https:\\\/\\\/patagoniambiental.com.ar\\\/info\\\/cop23-cuales-son-nuestros-compromisos-climaticos\\\/\",\"url\":\"https:\\\/\\\/patagoniambiental.com.ar\\\/info\\\/cop23-cuales-son-nuestros-compromisos-climaticos\\\/\",\"name\":\"COP23: \u00bfCu\u00e1les son nuestros compromisos clim\u00e1ticos?\",\"isPartOf\":{\"@id\":\"https:\\\/\\\/patagoniambiental.com.ar\\\/info\\\/#website\"},\"datePublished\":\"2017-11-17T12:00:00+00:00\",\"breadcrumb\":{\"@id\":\"https:\\\/\\\/patagoniambiental.com.ar\\\/info\\\/cop23-cuales-son-nuestros-compromisos-climaticos\\\/#breadcrumb\"},\"inLanguage\":\"es\",\"potentialAction\":[{\"@type\":\"ReadAction\",\"target\":[\"https:\\\/\\\/patagoniambiental.com.ar\\\/info\\\/cop23-cuales-son-nuestros-compromisos-climaticos\\\/\"]}]},{\"@type\":\"BreadcrumbList\",\"@id\":\"https:\\\/\\\/patagoniambiental.com.ar\\\/info\\\/cop23-cuales-son-nuestros-compromisos-climaticos\\\/#breadcrumb\",\"itemListElement\":[{\"@type\":\"ListItem\",\"position\":1,\"name\":\"Inicio\",\"item\":\"https:\\\/\\\/patagoniambiental.com.ar\\\/info\\\/\"},{\"@type\":\"ListItem\",\"position\":2,\"name\":\"COP23: \u00bfCu\u00e1les son nuestros compromisos clim\u00e1ticos?\"}]},{\"@type\":\"WebSite\",\"@id\":\"https:\\\/\\\/patagoniambiental.com.ar\\\/info\\\/#website\",\"url\":\"https:\\\/\\\/patagoniambiental.com.ar\\\/info\\\/\",\"name\":\"Patagonia Ambiental\",\"description\":\"Monitoreo y an\u00e1lisis de la situaci\u00f3n geopol\u00edtica en el mundo y su implicancia en la Patagonia\",\"publisher\":{\"@id\":\"https:\\\/\\\/patagoniambiental.com.ar\\\/info\\\/#organization\"},\"potentialAction\":[{\"@type\":\"SearchAction\",\"target\":{\"@type\":\"EntryPoint\",\"urlTemplate\":\"https:\\\/\\\/patagoniambiental.com.ar\\\/info\\\/?s={search_term_string}\"},\"query-input\":{\"@type\":\"PropertyValueSpecification\",\"valueRequired\":true,\"valueName\":\"search_term_string\"}}],\"inLanguage\":\"es\"},{\"@type\":\"Organization\",\"@id\":\"https:\\\/\\\/patagoniambiental.com.ar\\\/info\\\/#organization\",\"name\":\"Patagonia Ambiental\",\"url\":\"https:\\\/\\\/patagoniambiental.com.ar\\\/info\\\/\",\"logo\":{\"@type\":\"ImageObject\",\"inLanguage\":\"es\",\"@id\":\"https:\\\/\\\/patagoniambiental.com.ar\\\/info\\\/#\\\/schema\\\/logo\\\/image\\\/\",\"url\":\"https:\\\/\\\/patagoniambiental.com.ar\\\/info\\\/wp-content\\\/uploads\\\/2025\\\/05\\\/LOGO-PATAGONIA-AMBIENTAL.png\",\"contentUrl\":\"https:\\\/\\\/patagoniambiental.com.ar\\\/info\\\/wp-content\\\/uploads\\\/2025\\\/05\\\/LOGO-PATAGONIA-AMBIENTAL.png\",\"width\":433,\"height\":250,\"caption\":\"Patagonia Ambiental\"},\"image\":{\"@id\":\"https:\\\/\\\/patagoniambiental.com.ar\\\/info\\\/#\\\/schema\\\/logo\\\/image\\\/\"},\"sameAs\":[\"https:\\\/\\\/www.facebook.com\\\/patagonia.ambiental\",\"https:\\\/\\\/x.com\\\/PatAmb\"]},{\"@type\":\"Person\",\"@id\":\"https:\\\/\\\/patagoniambiental.com.ar\\\/info\\\/#\\\/schema\\\/person\\\/db12bff64bbcbf6a253710bf0ea37b5d\",\"name\":\"Patagonia Ambiental\",\"description\":\"Andr\u00e9s Nievas T\u00e9cnico en manejo ambiental, consultor Ambiental y escritor para medios locales e internacionales sobre temas de geopolitica y medio ambiente.\",\"sameAs\":[\"http:\\\/\\\/www.patagoniambiental.com.ar\",\"https:\\\/\\\/www.facebook.com\\\/share\\\/1C1V8Gv9BX\\\/?mibextid=qi2Omg\",\"@patagoniambiental\",\"https:\\\/\\\/youtube.com\\\/@patagoniaambiental2023?si=BLt58t0wuXquxlYZ\"]}]}<\/script>\n<!-- \/ Yoast SEO Premium plugin. -->","yoast_head_json":{"title":"COP23: \u00bfCu\u00e1les son nuestros compromisos clim\u00e1ticos?","robots":{"index":"index","follow":"follow","max-snippet":"max-snippet:-1","max-image-preview":"max-image-preview:large","max-video-preview":"max-video-preview:-1"},"canonical":"https:\/\/patagoniambiental.com.ar\/info\/cop23-cuales-son-nuestros-compromisos-climaticos\/","og_locale":"es_ES","og_type":"article","og_title":"COP23: \u00bfCu\u00e1les son nuestros compromisos clim\u00e1ticos?","og_description":"Mientras se realizan los ajustes de la \u00faltima versi\u00f3n de la COP23 en Bonn, Alemania y contin\u00faan las negociaciones, hay [&hellip;]","og_url":"https:\/\/patagoniambiental.com.ar\/info\/cop23-cuales-son-nuestros-compromisos-climaticos\/","og_site_name":"Patagonia Ambiental","article_publisher":"https:\/\/www.facebook.com\/patagonia.ambiental","article_author":"https:\/\/www.facebook.com\/share\/1C1V8Gv9BX\/?mibextid=qi2Omg","article_published_time":"2017-11-17T12:00:00+00:00","author":"Patagonia Ambiental","twitter_card":"summary_large_image","twitter_creator":"@PatAmb","twitter_site":"@PatAmb","schema":{"@context":"https:\/\/schema.org","@graph":[{"@type":"Article","@id":"https:\/\/patagoniambiental.com.ar\/info\/cop23-cuales-son-nuestros-compromisos-climaticos\/#article","isPartOf":{"@id":"https:\/\/patagoniambiental.com.ar\/info\/cop23-cuales-son-nuestros-compromisos-climaticos\/"},"author":{"name":"Patagonia Ambiental","@id":"https:\/\/patagoniambiental.com.ar\/info\/#\/schema\/person\/db12bff64bbcbf6a253710bf0ea37b5d"},"headline":"COP23: \u00bfCu\u00e1les son nuestros compromisos clim\u00e1ticos?","datePublished":"2017-11-17T12:00:00+00:00","mainEntityOfPage":{"@id":"https:\/\/patagoniambiental.com.ar\/info\/cop23-cuales-son-nuestros-compromisos-climaticos\/"},"wordCount":1022,"commentCount":0,"publisher":{"@id":"https:\/\/patagoniambiental.com.ar\/info\/#organization"},"articleSection":["Noticias"],"inLanguage":"es","potentialAction":[{"@type":"CommentAction","name":"Comment","target":["https:\/\/patagoniambiental.com.ar\/info\/cop23-cuales-son-nuestros-compromisos-climaticos\/#respond"]}]},{"@type":"WebPage","@id":"https:\/\/patagoniambiental.com.ar\/info\/cop23-cuales-son-nuestros-compromisos-climaticos\/","url":"https:\/\/patagoniambiental.com.ar\/info\/cop23-cuales-son-nuestros-compromisos-climaticos\/","name":"COP23: \u00bfCu\u00e1les son nuestros compromisos clim\u00e1ticos?","isPartOf":{"@id":"https:\/\/patagoniambiental.com.ar\/info\/#website"},"datePublished":"2017-11-17T12:00:00+00:00","breadcrumb":{"@id":"https:\/\/patagoniambiental.com.ar\/info\/cop23-cuales-son-nuestros-compromisos-climaticos\/#breadcrumb"},"inLanguage":"es","potentialAction":[{"@type":"ReadAction","target":["https:\/\/patagoniambiental.com.ar\/info\/cop23-cuales-son-nuestros-compromisos-climaticos\/"]}]},{"@type":"BreadcrumbList","@id":"https:\/\/patagoniambiental.com.ar\/info\/cop23-cuales-son-nuestros-compromisos-climaticos\/#breadcrumb","itemListElement":[{"@type":"ListItem","position":1,"name":"Inicio","item":"https:\/\/patagoniambiental.com.ar\/info\/"},{"@type":"ListItem","position":2,"name":"COP23: \u00bfCu\u00e1les son nuestros compromisos clim\u00e1ticos?"}]},{"@type":"WebSite","@id":"https:\/\/patagoniambiental.com.ar\/info\/#website","url":"https:\/\/patagoniambiental.com.ar\/info\/","name":"Patagonia Ambiental","description":"Monitoreo y an\u00e1lisis de la situaci\u00f3n geopol\u00edtica en el mundo y su implicancia en la Patagonia","publisher":{"@id":"https:\/\/patagoniambiental.com.ar\/info\/#organization"},"potentialAction":[{"@type":"SearchAction","target":{"@type":"EntryPoint","urlTemplate":"https:\/\/patagoniambiental.com.ar\/info\/?s={search_term_string}"},"query-input":{"@type":"PropertyValueSpecification","valueRequired":true,"valueName":"search_term_string"}}],"inLanguage":"es"},{"@type":"Organization","@id":"https:\/\/patagoniambiental.com.ar\/info\/#organization","name":"Patagonia Ambiental","url":"https:\/\/patagoniambiental.com.ar\/info\/","logo":{"@type":"ImageObject","inLanguage":"es","@id":"https:\/\/patagoniambiental.com.ar\/info\/#\/schema\/logo\/image\/","url":"https:\/\/patagoniambiental.com.ar\/info\/wp-content\/uploads\/2025\/05\/LOGO-PATAGONIA-AMBIENTAL.png","contentUrl":"https:\/\/patagoniambiental.com.ar\/info\/wp-content\/uploads\/2025\/05\/LOGO-PATAGONIA-AMBIENTAL.png","width":433,"height":250,"caption":"Patagonia Ambiental"},"image":{"@id":"https:\/\/patagoniambiental.com.ar\/info\/#\/schema\/logo\/image\/"},"sameAs":["https:\/\/www.facebook.com\/patagonia.ambiental","https:\/\/x.com\/PatAmb"]},{"@type":"Person","@id":"https:\/\/patagoniambiental.com.ar\/info\/#\/schema\/person\/db12bff64bbcbf6a253710bf0ea37b5d","name":"Patagonia Ambiental","description":"Andr\u00e9s Nievas T\u00e9cnico en manejo ambiental, consultor Ambiental y escritor para medios locales e internacionales sobre temas de geopolitica y medio ambiente.","sameAs":["http:\/\/www.patagoniambiental.com.ar","https:\/\/www.facebook.com\/share\/1C1V8Gv9BX\/?mibextid=qi2Omg","@patagoniambiental","https:\/\/youtube.com\/@patagoniaambiental2023?si=BLt58t0wuXquxlYZ"]}]}},"_links":{"self":[{"href":"https:\/\/patagoniambiental.com.ar\/info\/wp-json\/wp\/v2\/posts\/38419","targetHints":{"allow":["GET"]}}],"collection":[{"href":"https:\/\/patagoniambiental.com.ar\/info\/wp-json\/wp\/v2\/posts"}],"about":[{"href":"https:\/\/patagoniambiental.com.ar\/info\/wp-json\/wp\/v2\/types\/post"}],"author":[{"embeddable":true,"href":"https:\/\/patagoniambiental.com.ar\/info\/wp-json\/wp\/v2\/users\/2"}],"replies":[{"embeddable":true,"href":"https:\/\/patagoniambiental.com.ar\/info\/wp-json\/wp\/v2\/comments?post=38419"}],"version-history":[{"count":0,"href":"https:\/\/patagoniambiental.com.ar\/info\/wp-json\/wp\/v2\/posts\/38419\/revisions"}],"wp:attachment":[{"href":"https:\/\/patagoniambiental.com.ar\/info\/wp-json\/wp\/v2\/media?parent=38419"}],"wp:term":[{"taxonomy":"category","embeddable":true,"href":"https:\/\/patagoniambiental.com.ar\/info\/wp-json\/wp\/v2\/categories?post=38419"},{"taxonomy":"post_tag","embeddable":true,"href":"https:\/\/patagoniambiental.com.ar\/info\/wp-json\/wp\/v2\/tags?post=38419"}],"curies":[{"name":"wp","href":"https:\/\/api.w.org\/{rel}","templated":true}]}}