{"id":38439,"date":"2017-11-17T09:00:17","date_gmt":"2017-11-17T12:00:17","guid":{"rendered":"http:\/\/patagoniambiental.com.ar\/info\/?p=38439"},"modified":"2017-11-16T21:44:12","modified_gmt":"2017-11-17T00:44:12","slug":"el-litio-la-otra-pampa-humeda","status":"publish","type":"post","link":"https:\/\/patagoniambiental.com.ar\/info\/el-litio-la-otra-pampa-humeda\/","title":{"rendered":"El litio, la otra pampa h\u00fameda"},"content":{"rendered":"<div class=\"col-1 pull-left\">\n<div class=\"box-central clearfix\">\n<div class=\"entry-body\">\n<div class=\"content-txt\">\n<p>Todos los especialistas consultados coinciden en que los recursos de litio en las provincias de Catamarca, Salta y Jujuy constituyen una nueva oportunidad para la Argentina. Su aprovechamiento permitir\u00eda sumar al pa\u00eds a un mercado en pleno crecimiento y dar lugar a nuevas oportunidades de negocios.<\/p>\n<p>El litio se volvi\u00f3 conocido por su uso para la electr\u00f3nica, en la confecci\u00f3n de tablets, computadoras y celulares. Sin embargo, es su aplicaci\u00f3n en bater\u00edas para transportes el\u00e9ctricos y como reservorio de energ\u00eda renovable (que al ser el\u00e9ctrica no tiene d\u00f3nde almacenarse) lo que lo vuelve un elemento clave de la econom\u00eda del futuro.<\/p>\n<p>Las aguas en torno al tema se dividen pronto. Las voces oficiales hablan de expectativas sobredimensionadas y desmienten estar frente una nueva \u00abArabia Saudita\u00bb. Inclusive hablan de c\u00f3mo la oferta creciente y los r\u00e1pidos cambios en la tecnolog\u00eda automotriz pueden hacer que esta ventana se cierre muy r\u00e1pidamente. No hay que sentarse sobre las reservas y especular, explican.<\/p>\n<p>Del otro lado, investigadores y ONGs piden aprovechar esta nueva chance para romper con un modelo de miner\u00eda que suele beneficiar a capitales extranjeros, diezmar el ambiente y dejar comunidades locales empobrecidas y contaminadas.<\/p>\n<div class=\"content-banner\"><\/div>\n<p>En una jornada en la Universidad de San Juan, Tay Such, ge\u00f3loga y miembro de la Direcci\u00f3n Nacional de Promoci\u00f3n Minera, confirm\u00f3 que \u00abs\u00f3lo de por s\u00ed los salares representan una oportunidad muy grande y en este sentido venimos avanzando mucho\u00bb.<\/p>\n<p>En los salares existe la mayor disponibilidad de litio. Otra fuente de litio est\u00e1 en las pegmatitas (rocas \u00edgneas), un dato poco difundido. Australia y Canad\u00e1 est\u00e1n extray\u00e9ndolo con mucho \u00e9xito al punto que \u00abs\u00f3lo las reservas de Australia permitir\u00e1n abastecer 60 a\u00f1os de la demanda mundial\u00bb, aport\u00f3 el ge\u00f3logo Emilio Toledo.<\/p>\n<div id=\"aep-placement-58700fb4cec6170004b4484c\" class=\"aep-ads aep-design-59d78787b0e3a50004cc94bd.tpl aep-inline\"><\/div>\n<p>\u00abHoy el precio est\u00e1 muy alto, alrededor de u$s 10.500 la tonelada de carbonato de litio, lo que incentiva las inversiones tanto en desarrollo como en exploraci\u00f3n. Las bater\u00edas de litio se cree alcanzar\u00e1n 70% del mercado en los pr\u00f3ximos a\u00f1os y es esto lo que motoriza la demanda\u00bb, explic\u00f3 Daniel Jerez, Director Nacional de Promoci\u00f3n Minera.<\/p>\n<p><strong>C\u00f3mo aprovechar la oportunidad<\/strong><\/p>\n<p>La postura del investigador del Conicet y especialista en geopol\u00edtica del litio, Bruno Fornillo, es contundente: \u00ab\u00bfQu\u00e9 es lo que tiene valor? No es exportar la materia prima. Ac\u00e1 vienen un mont\u00f3n de empresas extranjeras a asegurarse el recurso por un costo m\u00ednimo. Lo que deber\u00edamos es apostar a crecer en la cadena de valor porque tenemos un desarrollo cient\u00edfico robusto como para realizarlo\u00bb.<\/p>\n<p>Seg\u00fan explic\u00f3 existen dos ejes de investigadores (La Plata &#8211; C\u00f3rdoba y Buenos Aires &#8211; Jujuy) que \u00abtienen capacidades y desarrollos para confeccionar las bater\u00edas que requiere el mercado. Tambi\u00e9n hay otro eje que trabaja las bater\u00edas de litio-ox\u00edgeno que son las que van a venir dentro de 30, 40 a\u00f1os\u00bb.<\/p>\n<p>Y agreg\u00f3: \u00abSer\u00eda deseable generar una sinergia positiva entre participaci\u00f3n y est\u00edmulo del Estado, industria y entorno cient\u00edfico para aplicaci\u00f3n t\u00e9cnica y de innovaci\u00f3n\u00bb.<\/p>\n<p>Desde la Direcci\u00f3n Nacional de Promoci\u00f3n Minera, Toledo dijo \u00abser\u00e1n bienvenidas todas las f\u00e1bricas de bater\u00edas que puedan surgir pero que eso no coarte las posibilidades que tenemos ni menoscabe el valor que agregamos nosotros donde no hay nada\u00bb.<\/p>\n<p>Adem\u00e1s, especific\u00f3 que \u00absi se instalase la empresa de producci\u00f3n de bater\u00edas en Jujuy, Itec, \u00e9sta podr\u00eda consumir la cantidad de carbonato de una semana de lo producido en el pa\u00eds. Y de entre uno y dos d\u00edas de la producci\u00f3n que podr\u00edamos tener en 2025. \u00bfQu\u00e9 hacemos con el resto?\u00bb.<\/p>\n<p>En ese sentido el ingeniero Mario Capello, subsecretario de Desarrollo Minero, se mostr\u00f3 firme: \u00abDebemos desarrollar la otra gran riqueza que tenemos porque como pa\u00eds no tenemos una sino dos pampas h\u00famedas\u00bb, dijo en referencia a la riqueza minera del pa\u00eds.<\/p>\n<p>Desde Fundaci\u00f3n Ambiente y Recursos Naturales (FARN), por su parte, la propuesta es \u00abcambiar la l\u00f3gica por una que cuide y proteja los bienes comunes y defina c\u00f3mo organizar estrat\u00e9gicamente esta actividad. Una visi\u00f3n que no sea la de un commodity que se lleva el mejor postor. Si no damos este debate con el litio ahora, \u00bfcon qu\u00e9 lo vamos a hacer?\u00bb.<\/p>\n<p><strong>Ecosistema y comunidad<\/strong><\/p>\n<p>P\u00eda Marchegiani, abogada e investigadora sobre litio de FARN, advirti\u00f3 que las cuestiones ambientales y sociales est\u00e1n \u00abinvisibilizadas en las discusiones t\u00e9cnicas\u00bb. \u00abNo se est\u00e1n teniendo en cuenta los ecosistemas donde est\u00e1 el litio. Son zona de glaciares, lagunas y biodiversidad, cuencas endorreicas que tienen un delicado balance entre agua dulce y agua salada y de las que dependen las comunidades\u00bb, alerta.<\/p>\n<p>Marchegiani sostiene que \u00abse usan herramientas y c\u00e1lculos para medir otros proyectos mineros como si esto fuera lo mismo\u00bb y \u00abse otorgan permisos de proyectos sin tener en cuenta todo el sistema h\u00eddrico que es muy fr\u00e1gil. No se sabe si estos lugares pueden soportar proyectos semejantes. Adem\u00e1s, las mismas comunidades le dan usos a esos salares que tampoco son considerados\u00bb.<\/p>\n<p>Desde FARN entienden que hay que elevar el nivel de debate. Una buena manera de hacerlo ser\u00eda sumando una evaluaci\u00f3n de impacto acumulativo, que considere el conjunto de proyectos y actividades que hacen diferentes usos del agua en una cuenca, y una evaluaci\u00f3n ambiental estrat\u00e9gica, que permita, por ejemplo, elegir id\u00f3neamente qu\u00e9 salares trabajar y cu\u00e1les no.<\/p>\n<p>Fornillo reforz\u00f3 este argumento y agreg\u00f3 que \u00abla participaci\u00f3n de las comunidades no puede obviarse. Habitan el lugar desde hace miles de a\u00f1os de modo tal que es necesario que participen de la decisi\u00f3n, gesti\u00f3n y ganancias de las empresas lit\u00edferas\u00bb.<\/p>\n<\/div>\n<div class=\"entry-tag-persons clearfix\"><\/div>\n<\/div>\n<\/div>\n<\/div>\n<div class=\"notaMer\"><\/div>\n<div><\/div>\n<div>Fuente:\u00a0https:\/\/www.cronista.com\/responsabilidad\/El-litio-la-otra-pampa-humeda-20171116-0020.html<\/div>\n","protected":false},"excerpt":{"rendered":"<p>Todos los especialistas consultados coinciden en que los recursos de litio en las provincias de Catamarca, Salta y Jujuy constituyen [&hellip;]<\/p>\n","protected":false},"author":2,"featured_media":38440,"comment_status":"open","ping_status":"open","sticky":false,"template":"","format":"standard","meta":{"site-sidebar-layout":"default","site-content-layout":"","ast-site-content-layout":"default","site-content-style":"default","site-sidebar-style":"default","ast-global-header-display":"","ast-banner-title-visibility":"","ast-main-header-display":"","ast-hfb-above-header-display":"","ast-hfb-below-header-display":"","ast-hfb-mobile-header-display":"","site-post-title":"","ast-breadcrumbs-content":"","ast-featured-img":"","footer-sml-layout":"","ast-disable-related-posts":"","theme-transparent-header-meta":"","adv-header-id-meta":"","stick-header-meta":"","header-above-stick-meta":"","header-main-stick-meta":"","header-below-stick-meta":"","astra-migrate-meta-layouts":"default","ast-page-background-enabled":"default","ast-page-background-meta":{"desktop":{"background-color":"var(--ast-global-color-5)","background-image":"","background-repeat":"repeat","background-position":"center center","background-size":"auto","background-attachment":"scroll","background-type":"","background-media":"","overlay-type":"","overlay-color":"","overlay-opacity":"","overlay-gradient":""},"tablet":{"background-color":"","background-image":"","background-repeat":"repeat","background-position":"center center","background-size":"auto","background-attachment":"scroll","background-type":"","background-media":"","overlay-type":"","overlay-color":"","overlay-opacity":"","overlay-gradient":""},"mobile":{"background-color":"","background-image":"","background-repeat":"repeat","background-position":"center center","background-size":"auto","background-attachment":"scroll","background-type":"","background-media":"","overlay-type":"","overlay-color":"","overlay-opacity":"","overlay-gradient":""}},"ast-content-background-meta":{"desktop":{"background-color":"var(--ast-global-color-4)","background-image":"","background-repeat":"repeat","background-position":"center center","background-size":"auto","background-attachment":"scroll","background-type":"","background-media":"","overlay-type":"","overlay-color":"","overlay-opacity":"","overlay-gradient":""},"tablet":{"background-color":"var(--ast-global-color-4)","background-image":"","background-repeat":"repeat","background-position":"center center","background-size":"auto","background-attachment":"scroll","background-type":"","background-media":"","overlay-type":"","overlay-color":"","overlay-opacity":"","overlay-gradient":""},"mobile":{"background-color":"var(--ast-global-color-4)","background-image":"","background-repeat":"repeat","background-position":"center center","background-size":"auto","background-attachment":"scroll","background-type":"","background-media":"","overlay-type":"","overlay-color":"","overlay-opacity":"","overlay-gradient":""}},"footnotes":""},"categories":[1],"tags":[],"class_list":["post-38439","post","type-post","status-publish","format-standard","has-post-thumbnail","hentry","category-noticias"],"yoast_head":"<!-- This site is optimized with the Yoast SEO Premium plugin v23.0 (Yoast SEO v27.4) - https:\/\/yoast.com\/product\/yoast-seo-premium-wordpress\/ -->\n<title>El litio, la otra pampa h\u00fameda<\/title>\n<meta name=\"robots\" content=\"index, follow, max-snippet:-1, max-image-preview:large, max-video-preview:-1\" \/>\n<link rel=\"canonical\" href=\"https:\/\/patagoniambiental.com.ar\/info\/el-litio-la-otra-pampa-humeda\/\" \/>\n<meta property=\"og:locale\" content=\"es_ES\" \/>\n<meta property=\"og:type\" content=\"article\" \/>\n<meta property=\"og:title\" content=\"El litio, la otra pampa h\u00fameda\" \/>\n<meta property=\"og:description\" content=\"Todos los especialistas consultados coinciden en que los recursos de litio en las provincias de Catamarca, Salta y Jujuy constituyen [&hellip;]\" \/>\n<meta property=\"og:url\" content=\"https:\/\/patagoniambiental.com.ar\/info\/el-litio-la-otra-pampa-humeda\/\" \/>\n<meta property=\"og:site_name\" content=\"Patagonia Ambiental\" \/>\n<meta property=\"article:publisher\" content=\"https:\/\/www.facebook.com\/patagonia.ambiental\" \/>\n<meta property=\"article:author\" content=\"https:\/\/www.facebook.com\/share\/1C1V8Gv9BX\/?mibextid=qi2Omg\" \/>\n<meta property=\"article:published_time\" content=\"2017-11-17T12:00:17+00:00\" \/>\n<meta property=\"og:image\" content=\"https:\/\/patagoniambiental.com.ar\/info\/wp-content\/uploads\/2017\/11\/litio1.jpg\" \/>\n\t<meta property=\"og:image:width\" content=\"829\" \/>\n\t<meta property=\"og:image:height\" content=\"466\" \/>\n\t<meta property=\"og:image:type\" content=\"image\/jpeg\" \/>\n<meta name=\"author\" content=\"Patagonia Ambiental\" \/>\n<meta name=\"twitter:card\" content=\"summary_large_image\" \/>\n<meta name=\"twitter:creator\" content=\"@PatAmb\" \/>\n<meta name=\"twitter:site\" content=\"@PatAmb\" \/>\n<script type=\"application\/ld+json\" class=\"yoast-schema-graph\">{\"@context\":\"https:\\\/\\\/schema.org\",\"@graph\":[{\"@type\":\"Article\",\"@id\":\"https:\\\/\\\/patagoniambiental.com.ar\\\/info\\\/el-litio-la-otra-pampa-humeda\\\/#article\",\"isPartOf\":{\"@id\":\"https:\\\/\\\/patagoniambiental.com.ar\\\/info\\\/el-litio-la-otra-pampa-humeda\\\/\"},\"author\":{\"name\":\"Patagonia Ambiental\",\"@id\":\"https:\\\/\\\/patagoniambiental.com.ar\\\/info\\\/#\\\/schema\\\/person\\\/db12bff64bbcbf6a253710bf0ea37b5d\"},\"headline\":\"El litio, la otra pampa h\u00fameda\",\"datePublished\":\"2017-11-17T12:00:17+00:00\",\"mainEntityOfPage\":{\"@id\":\"https:\\\/\\\/patagoniambiental.com.ar\\\/info\\\/el-litio-la-otra-pampa-humeda\\\/\"},\"wordCount\":1006,\"commentCount\":0,\"publisher\":{\"@id\":\"https:\\\/\\\/patagoniambiental.com.ar\\\/info\\\/#organization\"},\"image\":{\"@id\":\"https:\\\/\\\/patagoniambiental.com.ar\\\/info\\\/el-litio-la-otra-pampa-humeda\\\/#primaryimage\"},\"thumbnailUrl\":\"https:\\\/\\\/patagoniambiental.com.ar\\\/info\\\/wp-content\\\/uploads\\\/2017\\\/11\\\/litio1.jpg\",\"articleSection\":[\"Noticias\"],\"inLanguage\":\"es\",\"potentialAction\":[{\"@type\":\"CommentAction\",\"name\":\"Comment\",\"target\":[\"https:\\\/\\\/patagoniambiental.com.ar\\\/info\\\/el-litio-la-otra-pampa-humeda\\\/#respond\"]}]},{\"@type\":\"WebPage\",\"@id\":\"https:\\\/\\\/patagoniambiental.com.ar\\\/info\\\/el-litio-la-otra-pampa-humeda\\\/\",\"url\":\"https:\\\/\\\/patagoniambiental.com.ar\\\/info\\\/el-litio-la-otra-pampa-humeda\\\/\",\"name\":\"El litio, la otra pampa h\u00fameda\",\"isPartOf\":{\"@id\":\"https:\\\/\\\/patagoniambiental.com.ar\\\/info\\\/#website\"},\"primaryImageOfPage\":{\"@id\":\"https:\\\/\\\/patagoniambiental.com.ar\\\/info\\\/el-litio-la-otra-pampa-humeda\\\/#primaryimage\"},\"image\":{\"@id\":\"https:\\\/\\\/patagoniambiental.com.ar\\\/info\\\/el-litio-la-otra-pampa-humeda\\\/#primaryimage\"},\"thumbnailUrl\":\"https:\\\/\\\/patagoniambiental.com.ar\\\/info\\\/wp-content\\\/uploads\\\/2017\\\/11\\\/litio1.jpg\",\"datePublished\":\"2017-11-17T12:00:17+00:00\",\"breadcrumb\":{\"@id\":\"https:\\\/\\\/patagoniambiental.com.ar\\\/info\\\/el-litio-la-otra-pampa-humeda\\\/#breadcrumb\"},\"inLanguage\":\"es\",\"potentialAction\":[{\"@type\":\"ReadAction\",\"target\":[\"https:\\\/\\\/patagoniambiental.com.ar\\\/info\\\/el-litio-la-otra-pampa-humeda\\\/\"]}]},{\"@type\":\"ImageObject\",\"inLanguage\":\"es\",\"@id\":\"https:\\\/\\\/patagoniambiental.com.ar\\\/info\\\/el-litio-la-otra-pampa-humeda\\\/#primaryimage\",\"url\":\"https:\\\/\\\/patagoniambiental.com.ar\\\/info\\\/wp-content\\\/uploads\\\/2017\\\/11\\\/litio1.jpg\",\"contentUrl\":\"https:\\\/\\\/patagoniambiental.com.ar\\\/info\\\/wp-content\\\/uploads\\\/2017\\\/11\\\/litio1.jpg\",\"width\":829,\"height\":466},{\"@type\":\"BreadcrumbList\",\"@id\":\"https:\\\/\\\/patagoniambiental.com.ar\\\/info\\\/el-litio-la-otra-pampa-humeda\\\/#breadcrumb\",\"itemListElement\":[{\"@type\":\"ListItem\",\"position\":1,\"name\":\"Inicio\",\"item\":\"https:\\\/\\\/patagoniambiental.com.ar\\\/info\\\/\"},{\"@type\":\"ListItem\",\"position\":2,\"name\":\"El litio, la otra pampa h\u00fameda\"}]},{\"@type\":\"WebSite\",\"@id\":\"https:\\\/\\\/patagoniambiental.com.ar\\\/info\\\/#website\",\"url\":\"https:\\\/\\\/patagoniambiental.com.ar\\\/info\\\/\",\"name\":\"Patagonia Ambiental\",\"description\":\"Monitoreo y an\u00e1lisis de la situaci\u00f3n geopol\u00edtica en el mundo y su implicancia en la Patagonia\",\"publisher\":{\"@id\":\"https:\\\/\\\/patagoniambiental.com.ar\\\/info\\\/#organization\"},\"potentialAction\":[{\"@type\":\"SearchAction\",\"target\":{\"@type\":\"EntryPoint\",\"urlTemplate\":\"https:\\\/\\\/patagoniambiental.com.ar\\\/info\\\/?s={search_term_string}\"},\"query-input\":{\"@type\":\"PropertyValueSpecification\",\"valueRequired\":true,\"valueName\":\"search_term_string\"}}],\"inLanguage\":\"es\"},{\"@type\":\"Organization\",\"@id\":\"https:\\\/\\\/patagoniambiental.com.ar\\\/info\\\/#organization\",\"name\":\"Patagonia Ambiental\",\"url\":\"https:\\\/\\\/patagoniambiental.com.ar\\\/info\\\/\",\"logo\":{\"@type\":\"ImageObject\",\"inLanguage\":\"es\",\"@id\":\"https:\\\/\\\/patagoniambiental.com.ar\\\/info\\\/#\\\/schema\\\/logo\\\/image\\\/\",\"url\":\"https:\\\/\\\/patagoniambiental.com.ar\\\/info\\\/wp-content\\\/uploads\\\/2025\\\/05\\\/LOGO-PATAGONIA-AMBIENTAL.png\",\"contentUrl\":\"https:\\\/\\\/patagoniambiental.com.ar\\\/info\\\/wp-content\\\/uploads\\\/2025\\\/05\\\/LOGO-PATAGONIA-AMBIENTAL.png\",\"width\":433,\"height\":250,\"caption\":\"Patagonia Ambiental\"},\"image\":{\"@id\":\"https:\\\/\\\/patagoniambiental.com.ar\\\/info\\\/#\\\/schema\\\/logo\\\/image\\\/\"},\"sameAs\":[\"https:\\\/\\\/www.facebook.com\\\/patagonia.ambiental\",\"https:\\\/\\\/x.com\\\/PatAmb\"]},{\"@type\":\"Person\",\"@id\":\"https:\\\/\\\/patagoniambiental.com.ar\\\/info\\\/#\\\/schema\\\/person\\\/db12bff64bbcbf6a253710bf0ea37b5d\",\"name\":\"Patagonia Ambiental\",\"description\":\"Andr\u00e9s Nievas T\u00e9cnico en manejo ambiental, consultor Ambiental y escritor para medios locales e internacionales sobre temas de geopolitica y medio ambiente.\",\"sameAs\":[\"http:\\\/\\\/www.patagoniambiental.com.ar\",\"https:\\\/\\\/www.facebook.com\\\/share\\\/1C1V8Gv9BX\\\/?mibextid=qi2Omg\",\"@patagoniambiental\",\"https:\\\/\\\/youtube.com\\\/@patagoniaambiental2023?si=BLt58t0wuXquxlYZ\"]}]}<\/script>\n<!-- \/ Yoast SEO Premium plugin. -->","yoast_head_json":{"title":"El litio, la otra pampa h\u00fameda","robots":{"index":"index","follow":"follow","max-snippet":"max-snippet:-1","max-image-preview":"max-image-preview:large","max-video-preview":"max-video-preview:-1"},"canonical":"https:\/\/patagoniambiental.com.ar\/info\/el-litio-la-otra-pampa-humeda\/","og_locale":"es_ES","og_type":"article","og_title":"El litio, la otra pampa h\u00fameda","og_description":"Todos los especialistas consultados coinciden en que los recursos de litio en las provincias de Catamarca, Salta y Jujuy constituyen [&hellip;]","og_url":"https:\/\/patagoniambiental.com.ar\/info\/el-litio-la-otra-pampa-humeda\/","og_site_name":"Patagonia Ambiental","article_publisher":"https:\/\/www.facebook.com\/patagonia.ambiental","article_author":"https:\/\/www.facebook.com\/share\/1C1V8Gv9BX\/?mibextid=qi2Omg","article_published_time":"2017-11-17T12:00:17+00:00","og_image":[{"width":829,"height":466,"url":"https:\/\/patagoniambiental.com.ar\/info\/wp-content\/uploads\/2017\/11\/litio1.jpg","type":"image\/jpeg"}],"author":"Patagonia Ambiental","twitter_card":"summary_large_image","twitter_creator":"@PatAmb","twitter_site":"@PatAmb","schema":{"@context":"https:\/\/schema.org","@graph":[{"@type":"Article","@id":"https:\/\/patagoniambiental.com.ar\/info\/el-litio-la-otra-pampa-humeda\/#article","isPartOf":{"@id":"https:\/\/patagoniambiental.com.ar\/info\/el-litio-la-otra-pampa-humeda\/"},"author":{"name":"Patagonia Ambiental","@id":"https:\/\/patagoniambiental.com.ar\/info\/#\/schema\/person\/db12bff64bbcbf6a253710bf0ea37b5d"},"headline":"El litio, la otra pampa h\u00fameda","datePublished":"2017-11-17T12:00:17+00:00","mainEntityOfPage":{"@id":"https:\/\/patagoniambiental.com.ar\/info\/el-litio-la-otra-pampa-humeda\/"},"wordCount":1006,"commentCount":0,"publisher":{"@id":"https:\/\/patagoniambiental.com.ar\/info\/#organization"},"image":{"@id":"https:\/\/patagoniambiental.com.ar\/info\/el-litio-la-otra-pampa-humeda\/#primaryimage"},"thumbnailUrl":"https:\/\/patagoniambiental.com.ar\/info\/wp-content\/uploads\/2017\/11\/litio1.jpg","articleSection":["Noticias"],"inLanguage":"es","potentialAction":[{"@type":"CommentAction","name":"Comment","target":["https:\/\/patagoniambiental.com.ar\/info\/el-litio-la-otra-pampa-humeda\/#respond"]}]},{"@type":"WebPage","@id":"https:\/\/patagoniambiental.com.ar\/info\/el-litio-la-otra-pampa-humeda\/","url":"https:\/\/patagoniambiental.com.ar\/info\/el-litio-la-otra-pampa-humeda\/","name":"El litio, la otra pampa h\u00fameda","isPartOf":{"@id":"https:\/\/patagoniambiental.com.ar\/info\/#website"},"primaryImageOfPage":{"@id":"https:\/\/patagoniambiental.com.ar\/info\/el-litio-la-otra-pampa-humeda\/#primaryimage"},"image":{"@id":"https:\/\/patagoniambiental.com.ar\/info\/el-litio-la-otra-pampa-humeda\/#primaryimage"},"thumbnailUrl":"https:\/\/patagoniambiental.com.ar\/info\/wp-content\/uploads\/2017\/11\/litio1.jpg","datePublished":"2017-11-17T12:00:17+00:00","breadcrumb":{"@id":"https:\/\/patagoniambiental.com.ar\/info\/el-litio-la-otra-pampa-humeda\/#breadcrumb"},"inLanguage":"es","potentialAction":[{"@type":"ReadAction","target":["https:\/\/patagoniambiental.com.ar\/info\/el-litio-la-otra-pampa-humeda\/"]}]},{"@type":"ImageObject","inLanguage":"es","@id":"https:\/\/patagoniambiental.com.ar\/info\/el-litio-la-otra-pampa-humeda\/#primaryimage","url":"https:\/\/patagoniambiental.com.ar\/info\/wp-content\/uploads\/2017\/11\/litio1.jpg","contentUrl":"https:\/\/patagoniambiental.com.ar\/info\/wp-content\/uploads\/2017\/11\/litio1.jpg","width":829,"height":466},{"@type":"BreadcrumbList","@id":"https:\/\/patagoniambiental.com.ar\/info\/el-litio-la-otra-pampa-humeda\/#breadcrumb","itemListElement":[{"@type":"ListItem","position":1,"name":"Inicio","item":"https:\/\/patagoniambiental.com.ar\/info\/"},{"@type":"ListItem","position":2,"name":"El litio, la otra pampa h\u00fameda"}]},{"@type":"WebSite","@id":"https:\/\/patagoniambiental.com.ar\/info\/#website","url":"https:\/\/patagoniambiental.com.ar\/info\/","name":"Patagonia Ambiental","description":"Monitoreo y an\u00e1lisis de la situaci\u00f3n geopol\u00edtica en el mundo y su implicancia en la Patagonia","publisher":{"@id":"https:\/\/patagoniambiental.com.ar\/info\/#organization"},"potentialAction":[{"@type":"SearchAction","target":{"@type":"EntryPoint","urlTemplate":"https:\/\/patagoniambiental.com.ar\/info\/?s={search_term_string}"},"query-input":{"@type":"PropertyValueSpecification","valueRequired":true,"valueName":"search_term_string"}}],"inLanguage":"es"},{"@type":"Organization","@id":"https:\/\/patagoniambiental.com.ar\/info\/#organization","name":"Patagonia Ambiental","url":"https:\/\/patagoniambiental.com.ar\/info\/","logo":{"@type":"ImageObject","inLanguage":"es","@id":"https:\/\/patagoniambiental.com.ar\/info\/#\/schema\/logo\/image\/","url":"https:\/\/patagoniambiental.com.ar\/info\/wp-content\/uploads\/2025\/05\/LOGO-PATAGONIA-AMBIENTAL.png","contentUrl":"https:\/\/patagoniambiental.com.ar\/info\/wp-content\/uploads\/2025\/05\/LOGO-PATAGONIA-AMBIENTAL.png","width":433,"height":250,"caption":"Patagonia Ambiental"},"image":{"@id":"https:\/\/patagoniambiental.com.ar\/info\/#\/schema\/logo\/image\/"},"sameAs":["https:\/\/www.facebook.com\/patagonia.ambiental","https:\/\/x.com\/PatAmb"]},{"@type":"Person","@id":"https:\/\/patagoniambiental.com.ar\/info\/#\/schema\/person\/db12bff64bbcbf6a253710bf0ea37b5d","name":"Patagonia Ambiental","description":"Andr\u00e9s Nievas T\u00e9cnico en manejo ambiental, consultor Ambiental y escritor para medios locales e internacionales sobre temas de geopolitica y medio ambiente.","sameAs":["http:\/\/www.patagoniambiental.com.ar","https:\/\/www.facebook.com\/share\/1C1V8Gv9BX\/?mibextid=qi2Omg","@patagoniambiental","https:\/\/youtube.com\/@patagoniaambiental2023?si=BLt58t0wuXquxlYZ"]}]}},"_links":{"self":[{"href":"https:\/\/patagoniambiental.com.ar\/info\/wp-json\/wp\/v2\/posts\/38439","targetHints":{"allow":["GET"]}}],"collection":[{"href":"https:\/\/patagoniambiental.com.ar\/info\/wp-json\/wp\/v2\/posts"}],"about":[{"href":"https:\/\/patagoniambiental.com.ar\/info\/wp-json\/wp\/v2\/types\/post"}],"author":[{"embeddable":true,"href":"https:\/\/patagoniambiental.com.ar\/info\/wp-json\/wp\/v2\/users\/2"}],"replies":[{"embeddable":true,"href":"https:\/\/patagoniambiental.com.ar\/info\/wp-json\/wp\/v2\/comments?post=38439"}],"version-history":[{"count":0,"href":"https:\/\/patagoniambiental.com.ar\/info\/wp-json\/wp\/v2\/posts\/38439\/revisions"}],"wp:featuredmedia":[{"embeddable":true,"href":"https:\/\/patagoniambiental.com.ar\/info\/wp-json\/wp\/v2\/media\/38440"}],"wp:attachment":[{"href":"https:\/\/patagoniambiental.com.ar\/info\/wp-json\/wp\/v2\/media?parent=38439"}],"wp:term":[{"taxonomy":"category","embeddable":true,"href":"https:\/\/patagoniambiental.com.ar\/info\/wp-json\/wp\/v2\/categories?post=38439"},{"taxonomy":"post_tag","embeddable":true,"href":"https:\/\/patagoniambiental.com.ar\/info\/wp-json\/wp\/v2\/tags?post=38439"}],"curies":[{"name":"wp","href":"https:\/\/api.w.org\/{rel}","templated":true}]}}