{"id":38442,"date":"2017-11-17T09:00:25","date_gmt":"2017-11-17T12:00:25","guid":{"rendered":"http:\/\/patagoniambiental.com.ar\/info\/?p=38442"},"modified":"2017-11-16T21:48:16","modified_gmt":"2017-11-17T00:48:16","slug":"el-iceberg-gigante-a68-se-interna-en-mar-abierto","status":"publish","type":"post","link":"https:\/\/patagoniambiental.com.ar\/info\/el-iceberg-gigante-a68-se-interna-en-mar-abierto\/","title":{"rendered":"El iceberg gigante A68 se interna en mar abierto"},"content":{"rendered":"<div class=\"cuerpo air newDetailTextChange\">\n<p>La\u00a0<a class=\"agrupador\" href=\"https:\/\/www.cromo.com.uy\/nasa-a737\" rel=\"737\">NASA<\/a>\u00a0public\u00f3 im\u00e1genes del bloque de hielo de 5.800 kil\u00f3metros cuadrados, conocido como A68, que se desprendi\u00f3 en julio de la\u00a0<a class=\"agrupador\" href=\"https:\/\/www.cromo.com.uy\/antartida-a3504\" rel=\"3504\">Ant\u00e1rtida<\/a>\u00a0y se mueve hacia mar adentro.<\/p>\n<p>Esta masa de hielo flotante surgi\u00f3 tras una apertura que durante meses se fue extendiendo por la barrera del hielo marino Larsen C, adosada a la pen\u00ednsula Ant\u00e1rtica.<\/p>\n<p>El iceberg es el m\u00e1s grande que se haya registrado en el continente helado desde 1957. De hecho, equivale a casi cuatro veces todo el hielo que se ha perdido en Groenlandia en lo que va de a\u00f1o.<\/p>\n<p>El aumento de luz solar de esta \u00e9poca del a\u00f1o permiti\u00f3 que la NASA pudiera realizar vuelos de reconocimiento dentro de su campa\u00f1a IceBridge.<\/p>\n<p>Kathryn Hansen, una de las cient\u00edficas de la NASA que sobrevol\u00f3 el iceberg, confes\u00f3 a Daily Mail que \u00absab\u00eda que iba a ver un iceberg del tama\u00f1o de Delaware, pero no estaba preparada para verlo desde el aire\u00bb.<\/p>\n<div id=\"embed22_wrap\" class=\"embed_cont type_freetext\"><\/div>\n<p>Las fotograf\u00edas fueron difundidas a trav\u00e9s de la cuenta de\u00a0<a class=\"agrupador\" href=\"https:\/\/www.cromo.com.uy\/twitter-a1353\" rel=\"1353\">Twitter<\/a>\u00a0de la NASA el pasado 1\u00b0 de noviembre.<\/p>\n<div id=\"embed90_wrap\" class=\"embed_cont type_freetext\">\n<div id=\"embed90_content\" class=\"embed_content\">\n<div id=\"embed90_embed\">\n<div class=\"SandboxRoot env-bp-350\">\n<div id=\"twitter-widget-2\" class=\"EmbeddedTweet EmbeddedTweet--edge EmbeddedTweet--mediaForward media-forward js-clickToOpenTarget js-tweetIdInfo tweet-InformationCircle-widgetParent\" lang=\"es\">\n<div class=\"tweet-InformationCircle--top tweet-InformationCircle--topEdge tweet-InformationCircle\">Es normal que se produzcan icebergs, pero la magnitud de este particularmente es preocupante porque hace que el hielo de la placa se funda m\u00e1s r\u00e1pido y, como consecuencia, que aumente el nivel de los oc\u00e9anos. Solo el agua que contiene el A68 es suficiente como para elevar el nivel del mar tres mil\u00edmetros, pero esto no va a ocurrir inmediatamente. Algunos de sus fragmentos llegar\u00e1n a aguas m\u00e1s c\u00e1lidas y se fundir\u00e1n y otros pueden permanecer en la zona durante d\u00e9cadas.<\/div>\n<\/div>\n<\/div>\n<\/div>\n<\/div>\n<\/div>\n<p>Existe la preocupaci\u00f3n de que los pedazos de hielo se desv\u00eden hacia las v\u00edas de navegaci\u00f3n. Si estos fueran demasiado peque\u00f1os para rastrearlos por sat\u00e9lite, podr\u00edan representar un riesgo significativo para los buques.<\/p>\n<div>\n<div>\n<h3 id=\"titleCMS0jnmfbkaz6fhfz4k7cf6iggb9\" class=\"tdCmsTitle1\">Casos pasados<\/h3>\n<\/div>\n<div>Este no es el primer glaciar de gran tama\u00f1o en desprenderse de la Ant\u00e1rtida. En 2002 colaps\u00f3 la plataforma de hielo Larsen-B, m\u00e1s chica que la C, luego de 10.000 a\u00f1os de existencia. La NASA no espera que esta plataforma sobreviva por el resto de la d\u00e9cada. En 1995 ya hab\u00eda colapsado la plataforma Larsen-A.<\/div>\n<div><\/div>\n<div>En el a\u00f1o 2000, un glaciar de 10.400 kil\u00f3metros cuadrados se desprendi\u00f3 de la plataforma Ross (la plataforma flotante m\u00e1s grande de la Ant\u00e1rtida). Era el doble de grande que la que se desprendi\u00f3 del Larsen-C.<\/div>\n<div><\/div>\n<\/div>\n<div>Fuente:\u00a0https:\/\/www.cromo.com.uy\/el-iceberg-gigante-a68-se-interna-mar-abierto-n1142565<\/div>\n<\/div>\n<div class=\"object-detail-tag-wrapper\"><\/div>\n","protected":false},"excerpt":{"rendered":"<p>La\u00a0NASA\u00a0public\u00f3 im\u00e1genes del bloque de hielo de 5.800 kil\u00f3metros cuadrados, conocido como A68, que se desprendi\u00f3 en julio de la\u00a0Ant\u00e1rtida\u00a0y [&hellip;]<\/p>\n","protected":false},"author":2,"featured_media":38443,"comment_status":"open","ping_status":"open","sticky":false,"template":"","format":"standard","meta":{"site-sidebar-layout":"default","site-content-layout":"","ast-site-content-layout":"default","site-content-style":"default","site-sidebar-style":"default","ast-global-header-display":"","ast-banner-title-visibility":"","ast-main-header-display":"","ast-hfb-above-header-display":"","ast-hfb-below-header-display":"","ast-hfb-mobile-header-display":"","site-post-title":"","ast-breadcrumbs-content":"","ast-featured-img":"","footer-sml-layout":"","ast-disable-related-posts":"","theme-transparent-header-meta":"","adv-header-id-meta":"","stick-header-meta":"","header-above-stick-meta":"","header-main-stick-meta":"","header-below-stick-meta":"","astra-migrate-meta-layouts":"default","ast-page-background-enabled":"default","ast-page-background-meta":{"desktop":{"background-color":"var(--ast-global-color-5)","background-image":"","background-repeat":"repeat","background-position":"center center","background-size":"auto","background-attachment":"scroll","background-type":"","background-media":"","overlay-type":"","overlay-color":"","overlay-opacity":"","overlay-gradient":""},"tablet":{"background-color":"","background-image":"","background-repeat":"repeat","background-position":"center center","background-size":"auto","background-attachment":"scroll","background-type":"","background-media":"","overlay-type":"","overlay-color":"","overlay-opacity":"","overlay-gradient":""},"mobile":{"background-color":"","background-image":"","background-repeat":"repeat","background-position":"center center","background-size":"auto","background-attachment":"scroll","background-type":"","background-media":"","overlay-type":"","overlay-color":"","overlay-opacity":"","overlay-gradient":""}},"ast-content-background-meta":{"desktop":{"background-color":"var(--ast-global-color-4)","background-image":"","background-repeat":"repeat","background-position":"center center","background-size":"auto","background-attachment":"scroll","background-type":"","background-media":"","overlay-type":"","overlay-color":"","overlay-opacity":"","overlay-gradient":""},"tablet":{"background-color":"var(--ast-global-color-4)","background-image":"","background-repeat":"repeat","background-position":"center center","background-size":"auto","background-attachment":"scroll","background-type":"","background-media":"","overlay-type":"","overlay-color":"","overlay-opacity":"","overlay-gradient":""},"mobile":{"background-color":"var(--ast-global-color-4)","background-image":"","background-repeat":"repeat","background-position":"center center","background-size":"auto","background-attachment":"scroll","background-type":"","background-media":"","overlay-type":"","overlay-color":"","overlay-opacity":"","overlay-gradient":""}},"footnotes":""},"categories":[1],"tags":[],"class_list":["post-38442","post","type-post","status-publish","format-standard","has-post-thumbnail","hentry","category-noticias"],"yoast_head":"<!-- This site is optimized with the Yoast SEO Premium plugin v23.0 (Yoast SEO v27.4) - https:\/\/yoast.com\/product\/yoast-seo-premium-wordpress\/ -->\n<title>El iceberg gigante A68 se interna en mar abierto<\/title>\n<meta name=\"robots\" content=\"index, follow, max-snippet:-1, max-image-preview:large, max-video-preview:-1\" \/>\n<link rel=\"canonical\" href=\"https:\/\/patagoniambiental.com.ar\/info\/el-iceberg-gigante-a68-se-interna-en-mar-abierto\/\" \/>\n<meta property=\"og:locale\" content=\"es_ES\" \/>\n<meta property=\"og:type\" content=\"article\" \/>\n<meta property=\"og:title\" content=\"El iceberg gigante A68 se interna en mar abierto\" \/>\n<meta property=\"og:description\" content=\"La\u00a0NASA\u00a0public\u00f3 im\u00e1genes del bloque de hielo de 5.800 kil\u00f3metros cuadrados, conocido como A68, que se desprendi\u00f3 en julio de la\u00a0Ant\u00e1rtida\u00a0y [&hellip;]\" \/>\n<meta property=\"og:url\" content=\"https:\/\/patagoniambiental.com.ar\/info\/el-iceberg-gigante-a68-se-interna-en-mar-abierto\/\" \/>\n<meta property=\"og:site_name\" content=\"Patagonia Ambiental\" \/>\n<meta property=\"article:publisher\" content=\"https:\/\/www.facebook.com\/patagonia.ambiental\" \/>\n<meta property=\"article:author\" content=\"https:\/\/www.facebook.com\/share\/1C1V8Gv9BX\/?mibextid=qi2Omg\" \/>\n<meta property=\"article:published_time\" content=\"2017-11-17T12:00:25+00:00\" \/>\n<meta property=\"og:image\" content=\"https:\/\/patagoniambiental.com.ar\/info\/wp-content\/uploads\/2017\/11\/isberg-a68.jpg\" \/>\n\t<meta property=\"og:image:width\" content=\"845\" \/>\n\t<meta property=\"og:image:height\" content=\"473\" \/>\n\t<meta property=\"og:image:type\" content=\"image\/jpeg\" \/>\n<meta name=\"author\" content=\"Patagonia Ambiental\" \/>\n<meta name=\"twitter:card\" content=\"summary_large_image\" \/>\n<meta name=\"twitter:creator\" content=\"@PatAmb\" \/>\n<meta name=\"twitter:site\" content=\"@PatAmb\" \/>\n<script type=\"application\/ld+json\" class=\"yoast-schema-graph\">{\"@context\":\"https:\\\/\\\/schema.org\",\"@graph\":[{\"@type\":\"Article\",\"@id\":\"https:\\\/\\\/patagoniambiental.com.ar\\\/info\\\/el-iceberg-gigante-a68-se-interna-en-mar-abierto\\\/#article\",\"isPartOf\":{\"@id\":\"https:\\\/\\\/patagoniambiental.com.ar\\\/info\\\/el-iceberg-gigante-a68-se-interna-en-mar-abierto\\\/\"},\"author\":{\"name\":\"Patagonia Ambiental\",\"@id\":\"https:\\\/\\\/patagoniambiental.com.ar\\\/info\\\/#\\\/schema\\\/person\\\/db12bff64bbcbf6a253710bf0ea37b5d\"},\"headline\":\"El iceberg gigante A68 se interna en mar abierto\",\"datePublished\":\"2017-11-17T12:00:25+00:00\",\"mainEntityOfPage\":{\"@id\":\"https:\\\/\\\/patagoniambiental.com.ar\\\/info\\\/el-iceberg-gigante-a68-se-interna-en-mar-abierto\\\/\"},\"wordCount\":433,\"commentCount\":0,\"publisher\":{\"@id\":\"https:\\\/\\\/patagoniambiental.com.ar\\\/info\\\/#organization\"},\"image\":{\"@id\":\"https:\\\/\\\/patagoniambiental.com.ar\\\/info\\\/el-iceberg-gigante-a68-se-interna-en-mar-abierto\\\/#primaryimage\"},\"thumbnailUrl\":\"https:\\\/\\\/patagoniambiental.com.ar\\\/info\\\/wp-content\\\/uploads\\\/2017\\\/11\\\/isberg-a68.jpg\",\"articleSection\":[\"Noticias\"],\"inLanguage\":\"es\",\"potentialAction\":[{\"@type\":\"CommentAction\",\"name\":\"Comment\",\"target\":[\"https:\\\/\\\/patagoniambiental.com.ar\\\/info\\\/el-iceberg-gigante-a68-se-interna-en-mar-abierto\\\/#respond\"]}]},{\"@type\":\"WebPage\",\"@id\":\"https:\\\/\\\/patagoniambiental.com.ar\\\/info\\\/el-iceberg-gigante-a68-se-interna-en-mar-abierto\\\/\",\"url\":\"https:\\\/\\\/patagoniambiental.com.ar\\\/info\\\/el-iceberg-gigante-a68-se-interna-en-mar-abierto\\\/\",\"name\":\"El iceberg gigante A68 se interna en mar abierto\",\"isPartOf\":{\"@id\":\"https:\\\/\\\/patagoniambiental.com.ar\\\/info\\\/#website\"},\"primaryImageOfPage\":{\"@id\":\"https:\\\/\\\/patagoniambiental.com.ar\\\/info\\\/el-iceberg-gigante-a68-se-interna-en-mar-abierto\\\/#primaryimage\"},\"image\":{\"@id\":\"https:\\\/\\\/patagoniambiental.com.ar\\\/info\\\/el-iceberg-gigante-a68-se-interna-en-mar-abierto\\\/#primaryimage\"},\"thumbnailUrl\":\"https:\\\/\\\/patagoniambiental.com.ar\\\/info\\\/wp-content\\\/uploads\\\/2017\\\/11\\\/isberg-a68.jpg\",\"datePublished\":\"2017-11-17T12:00:25+00:00\",\"breadcrumb\":{\"@id\":\"https:\\\/\\\/patagoniambiental.com.ar\\\/info\\\/el-iceberg-gigante-a68-se-interna-en-mar-abierto\\\/#breadcrumb\"},\"inLanguage\":\"es\",\"potentialAction\":[{\"@type\":\"ReadAction\",\"target\":[\"https:\\\/\\\/patagoniambiental.com.ar\\\/info\\\/el-iceberg-gigante-a68-se-interna-en-mar-abierto\\\/\"]}]},{\"@type\":\"ImageObject\",\"inLanguage\":\"es\",\"@id\":\"https:\\\/\\\/patagoniambiental.com.ar\\\/info\\\/el-iceberg-gigante-a68-se-interna-en-mar-abierto\\\/#primaryimage\",\"url\":\"https:\\\/\\\/patagoniambiental.com.ar\\\/info\\\/wp-content\\\/uploads\\\/2017\\\/11\\\/isberg-a68.jpg\",\"contentUrl\":\"https:\\\/\\\/patagoniambiental.com.ar\\\/info\\\/wp-content\\\/uploads\\\/2017\\\/11\\\/isberg-a68.jpg\",\"width\":845,\"height\":473},{\"@type\":\"BreadcrumbList\",\"@id\":\"https:\\\/\\\/patagoniambiental.com.ar\\\/info\\\/el-iceberg-gigante-a68-se-interna-en-mar-abierto\\\/#breadcrumb\",\"itemListElement\":[{\"@type\":\"ListItem\",\"position\":1,\"name\":\"Inicio\",\"item\":\"https:\\\/\\\/patagoniambiental.com.ar\\\/info\\\/\"},{\"@type\":\"ListItem\",\"position\":2,\"name\":\"El iceberg gigante A68 se interna en mar abierto\"}]},{\"@type\":\"WebSite\",\"@id\":\"https:\\\/\\\/patagoniambiental.com.ar\\\/info\\\/#website\",\"url\":\"https:\\\/\\\/patagoniambiental.com.ar\\\/info\\\/\",\"name\":\"Patagonia Ambiental\",\"description\":\"Monitoreo y an\u00e1lisis de la situaci\u00f3n geopol\u00edtica en el mundo y su implicancia en la Patagonia\",\"publisher\":{\"@id\":\"https:\\\/\\\/patagoniambiental.com.ar\\\/info\\\/#organization\"},\"potentialAction\":[{\"@type\":\"SearchAction\",\"target\":{\"@type\":\"EntryPoint\",\"urlTemplate\":\"https:\\\/\\\/patagoniambiental.com.ar\\\/info\\\/?s={search_term_string}\"},\"query-input\":{\"@type\":\"PropertyValueSpecification\",\"valueRequired\":true,\"valueName\":\"search_term_string\"}}],\"inLanguage\":\"es\"},{\"@type\":\"Organization\",\"@id\":\"https:\\\/\\\/patagoniambiental.com.ar\\\/info\\\/#organization\",\"name\":\"Patagonia Ambiental\",\"url\":\"https:\\\/\\\/patagoniambiental.com.ar\\\/info\\\/\",\"logo\":{\"@type\":\"ImageObject\",\"inLanguage\":\"es\",\"@id\":\"https:\\\/\\\/patagoniambiental.com.ar\\\/info\\\/#\\\/schema\\\/logo\\\/image\\\/\",\"url\":\"https:\\\/\\\/patagoniambiental.com.ar\\\/info\\\/wp-content\\\/uploads\\\/2025\\\/05\\\/LOGO-PATAGONIA-AMBIENTAL.png\",\"contentUrl\":\"https:\\\/\\\/patagoniambiental.com.ar\\\/info\\\/wp-content\\\/uploads\\\/2025\\\/05\\\/LOGO-PATAGONIA-AMBIENTAL.png\",\"width\":433,\"height\":250,\"caption\":\"Patagonia Ambiental\"},\"image\":{\"@id\":\"https:\\\/\\\/patagoniambiental.com.ar\\\/info\\\/#\\\/schema\\\/logo\\\/image\\\/\"},\"sameAs\":[\"https:\\\/\\\/www.facebook.com\\\/patagonia.ambiental\",\"https:\\\/\\\/x.com\\\/PatAmb\"]},{\"@type\":\"Person\",\"@id\":\"https:\\\/\\\/patagoniambiental.com.ar\\\/info\\\/#\\\/schema\\\/person\\\/db12bff64bbcbf6a253710bf0ea37b5d\",\"name\":\"Patagonia Ambiental\",\"description\":\"Andr\u00e9s Nievas T\u00e9cnico en manejo ambiental, consultor Ambiental y escritor para medios locales e internacionales sobre temas de geopolitica y medio ambiente.\",\"sameAs\":[\"http:\\\/\\\/www.patagoniambiental.com.ar\",\"https:\\\/\\\/www.facebook.com\\\/share\\\/1C1V8Gv9BX\\\/?mibextid=qi2Omg\",\"@patagoniambiental\",\"https:\\\/\\\/youtube.com\\\/@patagoniaambiental2023?si=BLt58t0wuXquxlYZ\"]}]}<\/script>\n<!-- \/ Yoast SEO Premium plugin. -->","yoast_head_json":{"title":"El iceberg gigante A68 se interna en mar abierto","robots":{"index":"index","follow":"follow","max-snippet":"max-snippet:-1","max-image-preview":"max-image-preview:large","max-video-preview":"max-video-preview:-1"},"canonical":"https:\/\/patagoniambiental.com.ar\/info\/el-iceberg-gigante-a68-se-interna-en-mar-abierto\/","og_locale":"es_ES","og_type":"article","og_title":"El iceberg gigante A68 se interna en mar abierto","og_description":"La\u00a0NASA\u00a0public\u00f3 im\u00e1genes del bloque de hielo de 5.800 kil\u00f3metros cuadrados, conocido como A68, que se desprendi\u00f3 en julio de la\u00a0Ant\u00e1rtida\u00a0y [&hellip;]","og_url":"https:\/\/patagoniambiental.com.ar\/info\/el-iceberg-gigante-a68-se-interna-en-mar-abierto\/","og_site_name":"Patagonia Ambiental","article_publisher":"https:\/\/www.facebook.com\/patagonia.ambiental","article_author":"https:\/\/www.facebook.com\/share\/1C1V8Gv9BX\/?mibextid=qi2Omg","article_published_time":"2017-11-17T12:00:25+00:00","og_image":[{"width":845,"height":473,"url":"https:\/\/patagoniambiental.com.ar\/info\/wp-content\/uploads\/2017\/11\/isberg-a68.jpg","type":"image\/jpeg"}],"author":"Patagonia Ambiental","twitter_card":"summary_large_image","twitter_creator":"@PatAmb","twitter_site":"@PatAmb","schema":{"@context":"https:\/\/schema.org","@graph":[{"@type":"Article","@id":"https:\/\/patagoniambiental.com.ar\/info\/el-iceberg-gigante-a68-se-interna-en-mar-abierto\/#article","isPartOf":{"@id":"https:\/\/patagoniambiental.com.ar\/info\/el-iceberg-gigante-a68-se-interna-en-mar-abierto\/"},"author":{"name":"Patagonia Ambiental","@id":"https:\/\/patagoniambiental.com.ar\/info\/#\/schema\/person\/db12bff64bbcbf6a253710bf0ea37b5d"},"headline":"El iceberg gigante A68 se interna en mar abierto","datePublished":"2017-11-17T12:00:25+00:00","mainEntityOfPage":{"@id":"https:\/\/patagoniambiental.com.ar\/info\/el-iceberg-gigante-a68-se-interna-en-mar-abierto\/"},"wordCount":433,"commentCount":0,"publisher":{"@id":"https:\/\/patagoniambiental.com.ar\/info\/#organization"},"image":{"@id":"https:\/\/patagoniambiental.com.ar\/info\/el-iceberg-gigante-a68-se-interna-en-mar-abierto\/#primaryimage"},"thumbnailUrl":"https:\/\/patagoniambiental.com.ar\/info\/wp-content\/uploads\/2017\/11\/isberg-a68.jpg","articleSection":["Noticias"],"inLanguage":"es","potentialAction":[{"@type":"CommentAction","name":"Comment","target":["https:\/\/patagoniambiental.com.ar\/info\/el-iceberg-gigante-a68-se-interna-en-mar-abierto\/#respond"]}]},{"@type":"WebPage","@id":"https:\/\/patagoniambiental.com.ar\/info\/el-iceberg-gigante-a68-se-interna-en-mar-abierto\/","url":"https:\/\/patagoniambiental.com.ar\/info\/el-iceberg-gigante-a68-se-interna-en-mar-abierto\/","name":"El iceberg gigante A68 se interna en mar abierto","isPartOf":{"@id":"https:\/\/patagoniambiental.com.ar\/info\/#website"},"primaryImageOfPage":{"@id":"https:\/\/patagoniambiental.com.ar\/info\/el-iceberg-gigante-a68-se-interna-en-mar-abierto\/#primaryimage"},"image":{"@id":"https:\/\/patagoniambiental.com.ar\/info\/el-iceberg-gigante-a68-se-interna-en-mar-abierto\/#primaryimage"},"thumbnailUrl":"https:\/\/patagoniambiental.com.ar\/info\/wp-content\/uploads\/2017\/11\/isberg-a68.jpg","datePublished":"2017-11-17T12:00:25+00:00","breadcrumb":{"@id":"https:\/\/patagoniambiental.com.ar\/info\/el-iceberg-gigante-a68-se-interna-en-mar-abierto\/#breadcrumb"},"inLanguage":"es","potentialAction":[{"@type":"ReadAction","target":["https:\/\/patagoniambiental.com.ar\/info\/el-iceberg-gigante-a68-se-interna-en-mar-abierto\/"]}]},{"@type":"ImageObject","inLanguage":"es","@id":"https:\/\/patagoniambiental.com.ar\/info\/el-iceberg-gigante-a68-se-interna-en-mar-abierto\/#primaryimage","url":"https:\/\/patagoniambiental.com.ar\/info\/wp-content\/uploads\/2017\/11\/isberg-a68.jpg","contentUrl":"https:\/\/patagoniambiental.com.ar\/info\/wp-content\/uploads\/2017\/11\/isberg-a68.jpg","width":845,"height":473},{"@type":"BreadcrumbList","@id":"https:\/\/patagoniambiental.com.ar\/info\/el-iceberg-gigante-a68-se-interna-en-mar-abierto\/#breadcrumb","itemListElement":[{"@type":"ListItem","position":1,"name":"Inicio","item":"https:\/\/patagoniambiental.com.ar\/info\/"},{"@type":"ListItem","position":2,"name":"El iceberg gigante A68 se interna en mar abierto"}]},{"@type":"WebSite","@id":"https:\/\/patagoniambiental.com.ar\/info\/#website","url":"https:\/\/patagoniambiental.com.ar\/info\/","name":"Patagonia Ambiental","description":"Monitoreo y an\u00e1lisis de la situaci\u00f3n geopol\u00edtica en el mundo y su implicancia en la Patagonia","publisher":{"@id":"https:\/\/patagoniambiental.com.ar\/info\/#organization"},"potentialAction":[{"@type":"SearchAction","target":{"@type":"EntryPoint","urlTemplate":"https:\/\/patagoniambiental.com.ar\/info\/?s={search_term_string}"},"query-input":{"@type":"PropertyValueSpecification","valueRequired":true,"valueName":"search_term_string"}}],"inLanguage":"es"},{"@type":"Organization","@id":"https:\/\/patagoniambiental.com.ar\/info\/#organization","name":"Patagonia Ambiental","url":"https:\/\/patagoniambiental.com.ar\/info\/","logo":{"@type":"ImageObject","inLanguage":"es","@id":"https:\/\/patagoniambiental.com.ar\/info\/#\/schema\/logo\/image\/","url":"https:\/\/patagoniambiental.com.ar\/info\/wp-content\/uploads\/2025\/05\/LOGO-PATAGONIA-AMBIENTAL.png","contentUrl":"https:\/\/patagoniambiental.com.ar\/info\/wp-content\/uploads\/2025\/05\/LOGO-PATAGONIA-AMBIENTAL.png","width":433,"height":250,"caption":"Patagonia Ambiental"},"image":{"@id":"https:\/\/patagoniambiental.com.ar\/info\/#\/schema\/logo\/image\/"},"sameAs":["https:\/\/www.facebook.com\/patagonia.ambiental","https:\/\/x.com\/PatAmb"]},{"@type":"Person","@id":"https:\/\/patagoniambiental.com.ar\/info\/#\/schema\/person\/db12bff64bbcbf6a253710bf0ea37b5d","name":"Patagonia Ambiental","description":"Andr\u00e9s Nievas T\u00e9cnico en manejo ambiental, consultor Ambiental y escritor para medios locales e internacionales sobre temas de geopolitica y medio ambiente.","sameAs":["http:\/\/www.patagoniambiental.com.ar","https:\/\/www.facebook.com\/share\/1C1V8Gv9BX\/?mibextid=qi2Omg","@patagoniambiental","https:\/\/youtube.com\/@patagoniaambiental2023?si=BLt58t0wuXquxlYZ"]}]}},"_links":{"self":[{"href":"https:\/\/patagoniambiental.com.ar\/info\/wp-json\/wp\/v2\/posts\/38442","targetHints":{"allow":["GET"]}}],"collection":[{"href":"https:\/\/patagoniambiental.com.ar\/info\/wp-json\/wp\/v2\/posts"}],"about":[{"href":"https:\/\/patagoniambiental.com.ar\/info\/wp-json\/wp\/v2\/types\/post"}],"author":[{"embeddable":true,"href":"https:\/\/patagoniambiental.com.ar\/info\/wp-json\/wp\/v2\/users\/2"}],"replies":[{"embeddable":true,"href":"https:\/\/patagoniambiental.com.ar\/info\/wp-json\/wp\/v2\/comments?post=38442"}],"version-history":[{"count":0,"href":"https:\/\/patagoniambiental.com.ar\/info\/wp-json\/wp\/v2\/posts\/38442\/revisions"}],"wp:featuredmedia":[{"embeddable":true,"href":"https:\/\/patagoniambiental.com.ar\/info\/wp-json\/wp\/v2\/media\/38443"}],"wp:attachment":[{"href":"https:\/\/patagoniambiental.com.ar\/info\/wp-json\/wp\/v2\/media?parent=38442"}],"wp:term":[{"taxonomy":"category","embeddable":true,"href":"https:\/\/patagoniambiental.com.ar\/info\/wp-json\/wp\/v2\/categories?post=38442"},{"taxonomy":"post_tag","embeddable":true,"href":"https:\/\/patagoniambiental.com.ar\/info\/wp-json\/wp\/v2\/tags?post=38442"}],"curies":[{"name":"wp","href":"https:\/\/api.w.org\/{rel}","templated":true}]}}