{"id":38450,"date":"2017-11-17T19:00:55","date_gmt":"2017-11-17T22:00:55","guid":{"rendered":"http:\/\/patagoniambiental.com.ar\/info\/?p=38450"},"modified":"2017-11-17T16:00:36","modified_gmt":"2017-11-17T19:00:36","slug":"un-grupo-mapuche-corto-cables-de-media-tension-y-dejo-sin-electricidad-a-vecinos-de-rio-negro","status":"publish","type":"post","link":"https:\/\/patagoniambiental.com.ar\/info\/un-grupo-mapuche-corto-cables-de-media-tension-y-dejo-sin-electricidad-a-vecinos-de-rio-negro\/","title":{"rendered":"Un grupo mapuche cort\u00f3 cables de media tensi\u00f3n y dej\u00f3 sin electricidad a vecinos de R\u00edo Negro"},"content":{"rendered":"<div id=\"fjkXyj20BKu3Bq\" class=\"wrapper clearfix col-lg-12 pb-feature pb-layout-item pb-f-article-header col-md-12 col-sm-12 col-xs-12 no-align\">\n<div class=\"row\">\n<header class=\"article-header hed-first col-sm-12\">Bariloche.-Adem\u00e1s bloquearon el ingreso de una cuadrilla de la Cooperativa de Electricidad de Bariloche. Es la misma agrupaci\u00f3n que hab\u00eda usurpado un predio<\/p>\n<\/header>\n<\/div>\n<\/div>\n<p><!--more--><\/p>\n<div id=\"fpCRep10BKu3Bq\" class=\"wrapper clearfix col-lg-12 col-md-12 pb-feature pb-layout-item pb-f-article-byline col-sm-12 col-xs-12 no-align\">\n<div class=\"byline col-xs-12 col-print-12\">\n<div class=\"byline-author\"><\/div>\n<\/div>\n<\/div>\n<div id=\"c0X66EG0BKu3Bq\" class=\"col-md-8 col-sm-12 col-xs-12 pb-layout-item pb-chain pb-c-list-chain left-align\">\n<div id=\"fisKt520BKu3Bq\" class=\"wrapper clearfix full pb-feature pb-layout-item pb-f-article-body no-align\">\n<div id=\"article-body\" class=\"article-body article-body-elements\">\n<div id=\"article-content\">\n<div class=\"row\">\n<figure class=\"element element-image col-xs-12\">\n<div class=\"single-image\">\n<div class=\"shares\"><\/div>\n<p><img decoding=\"async\" id=\"RHUWZM3JJ5GDHKZ3IYMSKB7NBQ\" class=\"image-lazy\" src=\"https:\/\/www.infobae.com\/new-resizer\/STwA8EymqNS_6dsGskDRoO9jPWI=\/600x0\/filters:quality(100)\/s3.amazonaws.com\/arc-wordpress-client-uploads\/infobae-wp\/wp-content\/uploads\/2017\/11\/15181028\/Terreno-ocupado-mapuches-Bariloche.jpg\" alt=\"Parte del terreno ocupado por los mapuches\" width=\"750\" height=\"421.875\" data-url=\"http:\/\/www.infobae.com\/sociedad\/2017\/11\/15\/un-grupo-mapuche-corto-cables-de-media-tension-y-dejo-sin-electricidad-a-vecinos-de-rio-negro\/%23RHUWZM3JJ5GDHKZ3IYMSKB7NBQ\" data-original=\"https:\/\/www.infobae.com\/new-resizer\/STwA8EymqNS_6dsGskDRoO9jPWI=\/600x0\/filters:quality(100)\/s3.amazonaws.com\/arc-wordpress-client-uploads\/infobae-wp\/wp-content\/uploads\/2017\/11\/15181028\/Terreno-ocupado-mapuches-Bariloche.jpg\" \/><\/div><figcaption class=\"\"><span class=\"credit\">Parte del terreno ocupado por los mapuches<\/span><\/figcaption><\/figure>\n<\/div>\n<div class=\"row\">\n<div class=\"col-xs-12 col-print-12\">\n<p class=\"element element-paragraph\">La comunidad mapuche que\u00a0<a href=\"https:\/\/www.infobae.com\/sociedad\/2017\/11\/12\/la-resistencia-ancestral-mapuche-usurpo-un-predio-de-parques-nacionales-en-rio-negro\/\" target=\"_blank\" rel=\"noopener\">est\u00e1 tomando un predio perteneciente a los Parques Nacionales en Villa Mascardi<\/a>, cerca de Bariloche, bloque\u00f3 el ingreso de una cuadrilla de la\u00a0Cooperativa de Electricidad Bariloche (CEB) que ten\u00eda como objetivo arreglar una falla el\u00e9ctrica ocurrida el 13 de noviembre, que afecta a varios usuarios de la localidad.<\/p>\n<\/div>\n<\/div>\n<div class=\"row\">\n<div class=\"col-xs-12 col-print-12\">\n<p class=\"element element-paragraph\">Esto ocurri\u00f3 en la noche del domingo al lunes. Los ocupantes est\u00e1n ubicados detr\u00e1s, a metros, del predio donde se iba a instalar la escuela de guardaparques, que hoy est\u00e1 pr\u00e1cticamente abandonada, con casi nula vigilancia. Fue all\u00ed donde los mapuches\u00a0<strong>cortaron los cables de media tensi\u00f3n<\/strong>\u00a0de la CEB y qued\u00f3 aislado un grupo de familias.\u00a0<strong>Cuando lo quisieron solucionar, echaron a los trabajadores con piedras, palos y encapuchados: \u00abSi no se van, salen con las patas para adelante\u00bb, les dijeron.\u00a0<\/strong><\/p>\n<\/div>\n<\/div>\n<div class=\"row\">\n<div class=\"col-xs-12 col-print-12\">\n<p class=\"element element-paragraph\">Las autoridades de la CEB hicieron la denuncia correspondiente en la juzgado federal de Bariloche y notificaron al\u00a0Ente Provincial de Regulaci\u00f3n de la Electricidad (Epre).<\/p>\n<\/div>\n<\/div>\n<div class=\"row\">\n<div class=\"col-xs-12 col-print-12\">\n<p class=\"element element-paragraph\">El problema tambi\u00e9n surge porque no se sabe de qu\u00e9 magnitud es la falla el\u00e9ctrica ni c\u00f3mo fue causada. De todos modos,<strong>\u00a0la CEB dispuso que los empleados no entren a la empresa hasta que est\u00e9n garantizadas las medidas de seguridad.\u00a0<\/strong><\/p>\n<\/div>\n<\/div>\n<div class=\"row\">\n<div id=\"\" class=\"wrapper clearfix pb-feature pb-layout-item pb-f-ads-dfp left-align\">\n<div id=\"inline\" class=\"pb-ad-container pb-ad pb-ad-prod ad-1X1\" data-slot-name=\"inline\" data-mobile-display=\"true\" data-desktop-display=\"true\" data-google-query-id=\"CI-eoNOkxtcCFdGFkQodx_oP8g\">\n<div id=\"google_ads_iframe_\/1058609\/infobae\/sociedad\/nota\/inline_0__container__\"><iframe id=\"google_ads_iframe_\/1058609\/infobae\/sociedad\/nota\/inline_0\" title=\"3rd party ad content\" name=\"google_ads_iframe_\/1058609\/infobae\/sociedad\/nota\/inline_0\" width=\"1\" height=\"1\" frameborder=\"0\" marginwidth=\"0\" marginheight=\"0\" scrolling=\"no\" data-mce-fragment=\"1\"><\/iframe><\/div>\n<\/div>\n<div class=\"border-bottom-\"><\/div>\n<\/div>\n<figure class=\"element element-image col-xs-12\">\n<div class=\"single-image\">\n<div class=\"shares\"><\/div>\n<p><img decoding=\"async\" id=\"IQYCYCVHKNFEZGHG4YHPRR6UNQ\" class=\"image-lazy\" src=\"https:\/\/www.infobae.com\/new-resizer\/0tfCaXx6XAPQ_0buW6habl9M07s=\/600x0\/filters:quality(100)\/s3.amazonaws.com\/arc-wordpress-client-uploads\/infobae-wp\/wp-content\/uploads\/2017\/11\/15181726\/Terreno-ocupado-mapuches-Bariloche-2.jpg\" alt=\"(lapoderosa.org)\" width=\"750\" height=\"421.875\" data-url=\"http:\/\/www.infobae.com\/sociedad\/2017\/11\/15\/un-grupo-mapuche-corto-cables-de-media-tension-y-dejo-sin-electricidad-a-vecinos-de-rio-negro\/%23IQYCYCVHKNFEZGHG4YHPRR6UNQ\" data-original=\"https:\/\/www.infobae.com\/new-resizer\/0tfCaXx6XAPQ_0buW6habl9M07s=\/600x0\/filters:quality(100)\/s3.amazonaws.com\/arc-wordpress-client-uploads\/infobae-wp\/wp-content\/uploads\/2017\/11\/15181726\/Terreno-ocupado-mapuches-Bariloche-2.jpg\" \/><\/div><figcaption class=\"\"><span class=\"credit\">(lapoderosa.org)<\/span><\/figcaption><\/figure>\n<\/div>\n<div class=\"row\">\n<div class=\"col-xs-12 col-print-12\">\n<p class=\"element element-paragraph\">A partir de esto, personal del juezgado de bariloche, subrogado actualmente por Villanueva, juez de Neuqu\u00e9n,\u00a0<strong>se acerc\u00f3 con oficiales de la Polic\u00eda Federal y drones para inspeccionar el lugar. La respuesta fue la misma: piedras y palos. Rompieron vidrios de los patrulleros.\u00a0<\/strong>A la ma\u00f1ana declararon los guardaparques que estuvieron en el operativo.<\/p>\n<\/div>\n<\/div>\n<div class=\"row\">\n<div class=\"col-xs-12 col-print-12\">\n<p class=\"element element-paragraph\">El viernes a las 9 habr\u00e1 una\u00a0<strong>reuni\u00f3n de \u00abco-gobierno\u00bb entre los lonkos de las comunidades reconocidas en el INAI y las autoridades para tomar alguna resoluci\u00f3n al conflicto.<\/strong>\u00a0Ser\u00e1 en la sede de Parques Nacionales.<\/p>\n<\/div>\n<\/div>\n<div class=\"row\">\n<div class=\"col-xs-12 col-print-12\">\n<p class=\"element element-paragraph\">El conflicto se\u00a0desarrolla hace dos meses sobre la ruta nacional 40, kil\u00f3metro 2006, en donde se encuentra el edificio de la escuela de guardiaparques, pero se hizo\u00a0<strong>visible este viernes\u00a0para pedir eventuales refuerzos a la comunidad mapuche,<\/strong>ante el inminente operativo de las fuerzas de seguridad.\u00a0<strong>Los ocupantes argumentaron\u00a0que los terrenos les corresponden por \u00abderecho ancestral\u00bb y advirtieron que est\u00e1n \u00abdispuestos a resistir\u00bb.<\/strong><\/p>\n<\/div>\n<\/div>\n<div class=\"row\">\n<div class=\"col-xs-12 col-print-12\">\n<p class=\"element element-paragraph\">La gravedad de la medida de fuerza radica en que Parques Nacionales posee all\u00ed sus dep\u00f3sitos log\u00edsticos, veh\u00edculos, combustibles, material de rescate y embarcaciones.<\/p>\n<p>Fuente: Infobae<\/p>\n<\/div>\n<\/div>\n<\/div>\n<\/div>\n<\/div>\n<\/div>\n","protected":false},"excerpt":{"rendered":"<p>Bariloche.-Adem\u00e1s bloquearon el ingreso de una cuadrilla de la Cooperativa de Electricidad de Bariloche. Es la misma agrupaci\u00f3n que hab\u00eda [&hellip;]<\/p>\n","protected":false},"author":2,"featured_media":38451,"comment_status":"open","ping_status":"open","sticky":false,"template":"","format":"standard","meta":{"site-sidebar-layout":"default","site-content-layout":"","ast-site-content-layout":"default","site-content-style":"default","site-sidebar-style":"default","ast-global-header-display":"","ast-banner-title-visibility":"","ast-main-header-display":"","ast-hfb-above-header-display":"","ast-hfb-below-header-display":"","ast-hfb-mobile-header-display":"","site-post-title":"","ast-breadcrumbs-content":"","ast-featured-img":"","footer-sml-layout":"","ast-disable-related-posts":"","theme-transparent-header-meta":"","adv-header-id-meta":"","stick-header-meta":"","header-above-stick-meta":"","header-main-stick-meta":"","header-below-stick-meta":"","astra-migrate-meta-layouts":"default","ast-page-background-enabled":"default","ast-page-background-meta":{"desktop":{"background-color":"var(--ast-global-color-5)","background-image":"","background-repeat":"repeat","background-position":"center center","background-size":"auto","background-attachment":"scroll","background-type":"","background-media":"","overlay-type":"","overlay-color":"","overlay-opacity":"","overlay-gradient":""},"tablet":{"background-color":"","background-image":"","background-repeat":"repeat","background-position":"center center","background-size":"auto","background-attachment":"scroll","background-type":"","background-media":"","overlay-type":"","overlay-color":"","overlay-opacity":"","overlay-gradient":""},"mobile":{"background-color":"","background-image":"","background-repeat":"repeat","background-position":"center center","background-size":"auto","background-attachment":"scroll","background-type":"","background-media":"","overlay-type":"","overlay-color":"","overlay-opacity":"","overlay-gradient":""}},"ast-content-background-meta":{"desktop":{"background-color":"var(--ast-global-color-4)","background-image":"","background-repeat":"repeat","background-position":"center center","background-size":"auto","background-attachment":"scroll","background-type":"","background-media":"","overlay-type":"","overlay-color":"","overlay-opacity":"","overlay-gradient":""},"tablet":{"background-color":"var(--ast-global-color-4)","background-image":"","background-repeat":"repeat","background-position":"center center","background-size":"auto","background-attachment":"scroll","background-type":"","background-media":"","overlay-type":"","overlay-color":"","overlay-opacity":"","overlay-gradient":""},"mobile":{"background-color":"var(--ast-global-color-4)","background-image":"","background-repeat":"repeat","background-position":"center center","background-size":"auto","background-attachment":"scroll","background-type":"","background-media":"","overlay-type":"","overlay-color":"","overlay-opacity":"","overlay-gradient":""}},"footnotes":""},"categories":[1,13,14],"tags":[],"class_list":["post-38450","post","type-post","status-publish","format-standard","has-post-thumbnail","hentry","category-noticias","category-provinciales","category-rio-negro"],"yoast_head":"<!-- This site is optimized with the Yoast SEO Premium plugin v23.0 (Yoast SEO v27.4) - https:\/\/yoast.com\/product\/yoast-seo-premium-wordpress\/ -->\n<title>Un grupo mapuche cort\u00f3 cables de media tensi\u00f3n y dej\u00f3 sin electricidad a vecinos de R\u00edo Negro<\/title>\n<meta name=\"robots\" content=\"index, follow, max-snippet:-1, max-image-preview:large, max-video-preview:-1\" \/>\n<link rel=\"canonical\" href=\"https:\/\/patagoniambiental.com.ar\/info\/un-grupo-mapuche-corto-cables-de-media-tension-y-dejo-sin-electricidad-a-vecinos-de-rio-negro\/\" \/>\n<meta property=\"og:locale\" content=\"es_ES\" \/>\n<meta property=\"og:type\" content=\"article\" \/>\n<meta property=\"og:title\" content=\"Un grupo mapuche cort\u00f3 cables de media tensi\u00f3n y dej\u00f3 sin electricidad a vecinos de R\u00edo Negro\" \/>\n<meta property=\"og:description\" content=\"Bariloche.-Adem\u00e1s bloquearon el ingreso de una cuadrilla de la Cooperativa de Electricidad de Bariloche. Es la misma agrupaci\u00f3n que hab\u00eda [&hellip;]\" \/>\n<meta property=\"og:url\" content=\"https:\/\/patagoniambiental.com.ar\/info\/un-grupo-mapuche-corto-cables-de-media-tension-y-dejo-sin-electricidad-a-vecinos-de-rio-negro\/\" \/>\n<meta property=\"og:site_name\" content=\"Patagonia Ambiental\" \/>\n<meta property=\"article:publisher\" content=\"https:\/\/www.facebook.com\/patagonia.ambiental\" \/>\n<meta property=\"article:author\" content=\"https:\/\/www.facebook.com\/share\/1C1V8Gv9BX\/?mibextid=qi2Omg\" \/>\n<meta property=\"article:published_time\" content=\"2017-11-17T22:00:55+00:00\" \/>\n<meta property=\"og:image\" content=\"https:\/\/patagoniambiental.com.ar\/info\/wp-content\/uploads\/2017\/11\/Sin-t\u00edtulo-8.jpg\" \/>\n\t<meta property=\"og:image:width\" content=\"738\" \/>\n\t<meta property=\"og:image:height\" content=\"450\" \/>\n\t<meta property=\"og:image:type\" content=\"image\/jpeg\" \/>\n<meta name=\"author\" content=\"Patagonia Ambiental\" \/>\n<meta name=\"twitter:card\" content=\"summary_large_image\" \/>\n<meta name=\"twitter:creator\" content=\"@PatAmb\" \/>\n<meta name=\"twitter:site\" content=\"@PatAmb\" \/>\n<script type=\"application\/ld+json\" class=\"yoast-schema-graph\">{\"@context\":\"https:\\\/\\\/schema.org\",\"@graph\":[{\"@type\":\"Article\",\"@id\":\"https:\\\/\\\/patagoniambiental.com.ar\\\/info\\\/un-grupo-mapuche-corto-cables-de-media-tension-y-dejo-sin-electricidad-a-vecinos-de-rio-negro\\\/#article\",\"isPartOf\":{\"@id\":\"https:\\\/\\\/patagoniambiental.com.ar\\\/info\\\/un-grupo-mapuche-corto-cables-de-media-tension-y-dejo-sin-electricidad-a-vecinos-de-rio-negro\\\/\"},\"author\":{\"name\":\"Patagonia Ambiental\",\"@id\":\"https:\\\/\\\/patagoniambiental.com.ar\\\/info\\\/#\\\/schema\\\/person\\\/db12bff64bbcbf6a253710bf0ea37b5d\"},\"headline\":\"Un grupo mapuche cort\u00f3 cables de media tensi\u00f3n y dej\u00f3 sin electricidad a vecinos de R\u00edo Negro\",\"datePublished\":\"2017-11-17T22:00:55+00:00\",\"mainEntityOfPage\":{\"@id\":\"https:\\\/\\\/patagoniambiental.com.ar\\\/info\\\/un-grupo-mapuche-corto-cables-de-media-tension-y-dejo-sin-electricidad-a-vecinos-de-rio-negro\\\/\"},\"wordCount\":456,\"commentCount\":0,\"publisher\":{\"@id\":\"https:\\\/\\\/patagoniambiental.com.ar\\\/info\\\/#organization\"},\"image\":{\"@id\":\"https:\\\/\\\/patagoniambiental.com.ar\\\/info\\\/un-grupo-mapuche-corto-cables-de-media-tension-y-dejo-sin-electricidad-a-vecinos-de-rio-negro\\\/#primaryimage\"},\"thumbnailUrl\":\"https:\\\/\\\/patagoniambiental.com.ar\\\/info\\\/wp-content\\\/uploads\\\/2017\\\/11\\\/Sin-t\u00edtulo-8.jpg\",\"articleSection\":[\"Noticias\",\"Provinciales\",\"R\u00edo Negro\"],\"inLanguage\":\"es\",\"potentialAction\":[{\"@type\":\"CommentAction\",\"name\":\"Comment\",\"target\":[\"https:\\\/\\\/patagoniambiental.com.ar\\\/info\\\/un-grupo-mapuche-corto-cables-de-media-tension-y-dejo-sin-electricidad-a-vecinos-de-rio-negro\\\/#respond\"]}]},{\"@type\":\"WebPage\",\"@id\":\"https:\\\/\\\/patagoniambiental.com.ar\\\/info\\\/un-grupo-mapuche-corto-cables-de-media-tension-y-dejo-sin-electricidad-a-vecinos-de-rio-negro\\\/\",\"url\":\"https:\\\/\\\/patagoniambiental.com.ar\\\/info\\\/un-grupo-mapuche-corto-cables-de-media-tension-y-dejo-sin-electricidad-a-vecinos-de-rio-negro\\\/\",\"name\":\"Un grupo mapuche cort\u00f3 cables de media tensi\u00f3n y dej\u00f3 sin electricidad a vecinos de R\u00edo Negro\",\"isPartOf\":{\"@id\":\"https:\\\/\\\/patagoniambiental.com.ar\\\/info\\\/#website\"},\"primaryImageOfPage\":{\"@id\":\"https:\\\/\\\/patagoniambiental.com.ar\\\/info\\\/un-grupo-mapuche-corto-cables-de-media-tension-y-dejo-sin-electricidad-a-vecinos-de-rio-negro\\\/#primaryimage\"},\"image\":{\"@id\":\"https:\\\/\\\/patagoniambiental.com.ar\\\/info\\\/un-grupo-mapuche-corto-cables-de-media-tension-y-dejo-sin-electricidad-a-vecinos-de-rio-negro\\\/#primaryimage\"},\"thumbnailUrl\":\"https:\\\/\\\/patagoniambiental.com.ar\\\/info\\\/wp-content\\\/uploads\\\/2017\\\/11\\\/Sin-t\u00edtulo-8.jpg\",\"datePublished\":\"2017-11-17T22:00:55+00:00\",\"breadcrumb\":{\"@id\":\"https:\\\/\\\/patagoniambiental.com.ar\\\/info\\\/un-grupo-mapuche-corto-cables-de-media-tension-y-dejo-sin-electricidad-a-vecinos-de-rio-negro\\\/#breadcrumb\"},\"inLanguage\":\"es\",\"potentialAction\":[{\"@type\":\"ReadAction\",\"target\":[\"https:\\\/\\\/patagoniambiental.com.ar\\\/info\\\/un-grupo-mapuche-corto-cables-de-media-tension-y-dejo-sin-electricidad-a-vecinos-de-rio-negro\\\/\"]}]},{\"@type\":\"ImageObject\",\"inLanguage\":\"es\",\"@id\":\"https:\\\/\\\/patagoniambiental.com.ar\\\/info\\\/un-grupo-mapuche-corto-cables-de-media-tension-y-dejo-sin-electricidad-a-vecinos-de-rio-negro\\\/#primaryimage\",\"url\":\"https:\\\/\\\/patagoniambiental.com.ar\\\/info\\\/wp-content\\\/uploads\\\/2017\\\/11\\\/Sin-t\u00edtulo-8.jpg\",\"contentUrl\":\"https:\\\/\\\/patagoniambiental.com.ar\\\/info\\\/wp-content\\\/uploads\\\/2017\\\/11\\\/Sin-t\u00edtulo-8.jpg\",\"width\":738,\"height\":450},{\"@type\":\"BreadcrumbList\",\"@id\":\"https:\\\/\\\/patagoniambiental.com.ar\\\/info\\\/un-grupo-mapuche-corto-cables-de-media-tension-y-dejo-sin-electricidad-a-vecinos-de-rio-negro\\\/#breadcrumb\",\"itemListElement\":[{\"@type\":\"ListItem\",\"position\":1,\"name\":\"Inicio\",\"item\":\"https:\\\/\\\/patagoniambiental.com.ar\\\/info\\\/\"},{\"@type\":\"ListItem\",\"position\":2,\"name\":\"Un grupo mapuche cort\u00f3 cables de media tensi\u00f3n y dej\u00f3 sin electricidad a vecinos de R\u00edo Negro\"}]},{\"@type\":\"WebSite\",\"@id\":\"https:\\\/\\\/patagoniambiental.com.ar\\\/info\\\/#website\",\"url\":\"https:\\\/\\\/patagoniambiental.com.ar\\\/info\\\/\",\"name\":\"Patagonia Ambiental\",\"description\":\"Monitoreo y an\u00e1lisis de la situaci\u00f3n geopol\u00edtica en el mundo y su implicancia en la Patagonia\",\"publisher\":{\"@id\":\"https:\\\/\\\/patagoniambiental.com.ar\\\/info\\\/#organization\"},\"potentialAction\":[{\"@type\":\"SearchAction\",\"target\":{\"@type\":\"EntryPoint\",\"urlTemplate\":\"https:\\\/\\\/patagoniambiental.com.ar\\\/info\\\/?s={search_term_string}\"},\"query-input\":{\"@type\":\"PropertyValueSpecification\",\"valueRequired\":true,\"valueName\":\"search_term_string\"}}],\"inLanguage\":\"es\"},{\"@type\":\"Organization\",\"@id\":\"https:\\\/\\\/patagoniambiental.com.ar\\\/info\\\/#organization\",\"name\":\"Patagonia Ambiental\",\"url\":\"https:\\\/\\\/patagoniambiental.com.ar\\\/info\\\/\",\"logo\":{\"@type\":\"ImageObject\",\"inLanguage\":\"es\",\"@id\":\"https:\\\/\\\/patagoniambiental.com.ar\\\/info\\\/#\\\/schema\\\/logo\\\/image\\\/\",\"url\":\"https:\\\/\\\/patagoniambiental.com.ar\\\/info\\\/wp-content\\\/uploads\\\/2025\\\/05\\\/LOGO-PATAGONIA-AMBIENTAL.png\",\"contentUrl\":\"https:\\\/\\\/patagoniambiental.com.ar\\\/info\\\/wp-content\\\/uploads\\\/2025\\\/05\\\/LOGO-PATAGONIA-AMBIENTAL.png\",\"width\":433,\"height\":250,\"caption\":\"Patagonia Ambiental\"},\"image\":{\"@id\":\"https:\\\/\\\/patagoniambiental.com.ar\\\/info\\\/#\\\/schema\\\/logo\\\/image\\\/\"},\"sameAs\":[\"https:\\\/\\\/www.facebook.com\\\/patagonia.ambiental\",\"https:\\\/\\\/x.com\\\/PatAmb\"]},{\"@type\":\"Person\",\"@id\":\"https:\\\/\\\/patagoniambiental.com.ar\\\/info\\\/#\\\/schema\\\/person\\\/db12bff64bbcbf6a253710bf0ea37b5d\",\"name\":\"Patagonia Ambiental\",\"description\":\"Andr\u00e9s Nievas T\u00e9cnico en manejo ambiental, consultor Ambiental y escritor para medios locales e internacionales sobre temas de geopolitica y medio ambiente.\",\"sameAs\":[\"http:\\\/\\\/www.patagoniambiental.com.ar\",\"https:\\\/\\\/www.facebook.com\\\/share\\\/1C1V8Gv9BX\\\/?mibextid=qi2Omg\",\"@patagoniambiental\",\"https:\\\/\\\/youtube.com\\\/@patagoniaambiental2023?si=BLt58t0wuXquxlYZ\"]}]}<\/script>\n<!-- \/ Yoast SEO Premium plugin. -->","yoast_head_json":{"title":"Un grupo mapuche cort\u00f3 cables de media tensi\u00f3n y dej\u00f3 sin electricidad a vecinos de R\u00edo Negro","robots":{"index":"index","follow":"follow","max-snippet":"max-snippet:-1","max-image-preview":"max-image-preview:large","max-video-preview":"max-video-preview:-1"},"canonical":"https:\/\/patagoniambiental.com.ar\/info\/un-grupo-mapuche-corto-cables-de-media-tension-y-dejo-sin-electricidad-a-vecinos-de-rio-negro\/","og_locale":"es_ES","og_type":"article","og_title":"Un grupo mapuche cort\u00f3 cables de media tensi\u00f3n y dej\u00f3 sin electricidad a vecinos de R\u00edo Negro","og_description":"Bariloche.-Adem\u00e1s bloquearon el ingreso de una cuadrilla de la Cooperativa de Electricidad de Bariloche. Es la misma agrupaci\u00f3n que hab\u00eda [&hellip;]","og_url":"https:\/\/patagoniambiental.com.ar\/info\/un-grupo-mapuche-corto-cables-de-media-tension-y-dejo-sin-electricidad-a-vecinos-de-rio-negro\/","og_site_name":"Patagonia Ambiental","article_publisher":"https:\/\/www.facebook.com\/patagonia.ambiental","article_author":"https:\/\/www.facebook.com\/share\/1C1V8Gv9BX\/?mibextid=qi2Omg","article_published_time":"2017-11-17T22:00:55+00:00","og_image":[{"width":738,"height":450,"url":"https:\/\/patagoniambiental.com.ar\/info\/wp-content\/uploads\/2017\/11\/Sin-t\u00edtulo-8.jpg","type":"image\/jpeg"}],"author":"Patagonia Ambiental","twitter_card":"summary_large_image","twitter_creator":"@PatAmb","twitter_site":"@PatAmb","schema":{"@context":"https:\/\/schema.org","@graph":[{"@type":"Article","@id":"https:\/\/patagoniambiental.com.ar\/info\/un-grupo-mapuche-corto-cables-de-media-tension-y-dejo-sin-electricidad-a-vecinos-de-rio-negro\/#article","isPartOf":{"@id":"https:\/\/patagoniambiental.com.ar\/info\/un-grupo-mapuche-corto-cables-de-media-tension-y-dejo-sin-electricidad-a-vecinos-de-rio-negro\/"},"author":{"name":"Patagonia Ambiental","@id":"https:\/\/patagoniambiental.com.ar\/info\/#\/schema\/person\/db12bff64bbcbf6a253710bf0ea37b5d"},"headline":"Un grupo mapuche cort\u00f3 cables de media tensi\u00f3n y dej\u00f3 sin electricidad a vecinos de R\u00edo Negro","datePublished":"2017-11-17T22:00:55+00:00","mainEntityOfPage":{"@id":"https:\/\/patagoniambiental.com.ar\/info\/un-grupo-mapuche-corto-cables-de-media-tension-y-dejo-sin-electricidad-a-vecinos-de-rio-negro\/"},"wordCount":456,"commentCount":0,"publisher":{"@id":"https:\/\/patagoniambiental.com.ar\/info\/#organization"},"image":{"@id":"https:\/\/patagoniambiental.com.ar\/info\/un-grupo-mapuche-corto-cables-de-media-tension-y-dejo-sin-electricidad-a-vecinos-de-rio-negro\/#primaryimage"},"thumbnailUrl":"https:\/\/patagoniambiental.com.ar\/info\/wp-content\/uploads\/2017\/11\/Sin-t\u00edtulo-8.jpg","articleSection":["Noticias","Provinciales","R\u00edo Negro"],"inLanguage":"es","potentialAction":[{"@type":"CommentAction","name":"Comment","target":["https:\/\/patagoniambiental.com.ar\/info\/un-grupo-mapuche-corto-cables-de-media-tension-y-dejo-sin-electricidad-a-vecinos-de-rio-negro\/#respond"]}]},{"@type":"WebPage","@id":"https:\/\/patagoniambiental.com.ar\/info\/un-grupo-mapuche-corto-cables-de-media-tension-y-dejo-sin-electricidad-a-vecinos-de-rio-negro\/","url":"https:\/\/patagoniambiental.com.ar\/info\/un-grupo-mapuche-corto-cables-de-media-tension-y-dejo-sin-electricidad-a-vecinos-de-rio-negro\/","name":"Un grupo mapuche cort\u00f3 cables de media tensi\u00f3n y dej\u00f3 sin electricidad a vecinos de R\u00edo Negro","isPartOf":{"@id":"https:\/\/patagoniambiental.com.ar\/info\/#website"},"primaryImageOfPage":{"@id":"https:\/\/patagoniambiental.com.ar\/info\/un-grupo-mapuche-corto-cables-de-media-tension-y-dejo-sin-electricidad-a-vecinos-de-rio-negro\/#primaryimage"},"image":{"@id":"https:\/\/patagoniambiental.com.ar\/info\/un-grupo-mapuche-corto-cables-de-media-tension-y-dejo-sin-electricidad-a-vecinos-de-rio-negro\/#primaryimage"},"thumbnailUrl":"https:\/\/patagoniambiental.com.ar\/info\/wp-content\/uploads\/2017\/11\/Sin-t\u00edtulo-8.jpg","datePublished":"2017-11-17T22:00:55+00:00","breadcrumb":{"@id":"https:\/\/patagoniambiental.com.ar\/info\/un-grupo-mapuche-corto-cables-de-media-tension-y-dejo-sin-electricidad-a-vecinos-de-rio-negro\/#breadcrumb"},"inLanguage":"es","potentialAction":[{"@type":"ReadAction","target":["https:\/\/patagoniambiental.com.ar\/info\/un-grupo-mapuche-corto-cables-de-media-tension-y-dejo-sin-electricidad-a-vecinos-de-rio-negro\/"]}]},{"@type":"ImageObject","inLanguage":"es","@id":"https:\/\/patagoniambiental.com.ar\/info\/un-grupo-mapuche-corto-cables-de-media-tension-y-dejo-sin-electricidad-a-vecinos-de-rio-negro\/#primaryimage","url":"https:\/\/patagoniambiental.com.ar\/info\/wp-content\/uploads\/2017\/11\/Sin-t\u00edtulo-8.jpg","contentUrl":"https:\/\/patagoniambiental.com.ar\/info\/wp-content\/uploads\/2017\/11\/Sin-t\u00edtulo-8.jpg","width":738,"height":450},{"@type":"BreadcrumbList","@id":"https:\/\/patagoniambiental.com.ar\/info\/un-grupo-mapuche-corto-cables-de-media-tension-y-dejo-sin-electricidad-a-vecinos-de-rio-negro\/#breadcrumb","itemListElement":[{"@type":"ListItem","position":1,"name":"Inicio","item":"https:\/\/patagoniambiental.com.ar\/info\/"},{"@type":"ListItem","position":2,"name":"Un grupo mapuche cort\u00f3 cables de media tensi\u00f3n y dej\u00f3 sin electricidad a vecinos de R\u00edo Negro"}]},{"@type":"WebSite","@id":"https:\/\/patagoniambiental.com.ar\/info\/#website","url":"https:\/\/patagoniambiental.com.ar\/info\/","name":"Patagonia Ambiental","description":"Monitoreo y an\u00e1lisis de la situaci\u00f3n geopol\u00edtica en el mundo y su implicancia en la Patagonia","publisher":{"@id":"https:\/\/patagoniambiental.com.ar\/info\/#organization"},"potentialAction":[{"@type":"SearchAction","target":{"@type":"EntryPoint","urlTemplate":"https:\/\/patagoniambiental.com.ar\/info\/?s={search_term_string}"},"query-input":{"@type":"PropertyValueSpecification","valueRequired":true,"valueName":"search_term_string"}}],"inLanguage":"es"},{"@type":"Organization","@id":"https:\/\/patagoniambiental.com.ar\/info\/#organization","name":"Patagonia Ambiental","url":"https:\/\/patagoniambiental.com.ar\/info\/","logo":{"@type":"ImageObject","inLanguage":"es","@id":"https:\/\/patagoniambiental.com.ar\/info\/#\/schema\/logo\/image\/","url":"https:\/\/patagoniambiental.com.ar\/info\/wp-content\/uploads\/2025\/05\/LOGO-PATAGONIA-AMBIENTAL.png","contentUrl":"https:\/\/patagoniambiental.com.ar\/info\/wp-content\/uploads\/2025\/05\/LOGO-PATAGONIA-AMBIENTAL.png","width":433,"height":250,"caption":"Patagonia Ambiental"},"image":{"@id":"https:\/\/patagoniambiental.com.ar\/info\/#\/schema\/logo\/image\/"},"sameAs":["https:\/\/www.facebook.com\/patagonia.ambiental","https:\/\/x.com\/PatAmb"]},{"@type":"Person","@id":"https:\/\/patagoniambiental.com.ar\/info\/#\/schema\/person\/db12bff64bbcbf6a253710bf0ea37b5d","name":"Patagonia Ambiental","description":"Andr\u00e9s Nievas T\u00e9cnico en manejo ambiental, consultor Ambiental y escritor para medios locales e internacionales sobre temas de geopolitica y medio ambiente.","sameAs":["http:\/\/www.patagoniambiental.com.ar","https:\/\/www.facebook.com\/share\/1C1V8Gv9BX\/?mibextid=qi2Omg","@patagoniambiental","https:\/\/youtube.com\/@patagoniaambiental2023?si=BLt58t0wuXquxlYZ"]}]}},"_links":{"self":[{"href":"https:\/\/patagoniambiental.com.ar\/info\/wp-json\/wp\/v2\/posts\/38450","targetHints":{"allow":["GET"]}}],"collection":[{"href":"https:\/\/patagoniambiental.com.ar\/info\/wp-json\/wp\/v2\/posts"}],"about":[{"href":"https:\/\/patagoniambiental.com.ar\/info\/wp-json\/wp\/v2\/types\/post"}],"author":[{"embeddable":true,"href":"https:\/\/patagoniambiental.com.ar\/info\/wp-json\/wp\/v2\/users\/2"}],"replies":[{"embeddable":true,"href":"https:\/\/patagoniambiental.com.ar\/info\/wp-json\/wp\/v2\/comments?post=38450"}],"version-history":[{"count":0,"href":"https:\/\/patagoniambiental.com.ar\/info\/wp-json\/wp\/v2\/posts\/38450\/revisions"}],"wp:featuredmedia":[{"embeddable":true,"href":"https:\/\/patagoniambiental.com.ar\/info\/wp-json\/wp\/v2\/media\/38451"}],"wp:attachment":[{"href":"https:\/\/patagoniambiental.com.ar\/info\/wp-json\/wp\/v2\/media?parent=38450"}],"wp:term":[{"taxonomy":"category","embeddable":true,"href":"https:\/\/patagoniambiental.com.ar\/info\/wp-json\/wp\/v2\/categories?post=38450"},{"taxonomy":"post_tag","embeddable":true,"href":"https:\/\/patagoniambiental.com.ar\/info\/wp-json\/wp\/v2\/tags?post=38450"}],"curies":[{"name":"wp","href":"https:\/\/api.w.org\/{rel}","templated":true}]}}