{"id":38469,"date":"2017-11-18T19:00:17","date_gmt":"2017-11-18T22:00:17","guid":{"rendered":"http:\/\/patagoniambiental.com.ar\/info\/?p=38469"},"modified":"2017-11-17T16:44:26","modified_gmt":"2017-11-17T19:44:26","slug":"desconcierto-en-brasil-aparece-una-enorme-ballena-muerta-en-una-playa-de-rio-de-janeiro","status":"publish","type":"post","link":"https:\/\/patagoniambiental.com.ar\/info\/desconcierto-en-brasil-aparece-una-enorme-ballena-muerta-en-una-playa-de-rio-de-janeiro\/","title":{"rendered":"Desconcierto en Brasil: aparece una enorme ballena muerta en una playa de R\u00edo de Janeiro"},"content":{"rendered":"<div class=\"col-xs-12 box-left\"><\/div>\n<div class=\"col-lg-8 col-md-8 col-sm-8 col-xs-12 box-left\">\n<div class=\"top-story row\">\n<div class=\"col-lg-4 col-md-4\">\n<section id=\"related_posts\">\n<div class=\"post-list\">\n<div class=\"clear\">Brasil.-<strong>El mi\u00e9rcoles 15 de noviembre quienes recorr\u00edan la playa de Ipanema en R\u00edo de Janeiro, Brasil, se sorprendieron al ver a una ballena encallada sin signos vitales y adem\u00e1s con la mand\u00edbula desprendida del cuerpo, seg\u00fan lo indic\u00f3 el COR (Centro de Operaciones R\u00edo).<\/strong><\/div>\n<div><!--more--><\/div>\n<\/div>\n<div><\/div>\n<\/section>\n<\/div>\n<div class=\"col-lg-8 col-md-8\">\n<div class=\"entry\">\n<div class=\"single-post-thumb\"><img fetchpriority=\"high\" decoding=\"async\" class=\"attachment-slider size-slider\" title=\"Desconcierto en Brasil: aparece una enorme ballena muerta en una playa de R\u00edo de Janeiro\" src=\"https:\/\/www.lagranepoca.com\/wp-content\/uploads\/2017\/11\/5a0dc7e527d64.jpeg\" sizes=\"(max-width: 770px) 100vw, 770px\" srcset=\"https:\/\/www.lagranepoca.com\/wp-content\/uploads\/2017\/11\/5a0dc7e527d64.jpeg 770w, https:\/\/www.lagranepoca.com\/wp-content\/uploads\/2017\/11\/5a0dc7e527d64-300x200.jpeg 300w, https:\/\/www.lagranepoca.com\/wp-content\/uploads\/2017\/11\/5a0dc7e527d64-768x511.jpeg 768w\" alt=\"Desconcierto en Brasil: aparece una enorme ballena muerta en una playa de R\u00edo de Janeiro\" width=\"770\" height=\"512\" \/><\/div>\n<div><\/div>\n<div class=\"the_champ_sharing_container the_champ_horizontal_sharing\"><\/div>\n<div class=\"SandboxRoot env-bp-350\" data-twitter-event-id=\"0\">\n<div id=\"twitter-widget-0\" class=\"EmbeddedTweet EmbeddedTweet--edge EmbeddedTweet--mediaForward media-forward js-clickToOpenTarget js-tweetIdInfo tweet-InformationCircle-widgetParent\" lang=\"es\" data-click-to-open-target=\"https:\/\/twitter.com\/eumcrh\/status\/930786470159405056\" data-iframe-title=\"Tweet de Twitter\" data-dt-full=\"%{hours24}:%{minutes} - %{day} %{month} %{year}\" data-dt-explicit-timestamp=\"10:16 - 15 nov. 2017\" data-dt-months=\"ene|feb|mar|abr|Mayo|jun|jul|ago|sep|oct|nov|dic\" data-dt-am=\"AM\" data-dt-pm=\"PM\" data-dt-now=\"ahora\" data-dt-s=\"s\" data-dt-m=\"m\" data-dt-h=\"h\" data-dt-second=\"segundo\" data-dt-seconds=\"segundos\" data-dt-minute=\"minuto\" data-dt-minutes=\"minutos\" data-dt-hour=\"hora\" data-dt-hours=\"horas\" data-dt-abbr=\"%{number}%{symbol}\" data-dt-short=\"%{day} %{month}\" data-dt-long=\"%{day} %{month} %{year}\" data-scribe=\"page:tweet\" data-tweet-id=\"930786470159405056\" data-twitter-event-id=\"2\">\n<article class=\"MediaCard MediaCard--mediaForward customisable-border\" dir=\"ltr\" data-scribe=\"component:card\">\n<div class=\"MediaCard-media\">\n<div class=\"MediaCard-widthConstraint js-cspForcedStyle\" data-style=\"max-width: 1200px\">\n<div class=\"MediaCard-mediaContainer js-cspForcedStyle\" data-style=\"padding-bottom: 56.1667%\"><a class=\"MediaCard-mediaAsset NaturalImage \" href=\"https:\/\/twitter.com\/eumcrh\/status\/930786470159405056\/photo\/1\" data-scribe=\"element:photo\"><img decoding=\"async\" class=\"NaturalImage-image\" title=\"Ver imagen en Twitter\" src=\"https:\/\/pbs.twimg.com\/media\/DOrRUbIWAAAmexp.jpg:small\" alt=\"Ver imagen en Twitter\" width=\"1200\" height=\"674\" data-srcset=\"https%3A%2F%2Fpbs.twimg.com%2Fmedia%2FDOrRUbIWAAAmexp.jpg%3Alarge 1280w,https%3A%2F%2Fpbs.twimg.com%2Fmedia%2FDOrRUbIWAAAmexp.jpg 1200w,https%3A%2F%2Fpbs.twimg.com%2Fmedia%2FDOrRUbIWAAAmexp.jpg%3Asmall 680w\" \/><\/a><\/div>\n<div class=\"MediaCard-mediaContainer js-cspForcedStyle\" data-style=\"padding-bottom: 56.1667%\">Algunos huesos de la mand\u00edbula quedaron esparcidos por la arena:<\/div>\n<\/div>\n<\/div>\n<\/article>\n<\/div>\n<\/div>\n<div class=\"SandboxRoot env-bp-350\" data-twitter-event-id=\"1\">\n<div id=\"twitter-widget-1\" class=\"EmbeddedTweet EmbeddedTweet--edge EmbeddedTweet--mediaForward media-forward js-clickToOpenTarget js-tweetIdInfo tweet-InformationCircle-widgetParent\" lang=\"es\" data-click-to-open-target=\"https:\/\/twitter.com\/Mcassia22\/status\/930788947621421057\" data-iframe-title=\"Tweet de Twitter\" data-dt-full=\"%{hours24}:%{minutes} - %{day} %{month} %{year}\" data-dt-explicit-timestamp=\"10:25 - 15 nov. 2017\" data-dt-months=\"ene|feb|mar|abr|Mayo|jun|jul|ago|sep|oct|nov|dic\" data-dt-am=\"AM\" data-dt-pm=\"PM\" data-dt-now=\"ahora\" data-dt-s=\"s\" data-dt-m=\"m\" data-dt-h=\"h\" data-dt-second=\"segundo\" data-dt-seconds=\"segundos\" data-dt-minute=\"minuto\" data-dt-minutes=\"minutos\" data-dt-hour=\"hora\" data-dt-hours=\"horas\" data-dt-abbr=\"%{number}%{symbol}\" data-dt-short=\"%{day} %{month}\" data-dt-long=\"%{day} %{month} %{year}\" data-scribe=\"page:tweet\" data-tweet-id=\"930788947621421057\" data-twitter-event-id=\"3\">\n<article class=\"MediaCard MediaCard--mediaForward customisable-border\" dir=\"ltr\" data-scribe=\"component:card\">\n<div class=\"MediaCard-media\">\n<p><a class=\"MediaCard-borderOverlay\" tabindex=\"-1\" title=\"Ver imagen en Twitter\" role=\"presentation\" href=\"https:\/\/twitter.com\/Mcassia22\/status\/930788947621421057\/photo\/1\"><span class=\"u-hiddenVisually\">Ver imagen en Twitter<\/span><\/a><\/p>\n<div class=\"MediaCard-widthConstraint js-cspForcedStyle\" data-style=\"max-width: 1200px\">\n<div class=\"MediaCard-mediaContainer js-cspForcedStyle\" data-style=\"padding-bottom: 56.2500%\"><a class=\"MediaCard-mediaAsset NaturalImage \" href=\"https:\/\/twitter.com\/Mcassia22\/status\/930788947621421057\/photo\/1\" data-scribe=\"element:photo\"><img decoding=\"async\" class=\"NaturalImage-image\" title=\"Ver imagen en Twitter\" src=\"https:\/\/pbs.twimg.com\/media\/DOrTlxWXcAA35U5.jpg:small\" alt=\"Ver imagen en Twitter\" width=\"1200\" height=\"675\" data-srcset=\"https%3A%2F%2Fpbs.twimg.com%2Fmedia%2FDOrTlxWXcAA35U5.jpg%3Alarge 2048w,https%3A%2F%2Fpbs.twimg.com%2Fmedia%2FDOrTlxWXcAA35U5.jpg 1200w,https%3A%2F%2Fpbs.twimg.com%2Fmedia%2FDOrTlxWXcAA35U5.jpg%3Asmall 680w\" \/><\/a><\/div>\n<\/div>\n<\/div>\n<\/article>\n<div class=\"EmbeddedTweet-tweet\">\n<blockquote class=\"Tweet h-entry js-tweetIdInfo subject expanded is-deciderHtmlWhitespace\" cite=\"https:\/\/twitter.com\/Mcassia22\/status\/930788947621421057\" data-tweet-id=\"930788947621421057\" data-scribe=\"section:subject\">\n<div class=\"Tweet-header u-cf\">\n<div class=\"Tweet-brand u-floatRight\"><\/div>\n<div class=\"TweetAuthor js-inViewportScribingTarget js-aBScribingTarget\" data-scribe=\"component:author\"><a class=\"TweetAuthor-link Identity u-linkBlend\" href=\"https:\/\/twitter.com\/Mcassia22\" data-scribe=\"element:user_link\" aria-label=\"Marisa Batista (nombre de pantalla: Mcassia22)\"><span class=\"TweetAuthor-avatar Identity-avatar\"><img decoding=\"async\" class=\"Avatar Avatar--edge\" src=\"https:\/\/pbs.twimg.com\/profile_images\/741087195797327873\/Fv4l7h5O_normal.jpg\" alt=\"\" data-scribe=\"element:avatar\" data-src-2x=\"https:\/\/pbs.twimg.com\/profile_images\/741087195797327873\/Fv4l7h5O_bigger.jpg\" data-src-1x=\"https:\/\/pbs.twimg.com\/profile_images\/741087195797327873\/Fv4l7h5O_normal.jpg\" \/><\/span><span class=\"TweetAuthor-name Identity-name customisable-highlight\" title=\"Marisa Batista\" data-scribe=\"element:name\">Marisa Batista<\/span>\u00a0<span class=\"TweetAuthor-screenName Identity-screenName\" dir=\"ltr\" title=\"@Mcassia22\" data-scribe=\"element:screen_name\">@Mcassia22<\/span><\/a><\/div>\n<\/div>\n<div class=\"Tweet-body e-entry-content\" data-scribe=\"component:tweet\"><\/div>\n<\/blockquote>\n<\/div>\n<\/div>\n<div class=\"resize-sensor\">\u00a0El cet\u00e1ceo mide aproximadamente unos 15 metros de largo y tiene un peso de 30 toneladas.<\/div>\n<\/div>\n<p>Parece llevar varios d\u00edas varado en la playa debido a su avanzado estado de descomposici\u00f3n.<\/p>\n<div class=\"code-block code-block-1\"><\/div>\n<p>Seg\u00fan la informaci\u00f3n recogida por el medio\u00a0<a href=\"https:\/\/www.infobae.com\/america\/medio-ambiente\/2017\/11\/15\/aparecio-una-ballena-de-30-toneladas-muerta-en-la-playa-de-ipanema\/\" target=\"_blank\" rel=\"noopener\">Infobae<\/a>, Rafael Carvalho, bi\u00f3logo de animales mam\u00edferos acu\u00e1ticos de la Universidad de R\u00edo de Janeiro, expres\u00f3 que\u00a0\u201cest\u00e1 en un estado de descomposici\u00f3n bien avanzado. Por el estado, sin piel, hinchada, puede ser que est\u00e9 muerta desde hace una semana o m\u00e1s\u201d.<\/p>\n<p><a href=\"https:\/\/www.lagranepoca.com\/wp-content\/uploads\/2017\/11\/5a0dc7e527d64.jpeg\" target=\"_blank\" rel=\"nofollow noopener\"><img loading=\"lazy\" decoding=\"async\" class=\"aligncenter size-full wp-image-209821 fadein\" src=\"https:\/\/www.lagranepoca.com\/wp-content\/uploads\/2017\/11\/5a0dc7e527d64.jpeg\" sizes=\"(max-width: 770px) 100vw, 770px\" srcset=\"https:\/\/www.lagranepoca.com\/wp-content\/uploads\/2017\/11\/5a0dc7e527d64.jpeg 770w, https:\/\/www.lagranepoca.com\/wp-content\/uploads\/2017\/11\/5a0dc7e527d64-300x200.jpeg 300w, https:\/\/www.lagranepoca.com\/wp-content\/uploads\/2017\/11\/5a0dc7e527d64-768x511.jpeg 768w\" alt=\"\" width=\"770\" height=\"512\" \/><\/a><\/p>\n<p>Debido a que era d\u00eda festivo en Brasil, la playa concentr\u00f3 una gran cantidad de turistas y ba\u00f1istas que se sintieron atra\u00eddos por la presencia del animal y no desaprovecharon para sacarse fotos.<\/p>\n<p>Por la misma raz\u00f3n la guardia municipal tuvo que intervenir en la zona cerrando el acceso a los ba\u00f1istas curiosos.<\/p>\n<p><a href=\"https:\/\/www.lagranepoca.com\/wp-content\/uploads\/2017\/11\/5a0dc82cc4a39.jpeg\" target=\"_blank\" rel=\"nofollow noopener\"><img loading=\"lazy\" decoding=\"async\" class=\"wp-image-209824 size-full fadein\" src=\"https:\/\/www.lagranepoca.com\/wp-content\/uploads\/2017\/11\/5a0dc82cc4a39.jpeg\" sizes=\"(max-width: 770px) 100vw, 770px\" srcset=\"https:\/\/www.lagranepoca.com\/wp-content\/uploads\/2017\/11\/5a0dc82cc4a39.jpeg 770w, https:\/\/www.lagranepoca.com\/wp-content\/uploads\/2017\/11\/5a0dc82cc4a39-300x200.jpeg 300w, https:\/\/www.lagranepoca.com\/wp-content\/uploads\/2017\/11\/5a0dc82cc4a39-768x511.jpeg 768w\" alt=\"\" width=\"770\" height=\"512\" \/><\/a><\/p>\n<p>Seg\u00fan el portal de noticias\u00a0<a href=\"http:\/\/www.eltiempo.com\/vida\/medio-ambiente\/selfis-con-ballena-muerta-en-playa-de-ipanema-en-rio-de-janeiro-151920\" target=\"_blank\" rel=\"noopener\">El Tiempo<\/a>, Mauro Azevedo, un hombre de 62 a\u00f1os que se acerc\u00f3 a observar el hecho, se\u00f1al\u00f3: \u201cEs muy raro en Ipanema. Nunca la hab\u00eda visto as\u00ed, tan cerca. Me hubiese gustado haber tenido la posibilidad de salvarla\u201d.<\/p>\n<div class=\"code-block code-block-4\"><\/div>\n<p>El cad\u00e1ver de la ballena Yubarta ser\u00e1 retirado con una gr\u00faa con el fin de evitar cualquier tipo de inconveniente partiendo al animal por la mitad, adem\u00e1s se tiene pensado enterrarla por cuestiones sanitarias.<\/p>\n<p>Este fen\u00f3meno se ha presentado en otras playas brasile\u00f1as en lo que va del a\u00f1o, y sobre todo la especie yubarta es la que mayormente se ve involucrada en este tipo de eventualidades.<\/p>\n<p>Tal fen\u00f3meno en aumento se da debido a la temporada de apareamiento, de esta manera las ballenas hacen un recorrido desde las aguas de la Ant\u00e1rtida hasta el litoral brasile\u00f1o con el fin de encontrar aguas c\u00e1lidas para la fecundaci\u00f3n.<\/p>\n<p><a href=\"https:\/\/www.lagranepoca.com\/wp-content\/uploads\/2017\/11\/5a0dcdc955ab4.jpeg\" target=\"_blank\" rel=\"nofollow noopener\"><img loading=\"lazy\" decoding=\"async\" class=\"wp-image-209825 size-full fadein\" src=\"https:\/\/www.lagranepoca.com\/wp-content\/uploads\/2017\/11\/5a0dcdc955ab4.jpeg\" sizes=\"(max-width: 770px) 100vw, 770px\" srcset=\"https:\/\/www.lagranepoca.com\/wp-content\/uploads\/2017\/11\/5a0dcdc955ab4.jpeg 770w, https:\/\/www.lagranepoca.com\/wp-content\/uploads\/2017\/11\/5a0dcdc955ab4-300x200.jpeg 300w, https:\/\/www.lagranepoca.com\/wp-content\/uploads\/2017\/11\/5a0dcdc955ab4-768x511.jpeg 768w\" alt=\"\" width=\"770\" height=\"512\" \/><\/a><\/p>\n<p>Seg\u00fan explic\u00f3 Milton Marcondes, coordinador del proyecto Ballena Yubarta, la mayor\u00eda de las ballenas muere en el mar y son llevadas por la corriente de las olas hasta la playa.<\/p>\n<\/div>\n<\/div>\n<\/div>\n<\/div>\n<p>Fuente:\u00a0https:\/\/www.lagranepoca.com\/medio-ambiente\/209815-desconcierto-en-brasil-aparece-una-enorme-ballena-muerta-en-una-playa-de-rio-de-janeiro.html<\/p>\n","protected":false},"excerpt":{"rendered":"<p>Brasil.-El mi\u00e9rcoles 15 de noviembre quienes recorr\u00edan la playa de Ipanema en R\u00edo de Janeiro, Brasil, se sorprendieron al ver [&hellip;]<\/p>\n","protected":false},"author":2,"featured_media":38470,"comment_status":"open","ping_status":"open","sticky":false,"template":"","format":"standard","meta":{"site-sidebar-layout":"default","site-content-layout":"","ast-site-content-layout":"default","site-content-style":"default","site-sidebar-style":"default","ast-global-header-display":"","ast-banner-title-visibility":"","ast-main-header-display":"","ast-hfb-above-header-display":"","ast-hfb-below-header-display":"","ast-hfb-mobile-header-display":"","site-post-title":"","ast-breadcrumbs-content":"","ast-featured-img":"","footer-sml-layout":"","ast-disable-related-posts":"","theme-transparent-header-meta":"","adv-header-id-meta":"","stick-header-meta":"","header-above-stick-meta":"","header-main-stick-meta":"","header-below-stick-meta":"","astra-migrate-meta-layouts":"default","ast-page-background-enabled":"default","ast-page-background-meta":{"desktop":{"background-color":"var(--ast-global-color-5)","background-image":"","background-repeat":"repeat","background-position":"center center","background-size":"auto","background-attachment":"scroll","background-type":"","background-media":"","overlay-type":"","overlay-color":"","overlay-opacity":"","overlay-gradient":""},"tablet":{"background-color":"","background-image":"","background-repeat":"repeat","background-position":"center center","background-size":"auto","background-attachment":"scroll","background-type":"","background-media":"","overlay-type":"","overlay-color":"","overlay-opacity":"","overlay-gradient":""},"mobile":{"background-color":"","background-image":"","background-repeat":"repeat","background-position":"center center","background-size":"auto","background-attachment":"scroll","background-type":"","background-media":"","overlay-type":"","overlay-color":"","overlay-opacity":"","overlay-gradient":""}},"ast-content-background-meta":{"desktop":{"background-color":"var(--ast-global-color-4)","background-image":"","background-repeat":"repeat","background-position":"center center","background-size":"auto","background-attachment":"scroll","background-type":"","background-media":"","overlay-type":"","overlay-color":"","overlay-opacity":"","overlay-gradient":""},"tablet":{"background-color":"var(--ast-global-color-4)","background-image":"","background-repeat":"repeat","background-position":"center center","background-size":"auto","background-attachment":"scroll","background-type":"","background-media":"","overlay-type":"","overlay-color":"","overlay-opacity":"","overlay-gradient":""},"mobile":{"background-color":"var(--ast-global-color-4)","background-image":"","background-repeat":"repeat","background-position":"center center","background-size":"auto","background-attachment":"scroll","background-type":"","background-media":"","overlay-type":"","overlay-color":"","overlay-opacity":"","overlay-gradient":""}},"footnotes":""},"categories":[23,1],"tags":[],"class_list":["post-38469","post","type-post","status-publish","format-standard","has-post-thumbnail","hentry","category-internacionales","category-noticias"],"yoast_head":"<!-- This site is optimized with the Yoast SEO Premium plugin v23.0 (Yoast SEO v27.4) - https:\/\/yoast.com\/product\/yoast-seo-premium-wordpress\/ -->\n<title>Desconcierto en Brasil: aparece una enorme ballena muerta en una playa de R\u00edo de Janeiro<\/title>\n<meta name=\"robots\" content=\"index, follow, max-snippet:-1, max-image-preview:large, max-video-preview:-1\" \/>\n<link rel=\"canonical\" href=\"https:\/\/patagoniambiental.com.ar\/info\/desconcierto-en-brasil-aparece-una-enorme-ballena-muerta-en-una-playa-de-rio-de-janeiro\/\" \/>\n<meta property=\"og:locale\" content=\"es_ES\" \/>\n<meta property=\"og:type\" content=\"article\" \/>\n<meta property=\"og:title\" content=\"Desconcierto en Brasil: aparece una enorme ballena muerta en una playa de R\u00edo de Janeiro\" \/>\n<meta property=\"og:description\" content=\"Brasil.-El mi\u00e9rcoles 15 de noviembre quienes recorr\u00edan la playa de Ipanema en R\u00edo de Janeiro, Brasil, se sorprendieron al ver [&hellip;]\" \/>\n<meta property=\"og:url\" content=\"https:\/\/patagoniambiental.com.ar\/info\/desconcierto-en-brasil-aparece-una-enorme-ballena-muerta-en-una-playa-de-rio-de-janeiro\/\" \/>\n<meta property=\"og:site_name\" content=\"Patagonia Ambiental\" \/>\n<meta property=\"article:publisher\" content=\"https:\/\/www.facebook.com\/patagonia.ambiental\" \/>\n<meta property=\"article:author\" content=\"https:\/\/www.facebook.com\/share\/1C1V8Gv9BX\/?mibextid=qi2Omg\" \/>\n<meta property=\"article:published_time\" content=\"2017-11-18T22:00:17+00:00\" \/>\n<meta property=\"og:image\" content=\"https:\/\/patagoniambiental.com.ar\/info\/wp-content\/uploads\/2017\/11\/Sin-t\u00edtulo-10.jpg\" \/>\n\t<meta property=\"og:image:width\" content=\"607\" \/>\n\t<meta property=\"og:image:height\" content=\"399\" \/>\n\t<meta property=\"og:image:type\" content=\"image\/jpeg\" \/>\n<meta name=\"author\" content=\"Patagonia Ambiental\" \/>\n<meta name=\"twitter:card\" content=\"summary_large_image\" \/>\n<meta name=\"twitter:creator\" content=\"@PatAmb\" \/>\n<meta name=\"twitter:site\" content=\"@PatAmb\" \/>\n<script type=\"application\/ld+json\" class=\"yoast-schema-graph\">{\"@context\":\"https:\\\/\\\/schema.org\",\"@graph\":[{\"@type\":\"Article\",\"@id\":\"https:\\\/\\\/patagoniambiental.com.ar\\\/info\\\/desconcierto-en-brasil-aparece-una-enorme-ballena-muerta-en-una-playa-de-rio-de-janeiro\\\/#article\",\"isPartOf\":{\"@id\":\"https:\\\/\\\/patagoniambiental.com.ar\\\/info\\\/desconcierto-en-brasil-aparece-una-enorme-ballena-muerta-en-una-playa-de-rio-de-janeiro\\\/\"},\"author\":{\"name\":\"Patagonia Ambiental\",\"@id\":\"https:\\\/\\\/patagoniambiental.com.ar\\\/info\\\/#\\\/schema\\\/person\\\/db12bff64bbcbf6a253710bf0ea37b5d\"},\"headline\":\"Desconcierto en Brasil: aparece una enorme ballena muerta en una playa de R\u00edo de Janeiro\",\"datePublished\":\"2017-11-18T22:00:17+00:00\",\"mainEntityOfPage\":{\"@id\":\"https:\\\/\\\/patagoniambiental.com.ar\\\/info\\\/desconcierto-en-brasil-aparece-una-enorme-ballena-muerta-en-una-playa-de-rio-de-janeiro\\\/\"},\"wordCount\":436,\"commentCount\":0,\"publisher\":{\"@id\":\"https:\\\/\\\/patagoniambiental.com.ar\\\/info\\\/#organization\"},\"image\":{\"@id\":\"https:\\\/\\\/patagoniambiental.com.ar\\\/info\\\/desconcierto-en-brasil-aparece-una-enorme-ballena-muerta-en-una-playa-de-rio-de-janeiro\\\/#primaryimage\"},\"thumbnailUrl\":\"https:\\\/\\\/patagoniambiental.com.ar\\\/info\\\/wp-content\\\/uploads\\\/2017\\\/11\\\/Sin-t\u00edtulo-10.jpg\",\"articleSection\":[\"Internacionales\",\"Noticias\"],\"inLanguage\":\"es\",\"potentialAction\":[{\"@type\":\"CommentAction\",\"name\":\"Comment\",\"target\":[\"https:\\\/\\\/patagoniambiental.com.ar\\\/info\\\/desconcierto-en-brasil-aparece-una-enorme-ballena-muerta-en-una-playa-de-rio-de-janeiro\\\/#respond\"]}]},{\"@type\":\"WebPage\",\"@id\":\"https:\\\/\\\/patagoniambiental.com.ar\\\/info\\\/desconcierto-en-brasil-aparece-una-enorme-ballena-muerta-en-una-playa-de-rio-de-janeiro\\\/\",\"url\":\"https:\\\/\\\/patagoniambiental.com.ar\\\/info\\\/desconcierto-en-brasil-aparece-una-enorme-ballena-muerta-en-una-playa-de-rio-de-janeiro\\\/\",\"name\":\"Desconcierto en Brasil: aparece una enorme ballena muerta en una playa de R\u00edo de Janeiro\",\"isPartOf\":{\"@id\":\"https:\\\/\\\/patagoniambiental.com.ar\\\/info\\\/#website\"},\"primaryImageOfPage\":{\"@id\":\"https:\\\/\\\/patagoniambiental.com.ar\\\/info\\\/desconcierto-en-brasil-aparece-una-enorme-ballena-muerta-en-una-playa-de-rio-de-janeiro\\\/#primaryimage\"},\"image\":{\"@id\":\"https:\\\/\\\/patagoniambiental.com.ar\\\/info\\\/desconcierto-en-brasil-aparece-una-enorme-ballena-muerta-en-una-playa-de-rio-de-janeiro\\\/#primaryimage\"},\"thumbnailUrl\":\"https:\\\/\\\/patagoniambiental.com.ar\\\/info\\\/wp-content\\\/uploads\\\/2017\\\/11\\\/Sin-t\u00edtulo-10.jpg\",\"datePublished\":\"2017-11-18T22:00:17+00:00\",\"breadcrumb\":{\"@id\":\"https:\\\/\\\/patagoniambiental.com.ar\\\/info\\\/desconcierto-en-brasil-aparece-una-enorme-ballena-muerta-en-una-playa-de-rio-de-janeiro\\\/#breadcrumb\"},\"inLanguage\":\"es\",\"potentialAction\":[{\"@type\":\"ReadAction\",\"target\":[\"https:\\\/\\\/patagoniambiental.com.ar\\\/info\\\/desconcierto-en-brasil-aparece-una-enorme-ballena-muerta-en-una-playa-de-rio-de-janeiro\\\/\"]}]},{\"@type\":\"ImageObject\",\"inLanguage\":\"es\",\"@id\":\"https:\\\/\\\/patagoniambiental.com.ar\\\/info\\\/desconcierto-en-brasil-aparece-una-enorme-ballena-muerta-en-una-playa-de-rio-de-janeiro\\\/#primaryimage\",\"url\":\"https:\\\/\\\/patagoniambiental.com.ar\\\/info\\\/wp-content\\\/uploads\\\/2017\\\/11\\\/Sin-t\u00edtulo-10.jpg\",\"contentUrl\":\"https:\\\/\\\/patagoniambiental.com.ar\\\/info\\\/wp-content\\\/uploads\\\/2017\\\/11\\\/Sin-t\u00edtulo-10.jpg\",\"width\":607,\"height\":399},{\"@type\":\"BreadcrumbList\",\"@id\":\"https:\\\/\\\/patagoniambiental.com.ar\\\/info\\\/desconcierto-en-brasil-aparece-una-enorme-ballena-muerta-en-una-playa-de-rio-de-janeiro\\\/#breadcrumb\",\"itemListElement\":[{\"@type\":\"ListItem\",\"position\":1,\"name\":\"Inicio\",\"item\":\"https:\\\/\\\/patagoniambiental.com.ar\\\/info\\\/\"},{\"@type\":\"ListItem\",\"position\":2,\"name\":\"Desconcierto en Brasil: aparece una enorme ballena muerta en una playa de R\u00edo de Janeiro\"}]},{\"@type\":\"WebSite\",\"@id\":\"https:\\\/\\\/patagoniambiental.com.ar\\\/info\\\/#website\",\"url\":\"https:\\\/\\\/patagoniambiental.com.ar\\\/info\\\/\",\"name\":\"Patagonia Ambiental\",\"description\":\"Monitoreo y an\u00e1lisis de la situaci\u00f3n geopol\u00edtica en el mundo y su implicancia en la Patagonia\",\"publisher\":{\"@id\":\"https:\\\/\\\/patagoniambiental.com.ar\\\/info\\\/#organization\"},\"potentialAction\":[{\"@type\":\"SearchAction\",\"target\":{\"@type\":\"EntryPoint\",\"urlTemplate\":\"https:\\\/\\\/patagoniambiental.com.ar\\\/info\\\/?s={search_term_string}\"},\"query-input\":{\"@type\":\"PropertyValueSpecification\",\"valueRequired\":true,\"valueName\":\"search_term_string\"}}],\"inLanguage\":\"es\"},{\"@type\":\"Organization\",\"@id\":\"https:\\\/\\\/patagoniambiental.com.ar\\\/info\\\/#organization\",\"name\":\"Patagonia Ambiental\",\"url\":\"https:\\\/\\\/patagoniambiental.com.ar\\\/info\\\/\",\"logo\":{\"@type\":\"ImageObject\",\"inLanguage\":\"es\",\"@id\":\"https:\\\/\\\/patagoniambiental.com.ar\\\/info\\\/#\\\/schema\\\/logo\\\/image\\\/\",\"url\":\"https:\\\/\\\/patagoniambiental.com.ar\\\/info\\\/wp-content\\\/uploads\\\/2025\\\/05\\\/LOGO-PATAGONIA-AMBIENTAL.png\",\"contentUrl\":\"https:\\\/\\\/patagoniambiental.com.ar\\\/info\\\/wp-content\\\/uploads\\\/2025\\\/05\\\/LOGO-PATAGONIA-AMBIENTAL.png\",\"width\":433,\"height\":250,\"caption\":\"Patagonia Ambiental\"},\"image\":{\"@id\":\"https:\\\/\\\/patagoniambiental.com.ar\\\/info\\\/#\\\/schema\\\/logo\\\/image\\\/\"},\"sameAs\":[\"https:\\\/\\\/www.facebook.com\\\/patagonia.ambiental\",\"https:\\\/\\\/x.com\\\/PatAmb\"]},{\"@type\":\"Person\",\"@id\":\"https:\\\/\\\/patagoniambiental.com.ar\\\/info\\\/#\\\/schema\\\/person\\\/db12bff64bbcbf6a253710bf0ea37b5d\",\"name\":\"Patagonia Ambiental\",\"description\":\"Andr\u00e9s Nievas T\u00e9cnico en manejo ambiental, consultor Ambiental y escritor para medios locales e internacionales sobre temas de geopolitica y medio ambiente.\",\"sameAs\":[\"http:\\\/\\\/www.patagoniambiental.com.ar\",\"https:\\\/\\\/www.facebook.com\\\/share\\\/1C1V8Gv9BX\\\/?mibextid=qi2Omg\",\"@patagoniambiental\",\"https:\\\/\\\/youtube.com\\\/@patagoniaambiental2023?si=BLt58t0wuXquxlYZ\"]}]}<\/script>\n<!-- \/ Yoast SEO Premium plugin. -->","yoast_head_json":{"title":"Desconcierto en Brasil: aparece una enorme ballena muerta en una playa de R\u00edo de Janeiro","robots":{"index":"index","follow":"follow","max-snippet":"max-snippet:-1","max-image-preview":"max-image-preview:large","max-video-preview":"max-video-preview:-1"},"canonical":"https:\/\/patagoniambiental.com.ar\/info\/desconcierto-en-brasil-aparece-una-enorme-ballena-muerta-en-una-playa-de-rio-de-janeiro\/","og_locale":"es_ES","og_type":"article","og_title":"Desconcierto en Brasil: aparece una enorme ballena muerta en una playa de R\u00edo de Janeiro","og_description":"Brasil.-El mi\u00e9rcoles 15 de noviembre quienes recorr\u00edan la playa de Ipanema en R\u00edo de Janeiro, Brasil, se sorprendieron al ver [&hellip;]","og_url":"https:\/\/patagoniambiental.com.ar\/info\/desconcierto-en-brasil-aparece-una-enorme-ballena-muerta-en-una-playa-de-rio-de-janeiro\/","og_site_name":"Patagonia Ambiental","article_publisher":"https:\/\/www.facebook.com\/patagonia.ambiental","article_author":"https:\/\/www.facebook.com\/share\/1C1V8Gv9BX\/?mibextid=qi2Omg","article_published_time":"2017-11-18T22:00:17+00:00","og_image":[{"width":607,"height":399,"url":"https:\/\/patagoniambiental.com.ar\/info\/wp-content\/uploads\/2017\/11\/Sin-t\u00edtulo-10.jpg","type":"image\/jpeg"}],"author":"Patagonia Ambiental","twitter_card":"summary_large_image","twitter_creator":"@PatAmb","twitter_site":"@PatAmb","schema":{"@context":"https:\/\/schema.org","@graph":[{"@type":"Article","@id":"https:\/\/patagoniambiental.com.ar\/info\/desconcierto-en-brasil-aparece-una-enorme-ballena-muerta-en-una-playa-de-rio-de-janeiro\/#article","isPartOf":{"@id":"https:\/\/patagoniambiental.com.ar\/info\/desconcierto-en-brasil-aparece-una-enorme-ballena-muerta-en-una-playa-de-rio-de-janeiro\/"},"author":{"name":"Patagonia Ambiental","@id":"https:\/\/patagoniambiental.com.ar\/info\/#\/schema\/person\/db12bff64bbcbf6a253710bf0ea37b5d"},"headline":"Desconcierto en Brasil: aparece una enorme ballena muerta en una playa de R\u00edo de Janeiro","datePublished":"2017-11-18T22:00:17+00:00","mainEntityOfPage":{"@id":"https:\/\/patagoniambiental.com.ar\/info\/desconcierto-en-brasil-aparece-una-enorme-ballena-muerta-en-una-playa-de-rio-de-janeiro\/"},"wordCount":436,"commentCount":0,"publisher":{"@id":"https:\/\/patagoniambiental.com.ar\/info\/#organization"},"image":{"@id":"https:\/\/patagoniambiental.com.ar\/info\/desconcierto-en-brasil-aparece-una-enorme-ballena-muerta-en-una-playa-de-rio-de-janeiro\/#primaryimage"},"thumbnailUrl":"https:\/\/patagoniambiental.com.ar\/info\/wp-content\/uploads\/2017\/11\/Sin-t\u00edtulo-10.jpg","articleSection":["Internacionales","Noticias"],"inLanguage":"es","potentialAction":[{"@type":"CommentAction","name":"Comment","target":["https:\/\/patagoniambiental.com.ar\/info\/desconcierto-en-brasil-aparece-una-enorme-ballena-muerta-en-una-playa-de-rio-de-janeiro\/#respond"]}]},{"@type":"WebPage","@id":"https:\/\/patagoniambiental.com.ar\/info\/desconcierto-en-brasil-aparece-una-enorme-ballena-muerta-en-una-playa-de-rio-de-janeiro\/","url":"https:\/\/patagoniambiental.com.ar\/info\/desconcierto-en-brasil-aparece-una-enorme-ballena-muerta-en-una-playa-de-rio-de-janeiro\/","name":"Desconcierto en Brasil: aparece una enorme ballena muerta en una playa de R\u00edo de Janeiro","isPartOf":{"@id":"https:\/\/patagoniambiental.com.ar\/info\/#website"},"primaryImageOfPage":{"@id":"https:\/\/patagoniambiental.com.ar\/info\/desconcierto-en-brasil-aparece-una-enorme-ballena-muerta-en-una-playa-de-rio-de-janeiro\/#primaryimage"},"image":{"@id":"https:\/\/patagoniambiental.com.ar\/info\/desconcierto-en-brasil-aparece-una-enorme-ballena-muerta-en-una-playa-de-rio-de-janeiro\/#primaryimage"},"thumbnailUrl":"https:\/\/patagoniambiental.com.ar\/info\/wp-content\/uploads\/2017\/11\/Sin-t\u00edtulo-10.jpg","datePublished":"2017-11-18T22:00:17+00:00","breadcrumb":{"@id":"https:\/\/patagoniambiental.com.ar\/info\/desconcierto-en-brasil-aparece-una-enorme-ballena-muerta-en-una-playa-de-rio-de-janeiro\/#breadcrumb"},"inLanguage":"es","potentialAction":[{"@type":"ReadAction","target":["https:\/\/patagoniambiental.com.ar\/info\/desconcierto-en-brasil-aparece-una-enorme-ballena-muerta-en-una-playa-de-rio-de-janeiro\/"]}]},{"@type":"ImageObject","inLanguage":"es","@id":"https:\/\/patagoniambiental.com.ar\/info\/desconcierto-en-brasil-aparece-una-enorme-ballena-muerta-en-una-playa-de-rio-de-janeiro\/#primaryimage","url":"https:\/\/patagoniambiental.com.ar\/info\/wp-content\/uploads\/2017\/11\/Sin-t\u00edtulo-10.jpg","contentUrl":"https:\/\/patagoniambiental.com.ar\/info\/wp-content\/uploads\/2017\/11\/Sin-t\u00edtulo-10.jpg","width":607,"height":399},{"@type":"BreadcrumbList","@id":"https:\/\/patagoniambiental.com.ar\/info\/desconcierto-en-brasil-aparece-una-enorme-ballena-muerta-en-una-playa-de-rio-de-janeiro\/#breadcrumb","itemListElement":[{"@type":"ListItem","position":1,"name":"Inicio","item":"https:\/\/patagoniambiental.com.ar\/info\/"},{"@type":"ListItem","position":2,"name":"Desconcierto en Brasil: aparece una enorme ballena muerta en una playa de R\u00edo de Janeiro"}]},{"@type":"WebSite","@id":"https:\/\/patagoniambiental.com.ar\/info\/#website","url":"https:\/\/patagoniambiental.com.ar\/info\/","name":"Patagonia Ambiental","description":"Monitoreo y an\u00e1lisis de la situaci\u00f3n geopol\u00edtica en el mundo y su implicancia en la Patagonia","publisher":{"@id":"https:\/\/patagoniambiental.com.ar\/info\/#organization"},"potentialAction":[{"@type":"SearchAction","target":{"@type":"EntryPoint","urlTemplate":"https:\/\/patagoniambiental.com.ar\/info\/?s={search_term_string}"},"query-input":{"@type":"PropertyValueSpecification","valueRequired":true,"valueName":"search_term_string"}}],"inLanguage":"es"},{"@type":"Organization","@id":"https:\/\/patagoniambiental.com.ar\/info\/#organization","name":"Patagonia Ambiental","url":"https:\/\/patagoniambiental.com.ar\/info\/","logo":{"@type":"ImageObject","inLanguage":"es","@id":"https:\/\/patagoniambiental.com.ar\/info\/#\/schema\/logo\/image\/","url":"https:\/\/patagoniambiental.com.ar\/info\/wp-content\/uploads\/2025\/05\/LOGO-PATAGONIA-AMBIENTAL.png","contentUrl":"https:\/\/patagoniambiental.com.ar\/info\/wp-content\/uploads\/2025\/05\/LOGO-PATAGONIA-AMBIENTAL.png","width":433,"height":250,"caption":"Patagonia Ambiental"},"image":{"@id":"https:\/\/patagoniambiental.com.ar\/info\/#\/schema\/logo\/image\/"},"sameAs":["https:\/\/www.facebook.com\/patagonia.ambiental","https:\/\/x.com\/PatAmb"]},{"@type":"Person","@id":"https:\/\/patagoniambiental.com.ar\/info\/#\/schema\/person\/db12bff64bbcbf6a253710bf0ea37b5d","name":"Patagonia Ambiental","description":"Andr\u00e9s Nievas T\u00e9cnico en manejo ambiental, consultor Ambiental y escritor para medios locales e internacionales sobre temas de geopolitica y medio ambiente.","sameAs":["http:\/\/www.patagoniambiental.com.ar","https:\/\/www.facebook.com\/share\/1C1V8Gv9BX\/?mibextid=qi2Omg","@patagoniambiental","https:\/\/youtube.com\/@patagoniaambiental2023?si=BLt58t0wuXquxlYZ"]}]}},"_links":{"self":[{"href":"https:\/\/patagoniambiental.com.ar\/info\/wp-json\/wp\/v2\/posts\/38469","targetHints":{"allow":["GET"]}}],"collection":[{"href":"https:\/\/patagoniambiental.com.ar\/info\/wp-json\/wp\/v2\/posts"}],"about":[{"href":"https:\/\/patagoniambiental.com.ar\/info\/wp-json\/wp\/v2\/types\/post"}],"author":[{"embeddable":true,"href":"https:\/\/patagoniambiental.com.ar\/info\/wp-json\/wp\/v2\/users\/2"}],"replies":[{"embeddable":true,"href":"https:\/\/patagoniambiental.com.ar\/info\/wp-json\/wp\/v2\/comments?post=38469"}],"version-history":[{"count":0,"href":"https:\/\/patagoniambiental.com.ar\/info\/wp-json\/wp\/v2\/posts\/38469\/revisions"}],"wp:featuredmedia":[{"embeddable":true,"href":"https:\/\/patagoniambiental.com.ar\/info\/wp-json\/wp\/v2\/media\/38470"}],"wp:attachment":[{"href":"https:\/\/patagoniambiental.com.ar\/info\/wp-json\/wp\/v2\/media?parent=38469"}],"wp:term":[{"taxonomy":"category","embeddable":true,"href":"https:\/\/patagoniambiental.com.ar\/info\/wp-json\/wp\/v2\/categories?post=38469"},{"taxonomy":"post_tag","embeddable":true,"href":"https:\/\/patagoniambiental.com.ar\/info\/wp-json\/wp\/v2\/tags?post=38469"}],"curies":[{"name":"wp","href":"https:\/\/api.w.org\/{rel}","templated":true}]}}